{"id":170565,"date":"2017-07-02T09:31:33","date_gmt":"2017-07-02T12:31:33","guid":{"rendered":"http:\/\/quersaberpolitica.com.br\/2016\/?p=170565"},"modified":"2017-07-01T20:47:41","modified_gmt":"2017-07-01T23:47:41","slug":"bebe-e-atingido-por-bala-no-utero-da-mae-gestante-passou-por-cesariana-de-emergencia","status":"publish","type":"post","link":"https:\/\/blogdofarnesio.com.br\/?p=170565","title":{"rendered":"BEB\u00ca \u00c9 ATINGIDO POR BALA NO \u00daTERO DA M\u00c3E; GESTANTE PASSOU POR CESARIANA DE EMERG\u00caNCIA"},"content":{"rendered":"<div class=\"box-title\"><\/div>\n<div class=\"box-body\">\n<div class=\"text-center\">\n<div class=\"box-img\">\n<div class=\"img-legenda\">Foto: Shutterstock<\/div>\n<\/div>\n<\/div>\n<div class=\"text-descricao\">\n<p>Um mulher de 29 anos precisou ser submetida a uma cesariana de emerg\u00eancia na noite desta sexta-feira (30) depois que um tiro atingiu sua regi\u00e3o p\u00e9lvica e feriu o beb\u00ea que esperava h\u00e1 39 semanas. Claudineia dos Santos Melo continua internada no Hospital Municipal Dr. Moacyr do Carmo, em Duque de Caxias, na regi\u00e3o metropolitana do Rio. Em estado grave, o menino foi transferido para o Hospital Estadual Ad\u00e3o Pereira Nunes.<\/p>\n<p>Segundo a Ag\u00eancia Brasil, Claudineia chegou l\u00facida ao hospital e contou que foi atingida pelo disparo ao ir ao mercado e ser surpreendida por um tiroteio na localidade conhecida como Vila Leal, no centro do munic\u00edpio. As informa\u00e7\u00f5es foram divulgadas pela Secretaria Municipal de Sa\u00fade de Duque de Caxias. No \u00fatero da m\u00e3e, o beb\u00ea foi atingido por um tiro que atravessou o t\u00f3rax e feriu tamb\u00e9m uma das orelhas.<\/p>\n<p>Logo ap\u00f3s nascer, ele foi entubado e levado para Unidade de Terapia Intensiva, de onde foi transferido para o hospital estadual. De acordo com a secretaria de sa\u00fade, a transfer\u00eancia ocorreu para que o beb\u00ea recebesse acompanhamento de equipe m\u00e9dica de neurologia e outras especialidades.<\/p>\n<\/div>\n<\/div>\n","protected":false},"excerpt":{"rendered":"<p>Foto: Shutterstock Um mulher de 29 anos precisou ser submetida a uma cesariana de emerg\u00eancia na noite desta sexta-feira (30) depois que um tiro atingiu sua regi\u00e3o p\u00e9lvica e feriu o beb\u00ea que esperava h\u00e1 39 semanas. Claudineia dos Santos Melo continua internada no Hospital Municipal Dr. Moacyr do Carmo, em Duque de Caxias, na regi\u00e3o metropolitana do Rio. Em estado grave, o menino foi transferido para o Hospital Estadual Ad\u00e3o Pereira Nunes. Segundo a Ag\u00eancia Brasil, Claudineia chegou l\u00facida ao hospital e contou que foi atingida pelo disparo ao ir ao mercado e ser surpreendida por um tiroteio na localidade conhecida como Vila Leal, no centro do munic\u00edpio. As informa\u00e7\u00f5es foram divulgadas pela Secretaria Municipal de Sa\u00fade de Duque&hellip; <\/p>\n","protected":false},"author":1,"featured_media":170566,"comment_status":"open","ping_status":"open","sticky":false,"template":"","format":"standard","meta":{"_acf_changed":false,"footnotes":""},"categories":[9,4],"tags":[],"class_list":["post-170565","post","type-post","status-publish","format-standard","has-post-thumbnail","hentry","category-policia","category-saude"],"acf":[],"yoast_head":"<!-- This site is optimized with the Yoast SEO plugin v27.4 - https:\/\/yoast.com\/product\/yoast-seo-wordpress\/ -->\n<title>BEB\u00ca \u00c9 ATINGIDO POR BALA NO \u00daTERO DA M\u00c3E; GESTANTE PASSOU POR CESARIANA DE EMERG\u00caNCIA - Blog do Farn\u00e9sio<\/title>\n<meta name=\"robots\" content=\"index, follow, max-snippet:-1, max-image-preview:large, max-video-preview:-1\" \/>\n<link rel=\"canonical\" href=\"https:\/\/blogdofarnesio.com.br\/?p=170565\" \/>\n<meta property=\"og:locale\" content=\"pt_BR\" \/>\n<meta property=\"og:type\" content=\"article\" \/>\n<meta property=\"og:title\" content=\"BEB\u00ca \u00c9 ATINGIDO POR BALA NO \u00daTERO DA M\u00c3E; GESTANTE PASSOU POR CESARIANA DE EMERG\u00caNCIA - Blog do Farn\u00e9sio\" \/>\n<meta property=\"og:description\" content=\"Foto: Shutterstock Um mulher de 29 anos precisou ser submetida a uma cesariana de emerg\u00eancia na noite desta sexta-feira (30) depois que um tiro atingiu sua regi\u00e3o p\u00e9lvica e feriu o beb\u00ea que esperava h\u00e1 39 semanas. Claudineia dos Santos Melo continua internada no Hospital Municipal Dr. Moacyr do Carmo, em Duque de Caxias, na regi\u00e3o metropolitana do Rio. Em estado grave, o menino foi transferido para o Hospital Estadual Ad\u00e3o Pereira Nunes. Segundo a Ag\u00eancia Brasil, Claudineia chegou l\u00facida ao hospital e contou que foi atingida pelo disparo ao ir ao mercado e ser surpreendida por um tiroteio na localidade conhecida como Vila Leal, no centro do munic\u00edpio. As informa\u00e7\u00f5es foram divulgadas pela Secretaria Municipal de Sa\u00fade de Duque&hellip;\" \/>\n<meta property=\"og:url\" content=\"https:\/\/blogdofarnesio.com.br\/?p=170565\" \/>\n<meta property=\"og:site_name\" content=\"Blog do Farn\u00e9sio\" \/>\n<meta property=\"article:publisher\" content=\"https:\/\/www.facebook.com\/BlogQuerSaberPolitica\/\" \/>\n<meta property=\"article:published_time\" content=\"2017-07-02T12:31:33+00:00\" \/>\n<meta property=\"og:image\" content=\"https:\/\/blogdofarnesio.com.br\/wp-content\/uploads\/2017\/07\/blogqspsaudegravidez.jpg\" \/>\n\t<meta property=\"og:image:width\" content=\"380\" \/>\n\t<meta property=\"og:image:height\" content=\"280\" \/>\n\t<meta property=\"og:image:type\" content=\"image\/jpeg\" \/>\n<meta name=\"author\" content=\"Farn\u00e9sio\" \/>\n<meta name=\"twitter:card\" content=\"summary_large_image\" \/>\n<meta name=\"twitter:label1\" content=\"Escrito por\" \/>\n\t<meta name=\"twitter:data1\" content=\"Farn\u00e9sio\" \/>\n\t<meta name=\"twitter:label2\" content=\"Est. tempo de leitura\" \/>\n\t<meta name=\"twitter:data2\" content=\"1 minuto\" \/>\n<script type=\"application\/ld+json\" class=\"yoast-schema-graph\">{\"@context\":\"https:\\\/\\\/schema.org\",\"@graph\":[{\"@type\":\"Article\",\"@id\":\"https:\\\/\\\/blogdofarnesio.com.br\\\/?p=170565#article\",\"isPartOf\":{\"@id\":\"https:\\\/\\\/blogdofarnesio.com.br\\\/?p=170565\"},\"author\":{\"name\":\"Farn\u00e9sio\",\"@id\":\"https:\\\/\\\/blogdofarnesio.com.br\\\/#\\\/schema\\\/person\\\/301c4acf522bccbfdb45af95b5b906a1\"},\"headline\":\"BEB\u00ca \u00c9 ATINGIDO POR BALA NO \u00daTERO DA M\u00c3E; GESTANTE PASSOU POR CESARIANA DE EMERG\u00caNCIA\",\"datePublished\":\"2017-07-02T12:31:33+00:00\",\"mainEntityOfPage\":{\"@id\":\"https:\\\/\\\/blogdofarnesio.com.br\\\/?p=170565\"},\"wordCount\":218,\"commentCount\":0,\"publisher\":{\"@id\":\"https:\\\/\\\/blogdofarnesio.com.br\\\/#organization\"},\"image\":{\"@id\":\"https:\\\/\\\/blogdofarnesio.com.br\\\/?p=170565#primaryimage\"},\"thumbnailUrl\":\"https:\\\/\\\/blogdofarnesio.com.br\\\/wp-content\\\/uploads\\\/2017\\\/07\\\/blogqspsaudegravidez.jpg\",\"articleSection\":[\"Pol\u00edcia\",\"Sa\u00fade\"],\"inLanguage\":\"pt-BR\",\"potentialAction\":[{\"@type\":\"CommentAction\",\"name\":\"Comment\",\"target\":[\"https:\\\/\\\/blogdofarnesio.com.br\\\/?p=170565#respond\"]}]},{\"@type\":\"WebPage\",\"@id\":\"https:\\\/\\\/blogdofarnesio.com.br\\\/?p=170565\",\"url\":\"https:\\\/\\\/blogdofarnesio.com.br\\\/?p=170565\",\"name\":\"BEB\u00ca \u00c9 ATINGIDO POR BALA NO \u00daTERO DA M\u00c3E; GESTANTE PASSOU POR CESARIANA DE EMERG\u00caNCIA - Blog do Farn\u00e9sio\",\"isPartOf\":{\"@id\":\"https:\\\/\\\/blogdofarnesio.com.br\\\/#website\"},\"primaryImageOfPage\":{\"@id\":\"https:\\\/\\\/blogdofarnesio.com.br\\\/?p=170565#primaryimage\"},\"image\":{\"@id\":\"https:\\\/\\\/blogdofarnesio.com.br\\\/?p=170565#primaryimage\"},\"thumbnailUrl\":\"https:\\\/\\\/blogdofarnesio.com.br\\\/wp-content\\\/uploads\\\/2017\\\/07\\\/blogqspsaudegravidez.jpg\",\"datePublished\":\"2017-07-02T12:31:33+00:00\",\"breadcrumb\":{\"@id\":\"https:\\\/\\\/blogdofarnesio.com.br\\\/?p=170565#breadcrumb\"},\"inLanguage\":\"pt-BR\",\"potentialAction\":[{\"@type\":\"ReadAction\",\"target\":[\"https:\\\/\\\/blogdofarnesio.com.br\\\/?p=170565\"]}]},{\"@type\":\"ImageObject\",\"inLanguage\":\"pt-BR\",\"@id\":\"https:\\\/\\\/blogdofarnesio.com.br\\\/?p=170565#primaryimage\",\"url\":\"https:\\\/\\\/blogdofarnesio.com.br\\\/wp-content\\\/uploads\\\/2017\\\/07\\\/blogqspsaudegravidez.jpg\",\"contentUrl\":\"https:\\\/\\\/blogdofarnesio.com.br\\\/wp-content\\\/uploads\\\/2017\\\/07\\\/blogqspsaudegravidez.jpg\",\"width\":380,\"height\":280},{\"@type\":\"BreadcrumbList\",\"@id\":\"https:\\\/\\\/blogdofarnesio.com.br\\\/?p=170565#breadcrumb\",\"itemListElement\":[{\"@type\":\"ListItem\",\"position\":1,\"name\":\"In\u00edcio\",\"item\":\"https:\\\/\\\/blogdofarnesio.com.br\\\/\"},{\"@type\":\"ListItem\",\"position\":2,\"name\":\"BEB\u00ca \u00c9 ATINGIDO POR BALA NO \u00daTERO DA M\u00c3E; GESTANTE PASSOU POR CESARIANA DE EMERG\u00caNCIA\"}]},{\"@type\":\"WebSite\",\"@id\":\"https:\\\/\\\/blogdofarnesio.com.br\\\/#website\",\"url\":\"https:\\\/\\\/blogdofarnesio.com.br\\\/\",\"name\":\"Blog do Farn\u00e9sio\",\"description\":\"Quer Saber Pol\u00edtica?\",\"publisher\":{\"@id\":\"https:\\\/\\\/blogdofarnesio.com.br\\\/#organization\"},\"potentialAction\":[{\"@type\":\"SearchAction\",\"target\":{\"@type\":\"EntryPoint\",\"urlTemplate\":\"https:\\\/\\\/blogdofarnesio.com.br\\\/?s={search_term_string}\"},\"query-input\":{\"@type\":\"PropertyValueSpecification\",\"valueRequired\":true,\"valueName\":\"search_term_string\"}}],\"inLanguage\":\"pt-BR\"},{\"@type\":\"Organization\",\"@id\":\"https:\\\/\\\/blogdofarnesio.com.br\\\/#organization\",\"name\":\"Blog do Farn\u00e9sio\",\"url\":\"https:\\\/\\\/blogdofarnesio.com.br\\\/\",\"logo\":{\"@type\":\"ImageObject\",\"inLanguage\":\"pt-BR\",\"@id\":\"https:\\\/\\\/blogdofarnesio.com.br\\\/#\\\/schema\\\/logo\\\/image\\\/\",\"url\":\"https:\\\/\\\/blogdofarnesio.com.br\\\/wp-content\\\/uploads\\\/2026\\\/03\\\/cropped-logo_new-1.png\",\"contentUrl\":\"https:\\\/\\\/blogdofarnesio.com.br\\\/wp-content\\\/uploads\\\/2026\\\/03\\\/cropped-logo_new-1.png\",\"width\":881,\"height\":685,\"caption\":\"Blog do Farn\u00e9sio\"},\"image\":{\"@id\":\"https:\\\/\\\/blogdofarnesio.com.br\\\/#\\\/schema\\\/logo\\\/image\\\/\"},\"sameAs\":[\"https:\\\/\\\/www.facebook.com\\\/BlogQuerSaberPolitica\\\/\"]},{\"@type\":\"Person\",\"@id\":\"https:\\\/\\\/blogdofarnesio.com.br\\\/#\\\/schema\\\/person\\\/301c4acf522bccbfdb45af95b5b906a1\",\"name\":\"Farn\u00e9sio\",\"image\":{\"@type\":\"ImageObject\",\"inLanguage\":\"pt-BR\",\"@id\":\"https:\\\/\\\/secure.gravatar.com\\\/avatar\\\/df0c9a14567c056f8ad6876ba5bbd1e3e2c48023eb6807342fc4663adf549f38?s=96&d=mm&r=g\",\"url\":\"https:\\\/\\\/secure.gravatar.com\\\/avatar\\\/df0c9a14567c056f8ad6876ba5bbd1e3e2c48023eb6807342fc4663adf549f38?s=96&d=mm&r=g\",\"contentUrl\":\"https:\\\/\\\/secure.gravatar.com\\\/avatar\\\/df0c9a14567c056f8ad6876ba5bbd1e3e2c48023eb6807342fc4663adf549f38?s=96&d=mm&r=g\",\"caption\":\"Farn\u00e9sio\"},\"sameAs\":[\"https:\\\/\\\/quersaberpolitica.com.br\"],\"url\":\"https:\\\/\\\/blogdofarnesio.com.br\\\/?author=1\"}]}<\/script>\n<!-- \/ Yoast SEO plugin. -->","yoast_head_json":{"title":"BEB\u00ca \u00c9 ATINGIDO POR BALA NO \u00daTERO DA M\u00c3E; GESTANTE PASSOU POR CESARIANA DE EMERG\u00caNCIA - Blog do Farn\u00e9sio","robots":{"index":"index","follow":"follow","max-snippet":"max-snippet:-1","max-image-preview":"max-image-preview:large","max-video-preview":"max-video-preview:-1"},"canonical":"https:\/\/blogdofarnesio.com.br\/?p=170565","og_locale":"pt_BR","og_type":"article","og_title":"BEB\u00ca \u00c9 ATINGIDO POR BALA NO \u00daTERO DA M\u00c3E; GESTANTE PASSOU POR CESARIANA DE EMERG\u00caNCIA - Blog do Farn\u00e9sio","og_description":"Foto: Shutterstock Um mulher de 29 anos precisou ser submetida a uma cesariana de emerg\u00eancia na noite desta sexta-feira (30) depois que um tiro atingiu sua regi\u00e3o p\u00e9lvica e feriu o beb\u00ea que esperava h\u00e1 39 semanas. Claudineia dos Santos Melo continua internada no Hospital Municipal Dr. Moacyr do Carmo, em Duque de Caxias, na regi\u00e3o metropolitana do Rio. Em estado grave, o menino foi transferido para o Hospital Estadual Ad\u00e3o Pereira Nunes. Segundo a Ag\u00eancia Brasil, Claudineia chegou l\u00facida ao hospital e contou que foi atingida pelo disparo ao ir ao mercado e ser surpreendida por um tiroteio na localidade conhecida como Vila Leal, no centro do munic\u00edpio. As informa\u00e7\u00f5es foram divulgadas pela Secretaria Municipal de Sa\u00fade de Duque&hellip;","og_url":"https:\/\/blogdofarnesio.com.br\/?p=170565","og_site_name":"Blog do Farn\u00e9sio","article_publisher":"https:\/\/www.facebook.com\/BlogQuerSaberPolitica\/","article_published_time":"2017-07-02T12:31:33+00:00","og_image":[{"width":380,"height":280,"url":"https:\/\/blogdofarnesio.com.br\/wp-content\/uploads\/2017\/07\/blogqspsaudegravidez.jpg","type":"image\/jpeg"}],"author":"Farn\u00e9sio","twitter_card":"summary_large_image","twitter_misc":{"Escrito por":"Farn\u00e9sio","Est. tempo de leitura":"1 minuto"},"schema":{"@context":"https:\/\/schema.org","@graph":[{"@type":"Article","@id":"https:\/\/blogdofarnesio.com.br\/?p=170565#article","isPartOf":{"@id":"https:\/\/blogdofarnesio.com.br\/?p=170565"},"author":{"name":"Farn\u00e9sio","@id":"https:\/\/blogdofarnesio.com.br\/#\/schema\/person\/301c4acf522bccbfdb45af95b5b906a1"},"headline":"BEB\u00ca \u00c9 ATINGIDO POR BALA NO \u00daTERO DA M\u00c3E; GESTANTE PASSOU POR CESARIANA DE EMERG\u00caNCIA","datePublished":"2017-07-02T12:31:33+00:00","mainEntityOfPage":{"@id":"https:\/\/blogdofarnesio.com.br\/?p=170565"},"wordCount":218,"commentCount":0,"publisher":{"@id":"https:\/\/blogdofarnesio.com.br\/#organization"},"image":{"@id":"https:\/\/blogdofarnesio.com.br\/?p=170565#primaryimage"},"thumbnailUrl":"https:\/\/blogdofarnesio.com.br\/wp-content\/uploads\/2017\/07\/blogqspsaudegravidez.jpg","articleSection":["Pol\u00edcia","Sa\u00fade"],"inLanguage":"pt-BR","potentialAction":[{"@type":"CommentAction","name":"Comment","target":["https:\/\/blogdofarnesio.com.br\/?p=170565#respond"]}]},{"@type":"WebPage","@id":"https:\/\/blogdofarnesio.com.br\/?p=170565","url":"https:\/\/blogdofarnesio.com.br\/?p=170565","name":"BEB\u00ca \u00c9 ATINGIDO POR BALA NO \u00daTERO DA M\u00c3E; GESTANTE PASSOU POR CESARIANA DE EMERG\u00caNCIA - Blog do Farn\u00e9sio","isPartOf":{"@id":"https:\/\/blogdofarnesio.com.br\/#website"},"primaryImageOfPage":{"@id":"https:\/\/blogdofarnesio.com.br\/?p=170565#primaryimage"},"image":{"@id":"https:\/\/blogdofarnesio.com.br\/?p=170565#primaryimage"},"thumbnailUrl":"https:\/\/blogdofarnesio.com.br\/wp-content\/uploads\/2017\/07\/blogqspsaudegravidez.jpg","datePublished":"2017-07-02T12:31:33+00:00","breadcrumb":{"@id":"https:\/\/blogdofarnesio.com.br\/?p=170565#breadcrumb"},"inLanguage":"pt-BR","potentialAction":[{"@type":"ReadAction","target":["https:\/\/blogdofarnesio.com.br\/?p=170565"]}]},{"@type":"ImageObject","inLanguage":"pt-BR","@id":"https:\/\/blogdofarnesio.com.br\/?p=170565#primaryimage","url":"https:\/\/blogdofarnesio.com.br\/wp-content\/uploads\/2017\/07\/blogqspsaudegravidez.jpg","contentUrl":"https:\/\/blogdofarnesio.com.br\/wp-content\/uploads\/2017\/07\/blogqspsaudegravidez.jpg","width":380,"height":280},{"@type":"BreadcrumbList","@id":"https:\/\/blogdofarnesio.com.br\/?p=170565#breadcrumb","itemListElement":[{"@type":"ListItem","position":1,"name":"In\u00edcio","item":"https:\/\/blogdofarnesio.com.br\/"},{"@type":"ListItem","position":2,"name":"BEB\u00ca \u00c9 ATINGIDO POR BALA NO \u00daTERO DA M\u00c3E; GESTANTE PASSOU POR CESARIANA DE EMERG\u00caNCIA"}]},{"@type":"WebSite","@id":"https:\/\/blogdofarnesio.com.br\/#website","url":"https:\/\/blogdofarnesio.com.br\/","name":"Blog do Farn\u00e9sio","description":"Quer Saber Pol\u00edtica?","publisher":{"@id":"https:\/\/blogdofarnesio.com.br\/#organization"},"potentialAction":[{"@type":"SearchAction","target":{"@type":"EntryPoint","urlTemplate":"https:\/\/blogdofarnesio.com.br\/?s={search_term_string}"},"query-input":{"@type":"PropertyValueSpecification","valueRequired":true,"valueName":"search_term_string"}}],"inLanguage":"pt-BR"},{"@type":"Organization","@id":"https:\/\/blogdofarnesio.com.br\/#organization","name":"Blog do Farn\u00e9sio","url":"https:\/\/blogdofarnesio.com.br\/","logo":{"@type":"ImageObject","inLanguage":"pt-BR","@id":"https:\/\/blogdofarnesio.com.br\/#\/schema\/logo\/image\/","url":"https:\/\/blogdofarnesio.com.br\/wp-content\/uploads\/2026\/03\/cropped-logo_new-1.png","contentUrl":"https:\/\/blogdofarnesio.com.br\/wp-content\/uploads\/2026\/03\/cropped-logo_new-1.png","width":881,"height":685,"caption":"Blog do Farn\u00e9sio"},"image":{"@id":"https:\/\/blogdofarnesio.com.br\/#\/schema\/logo\/image\/"},"sameAs":["https:\/\/www.facebook.com\/BlogQuerSaberPolitica\/"]},{"@type":"Person","@id":"https:\/\/blogdofarnesio.com.br\/#\/schema\/person\/301c4acf522bccbfdb45af95b5b906a1","name":"Farn\u00e9sio","image":{"@type":"ImageObject","inLanguage":"pt-BR","@id":"https:\/\/secure.gravatar.com\/avatar\/df0c9a14567c056f8ad6876ba5bbd1e3e2c48023eb6807342fc4663adf549f38?s=96&d=mm&r=g","url":"https:\/\/secure.gravatar.com\/avatar\/df0c9a14567c056f8ad6876ba5bbd1e3e2c48023eb6807342fc4663adf549f38?s=96&d=mm&r=g","contentUrl":"https:\/\/secure.gravatar.com\/avatar\/df0c9a14567c056f8ad6876ba5bbd1e3e2c48023eb6807342fc4663adf549f38?s=96&d=mm&r=g","caption":"Farn\u00e9sio"},"sameAs":["https:\/\/quersaberpolitica.com.br"],"url":"https:\/\/blogdofarnesio.com.br\/?author=1"}]}},"_links":{"self":[{"href":"https:\/\/blogdofarnesio.com.br\/index.php?rest_route=\/wp\/v2\/posts\/170565","targetHints":{"allow":["GET"]}}],"collection":[{"href":"https:\/\/blogdofarnesio.com.br\/index.php?rest_route=\/wp\/v2\/posts"}],"about":[{"href":"https:\/\/blogdofarnesio.com.br\/index.php?rest_route=\/wp\/v2\/types\/post"}],"author":[{"embeddable":true,"href":"https:\/\/blogdofarnesio.com.br\/index.php?rest_route=\/wp\/v2\/users\/1"}],"replies":[{"embeddable":true,"href":"https:\/\/blogdofarnesio.com.br\/index.php?rest_route=%2Fwp%2Fv2%2Fcomments&post=170565"}],"version-history":[{"count":0,"href":"https:\/\/blogdofarnesio.com.br\/index.php?rest_route=\/wp\/v2\/posts\/170565\/revisions"}],"wp:featuredmedia":[{"embeddable":true,"href":"https:\/\/blogdofarnesio.com.br\/index.php?rest_route=\/wp\/v2\/media\/170566"}],"wp:attachment":[{"href":"https:\/\/blogdofarnesio.com.br\/index.php?rest_route=%2Fwp%2Fv2%2Fmedia&parent=170565"}],"wp:term":[{"taxonomy":"category","embeddable":true,"href":"https:\/\/blogdofarnesio.com.br\/index.php?rest_route=%2Fwp%2Fv2%2Fcategories&post=170565"},{"taxonomy":"post_tag","embeddable":true,"href":"https:\/\/blogdofarnesio.com.br\/index.php?rest_route=%2Fwp%2Fv2%2Ftags&post=170565"}],"curies":[{"name":"wp","href":"https:\/\/api.w.org\/{rel}","templated":true}]}}