{"id":170476,"date":"2017-06-30T15:00:04","date_gmt":"2017-06-30T18:00:04","guid":{"rendered":"http:\/\/quersaberpolitica.com.br\/2016\/?p=170476"},"modified":"2017-06-30T12:38:25","modified_gmt":"2017-06-30T15:38:25","slug":"confira-o-resultado-da-prova-objetiva-para-cargos-temporarios-do-saaejuazeiro","status":"publish","type":"post","link":"https:\/\/blogdofarnesio.com.br\/2017\/06\/confira-o-resultado-da-prova-objetiva-para-cargos-temporarios-do-saaejuazeiro\/","title":{"rendered":"CONFIRA O RESULTADO DA PROVA OBJETIVA PARA CARGOS TEMPOR\u00c1RIOS DO SAAE\/JUAZEIRO"},"content":{"rendered":"<p style=\"text-align: justify;\">Os candidatos que fizeram a prova objetiva para o preenchimento de vagas\u00a0tempor\u00e1rias no Servi\u00e7o de \u00c1gua e Saneamento Ambiental &#8211; SAAE,\u00a0atrav\u00e9s do processo seletivo, j\u00e1 podem conferir o resultado no Di\u00e1rio<br \/>\nOficial do Munic\u00edpio ou no endere\u00e7o eletr\u00f4nico\u00a0<a href=\"http:\/\/www.saaejuazeiro.com.br\/\" target=\"_blank\" rel=\"noreferrer noopener\" data-saferedirecturl=\"https:\/\/www.google.com\/url?hl=pt-BR&amp;q=http:\/\/www.saaejuazeiro.com.br&amp;source=gmail&amp;ust=1498919562770000&amp;usg=AFQjCNEYOwy_C794Kqz0y2xFyrApReDhTw\">www.saaejuazeiro.com.br<\/a>. De acordo com a coordena\u00e7\u00e3o do processo,\u00a0mais de 1200 pessoas se inscreveram para concorrer nos tr\u00eas n\u00edveis de\u00a0escolaridade.<\/p>\n<p>O Edital 10\/2017 publicado ontem (29) tr\u00e1s todas as informa\u00e7\u00f5es e\u00a0convoca os classificados para a segunda etapa do processo seletivo a\u00a0apresentar a documenta\u00e7\u00e3o comprobat\u00f3ria para a contagem de tempo por\u00a0experi\u00eancia, no per\u00edodo de 3 a 5\/07\/2017, das 9h \u00e0s 11h30 e das 14h \u00e0s 17h, na EGESP &#8211; Escola de Gest\u00e3o P\u00fablica de Juazeiro, localizada\u00a0na Orla 2, s\/n (antigo pr\u00e9dio do IFBA).\u00a0 Posteriormente o SAAE estar\u00e1\u00a0divulgando novo edital com o local, data e hor\u00e1rio das provas\u00a0pr\u00e1ticas.<br \/>\nLinks:<br \/>\n<a href=\"http:\/\/www.saaejuazeiro.com.br\/\" target=\"_blank\" rel=\"noreferrer noopener\" data-saferedirecturl=\"https:\/\/www.google.com\/url?hl=pt-BR&amp;q=http:\/\/www.saaejuazeiro.com.br&amp;source=gmail&amp;ust=1498919562770000&amp;usg=AFQjCNEYOwy_C794Kqz0y2xFyrApReDhTw\">http:\/\/www.saaejuazeiro.com.br<\/a><\/p>\n","protected":false},"excerpt":{"rendered":"<p>Os candidatos que fizeram a prova objetiva para o preenchimento de vagas\u00a0tempor\u00e1rias no Servi\u00e7o de \u00c1gua e Saneamento Ambiental &#8211; SAAE,\u00a0atrav\u00e9s do processo seletivo, j\u00e1 podem conferir o resultado no Di\u00e1rio Oficial do Munic\u00edpio ou no endere\u00e7o eletr\u00f4nico\u00a0www.saaejuazeiro.com.br. De acordo com a coordena\u00e7\u00e3o do processo,\u00a0mais de 1200 pessoas se inscreveram para concorrer nos tr\u00eas n\u00edveis de\u00a0escolaridade. O Edital 10\/2017 publicado ontem (29) tr\u00e1s todas as informa\u00e7\u00f5es e\u00a0convoca os classificados para a segunda etapa do processo seletivo a\u00a0apresentar a documenta\u00e7\u00e3o comprobat\u00f3ria para a contagem de tempo por\u00a0experi\u00eancia, no per\u00edodo de 3 a 5\/07\/2017, das 9h \u00e0s 11h30 e das 14h \u00e0s 17h, na EGESP &#8211; Escola de Gest\u00e3o P\u00fablica de Juazeiro, localizada\u00a0na Orla 2, s\/n (antigo pr\u00e9dio do IFBA).\u00a0 Posteriormente o&hellip; <\/p>\n","protected":false},"author":1,"featured_media":0,"comment_status":"open","ping_status":"open","sticky":false,"template":"","format":"standard","meta":{"_acf_changed":false,"footnotes":""},"categories":[44],"tags":[],"class_list":["post-170476","post","type-post","status-publish","format-standard","hentry","category-administracao"],"acf":[],"yoast_head":"<!-- This site is optimized with the Yoast SEO plugin v27.5 - https:\/\/yoast.com\/product\/yoast-seo-wordpress\/ -->\n<title>CONFIRA O RESULTADO DA PROVA OBJETIVA PARA CARGOS TEMPOR\u00c1RIOS DO SAAE\/JUAZEIRO - Blog do Farn\u00e9sio<\/title>\n<meta name=\"robots\" content=\"index, follow, max-snippet:-1, max-image-preview:large, max-video-preview:-1\" \/>\n<link rel=\"canonical\" href=\"https:\/\/blogdofarnesio.com.br\/2017\/06\/confira-o-resultado-da-prova-objetiva-para-cargos-temporarios-do-saaejuazeiro\/\" \/>\n<meta property=\"og:locale\" content=\"pt_BR\" \/>\n<meta property=\"og:type\" content=\"article\" \/>\n<meta property=\"og:title\" content=\"CONFIRA O RESULTADO DA PROVA OBJETIVA PARA CARGOS TEMPOR\u00c1RIOS DO SAAE\/JUAZEIRO - Blog do Farn\u00e9sio\" \/>\n<meta property=\"og:description\" content=\"Os candidatos que fizeram a prova objetiva para o preenchimento de vagas\u00a0tempor\u00e1rias no Servi\u00e7o de \u00c1gua e Saneamento Ambiental &#8211; SAAE,\u00a0atrav\u00e9s do processo seletivo, j\u00e1 podem conferir o resultado no Di\u00e1rio Oficial do Munic\u00edpio ou no endere\u00e7o eletr\u00f4nico\u00a0www.saaejuazeiro.com.br. De acordo com a coordena\u00e7\u00e3o do processo,\u00a0mais de 1200 pessoas se inscreveram para concorrer nos tr\u00eas n\u00edveis de\u00a0escolaridade. O Edital 10\/2017 publicado ontem (29) tr\u00e1s todas as informa\u00e7\u00f5es e\u00a0convoca os classificados para a segunda etapa do processo seletivo a\u00a0apresentar a documenta\u00e7\u00e3o comprobat\u00f3ria para a contagem de tempo por\u00a0experi\u00eancia, no per\u00edodo de 3 a 5\/07\/2017, das 9h \u00e0s 11h30 e das 14h \u00e0s 17h, na EGESP &#8211; Escola de Gest\u00e3o P\u00fablica de Juazeiro, localizada\u00a0na Orla 2, s\/n (antigo pr\u00e9dio do IFBA).\u00a0 Posteriormente o&hellip;\" \/>\n<meta property=\"og:url\" content=\"https:\/\/blogdofarnesio.com.br\/2017\/06\/confira-o-resultado-da-prova-objetiva-para-cargos-temporarios-do-saaejuazeiro\/\" \/>\n<meta property=\"og:site_name\" content=\"Blog do Farn\u00e9sio\" \/>\n<meta property=\"article:publisher\" content=\"https:\/\/www.facebook.com\/BlogQuerSaberPolitica\/\" \/>\n<meta property=\"article:published_time\" content=\"2017-06-30T18:00:04+00:00\" \/>\n<meta name=\"author\" content=\"Farn\u00e9sio\" \/>\n<meta name=\"twitter:card\" content=\"summary_large_image\" \/>\n<meta name=\"twitter:label1\" content=\"Escrito por\" \/>\n\t<meta name=\"twitter:data1\" content=\"Farn\u00e9sio\" \/>\n\t<meta name=\"twitter:label2\" content=\"Est. tempo de leitura\" \/>\n\t<meta name=\"twitter:data2\" content=\"1 minuto\" \/>\n<script type=\"application\/ld+json\" class=\"yoast-schema-graph\">{\"@context\":\"https:\\\/\\\/schema.org\",\"@graph\":[{\"@type\":\"Article\",\"@id\":\"https:\\\/\\\/blogdofarnesio.com.br\\\/2017\\\/06\\\/confira-o-resultado-da-prova-objetiva-para-cargos-temporarios-do-saaejuazeiro\\\/#article\",\"isPartOf\":{\"@id\":\"https:\\\/\\\/blogdofarnesio.com.br\\\/2017\\\/06\\\/confira-o-resultado-da-prova-objetiva-para-cargos-temporarios-do-saaejuazeiro\\\/\"},\"author\":{\"name\":\"Farn\u00e9sio\",\"@id\":\"https:\\\/\\\/blogdofarnesio.com.br\\\/#\\\/schema\\\/person\\\/301c4acf522bccbfdb45af95b5b906a1\"},\"headline\":\"CONFIRA O RESULTADO DA PROVA OBJETIVA PARA CARGOS TEMPOR\u00c1RIOS DO SAAE\\\/JUAZEIRO\",\"datePublished\":\"2017-06-30T18:00:04+00:00\",\"mainEntityOfPage\":{\"@id\":\"https:\\\/\\\/blogdofarnesio.com.br\\\/2017\\\/06\\\/confira-o-resultado-da-prova-objetiva-para-cargos-temporarios-do-saaejuazeiro\\\/\"},\"wordCount\":181,\"commentCount\":0,\"publisher\":{\"@id\":\"https:\\\/\\\/blogdofarnesio.com.br\\\/#organization\"},\"articleSection\":[\"Administra\u00e7\u00e3o\"],\"inLanguage\":\"pt-BR\",\"potentialAction\":[{\"@type\":\"CommentAction\",\"name\":\"Comment\",\"target\":[\"https:\\\/\\\/blogdofarnesio.com.br\\\/2017\\\/06\\\/confira-o-resultado-da-prova-objetiva-para-cargos-temporarios-do-saaejuazeiro\\\/#respond\"]}]},{\"@type\":\"WebPage\",\"@id\":\"https:\\\/\\\/blogdofarnesio.com.br\\\/2017\\\/06\\\/confira-o-resultado-da-prova-objetiva-para-cargos-temporarios-do-saaejuazeiro\\\/\",\"url\":\"https:\\\/\\\/blogdofarnesio.com.br\\\/2017\\\/06\\\/confira-o-resultado-da-prova-objetiva-para-cargos-temporarios-do-saaejuazeiro\\\/\",\"name\":\"CONFIRA O RESULTADO DA PROVA OBJETIVA PARA CARGOS TEMPOR\u00c1RIOS DO SAAE\\\/JUAZEIRO - Blog do Farn\u00e9sio\",\"isPartOf\":{\"@id\":\"https:\\\/\\\/blogdofarnesio.com.br\\\/#website\"},\"datePublished\":\"2017-06-30T18:00:04+00:00\",\"breadcrumb\":{\"@id\":\"https:\\\/\\\/blogdofarnesio.com.br\\\/2017\\\/06\\\/confira-o-resultado-da-prova-objetiva-para-cargos-temporarios-do-saaejuazeiro\\\/#breadcrumb\"},\"inLanguage\":\"pt-BR\",\"potentialAction\":[{\"@type\":\"ReadAction\",\"target\":[\"https:\\\/\\\/blogdofarnesio.com.br\\\/2017\\\/06\\\/confira-o-resultado-da-prova-objetiva-para-cargos-temporarios-do-saaejuazeiro\\\/\"]}]},{\"@type\":\"BreadcrumbList\",\"@id\":\"https:\\\/\\\/blogdofarnesio.com.br\\\/2017\\\/06\\\/confira-o-resultado-da-prova-objetiva-para-cargos-temporarios-do-saaejuazeiro\\\/#breadcrumb\",\"itemListElement\":[{\"@type\":\"ListItem\",\"position\":1,\"name\":\"In\u00edcio\",\"item\":\"https:\\\/\\\/blogdofarnesio.com.br\\\/\"},{\"@type\":\"ListItem\",\"position\":2,\"name\":\"CONFIRA O RESULTADO DA PROVA OBJETIVA PARA CARGOS TEMPOR\u00c1RIOS DO SAAE\\\/JUAZEIRO\"}]},{\"@type\":\"WebSite\",\"@id\":\"https:\\\/\\\/blogdofarnesio.com.br\\\/#website\",\"url\":\"https:\\\/\\\/blogdofarnesio.com.br\\\/\",\"name\":\"Blog do Farn\u00e9sio\",\"description\":\"Quer Saber Pol\u00edtica?\",\"publisher\":{\"@id\":\"https:\\\/\\\/blogdofarnesio.com.br\\\/#organization\"},\"potentialAction\":[{\"@type\":\"SearchAction\",\"target\":{\"@type\":\"EntryPoint\",\"urlTemplate\":\"https:\\\/\\\/blogdofarnesio.com.br\\\/?s={search_term_string}\"},\"query-input\":{\"@type\":\"PropertyValueSpecification\",\"valueRequired\":true,\"valueName\":\"search_term_string\"}}],\"inLanguage\":\"pt-BR\"},{\"@type\":\"Organization\",\"@id\":\"https:\\\/\\\/blogdofarnesio.com.br\\\/#organization\",\"name\":\"Blog do Farn\u00e9sio\",\"url\":\"https:\\\/\\\/blogdofarnesio.com.br\\\/\",\"logo\":{\"@type\":\"ImageObject\",\"inLanguage\":\"pt-BR\",\"@id\":\"https:\\\/\\\/blogdofarnesio.com.br\\\/#\\\/schema\\\/logo\\\/image\\\/\",\"url\":\"https:\\\/\\\/blogdofarnesio.com.br\\\/wp-content\\\/uploads\\\/2026\\\/03\\\/cropped-logo_new-1.png\",\"contentUrl\":\"https:\\\/\\\/blogdofarnesio.com.br\\\/wp-content\\\/uploads\\\/2026\\\/03\\\/cropped-logo_new-1.png\",\"width\":881,\"height\":685,\"caption\":\"Blog do Farn\u00e9sio\"},\"image\":{\"@id\":\"https:\\\/\\\/blogdofarnesio.com.br\\\/#\\\/schema\\\/logo\\\/image\\\/\"},\"sameAs\":[\"https:\\\/\\\/www.facebook.com\\\/BlogQuerSaberPolitica\\\/\"]},{\"@type\":\"Person\",\"@id\":\"https:\\\/\\\/blogdofarnesio.com.br\\\/#\\\/schema\\\/person\\\/301c4acf522bccbfdb45af95b5b906a1\",\"name\":\"Farn\u00e9sio\",\"image\":{\"@type\":\"ImageObject\",\"inLanguage\":\"pt-BR\",\"@id\":\"https:\\\/\\\/secure.gravatar.com\\\/avatar\\\/df0c9a14567c056f8ad6876ba5bbd1e3e2c48023eb6807342fc4663adf549f38?s=96&d=mm&r=g\",\"url\":\"https:\\\/\\\/secure.gravatar.com\\\/avatar\\\/df0c9a14567c056f8ad6876ba5bbd1e3e2c48023eb6807342fc4663adf549f38?s=96&d=mm&r=g\",\"contentUrl\":\"https:\\\/\\\/secure.gravatar.com\\\/avatar\\\/df0c9a14567c056f8ad6876ba5bbd1e3e2c48023eb6807342fc4663adf549f38?s=96&d=mm&r=g\",\"caption\":\"Farn\u00e9sio\"},\"sameAs\":[\"https:\\\/\\\/quersaberpolitica.com.br\"],\"url\":\"https:\\\/\\\/blogdofarnesio.com.br\\\/author\\\/farnesio\\\/\"}]}<\/script>\n<!-- \/ Yoast SEO plugin. -->","yoast_head_json":{"title":"CONFIRA O RESULTADO DA PROVA OBJETIVA PARA CARGOS TEMPOR\u00c1RIOS DO SAAE\/JUAZEIRO - Blog do Farn\u00e9sio","robots":{"index":"index","follow":"follow","max-snippet":"max-snippet:-1","max-image-preview":"max-image-preview:large","max-video-preview":"max-video-preview:-1"},"canonical":"https:\/\/blogdofarnesio.com.br\/2017\/06\/confira-o-resultado-da-prova-objetiva-para-cargos-temporarios-do-saaejuazeiro\/","og_locale":"pt_BR","og_type":"article","og_title":"CONFIRA O RESULTADO DA PROVA OBJETIVA PARA CARGOS TEMPOR\u00c1RIOS DO SAAE\/JUAZEIRO - Blog do Farn\u00e9sio","og_description":"Os candidatos que fizeram a prova objetiva para o preenchimento de vagas\u00a0tempor\u00e1rias no Servi\u00e7o de \u00c1gua e Saneamento Ambiental &#8211; SAAE,\u00a0atrav\u00e9s do processo seletivo, j\u00e1 podem conferir o resultado no Di\u00e1rio Oficial do Munic\u00edpio ou no endere\u00e7o eletr\u00f4nico\u00a0www.saaejuazeiro.com.br. De acordo com a coordena\u00e7\u00e3o do processo,\u00a0mais de 1200 pessoas se inscreveram para concorrer nos tr\u00eas n\u00edveis de\u00a0escolaridade. O Edital 10\/2017 publicado ontem (29) tr\u00e1s todas as informa\u00e7\u00f5es e\u00a0convoca os classificados para a segunda etapa do processo seletivo a\u00a0apresentar a documenta\u00e7\u00e3o comprobat\u00f3ria para a contagem de tempo por\u00a0experi\u00eancia, no per\u00edodo de 3 a 5\/07\/2017, das 9h \u00e0s 11h30 e das 14h \u00e0s 17h, na EGESP &#8211; Escola de Gest\u00e3o P\u00fablica de Juazeiro, localizada\u00a0na Orla 2, s\/n (antigo pr\u00e9dio do IFBA).\u00a0 Posteriormente o&hellip;","og_url":"https:\/\/blogdofarnesio.com.br\/2017\/06\/confira-o-resultado-da-prova-objetiva-para-cargos-temporarios-do-saaejuazeiro\/","og_site_name":"Blog do Farn\u00e9sio","article_publisher":"https:\/\/www.facebook.com\/BlogQuerSaberPolitica\/","article_published_time":"2017-06-30T18:00:04+00:00","author":"Farn\u00e9sio","twitter_card":"summary_large_image","twitter_misc":{"Escrito por":"Farn\u00e9sio","Est. tempo de leitura":"1 minuto"},"schema":{"@context":"https:\/\/schema.org","@graph":[{"@type":"Article","@id":"https:\/\/blogdofarnesio.com.br\/2017\/06\/confira-o-resultado-da-prova-objetiva-para-cargos-temporarios-do-saaejuazeiro\/#article","isPartOf":{"@id":"https:\/\/blogdofarnesio.com.br\/2017\/06\/confira-o-resultado-da-prova-objetiva-para-cargos-temporarios-do-saaejuazeiro\/"},"author":{"name":"Farn\u00e9sio","@id":"https:\/\/blogdofarnesio.com.br\/#\/schema\/person\/301c4acf522bccbfdb45af95b5b906a1"},"headline":"CONFIRA O RESULTADO DA PROVA OBJETIVA PARA CARGOS TEMPOR\u00c1RIOS DO SAAE\/JUAZEIRO","datePublished":"2017-06-30T18:00:04+00:00","mainEntityOfPage":{"@id":"https:\/\/blogdofarnesio.com.br\/2017\/06\/confira-o-resultado-da-prova-objetiva-para-cargos-temporarios-do-saaejuazeiro\/"},"wordCount":181,"commentCount":0,"publisher":{"@id":"https:\/\/blogdofarnesio.com.br\/#organization"},"articleSection":["Administra\u00e7\u00e3o"],"inLanguage":"pt-BR","potentialAction":[{"@type":"CommentAction","name":"Comment","target":["https:\/\/blogdofarnesio.com.br\/2017\/06\/confira-o-resultado-da-prova-objetiva-para-cargos-temporarios-do-saaejuazeiro\/#respond"]}]},{"@type":"WebPage","@id":"https:\/\/blogdofarnesio.com.br\/2017\/06\/confira-o-resultado-da-prova-objetiva-para-cargos-temporarios-do-saaejuazeiro\/","url":"https:\/\/blogdofarnesio.com.br\/2017\/06\/confira-o-resultado-da-prova-objetiva-para-cargos-temporarios-do-saaejuazeiro\/","name":"CONFIRA O RESULTADO DA PROVA OBJETIVA PARA CARGOS TEMPOR\u00c1RIOS DO SAAE\/JUAZEIRO - Blog do Farn\u00e9sio","isPartOf":{"@id":"https:\/\/blogdofarnesio.com.br\/#website"},"datePublished":"2017-06-30T18:00:04+00:00","breadcrumb":{"@id":"https:\/\/blogdofarnesio.com.br\/2017\/06\/confira-o-resultado-da-prova-objetiva-para-cargos-temporarios-do-saaejuazeiro\/#breadcrumb"},"inLanguage":"pt-BR","potentialAction":[{"@type":"ReadAction","target":["https:\/\/blogdofarnesio.com.br\/2017\/06\/confira-o-resultado-da-prova-objetiva-para-cargos-temporarios-do-saaejuazeiro\/"]}]},{"@type":"BreadcrumbList","@id":"https:\/\/blogdofarnesio.com.br\/2017\/06\/confira-o-resultado-da-prova-objetiva-para-cargos-temporarios-do-saaejuazeiro\/#breadcrumb","itemListElement":[{"@type":"ListItem","position":1,"name":"In\u00edcio","item":"https:\/\/blogdofarnesio.com.br\/"},{"@type":"ListItem","position":2,"name":"CONFIRA O RESULTADO DA PROVA OBJETIVA PARA CARGOS TEMPOR\u00c1RIOS DO SAAE\/JUAZEIRO"}]},{"@type":"WebSite","@id":"https:\/\/blogdofarnesio.com.br\/#website","url":"https:\/\/blogdofarnesio.com.br\/","name":"Blog do Farn\u00e9sio","description":"Quer Saber Pol\u00edtica?","publisher":{"@id":"https:\/\/blogdofarnesio.com.br\/#organization"},"potentialAction":[{"@type":"SearchAction","target":{"@type":"EntryPoint","urlTemplate":"https:\/\/blogdofarnesio.com.br\/?s={search_term_string}"},"query-input":{"@type":"PropertyValueSpecification","valueRequired":true,"valueName":"search_term_string"}}],"inLanguage":"pt-BR"},{"@type":"Organization","@id":"https:\/\/blogdofarnesio.com.br\/#organization","name":"Blog do Farn\u00e9sio","url":"https:\/\/blogdofarnesio.com.br\/","logo":{"@type":"ImageObject","inLanguage":"pt-BR","@id":"https:\/\/blogdofarnesio.com.br\/#\/schema\/logo\/image\/","url":"https:\/\/blogdofarnesio.com.br\/wp-content\/uploads\/2026\/03\/cropped-logo_new-1.png","contentUrl":"https:\/\/blogdofarnesio.com.br\/wp-content\/uploads\/2026\/03\/cropped-logo_new-1.png","width":881,"height":685,"caption":"Blog do Farn\u00e9sio"},"image":{"@id":"https:\/\/blogdofarnesio.com.br\/#\/schema\/logo\/image\/"},"sameAs":["https:\/\/www.facebook.com\/BlogQuerSaberPolitica\/"]},{"@type":"Person","@id":"https:\/\/blogdofarnesio.com.br\/#\/schema\/person\/301c4acf522bccbfdb45af95b5b906a1","name":"Farn\u00e9sio","image":{"@type":"ImageObject","inLanguage":"pt-BR","@id":"https:\/\/secure.gravatar.com\/avatar\/df0c9a14567c056f8ad6876ba5bbd1e3e2c48023eb6807342fc4663adf549f38?s=96&d=mm&r=g","url":"https:\/\/secure.gravatar.com\/avatar\/df0c9a14567c056f8ad6876ba5bbd1e3e2c48023eb6807342fc4663adf549f38?s=96&d=mm&r=g","contentUrl":"https:\/\/secure.gravatar.com\/avatar\/df0c9a14567c056f8ad6876ba5bbd1e3e2c48023eb6807342fc4663adf549f38?s=96&d=mm&r=g","caption":"Farn\u00e9sio"},"sameAs":["https:\/\/quersaberpolitica.com.br"],"url":"https:\/\/blogdofarnesio.com.br\/author\/farnesio\/"}]}},"_links":{"self":[{"href":"https:\/\/blogdofarnesio.com.br\/wp-json\/wp\/v2\/posts\/170476","targetHints":{"allow":["GET"]}}],"collection":[{"href":"https:\/\/blogdofarnesio.com.br\/wp-json\/wp\/v2\/posts"}],"about":[{"href":"https:\/\/blogdofarnesio.com.br\/wp-json\/wp\/v2\/types\/post"}],"author":[{"embeddable":true,"href":"https:\/\/blogdofarnesio.com.br\/wp-json\/wp\/v2\/users\/1"}],"replies":[{"embeddable":true,"href":"https:\/\/blogdofarnesio.com.br\/wp-json\/wp\/v2\/comments?post=170476"}],"version-history":[{"count":0,"href":"https:\/\/blogdofarnesio.com.br\/wp-json\/wp\/v2\/posts\/170476\/revisions"}],"wp:attachment":[{"href":"https:\/\/blogdofarnesio.com.br\/wp-json\/wp\/v2\/media?parent=170476"}],"wp:term":[{"taxonomy":"category","embeddable":true,"href":"https:\/\/blogdofarnesio.com.br\/wp-json\/wp\/v2\/categories?post=170476"},{"taxonomy":"post_tag","embeddable":true,"href":"https:\/\/blogdofarnesio.com.br\/wp-json\/wp\/v2\/tags?post=170476"}],"curies":[{"name":"wp","href":"https:\/\/api.w.org\/{rel}","templated":true}]}}