{"id":170160,"date":"2017-06-27T12:30:02","date_gmt":"2017-06-27T15:30:02","guid":{"rendered":"http:\/\/quersaberpolitica.com.br\/2016\/?p=170160"},"modified":"2017-06-27T10:16:09","modified_gmt":"2017-06-27T13:16:09","slug":"pernambuco-tera-campos-contra-campos-em-2018","status":"publish","type":"post","link":"https:\/\/blogdofarnesio.com.br\/?p=170160","title":{"rendered":"PERNAMBUCO TER\u00c1 CAMPOS CONTRA CAMPOS EM 2018"},"content":{"rendered":"<p style=\"text-align: justify;\">O PSB adotou como t\u00e1tica n\u00e3o valorizar a sa\u00edda do advogado Ant\u00f4nio Campos dos quadros do partido e a filia\u00e7\u00e3o dele a uma das legendas que fazem oposi\u00e7\u00e3o ao governo de Paulo C\u00e2mara. Pode ser uma estrat\u00e9gia equivocada, pois n\u00e3o est\u00e1 em jogo nessa travessia a quantidade de votos que Ant\u00f4nio Campos eventualmente possa ter como candidato a deputado federal. E sim a carga simb\u00f3lica que ele representa como neto de Miguel Arraes e irm\u00e3o de Eduardo Campos, ambos ex-governadores. Ao deixar o governo, portanto, para engrossar as fileiras da oposi\u00e7\u00e3o, o advogado contribui para o fortalecimento da candidatura do senador Armando Monteiro ao governo estadual, o que n\u00e3o \u00e9 pouca coisa. Ser\u00e1 um \u201cCampos\u201d no palanque de Paulo C\u00e2mara (Jo\u00e3o, chefe de gabinete do governador) e outro (Ant\u00f4nio) no palanque do senador, que poder\u00e1 ter ainda um parente de Miguel Arraes (Mar\u00edlia, vereadora recifense) pedindo votos para ele.<\/p>\n<p style=\"text-align: justify;\"><strong>Opera\u00e7\u00e3o Fair Play<\/strong><br \/>\nSe, por um lado, a filia\u00e7\u00e3o de Ant\u00f4nio Campos ao \u201cPodemos\u201d fortalecer\u00e1 a candidatura de Armando Monteiro (PTB) a governador, por outro neutralizar\u00e1 a explora\u00e7\u00e3o que aliados do senador vinham fazendo da \u201cOpera\u00e7\u00e3o Fair Play\u201d, que investigou a compra do avi\u00e3o que se acidentou com Eduardo Campos em agosto de 2014.<br \/>\n<strong><br \/>\nContamina\u00e7\u00e3o :<\/strong> O ministro Bruno Ara\u00fajo (Cidades) encarou com tranquilidade o resultado da pesquisa do Datafolha que atribui ao governo Temer apenas 7% de aprova\u00e7\u00e3o. Lembra que aqui mesmo em Pernambuco h\u00e1 ex-ministros dos governos Lula\/Dilma (Humberto Costa e Fernando Bezerra Coelho) que n\u00e3o se contaminaram com o desgaste de ambos.<\/p>\n<p style=\"text-align: justify;\"><strong>Batalh\u00e3o : <\/strong>O ministro Raul Jungmann (Defesa) marcou um tento consider\u00e1vel ao deslocar militares de um Batalh\u00e3o de Engenharia do Ex\u00e9rcito para fazerem a limpeza e o alargamento do canal do Fragoso (Olinda). Isso, ali\u00e1s, deveria ser rotina do Ex\u00e9rcito: tirar seus homens dos quarteis para atuarem nesse tipo de obra. \u00c9 melhor do que deix\u00e1-los l\u00e1 sem atribui\u00e7\u00e3o alguma.<\/p>\n<p style=\"text-align: justify;\"><strong>Coro :<\/strong> Ricardo Ferra\u00e7o (ES) tornou-se o 1\u00ba senador do PSDB a defender o rompimento do partido com o governo Temer, como j\u00e1 fazem na C\u00e2mara os pernambucanos Betinho Gomes e Daniel Coelho.<\/p>\n<p style=\"text-align: justify;\"><strong>Contradi\u00e7\u00e3o : <\/strong>Lula, para alegria dos petistas, \u00e9 o candidato mais forte, hoje, \u00e0 sucess\u00e3o de Temer (30% das inten\u00e7\u00f5es de voto, segundo o Datafolha), e ao mesmo tempo o mais vulner\u00e1vel, pois 46% dos eleitores dizem que n\u00e3o votariam nele de jeito nenhum.<\/p>\n<p style=\"text-align: justify;\"><strong>Tropas : <\/strong>O TRE vai indeferir o pedido feito pela coliga\u00e7\u00e3o \u201cUnidos por Belo Jardim\u201d para que sejam requisitadas tropas federais para o munic\u00edpio, onde haver\u00e1 elei\u00e7\u00e3o para prefeito no pr\u00f3ximo domingo. \u00c9 tradi\u00e7\u00e3o na Justi\u00e7a Eleitoral s\u00f3 requisitar refor\u00e7o policial se a PM n\u00e3o tiver condi\u00e7\u00f5es de oferecer seguran\u00e7a \u00e0 popula\u00e7\u00e3o, o que n\u00e3o \u00e9 o caso.<\/p>\n<p style=\"text-align: justify;\">Com informa\u00e7\u00f5es da Folha de Pernambuco.<\/p>\n","protected":false},"excerpt":{"rendered":"<p>O PSB adotou como t\u00e1tica n\u00e3o valorizar a sa\u00edda do advogado Ant\u00f4nio Campos dos quadros do partido e a filia\u00e7\u00e3o dele a uma das legendas que fazem oposi\u00e7\u00e3o ao governo de Paulo C\u00e2mara. Pode ser uma estrat\u00e9gia equivocada, pois n\u00e3o est\u00e1 em jogo nessa travessia a quantidade de votos que Ant\u00f4nio Campos eventualmente possa ter como candidato a deputado federal. E sim a carga simb\u00f3lica que ele representa como neto de Miguel Arraes e irm\u00e3o de Eduardo Campos, ambos ex-governadores. Ao deixar o governo, portanto, para engrossar as fileiras da oposi\u00e7\u00e3o, o advogado contribui para o fortalecimento da candidatura do senador Armando Monteiro ao governo estadual, o que n\u00e3o \u00e9 pouca coisa. Ser\u00e1 um \u201cCampos\u201d no palanque de Paulo C\u00e2mara&hellip; <\/p>\n","protected":false},"author":1,"featured_media":170161,"comment_status":"open","ping_status":"open","sticky":false,"template":"","format":"standard","meta":{"_acf_changed":false,"footnotes":""},"categories":[1],"tags":[],"class_list":["post-170160","post","type-post","status-publish","format-standard","has-post-thumbnail","hentry","category-politica"],"acf":[],"yoast_head":"<!-- This site is optimized with the Yoast SEO plugin v27.4 - https:\/\/yoast.com\/product\/yoast-seo-wordpress\/ -->\n<title>PERNAMBUCO TER\u00c1 CAMPOS CONTRA CAMPOS EM 2018 - Blog do Farn\u00e9sio<\/title>\n<meta name=\"robots\" content=\"index, follow, max-snippet:-1, max-image-preview:large, max-video-preview:-1\" \/>\n<link rel=\"canonical\" href=\"https:\/\/blogdofarnesio.com.br\/?p=170160\" \/>\n<meta property=\"og:locale\" content=\"pt_BR\" \/>\n<meta property=\"og:type\" content=\"article\" \/>\n<meta property=\"og:title\" content=\"PERNAMBUCO TER\u00c1 CAMPOS CONTRA CAMPOS EM 2018 - Blog do Farn\u00e9sio\" \/>\n<meta property=\"og:description\" content=\"O PSB adotou como t\u00e1tica n\u00e3o valorizar a sa\u00edda do advogado Ant\u00f4nio Campos dos quadros do partido e a filia\u00e7\u00e3o dele a uma das legendas que fazem oposi\u00e7\u00e3o ao governo de Paulo C\u00e2mara. Pode ser uma estrat\u00e9gia equivocada, pois n\u00e3o est\u00e1 em jogo nessa travessia a quantidade de votos que Ant\u00f4nio Campos eventualmente possa ter como candidato a deputado federal. E sim a carga simb\u00f3lica que ele representa como neto de Miguel Arraes e irm\u00e3o de Eduardo Campos, ambos ex-governadores. Ao deixar o governo, portanto, para engrossar as fileiras da oposi\u00e7\u00e3o, o advogado contribui para o fortalecimento da candidatura do senador Armando Monteiro ao governo estadual, o que n\u00e3o \u00e9 pouca coisa. Ser\u00e1 um \u201cCampos\u201d no palanque de Paulo C\u00e2mara&hellip;\" \/>\n<meta property=\"og:url\" content=\"https:\/\/blogdofarnesio.com.br\/?p=170160\" \/>\n<meta property=\"og:site_name\" content=\"Blog do Farn\u00e9sio\" \/>\n<meta property=\"article:publisher\" content=\"https:\/\/www.facebook.com\/BlogQuerSaberPolitica\/\" \/>\n<meta property=\"article:published_time\" content=\"2017-06-27T15:30:02+00:00\" \/>\n<meta property=\"og:image\" content=\"https:\/\/blogdofarnesio.com.br\/wp-content\/uploads\/2017\/06\/blogqsp-Ant\u00f4nio-Campos.jpg\" \/>\n\t<meta property=\"og:image:width\" content=\"750\" \/>\n\t<meta property=\"og:image:height\" content=\"422\" \/>\n\t<meta property=\"og:image:type\" content=\"image\/jpeg\" \/>\n<meta name=\"author\" content=\"Farn\u00e9sio\" \/>\n<meta name=\"twitter:card\" content=\"summary_large_image\" \/>\n<meta name=\"twitter:label1\" content=\"Escrito por\" \/>\n\t<meta name=\"twitter:data1\" content=\"Farn\u00e9sio\" \/>\n\t<meta name=\"twitter:label2\" content=\"Est. tempo de leitura\" \/>\n\t<meta name=\"twitter:data2\" content=\"2 minutos\" \/>\n<script type=\"application\/ld+json\" class=\"yoast-schema-graph\">{\"@context\":\"https:\\\/\\\/schema.org\",\"@graph\":[{\"@type\":\"Article\",\"@id\":\"https:\\\/\\\/blogdofarnesio.com.br\\\/?p=170160#article\",\"isPartOf\":{\"@id\":\"https:\\\/\\\/blogdofarnesio.com.br\\\/?p=170160\"},\"author\":{\"name\":\"Farn\u00e9sio\",\"@id\":\"https:\\\/\\\/blogdofarnesio.com.br\\\/#\\\/schema\\\/person\\\/301c4acf522bccbfdb45af95b5b906a1\"},\"headline\":\"PERNAMBUCO TER\u00c1 CAMPOS CONTRA CAMPOS EM 2018\",\"datePublished\":\"2017-06-27T15:30:02+00:00\",\"mainEntityOfPage\":{\"@id\":\"https:\\\/\\\/blogdofarnesio.com.br\\\/?p=170160\"},\"wordCount\":501,\"commentCount\":0,\"publisher\":{\"@id\":\"https:\\\/\\\/blogdofarnesio.com.br\\\/#organization\"},\"image\":{\"@id\":\"https:\\\/\\\/blogdofarnesio.com.br\\\/?p=170160#primaryimage\"},\"thumbnailUrl\":\"https:\\\/\\\/blogdofarnesio.com.br\\\/wp-content\\\/uploads\\\/2017\\\/06\\\/blogqsp-Ant\u00f4nio-Campos.jpg\",\"articleSection\":[\"Pol\u00edtica\"],\"inLanguage\":\"pt-BR\",\"potentialAction\":[{\"@type\":\"CommentAction\",\"name\":\"Comment\",\"target\":[\"https:\\\/\\\/blogdofarnesio.com.br\\\/?p=170160#respond\"]}]},{\"@type\":\"WebPage\",\"@id\":\"https:\\\/\\\/blogdofarnesio.com.br\\\/?p=170160\",\"url\":\"https:\\\/\\\/blogdofarnesio.com.br\\\/?p=170160\",\"name\":\"PERNAMBUCO TER\u00c1 CAMPOS CONTRA CAMPOS EM 2018 - Blog do Farn\u00e9sio\",\"isPartOf\":{\"@id\":\"https:\\\/\\\/blogdofarnesio.com.br\\\/#website\"},\"primaryImageOfPage\":{\"@id\":\"https:\\\/\\\/blogdofarnesio.com.br\\\/?p=170160#primaryimage\"},\"image\":{\"@id\":\"https:\\\/\\\/blogdofarnesio.com.br\\\/?p=170160#primaryimage\"},\"thumbnailUrl\":\"https:\\\/\\\/blogdofarnesio.com.br\\\/wp-content\\\/uploads\\\/2017\\\/06\\\/blogqsp-Ant\u00f4nio-Campos.jpg\",\"datePublished\":\"2017-06-27T15:30:02+00:00\",\"breadcrumb\":{\"@id\":\"https:\\\/\\\/blogdofarnesio.com.br\\\/?p=170160#breadcrumb\"},\"inLanguage\":\"pt-BR\",\"potentialAction\":[{\"@type\":\"ReadAction\",\"target\":[\"https:\\\/\\\/blogdofarnesio.com.br\\\/?p=170160\"]}]},{\"@type\":\"ImageObject\",\"inLanguage\":\"pt-BR\",\"@id\":\"https:\\\/\\\/blogdofarnesio.com.br\\\/?p=170160#primaryimage\",\"url\":\"https:\\\/\\\/blogdofarnesio.com.br\\\/wp-content\\\/uploads\\\/2017\\\/06\\\/blogqsp-Ant\u00f4nio-Campos.jpg\",\"contentUrl\":\"https:\\\/\\\/blogdofarnesio.com.br\\\/wp-content\\\/uploads\\\/2017\\\/06\\\/blogqsp-Ant\u00f4nio-Campos.jpg\",\"width\":750,\"height\":422},{\"@type\":\"BreadcrumbList\",\"@id\":\"https:\\\/\\\/blogdofarnesio.com.br\\\/?p=170160#breadcrumb\",\"itemListElement\":[{\"@type\":\"ListItem\",\"position\":1,\"name\":\"In\u00edcio\",\"item\":\"https:\\\/\\\/blogdofarnesio.com.br\\\/\"},{\"@type\":\"ListItem\",\"position\":2,\"name\":\"PERNAMBUCO TER\u00c1 CAMPOS CONTRA CAMPOS EM 2018\"}]},{\"@type\":\"WebSite\",\"@id\":\"https:\\\/\\\/blogdofarnesio.com.br\\\/#website\",\"url\":\"https:\\\/\\\/blogdofarnesio.com.br\\\/\",\"name\":\"Blog do Farn\u00e9sio\",\"description\":\"Quer Saber Pol\u00edtica?\",\"publisher\":{\"@id\":\"https:\\\/\\\/blogdofarnesio.com.br\\\/#organization\"},\"potentialAction\":[{\"@type\":\"SearchAction\",\"target\":{\"@type\":\"EntryPoint\",\"urlTemplate\":\"https:\\\/\\\/blogdofarnesio.com.br\\\/?s={search_term_string}\"},\"query-input\":{\"@type\":\"PropertyValueSpecification\",\"valueRequired\":true,\"valueName\":\"search_term_string\"}}],\"inLanguage\":\"pt-BR\"},{\"@type\":\"Organization\",\"@id\":\"https:\\\/\\\/blogdofarnesio.com.br\\\/#organization\",\"name\":\"Blog do Farn\u00e9sio\",\"url\":\"https:\\\/\\\/blogdofarnesio.com.br\\\/\",\"logo\":{\"@type\":\"ImageObject\",\"inLanguage\":\"pt-BR\",\"@id\":\"https:\\\/\\\/blogdofarnesio.com.br\\\/#\\\/schema\\\/logo\\\/image\\\/\",\"url\":\"https:\\\/\\\/blogdofarnesio.com.br\\\/wp-content\\\/uploads\\\/2026\\\/03\\\/cropped-logo_new-1.png\",\"contentUrl\":\"https:\\\/\\\/blogdofarnesio.com.br\\\/wp-content\\\/uploads\\\/2026\\\/03\\\/cropped-logo_new-1.png\",\"width\":881,\"height\":685,\"caption\":\"Blog do Farn\u00e9sio\"},\"image\":{\"@id\":\"https:\\\/\\\/blogdofarnesio.com.br\\\/#\\\/schema\\\/logo\\\/image\\\/\"},\"sameAs\":[\"https:\\\/\\\/www.facebook.com\\\/BlogQuerSaberPolitica\\\/\"]},{\"@type\":\"Person\",\"@id\":\"https:\\\/\\\/blogdofarnesio.com.br\\\/#\\\/schema\\\/person\\\/301c4acf522bccbfdb45af95b5b906a1\",\"name\":\"Farn\u00e9sio\",\"image\":{\"@type\":\"ImageObject\",\"inLanguage\":\"pt-BR\",\"@id\":\"https:\\\/\\\/secure.gravatar.com\\\/avatar\\\/df0c9a14567c056f8ad6876ba5bbd1e3e2c48023eb6807342fc4663adf549f38?s=96&d=mm&r=g\",\"url\":\"https:\\\/\\\/secure.gravatar.com\\\/avatar\\\/df0c9a14567c056f8ad6876ba5bbd1e3e2c48023eb6807342fc4663adf549f38?s=96&d=mm&r=g\",\"contentUrl\":\"https:\\\/\\\/secure.gravatar.com\\\/avatar\\\/df0c9a14567c056f8ad6876ba5bbd1e3e2c48023eb6807342fc4663adf549f38?s=96&d=mm&r=g\",\"caption\":\"Farn\u00e9sio\"},\"sameAs\":[\"https:\\\/\\\/quersaberpolitica.com.br\"],\"url\":\"https:\\\/\\\/blogdofarnesio.com.br\\\/?author=1\"}]}<\/script>\n<!-- \/ Yoast SEO plugin. -->","yoast_head_json":{"title":"PERNAMBUCO TER\u00c1 CAMPOS CONTRA CAMPOS EM 2018 - Blog do Farn\u00e9sio","robots":{"index":"index","follow":"follow","max-snippet":"max-snippet:-1","max-image-preview":"max-image-preview:large","max-video-preview":"max-video-preview:-1"},"canonical":"https:\/\/blogdofarnesio.com.br\/?p=170160","og_locale":"pt_BR","og_type":"article","og_title":"PERNAMBUCO TER\u00c1 CAMPOS CONTRA CAMPOS EM 2018 - Blog do Farn\u00e9sio","og_description":"O PSB adotou como t\u00e1tica n\u00e3o valorizar a sa\u00edda do advogado Ant\u00f4nio Campos dos quadros do partido e a filia\u00e7\u00e3o dele a uma das legendas que fazem oposi\u00e7\u00e3o ao governo de Paulo C\u00e2mara. Pode ser uma estrat\u00e9gia equivocada, pois n\u00e3o est\u00e1 em jogo nessa travessia a quantidade de votos que Ant\u00f4nio Campos eventualmente possa ter como candidato a deputado federal. E sim a carga simb\u00f3lica que ele representa como neto de Miguel Arraes e irm\u00e3o de Eduardo Campos, ambos ex-governadores. Ao deixar o governo, portanto, para engrossar as fileiras da oposi\u00e7\u00e3o, o advogado contribui para o fortalecimento da candidatura do senador Armando Monteiro ao governo estadual, o que n\u00e3o \u00e9 pouca coisa. Ser\u00e1 um \u201cCampos\u201d no palanque de Paulo C\u00e2mara&hellip;","og_url":"https:\/\/blogdofarnesio.com.br\/?p=170160","og_site_name":"Blog do Farn\u00e9sio","article_publisher":"https:\/\/www.facebook.com\/BlogQuerSaberPolitica\/","article_published_time":"2017-06-27T15:30:02+00:00","og_image":[{"width":750,"height":422,"url":"https:\/\/blogdofarnesio.com.br\/wp-content\/uploads\/2017\/06\/blogqsp-Ant\u00f4nio-Campos.jpg","type":"image\/jpeg"}],"author":"Farn\u00e9sio","twitter_card":"summary_large_image","twitter_misc":{"Escrito por":"Farn\u00e9sio","Est. tempo de leitura":"2 minutos"},"schema":{"@context":"https:\/\/schema.org","@graph":[{"@type":"Article","@id":"https:\/\/blogdofarnesio.com.br\/?p=170160#article","isPartOf":{"@id":"https:\/\/blogdofarnesio.com.br\/?p=170160"},"author":{"name":"Farn\u00e9sio","@id":"https:\/\/blogdofarnesio.com.br\/#\/schema\/person\/301c4acf522bccbfdb45af95b5b906a1"},"headline":"PERNAMBUCO TER\u00c1 CAMPOS CONTRA CAMPOS EM 2018","datePublished":"2017-06-27T15:30:02+00:00","mainEntityOfPage":{"@id":"https:\/\/blogdofarnesio.com.br\/?p=170160"},"wordCount":501,"commentCount":0,"publisher":{"@id":"https:\/\/blogdofarnesio.com.br\/#organization"},"image":{"@id":"https:\/\/blogdofarnesio.com.br\/?p=170160#primaryimage"},"thumbnailUrl":"https:\/\/blogdofarnesio.com.br\/wp-content\/uploads\/2017\/06\/blogqsp-Ant\u00f4nio-Campos.jpg","articleSection":["Pol\u00edtica"],"inLanguage":"pt-BR","potentialAction":[{"@type":"CommentAction","name":"Comment","target":["https:\/\/blogdofarnesio.com.br\/?p=170160#respond"]}]},{"@type":"WebPage","@id":"https:\/\/blogdofarnesio.com.br\/?p=170160","url":"https:\/\/blogdofarnesio.com.br\/?p=170160","name":"PERNAMBUCO TER\u00c1 CAMPOS CONTRA CAMPOS EM 2018 - Blog do Farn\u00e9sio","isPartOf":{"@id":"https:\/\/blogdofarnesio.com.br\/#website"},"primaryImageOfPage":{"@id":"https:\/\/blogdofarnesio.com.br\/?p=170160#primaryimage"},"image":{"@id":"https:\/\/blogdofarnesio.com.br\/?p=170160#primaryimage"},"thumbnailUrl":"https:\/\/blogdofarnesio.com.br\/wp-content\/uploads\/2017\/06\/blogqsp-Ant\u00f4nio-Campos.jpg","datePublished":"2017-06-27T15:30:02+00:00","breadcrumb":{"@id":"https:\/\/blogdofarnesio.com.br\/?p=170160#breadcrumb"},"inLanguage":"pt-BR","potentialAction":[{"@type":"ReadAction","target":["https:\/\/blogdofarnesio.com.br\/?p=170160"]}]},{"@type":"ImageObject","inLanguage":"pt-BR","@id":"https:\/\/blogdofarnesio.com.br\/?p=170160#primaryimage","url":"https:\/\/blogdofarnesio.com.br\/wp-content\/uploads\/2017\/06\/blogqsp-Ant\u00f4nio-Campos.jpg","contentUrl":"https:\/\/blogdofarnesio.com.br\/wp-content\/uploads\/2017\/06\/blogqsp-Ant\u00f4nio-Campos.jpg","width":750,"height":422},{"@type":"BreadcrumbList","@id":"https:\/\/blogdofarnesio.com.br\/?p=170160#breadcrumb","itemListElement":[{"@type":"ListItem","position":1,"name":"In\u00edcio","item":"https:\/\/blogdofarnesio.com.br\/"},{"@type":"ListItem","position":2,"name":"PERNAMBUCO TER\u00c1 CAMPOS CONTRA CAMPOS EM 2018"}]},{"@type":"WebSite","@id":"https:\/\/blogdofarnesio.com.br\/#website","url":"https:\/\/blogdofarnesio.com.br\/","name":"Blog do Farn\u00e9sio","description":"Quer Saber Pol\u00edtica?","publisher":{"@id":"https:\/\/blogdofarnesio.com.br\/#organization"},"potentialAction":[{"@type":"SearchAction","target":{"@type":"EntryPoint","urlTemplate":"https:\/\/blogdofarnesio.com.br\/?s={search_term_string}"},"query-input":{"@type":"PropertyValueSpecification","valueRequired":true,"valueName":"search_term_string"}}],"inLanguage":"pt-BR"},{"@type":"Organization","@id":"https:\/\/blogdofarnesio.com.br\/#organization","name":"Blog do Farn\u00e9sio","url":"https:\/\/blogdofarnesio.com.br\/","logo":{"@type":"ImageObject","inLanguage":"pt-BR","@id":"https:\/\/blogdofarnesio.com.br\/#\/schema\/logo\/image\/","url":"https:\/\/blogdofarnesio.com.br\/wp-content\/uploads\/2026\/03\/cropped-logo_new-1.png","contentUrl":"https:\/\/blogdofarnesio.com.br\/wp-content\/uploads\/2026\/03\/cropped-logo_new-1.png","width":881,"height":685,"caption":"Blog do Farn\u00e9sio"},"image":{"@id":"https:\/\/blogdofarnesio.com.br\/#\/schema\/logo\/image\/"},"sameAs":["https:\/\/www.facebook.com\/BlogQuerSaberPolitica\/"]},{"@type":"Person","@id":"https:\/\/blogdofarnesio.com.br\/#\/schema\/person\/301c4acf522bccbfdb45af95b5b906a1","name":"Farn\u00e9sio","image":{"@type":"ImageObject","inLanguage":"pt-BR","@id":"https:\/\/secure.gravatar.com\/avatar\/df0c9a14567c056f8ad6876ba5bbd1e3e2c48023eb6807342fc4663adf549f38?s=96&d=mm&r=g","url":"https:\/\/secure.gravatar.com\/avatar\/df0c9a14567c056f8ad6876ba5bbd1e3e2c48023eb6807342fc4663adf549f38?s=96&d=mm&r=g","contentUrl":"https:\/\/secure.gravatar.com\/avatar\/df0c9a14567c056f8ad6876ba5bbd1e3e2c48023eb6807342fc4663adf549f38?s=96&d=mm&r=g","caption":"Farn\u00e9sio"},"sameAs":["https:\/\/quersaberpolitica.com.br"],"url":"https:\/\/blogdofarnesio.com.br\/?author=1"}]}},"_links":{"self":[{"href":"https:\/\/blogdofarnesio.com.br\/index.php?rest_route=\/wp\/v2\/posts\/170160","targetHints":{"allow":["GET"]}}],"collection":[{"href":"https:\/\/blogdofarnesio.com.br\/index.php?rest_route=\/wp\/v2\/posts"}],"about":[{"href":"https:\/\/blogdofarnesio.com.br\/index.php?rest_route=\/wp\/v2\/types\/post"}],"author":[{"embeddable":true,"href":"https:\/\/blogdofarnesio.com.br\/index.php?rest_route=\/wp\/v2\/users\/1"}],"replies":[{"embeddable":true,"href":"https:\/\/blogdofarnesio.com.br\/index.php?rest_route=%2Fwp%2Fv2%2Fcomments&post=170160"}],"version-history":[{"count":0,"href":"https:\/\/blogdofarnesio.com.br\/index.php?rest_route=\/wp\/v2\/posts\/170160\/revisions"}],"wp:featuredmedia":[{"embeddable":true,"href":"https:\/\/blogdofarnesio.com.br\/index.php?rest_route=\/wp\/v2\/media\/170161"}],"wp:attachment":[{"href":"https:\/\/blogdofarnesio.com.br\/index.php?rest_route=%2Fwp%2Fv2%2Fmedia&parent=170160"}],"wp:term":[{"taxonomy":"category","embeddable":true,"href":"https:\/\/blogdofarnesio.com.br\/index.php?rest_route=%2Fwp%2Fv2%2Fcategories&post=170160"},{"taxonomy":"post_tag","embeddable":true,"href":"https:\/\/blogdofarnesio.com.br\/index.php?rest_route=%2Fwp%2Fv2%2Ftags&post=170160"}],"curies":[{"name":"wp","href":"https:\/\/api.w.org\/{rel}","templated":true}]}}