{"id":170149,"date":"2017-06-27T10:40:30","date_gmt":"2017-06-27T13:40:30","guid":{"rendered":"http:\/\/quersaberpolitica.com.br\/2016\/?p=170149"},"modified":"2017-06-27T09:41:55","modified_gmt":"2017-06-27T12:41:55","slug":"petrolina-e-a-mais-nova-cidade-integrante-do-programa-juntos","status":"publish","type":"post","link":"https:\/\/blogdofarnesio.com.br\/?p=170149","title":{"rendered":"PETROLINA \u00c9 A MAIS NOVA CIDADE INTEGRANTE DO PROGRAMA JUNTOS"},"content":{"rendered":"<p style=\"text-align: justify;\">Presente em 15 cidades brasileiras, o Juntos pelo Desenvolvimento Sustent\u00e1vel, programa de aprimoramento da gest\u00e3o p\u00fablica criado em 2013 pela Comunitas, chega \u00e0 Petrolina para colaborar com a administra\u00e7\u00e3o municipal. A cerim\u00f4nia de lan\u00e7amento aconteceu nesta segunda-feira (26), na sede do Igeprev, com as presen\u00e7as do Prefeito Miguel Coelho, da diretora-presidente da Comunitas, Regina Esteves, do presidente da Celpe, Ant\u00f4nio Sanches, al\u00e9m de secret\u00e1rios, autoridades e comunidade.<\/p>\n<p style=\"text-align: justify;\">Com a participa\u00e7\u00e3o de l\u00edderes empresariais e a sociedade civil, a parceria entre o Juntos e a cidade pernambucana promover\u00e1 o debate de a\u00e7\u00f5es para a melhoria da gest\u00e3o p\u00fablica com o objetivo de equilibrar as contas do munic\u00edpio e, tamb\u00e9m, aprimorar e ampliar a oferta de servi\u00e7os \u00e0 popula\u00e7\u00e3o por meio de gastos mais inteligentes. &#8220;<em>Estamos convocando a sociedade para perto da gest\u00e3o a fim de ajudar a administrar melhor e fiscalizar de perto nossa cidade, de forma moderna e participativa<\/em>&#8220;, ressaltou o prefeito durante o lan\u00e7amento.<\/p>\n<p style=\"text-align: justify;\">Para alcan\u00e7ar tais objetivos e colaborar de maneira eficaz com a melhoria da gest\u00e3o municipal, o Juntos levar\u00e1 \u00e0 Petrolina, num primeiro momento, a frente de equil\u00edbrio fiscal, o que possibilitar\u00e1 que todas as contas da cidade sejam revistas e ajustadas afim incrementar a renda da prefeitura com as arrecada\u00e7\u00f5es. &#8220;<em>O desafio do Programa em Petrolina \u00e9 garantir a sustentabilidade econ\u00f4mica e contribuir com modelos de investimento social corporativo que atue mais pr\u00f3ximo do poder p\u00fablico. A inten\u00e7\u00e3o \u00e9 ampliar a escala de impacto desses investimentos e promover resultados realmente transformadores na realidade da cidade e de seus moradores<\/em>\u201d, afirmou Regina Esteves, diretora-presidente da Comunitas.<\/p>\n<p style=\"text-align: justify;\">Entre as frentes de atua\u00e7\u00e3o da Comunitas, o Equil\u00edbrio Fiscal \u00e9 a que tem maior presen\u00e7a dentre as cidades participantes. Para a diretora-presidente da Comunitas, este \u00e9 o primeiro teste de transpar\u00eancia e uma necessidade urgente da administra\u00e7\u00e3o p\u00fablica. \u201c<em>O trabalho auxilia no ajuste das contas das cidades por meio do gerenciamento matricial de despesas e receitas, com objetivo de aumentar a arrecada\u00e7\u00e3o municipal sem aumentar ou criar novos impostos<\/em>\u201d, explica Regina. Se considerar os recursos mobilizados pelo Programa Juntos, \u00e9 poss\u00edvel afirmar que a cada R$1,00 investido na frente de trabalho, gerou um Retorno Sobre o Investimento de R$ 40,87 para as cidades. Para os pr\u00f3ximos meses, est\u00e3o previstas novas frentes de trabalho, como o licenciamento urbano e escrit\u00f3rio de projetos, via replicabilidade.<\/p>\n<p style=\"text-align: justify;\">Liderado pela Comunitas, o Juntos \u00e9 mais que uma coaliz\u00e3o de l\u00edderes empresariais organizados em prol da melhoria da gest\u00e3o p\u00fablica no Brasil. Participar do projeto, al\u00e9m de beneficiar a melhoria da gest\u00e3o p\u00fablica com a\u00e7\u00f5es municipais desenvolvidas com olhar mais estrat\u00e9gico, tamb\u00e9m traz ganhos para os neg\u00f3cios, gera inova\u00e7\u00e3o, desenvolvimento e ret\u00e9m pessoas.<\/p>\n<p style=\"text-align: justify;\">\n<p style=\"text-align: justify;\"><strong>Sele\u00e7\u00e3o<\/strong><\/p>\n<p style=\"text-align: justify;\">Participar do programa Juntos pelo Desenvolvimento Sustent\u00e1vel requer passar por criteriosa sele\u00e7\u00e3o: o prefeito deve ter ficha limpa, a cidade precisa ter caracter\u00edsticas territoriais, geogr\u00e1ficas e populacionais heterog\u00eaneas e diversificadas e a prefeitura deve ter capacidade de dissemina\u00e7\u00e3o dos resultados, para a replicabilidade das a\u00e7\u00f5es. Al\u00e9m disso, \u00e9 preciso que o gestor aceite expor as contas p\u00fablicas \u00e0 equipe da Comunitas, para uma gest\u00e3o mais transparente, centrada, inicialmente, na busca pelo equil\u00edbrio fiscal.<\/p>\n<p style=\"text-align: justify;\">Em 2016, cerca de 100 cidades buscaram a Comunitas para formar parceria com o Programa Juntos em busca de uma melhoria efetiva na gest\u00e3o p\u00fablica por meio de atua\u00e7\u00f5es focadas, principalmente, no cidad\u00e3o. Em Petrolina, a Celpe foi a primeira institui\u00e7\u00e3o a se engajar no iniciativa patrocinando metade dos custos de todo o programa.<\/p>\n<p style=\"text-align: justify;\"><strong>Sobre o Juntos pelo Desenvolvimento Sustent\u00e1vel<\/strong><\/p>\n<p style=\"text-align: justify;\">O Juntos pelo Desenvolvimento Sustent\u00e1vel \u00e9 um programa de aprimoramento da gest\u00e3o p\u00fablica presente em 15 munic\u00edpios brasileiros: S\u00e3o Paulo, Campinas, Santos, Itirapina (SP), Curitiba (PR), Salvador (BA), Juiz de Fora (MG), Teresina (PI), Paraty (RJ), Porto Alegre e Pelotas (RS), atingindo mais de 24 milh\u00f5es de cidad\u00e3os em frentes de trabalho que abordam diversos temas e seus diferentes desafios, tais como as finan\u00e7as p\u00fablicas, gest\u00e3o, sa\u00fade, educa\u00e7\u00e3o, engajamento, fortalecimento de lideran\u00e7as e pol\u00edticas para juventude.<\/p>\n<p style=\"text-align: justify;\"><strong>Sobre a Comunitas<\/strong><\/p>\n<p style=\"text-align: justify;\">A Comunitas \u00e9 uma organiza\u00e7\u00e3o da sociedade civil brasileira que tem como objetivo contribuir para o aprimoramento dos investimentos sociais corporativos e estimular a participa\u00e7\u00e3o da iniciativa privada no desenvolvimento social e econ\u00f4mico do pa\u00eds. Atua em v\u00e1rias frentes, com destaque para projetos como o BISC (Benchmarking do Investimento Social Corporativo), o Encontro de L\u00edderes, a divulga\u00e7\u00e3o de Boas Pr\u00e1ticas e o Juntos pelo Desenvolvimento Sustent\u00e1vel, programa de aprimoramento da gest\u00e3o p\u00fablica municipal.<a href=\"http:\/\/comunitas.org\/\" data-saferedirecturl=\"https:\/\/www.google.com\/url?hl=pt-BR&amp;q=http:\/\/comunitas.org\/&amp;source=gmail&amp;ust=1498653694364000&amp;usg=AFQjCNHegT88hD-jbkdsKeM0B7yLCqwZqQ\">http:\/\/comunitas.org\/<\/a><\/p>\n<p style=\"text-align: justify;\">Fotos: Ivaldo Reges<\/p>\n<p style=\"text-align: justify;\">Aline Benevides<\/p>\n","protected":false},"excerpt":{"rendered":"<p>Presente em 15 cidades brasileiras, o Juntos pelo Desenvolvimento Sustent\u00e1vel, programa de aprimoramento da gest\u00e3o p\u00fablica criado em 2013 pela Comunitas, chega \u00e0 Petrolina para colaborar com a administra\u00e7\u00e3o municipal. A cerim\u00f4nia de lan\u00e7amento aconteceu nesta segunda-feira (26), na sede do Igeprev, com as presen\u00e7as do Prefeito Miguel Coelho, da diretora-presidente da Comunitas, Regina Esteves, do presidente da Celpe, Ant\u00f4nio Sanches, al\u00e9m de secret\u00e1rios, autoridades e comunidade. Com a participa\u00e7\u00e3o de l\u00edderes empresariais e a sociedade civil, a parceria entre o Juntos e a cidade pernambucana promover\u00e1 o debate de a\u00e7\u00f5es para a melhoria da gest\u00e3o p\u00fablica com o objetivo de equilibrar as contas do munic\u00edpio e, tamb\u00e9m, aprimorar e ampliar a oferta de servi\u00e7os \u00e0 popula\u00e7\u00e3o por meio de&hellip; <\/p>\n","protected":false},"author":1,"featured_media":170150,"comment_status":"open","ping_status":"open","sticky":false,"template":"","format":"standard","meta":{"_acf_changed":false,"footnotes":""},"categories":[44,1],"tags":[],"class_list":["post-170149","post","type-post","status-publish","format-standard","has-post-thumbnail","hentry","category-administracao","category-politica"],"acf":[],"yoast_head":"<!-- This site is optimized with the Yoast SEO plugin v27.4 - https:\/\/yoast.com\/product\/yoast-seo-wordpress\/ -->\n<title>PETROLINA \u00c9 A MAIS NOVA CIDADE INTEGRANTE DO PROGRAMA JUNTOS - Blog do Farn\u00e9sio<\/title>\n<meta name=\"robots\" content=\"index, follow, max-snippet:-1, max-image-preview:large, max-video-preview:-1\" \/>\n<link rel=\"canonical\" href=\"https:\/\/blogdofarnesio.com.br\/?p=170149\" \/>\n<meta property=\"og:locale\" content=\"pt_BR\" \/>\n<meta property=\"og:type\" content=\"article\" \/>\n<meta property=\"og:title\" content=\"PETROLINA \u00c9 A MAIS NOVA CIDADE INTEGRANTE DO PROGRAMA JUNTOS - Blog do Farn\u00e9sio\" \/>\n<meta property=\"og:description\" content=\"Presente em 15 cidades brasileiras, o Juntos pelo Desenvolvimento Sustent\u00e1vel, programa de aprimoramento da gest\u00e3o p\u00fablica criado em 2013 pela Comunitas, chega \u00e0 Petrolina para colaborar com a administra\u00e7\u00e3o municipal. A cerim\u00f4nia de lan\u00e7amento aconteceu nesta segunda-feira (26), na sede do Igeprev, com as presen\u00e7as do Prefeito Miguel Coelho, da diretora-presidente da Comunitas, Regina Esteves, do presidente da Celpe, Ant\u00f4nio Sanches, al\u00e9m de secret\u00e1rios, autoridades e comunidade. Com a participa\u00e7\u00e3o de l\u00edderes empresariais e a sociedade civil, a parceria entre o Juntos e a cidade pernambucana promover\u00e1 o debate de a\u00e7\u00f5es para a melhoria da gest\u00e3o p\u00fablica com o objetivo de equilibrar as contas do munic\u00edpio e, tamb\u00e9m, aprimorar e ampliar a oferta de servi\u00e7os \u00e0 popula\u00e7\u00e3o por meio de&hellip;\" \/>\n<meta property=\"og:url\" content=\"https:\/\/blogdofarnesio.com.br\/?p=170149\" \/>\n<meta property=\"og:site_name\" content=\"Blog do Farn\u00e9sio\" \/>\n<meta property=\"article:publisher\" content=\"https:\/\/www.facebook.com\/BlogQuerSaberPolitica\/\" \/>\n<meta property=\"article:published_time\" content=\"2017-06-27T13:40:30+00:00\" \/>\n<meta property=\"og:image\" content=\"https:\/\/blogdofarnesio.com.br\/wp-content\/uploads\/2017\/06\/blogqsp-reuni\u00e3o-miguel.jpg\" \/>\n\t<meta property=\"og:image:width\" content=\"1180\" \/>\n\t<meta property=\"og:image:height\" content=\"662\" \/>\n\t<meta property=\"og:image:type\" content=\"image\/jpeg\" \/>\n<meta name=\"author\" content=\"Farn\u00e9sio\" \/>\n<meta name=\"twitter:card\" content=\"summary_large_image\" \/>\n<meta name=\"twitter:label1\" content=\"Escrito por\" \/>\n\t<meta name=\"twitter:data1\" content=\"Farn\u00e9sio\" \/>\n\t<meta name=\"twitter:label2\" content=\"Est. tempo de leitura\" \/>\n\t<meta name=\"twitter:data2\" content=\"4 minutos\" \/>\n<script type=\"application\/ld+json\" class=\"yoast-schema-graph\">{\"@context\":\"https:\\\/\\\/schema.org\",\"@graph\":[{\"@type\":\"Article\",\"@id\":\"https:\\\/\\\/blogdofarnesio.com.br\\\/?p=170149#article\",\"isPartOf\":{\"@id\":\"https:\\\/\\\/blogdofarnesio.com.br\\\/?p=170149\"},\"author\":{\"name\":\"Farn\u00e9sio\",\"@id\":\"https:\\\/\\\/blogdofarnesio.com.br\\\/#\\\/schema\\\/person\\\/301c4acf522bccbfdb45af95b5b906a1\"},\"headline\":\"PETROLINA \u00c9 A MAIS NOVA CIDADE INTEGRANTE DO PROGRAMA JUNTOS\",\"datePublished\":\"2017-06-27T13:40:30+00:00\",\"mainEntityOfPage\":{\"@id\":\"https:\\\/\\\/blogdofarnesio.com.br\\\/?p=170149\"},\"wordCount\":816,\"commentCount\":0,\"publisher\":{\"@id\":\"https:\\\/\\\/blogdofarnesio.com.br\\\/#organization\"},\"image\":{\"@id\":\"https:\\\/\\\/blogdofarnesio.com.br\\\/?p=170149#primaryimage\"},\"thumbnailUrl\":\"https:\\\/\\\/blogdofarnesio.com.br\\\/wp-content\\\/uploads\\\/2017\\\/06\\\/blogqsp-reuni\u00e3o-miguel.jpg\",\"articleSection\":[\"Administra\u00e7\u00e3o\",\"Pol\u00edtica\"],\"inLanguage\":\"pt-BR\",\"potentialAction\":[{\"@type\":\"CommentAction\",\"name\":\"Comment\",\"target\":[\"https:\\\/\\\/blogdofarnesio.com.br\\\/?p=170149#respond\"]}]},{\"@type\":\"WebPage\",\"@id\":\"https:\\\/\\\/blogdofarnesio.com.br\\\/?p=170149\",\"url\":\"https:\\\/\\\/blogdofarnesio.com.br\\\/?p=170149\",\"name\":\"PETROLINA \u00c9 A MAIS NOVA CIDADE INTEGRANTE DO PROGRAMA JUNTOS - Blog do Farn\u00e9sio\",\"isPartOf\":{\"@id\":\"https:\\\/\\\/blogdofarnesio.com.br\\\/#website\"},\"primaryImageOfPage\":{\"@id\":\"https:\\\/\\\/blogdofarnesio.com.br\\\/?p=170149#primaryimage\"},\"image\":{\"@id\":\"https:\\\/\\\/blogdofarnesio.com.br\\\/?p=170149#primaryimage\"},\"thumbnailUrl\":\"https:\\\/\\\/blogdofarnesio.com.br\\\/wp-content\\\/uploads\\\/2017\\\/06\\\/blogqsp-reuni\u00e3o-miguel.jpg\",\"datePublished\":\"2017-06-27T13:40:30+00:00\",\"breadcrumb\":{\"@id\":\"https:\\\/\\\/blogdofarnesio.com.br\\\/?p=170149#breadcrumb\"},\"inLanguage\":\"pt-BR\",\"potentialAction\":[{\"@type\":\"ReadAction\",\"target\":[\"https:\\\/\\\/blogdofarnesio.com.br\\\/?p=170149\"]}]},{\"@type\":\"ImageObject\",\"inLanguage\":\"pt-BR\",\"@id\":\"https:\\\/\\\/blogdofarnesio.com.br\\\/?p=170149#primaryimage\",\"url\":\"https:\\\/\\\/blogdofarnesio.com.br\\\/wp-content\\\/uploads\\\/2017\\\/06\\\/blogqsp-reuni\u00e3o-miguel.jpg\",\"contentUrl\":\"https:\\\/\\\/blogdofarnesio.com.br\\\/wp-content\\\/uploads\\\/2017\\\/06\\\/blogqsp-reuni\u00e3o-miguel.jpg\",\"width\":1180,\"height\":662},{\"@type\":\"BreadcrumbList\",\"@id\":\"https:\\\/\\\/blogdofarnesio.com.br\\\/?p=170149#breadcrumb\",\"itemListElement\":[{\"@type\":\"ListItem\",\"position\":1,\"name\":\"In\u00edcio\",\"item\":\"https:\\\/\\\/blogdofarnesio.com.br\\\/\"},{\"@type\":\"ListItem\",\"position\":2,\"name\":\"PETROLINA \u00c9 A MAIS NOVA CIDADE INTEGRANTE DO PROGRAMA JUNTOS\"}]},{\"@type\":\"WebSite\",\"@id\":\"https:\\\/\\\/blogdofarnesio.com.br\\\/#website\",\"url\":\"https:\\\/\\\/blogdofarnesio.com.br\\\/\",\"name\":\"Blog do Farn\u00e9sio\",\"description\":\"Quer Saber Pol\u00edtica?\",\"publisher\":{\"@id\":\"https:\\\/\\\/blogdofarnesio.com.br\\\/#organization\"},\"potentialAction\":[{\"@type\":\"SearchAction\",\"target\":{\"@type\":\"EntryPoint\",\"urlTemplate\":\"https:\\\/\\\/blogdofarnesio.com.br\\\/?s={search_term_string}\"},\"query-input\":{\"@type\":\"PropertyValueSpecification\",\"valueRequired\":true,\"valueName\":\"search_term_string\"}}],\"inLanguage\":\"pt-BR\"},{\"@type\":\"Organization\",\"@id\":\"https:\\\/\\\/blogdofarnesio.com.br\\\/#organization\",\"name\":\"Blog do Farn\u00e9sio\",\"url\":\"https:\\\/\\\/blogdofarnesio.com.br\\\/\",\"logo\":{\"@type\":\"ImageObject\",\"inLanguage\":\"pt-BR\",\"@id\":\"https:\\\/\\\/blogdofarnesio.com.br\\\/#\\\/schema\\\/logo\\\/image\\\/\",\"url\":\"https:\\\/\\\/blogdofarnesio.com.br\\\/wp-content\\\/uploads\\\/2026\\\/03\\\/cropped-logo_new-1.png\",\"contentUrl\":\"https:\\\/\\\/blogdofarnesio.com.br\\\/wp-content\\\/uploads\\\/2026\\\/03\\\/cropped-logo_new-1.png\",\"width\":881,\"height\":685,\"caption\":\"Blog do Farn\u00e9sio\"},\"image\":{\"@id\":\"https:\\\/\\\/blogdofarnesio.com.br\\\/#\\\/schema\\\/logo\\\/image\\\/\"},\"sameAs\":[\"https:\\\/\\\/www.facebook.com\\\/BlogQuerSaberPolitica\\\/\"]},{\"@type\":\"Person\",\"@id\":\"https:\\\/\\\/blogdofarnesio.com.br\\\/#\\\/schema\\\/person\\\/301c4acf522bccbfdb45af95b5b906a1\",\"name\":\"Farn\u00e9sio\",\"image\":{\"@type\":\"ImageObject\",\"inLanguage\":\"pt-BR\",\"@id\":\"https:\\\/\\\/secure.gravatar.com\\\/avatar\\\/df0c9a14567c056f8ad6876ba5bbd1e3e2c48023eb6807342fc4663adf549f38?s=96&d=mm&r=g\",\"url\":\"https:\\\/\\\/secure.gravatar.com\\\/avatar\\\/df0c9a14567c056f8ad6876ba5bbd1e3e2c48023eb6807342fc4663adf549f38?s=96&d=mm&r=g\",\"contentUrl\":\"https:\\\/\\\/secure.gravatar.com\\\/avatar\\\/df0c9a14567c056f8ad6876ba5bbd1e3e2c48023eb6807342fc4663adf549f38?s=96&d=mm&r=g\",\"caption\":\"Farn\u00e9sio\"},\"sameAs\":[\"https:\\\/\\\/quersaberpolitica.com.br\"],\"url\":\"https:\\\/\\\/blogdofarnesio.com.br\\\/?author=1\"}]}<\/script>\n<!-- \/ Yoast SEO plugin. -->","yoast_head_json":{"title":"PETROLINA \u00c9 A MAIS NOVA CIDADE INTEGRANTE DO PROGRAMA JUNTOS - Blog do Farn\u00e9sio","robots":{"index":"index","follow":"follow","max-snippet":"max-snippet:-1","max-image-preview":"max-image-preview:large","max-video-preview":"max-video-preview:-1"},"canonical":"https:\/\/blogdofarnesio.com.br\/?p=170149","og_locale":"pt_BR","og_type":"article","og_title":"PETROLINA \u00c9 A MAIS NOVA CIDADE INTEGRANTE DO PROGRAMA JUNTOS - Blog do Farn\u00e9sio","og_description":"Presente em 15 cidades brasileiras, o Juntos pelo Desenvolvimento Sustent\u00e1vel, programa de aprimoramento da gest\u00e3o p\u00fablica criado em 2013 pela Comunitas, chega \u00e0 Petrolina para colaborar com a administra\u00e7\u00e3o municipal. A cerim\u00f4nia de lan\u00e7amento aconteceu nesta segunda-feira (26), na sede do Igeprev, com as presen\u00e7as do Prefeito Miguel Coelho, da diretora-presidente da Comunitas, Regina Esteves, do presidente da Celpe, Ant\u00f4nio Sanches, al\u00e9m de secret\u00e1rios, autoridades e comunidade. Com a participa\u00e7\u00e3o de l\u00edderes empresariais e a sociedade civil, a parceria entre o Juntos e a cidade pernambucana promover\u00e1 o debate de a\u00e7\u00f5es para a melhoria da gest\u00e3o p\u00fablica com o objetivo de equilibrar as contas do munic\u00edpio e, tamb\u00e9m, aprimorar e ampliar a oferta de servi\u00e7os \u00e0 popula\u00e7\u00e3o por meio de&hellip;","og_url":"https:\/\/blogdofarnesio.com.br\/?p=170149","og_site_name":"Blog do Farn\u00e9sio","article_publisher":"https:\/\/www.facebook.com\/BlogQuerSaberPolitica\/","article_published_time":"2017-06-27T13:40:30+00:00","og_image":[{"width":1180,"height":662,"url":"https:\/\/blogdofarnesio.com.br\/wp-content\/uploads\/2017\/06\/blogqsp-reuni\u00e3o-miguel.jpg","type":"image\/jpeg"}],"author":"Farn\u00e9sio","twitter_card":"summary_large_image","twitter_misc":{"Escrito por":"Farn\u00e9sio","Est. tempo de leitura":"4 minutos"},"schema":{"@context":"https:\/\/schema.org","@graph":[{"@type":"Article","@id":"https:\/\/blogdofarnesio.com.br\/?p=170149#article","isPartOf":{"@id":"https:\/\/blogdofarnesio.com.br\/?p=170149"},"author":{"name":"Farn\u00e9sio","@id":"https:\/\/blogdofarnesio.com.br\/#\/schema\/person\/301c4acf522bccbfdb45af95b5b906a1"},"headline":"PETROLINA \u00c9 A MAIS NOVA CIDADE INTEGRANTE DO PROGRAMA JUNTOS","datePublished":"2017-06-27T13:40:30+00:00","mainEntityOfPage":{"@id":"https:\/\/blogdofarnesio.com.br\/?p=170149"},"wordCount":816,"commentCount":0,"publisher":{"@id":"https:\/\/blogdofarnesio.com.br\/#organization"},"image":{"@id":"https:\/\/blogdofarnesio.com.br\/?p=170149#primaryimage"},"thumbnailUrl":"https:\/\/blogdofarnesio.com.br\/wp-content\/uploads\/2017\/06\/blogqsp-reuni\u00e3o-miguel.jpg","articleSection":["Administra\u00e7\u00e3o","Pol\u00edtica"],"inLanguage":"pt-BR","potentialAction":[{"@type":"CommentAction","name":"Comment","target":["https:\/\/blogdofarnesio.com.br\/?p=170149#respond"]}]},{"@type":"WebPage","@id":"https:\/\/blogdofarnesio.com.br\/?p=170149","url":"https:\/\/blogdofarnesio.com.br\/?p=170149","name":"PETROLINA \u00c9 A MAIS NOVA CIDADE INTEGRANTE DO PROGRAMA JUNTOS - Blog do Farn\u00e9sio","isPartOf":{"@id":"https:\/\/blogdofarnesio.com.br\/#website"},"primaryImageOfPage":{"@id":"https:\/\/blogdofarnesio.com.br\/?p=170149#primaryimage"},"image":{"@id":"https:\/\/blogdofarnesio.com.br\/?p=170149#primaryimage"},"thumbnailUrl":"https:\/\/blogdofarnesio.com.br\/wp-content\/uploads\/2017\/06\/blogqsp-reuni\u00e3o-miguel.jpg","datePublished":"2017-06-27T13:40:30+00:00","breadcrumb":{"@id":"https:\/\/blogdofarnesio.com.br\/?p=170149#breadcrumb"},"inLanguage":"pt-BR","potentialAction":[{"@type":"ReadAction","target":["https:\/\/blogdofarnesio.com.br\/?p=170149"]}]},{"@type":"ImageObject","inLanguage":"pt-BR","@id":"https:\/\/blogdofarnesio.com.br\/?p=170149#primaryimage","url":"https:\/\/blogdofarnesio.com.br\/wp-content\/uploads\/2017\/06\/blogqsp-reuni\u00e3o-miguel.jpg","contentUrl":"https:\/\/blogdofarnesio.com.br\/wp-content\/uploads\/2017\/06\/blogqsp-reuni\u00e3o-miguel.jpg","width":1180,"height":662},{"@type":"BreadcrumbList","@id":"https:\/\/blogdofarnesio.com.br\/?p=170149#breadcrumb","itemListElement":[{"@type":"ListItem","position":1,"name":"In\u00edcio","item":"https:\/\/blogdofarnesio.com.br\/"},{"@type":"ListItem","position":2,"name":"PETROLINA \u00c9 A MAIS NOVA CIDADE INTEGRANTE DO PROGRAMA JUNTOS"}]},{"@type":"WebSite","@id":"https:\/\/blogdofarnesio.com.br\/#website","url":"https:\/\/blogdofarnesio.com.br\/","name":"Blog do Farn\u00e9sio","description":"Quer Saber Pol\u00edtica?","publisher":{"@id":"https:\/\/blogdofarnesio.com.br\/#organization"},"potentialAction":[{"@type":"SearchAction","target":{"@type":"EntryPoint","urlTemplate":"https:\/\/blogdofarnesio.com.br\/?s={search_term_string}"},"query-input":{"@type":"PropertyValueSpecification","valueRequired":true,"valueName":"search_term_string"}}],"inLanguage":"pt-BR"},{"@type":"Organization","@id":"https:\/\/blogdofarnesio.com.br\/#organization","name":"Blog do Farn\u00e9sio","url":"https:\/\/blogdofarnesio.com.br\/","logo":{"@type":"ImageObject","inLanguage":"pt-BR","@id":"https:\/\/blogdofarnesio.com.br\/#\/schema\/logo\/image\/","url":"https:\/\/blogdofarnesio.com.br\/wp-content\/uploads\/2026\/03\/cropped-logo_new-1.png","contentUrl":"https:\/\/blogdofarnesio.com.br\/wp-content\/uploads\/2026\/03\/cropped-logo_new-1.png","width":881,"height":685,"caption":"Blog do Farn\u00e9sio"},"image":{"@id":"https:\/\/blogdofarnesio.com.br\/#\/schema\/logo\/image\/"},"sameAs":["https:\/\/www.facebook.com\/BlogQuerSaberPolitica\/"]},{"@type":"Person","@id":"https:\/\/blogdofarnesio.com.br\/#\/schema\/person\/301c4acf522bccbfdb45af95b5b906a1","name":"Farn\u00e9sio","image":{"@type":"ImageObject","inLanguage":"pt-BR","@id":"https:\/\/secure.gravatar.com\/avatar\/df0c9a14567c056f8ad6876ba5bbd1e3e2c48023eb6807342fc4663adf549f38?s=96&d=mm&r=g","url":"https:\/\/secure.gravatar.com\/avatar\/df0c9a14567c056f8ad6876ba5bbd1e3e2c48023eb6807342fc4663adf549f38?s=96&d=mm&r=g","contentUrl":"https:\/\/secure.gravatar.com\/avatar\/df0c9a14567c056f8ad6876ba5bbd1e3e2c48023eb6807342fc4663adf549f38?s=96&d=mm&r=g","caption":"Farn\u00e9sio"},"sameAs":["https:\/\/quersaberpolitica.com.br"],"url":"https:\/\/blogdofarnesio.com.br\/?author=1"}]}},"_links":{"self":[{"href":"https:\/\/blogdofarnesio.com.br\/index.php?rest_route=\/wp\/v2\/posts\/170149","targetHints":{"allow":["GET"]}}],"collection":[{"href":"https:\/\/blogdofarnesio.com.br\/index.php?rest_route=\/wp\/v2\/posts"}],"about":[{"href":"https:\/\/blogdofarnesio.com.br\/index.php?rest_route=\/wp\/v2\/types\/post"}],"author":[{"embeddable":true,"href":"https:\/\/blogdofarnesio.com.br\/index.php?rest_route=\/wp\/v2\/users\/1"}],"replies":[{"embeddable":true,"href":"https:\/\/blogdofarnesio.com.br\/index.php?rest_route=%2Fwp%2Fv2%2Fcomments&post=170149"}],"version-history":[{"count":0,"href":"https:\/\/blogdofarnesio.com.br\/index.php?rest_route=\/wp\/v2\/posts\/170149\/revisions"}],"wp:featuredmedia":[{"embeddable":true,"href":"https:\/\/blogdofarnesio.com.br\/index.php?rest_route=\/wp\/v2\/media\/170150"}],"wp:attachment":[{"href":"https:\/\/blogdofarnesio.com.br\/index.php?rest_route=%2Fwp%2Fv2%2Fmedia&parent=170149"}],"wp:term":[{"taxonomy":"category","embeddable":true,"href":"https:\/\/blogdofarnesio.com.br\/index.php?rest_route=%2Fwp%2Fv2%2Fcategories&post=170149"},{"taxonomy":"post_tag","embeddable":true,"href":"https:\/\/blogdofarnesio.com.br\/index.php?rest_route=%2Fwp%2Fv2%2Ftags&post=170149"}],"curies":[{"name":"wp","href":"https:\/\/api.w.org\/{rel}","templated":true}]}}