{"id":170146,"date":"2017-06-27T10:20:17","date_gmt":"2017-06-27T13:20:17","guid":{"rendered":"http:\/\/quersaberpolitica.com.br\/2016\/?p=170146"},"modified":"2017-06-27T09:39:47","modified_gmt":"2017-06-27T12:39:47","slug":"juazeiro-professora-lourdes-duarte-completa-100-anos-e-camara-homenageia","status":"publish","type":"post","link":"https:\/\/blogdofarnesio.com.br\/?p=170146","title":{"rendered":"JUAZEIRO: PROFESSORA LOURDES DUARTE COMPLETA 100 ANOS E C\u00c2MARA HOMENAGEIA"},"content":{"rendered":"<p style=\"text-align: justify;\">A C\u00e2mara de Vereadores de Juazeiro est\u00e1 liderando as homenagens ao centen\u00e1rio da Professora Maria de Lourdes Duarte, completados nesta segunda feira (26).<\/p>\n<p style=\"text-align: justify;\">Placa alusiva \u00e0 data foi afixada na sua resid\u00eancia na tarde de hoje e uma sess\u00e3o especial ser\u00e1 realizada amanh\u00e3, a partir das 19:00 horas no Plen\u00e1rio da Casa Aprigio Duarte.<\/p>\n<p style=\"text-align: justify;\">Para o Presidente Alex Tanuri, acompanhado de 15 vereadores, que esteve na resid\u00eancia da Professora Maria de Lourdes Duarte para o descerramento da placa alusiva ao centen\u00e1rio \u201cA C\u00e2mara de Juazeiro entende que a educa\u00e7\u00e3o \u00e9 o \u00fanico pilar que d\u00e1 sustenta\u00e7\u00e3o a uma sociedade mais justa, que oferece perspectiva de futuro aos jovens e d\u00e1 esperan\u00e7a a todos n\u00f3s que o Brasil ser\u00e1 uma grande Na\u00e7\u00e3o. Homenagear a Professora Lourdes Duarte, s\u00edmbolo vivo da educa\u00e7\u00e3o em Juazeiro, \u00e9 nosso dever\u201d.<\/p>\n<p style=\"text-align: justify;\">Emocionada Professora Lourdes, mant\u00e9m o otimismo e o entusiasmo: \u201cJuazeiro merece tudo que fiz e poderei fazer\u201d.<\/p>\n<p>&nbsp;<\/p>\n","protected":false},"excerpt":{"rendered":"<p>A C\u00e2mara de Vereadores de Juazeiro est\u00e1 liderando as homenagens ao centen\u00e1rio da Professora Maria de Lourdes Duarte, completados nesta segunda feira (26). Placa alusiva \u00e0 data foi afixada na sua resid\u00eancia na tarde de hoje e uma sess\u00e3o especial ser\u00e1 realizada amanh\u00e3, a partir das 19:00 horas no Plen\u00e1rio da Casa Aprigio Duarte. Para o Presidente Alex Tanuri, acompanhado de 15 vereadores, que esteve na resid\u00eancia da Professora Maria de Lourdes Duarte para o descerramento da placa alusiva ao centen\u00e1rio \u201cA C\u00e2mara de Juazeiro entende que a educa\u00e7\u00e3o \u00e9 o \u00fanico pilar que d\u00e1 sustenta\u00e7\u00e3o a uma sociedade mais justa, que oferece perspectiva de futuro aos jovens e d\u00e1 esperan\u00e7a a todos n\u00f3s que o Brasil ser\u00e1 uma grande&hellip; <\/p>\n","protected":false},"author":1,"featured_media":170147,"comment_status":"open","ping_status":"open","sticky":false,"template":"","format":"standard","meta":{"_acf_changed":false,"footnotes":""},"categories":[44],"tags":[],"class_list":["post-170146","post","type-post","status-publish","format-standard","has-post-thumbnail","hentry","category-administracao"],"acf":[],"yoast_head":"<!-- This site is optimized with the Yoast SEO plugin v27.4 - https:\/\/yoast.com\/product\/yoast-seo-wordpress\/ -->\n<title>JUAZEIRO: PROFESSORA LOURDES DUARTE COMPLETA 100 ANOS E C\u00c2MARA HOMENAGEIA - Blog do Farn\u00e9sio<\/title>\n<meta name=\"robots\" content=\"index, follow, max-snippet:-1, max-image-preview:large, max-video-preview:-1\" \/>\n<link rel=\"canonical\" href=\"https:\/\/blogdofarnesio.com.br\/?p=170146\" \/>\n<meta property=\"og:locale\" content=\"pt_BR\" \/>\n<meta property=\"og:type\" content=\"article\" \/>\n<meta property=\"og:title\" content=\"JUAZEIRO: PROFESSORA LOURDES DUARTE COMPLETA 100 ANOS E C\u00c2MARA HOMENAGEIA - Blog do Farn\u00e9sio\" \/>\n<meta property=\"og:description\" content=\"A C\u00e2mara de Vereadores de Juazeiro est\u00e1 liderando as homenagens ao centen\u00e1rio da Professora Maria de Lourdes Duarte, completados nesta segunda feira (26). Placa alusiva \u00e0 data foi afixada na sua resid\u00eancia na tarde de hoje e uma sess\u00e3o especial ser\u00e1 realizada amanh\u00e3, a partir das 19:00 horas no Plen\u00e1rio da Casa Aprigio Duarte. Para o Presidente Alex Tanuri, acompanhado de 15 vereadores, que esteve na resid\u00eancia da Professora Maria de Lourdes Duarte para o descerramento da placa alusiva ao centen\u00e1rio \u201cA C\u00e2mara de Juazeiro entende que a educa\u00e7\u00e3o \u00e9 o \u00fanico pilar que d\u00e1 sustenta\u00e7\u00e3o a uma sociedade mais justa, que oferece perspectiva de futuro aos jovens e d\u00e1 esperan\u00e7a a todos n\u00f3s que o Brasil ser\u00e1 uma grande&hellip;\" \/>\n<meta property=\"og:url\" content=\"https:\/\/blogdofarnesio.com.br\/?p=170146\" \/>\n<meta property=\"og:site_name\" content=\"Blog do Farn\u00e9sio\" \/>\n<meta property=\"article:publisher\" content=\"https:\/\/www.facebook.com\/BlogQuerSaberPolitica\/\" \/>\n<meta property=\"article:published_time\" content=\"2017-06-27T13:20:17+00:00\" \/>\n<meta property=\"og:image\" content=\"https:\/\/blogdofarnesio.com.br\/wp-content\/uploads\/2017\/06\/BLOGQSP-VEREADORES-LURDES.jpg\" \/>\n\t<meta property=\"og:image:width\" content=\"920\" \/>\n\t<meta property=\"og:image:height\" content=\"613\" \/>\n\t<meta property=\"og:image:type\" content=\"image\/jpeg\" \/>\n<meta name=\"author\" content=\"Farn\u00e9sio\" \/>\n<meta name=\"twitter:card\" content=\"summary_large_image\" \/>\n<meta name=\"twitter:label1\" content=\"Escrito por\" \/>\n\t<meta name=\"twitter:data1\" content=\"Farn\u00e9sio\" \/>\n\t<meta name=\"twitter:label2\" content=\"Est. tempo de leitura\" \/>\n\t<meta name=\"twitter:data2\" content=\"1 minuto\" \/>\n<script type=\"application\/ld+json\" class=\"yoast-schema-graph\">{\"@context\":\"https:\\\/\\\/schema.org\",\"@graph\":[{\"@type\":\"Article\",\"@id\":\"https:\\\/\\\/blogdofarnesio.com.br\\\/?p=170146#article\",\"isPartOf\":{\"@id\":\"https:\\\/\\\/blogdofarnesio.com.br\\\/?p=170146\"},\"author\":{\"name\":\"Farn\u00e9sio\",\"@id\":\"https:\\\/\\\/blogdofarnesio.com.br\\\/#\\\/schema\\\/person\\\/301c4acf522bccbfdb45af95b5b906a1\"},\"headline\":\"JUAZEIRO: PROFESSORA LOURDES DUARTE COMPLETA 100 ANOS E C\u00c2MARA HOMENAGEIA\",\"datePublished\":\"2017-06-27T13:20:17+00:00\",\"mainEntityOfPage\":{\"@id\":\"https:\\\/\\\/blogdofarnesio.com.br\\\/?p=170146\"},\"wordCount\":173,\"commentCount\":0,\"publisher\":{\"@id\":\"https:\\\/\\\/blogdofarnesio.com.br\\\/#organization\"},\"image\":{\"@id\":\"https:\\\/\\\/blogdofarnesio.com.br\\\/?p=170146#primaryimage\"},\"thumbnailUrl\":\"https:\\\/\\\/blogdofarnesio.com.br\\\/wp-content\\\/uploads\\\/2017\\\/06\\\/BLOGQSP-VEREADORES-LURDES.jpg\",\"articleSection\":[\"Administra\u00e7\u00e3o\"],\"inLanguage\":\"pt-BR\",\"potentialAction\":[{\"@type\":\"CommentAction\",\"name\":\"Comment\",\"target\":[\"https:\\\/\\\/blogdofarnesio.com.br\\\/?p=170146#respond\"]}]},{\"@type\":\"WebPage\",\"@id\":\"https:\\\/\\\/blogdofarnesio.com.br\\\/?p=170146\",\"url\":\"https:\\\/\\\/blogdofarnesio.com.br\\\/?p=170146\",\"name\":\"JUAZEIRO: PROFESSORA LOURDES DUARTE COMPLETA 100 ANOS E C\u00c2MARA HOMENAGEIA - Blog do Farn\u00e9sio\",\"isPartOf\":{\"@id\":\"https:\\\/\\\/blogdofarnesio.com.br\\\/#website\"},\"primaryImageOfPage\":{\"@id\":\"https:\\\/\\\/blogdofarnesio.com.br\\\/?p=170146#primaryimage\"},\"image\":{\"@id\":\"https:\\\/\\\/blogdofarnesio.com.br\\\/?p=170146#primaryimage\"},\"thumbnailUrl\":\"https:\\\/\\\/blogdofarnesio.com.br\\\/wp-content\\\/uploads\\\/2017\\\/06\\\/BLOGQSP-VEREADORES-LURDES.jpg\",\"datePublished\":\"2017-06-27T13:20:17+00:00\",\"breadcrumb\":{\"@id\":\"https:\\\/\\\/blogdofarnesio.com.br\\\/?p=170146#breadcrumb\"},\"inLanguage\":\"pt-BR\",\"potentialAction\":[{\"@type\":\"ReadAction\",\"target\":[\"https:\\\/\\\/blogdofarnesio.com.br\\\/?p=170146\"]}]},{\"@type\":\"ImageObject\",\"inLanguage\":\"pt-BR\",\"@id\":\"https:\\\/\\\/blogdofarnesio.com.br\\\/?p=170146#primaryimage\",\"url\":\"https:\\\/\\\/blogdofarnesio.com.br\\\/wp-content\\\/uploads\\\/2017\\\/06\\\/BLOGQSP-VEREADORES-LURDES.jpg\",\"contentUrl\":\"https:\\\/\\\/blogdofarnesio.com.br\\\/wp-content\\\/uploads\\\/2017\\\/06\\\/BLOGQSP-VEREADORES-LURDES.jpg\",\"width\":920,\"height\":613},{\"@type\":\"BreadcrumbList\",\"@id\":\"https:\\\/\\\/blogdofarnesio.com.br\\\/?p=170146#breadcrumb\",\"itemListElement\":[{\"@type\":\"ListItem\",\"position\":1,\"name\":\"In\u00edcio\",\"item\":\"https:\\\/\\\/blogdofarnesio.com.br\\\/\"},{\"@type\":\"ListItem\",\"position\":2,\"name\":\"JUAZEIRO: PROFESSORA LOURDES DUARTE COMPLETA 100 ANOS E C\u00c2MARA HOMENAGEIA\"}]},{\"@type\":\"WebSite\",\"@id\":\"https:\\\/\\\/blogdofarnesio.com.br\\\/#website\",\"url\":\"https:\\\/\\\/blogdofarnesio.com.br\\\/\",\"name\":\"Blog do Farn\u00e9sio\",\"description\":\"Quer Saber Pol\u00edtica?\",\"publisher\":{\"@id\":\"https:\\\/\\\/blogdofarnesio.com.br\\\/#organization\"},\"potentialAction\":[{\"@type\":\"SearchAction\",\"target\":{\"@type\":\"EntryPoint\",\"urlTemplate\":\"https:\\\/\\\/blogdofarnesio.com.br\\\/?s={search_term_string}\"},\"query-input\":{\"@type\":\"PropertyValueSpecification\",\"valueRequired\":true,\"valueName\":\"search_term_string\"}}],\"inLanguage\":\"pt-BR\"},{\"@type\":\"Organization\",\"@id\":\"https:\\\/\\\/blogdofarnesio.com.br\\\/#organization\",\"name\":\"Blog do Farn\u00e9sio\",\"url\":\"https:\\\/\\\/blogdofarnesio.com.br\\\/\",\"logo\":{\"@type\":\"ImageObject\",\"inLanguage\":\"pt-BR\",\"@id\":\"https:\\\/\\\/blogdofarnesio.com.br\\\/#\\\/schema\\\/logo\\\/image\\\/\",\"url\":\"https:\\\/\\\/blogdofarnesio.com.br\\\/wp-content\\\/uploads\\\/2026\\\/03\\\/cropped-logo_new-1.png\",\"contentUrl\":\"https:\\\/\\\/blogdofarnesio.com.br\\\/wp-content\\\/uploads\\\/2026\\\/03\\\/cropped-logo_new-1.png\",\"width\":881,\"height\":685,\"caption\":\"Blog do Farn\u00e9sio\"},\"image\":{\"@id\":\"https:\\\/\\\/blogdofarnesio.com.br\\\/#\\\/schema\\\/logo\\\/image\\\/\"},\"sameAs\":[\"https:\\\/\\\/www.facebook.com\\\/BlogQuerSaberPolitica\\\/\"]},{\"@type\":\"Person\",\"@id\":\"https:\\\/\\\/blogdofarnesio.com.br\\\/#\\\/schema\\\/person\\\/301c4acf522bccbfdb45af95b5b906a1\",\"name\":\"Farn\u00e9sio\",\"image\":{\"@type\":\"ImageObject\",\"inLanguage\":\"pt-BR\",\"@id\":\"https:\\\/\\\/secure.gravatar.com\\\/avatar\\\/df0c9a14567c056f8ad6876ba5bbd1e3e2c48023eb6807342fc4663adf549f38?s=96&d=mm&r=g\",\"url\":\"https:\\\/\\\/secure.gravatar.com\\\/avatar\\\/df0c9a14567c056f8ad6876ba5bbd1e3e2c48023eb6807342fc4663adf549f38?s=96&d=mm&r=g\",\"contentUrl\":\"https:\\\/\\\/secure.gravatar.com\\\/avatar\\\/df0c9a14567c056f8ad6876ba5bbd1e3e2c48023eb6807342fc4663adf549f38?s=96&d=mm&r=g\",\"caption\":\"Farn\u00e9sio\"},\"sameAs\":[\"https:\\\/\\\/quersaberpolitica.com.br\"],\"url\":\"https:\\\/\\\/blogdofarnesio.com.br\\\/?author=1\"}]}<\/script>\n<!-- \/ Yoast SEO plugin. -->","yoast_head_json":{"title":"JUAZEIRO: PROFESSORA LOURDES DUARTE COMPLETA 100 ANOS E C\u00c2MARA HOMENAGEIA - Blog do Farn\u00e9sio","robots":{"index":"index","follow":"follow","max-snippet":"max-snippet:-1","max-image-preview":"max-image-preview:large","max-video-preview":"max-video-preview:-1"},"canonical":"https:\/\/blogdofarnesio.com.br\/?p=170146","og_locale":"pt_BR","og_type":"article","og_title":"JUAZEIRO: PROFESSORA LOURDES DUARTE COMPLETA 100 ANOS E C\u00c2MARA HOMENAGEIA - Blog do Farn\u00e9sio","og_description":"A C\u00e2mara de Vereadores de Juazeiro est\u00e1 liderando as homenagens ao centen\u00e1rio da Professora Maria de Lourdes Duarte, completados nesta segunda feira (26). Placa alusiva \u00e0 data foi afixada na sua resid\u00eancia na tarde de hoje e uma sess\u00e3o especial ser\u00e1 realizada amanh\u00e3, a partir das 19:00 horas no Plen\u00e1rio da Casa Aprigio Duarte. Para o Presidente Alex Tanuri, acompanhado de 15 vereadores, que esteve na resid\u00eancia da Professora Maria de Lourdes Duarte para o descerramento da placa alusiva ao centen\u00e1rio \u201cA C\u00e2mara de Juazeiro entende que a educa\u00e7\u00e3o \u00e9 o \u00fanico pilar que d\u00e1 sustenta\u00e7\u00e3o a uma sociedade mais justa, que oferece perspectiva de futuro aos jovens e d\u00e1 esperan\u00e7a a todos n\u00f3s que o Brasil ser\u00e1 uma grande&hellip;","og_url":"https:\/\/blogdofarnesio.com.br\/?p=170146","og_site_name":"Blog do Farn\u00e9sio","article_publisher":"https:\/\/www.facebook.com\/BlogQuerSaberPolitica\/","article_published_time":"2017-06-27T13:20:17+00:00","og_image":[{"width":920,"height":613,"url":"https:\/\/blogdofarnesio.com.br\/wp-content\/uploads\/2017\/06\/BLOGQSP-VEREADORES-LURDES.jpg","type":"image\/jpeg"}],"author":"Farn\u00e9sio","twitter_card":"summary_large_image","twitter_misc":{"Escrito por":"Farn\u00e9sio","Est. tempo de leitura":"1 minuto"},"schema":{"@context":"https:\/\/schema.org","@graph":[{"@type":"Article","@id":"https:\/\/blogdofarnesio.com.br\/?p=170146#article","isPartOf":{"@id":"https:\/\/blogdofarnesio.com.br\/?p=170146"},"author":{"name":"Farn\u00e9sio","@id":"https:\/\/blogdofarnesio.com.br\/#\/schema\/person\/301c4acf522bccbfdb45af95b5b906a1"},"headline":"JUAZEIRO: PROFESSORA LOURDES DUARTE COMPLETA 100 ANOS E C\u00c2MARA HOMENAGEIA","datePublished":"2017-06-27T13:20:17+00:00","mainEntityOfPage":{"@id":"https:\/\/blogdofarnesio.com.br\/?p=170146"},"wordCount":173,"commentCount":0,"publisher":{"@id":"https:\/\/blogdofarnesio.com.br\/#organization"},"image":{"@id":"https:\/\/blogdofarnesio.com.br\/?p=170146#primaryimage"},"thumbnailUrl":"https:\/\/blogdofarnesio.com.br\/wp-content\/uploads\/2017\/06\/BLOGQSP-VEREADORES-LURDES.jpg","articleSection":["Administra\u00e7\u00e3o"],"inLanguage":"pt-BR","potentialAction":[{"@type":"CommentAction","name":"Comment","target":["https:\/\/blogdofarnesio.com.br\/?p=170146#respond"]}]},{"@type":"WebPage","@id":"https:\/\/blogdofarnesio.com.br\/?p=170146","url":"https:\/\/blogdofarnesio.com.br\/?p=170146","name":"JUAZEIRO: PROFESSORA LOURDES DUARTE COMPLETA 100 ANOS E C\u00c2MARA HOMENAGEIA - Blog do Farn\u00e9sio","isPartOf":{"@id":"https:\/\/blogdofarnesio.com.br\/#website"},"primaryImageOfPage":{"@id":"https:\/\/blogdofarnesio.com.br\/?p=170146#primaryimage"},"image":{"@id":"https:\/\/blogdofarnesio.com.br\/?p=170146#primaryimage"},"thumbnailUrl":"https:\/\/blogdofarnesio.com.br\/wp-content\/uploads\/2017\/06\/BLOGQSP-VEREADORES-LURDES.jpg","datePublished":"2017-06-27T13:20:17+00:00","breadcrumb":{"@id":"https:\/\/blogdofarnesio.com.br\/?p=170146#breadcrumb"},"inLanguage":"pt-BR","potentialAction":[{"@type":"ReadAction","target":["https:\/\/blogdofarnesio.com.br\/?p=170146"]}]},{"@type":"ImageObject","inLanguage":"pt-BR","@id":"https:\/\/blogdofarnesio.com.br\/?p=170146#primaryimage","url":"https:\/\/blogdofarnesio.com.br\/wp-content\/uploads\/2017\/06\/BLOGQSP-VEREADORES-LURDES.jpg","contentUrl":"https:\/\/blogdofarnesio.com.br\/wp-content\/uploads\/2017\/06\/BLOGQSP-VEREADORES-LURDES.jpg","width":920,"height":613},{"@type":"BreadcrumbList","@id":"https:\/\/blogdofarnesio.com.br\/?p=170146#breadcrumb","itemListElement":[{"@type":"ListItem","position":1,"name":"In\u00edcio","item":"https:\/\/blogdofarnesio.com.br\/"},{"@type":"ListItem","position":2,"name":"JUAZEIRO: PROFESSORA LOURDES DUARTE COMPLETA 100 ANOS E C\u00c2MARA HOMENAGEIA"}]},{"@type":"WebSite","@id":"https:\/\/blogdofarnesio.com.br\/#website","url":"https:\/\/blogdofarnesio.com.br\/","name":"Blog do Farn\u00e9sio","description":"Quer Saber Pol\u00edtica?","publisher":{"@id":"https:\/\/blogdofarnesio.com.br\/#organization"},"potentialAction":[{"@type":"SearchAction","target":{"@type":"EntryPoint","urlTemplate":"https:\/\/blogdofarnesio.com.br\/?s={search_term_string}"},"query-input":{"@type":"PropertyValueSpecification","valueRequired":true,"valueName":"search_term_string"}}],"inLanguage":"pt-BR"},{"@type":"Organization","@id":"https:\/\/blogdofarnesio.com.br\/#organization","name":"Blog do Farn\u00e9sio","url":"https:\/\/blogdofarnesio.com.br\/","logo":{"@type":"ImageObject","inLanguage":"pt-BR","@id":"https:\/\/blogdofarnesio.com.br\/#\/schema\/logo\/image\/","url":"https:\/\/blogdofarnesio.com.br\/wp-content\/uploads\/2026\/03\/cropped-logo_new-1.png","contentUrl":"https:\/\/blogdofarnesio.com.br\/wp-content\/uploads\/2026\/03\/cropped-logo_new-1.png","width":881,"height":685,"caption":"Blog do Farn\u00e9sio"},"image":{"@id":"https:\/\/blogdofarnesio.com.br\/#\/schema\/logo\/image\/"},"sameAs":["https:\/\/www.facebook.com\/BlogQuerSaberPolitica\/"]},{"@type":"Person","@id":"https:\/\/blogdofarnesio.com.br\/#\/schema\/person\/301c4acf522bccbfdb45af95b5b906a1","name":"Farn\u00e9sio","image":{"@type":"ImageObject","inLanguage":"pt-BR","@id":"https:\/\/secure.gravatar.com\/avatar\/df0c9a14567c056f8ad6876ba5bbd1e3e2c48023eb6807342fc4663adf549f38?s=96&d=mm&r=g","url":"https:\/\/secure.gravatar.com\/avatar\/df0c9a14567c056f8ad6876ba5bbd1e3e2c48023eb6807342fc4663adf549f38?s=96&d=mm&r=g","contentUrl":"https:\/\/secure.gravatar.com\/avatar\/df0c9a14567c056f8ad6876ba5bbd1e3e2c48023eb6807342fc4663adf549f38?s=96&d=mm&r=g","caption":"Farn\u00e9sio"},"sameAs":["https:\/\/quersaberpolitica.com.br"],"url":"https:\/\/blogdofarnesio.com.br\/?author=1"}]}},"_links":{"self":[{"href":"https:\/\/blogdofarnesio.com.br\/index.php?rest_route=\/wp\/v2\/posts\/170146","targetHints":{"allow":["GET"]}}],"collection":[{"href":"https:\/\/blogdofarnesio.com.br\/index.php?rest_route=\/wp\/v2\/posts"}],"about":[{"href":"https:\/\/blogdofarnesio.com.br\/index.php?rest_route=\/wp\/v2\/types\/post"}],"author":[{"embeddable":true,"href":"https:\/\/blogdofarnesio.com.br\/index.php?rest_route=\/wp\/v2\/users\/1"}],"replies":[{"embeddable":true,"href":"https:\/\/blogdofarnesio.com.br\/index.php?rest_route=%2Fwp%2Fv2%2Fcomments&post=170146"}],"version-history":[{"count":0,"href":"https:\/\/blogdofarnesio.com.br\/index.php?rest_route=\/wp\/v2\/posts\/170146\/revisions"}],"wp:featuredmedia":[{"embeddable":true,"href":"https:\/\/blogdofarnesio.com.br\/index.php?rest_route=\/wp\/v2\/media\/170147"}],"wp:attachment":[{"href":"https:\/\/blogdofarnesio.com.br\/index.php?rest_route=%2Fwp%2Fv2%2Fmedia&parent=170146"}],"wp:term":[{"taxonomy":"category","embeddable":true,"href":"https:\/\/blogdofarnesio.com.br\/index.php?rest_route=%2Fwp%2Fv2%2Fcategories&post=170146"},{"taxonomy":"post_tag","embeddable":true,"href":"https:\/\/blogdofarnesio.com.br\/index.php?rest_route=%2Fwp%2Fv2%2Ftags&post=170146"}],"curies":[{"name":"wp","href":"https:\/\/api.w.org\/{rel}","templated":true}]}}