{"id":170103,"date":"2017-06-27T10:02:30","date_gmt":"2017-06-27T13:02:30","guid":{"rendered":"http:\/\/quersaberpolitica.com.br\/2016\/?p=170103"},"modified":"2017-06-27T06:34:59","modified_gmt":"2017-06-27T09:34:59","slug":"otima-constatacao-mortes-em-rodovias-baianas-durante-o-sao-joao-teve-reducao-de-20","status":"publish","type":"post","link":"https:\/\/blogdofarnesio.com.br\/?p=170103","title":{"rendered":"\u00d3TIMA CONSTATA\u00c7\u00c3O: MORTES EM RODOVIAS BAIANAS DURANTE O S\u00c3O JO\u00c3O TEVE REDU\u00c7\u00c3O DE 20%"},"content":{"rendered":"<div class=\"box-title\"><\/div>\n<div class=\"box-body\">\n<div class=\"text-descricao\">\n<p>A Opera\u00e7\u00e3o S\u00e3o Jo\u00e3o, conclu\u00edda na manh\u00e3 desta segunda-feira (26) pela Pol\u00edcia Militar, registrou redu\u00e7\u00e3o no n\u00famero de mortes nas rodovias estaduais na compara\u00e7\u00e3o com o mesmo per\u00edodo do ano passado. De acordo com o balan\u00e7o divulgado pela PM, ocorreram 33 acidentes de tr\u00e2nsito com 20 v\u00edtimas com ferimentos leves, nove com ferimentos graves e quatro v\u00edtimas fatais \u2013 uma redu\u00e7\u00e3o de 42% das mortes na estrada em rela\u00e7\u00e3o a 2016, quando sete pessoas morreram.<\/p>\n<p>Houve tamb\u00e9m redu\u00e7\u00e3o de 23%\u00a0no n\u00famero de feridos leves e aumento em 12,5%\u00a0no de feridos graves. O primeiro acidente com v\u00edtima fatal aconteceu no \u00faltimo s\u00e1bado (24): um motociclista morreu ap\u00f3s atropelar um animal na BA-758, por volta das 18h30. As outras mortes ocorreram no domingo (25): um homem atingindo por uma caminhonete no km 25 na BA-099; a passageira de uma motocicleta que tombou no km 24 da BA-523, por volta das 17h30; um condutor de um ve\u00edculo que colidiu com um obst\u00e1culo f\u00edsico e capotou no km 193 da BA-234, por volta das 19h.<\/p>\n<p>Durante a opera\u00e7\u00e3o, a PM abordou 8.228 pessoas e 5.504 ve\u00edculos, sendo 1.141 autuados e 86 retidos. As a\u00e7\u00f5es resultaram tamb\u00e9m no recolhimento de 28\u00a0Carteiras Nacionais de Habilita\u00e7\u00e3o (CNH) e de 33 Certificados de Registro de Licenciamento de Ve\u00edculo (CRLV). Nos quatro dias de opera\u00e7\u00e3o, 547 ve\u00edculos foram flagrados em excesso de velocidade por radares est\u00e1ticos e m\u00f3veis e duas pessoas foram conduzidas \u00e0s delegacias por dirigirem sob efeito de bebida alc\u00f3olica.<\/p>\n<p>Na sexta-feira (23), foi registrada uma ocorr\u00eancia envolvendo tr\u00e1fico de drogas:\u00a0tr\u00eas pessoas que estavam em ve\u00edculo na altura de um local conhecido como &#8220;Trevo do Galego&#8221;, na rodovia na BA-386, foram abordados e portavam uma quantidade n\u00e3o informada de haxixe e maconha, al\u00e9m de dinheiro, balan\u00e7a e outros objetos. O material e os presos foram apresentados na delegacia de Porto Seguro.<\/p>\n<\/div>\n<\/div>\n","protected":false},"excerpt":{"rendered":"<p>A Opera\u00e7\u00e3o S\u00e3o Jo\u00e3o, conclu\u00edda na manh\u00e3 desta segunda-feira (26) pela Pol\u00edcia Militar, registrou redu\u00e7\u00e3o no n\u00famero de mortes nas rodovias estaduais na compara\u00e7\u00e3o com o mesmo per\u00edodo do ano passado. De acordo com o balan\u00e7o divulgado pela PM, ocorreram 33 acidentes de tr\u00e2nsito com 20 v\u00edtimas com ferimentos leves, nove com ferimentos graves e quatro v\u00edtimas fatais \u2013 uma redu\u00e7\u00e3o de 42% das mortes na estrada em rela\u00e7\u00e3o a 2016, quando sete pessoas morreram. Houve tamb\u00e9m redu\u00e7\u00e3o de 23%\u00a0no n\u00famero de feridos leves e aumento em 12,5%\u00a0no de feridos graves. O primeiro acidente com v\u00edtima fatal aconteceu no \u00faltimo s\u00e1bado (24): um motociclista morreu ap\u00f3s atropelar um animal na BA-758, por volta das 18h30. As outras mortes ocorreram no&hellip; <\/p>\n","protected":false},"author":1,"featured_media":132332,"comment_status":"open","ping_status":"open","sticky":false,"template":"","format":"standard","meta":{"_acf_changed":false,"footnotes":""},"categories":[17],"tags":[],"class_list":["post-170103","post","type-post","status-publish","format-standard","has-post-thumbnail","hentry","category-estradas"],"acf":[],"yoast_head":"<!-- This site is optimized with the Yoast SEO plugin v27.4 - https:\/\/yoast.com\/product\/yoast-seo-wordpress\/ -->\n<title>\u00d3TIMA CONSTATA\u00c7\u00c3O: MORTES EM RODOVIAS BAIANAS DURANTE O S\u00c3O JO\u00c3O TEVE REDU\u00c7\u00c3O DE 20% - Blog do Farn\u00e9sio<\/title>\n<meta name=\"robots\" content=\"index, follow, max-snippet:-1, max-image-preview:large, max-video-preview:-1\" \/>\n<link rel=\"canonical\" href=\"https:\/\/blogdofarnesio.com.br\/?p=170103\" \/>\n<meta property=\"og:locale\" content=\"pt_BR\" \/>\n<meta property=\"og:type\" content=\"article\" \/>\n<meta property=\"og:title\" content=\"\u00d3TIMA CONSTATA\u00c7\u00c3O: MORTES EM RODOVIAS BAIANAS DURANTE O S\u00c3O JO\u00c3O TEVE REDU\u00c7\u00c3O DE 20% - Blog do Farn\u00e9sio\" \/>\n<meta property=\"og:description\" content=\"A Opera\u00e7\u00e3o S\u00e3o Jo\u00e3o, conclu\u00edda na manh\u00e3 desta segunda-feira (26) pela Pol\u00edcia Militar, registrou redu\u00e7\u00e3o no n\u00famero de mortes nas rodovias estaduais na compara\u00e7\u00e3o com o mesmo per\u00edodo do ano passado. De acordo com o balan\u00e7o divulgado pela PM, ocorreram 33 acidentes de tr\u00e2nsito com 20 v\u00edtimas com ferimentos leves, nove com ferimentos graves e quatro v\u00edtimas fatais \u2013 uma redu\u00e7\u00e3o de 42% das mortes na estrada em rela\u00e7\u00e3o a 2016, quando sete pessoas morreram. Houve tamb\u00e9m redu\u00e7\u00e3o de 23%\u00a0no n\u00famero de feridos leves e aumento em 12,5%\u00a0no de feridos graves. O primeiro acidente com v\u00edtima fatal aconteceu no \u00faltimo s\u00e1bado (24): um motociclista morreu ap\u00f3s atropelar um animal na BA-758, por volta das 18h30. As outras mortes ocorreram no&hellip;\" \/>\n<meta property=\"og:url\" content=\"https:\/\/blogdofarnesio.com.br\/?p=170103\" \/>\n<meta property=\"og:site_name\" content=\"Blog do Farn\u00e9sio\" \/>\n<meta property=\"article:publisher\" content=\"https:\/\/www.facebook.com\/BlogQuerSaberPolitica\/\" \/>\n<meta property=\"article:published_time\" content=\"2017-06-27T13:02:30+00:00\" \/>\n<meta property=\"og:image\" content=\"https:\/\/blogdofarnesio.com.br\/wp-content\/uploads\/2015\/10\/blogqsp-opera\u00e7\u00e3oestrada-pm.jpg\" \/>\n\t<meta property=\"og:image:width\" content=\"416\" \/>\n\t<meta property=\"og:image:height\" content=\"312\" \/>\n\t<meta property=\"og:image:type\" content=\"image\/jpeg\" \/>\n<meta name=\"author\" content=\"Farn\u00e9sio\" \/>\n<meta name=\"twitter:card\" content=\"summary_large_image\" \/>\n<meta name=\"twitter:label1\" content=\"Escrito por\" \/>\n\t<meta name=\"twitter:data1\" content=\"Farn\u00e9sio\" \/>\n\t<meta name=\"twitter:label2\" content=\"Est. tempo de leitura\" \/>\n\t<meta name=\"twitter:data2\" content=\"2 minutos\" \/>\n<script type=\"application\/ld+json\" class=\"yoast-schema-graph\">{\"@context\":\"https:\\\/\\\/schema.org\",\"@graph\":[{\"@type\":\"Article\",\"@id\":\"https:\\\/\\\/blogdofarnesio.com.br\\\/?p=170103#article\",\"isPartOf\":{\"@id\":\"https:\\\/\\\/blogdofarnesio.com.br\\\/?p=170103\"},\"author\":{\"name\":\"Farn\u00e9sio\",\"@id\":\"https:\\\/\\\/blogdofarnesio.com.br\\\/#\\\/schema\\\/person\\\/301c4acf522bccbfdb45af95b5b906a1\"},\"headline\":\"\u00d3TIMA CONSTATA\u00c7\u00c3O: MORTES EM RODOVIAS BAIANAS DURANTE O S\u00c3O JO\u00c3O TEVE REDU\u00c7\u00c3O DE 20%\",\"datePublished\":\"2017-06-27T13:02:30+00:00\",\"mainEntityOfPage\":{\"@id\":\"https:\\\/\\\/blogdofarnesio.com.br\\\/?p=170103\"},\"wordCount\":346,\"commentCount\":0,\"publisher\":{\"@id\":\"https:\\\/\\\/blogdofarnesio.com.br\\\/#organization\"},\"image\":{\"@id\":\"https:\\\/\\\/blogdofarnesio.com.br\\\/?p=170103#primaryimage\"},\"thumbnailUrl\":\"https:\\\/\\\/blogdofarnesio.com.br\\\/wp-content\\\/uploads\\\/2015\\\/10\\\/blogqsp-opera\u00e7\u00e3oestrada-pm.jpg\",\"articleSection\":[\"Estradas\"],\"inLanguage\":\"pt-BR\",\"potentialAction\":[{\"@type\":\"CommentAction\",\"name\":\"Comment\",\"target\":[\"https:\\\/\\\/blogdofarnesio.com.br\\\/?p=170103#respond\"]}]},{\"@type\":\"WebPage\",\"@id\":\"https:\\\/\\\/blogdofarnesio.com.br\\\/?p=170103\",\"url\":\"https:\\\/\\\/blogdofarnesio.com.br\\\/?p=170103\",\"name\":\"\u00d3TIMA CONSTATA\u00c7\u00c3O: MORTES EM RODOVIAS BAIANAS DURANTE O S\u00c3O JO\u00c3O TEVE REDU\u00c7\u00c3O DE 20% - Blog do Farn\u00e9sio\",\"isPartOf\":{\"@id\":\"https:\\\/\\\/blogdofarnesio.com.br\\\/#website\"},\"primaryImageOfPage\":{\"@id\":\"https:\\\/\\\/blogdofarnesio.com.br\\\/?p=170103#primaryimage\"},\"image\":{\"@id\":\"https:\\\/\\\/blogdofarnesio.com.br\\\/?p=170103#primaryimage\"},\"thumbnailUrl\":\"https:\\\/\\\/blogdofarnesio.com.br\\\/wp-content\\\/uploads\\\/2015\\\/10\\\/blogqsp-opera\u00e7\u00e3oestrada-pm.jpg\",\"datePublished\":\"2017-06-27T13:02:30+00:00\",\"breadcrumb\":{\"@id\":\"https:\\\/\\\/blogdofarnesio.com.br\\\/?p=170103#breadcrumb\"},\"inLanguage\":\"pt-BR\",\"potentialAction\":[{\"@type\":\"ReadAction\",\"target\":[\"https:\\\/\\\/blogdofarnesio.com.br\\\/?p=170103\"]}]},{\"@type\":\"ImageObject\",\"inLanguage\":\"pt-BR\",\"@id\":\"https:\\\/\\\/blogdofarnesio.com.br\\\/?p=170103#primaryimage\",\"url\":\"https:\\\/\\\/blogdofarnesio.com.br\\\/wp-content\\\/uploads\\\/2015\\\/10\\\/blogqsp-opera\u00e7\u00e3oestrada-pm.jpg\",\"contentUrl\":\"https:\\\/\\\/blogdofarnesio.com.br\\\/wp-content\\\/uploads\\\/2015\\\/10\\\/blogqsp-opera\u00e7\u00e3oestrada-pm.jpg\",\"width\":416,\"height\":312},{\"@type\":\"BreadcrumbList\",\"@id\":\"https:\\\/\\\/blogdofarnesio.com.br\\\/?p=170103#breadcrumb\",\"itemListElement\":[{\"@type\":\"ListItem\",\"position\":1,\"name\":\"In\u00edcio\",\"item\":\"https:\\\/\\\/blogdofarnesio.com.br\\\/\"},{\"@type\":\"ListItem\",\"position\":2,\"name\":\"\u00d3TIMA CONSTATA\u00c7\u00c3O: MORTES EM RODOVIAS BAIANAS DURANTE O S\u00c3O JO\u00c3O TEVE REDU\u00c7\u00c3O DE 20%\"}]},{\"@type\":\"WebSite\",\"@id\":\"https:\\\/\\\/blogdofarnesio.com.br\\\/#website\",\"url\":\"https:\\\/\\\/blogdofarnesio.com.br\\\/\",\"name\":\"Blog do Farn\u00e9sio\",\"description\":\"Quer Saber Pol\u00edtica?\",\"publisher\":{\"@id\":\"https:\\\/\\\/blogdofarnesio.com.br\\\/#organization\"},\"potentialAction\":[{\"@type\":\"SearchAction\",\"target\":{\"@type\":\"EntryPoint\",\"urlTemplate\":\"https:\\\/\\\/blogdofarnesio.com.br\\\/?s={search_term_string}\"},\"query-input\":{\"@type\":\"PropertyValueSpecification\",\"valueRequired\":true,\"valueName\":\"search_term_string\"}}],\"inLanguage\":\"pt-BR\"},{\"@type\":\"Organization\",\"@id\":\"https:\\\/\\\/blogdofarnesio.com.br\\\/#organization\",\"name\":\"Blog do Farn\u00e9sio\",\"url\":\"https:\\\/\\\/blogdofarnesio.com.br\\\/\",\"logo\":{\"@type\":\"ImageObject\",\"inLanguage\":\"pt-BR\",\"@id\":\"https:\\\/\\\/blogdofarnesio.com.br\\\/#\\\/schema\\\/logo\\\/image\\\/\",\"url\":\"https:\\\/\\\/blogdofarnesio.com.br\\\/wp-content\\\/uploads\\\/2026\\\/03\\\/cropped-logo_new-1.png\",\"contentUrl\":\"https:\\\/\\\/blogdofarnesio.com.br\\\/wp-content\\\/uploads\\\/2026\\\/03\\\/cropped-logo_new-1.png\",\"width\":881,\"height\":685,\"caption\":\"Blog do Farn\u00e9sio\"},\"image\":{\"@id\":\"https:\\\/\\\/blogdofarnesio.com.br\\\/#\\\/schema\\\/logo\\\/image\\\/\"},\"sameAs\":[\"https:\\\/\\\/www.facebook.com\\\/BlogQuerSaberPolitica\\\/\"]},{\"@type\":\"Person\",\"@id\":\"https:\\\/\\\/blogdofarnesio.com.br\\\/#\\\/schema\\\/person\\\/301c4acf522bccbfdb45af95b5b906a1\",\"name\":\"Farn\u00e9sio\",\"image\":{\"@type\":\"ImageObject\",\"inLanguage\":\"pt-BR\",\"@id\":\"https:\\\/\\\/secure.gravatar.com\\\/avatar\\\/df0c9a14567c056f8ad6876ba5bbd1e3e2c48023eb6807342fc4663adf549f38?s=96&d=mm&r=g\",\"url\":\"https:\\\/\\\/secure.gravatar.com\\\/avatar\\\/df0c9a14567c056f8ad6876ba5bbd1e3e2c48023eb6807342fc4663adf549f38?s=96&d=mm&r=g\",\"contentUrl\":\"https:\\\/\\\/secure.gravatar.com\\\/avatar\\\/df0c9a14567c056f8ad6876ba5bbd1e3e2c48023eb6807342fc4663adf549f38?s=96&d=mm&r=g\",\"caption\":\"Farn\u00e9sio\"},\"sameAs\":[\"https:\\\/\\\/quersaberpolitica.com.br\"],\"url\":\"https:\\\/\\\/blogdofarnesio.com.br\\\/?author=1\"}]}<\/script>\n<!-- \/ Yoast SEO plugin. -->","yoast_head_json":{"title":"\u00d3TIMA CONSTATA\u00c7\u00c3O: MORTES EM RODOVIAS BAIANAS DURANTE O S\u00c3O JO\u00c3O TEVE REDU\u00c7\u00c3O DE 20% - Blog do Farn\u00e9sio","robots":{"index":"index","follow":"follow","max-snippet":"max-snippet:-1","max-image-preview":"max-image-preview:large","max-video-preview":"max-video-preview:-1"},"canonical":"https:\/\/blogdofarnesio.com.br\/?p=170103","og_locale":"pt_BR","og_type":"article","og_title":"\u00d3TIMA CONSTATA\u00c7\u00c3O: MORTES EM RODOVIAS BAIANAS DURANTE O S\u00c3O JO\u00c3O TEVE REDU\u00c7\u00c3O DE 20% - Blog do Farn\u00e9sio","og_description":"A Opera\u00e7\u00e3o S\u00e3o Jo\u00e3o, conclu\u00edda na manh\u00e3 desta segunda-feira (26) pela Pol\u00edcia Militar, registrou redu\u00e7\u00e3o no n\u00famero de mortes nas rodovias estaduais na compara\u00e7\u00e3o com o mesmo per\u00edodo do ano passado. De acordo com o balan\u00e7o divulgado pela PM, ocorreram 33 acidentes de tr\u00e2nsito com 20 v\u00edtimas com ferimentos leves, nove com ferimentos graves e quatro v\u00edtimas fatais \u2013 uma redu\u00e7\u00e3o de 42% das mortes na estrada em rela\u00e7\u00e3o a 2016, quando sete pessoas morreram. Houve tamb\u00e9m redu\u00e7\u00e3o de 23%\u00a0no n\u00famero de feridos leves e aumento em 12,5%\u00a0no de feridos graves. O primeiro acidente com v\u00edtima fatal aconteceu no \u00faltimo s\u00e1bado (24): um motociclista morreu ap\u00f3s atropelar um animal na BA-758, por volta das 18h30. As outras mortes ocorreram no&hellip;","og_url":"https:\/\/blogdofarnesio.com.br\/?p=170103","og_site_name":"Blog do Farn\u00e9sio","article_publisher":"https:\/\/www.facebook.com\/BlogQuerSaberPolitica\/","article_published_time":"2017-06-27T13:02:30+00:00","og_image":[{"width":416,"height":312,"url":"https:\/\/blogdofarnesio.com.br\/wp-content\/uploads\/2015\/10\/blogqsp-opera\u00e7\u00e3oestrada-pm.jpg","type":"image\/jpeg"}],"author":"Farn\u00e9sio","twitter_card":"summary_large_image","twitter_misc":{"Escrito por":"Farn\u00e9sio","Est. tempo de leitura":"2 minutos"},"schema":{"@context":"https:\/\/schema.org","@graph":[{"@type":"Article","@id":"https:\/\/blogdofarnesio.com.br\/?p=170103#article","isPartOf":{"@id":"https:\/\/blogdofarnesio.com.br\/?p=170103"},"author":{"name":"Farn\u00e9sio","@id":"https:\/\/blogdofarnesio.com.br\/#\/schema\/person\/301c4acf522bccbfdb45af95b5b906a1"},"headline":"\u00d3TIMA CONSTATA\u00c7\u00c3O: MORTES EM RODOVIAS BAIANAS DURANTE O S\u00c3O JO\u00c3O TEVE REDU\u00c7\u00c3O DE 20%","datePublished":"2017-06-27T13:02:30+00:00","mainEntityOfPage":{"@id":"https:\/\/blogdofarnesio.com.br\/?p=170103"},"wordCount":346,"commentCount":0,"publisher":{"@id":"https:\/\/blogdofarnesio.com.br\/#organization"},"image":{"@id":"https:\/\/blogdofarnesio.com.br\/?p=170103#primaryimage"},"thumbnailUrl":"https:\/\/blogdofarnesio.com.br\/wp-content\/uploads\/2015\/10\/blogqsp-opera\u00e7\u00e3oestrada-pm.jpg","articleSection":["Estradas"],"inLanguage":"pt-BR","potentialAction":[{"@type":"CommentAction","name":"Comment","target":["https:\/\/blogdofarnesio.com.br\/?p=170103#respond"]}]},{"@type":"WebPage","@id":"https:\/\/blogdofarnesio.com.br\/?p=170103","url":"https:\/\/blogdofarnesio.com.br\/?p=170103","name":"\u00d3TIMA CONSTATA\u00c7\u00c3O: MORTES EM RODOVIAS BAIANAS DURANTE O S\u00c3O JO\u00c3O TEVE REDU\u00c7\u00c3O DE 20% - Blog do Farn\u00e9sio","isPartOf":{"@id":"https:\/\/blogdofarnesio.com.br\/#website"},"primaryImageOfPage":{"@id":"https:\/\/blogdofarnesio.com.br\/?p=170103#primaryimage"},"image":{"@id":"https:\/\/blogdofarnesio.com.br\/?p=170103#primaryimage"},"thumbnailUrl":"https:\/\/blogdofarnesio.com.br\/wp-content\/uploads\/2015\/10\/blogqsp-opera\u00e7\u00e3oestrada-pm.jpg","datePublished":"2017-06-27T13:02:30+00:00","breadcrumb":{"@id":"https:\/\/blogdofarnesio.com.br\/?p=170103#breadcrumb"},"inLanguage":"pt-BR","potentialAction":[{"@type":"ReadAction","target":["https:\/\/blogdofarnesio.com.br\/?p=170103"]}]},{"@type":"ImageObject","inLanguage":"pt-BR","@id":"https:\/\/blogdofarnesio.com.br\/?p=170103#primaryimage","url":"https:\/\/blogdofarnesio.com.br\/wp-content\/uploads\/2015\/10\/blogqsp-opera\u00e7\u00e3oestrada-pm.jpg","contentUrl":"https:\/\/blogdofarnesio.com.br\/wp-content\/uploads\/2015\/10\/blogqsp-opera\u00e7\u00e3oestrada-pm.jpg","width":416,"height":312},{"@type":"BreadcrumbList","@id":"https:\/\/blogdofarnesio.com.br\/?p=170103#breadcrumb","itemListElement":[{"@type":"ListItem","position":1,"name":"In\u00edcio","item":"https:\/\/blogdofarnesio.com.br\/"},{"@type":"ListItem","position":2,"name":"\u00d3TIMA CONSTATA\u00c7\u00c3O: MORTES EM RODOVIAS BAIANAS DURANTE O S\u00c3O JO\u00c3O TEVE REDU\u00c7\u00c3O DE 20%"}]},{"@type":"WebSite","@id":"https:\/\/blogdofarnesio.com.br\/#website","url":"https:\/\/blogdofarnesio.com.br\/","name":"Blog do Farn\u00e9sio","description":"Quer Saber Pol\u00edtica?","publisher":{"@id":"https:\/\/blogdofarnesio.com.br\/#organization"},"potentialAction":[{"@type":"SearchAction","target":{"@type":"EntryPoint","urlTemplate":"https:\/\/blogdofarnesio.com.br\/?s={search_term_string}"},"query-input":{"@type":"PropertyValueSpecification","valueRequired":true,"valueName":"search_term_string"}}],"inLanguage":"pt-BR"},{"@type":"Organization","@id":"https:\/\/blogdofarnesio.com.br\/#organization","name":"Blog do Farn\u00e9sio","url":"https:\/\/blogdofarnesio.com.br\/","logo":{"@type":"ImageObject","inLanguage":"pt-BR","@id":"https:\/\/blogdofarnesio.com.br\/#\/schema\/logo\/image\/","url":"https:\/\/blogdofarnesio.com.br\/wp-content\/uploads\/2026\/03\/cropped-logo_new-1.png","contentUrl":"https:\/\/blogdofarnesio.com.br\/wp-content\/uploads\/2026\/03\/cropped-logo_new-1.png","width":881,"height":685,"caption":"Blog do Farn\u00e9sio"},"image":{"@id":"https:\/\/blogdofarnesio.com.br\/#\/schema\/logo\/image\/"},"sameAs":["https:\/\/www.facebook.com\/BlogQuerSaberPolitica\/"]},{"@type":"Person","@id":"https:\/\/blogdofarnesio.com.br\/#\/schema\/person\/301c4acf522bccbfdb45af95b5b906a1","name":"Farn\u00e9sio","image":{"@type":"ImageObject","inLanguage":"pt-BR","@id":"https:\/\/secure.gravatar.com\/avatar\/df0c9a14567c056f8ad6876ba5bbd1e3e2c48023eb6807342fc4663adf549f38?s=96&d=mm&r=g","url":"https:\/\/secure.gravatar.com\/avatar\/df0c9a14567c056f8ad6876ba5bbd1e3e2c48023eb6807342fc4663adf549f38?s=96&d=mm&r=g","contentUrl":"https:\/\/secure.gravatar.com\/avatar\/df0c9a14567c056f8ad6876ba5bbd1e3e2c48023eb6807342fc4663adf549f38?s=96&d=mm&r=g","caption":"Farn\u00e9sio"},"sameAs":["https:\/\/quersaberpolitica.com.br"],"url":"https:\/\/blogdofarnesio.com.br\/?author=1"}]}},"_links":{"self":[{"href":"https:\/\/blogdofarnesio.com.br\/index.php?rest_route=\/wp\/v2\/posts\/170103","targetHints":{"allow":["GET"]}}],"collection":[{"href":"https:\/\/blogdofarnesio.com.br\/index.php?rest_route=\/wp\/v2\/posts"}],"about":[{"href":"https:\/\/blogdofarnesio.com.br\/index.php?rest_route=\/wp\/v2\/types\/post"}],"author":[{"embeddable":true,"href":"https:\/\/blogdofarnesio.com.br\/index.php?rest_route=\/wp\/v2\/users\/1"}],"replies":[{"embeddable":true,"href":"https:\/\/blogdofarnesio.com.br\/index.php?rest_route=%2Fwp%2Fv2%2Fcomments&post=170103"}],"version-history":[{"count":0,"href":"https:\/\/blogdofarnesio.com.br\/index.php?rest_route=\/wp\/v2\/posts\/170103\/revisions"}],"wp:featuredmedia":[{"embeddable":true,"href":"https:\/\/blogdofarnesio.com.br\/index.php?rest_route=\/wp\/v2\/media\/132332"}],"wp:attachment":[{"href":"https:\/\/blogdofarnesio.com.br\/index.php?rest_route=%2Fwp%2Fv2%2Fmedia&parent=170103"}],"wp:term":[{"taxonomy":"category","embeddable":true,"href":"https:\/\/blogdofarnesio.com.br\/index.php?rest_route=%2Fwp%2Fv2%2Fcategories&post=170103"},{"taxonomy":"post_tag","embeddable":true,"href":"https:\/\/blogdofarnesio.com.br\/index.php?rest_route=%2Fwp%2Fv2%2Ftags&post=170103"}],"curies":[{"name":"wp","href":"https:\/\/api.w.org\/{rel}","templated":true}]}}