{"id":169950,"date":"2017-06-23T11:00:56","date_gmt":"2017-06-23T14:00:56","guid":{"rendered":"http:\/\/quersaberpolitica.com.br\/2016\/?p=169950"},"modified":"2017-06-23T11:03:15","modified_gmt":"2017-06-23T14:03:15","slug":"cunha-escreve-a-mao-os-termos-de-sua-propria-delacao","status":"publish","type":"post","link":"https:\/\/blogdofarnesio.com.br\/?p=169950","title":{"rendered":"CUNHA ESCREVE \u00c0 M\u00c3O OS TERMOS DE SUA PR\u00d3PRIA DELA\u00c7\u00c3O"},"content":{"rendered":"<div style=\"text-align: justify;\">O ex-deputado federal Eduardo Cunha (PMDB-RJ), preso em Curitiba desde\u00a0outubro do ano passado, est\u00e1 h\u00e1 mais de um m\u00eas escrevendo \u00e0 m\u00e3o de dentro\u00a0de sua cela os anexos de uma proposta de dela\u00e7\u00e3o que negocia com o\u00a0Minist\u00e9rio P\u00fablico no \u00e2mbito da Lava Jato.<\/div>\n<div><\/div>\n<div style=\"text-align: justify;\">Na segunda semana de maio, Cunha passou a colocar no papel as hist\u00f3rias que\u00a0quer contar aos procuradores. O ex-presidente da C\u00e2mara usa uma caneta\u00a0esferogr\u00e1fica comum e folhas em branco soltas.<\/div>\n<div style=\"text-align: justify;\"><\/div>\n<div style=\"text-align: justify;\">H\u00e1 tr\u00eas semanas o advogado D\u00e9lio Lins e Silva, rec\u00e9m contratado por Cunha,\u00a0teve um encontro com um assessor de confian\u00e7a do procurador-geral da\u00a0Rep\u00fablica, Rodrigo Janot, em Bras\u00edlia. Forneceu uma amostra do que o\u00a0ex-deputado pode revelar. Entre as hist\u00f3rias que Cunha promete revelar, h\u00e1\u00a0suposto esquema de cobran\u00e7a de propina relacionada \u00e0 libera\u00e7\u00e3o de verba do\u00a0Fundo de Investimento do FGTS. O sinal do Minist\u00e9rio P\u00fablico \u00e0 proposta foi\u00a0positivo.<\/div>\n<div style=\"text-align: justify;\"><\/div>\n<div style=\"text-align: justify;\">Segundo pessoas com acesso ao deputado, Cunha resolveu p\u00f4r no papel as\u00a0hist\u00f3rias ap\u00f3s receber o recado de que o corretor de valores L\u00facio Bolonha\u00a0Funaro, que atuava como operador do ex-presidente da C\u00e2mara, tamb\u00e9m\u00a0resolveu contar o que sabe.\u00a0Paralelamente os dois assaram a escrever propostas de dela\u00e7\u00e3o. Com a\u00a0eclos\u00e3o das den\u00fancias da JBS, Cunha decidiu que seu defensor deveria\u00a0procurar a Lava Jato para manifestar intens\u00e3o de delatar.\u00a0Ao decidir tentar a dela\u00e7\u00e3o, seria natural que Cunha fosse transferido para\u00a0a Superintend\u00eancia da Pol\u00edcia Federal em Curitiba. Mas segundo a Folha\u00a0apurou, o deputado quis permanecer no Complexo M\u00e9dico Penal, em Pinhais, na\u00a0regi\u00e3o metropolitana da cidade.<\/div>\n<div style=\"text-align: justify;\"><\/div>\n<div style=\"text-align: justify;\">Como ele pretende delatar alvos com foro privilegiado, as negocia\u00e7\u00f5es ser\u00e3o\u00a0todas feitas com procuradores de Bras\u00edlia. Cunha pode ser transferido para\u00a0o pres\u00eddio da Papuda, no Distrito Federal.\u00a0Procurado, Lins e Silva negou que seu cliente esteja escrevendo a dela\u00e7\u00e3o.\u00a0A Procuradoria n\u00e3o quis comentar.<\/div>\n","protected":false},"excerpt":{"rendered":"<p>O ex-deputado federal Eduardo Cunha (PMDB-RJ), preso em Curitiba desde\u00a0outubro do ano passado, est\u00e1 h\u00e1 mais de um m\u00eas escrevendo \u00e0 m\u00e3o de dentro\u00a0de sua cela os anexos de uma proposta de dela\u00e7\u00e3o que negocia com o\u00a0Minist\u00e9rio P\u00fablico no \u00e2mbito da Lava Jato. Na segunda semana de maio, Cunha passou a colocar no papel as hist\u00f3rias que\u00a0quer contar aos procuradores. O ex-presidente da C\u00e2mara usa uma caneta\u00a0esferogr\u00e1fica comum e folhas em branco soltas. H\u00e1 tr\u00eas semanas o advogado D\u00e9lio Lins e Silva, rec\u00e9m contratado por Cunha,\u00a0teve um encontro com um assessor de confian\u00e7a do procurador-geral da\u00a0Rep\u00fablica, Rodrigo Janot, em Bras\u00edlia. Forneceu uma amostra do que o\u00a0ex-deputado pode revelar. Entre as hist\u00f3rias que Cunha promete revelar, h\u00e1\u00a0suposto esquema de cobran\u00e7a de&hellip; <\/p>\n","protected":false},"author":1,"featured_media":156219,"comment_status":"open","ping_status":"open","sticky":false,"template":"","format":"standard","meta":{"_acf_changed":false,"footnotes":""},"categories":[1],"tags":[],"class_list":["post-169950","post","type-post","status-publish","format-standard","has-post-thumbnail","hentry","category-politica"],"acf":[],"yoast_head":"<!-- This site is optimized with the Yoast SEO plugin v27.4 - https:\/\/yoast.com\/product\/yoast-seo-wordpress\/ -->\n<title>CUNHA ESCREVE \u00c0 M\u00c3O OS TERMOS DE SUA PR\u00d3PRIA DELA\u00c7\u00c3O - Blog do Farn\u00e9sio<\/title>\n<meta name=\"robots\" content=\"index, follow, max-snippet:-1, max-image-preview:large, max-video-preview:-1\" \/>\n<link rel=\"canonical\" href=\"https:\/\/blogdofarnesio.com.br\/?p=169950\" \/>\n<meta property=\"og:locale\" content=\"pt_BR\" \/>\n<meta property=\"og:type\" content=\"article\" \/>\n<meta property=\"og:title\" content=\"CUNHA ESCREVE \u00c0 M\u00c3O OS TERMOS DE SUA PR\u00d3PRIA DELA\u00c7\u00c3O - Blog do Farn\u00e9sio\" \/>\n<meta property=\"og:description\" content=\"O ex-deputado federal Eduardo Cunha (PMDB-RJ), preso em Curitiba desde\u00a0outubro do ano passado, est\u00e1 h\u00e1 mais de um m\u00eas escrevendo \u00e0 m\u00e3o de dentro\u00a0de sua cela os anexos de uma proposta de dela\u00e7\u00e3o que negocia com o\u00a0Minist\u00e9rio P\u00fablico no \u00e2mbito da Lava Jato. Na segunda semana de maio, Cunha passou a colocar no papel as hist\u00f3rias que\u00a0quer contar aos procuradores. O ex-presidente da C\u00e2mara usa uma caneta\u00a0esferogr\u00e1fica comum e folhas em branco soltas. H\u00e1 tr\u00eas semanas o advogado D\u00e9lio Lins e Silva, rec\u00e9m contratado por Cunha,\u00a0teve um encontro com um assessor de confian\u00e7a do procurador-geral da\u00a0Rep\u00fablica, Rodrigo Janot, em Bras\u00edlia. Forneceu uma amostra do que o\u00a0ex-deputado pode revelar. Entre as hist\u00f3rias que Cunha promete revelar, h\u00e1\u00a0suposto esquema de cobran\u00e7a de&hellip;\" \/>\n<meta property=\"og:url\" content=\"https:\/\/blogdofarnesio.com.br\/?p=169950\" \/>\n<meta property=\"og:site_name\" content=\"Blog do Farn\u00e9sio\" \/>\n<meta property=\"article:publisher\" content=\"https:\/\/www.facebook.com\/BlogQuerSaberPolitica\/\" \/>\n<meta property=\"article:published_time\" content=\"2017-06-23T14:00:56+00:00\" \/>\n<meta property=\"article:modified_time\" content=\"2017-06-23T14:03:15+00:00\" \/>\n<meta property=\"og:image\" content=\"https:\/\/blogdofarnesio.com.br\/wp-content\/uploads\/2017\/02\/blogqsp-cunha.jpg\" \/>\n\t<meta property=\"og:image:width\" content=\"380\" \/>\n\t<meta property=\"og:image:height\" content=\"280\" \/>\n\t<meta property=\"og:image:type\" content=\"image\/jpeg\" \/>\n<meta name=\"author\" content=\"Farn\u00e9sio\" \/>\n<meta name=\"twitter:card\" content=\"summary_large_image\" \/>\n<meta name=\"twitter:label1\" content=\"Escrito por\" \/>\n\t<meta name=\"twitter:data1\" content=\"Farn\u00e9sio\" \/>\n\t<meta name=\"twitter:label2\" content=\"Est. tempo de leitura\" \/>\n\t<meta name=\"twitter:data2\" content=\"2 minutos\" \/>\n<script type=\"application\/ld+json\" class=\"yoast-schema-graph\">{\"@context\":\"https:\\\/\\\/schema.org\",\"@graph\":[{\"@type\":\"Article\",\"@id\":\"https:\\\/\\\/blogdofarnesio.com.br\\\/?p=169950#article\",\"isPartOf\":{\"@id\":\"https:\\\/\\\/blogdofarnesio.com.br\\\/?p=169950\"},\"author\":{\"name\":\"Farn\u00e9sio\",\"@id\":\"https:\\\/\\\/blogdofarnesio.com.br\\\/#\\\/schema\\\/person\\\/301c4acf522bccbfdb45af95b5b906a1\"},\"headline\":\"CUNHA ESCREVE \u00c0 M\u00c3O OS TERMOS DE SUA PR\u00d3PRIA DELA\u00c7\u00c3O\",\"datePublished\":\"2017-06-23T14:00:56+00:00\",\"dateModified\":\"2017-06-23T14:03:15+00:00\",\"mainEntityOfPage\":{\"@id\":\"https:\\\/\\\/blogdofarnesio.com.br\\\/?p=169950\"},\"wordCount\":355,\"commentCount\":0,\"publisher\":{\"@id\":\"https:\\\/\\\/blogdofarnesio.com.br\\\/#organization\"},\"image\":{\"@id\":\"https:\\\/\\\/blogdofarnesio.com.br\\\/?p=169950#primaryimage\"},\"thumbnailUrl\":\"https:\\\/\\\/blogdofarnesio.com.br\\\/wp-content\\\/uploads\\\/2017\\\/02\\\/blogqsp-cunha.jpg\",\"articleSection\":[\"Pol\u00edtica\"],\"inLanguage\":\"pt-BR\",\"potentialAction\":[{\"@type\":\"CommentAction\",\"name\":\"Comment\",\"target\":[\"https:\\\/\\\/blogdofarnesio.com.br\\\/?p=169950#respond\"]}]},{\"@type\":\"WebPage\",\"@id\":\"https:\\\/\\\/blogdofarnesio.com.br\\\/?p=169950\",\"url\":\"https:\\\/\\\/blogdofarnesio.com.br\\\/?p=169950\",\"name\":\"CUNHA ESCREVE \u00c0 M\u00c3O OS TERMOS DE SUA PR\u00d3PRIA DELA\u00c7\u00c3O - Blog do Farn\u00e9sio\",\"isPartOf\":{\"@id\":\"https:\\\/\\\/blogdofarnesio.com.br\\\/#website\"},\"primaryImageOfPage\":{\"@id\":\"https:\\\/\\\/blogdofarnesio.com.br\\\/?p=169950#primaryimage\"},\"image\":{\"@id\":\"https:\\\/\\\/blogdofarnesio.com.br\\\/?p=169950#primaryimage\"},\"thumbnailUrl\":\"https:\\\/\\\/blogdofarnesio.com.br\\\/wp-content\\\/uploads\\\/2017\\\/02\\\/blogqsp-cunha.jpg\",\"datePublished\":\"2017-06-23T14:00:56+00:00\",\"dateModified\":\"2017-06-23T14:03:15+00:00\",\"breadcrumb\":{\"@id\":\"https:\\\/\\\/blogdofarnesio.com.br\\\/?p=169950#breadcrumb\"},\"inLanguage\":\"pt-BR\",\"potentialAction\":[{\"@type\":\"ReadAction\",\"target\":[\"https:\\\/\\\/blogdofarnesio.com.br\\\/?p=169950\"]}]},{\"@type\":\"ImageObject\",\"inLanguage\":\"pt-BR\",\"@id\":\"https:\\\/\\\/blogdofarnesio.com.br\\\/?p=169950#primaryimage\",\"url\":\"https:\\\/\\\/blogdofarnesio.com.br\\\/wp-content\\\/uploads\\\/2017\\\/02\\\/blogqsp-cunha.jpg\",\"contentUrl\":\"https:\\\/\\\/blogdofarnesio.com.br\\\/wp-content\\\/uploads\\\/2017\\\/02\\\/blogqsp-cunha.jpg\",\"width\":380,\"height\":280},{\"@type\":\"BreadcrumbList\",\"@id\":\"https:\\\/\\\/blogdofarnesio.com.br\\\/?p=169950#breadcrumb\",\"itemListElement\":[{\"@type\":\"ListItem\",\"position\":1,\"name\":\"In\u00edcio\",\"item\":\"https:\\\/\\\/blogdofarnesio.com.br\\\/\"},{\"@type\":\"ListItem\",\"position\":2,\"name\":\"CUNHA ESCREVE \u00c0 M\u00c3O OS TERMOS DE SUA PR\u00d3PRIA DELA\u00c7\u00c3O\"}]},{\"@type\":\"WebSite\",\"@id\":\"https:\\\/\\\/blogdofarnesio.com.br\\\/#website\",\"url\":\"https:\\\/\\\/blogdofarnesio.com.br\\\/\",\"name\":\"Blog do Farn\u00e9sio\",\"description\":\"Quer Saber Pol\u00edtica?\",\"publisher\":{\"@id\":\"https:\\\/\\\/blogdofarnesio.com.br\\\/#organization\"},\"potentialAction\":[{\"@type\":\"SearchAction\",\"target\":{\"@type\":\"EntryPoint\",\"urlTemplate\":\"https:\\\/\\\/blogdofarnesio.com.br\\\/?s={search_term_string}\"},\"query-input\":{\"@type\":\"PropertyValueSpecification\",\"valueRequired\":true,\"valueName\":\"search_term_string\"}}],\"inLanguage\":\"pt-BR\"},{\"@type\":\"Organization\",\"@id\":\"https:\\\/\\\/blogdofarnesio.com.br\\\/#organization\",\"name\":\"Blog do Farn\u00e9sio\",\"url\":\"https:\\\/\\\/blogdofarnesio.com.br\\\/\",\"logo\":{\"@type\":\"ImageObject\",\"inLanguage\":\"pt-BR\",\"@id\":\"https:\\\/\\\/blogdofarnesio.com.br\\\/#\\\/schema\\\/logo\\\/image\\\/\",\"url\":\"https:\\\/\\\/blogdofarnesio.com.br\\\/wp-content\\\/uploads\\\/2026\\\/03\\\/cropped-logo_new-1.png\",\"contentUrl\":\"https:\\\/\\\/blogdofarnesio.com.br\\\/wp-content\\\/uploads\\\/2026\\\/03\\\/cropped-logo_new-1.png\",\"width\":881,\"height\":685,\"caption\":\"Blog do Farn\u00e9sio\"},\"image\":{\"@id\":\"https:\\\/\\\/blogdofarnesio.com.br\\\/#\\\/schema\\\/logo\\\/image\\\/\"},\"sameAs\":[\"https:\\\/\\\/www.facebook.com\\\/BlogQuerSaberPolitica\\\/\"]},{\"@type\":\"Person\",\"@id\":\"https:\\\/\\\/blogdofarnesio.com.br\\\/#\\\/schema\\\/person\\\/301c4acf522bccbfdb45af95b5b906a1\",\"name\":\"Farn\u00e9sio\",\"image\":{\"@type\":\"ImageObject\",\"inLanguage\":\"pt-BR\",\"@id\":\"https:\\\/\\\/secure.gravatar.com\\\/avatar\\\/df0c9a14567c056f8ad6876ba5bbd1e3e2c48023eb6807342fc4663adf549f38?s=96&d=mm&r=g\",\"url\":\"https:\\\/\\\/secure.gravatar.com\\\/avatar\\\/df0c9a14567c056f8ad6876ba5bbd1e3e2c48023eb6807342fc4663adf549f38?s=96&d=mm&r=g\",\"contentUrl\":\"https:\\\/\\\/secure.gravatar.com\\\/avatar\\\/df0c9a14567c056f8ad6876ba5bbd1e3e2c48023eb6807342fc4663adf549f38?s=96&d=mm&r=g\",\"caption\":\"Farn\u00e9sio\"},\"sameAs\":[\"https:\\\/\\\/quersaberpolitica.com.br\"],\"url\":\"https:\\\/\\\/blogdofarnesio.com.br\\\/?author=1\"}]}<\/script>\n<!-- \/ Yoast SEO plugin. -->","yoast_head_json":{"title":"CUNHA ESCREVE \u00c0 M\u00c3O OS TERMOS DE SUA PR\u00d3PRIA DELA\u00c7\u00c3O - Blog do Farn\u00e9sio","robots":{"index":"index","follow":"follow","max-snippet":"max-snippet:-1","max-image-preview":"max-image-preview:large","max-video-preview":"max-video-preview:-1"},"canonical":"https:\/\/blogdofarnesio.com.br\/?p=169950","og_locale":"pt_BR","og_type":"article","og_title":"CUNHA ESCREVE \u00c0 M\u00c3O OS TERMOS DE SUA PR\u00d3PRIA DELA\u00c7\u00c3O - Blog do Farn\u00e9sio","og_description":"O ex-deputado federal Eduardo Cunha (PMDB-RJ), preso em Curitiba desde\u00a0outubro do ano passado, est\u00e1 h\u00e1 mais de um m\u00eas escrevendo \u00e0 m\u00e3o de dentro\u00a0de sua cela os anexos de uma proposta de dela\u00e7\u00e3o que negocia com o\u00a0Minist\u00e9rio P\u00fablico no \u00e2mbito da Lava Jato. Na segunda semana de maio, Cunha passou a colocar no papel as hist\u00f3rias que\u00a0quer contar aos procuradores. O ex-presidente da C\u00e2mara usa uma caneta\u00a0esferogr\u00e1fica comum e folhas em branco soltas. H\u00e1 tr\u00eas semanas o advogado D\u00e9lio Lins e Silva, rec\u00e9m contratado por Cunha,\u00a0teve um encontro com um assessor de confian\u00e7a do procurador-geral da\u00a0Rep\u00fablica, Rodrigo Janot, em Bras\u00edlia. Forneceu uma amostra do que o\u00a0ex-deputado pode revelar. Entre as hist\u00f3rias que Cunha promete revelar, h\u00e1\u00a0suposto esquema de cobran\u00e7a de&hellip;","og_url":"https:\/\/blogdofarnesio.com.br\/?p=169950","og_site_name":"Blog do Farn\u00e9sio","article_publisher":"https:\/\/www.facebook.com\/BlogQuerSaberPolitica\/","article_published_time":"2017-06-23T14:00:56+00:00","article_modified_time":"2017-06-23T14:03:15+00:00","og_image":[{"width":380,"height":280,"url":"https:\/\/blogdofarnesio.com.br\/wp-content\/uploads\/2017\/02\/blogqsp-cunha.jpg","type":"image\/jpeg"}],"author":"Farn\u00e9sio","twitter_card":"summary_large_image","twitter_misc":{"Escrito por":"Farn\u00e9sio","Est. tempo de leitura":"2 minutos"},"schema":{"@context":"https:\/\/schema.org","@graph":[{"@type":"Article","@id":"https:\/\/blogdofarnesio.com.br\/?p=169950#article","isPartOf":{"@id":"https:\/\/blogdofarnesio.com.br\/?p=169950"},"author":{"name":"Farn\u00e9sio","@id":"https:\/\/blogdofarnesio.com.br\/#\/schema\/person\/301c4acf522bccbfdb45af95b5b906a1"},"headline":"CUNHA ESCREVE \u00c0 M\u00c3O OS TERMOS DE SUA PR\u00d3PRIA DELA\u00c7\u00c3O","datePublished":"2017-06-23T14:00:56+00:00","dateModified":"2017-06-23T14:03:15+00:00","mainEntityOfPage":{"@id":"https:\/\/blogdofarnesio.com.br\/?p=169950"},"wordCount":355,"commentCount":0,"publisher":{"@id":"https:\/\/blogdofarnesio.com.br\/#organization"},"image":{"@id":"https:\/\/blogdofarnesio.com.br\/?p=169950#primaryimage"},"thumbnailUrl":"https:\/\/blogdofarnesio.com.br\/wp-content\/uploads\/2017\/02\/blogqsp-cunha.jpg","articleSection":["Pol\u00edtica"],"inLanguage":"pt-BR","potentialAction":[{"@type":"CommentAction","name":"Comment","target":["https:\/\/blogdofarnesio.com.br\/?p=169950#respond"]}]},{"@type":"WebPage","@id":"https:\/\/blogdofarnesio.com.br\/?p=169950","url":"https:\/\/blogdofarnesio.com.br\/?p=169950","name":"CUNHA ESCREVE \u00c0 M\u00c3O OS TERMOS DE SUA PR\u00d3PRIA DELA\u00c7\u00c3O - Blog do Farn\u00e9sio","isPartOf":{"@id":"https:\/\/blogdofarnesio.com.br\/#website"},"primaryImageOfPage":{"@id":"https:\/\/blogdofarnesio.com.br\/?p=169950#primaryimage"},"image":{"@id":"https:\/\/blogdofarnesio.com.br\/?p=169950#primaryimage"},"thumbnailUrl":"https:\/\/blogdofarnesio.com.br\/wp-content\/uploads\/2017\/02\/blogqsp-cunha.jpg","datePublished":"2017-06-23T14:00:56+00:00","dateModified":"2017-06-23T14:03:15+00:00","breadcrumb":{"@id":"https:\/\/blogdofarnesio.com.br\/?p=169950#breadcrumb"},"inLanguage":"pt-BR","potentialAction":[{"@type":"ReadAction","target":["https:\/\/blogdofarnesio.com.br\/?p=169950"]}]},{"@type":"ImageObject","inLanguage":"pt-BR","@id":"https:\/\/blogdofarnesio.com.br\/?p=169950#primaryimage","url":"https:\/\/blogdofarnesio.com.br\/wp-content\/uploads\/2017\/02\/blogqsp-cunha.jpg","contentUrl":"https:\/\/blogdofarnesio.com.br\/wp-content\/uploads\/2017\/02\/blogqsp-cunha.jpg","width":380,"height":280},{"@type":"BreadcrumbList","@id":"https:\/\/blogdofarnesio.com.br\/?p=169950#breadcrumb","itemListElement":[{"@type":"ListItem","position":1,"name":"In\u00edcio","item":"https:\/\/blogdofarnesio.com.br\/"},{"@type":"ListItem","position":2,"name":"CUNHA ESCREVE \u00c0 M\u00c3O OS TERMOS DE SUA PR\u00d3PRIA DELA\u00c7\u00c3O"}]},{"@type":"WebSite","@id":"https:\/\/blogdofarnesio.com.br\/#website","url":"https:\/\/blogdofarnesio.com.br\/","name":"Blog do Farn\u00e9sio","description":"Quer Saber Pol\u00edtica?","publisher":{"@id":"https:\/\/blogdofarnesio.com.br\/#organization"},"potentialAction":[{"@type":"SearchAction","target":{"@type":"EntryPoint","urlTemplate":"https:\/\/blogdofarnesio.com.br\/?s={search_term_string}"},"query-input":{"@type":"PropertyValueSpecification","valueRequired":true,"valueName":"search_term_string"}}],"inLanguage":"pt-BR"},{"@type":"Organization","@id":"https:\/\/blogdofarnesio.com.br\/#organization","name":"Blog do Farn\u00e9sio","url":"https:\/\/blogdofarnesio.com.br\/","logo":{"@type":"ImageObject","inLanguage":"pt-BR","@id":"https:\/\/blogdofarnesio.com.br\/#\/schema\/logo\/image\/","url":"https:\/\/blogdofarnesio.com.br\/wp-content\/uploads\/2026\/03\/cropped-logo_new-1.png","contentUrl":"https:\/\/blogdofarnesio.com.br\/wp-content\/uploads\/2026\/03\/cropped-logo_new-1.png","width":881,"height":685,"caption":"Blog do Farn\u00e9sio"},"image":{"@id":"https:\/\/blogdofarnesio.com.br\/#\/schema\/logo\/image\/"},"sameAs":["https:\/\/www.facebook.com\/BlogQuerSaberPolitica\/"]},{"@type":"Person","@id":"https:\/\/blogdofarnesio.com.br\/#\/schema\/person\/301c4acf522bccbfdb45af95b5b906a1","name":"Farn\u00e9sio","image":{"@type":"ImageObject","inLanguage":"pt-BR","@id":"https:\/\/secure.gravatar.com\/avatar\/df0c9a14567c056f8ad6876ba5bbd1e3e2c48023eb6807342fc4663adf549f38?s=96&d=mm&r=g","url":"https:\/\/secure.gravatar.com\/avatar\/df0c9a14567c056f8ad6876ba5bbd1e3e2c48023eb6807342fc4663adf549f38?s=96&d=mm&r=g","contentUrl":"https:\/\/secure.gravatar.com\/avatar\/df0c9a14567c056f8ad6876ba5bbd1e3e2c48023eb6807342fc4663adf549f38?s=96&d=mm&r=g","caption":"Farn\u00e9sio"},"sameAs":["https:\/\/quersaberpolitica.com.br"],"url":"https:\/\/blogdofarnesio.com.br\/?author=1"}]}},"_links":{"self":[{"href":"https:\/\/blogdofarnesio.com.br\/index.php?rest_route=\/wp\/v2\/posts\/169950","targetHints":{"allow":["GET"]}}],"collection":[{"href":"https:\/\/blogdofarnesio.com.br\/index.php?rest_route=\/wp\/v2\/posts"}],"about":[{"href":"https:\/\/blogdofarnesio.com.br\/index.php?rest_route=\/wp\/v2\/types\/post"}],"author":[{"embeddable":true,"href":"https:\/\/blogdofarnesio.com.br\/index.php?rest_route=\/wp\/v2\/users\/1"}],"replies":[{"embeddable":true,"href":"https:\/\/blogdofarnesio.com.br\/index.php?rest_route=%2Fwp%2Fv2%2Fcomments&post=169950"}],"version-history":[{"count":0,"href":"https:\/\/blogdofarnesio.com.br\/index.php?rest_route=\/wp\/v2\/posts\/169950\/revisions"}],"wp:featuredmedia":[{"embeddable":true,"href":"https:\/\/blogdofarnesio.com.br\/index.php?rest_route=\/wp\/v2\/media\/156219"}],"wp:attachment":[{"href":"https:\/\/blogdofarnesio.com.br\/index.php?rest_route=%2Fwp%2Fv2%2Fmedia&parent=169950"}],"wp:term":[{"taxonomy":"category","embeddable":true,"href":"https:\/\/blogdofarnesio.com.br\/index.php?rest_route=%2Fwp%2Fv2%2Fcategories&post=169950"},{"taxonomy":"post_tag","embeddable":true,"href":"https:\/\/blogdofarnesio.com.br\/index.php?rest_route=%2Fwp%2Fv2%2Ftags&post=169950"}],"curies":[{"name":"wp","href":"https:\/\/api.w.org\/{rel}","templated":true}]}}