{"id":169941,"date":"2017-06-23T12:00:08","date_gmt":"2017-06-23T15:00:08","guid":{"rendered":"http:\/\/quersaberpolitica.com.br\/2016\/?p=169941"},"modified":"2017-06-23T11:12:41","modified_gmt":"2017-06-23T14:12:41","slug":"50-rejeitam-candidato-do-pt-e-47-nao-querem-nome-do-psdb-diz-datapoder360","status":"publish","type":"post","link":"https:\/\/blogdofarnesio.com.br\/?p=169941","title":{"rendered":"50% REJEITAM CANDIDATO DO PT E 47% N\u00c3O QUEREM NOME DO PSDB, DIZ DATAPODER360"},"content":{"rendered":"<header>\n<div class=\"resume\"><\/div>\n<figure><figcaption><\/figcaption><\/figure>\n<p class=\"author\" style=\"text-align: justify;\">RODRIGO ZUQUIM<br \/>\nCandidatos de partidos tradicionais s\u00e3o rejeitados pela metade do eleitorado brasileiro, segundo a pesquisa <strong>DataPoder360<\/strong>. Se a elei\u00e7\u00e3o de 2018 fosse hoje, 47% dos entrevistados n\u00e3o votariam de jeito nenhum em 1 candidato do PSDB. A rejei\u00e7\u00e3o para 1 candidato do PT \u00e9 de 50%.<\/p>\n<\/header>\n<div class=\"content wp\" data-ga-ano=\"2017\" data-ga-categoria=\"DataPoder360\" data-ga-autor=\"Rodrigo Zuquim\">\n<p style=\"text-align: justify;\">Aqueles que disseram votar com certeza em 1 candidato petista n\u00e3o chegam a 1\/5 do total dos eleitores. A fidelidade ao PT \u00e9 de 17%. O desempenho do PSDB \u00e9 ainda pior. Apenas 6% dos entrevistados responderam que votariam com certeza em 1 candidato tucano.<\/p>\n<div class=\"enviar\" style=\"text-align: justify;\"><\/div>\n<p style=\"text-align: justify;\">A pesquisa <strong>DataPoder360<\/strong> foi realizada de 17 a 19 de junho de 2017. Foram entrevistados 2.096 brasileiros e brasileiras com 16 anos de idade ou mais, em 217 munic\u00edpios. A margem de erro \u00e9 de 3 pontos percentuais para mais ou para menos.<\/p>\n<p style=\"text-align: justify;\">Leia <a href=\"http:\/\/www.poder360.com.br\/wp-content\/uploads\/2017\/06\/DataPoder360%E2%80%93junho.pdf\" target=\"_blank\" rel=\"noopener\">neste arquivo<\/a> a \u00edntegra da pesquisa <strong>DataPoder360<\/strong>.<\/p>\n<p style=\"text-align: justify;\"><a href=\"http:\/\/www.poder360.com.br\/wp-content\/uploads\/2017\/06\/psdb-pt.png\"><img loading=\"lazy\" decoding=\"async\" class=\"aligncenter wp-image-51351 size-large\" src=\"http:\/\/www.poder360.com.br\/wp-content\/uploads\/2017\/06\/psdb-pt-1024x930.png\" sizes=\"auto, (max-width: 1024px) 100vw, 1024px\" srcset=\"http:\/\/www.poder360.com.br\/wp-content\/uploads\/2017\/06\/psdb-pt-1024x930.png 1024w, http:\/\/www.poder360.com.br\/wp-content\/uploads\/2017\/06\/psdb-pt-450x409.png 450w, http:\/\/www.poder360.com.br\/wp-content\/uploads\/2017\/06\/psdb-pt-768x697.png 768w, http:\/\/www.poder360.com.br\/wp-content\/uploads\/2017\/06\/psdb-pt.png 1262w\" alt=\"psdb-pt\" width=\"1024\" height=\"930\" \/><\/a><\/p>\n<p style=\"text-align: justify;\">A alta rejei\u00e7\u00e3o atinge em cheio o <em>establishment<\/em> pol\u00edtico formado por PSDB, PT e PMDB. Conforme o <strong>DataPoder360<\/strong> <a href=\"http:\/\/www.poder360.com.br\/datapoder360\/para-79-michel-temer-deveria-renunciar-ou-ser-cassado-diz-datapoder360\/\" target=\"_blank\" rel=\"noopener\">publicou nesta 4\u00aa\u00a0feira<\/a> (21.jun.2017), a avalia\u00e7\u00e3o do governo de Michel Temer (PMDB) \u00e9 negativa para 75% dos eleitores.<\/p>\n<p style=\"text-align: justify;\">Desde a redemocratiza\u00e7\u00e3o, esses partidos se revezam \u00e0 frente do Executivo, com exce\u00e7\u00e3o do governo Collor-Itamar (1990-1994). As siglas t\u00eam o maior n\u00famero de senadores e deputados no Congresso Nacional.<\/p>\n<p style=\"text-align: justify;\">A rejei\u00e7\u00e3o aos partidos tradicionais pode ser atribu\u00edda em parte ao avan\u00e7o da opera\u00e7\u00e3o Lava Jato e ao instrumento da dela\u00e7\u00e3o premiada. A for\u00e7a-tarefa \u00e9 apoiada por 79% dos eleitores e s\u00f3 13% disseram ser contr\u00e1rios \u00e0 opera\u00e7\u00e3o.<\/p>\n<p style=\"text-align: justify;\"><a href=\"http:\/\/www.poder360.com.br\/wp-content\/uploads\/2017\/06\/v3-janot-opiniao-lava-jato-1.jpg\"><img loading=\"lazy\" decoding=\"async\" class=\"aligncenter wp-image-51498\" src=\"http:\/\/www.poder360.com.br\/wp-content\/uploads\/2017\/06\/v3-janot-opiniao-lava-jato-1-1024x930.jpg\" sizes=\"auto, (max-width: 1024px) 100vw, 1024px\" srcset=\"http:\/\/www.poder360.com.br\/wp-content\/uploads\/2017\/06\/v3-janot-opiniao-lava-jato-1-1024x930.jpg 1024w, http:\/\/www.poder360.com.br\/wp-content\/uploads\/2017\/06\/v3-janot-opiniao-lava-jato-1-450x409.jpg 450w, http:\/\/www.poder360.com.br\/wp-content\/uploads\/2017\/06\/v3-janot-opiniao-lava-jato-1-768x697.jpg 768w, http:\/\/www.poder360.com.br\/wp-content\/uploads\/2017\/06\/v3-janot-opiniao-lava-jato-1.jpg 1262w\" alt=\"v3-janot-opiniao-lava-jato-1\" width=\"547\" height=\"496\" \/><\/a><\/p>\n<p style=\"text-align: justify;\">No entanto, quando questionada sobre o Poder Judici\u00e1rio, a maioria dos entrevistados n\u00e3o respondeu positivamente. Segundo o <strong>DataPoder360<\/strong>, 46% t\u00eam uma opini\u00e3o negativa, contra 23% dos eleitores que avaliam bem o Judici\u00e1rio.<\/p>\n<p style=\"text-align: justify;\"><a href=\"http:\/\/www.poder360.com.br\/wp-content\/uploads\/2017\/06\/v2-carmen-lucia-opiniao-judiciario-1.jpg\"><img loading=\"lazy\" decoding=\"async\" class=\"wp-image-51497 aligncenter\" src=\"http:\/\/www.poder360.com.br\/wp-content\/uploads\/2017\/06\/v2-carmen-lucia-opiniao-judiciario-1-1024x930.jpg\" sizes=\"auto, (max-width: 1024px) 100vw, 1024px\" srcset=\"http:\/\/www.poder360.com.br\/wp-content\/uploads\/2017\/06\/v2-carmen-lucia-opiniao-judiciario-1-1024x930.jpg 1024w, http:\/\/www.poder360.com.br\/wp-content\/uploads\/2017\/06\/v2-carmen-lucia-opiniao-judiciario-1-450x409.jpg 450w, http:\/\/www.poder360.com.br\/wp-content\/uploads\/2017\/06\/v2-carmen-lucia-opiniao-judiciario-1-768x697.jpg 768w, http:\/\/www.poder360.com.br\/wp-content\/uploads\/2017\/06\/v2-carmen-lucia-opiniao-judiciario-1.jpg 1262w\" alt=\" \" width=\"575\" height=\"522\" \/><\/a><\/p>\n<h4 style=\"text-align: justify;\"><strong>POSICIONAMENTO POL\u00cdTICO<\/strong><\/h4>\n<p style=\"text-align: justify;\">O <strong>DataPoder360<\/strong> perguntou aos eleitores: \u201cVoc\u00ea se considera uma pessoa mais \u00e0 direita, ao centro ou \u00e0 esquerda?\u201d. A direita foi escolhida por 25% dos entrevistados. \u00c9 mais do que aqueles que se identificam com a esquerda, 18%. O centro \u00e9 a prefer\u00eancia de 23% do eleitorado. Pouco mais de 1\/3 n\u00e3o soube ou n\u00e3o respondeu (35%).<\/p>\n<p style=\"text-align: justify;\"><a href=\"http:\/\/www.poder360.com.br\/wp-content\/uploads\/2017\/06\/posicionamento-politico.png\"><img loading=\"lazy\" decoding=\"async\" class=\"aligncenter wp-image-51354 \" src=\"http:\/\/www.poder360.com.br\/wp-content\/uploads\/2017\/06\/posicionamento-politico-1024x930.png\" sizes=\"auto, (max-width: 1024px) 100vw, 1024px\" srcset=\"http:\/\/www.poder360.com.br\/wp-content\/uploads\/2017\/06\/posicionamento-politico-1024x930.png 1024w, http:\/\/www.poder360.com.br\/wp-content\/uploads\/2017\/06\/posicionamento-politico-450x409.png 450w, http:\/\/www.poder360.com.br\/wp-content\/uploads\/2017\/06\/posicionamento-politico-768x697.png 768w, http:\/\/www.poder360.com.br\/wp-content\/uploads\/2017\/06\/posicionamento-politico.png 1262w\" alt=\"posicionamento-politico\" width=\"576\" height=\"523\" \/><\/a><\/p>\n<p style=\"text-align: justify;\"><a href=\"http:\/\/www.poder360.com.br\/datapoder360\/\" target=\"_blank\" rel=\"noopener\">Leia tudo o que j\u00e1 foi publicado do <strong>DataPoder360<\/strong><\/a>.<\/p>\n<h4 style=\"text-align: justify;\"><strong>CONHE\u00c7A O DATAPODER360<\/strong><\/h4>\n<p style=\"text-align: justify;\">A opera\u00e7\u00e3o jornal\u00edstica que comanda o <strong>Drive<\/strong> e o site <strong>Poder360<\/strong> lan\u00e7ou em abril de 2017 uma divis\u00e3o pr\u00f3pria de pesquisas: o <strong>DataPoder360<\/strong>.<\/p>\n<p style=\"text-align: justify;\">As sondagens nacionais ser\u00e3o peri\u00f3dicas. Temas de interesse pol\u00edtico, econ\u00f4mico e social ser\u00e3o investigados. Tudo com a precis\u00e3o, seriedade e credibilidade do <strong>Poder360<\/strong>.<\/p>\n<p style=\"text-align: justify;\">A aplica\u00e7\u00e3o da pesquisa \u00e9 realizada pelo cientista pol\u00edtico Rodolfo Costa Pinto, que tem uma parceria para fazer os levantamentos com exclusividade para o <strong>DataPoder360<\/strong>.<\/p>\n<p style=\"text-align: justify;\">Leia a \u00edntegra das pesquisas anteriores do <strong>DataPoder360<\/strong> (<a href=\"http:\/\/www.poder360.com.br\/wp-content\/uploads\/2017\/04\/DataPoder360-abr2017.pdf\" target=\"_blank\" rel=\"noopener\">abril<\/a> e <a href=\"http:\/\/poder360.com.br\/wp-content\/uploads\/2017\/06\/pesquisa-DataPoder360-mai2017.pdf\" target=\"_blank\" rel=\"noopener\">maio<\/a>).<\/p>\n<\/div>\n","protected":false},"excerpt":{"rendered":"<p>RODRIGO ZUQUIM Candidatos de partidos tradicionais s\u00e3o rejeitados pela metade do eleitorado brasileiro, segundo a pesquisa DataPoder360. Se a elei\u00e7\u00e3o de 2018 fosse hoje, 47% dos entrevistados n\u00e3o votariam de jeito nenhum em 1 candidato do PSDB. A rejei\u00e7\u00e3o para 1 candidato do PT \u00e9 de 50%. Aqueles que disseram votar com certeza em 1 candidato petista n\u00e3o chegam a 1\/5 do total dos eleitores. A fidelidade ao PT \u00e9 de 17%. O desempenho do PSDB \u00e9 ainda pior. Apenas 6% dos entrevistados responderam que votariam com certeza em 1 candidato tucano. A pesquisa DataPoder360 foi realizada de 17 a 19 de junho de 2017. Foram entrevistados 2.096 brasileiros e brasileiras com 16 anos de idade ou mais, em 217&hellip; <\/p>\n","protected":false},"author":1,"featured_media":169957,"comment_status":"open","ping_status":"open","sticky":false,"template":"","format":"standard","meta":{"_acf_changed":false,"footnotes":""},"categories":[1],"tags":[],"class_list":["post-169941","post","type-post","status-publish","format-standard","has-post-thumbnail","hentry","category-politica"],"acf":[],"yoast_head":"<!-- This site is optimized with the Yoast SEO plugin v27.4 - https:\/\/yoast.com\/product\/yoast-seo-wordpress\/ -->\n<title>50% REJEITAM CANDIDATO DO PT E 47% N\u00c3O QUEREM NOME DO PSDB, DIZ DATAPODER360 - Blog do Farn\u00e9sio<\/title>\n<meta name=\"robots\" content=\"index, follow, max-snippet:-1, max-image-preview:large, max-video-preview:-1\" \/>\n<link rel=\"canonical\" href=\"https:\/\/blogdofarnesio.com.br\/?p=169941\" \/>\n<meta property=\"og:locale\" content=\"pt_BR\" \/>\n<meta property=\"og:type\" content=\"article\" \/>\n<meta property=\"og:title\" content=\"50% REJEITAM CANDIDATO DO PT E 47% N\u00c3O QUEREM NOME DO PSDB, DIZ DATAPODER360 - Blog do Farn\u00e9sio\" \/>\n<meta property=\"og:description\" content=\"RODRIGO ZUQUIM Candidatos de partidos tradicionais s\u00e3o rejeitados pela metade do eleitorado brasileiro, segundo a pesquisa DataPoder360. Se a elei\u00e7\u00e3o de 2018 fosse hoje, 47% dos entrevistados n\u00e3o votariam de jeito nenhum em 1 candidato do PSDB. A rejei\u00e7\u00e3o para 1 candidato do PT \u00e9 de 50%. Aqueles que disseram votar com certeza em 1 candidato petista n\u00e3o chegam a 1\/5 do total dos eleitores. A fidelidade ao PT \u00e9 de 17%. O desempenho do PSDB \u00e9 ainda pior. Apenas 6% dos entrevistados responderam que votariam com certeza em 1 candidato tucano. A pesquisa DataPoder360 foi realizada de 17 a 19 de junho de 2017. Foram entrevistados 2.096 brasileiros e brasileiras com 16 anos de idade ou mais, em 217&hellip;\" \/>\n<meta property=\"og:url\" content=\"https:\/\/blogdofarnesio.com.br\/?p=169941\" \/>\n<meta property=\"og:site_name\" content=\"Blog do Farn\u00e9sio\" \/>\n<meta property=\"article:publisher\" content=\"https:\/\/www.facebook.com\/BlogQuerSaberPolitica\/\" \/>\n<meta property=\"article:published_time\" content=\"2017-06-23T15:00:08+00:00\" \/>\n<meta property=\"og:image\" content=\"https:\/\/blogdofarnesio.com.br\/wp-content\/uploads\/2017\/06\/blogqsp-opera-.jpg\" \/>\n\t<meta property=\"og:image:width\" content=\"868\" \/>\n\t<meta property=\"og:image:height\" content=\"644\" \/>\n\t<meta property=\"og:image:type\" content=\"image\/jpeg\" \/>\n<meta name=\"author\" content=\"Farn\u00e9sio\" \/>\n<meta name=\"twitter:card\" content=\"summary_large_image\" \/>\n<meta name=\"twitter:label1\" content=\"Escrito por\" \/>\n\t<meta name=\"twitter:data1\" content=\"Farn\u00e9sio\" \/>\n\t<meta name=\"twitter:label2\" content=\"Est. tempo de leitura\" \/>\n\t<meta name=\"twitter:data2\" content=\"2 minutos\" \/>\n<script type=\"application\/ld+json\" class=\"yoast-schema-graph\">{\"@context\":\"https:\\\/\\\/schema.org\",\"@graph\":[{\"@type\":\"Article\",\"@id\":\"https:\\\/\\\/blogdofarnesio.com.br\\\/?p=169941#article\",\"isPartOf\":{\"@id\":\"https:\\\/\\\/blogdofarnesio.com.br\\\/?p=169941\"},\"author\":{\"name\":\"Farn\u00e9sio\",\"@id\":\"https:\\\/\\\/blogdofarnesio.com.br\\\/#\\\/schema\\\/person\\\/301c4acf522bccbfdb45af95b5b906a1\"},\"headline\":\"50% REJEITAM CANDIDATO DO PT E 47% N\u00c3O QUEREM NOME DO PSDB, DIZ DATAPODER360\",\"datePublished\":\"2017-06-23T15:00:08+00:00\",\"mainEntityOfPage\":{\"@id\":\"https:\\\/\\\/blogdofarnesio.com.br\\\/?p=169941\"},\"wordCount\":448,\"commentCount\":0,\"publisher\":{\"@id\":\"https:\\\/\\\/blogdofarnesio.com.br\\\/#organization\"},\"image\":{\"@id\":\"https:\\\/\\\/blogdofarnesio.com.br\\\/?p=169941#primaryimage\"},\"thumbnailUrl\":\"https:\\\/\\\/blogdofarnesio.com.br\\\/wp-content\\\/uploads\\\/2017\\\/06\\\/blogqsp-opera-.jpg\",\"articleSection\":[\"Pol\u00edtica\"],\"inLanguage\":\"pt-BR\",\"potentialAction\":[{\"@type\":\"CommentAction\",\"name\":\"Comment\",\"target\":[\"https:\\\/\\\/blogdofarnesio.com.br\\\/?p=169941#respond\"]}]},{\"@type\":\"WebPage\",\"@id\":\"https:\\\/\\\/blogdofarnesio.com.br\\\/?p=169941\",\"url\":\"https:\\\/\\\/blogdofarnesio.com.br\\\/?p=169941\",\"name\":\"50% REJEITAM CANDIDATO DO PT E 47% N\u00c3O QUEREM NOME DO PSDB, DIZ DATAPODER360 - Blog do Farn\u00e9sio\",\"isPartOf\":{\"@id\":\"https:\\\/\\\/blogdofarnesio.com.br\\\/#website\"},\"primaryImageOfPage\":{\"@id\":\"https:\\\/\\\/blogdofarnesio.com.br\\\/?p=169941#primaryimage\"},\"image\":{\"@id\":\"https:\\\/\\\/blogdofarnesio.com.br\\\/?p=169941#primaryimage\"},\"thumbnailUrl\":\"https:\\\/\\\/blogdofarnesio.com.br\\\/wp-content\\\/uploads\\\/2017\\\/06\\\/blogqsp-opera-.jpg\",\"datePublished\":\"2017-06-23T15:00:08+00:00\",\"breadcrumb\":{\"@id\":\"https:\\\/\\\/blogdofarnesio.com.br\\\/?p=169941#breadcrumb\"},\"inLanguage\":\"pt-BR\",\"potentialAction\":[{\"@type\":\"ReadAction\",\"target\":[\"https:\\\/\\\/blogdofarnesio.com.br\\\/?p=169941\"]}]},{\"@type\":\"ImageObject\",\"inLanguage\":\"pt-BR\",\"@id\":\"https:\\\/\\\/blogdofarnesio.com.br\\\/?p=169941#primaryimage\",\"url\":\"https:\\\/\\\/blogdofarnesio.com.br\\\/wp-content\\\/uploads\\\/2017\\\/06\\\/blogqsp-opera-.jpg\",\"contentUrl\":\"https:\\\/\\\/blogdofarnesio.com.br\\\/wp-content\\\/uploads\\\/2017\\\/06\\\/blogqsp-opera-.jpg\",\"width\":868,\"height\":644,\"caption\":\"Enterro simb\u00f3lico dos politcos envolvidos em corrup\u00e7\u00e3o, durante ato em apoio a opera\u00e7\u00e3o Lava Jato e contra a reelei\u00e7\u00e3o de deputados e senadores envolvidos nas investiga\u00e7\u00f5es. Em frente ao Congresso Nacional. Bras\u00edlia, 26-03-2017. Foto: S\u00e9rgio Lima\\\/Poder 360.\"},{\"@type\":\"BreadcrumbList\",\"@id\":\"https:\\\/\\\/blogdofarnesio.com.br\\\/?p=169941#breadcrumb\",\"itemListElement\":[{\"@type\":\"ListItem\",\"position\":1,\"name\":\"In\u00edcio\",\"item\":\"https:\\\/\\\/blogdofarnesio.com.br\\\/\"},{\"@type\":\"ListItem\",\"position\":2,\"name\":\"50% REJEITAM CANDIDATO DO PT E 47% N\u00c3O QUEREM NOME DO PSDB, DIZ DATAPODER360\"}]},{\"@type\":\"WebSite\",\"@id\":\"https:\\\/\\\/blogdofarnesio.com.br\\\/#website\",\"url\":\"https:\\\/\\\/blogdofarnesio.com.br\\\/\",\"name\":\"Blog do Farn\u00e9sio\",\"description\":\"Quer Saber Pol\u00edtica?\",\"publisher\":{\"@id\":\"https:\\\/\\\/blogdofarnesio.com.br\\\/#organization\"},\"potentialAction\":[{\"@type\":\"SearchAction\",\"target\":{\"@type\":\"EntryPoint\",\"urlTemplate\":\"https:\\\/\\\/blogdofarnesio.com.br\\\/?s={search_term_string}\"},\"query-input\":{\"@type\":\"PropertyValueSpecification\",\"valueRequired\":true,\"valueName\":\"search_term_string\"}}],\"inLanguage\":\"pt-BR\"},{\"@type\":\"Organization\",\"@id\":\"https:\\\/\\\/blogdofarnesio.com.br\\\/#organization\",\"name\":\"Blog do Farn\u00e9sio\",\"url\":\"https:\\\/\\\/blogdofarnesio.com.br\\\/\",\"logo\":{\"@type\":\"ImageObject\",\"inLanguage\":\"pt-BR\",\"@id\":\"https:\\\/\\\/blogdofarnesio.com.br\\\/#\\\/schema\\\/logo\\\/image\\\/\",\"url\":\"https:\\\/\\\/blogdofarnesio.com.br\\\/wp-content\\\/uploads\\\/2026\\\/03\\\/cropped-logo_new-1.png\",\"contentUrl\":\"https:\\\/\\\/blogdofarnesio.com.br\\\/wp-content\\\/uploads\\\/2026\\\/03\\\/cropped-logo_new-1.png\",\"width\":881,\"height\":685,\"caption\":\"Blog do Farn\u00e9sio\"},\"image\":{\"@id\":\"https:\\\/\\\/blogdofarnesio.com.br\\\/#\\\/schema\\\/logo\\\/image\\\/\"},\"sameAs\":[\"https:\\\/\\\/www.facebook.com\\\/BlogQuerSaberPolitica\\\/\"]},{\"@type\":\"Person\",\"@id\":\"https:\\\/\\\/blogdofarnesio.com.br\\\/#\\\/schema\\\/person\\\/301c4acf522bccbfdb45af95b5b906a1\",\"name\":\"Farn\u00e9sio\",\"image\":{\"@type\":\"ImageObject\",\"inLanguage\":\"pt-BR\",\"@id\":\"https:\\\/\\\/secure.gravatar.com\\\/avatar\\\/df0c9a14567c056f8ad6876ba5bbd1e3e2c48023eb6807342fc4663adf549f38?s=96&d=mm&r=g\",\"url\":\"https:\\\/\\\/secure.gravatar.com\\\/avatar\\\/df0c9a14567c056f8ad6876ba5bbd1e3e2c48023eb6807342fc4663adf549f38?s=96&d=mm&r=g\",\"contentUrl\":\"https:\\\/\\\/secure.gravatar.com\\\/avatar\\\/df0c9a14567c056f8ad6876ba5bbd1e3e2c48023eb6807342fc4663adf549f38?s=96&d=mm&r=g\",\"caption\":\"Farn\u00e9sio\"},\"sameAs\":[\"https:\\\/\\\/quersaberpolitica.com.br\"],\"url\":\"https:\\\/\\\/blogdofarnesio.com.br\\\/?author=1\"}]}<\/script>\n<!-- \/ Yoast SEO plugin. -->","yoast_head_json":{"title":"50% REJEITAM CANDIDATO DO PT E 47% N\u00c3O QUEREM NOME DO PSDB, DIZ DATAPODER360 - Blog do Farn\u00e9sio","robots":{"index":"index","follow":"follow","max-snippet":"max-snippet:-1","max-image-preview":"max-image-preview:large","max-video-preview":"max-video-preview:-1"},"canonical":"https:\/\/blogdofarnesio.com.br\/?p=169941","og_locale":"pt_BR","og_type":"article","og_title":"50% REJEITAM CANDIDATO DO PT E 47% N\u00c3O QUEREM NOME DO PSDB, DIZ DATAPODER360 - Blog do Farn\u00e9sio","og_description":"RODRIGO ZUQUIM Candidatos de partidos tradicionais s\u00e3o rejeitados pela metade do eleitorado brasileiro, segundo a pesquisa DataPoder360. Se a elei\u00e7\u00e3o de 2018 fosse hoje, 47% dos entrevistados n\u00e3o votariam de jeito nenhum em 1 candidato do PSDB. A rejei\u00e7\u00e3o para 1 candidato do PT \u00e9 de 50%. Aqueles que disseram votar com certeza em 1 candidato petista n\u00e3o chegam a 1\/5 do total dos eleitores. A fidelidade ao PT \u00e9 de 17%. O desempenho do PSDB \u00e9 ainda pior. Apenas 6% dos entrevistados responderam que votariam com certeza em 1 candidato tucano. A pesquisa DataPoder360 foi realizada de 17 a 19 de junho de 2017. Foram entrevistados 2.096 brasileiros e brasileiras com 16 anos de idade ou mais, em 217&hellip;","og_url":"https:\/\/blogdofarnesio.com.br\/?p=169941","og_site_name":"Blog do Farn\u00e9sio","article_publisher":"https:\/\/www.facebook.com\/BlogQuerSaberPolitica\/","article_published_time":"2017-06-23T15:00:08+00:00","og_image":[{"width":868,"height":644,"url":"https:\/\/blogdofarnesio.com.br\/wp-content\/uploads\/2017\/06\/blogqsp-opera-.jpg","type":"image\/jpeg"}],"author":"Farn\u00e9sio","twitter_card":"summary_large_image","twitter_misc":{"Escrito por":"Farn\u00e9sio","Est. tempo de leitura":"2 minutos"},"schema":{"@context":"https:\/\/schema.org","@graph":[{"@type":"Article","@id":"https:\/\/blogdofarnesio.com.br\/?p=169941#article","isPartOf":{"@id":"https:\/\/blogdofarnesio.com.br\/?p=169941"},"author":{"name":"Farn\u00e9sio","@id":"https:\/\/blogdofarnesio.com.br\/#\/schema\/person\/301c4acf522bccbfdb45af95b5b906a1"},"headline":"50% REJEITAM CANDIDATO DO PT E 47% N\u00c3O QUEREM NOME DO PSDB, DIZ DATAPODER360","datePublished":"2017-06-23T15:00:08+00:00","mainEntityOfPage":{"@id":"https:\/\/blogdofarnesio.com.br\/?p=169941"},"wordCount":448,"commentCount":0,"publisher":{"@id":"https:\/\/blogdofarnesio.com.br\/#organization"},"image":{"@id":"https:\/\/blogdofarnesio.com.br\/?p=169941#primaryimage"},"thumbnailUrl":"https:\/\/blogdofarnesio.com.br\/wp-content\/uploads\/2017\/06\/blogqsp-opera-.jpg","articleSection":["Pol\u00edtica"],"inLanguage":"pt-BR","potentialAction":[{"@type":"CommentAction","name":"Comment","target":["https:\/\/blogdofarnesio.com.br\/?p=169941#respond"]}]},{"@type":"WebPage","@id":"https:\/\/blogdofarnesio.com.br\/?p=169941","url":"https:\/\/blogdofarnesio.com.br\/?p=169941","name":"50% REJEITAM CANDIDATO DO PT E 47% N\u00c3O QUEREM NOME DO PSDB, DIZ DATAPODER360 - Blog do Farn\u00e9sio","isPartOf":{"@id":"https:\/\/blogdofarnesio.com.br\/#website"},"primaryImageOfPage":{"@id":"https:\/\/blogdofarnesio.com.br\/?p=169941#primaryimage"},"image":{"@id":"https:\/\/blogdofarnesio.com.br\/?p=169941#primaryimage"},"thumbnailUrl":"https:\/\/blogdofarnesio.com.br\/wp-content\/uploads\/2017\/06\/blogqsp-opera-.jpg","datePublished":"2017-06-23T15:00:08+00:00","breadcrumb":{"@id":"https:\/\/blogdofarnesio.com.br\/?p=169941#breadcrumb"},"inLanguage":"pt-BR","potentialAction":[{"@type":"ReadAction","target":["https:\/\/blogdofarnesio.com.br\/?p=169941"]}]},{"@type":"ImageObject","inLanguage":"pt-BR","@id":"https:\/\/blogdofarnesio.com.br\/?p=169941#primaryimage","url":"https:\/\/blogdofarnesio.com.br\/wp-content\/uploads\/2017\/06\/blogqsp-opera-.jpg","contentUrl":"https:\/\/blogdofarnesio.com.br\/wp-content\/uploads\/2017\/06\/blogqsp-opera-.jpg","width":868,"height":644,"caption":"Enterro simb\u00f3lico dos politcos envolvidos em corrup\u00e7\u00e3o, durante ato em apoio a opera\u00e7\u00e3o Lava Jato e contra a reelei\u00e7\u00e3o de deputados e senadores envolvidos nas investiga\u00e7\u00f5es. Em frente ao Congresso Nacional. Bras\u00edlia, 26-03-2017. Foto: S\u00e9rgio Lima\/Poder 360."},{"@type":"BreadcrumbList","@id":"https:\/\/blogdofarnesio.com.br\/?p=169941#breadcrumb","itemListElement":[{"@type":"ListItem","position":1,"name":"In\u00edcio","item":"https:\/\/blogdofarnesio.com.br\/"},{"@type":"ListItem","position":2,"name":"50% REJEITAM CANDIDATO DO PT E 47% N\u00c3O QUEREM NOME DO PSDB, DIZ DATAPODER360"}]},{"@type":"WebSite","@id":"https:\/\/blogdofarnesio.com.br\/#website","url":"https:\/\/blogdofarnesio.com.br\/","name":"Blog do Farn\u00e9sio","description":"Quer Saber Pol\u00edtica?","publisher":{"@id":"https:\/\/blogdofarnesio.com.br\/#organization"},"potentialAction":[{"@type":"SearchAction","target":{"@type":"EntryPoint","urlTemplate":"https:\/\/blogdofarnesio.com.br\/?s={search_term_string}"},"query-input":{"@type":"PropertyValueSpecification","valueRequired":true,"valueName":"search_term_string"}}],"inLanguage":"pt-BR"},{"@type":"Organization","@id":"https:\/\/blogdofarnesio.com.br\/#organization","name":"Blog do Farn\u00e9sio","url":"https:\/\/blogdofarnesio.com.br\/","logo":{"@type":"ImageObject","inLanguage":"pt-BR","@id":"https:\/\/blogdofarnesio.com.br\/#\/schema\/logo\/image\/","url":"https:\/\/blogdofarnesio.com.br\/wp-content\/uploads\/2026\/03\/cropped-logo_new-1.png","contentUrl":"https:\/\/blogdofarnesio.com.br\/wp-content\/uploads\/2026\/03\/cropped-logo_new-1.png","width":881,"height":685,"caption":"Blog do Farn\u00e9sio"},"image":{"@id":"https:\/\/blogdofarnesio.com.br\/#\/schema\/logo\/image\/"},"sameAs":["https:\/\/www.facebook.com\/BlogQuerSaberPolitica\/"]},{"@type":"Person","@id":"https:\/\/blogdofarnesio.com.br\/#\/schema\/person\/301c4acf522bccbfdb45af95b5b906a1","name":"Farn\u00e9sio","image":{"@type":"ImageObject","inLanguage":"pt-BR","@id":"https:\/\/secure.gravatar.com\/avatar\/df0c9a14567c056f8ad6876ba5bbd1e3e2c48023eb6807342fc4663adf549f38?s=96&d=mm&r=g","url":"https:\/\/secure.gravatar.com\/avatar\/df0c9a14567c056f8ad6876ba5bbd1e3e2c48023eb6807342fc4663adf549f38?s=96&d=mm&r=g","contentUrl":"https:\/\/secure.gravatar.com\/avatar\/df0c9a14567c056f8ad6876ba5bbd1e3e2c48023eb6807342fc4663adf549f38?s=96&d=mm&r=g","caption":"Farn\u00e9sio"},"sameAs":["https:\/\/quersaberpolitica.com.br"],"url":"https:\/\/blogdofarnesio.com.br\/?author=1"}]}},"_links":{"self":[{"href":"https:\/\/blogdofarnesio.com.br\/index.php?rest_route=\/wp\/v2\/posts\/169941","targetHints":{"allow":["GET"]}}],"collection":[{"href":"https:\/\/blogdofarnesio.com.br\/index.php?rest_route=\/wp\/v2\/posts"}],"about":[{"href":"https:\/\/blogdofarnesio.com.br\/index.php?rest_route=\/wp\/v2\/types\/post"}],"author":[{"embeddable":true,"href":"https:\/\/blogdofarnesio.com.br\/index.php?rest_route=\/wp\/v2\/users\/1"}],"replies":[{"embeddable":true,"href":"https:\/\/blogdofarnesio.com.br\/index.php?rest_route=%2Fwp%2Fv2%2Fcomments&post=169941"}],"version-history":[{"count":0,"href":"https:\/\/blogdofarnesio.com.br\/index.php?rest_route=\/wp\/v2\/posts\/169941\/revisions"}],"wp:featuredmedia":[{"embeddable":true,"href":"https:\/\/blogdofarnesio.com.br\/index.php?rest_route=\/wp\/v2\/media\/169957"}],"wp:attachment":[{"href":"https:\/\/blogdofarnesio.com.br\/index.php?rest_route=%2Fwp%2Fv2%2Fmedia&parent=169941"}],"wp:term":[{"taxonomy":"category","embeddable":true,"href":"https:\/\/blogdofarnesio.com.br\/index.php?rest_route=%2Fwp%2Fv2%2Fcategories&post=169941"},{"taxonomy":"post_tag","embeddable":true,"href":"https:\/\/blogdofarnesio.com.br\/index.php?rest_route=%2Fwp%2Fv2%2Ftags&post=169941"}],"curies":[{"name":"wp","href":"https:\/\/api.w.org\/{rel}","templated":true}]}}