{"id":169871,"date":"2017-06-22T12:00:43","date_gmt":"2017-06-22T15:00:43","guid":{"rendered":"http:\/\/quersaberpolitica.com.br\/2016\/?p=169871"},"modified":"2017-06-22T10:54:51","modified_gmt":"2017-06-22T13:54:51","slug":"diretora-do-cedep-fala-sobre-acusacao-de-assedio-a-aluna-por-parte-de-professor","status":"publish","type":"post","link":"https:\/\/blogdofarnesio.com.br\/?p=169871","title":{"rendered":"DIRETORA DO CEDEP FALA SOBRE ACUSA\u00c7\u00c3O DE ASS\u00c9DIO A ALUNA POR PARTE DE PROFESSOR"},"content":{"rendered":"<p style=\"text-align: justify;\">Um professor do Centro de Educa\u00e7\u00e3o Profissional do Sert\u00e3o do S\u00e3o Francisco (<em>Cetep<\/em>), foi enunciado por uma aluna, de que teria praticado ass\u00e9dio sexual dentro da escola. O fato foi denunciado nas redes sociais. Diante do fato, a diretora do Cetep, Dinoelma Moreira e a Professora e comunicadora Rosa Helena, participaram nesta manh\u00e3 (22) do Programa Bastidores da Not\u00edcia e esclareceram os fatos.<\/p>\n<p><img loading=\"lazy\" decoding=\"async\" class=\"aligncenter wp-image-169878\" src=\"http:\/\/quersaberpolitica.com.br\/2016\/wp-content\/uploads\/2017\/06\/blogqspcedepdinoelma-moura-dir-e1498139186461.jpg\" alt=\"\" width=\"505\" height=\"284\" \/><\/p>\n<p style=\"text-align: justify;\">\u201cInfelizmente \u00e9 lament\u00e1vel o que aconteceu, isso s\u00f3 n\u00e3o vem acontecendo em nossa escola. A situa\u00e7\u00e3o foi com uma menor e o estatuto \u00e9 bastante claro no artigo 18 e cabia a nossa gest\u00e3o a n\u00e3o fazer nem um alarde a nossa estudante. A pr\u00f3pria jovem usou as redes sociais e fez todo o hist\u00f3rico, a escola n\u00e3o \u00e9 delegacia, n\u00e3o fazemos \u00a0acarea\u00e7\u00e3o e protegemos a jovem\u201d, esclareceu a diretora.<\/p>\n<p style=\"text-align: justify;\">A diretora disse ainda que a aluna afirmou que o professor teria convidado ela para o laborat\u00f3rio e pediu que a mesma levantasse a perna da cal\u00e7a que ele iria fazer uma massagem no seu joelho por conta das dores que estava sentindo. \u201cA cal\u00e7a estava apertada e ele pediu que tirasse a cal\u00e7a.<\/p>\n<p style=\"text-align: justify;\">A informa\u00e7\u00e3o \u00e9 que ele j\u00e1 teria ido na casa dela fazer o mesmo procedimento. Infelizmente o fato veio a tona de forma indevida, a nossa gest\u00e3o foi atacada. Estavam dizendo que a gente estava querendo abafar o caso, mais n\u00e3o foi isso, fomos analisar, de imediato demos uma suspens\u00e3o ao professor\u201d, explicou.<\/p>\n<p style=\"text-align: justify;\">Por fim, Dinoelma falou que o professor foi afastado e j\u00e1 foi encaminhamos ao NTE, antiga DIREC o caso para que seja apurado. \u201cEles v\u00e3o abrir uma sindic\u00e2ncia e depois a secretaria de educa\u00e7\u00e3o vai decidir e acompanhar a a\u00e7\u00e3o judicial\u201d.<\/p>\n<p style=\"text-align: justify;\"><strong><em>Da Reda\u00e7\u00e3o\/BlogQSP<\/em><\/strong><\/p>\n","protected":false},"excerpt":{"rendered":"<p>Um professor do Centro de Educa\u00e7\u00e3o Profissional do Sert\u00e3o do S\u00e3o Francisco (Cetep), foi enunciado por uma aluna, de que teria praticado ass\u00e9dio sexual dentro da escola. O fato foi denunciado nas redes sociais. Diante do fato, a diretora do Cetep, Dinoelma Moreira e a Professora e comunicadora Rosa Helena, participaram nesta manh\u00e3 (22) do Programa Bastidores da Not\u00edcia e esclareceram os fatos. \u201cInfelizmente \u00e9 lament\u00e1vel o que aconteceu, isso s\u00f3 n\u00e3o vem acontecendo em nossa escola. A situa\u00e7\u00e3o foi com uma menor e o estatuto \u00e9 bastante claro no artigo 18 e cabia a nossa gest\u00e3o a n\u00e3o fazer nem um alarde a nossa estudante. A pr\u00f3pria jovem usou as redes sociais e fez todo o hist\u00f3rico, a escola&hellip; <\/p>\n","protected":false},"author":1,"featured_media":169879,"comment_status":"open","ping_status":"open","sticky":false,"template":"","format":"standard","meta":{"_acf_changed":false,"footnotes":""},"categories":[32,9],"tags":[],"class_list":["post-169871","post","type-post","status-publish","format-standard","has-post-thumbnail","hentry","category-costumes","category-policia"],"acf":[],"yoast_head":"<!-- This site is optimized with the Yoast SEO plugin v27.4 - https:\/\/yoast.com\/product\/yoast-seo-wordpress\/ -->\n<title>DIRETORA DO CEDEP FALA SOBRE ACUSA\u00c7\u00c3O DE ASS\u00c9DIO A ALUNA POR PARTE DE PROFESSOR - Blog do Farn\u00e9sio<\/title>\n<meta name=\"robots\" content=\"index, follow, max-snippet:-1, max-image-preview:large, max-video-preview:-1\" \/>\n<link rel=\"canonical\" href=\"https:\/\/blogdofarnesio.com.br\/?p=169871\" \/>\n<meta property=\"og:locale\" content=\"pt_BR\" \/>\n<meta property=\"og:type\" content=\"article\" \/>\n<meta property=\"og:title\" content=\"DIRETORA DO CEDEP FALA SOBRE ACUSA\u00c7\u00c3O DE ASS\u00c9DIO A ALUNA POR PARTE DE PROFESSOR - Blog do Farn\u00e9sio\" \/>\n<meta property=\"og:description\" content=\"Um professor do Centro de Educa\u00e7\u00e3o Profissional do Sert\u00e3o do S\u00e3o Francisco (Cetep), foi enunciado por uma aluna, de que teria praticado ass\u00e9dio sexual dentro da escola. O fato foi denunciado nas redes sociais. Diante do fato, a diretora do Cetep, Dinoelma Moreira e a Professora e comunicadora Rosa Helena, participaram nesta manh\u00e3 (22) do Programa Bastidores da Not\u00edcia e esclareceram os fatos. \u201cInfelizmente \u00e9 lament\u00e1vel o que aconteceu, isso s\u00f3 n\u00e3o vem acontecendo em nossa escola. A situa\u00e7\u00e3o foi com uma menor e o estatuto \u00e9 bastante claro no artigo 18 e cabia a nossa gest\u00e3o a n\u00e3o fazer nem um alarde a nossa estudante. A pr\u00f3pria jovem usou as redes sociais e fez todo o hist\u00f3rico, a escola&hellip;\" \/>\n<meta property=\"og:url\" content=\"https:\/\/blogdofarnesio.com.br\/?p=169871\" \/>\n<meta property=\"og:site_name\" content=\"Blog do Farn\u00e9sio\" \/>\n<meta property=\"article:publisher\" content=\"https:\/\/www.facebook.com\/BlogQuerSaberPolitica\/\" \/>\n<meta property=\"article:published_time\" content=\"2017-06-22T15:00:43+00:00\" \/>\n<meta property=\"og:image\" content=\"https:\/\/blogdofarnesio.com.br\/wp-content\/uploads\/2017\/06\/blogqspcedepdiretora-e1498139219896.jpg\" \/>\n\t<meta property=\"og:image:width\" content=\"664\" \/>\n\t<meta property=\"og:image:height\" content=\"374\" \/>\n\t<meta property=\"og:image:type\" content=\"image\/jpeg\" \/>\n<meta name=\"author\" content=\"Farn\u00e9sio\" \/>\n<meta name=\"twitter:card\" content=\"summary_large_image\" \/>\n<meta name=\"twitter:label1\" content=\"Escrito por\" \/>\n\t<meta name=\"twitter:data1\" content=\"Farn\u00e9sio\" \/>\n\t<meta name=\"twitter:label2\" content=\"Est. tempo de leitura\" \/>\n\t<meta name=\"twitter:data2\" content=\"2 minutos\" \/>\n<script type=\"application\/ld+json\" class=\"yoast-schema-graph\">{\"@context\":\"https:\\\/\\\/schema.org\",\"@graph\":[{\"@type\":\"Article\",\"@id\":\"https:\\\/\\\/blogdofarnesio.com.br\\\/?p=169871#article\",\"isPartOf\":{\"@id\":\"https:\\\/\\\/blogdofarnesio.com.br\\\/?p=169871\"},\"author\":{\"name\":\"Farn\u00e9sio\",\"@id\":\"https:\\\/\\\/blogdofarnesio.com.br\\\/#\\\/schema\\\/person\\\/301c4acf522bccbfdb45af95b5b906a1\"},\"headline\":\"DIRETORA DO CEDEP FALA SOBRE ACUSA\u00c7\u00c3O DE ASS\u00c9DIO A ALUNA POR PARTE DE PROFESSOR\",\"datePublished\":\"2017-06-22T15:00:43+00:00\",\"mainEntityOfPage\":{\"@id\":\"https:\\\/\\\/blogdofarnesio.com.br\\\/?p=169871\"},\"wordCount\":322,\"commentCount\":0,\"publisher\":{\"@id\":\"https:\\\/\\\/blogdofarnesio.com.br\\\/#organization\"},\"image\":{\"@id\":\"https:\\\/\\\/blogdofarnesio.com.br\\\/?p=169871#primaryimage\"},\"thumbnailUrl\":\"https:\\\/\\\/blogdofarnesio.com.br\\\/wp-content\\\/uploads\\\/2017\\\/06\\\/blogqspcedepdiretora-e1498139219896.jpg\",\"articleSection\":[\"Costumes\",\"Pol\u00edcia\"],\"inLanguage\":\"pt-BR\",\"potentialAction\":[{\"@type\":\"CommentAction\",\"name\":\"Comment\",\"target\":[\"https:\\\/\\\/blogdofarnesio.com.br\\\/?p=169871#respond\"]}]},{\"@type\":\"WebPage\",\"@id\":\"https:\\\/\\\/blogdofarnesio.com.br\\\/?p=169871\",\"url\":\"https:\\\/\\\/blogdofarnesio.com.br\\\/?p=169871\",\"name\":\"DIRETORA DO CEDEP FALA SOBRE ACUSA\u00c7\u00c3O DE ASS\u00c9DIO A ALUNA POR PARTE DE PROFESSOR - Blog do Farn\u00e9sio\",\"isPartOf\":{\"@id\":\"https:\\\/\\\/blogdofarnesio.com.br\\\/#website\"},\"primaryImageOfPage\":{\"@id\":\"https:\\\/\\\/blogdofarnesio.com.br\\\/?p=169871#primaryimage\"},\"image\":{\"@id\":\"https:\\\/\\\/blogdofarnesio.com.br\\\/?p=169871#primaryimage\"},\"thumbnailUrl\":\"https:\\\/\\\/blogdofarnesio.com.br\\\/wp-content\\\/uploads\\\/2017\\\/06\\\/blogqspcedepdiretora-e1498139219896.jpg\",\"datePublished\":\"2017-06-22T15:00:43+00:00\",\"breadcrumb\":{\"@id\":\"https:\\\/\\\/blogdofarnesio.com.br\\\/?p=169871#breadcrumb\"},\"inLanguage\":\"pt-BR\",\"potentialAction\":[{\"@type\":\"ReadAction\",\"target\":[\"https:\\\/\\\/blogdofarnesio.com.br\\\/?p=169871\"]}]},{\"@type\":\"ImageObject\",\"inLanguage\":\"pt-BR\",\"@id\":\"https:\\\/\\\/blogdofarnesio.com.br\\\/?p=169871#primaryimage\",\"url\":\"https:\\\/\\\/blogdofarnesio.com.br\\\/wp-content\\\/uploads\\\/2017\\\/06\\\/blogqspcedepdiretora-e1498139219896.jpg\",\"contentUrl\":\"https:\\\/\\\/blogdofarnesio.com.br\\\/wp-content\\\/uploads\\\/2017\\\/06\\\/blogqspcedepdiretora-e1498139219896.jpg\",\"width\":664,\"height\":374},{\"@type\":\"BreadcrumbList\",\"@id\":\"https:\\\/\\\/blogdofarnesio.com.br\\\/?p=169871#breadcrumb\",\"itemListElement\":[{\"@type\":\"ListItem\",\"position\":1,\"name\":\"In\u00edcio\",\"item\":\"https:\\\/\\\/blogdofarnesio.com.br\\\/\"},{\"@type\":\"ListItem\",\"position\":2,\"name\":\"DIRETORA DO CEDEP FALA SOBRE ACUSA\u00c7\u00c3O DE ASS\u00c9DIO A ALUNA POR PARTE DE PROFESSOR\"}]},{\"@type\":\"WebSite\",\"@id\":\"https:\\\/\\\/blogdofarnesio.com.br\\\/#website\",\"url\":\"https:\\\/\\\/blogdofarnesio.com.br\\\/\",\"name\":\"Blog do Farn\u00e9sio\",\"description\":\"Quer Saber Pol\u00edtica?\",\"publisher\":{\"@id\":\"https:\\\/\\\/blogdofarnesio.com.br\\\/#organization\"},\"potentialAction\":[{\"@type\":\"SearchAction\",\"target\":{\"@type\":\"EntryPoint\",\"urlTemplate\":\"https:\\\/\\\/blogdofarnesio.com.br\\\/?s={search_term_string}\"},\"query-input\":{\"@type\":\"PropertyValueSpecification\",\"valueRequired\":true,\"valueName\":\"search_term_string\"}}],\"inLanguage\":\"pt-BR\"},{\"@type\":\"Organization\",\"@id\":\"https:\\\/\\\/blogdofarnesio.com.br\\\/#organization\",\"name\":\"Blog do Farn\u00e9sio\",\"url\":\"https:\\\/\\\/blogdofarnesio.com.br\\\/\",\"logo\":{\"@type\":\"ImageObject\",\"inLanguage\":\"pt-BR\",\"@id\":\"https:\\\/\\\/blogdofarnesio.com.br\\\/#\\\/schema\\\/logo\\\/image\\\/\",\"url\":\"https:\\\/\\\/blogdofarnesio.com.br\\\/wp-content\\\/uploads\\\/2026\\\/03\\\/cropped-logo_new-1.png\",\"contentUrl\":\"https:\\\/\\\/blogdofarnesio.com.br\\\/wp-content\\\/uploads\\\/2026\\\/03\\\/cropped-logo_new-1.png\",\"width\":881,\"height\":685,\"caption\":\"Blog do Farn\u00e9sio\"},\"image\":{\"@id\":\"https:\\\/\\\/blogdofarnesio.com.br\\\/#\\\/schema\\\/logo\\\/image\\\/\"},\"sameAs\":[\"https:\\\/\\\/www.facebook.com\\\/BlogQuerSaberPolitica\\\/\"]},{\"@type\":\"Person\",\"@id\":\"https:\\\/\\\/blogdofarnesio.com.br\\\/#\\\/schema\\\/person\\\/301c4acf522bccbfdb45af95b5b906a1\",\"name\":\"Farn\u00e9sio\",\"image\":{\"@type\":\"ImageObject\",\"inLanguage\":\"pt-BR\",\"@id\":\"https:\\\/\\\/secure.gravatar.com\\\/avatar\\\/df0c9a14567c056f8ad6876ba5bbd1e3e2c48023eb6807342fc4663adf549f38?s=96&d=mm&r=g\",\"url\":\"https:\\\/\\\/secure.gravatar.com\\\/avatar\\\/df0c9a14567c056f8ad6876ba5bbd1e3e2c48023eb6807342fc4663adf549f38?s=96&d=mm&r=g\",\"contentUrl\":\"https:\\\/\\\/secure.gravatar.com\\\/avatar\\\/df0c9a14567c056f8ad6876ba5bbd1e3e2c48023eb6807342fc4663adf549f38?s=96&d=mm&r=g\",\"caption\":\"Farn\u00e9sio\"},\"sameAs\":[\"https:\\\/\\\/quersaberpolitica.com.br\"],\"url\":\"https:\\\/\\\/blogdofarnesio.com.br\\\/?author=1\"}]}<\/script>\n<!-- \/ Yoast SEO plugin. -->","yoast_head_json":{"title":"DIRETORA DO CEDEP FALA SOBRE ACUSA\u00c7\u00c3O DE ASS\u00c9DIO A ALUNA POR PARTE DE PROFESSOR - Blog do Farn\u00e9sio","robots":{"index":"index","follow":"follow","max-snippet":"max-snippet:-1","max-image-preview":"max-image-preview:large","max-video-preview":"max-video-preview:-1"},"canonical":"https:\/\/blogdofarnesio.com.br\/?p=169871","og_locale":"pt_BR","og_type":"article","og_title":"DIRETORA DO CEDEP FALA SOBRE ACUSA\u00c7\u00c3O DE ASS\u00c9DIO A ALUNA POR PARTE DE PROFESSOR - Blog do Farn\u00e9sio","og_description":"Um professor do Centro de Educa\u00e7\u00e3o Profissional do Sert\u00e3o do S\u00e3o Francisco (Cetep), foi enunciado por uma aluna, de que teria praticado ass\u00e9dio sexual dentro da escola. O fato foi denunciado nas redes sociais. Diante do fato, a diretora do Cetep, Dinoelma Moreira e a Professora e comunicadora Rosa Helena, participaram nesta manh\u00e3 (22) do Programa Bastidores da Not\u00edcia e esclareceram os fatos. \u201cInfelizmente \u00e9 lament\u00e1vel o que aconteceu, isso s\u00f3 n\u00e3o vem acontecendo em nossa escola. A situa\u00e7\u00e3o foi com uma menor e o estatuto \u00e9 bastante claro no artigo 18 e cabia a nossa gest\u00e3o a n\u00e3o fazer nem um alarde a nossa estudante. A pr\u00f3pria jovem usou as redes sociais e fez todo o hist\u00f3rico, a escola&hellip;","og_url":"https:\/\/blogdofarnesio.com.br\/?p=169871","og_site_name":"Blog do Farn\u00e9sio","article_publisher":"https:\/\/www.facebook.com\/BlogQuerSaberPolitica\/","article_published_time":"2017-06-22T15:00:43+00:00","og_image":[{"width":664,"height":374,"url":"https:\/\/blogdofarnesio.com.br\/wp-content\/uploads\/2017\/06\/blogqspcedepdiretora-e1498139219896.jpg","type":"image\/jpeg"}],"author":"Farn\u00e9sio","twitter_card":"summary_large_image","twitter_misc":{"Escrito por":"Farn\u00e9sio","Est. tempo de leitura":"2 minutos"},"schema":{"@context":"https:\/\/schema.org","@graph":[{"@type":"Article","@id":"https:\/\/blogdofarnesio.com.br\/?p=169871#article","isPartOf":{"@id":"https:\/\/blogdofarnesio.com.br\/?p=169871"},"author":{"name":"Farn\u00e9sio","@id":"https:\/\/blogdofarnesio.com.br\/#\/schema\/person\/301c4acf522bccbfdb45af95b5b906a1"},"headline":"DIRETORA DO CEDEP FALA SOBRE ACUSA\u00c7\u00c3O DE ASS\u00c9DIO A ALUNA POR PARTE DE PROFESSOR","datePublished":"2017-06-22T15:00:43+00:00","mainEntityOfPage":{"@id":"https:\/\/blogdofarnesio.com.br\/?p=169871"},"wordCount":322,"commentCount":0,"publisher":{"@id":"https:\/\/blogdofarnesio.com.br\/#organization"},"image":{"@id":"https:\/\/blogdofarnesio.com.br\/?p=169871#primaryimage"},"thumbnailUrl":"https:\/\/blogdofarnesio.com.br\/wp-content\/uploads\/2017\/06\/blogqspcedepdiretora-e1498139219896.jpg","articleSection":["Costumes","Pol\u00edcia"],"inLanguage":"pt-BR","potentialAction":[{"@type":"CommentAction","name":"Comment","target":["https:\/\/blogdofarnesio.com.br\/?p=169871#respond"]}]},{"@type":"WebPage","@id":"https:\/\/blogdofarnesio.com.br\/?p=169871","url":"https:\/\/blogdofarnesio.com.br\/?p=169871","name":"DIRETORA DO CEDEP FALA SOBRE ACUSA\u00c7\u00c3O DE ASS\u00c9DIO A ALUNA POR PARTE DE PROFESSOR - Blog do Farn\u00e9sio","isPartOf":{"@id":"https:\/\/blogdofarnesio.com.br\/#website"},"primaryImageOfPage":{"@id":"https:\/\/blogdofarnesio.com.br\/?p=169871#primaryimage"},"image":{"@id":"https:\/\/blogdofarnesio.com.br\/?p=169871#primaryimage"},"thumbnailUrl":"https:\/\/blogdofarnesio.com.br\/wp-content\/uploads\/2017\/06\/blogqspcedepdiretora-e1498139219896.jpg","datePublished":"2017-06-22T15:00:43+00:00","breadcrumb":{"@id":"https:\/\/blogdofarnesio.com.br\/?p=169871#breadcrumb"},"inLanguage":"pt-BR","potentialAction":[{"@type":"ReadAction","target":["https:\/\/blogdofarnesio.com.br\/?p=169871"]}]},{"@type":"ImageObject","inLanguage":"pt-BR","@id":"https:\/\/blogdofarnesio.com.br\/?p=169871#primaryimage","url":"https:\/\/blogdofarnesio.com.br\/wp-content\/uploads\/2017\/06\/blogqspcedepdiretora-e1498139219896.jpg","contentUrl":"https:\/\/blogdofarnesio.com.br\/wp-content\/uploads\/2017\/06\/blogqspcedepdiretora-e1498139219896.jpg","width":664,"height":374},{"@type":"BreadcrumbList","@id":"https:\/\/blogdofarnesio.com.br\/?p=169871#breadcrumb","itemListElement":[{"@type":"ListItem","position":1,"name":"In\u00edcio","item":"https:\/\/blogdofarnesio.com.br\/"},{"@type":"ListItem","position":2,"name":"DIRETORA DO CEDEP FALA SOBRE ACUSA\u00c7\u00c3O DE ASS\u00c9DIO A ALUNA POR PARTE DE PROFESSOR"}]},{"@type":"WebSite","@id":"https:\/\/blogdofarnesio.com.br\/#website","url":"https:\/\/blogdofarnesio.com.br\/","name":"Blog do Farn\u00e9sio","description":"Quer Saber Pol\u00edtica?","publisher":{"@id":"https:\/\/blogdofarnesio.com.br\/#organization"},"potentialAction":[{"@type":"SearchAction","target":{"@type":"EntryPoint","urlTemplate":"https:\/\/blogdofarnesio.com.br\/?s={search_term_string}"},"query-input":{"@type":"PropertyValueSpecification","valueRequired":true,"valueName":"search_term_string"}}],"inLanguage":"pt-BR"},{"@type":"Organization","@id":"https:\/\/blogdofarnesio.com.br\/#organization","name":"Blog do Farn\u00e9sio","url":"https:\/\/blogdofarnesio.com.br\/","logo":{"@type":"ImageObject","inLanguage":"pt-BR","@id":"https:\/\/blogdofarnesio.com.br\/#\/schema\/logo\/image\/","url":"https:\/\/blogdofarnesio.com.br\/wp-content\/uploads\/2026\/03\/cropped-logo_new-1.png","contentUrl":"https:\/\/blogdofarnesio.com.br\/wp-content\/uploads\/2026\/03\/cropped-logo_new-1.png","width":881,"height":685,"caption":"Blog do Farn\u00e9sio"},"image":{"@id":"https:\/\/blogdofarnesio.com.br\/#\/schema\/logo\/image\/"},"sameAs":["https:\/\/www.facebook.com\/BlogQuerSaberPolitica\/"]},{"@type":"Person","@id":"https:\/\/blogdofarnesio.com.br\/#\/schema\/person\/301c4acf522bccbfdb45af95b5b906a1","name":"Farn\u00e9sio","image":{"@type":"ImageObject","inLanguage":"pt-BR","@id":"https:\/\/secure.gravatar.com\/avatar\/df0c9a14567c056f8ad6876ba5bbd1e3e2c48023eb6807342fc4663adf549f38?s=96&d=mm&r=g","url":"https:\/\/secure.gravatar.com\/avatar\/df0c9a14567c056f8ad6876ba5bbd1e3e2c48023eb6807342fc4663adf549f38?s=96&d=mm&r=g","contentUrl":"https:\/\/secure.gravatar.com\/avatar\/df0c9a14567c056f8ad6876ba5bbd1e3e2c48023eb6807342fc4663adf549f38?s=96&d=mm&r=g","caption":"Farn\u00e9sio"},"sameAs":["https:\/\/quersaberpolitica.com.br"],"url":"https:\/\/blogdofarnesio.com.br\/?author=1"}]}},"_links":{"self":[{"href":"https:\/\/blogdofarnesio.com.br\/index.php?rest_route=\/wp\/v2\/posts\/169871","targetHints":{"allow":["GET"]}}],"collection":[{"href":"https:\/\/blogdofarnesio.com.br\/index.php?rest_route=\/wp\/v2\/posts"}],"about":[{"href":"https:\/\/blogdofarnesio.com.br\/index.php?rest_route=\/wp\/v2\/types\/post"}],"author":[{"embeddable":true,"href":"https:\/\/blogdofarnesio.com.br\/index.php?rest_route=\/wp\/v2\/users\/1"}],"replies":[{"embeddable":true,"href":"https:\/\/blogdofarnesio.com.br\/index.php?rest_route=%2Fwp%2Fv2%2Fcomments&post=169871"}],"version-history":[{"count":0,"href":"https:\/\/blogdofarnesio.com.br\/index.php?rest_route=\/wp\/v2\/posts\/169871\/revisions"}],"wp:featuredmedia":[{"embeddable":true,"href":"https:\/\/blogdofarnesio.com.br\/index.php?rest_route=\/wp\/v2\/media\/169879"}],"wp:attachment":[{"href":"https:\/\/blogdofarnesio.com.br\/index.php?rest_route=%2Fwp%2Fv2%2Fmedia&parent=169871"}],"wp:term":[{"taxonomy":"category","embeddable":true,"href":"https:\/\/blogdofarnesio.com.br\/index.php?rest_route=%2Fwp%2Fv2%2Fcategories&post=169871"},{"taxonomy":"post_tag","embeddable":true,"href":"https:\/\/blogdofarnesio.com.br\/index.php?rest_route=%2Fwp%2Fv2%2Ftags&post=169871"}],"curies":[{"name":"wp","href":"https:\/\/api.w.org\/{rel}","templated":true}]}}