{"id":169842,"date":"2017-06-22T08:34:00","date_gmt":"2017-06-22T11:34:00","guid":{"rendered":"http:\/\/quersaberpolitica.com.br\/2016\/?p=169842"},"modified":"2017-06-21T19:19:53","modified_gmt":"2017-06-21T22:19:53","slug":"embate-entre-a-decencia-e-a-malandragem","status":"publish","type":"post","link":"https:\/\/blogdofarnesio.com.br\/?p=169842","title":{"rendered":"EMBATE ENTRE A DEC\u00caNCIA E A MALANDRAGEM"},"content":{"rendered":"<header>\n<p class=\"author\"><a class=\"author url fn\" title=\"Posts by Xico Graziano\" href=\"http:\/\/www.poder360.com.br\/author\/xico-graziano\/\" rel=\"author\">*XICO GRAZIANO<\/a><\/p>\n<\/header>\n<div class=\"content wp\" data-ga-ano=\"2017\" data-ga-categoria=\"Brasil\" data-ga-autor=\"Xico Graziano\">\n<p id=\"FirstLetter\">Assustei o mundo pol\u00edtico quando, no final de 2016, escrevi um <a href=\"http:\/\/www1.folha.uol.com.br\/opiniao\/2016\/11\/1828881-volta-fhc.shtml\" target=\"_blank\" rel=\"noopener\">artigo intitulado \u201cVolta FHC\u201d<\/a>. Levei chumbo grosso do pessoal ligado ao Michel Temer, A\u00e9cio Neves tentou me desmoralizar, fui desprezado pela turma do PT. Muitos ficaram incr\u00e9dulos, poucos entenderam o significado de meu ato. Permaneci quieto, analisando a repercuss\u00e3o daquela ousadia. Jos\u00e9 Gregori me escreveu num bilhete: \u201c<em>Gostei de seu berro<\/em>\u201d!<\/p>\n<div class=\"enviar\">\n<div class=\"container\">\n<div class=\"row\">\n<section class=\"col lg12\">\n<div class=\"row\">\n<section class=\"mod-newsletter full clearfix\">\n<div class=\"col lg6 xs12 no-padding-xs\">\n<h1>Receba a newsletter do Poder360<br \/>\n<small class=\"hidden-xs\">todos os dias no seu e-mail<\/small><\/h1>\n<\/div>\n<div class=\"col lg6 xs12 no-padding-xs\">\n<form class=\"form-newsletter clearfix\" accept-charset=\"utf-8\" method=\"post\" novalidate=\"novalidate\"><input name=\"email\" type=\"text\" value=\"\" placeholder=\"seu e-mail\" \/><br \/>\n<input class=\"submit\" type=\"submit\" value=\"ok\" \/><\/form>\n<\/div>\n<\/section>\n<\/div>\n<\/section>\n<\/div>\n<\/div>\n<\/div>\n<p>Era exatamente isso: um brado contra a podrid\u00e3o pol\u00edtica instalada na Rep\u00fablica. Quando Dilma, por ter cometido a maior irresponsabilidade fiscal de nossa hist\u00f3ria, sofreu o impeachment, todos n\u00f3s sab\u00edamos qual grupo assumiria o poder. Ele vinha de longe, e crescera no ventre f\u00e9tido do lulismo. Era o risco inerente ao processo, que muitos fingiam n\u00e3o ver.<\/p>\n<p>Imaginava-se que, despreocupado com apoio popular, mas denso no Congresso, o governo de transi\u00e7\u00e3o liderado por Michel Temer fosse capaz de implementar importantes reformas para reequilibrar o pa\u00eds. Mais \u00e0 frente, nas elei\u00e7\u00f5es de 2018, se mediriam as for\u00e7as reais que poderiam nos conduzir ao futuro. N\u00e3o rolou.<\/p>\n<p>Estava claro, j\u00e1 h\u00e1 alguns meses, que a substitui\u00e7\u00e3o de Dilma por Temer n\u00e3o livraria o pa\u00eds do mar de lama. Pelo contr\u00e1rio, poderia afund\u00e1-lo mais ainda. Duas quadrilhas, quando se brigam, juram-se de morte. E a perversidade, escancarada pela Lava Jato, surgiu maior do que se imaginava. Uma desgra\u00e7a generalizada contaminou a Rep\u00fablica. Chega. Ningu\u00e9m aguenta mais tanta safadeza, essa mistura desgra\u00e7ada de corrup\u00e7\u00e3o, oportunismo e dissimula\u00e7\u00e3o que empesteou a democracia brasileira. Como avan\u00e7ar?<\/p>\n<p>Fernando Henrique, ele pr\u00f3prio, <a href=\"http:\/\/www.poder360.com.br\/governo\/fhc-falta-legitimidade-ao-governo-temer-eleicoes-seriam-gesto-de-grandeza\/\" target=\"_blank\" rel=\"noopener\">berrou alto na semana passada<\/a>: \u201c<em>Ou h\u00e1 um gesto de grandeza por parte de quem legalmente det\u00e9m o poder, pedindo antecipa\u00e7\u00e3o de elei\u00e7\u00f5es gerais, ou o poder se erode de tal forma que as ruas pedir\u00e3o a ruptura da regra vigente exigindo antecipa\u00e7\u00e3o do voto<\/em>\u201c. Dias depois, quem gritou foi Ronaldo Caiado: \u201c<em>PT e Temer s\u00e3o faces de uma mesma moeda, e respondem por crimes de que foram parceiros. Lula e Temer est\u00e3o irmanados no prop\u00f3sito de n\u00e3o antecipar as elei\u00e7\u00f5es<\/em>\u201d.<\/p>\n<p>Vencer Lula em elei\u00e7\u00f5es diretas, e quanto mais cedo melhor, ser\u00e1 a \u00fanica chance de pacificar a na\u00e7\u00e3o. Todos esperamos que Lula seja, justamente, condenado pelos seus incont\u00e1veis crimes de corrup\u00e7\u00e3o. Antes de aprision\u00e1-lo, por\u00e9m, ser\u00e1 necess\u00e1rio derrot\u00e1-lo nas urnas. Sen\u00e3o, a hist\u00f3ria permanecer\u00e1 incerta, manipulada. O degredo pol\u00edtico de Lula exige a decis\u00e3o popular pelo voto.<\/p>\n<p>Se minha utopia valesse, e fosse poss\u00edvel combinar, poderia ocorrer uma elei\u00e7\u00e3o polarizada somente entre FHC e Lula. Ningu\u00e9m mais. Seria uma forma de assumir o \u201c<em>n\u00f3s<\/em>\u201d contra \u201c<em>eles<\/em>\u201d. Mas n\u00e3o essa polariza\u00e7\u00e3o antiga da \u201c<em>direita<\/em>\u201d contra a \u201c<em>esquerda<\/em>\u201d, ou a bizarrice do \u201c<em>coxinha<\/em>\u201d versus a \u201c<em>mortadela<\/em>\u201d. Nada disso. Seria um embate entre a dec\u00eancia e a malandragem. Passar o Brasil a limpo. Queria ver no que dava.<\/p>\n<p>Aposto que FHC venceria. Mas n\u00e3o assumiria. Sua vit\u00f3ria apenas mostraria que o Brasil acredita na pol\u00edtica do bem, cr\u00ea no seu futuro. Longe das quadrilhas que assaltaram o Estado. Pr\u00f3ximo da cidadania.<\/p>\n<\/div>\n<footer>\n<div class=\"mod mod-like\" data-pid=\"50611\" data-cookie=\"\">\n<h3 class=\"titulo-default\">Gostou?<\/h3>\n<\/div>\n<div class=\"mod mod-authors clearfix\">\n<div class=\"hr col lg3\"><\/div>\n<h3 class=\"titulo-default\">Autores<\/h3>\n<div class=\"wrapper clearfix\">\n<div class=\"col lg2 xs12 no-padding author-avatar\"><img loading=\"lazy\" decoding=\"async\" class=\"avatar avatar-96 wp-user-avatar wp-user-avatar-96 alignnone photo\" src=\"http:\/\/www.poder360.com.br\/wp-content\/uploads\/2017\/06\/thumbnail_xico_graziano204-1-96x96.jpg\" alt=\"Xico Graziano\" width=\"96\" height=\"96\" \/><\/div>\n<div class=\"col lg10 xs12 author\">\n<h4><a class=\"link-author\" href=\"http:\/\/www.poder360.com.br\/author\/xico-graziano\/\">*Xico Graziano<\/a><\/h4>\n<p>Xico Graziano, 64, \u00e9 engenheiro agr\u00f4nomo (ESALQ\/USP) e doutor em Administra\u00e7ao (FGV\/SP). Foi deputado federal pelo PSDB-SP, secret\u00e1rio estadual de Agricultura (Governo M\u00e1rio Covas) e secret\u00e1rio estadual do Meio Ambiente (Governo Jos\u00e9 Serra). Professor de MBA da FGV\/SP, disciplina &#8220;Meio Ambiente e Agroneg\u00f3cios&#8221;. Consultor em posicionamento digital, s\u00f3cio-diretor da ePoliticsGraziano. Autor de 10 livros sobre pol\u00edtica, economia agr\u00e1ria e sustentabilidade no campo.<\/p>\n<\/div>\n<\/div>\n<div class=\"nota col lg12\">\n<p><strong>nota do editor: <\/strong>os textos, fotos, v\u00eddeos, tabelas e outros materiais iconogr\u00e1ficos publicados no espa\u00e7o \u201copini\u00e3o\u201d n\u00e3o refletem necessariamente o pensamento do Poder360, sendo de total responsabilidade do(s) autor(es) as informa\u00e7\u00f5es, ju\u00edzos de valor e conceitos divulgados.<\/p>\n<\/div>\n<\/div>\n<div class=\"mod mod-tags\">\n<div class=\"hr col lg3\"><\/div>\n<h3 class=\"titulo-default\">Leia mais sobre<\/h3>\n<\/div>\n<\/footer>\n","protected":false},"excerpt":{"rendered":"<p>*XICO GRAZIANO Assustei o mundo pol\u00edtico quando, no final de 2016, escrevi um artigo intitulado \u201cVolta FHC\u201d. Levei chumbo grosso do pessoal ligado ao Michel Temer, A\u00e9cio Neves tentou me desmoralizar, fui desprezado pela turma do PT. Muitos ficaram incr\u00e9dulos, poucos entenderam o significado de meu ato. Permaneci quieto, analisando a repercuss\u00e3o daquela ousadia. Jos\u00e9 Gregori me escreveu num bilhete: \u201cGostei de seu berro\u201d! Receba a newsletter do Poder360 todos os dias no seu e-mail Era exatamente isso: um brado contra a podrid\u00e3o pol\u00edtica instalada na Rep\u00fablica. Quando Dilma, por ter cometido a maior irresponsabilidade fiscal de nossa hist\u00f3ria, sofreu o impeachment, todos n\u00f3s sab\u00edamos qual grupo assumiria o poder. Ele vinha de longe, e crescera no ventre f\u00e9tido do&hellip; <\/p>\n","protected":false},"author":1,"featured_media":155212,"comment_status":"open","ping_status":"open","sticky":false,"template":"","format":"standard","meta":{"_acf_changed":false,"footnotes":""},"categories":[30],"tags":[],"class_list":["post-169842","post","type-post","status-publish","format-standard","has-post-thumbnail","hentry","category-artigo"],"acf":[],"yoast_head":"<!-- This site is optimized with the Yoast SEO plugin v27.4 - https:\/\/yoast.com\/product\/yoast-seo-wordpress\/ -->\n<title>EMBATE ENTRE A DEC\u00caNCIA E A MALANDRAGEM - Blog do Farn\u00e9sio<\/title>\n<meta name=\"robots\" content=\"index, follow, max-snippet:-1, max-image-preview:large, max-video-preview:-1\" \/>\n<link rel=\"canonical\" href=\"https:\/\/blogdofarnesio.com.br\/?p=169842\" \/>\n<meta property=\"og:locale\" content=\"pt_BR\" \/>\n<meta property=\"og:type\" content=\"article\" \/>\n<meta property=\"og:title\" content=\"EMBATE ENTRE A DEC\u00caNCIA E A MALANDRAGEM - Blog do Farn\u00e9sio\" \/>\n<meta property=\"og:description\" content=\"*XICO GRAZIANO Assustei o mundo pol\u00edtico quando, no final de 2016, escrevi um artigo intitulado \u201cVolta FHC\u201d. Levei chumbo grosso do pessoal ligado ao Michel Temer, A\u00e9cio Neves tentou me desmoralizar, fui desprezado pela turma do PT. Muitos ficaram incr\u00e9dulos, poucos entenderam o significado de meu ato. Permaneci quieto, analisando a repercuss\u00e3o daquela ousadia. Jos\u00e9 Gregori me escreveu num bilhete: \u201cGostei de seu berro\u201d! Receba a newsletter do Poder360 todos os dias no seu e-mail Era exatamente isso: um brado contra a podrid\u00e3o pol\u00edtica instalada na Rep\u00fablica. Quando Dilma, por ter cometido a maior irresponsabilidade fiscal de nossa hist\u00f3ria, sofreu o impeachment, todos n\u00f3s sab\u00edamos qual grupo assumiria o poder. Ele vinha de longe, e crescera no ventre f\u00e9tido do&hellip;\" \/>\n<meta property=\"og:url\" content=\"https:\/\/blogdofarnesio.com.br\/?p=169842\" \/>\n<meta property=\"og:site_name\" content=\"Blog do Farn\u00e9sio\" \/>\n<meta property=\"article:publisher\" content=\"https:\/\/www.facebook.com\/BlogQuerSaberPolitica\/\" \/>\n<meta property=\"article:published_time\" content=\"2017-06-22T11:34:00+00:00\" \/>\n<meta property=\"og:image\" content=\"https:\/\/blogdofarnesio.com.br\/wp-content\/uploads\/2017\/01\/blogqspcoletivadeimprensa.jpg\" \/>\n\t<meta property=\"og:image:width\" content=\"481\" \/>\n\t<meta property=\"og:image:height\" content=\"105\" \/>\n\t<meta property=\"og:image:type\" content=\"image\/jpeg\" \/>\n<meta name=\"author\" content=\"Farn\u00e9sio\" \/>\n<meta name=\"twitter:card\" content=\"summary_large_image\" \/>\n<meta name=\"twitter:label1\" content=\"Escrito por\" \/>\n\t<meta name=\"twitter:data1\" content=\"Farn\u00e9sio\" \/>\n\t<meta name=\"twitter:label2\" content=\"Est. tempo de leitura\" \/>\n\t<meta name=\"twitter:data2\" content=\"3 minutos\" \/>\n<script type=\"application\/ld+json\" class=\"yoast-schema-graph\">{\"@context\":\"https:\\\/\\\/schema.org\",\"@graph\":[{\"@type\":\"Article\",\"@id\":\"https:\\\/\\\/blogdofarnesio.com.br\\\/?p=169842#article\",\"isPartOf\":{\"@id\":\"https:\\\/\\\/blogdofarnesio.com.br\\\/?p=169842\"},\"author\":{\"name\":\"Farn\u00e9sio\",\"@id\":\"https:\\\/\\\/blogdofarnesio.com.br\\\/#\\\/schema\\\/person\\\/301c4acf522bccbfdb45af95b5b906a1\"},\"headline\":\"EMBATE ENTRE A DEC\u00caNCIA E A MALANDRAGEM\",\"datePublished\":\"2017-06-22T11:34:00+00:00\",\"mainEntityOfPage\":{\"@id\":\"https:\\\/\\\/blogdofarnesio.com.br\\\/?p=169842\"},\"wordCount\":690,\"commentCount\":0,\"publisher\":{\"@id\":\"https:\\\/\\\/blogdofarnesio.com.br\\\/#organization\"},\"image\":{\"@id\":\"https:\\\/\\\/blogdofarnesio.com.br\\\/?p=169842#primaryimage\"},\"thumbnailUrl\":\"https:\\\/\\\/blogdofarnesio.com.br\\\/wp-content\\\/uploads\\\/2017\\\/01\\\/blogqspcoletivadeimprensa.jpg\",\"articleSection\":[\"Artigo\"],\"inLanguage\":\"pt-BR\",\"potentialAction\":[{\"@type\":\"CommentAction\",\"name\":\"Comment\",\"target\":[\"https:\\\/\\\/blogdofarnesio.com.br\\\/?p=169842#respond\"]}]},{\"@type\":\"WebPage\",\"@id\":\"https:\\\/\\\/blogdofarnesio.com.br\\\/?p=169842\",\"url\":\"https:\\\/\\\/blogdofarnesio.com.br\\\/?p=169842\",\"name\":\"EMBATE ENTRE A DEC\u00caNCIA E A MALANDRAGEM - Blog do Farn\u00e9sio\",\"isPartOf\":{\"@id\":\"https:\\\/\\\/blogdofarnesio.com.br\\\/#website\"},\"primaryImageOfPage\":{\"@id\":\"https:\\\/\\\/blogdofarnesio.com.br\\\/?p=169842#primaryimage\"},\"image\":{\"@id\":\"https:\\\/\\\/blogdofarnesio.com.br\\\/?p=169842#primaryimage\"},\"thumbnailUrl\":\"https:\\\/\\\/blogdofarnesio.com.br\\\/wp-content\\\/uploads\\\/2017\\\/01\\\/blogqspcoletivadeimprensa.jpg\",\"datePublished\":\"2017-06-22T11:34:00+00:00\",\"breadcrumb\":{\"@id\":\"https:\\\/\\\/blogdofarnesio.com.br\\\/?p=169842#breadcrumb\"},\"inLanguage\":\"pt-BR\",\"potentialAction\":[{\"@type\":\"ReadAction\",\"target\":[\"https:\\\/\\\/blogdofarnesio.com.br\\\/?p=169842\"]}]},{\"@type\":\"ImageObject\",\"inLanguage\":\"pt-BR\",\"@id\":\"https:\\\/\\\/blogdofarnesio.com.br\\\/?p=169842#primaryimage\",\"url\":\"https:\\\/\\\/blogdofarnesio.com.br\\\/wp-content\\\/uploads\\\/2017\\\/01\\\/blogqspcoletivadeimprensa.jpg\",\"contentUrl\":\"https:\\\/\\\/blogdofarnesio.com.br\\\/wp-content\\\/uploads\\\/2017\\\/01\\\/blogqspcoletivadeimprensa.jpg\",\"width\":481,\"height\":105},{\"@type\":\"BreadcrumbList\",\"@id\":\"https:\\\/\\\/blogdofarnesio.com.br\\\/?p=169842#breadcrumb\",\"itemListElement\":[{\"@type\":\"ListItem\",\"position\":1,\"name\":\"In\u00edcio\",\"item\":\"https:\\\/\\\/blogdofarnesio.com.br\\\/\"},{\"@type\":\"ListItem\",\"position\":2,\"name\":\"EMBATE ENTRE A DEC\u00caNCIA E A MALANDRAGEM\"}]},{\"@type\":\"WebSite\",\"@id\":\"https:\\\/\\\/blogdofarnesio.com.br\\\/#website\",\"url\":\"https:\\\/\\\/blogdofarnesio.com.br\\\/\",\"name\":\"Blog do Farn\u00e9sio\",\"description\":\"Quer Saber Pol\u00edtica?\",\"publisher\":{\"@id\":\"https:\\\/\\\/blogdofarnesio.com.br\\\/#organization\"},\"potentialAction\":[{\"@type\":\"SearchAction\",\"target\":{\"@type\":\"EntryPoint\",\"urlTemplate\":\"https:\\\/\\\/blogdofarnesio.com.br\\\/?s={search_term_string}\"},\"query-input\":{\"@type\":\"PropertyValueSpecification\",\"valueRequired\":true,\"valueName\":\"search_term_string\"}}],\"inLanguage\":\"pt-BR\"},{\"@type\":\"Organization\",\"@id\":\"https:\\\/\\\/blogdofarnesio.com.br\\\/#organization\",\"name\":\"Blog do Farn\u00e9sio\",\"url\":\"https:\\\/\\\/blogdofarnesio.com.br\\\/\",\"logo\":{\"@type\":\"ImageObject\",\"inLanguage\":\"pt-BR\",\"@id\":\"https:\\\/\\\/blogdofarnesio.com.br\\\/#\\\/schema\\\/logo\\\/image\\\/\",\"url\":\"https:\\\/\\\/blogdofarnesio.com.br\\\/wp-content\\\/uploads\\\/2026\\\/03\\\/cropped-logo_new-1.png\",\"contentUrl\":\"https:\\\/\\\/blogdofarnesio.com.br\\\/wp-content\\\/uploads\\\/2026\\\/03\\\/cropped-logo_new-1.png\",\"width\":881,\"height\":685,\"caption\":\"Blog do Farn\u00e9sio\"},\"image\":{\"@id\":\"https:\\\/\\\/blogdofarnesio.com.br\\\/#\\\/schema\\\/logo\\\/image\\\/\"},\"sameAs\":[\"https:\\\/\\\/www.facebook.com\\\/BlogQuerSaberPolitica\\\/\"]},{\"@type\":\"Person\",\"@id\":\"https:\\\/\\\/blogdofarnesio.com.br\\\/#\\\/schema\\\/person\\\/301c4acf522bccbfdb45af95b5b906a1\",\"name\":\"Farn\u00e9sio\",\"image\":{\"@type\":\"ImageObject\",\"inLanguage\":\"pt-BR\",\"@id\":\"https:\\\/\\\/secure.gravatar.com\\\/avatar\\\/df0c9a14567c056f8ad6876ba5bbd1e3e2c48023eb6807342fc4663adf549f38?s=96&d=mm&r=g\",\"url\":\"https:\\\/\\\/secure.gravatar.com\\\/avatar\\\/df0c9a14567c056f8ad6876ba5bbd1e3e2c48023eb6807342fc4663adf549f38?s=96&d=mm&r=g\",\"contentUrl\":\"https:\\\/\\\/secure.gravatar.com\\\/avatar\\\/df0c9a14567c056f8ad6876ba5bbd1e3e2c48023eb6807342fc4663adf549f38?s=96&d=mm&r=g\",\"caption\":\"Farn\u00e9sio\"},\"sameAs\":[\"https:\\\/\\\/quersaberpolitica.com.br\"],\"url\":\"https:\\\/\\\/blogdofarnesio.com.br\\\/?author=1\"}]}<\/script>\n<!-- \/ Yoast SEO plugin. -->","yoast_head_json":{"title":"EMBATE ENTRE A DEC\u00caNCIA E A MALANDRAGEM - Blog do Farn\u00e9sio","robots":{"index":"index","follow":"follow","max-snippet":"max-snippet:-1","max-image-preview":"max-image-preview:large","max-video-preview":"max-video-preview:-1"},"canonical":"https:\/\/blogdofarnesio.com.br\/?p=169842","og_locale":"pt_BR","og_type":"article","og_title":"EMBATE ENTRE A DEC\u00caNCIA E A MALANDRAGEM - Blog do Farn\u00e9sio","og_description":"*XICO GRAZIANO Assustei o mundo pol\u00edtico quando, no final de 2016, escrevi um artigo intitulado \u201cVolta FHC\u201d. Levei chumbo grosso do pessoal ligado ao Michel Temer, A\u00e9cio Neves tentou me desmoralizar, fui desprezado pela turma do PT. Muitos ficaram incr\u00e9dulos, poucos entenderam o significado de meu ato. Permaneci quieto, analisando a repercuss\u00e3o daquela ousadia. Jos\u00e9 Gregori me escreveu num bilhete: \u201cGostei de seu berro\u201d! Receba a newsletter do Poder360 todos os dias no seu e-mail Era exatamente isso: um brado contra a podrid\u00e3o pol\u00edtica instalada na Rep\u00fablica. Quando Dilma, por ter cometido a maior irresponsabilidade fiscal de nossa hist\u00f3ria, sofreu o impeachment, todos n\u00f3s sab\u00edamos qual grupo assumiria o poder. Ele vinha de longe, e crescera no ventre f\u00e9tido do&hellip;","og_url":"https:\/\/blogdofarnesio.com.br\/?p=169842","og_site_name":"Blog do Farn\u00e9sio","article_publisher":"https:\/\/www.facebook.com\/BlogQuerSaberPolitica\/","article_published_time":"2017-06-22T11:34:00+00:00","og_image":[{"width":481,"height":105,"url":"https:\/\/blogdofarnesio.com.br\/wp-content\/uploads\/2017\/01\/blogqspcoletivadeimprensa.jpg","type":"image\/jpeg"}],"author":"Farn\u00e9sio","twitter_card":"summary_large_image","twitter_misc":{"Escrito por":"Farn\u00e9sio","Est. tempo de leitura":"3 minutos"},"schema":{"@context":"https:\/\/schema.org","@graph":[{"@type":"Article","@id":"https:\/\/blogdofarnesio.com.br\/?p=169842#article","isPartOf":{"@id":"https:\/\/blogdofarnesio.com.br\/?p=169842"},"author":{"name":"Farn\u00e9sio","@id":"https:\/\/blogdofarnesio.com.br\/#\/schema\/person\/301c4acf522bccbfdb45af95b5b906a1"},"headline":"EMBATE ENTRE A DEC\u00caNCIA E A MALANDRAGEM","datePublished":"2017-06-22T11:34:00+00:00","mainEntityOfPage":{"@id":"https:\/\/blogdofarnesio.com.br\/?p=169842"},"wordCount":690,"commentCount":0,"publisher":{"@id":"https:\/\/blogdofarnesio.com.br\/#organization"},"image":{"@id":"https:\/\/blogdofarnesio.com.br\/?p=169842#primaryimage"},"thumbnailUrl":"https:\/\/blogdofarnesio.com.br\/wp-content\/uploads\/2017\/01\/blogqspcoletivadeimprensa.jpg","articleSection":["Artigo"],"inLanguage":"pt-BR","potentialAction":[{"@type":"CommentAction","name":"Comment","target":["https:\/\/blogdofarnesio.com.br\/?p=169842#respond"]}]},{"@type":"WebPage","@id":"https:\/\/blogdofarnesio.com.br\/?p=169842","url":"https:\/\/blogdofarnesio.com.br\/?p=169842","name":"EMBATE ENTRE A DEC\u00caNCIA E A MALANDRAGEM - Blog do Farn\u00e9sio","isPartOf":{"@id":"https:\/\/blogdofarnesio.com.br\/#website"},"primaryImageOfPage":{"@id":"https:\/\/blogdofarnesio.com.br\/?p=169842#primaryimage"},"image":{"@id":"https:\/\/blogdofarnesio.com.br\/?p=169842#primaryimage"},"thumbnailUrl":"https:\/\/blogdofarnesio.com.br\/wp-content\/uploads\/2017\/01\/blogqspcoletivadeimprensa.jpg","datePublished":"2017-06-22T11:34:00+00:00","breadcrumb":{"@id":"https:\/\/blogdofarnesio.com.br\/?p=169842#breadcrumb"},"inLanguage":"pt-BR","potentialAction":[{"@type":"ReadAction","target":["https:\/\/blogdofarnesio.com.br\/?p=169842"]}]},{"@type":"ImageObject","inLanguage":"pt-BR","@id":"https:\/\/blogdofarnesio.com.br\/?p=169842#primaryimage","url":"https:\/\/blogdofarnesio.com.br\/wp-content\/uploads\/2017\/01\/blogqspcoletivadeimprensa.jpg","contentUrl":"https:\/\/blogdofarnesio.com.br\/wp-content\/uploads\/2017\/01\/blogqspcoletivadeimprensa.jpg","width":481,"height":105},{"@type":"BreadcrumbList","@id":"https:\/\/blogdofarnesio.com.br\/?p=169842#breadcrumb","itemListElement":[{"@type":"ListItem","position":1,"name":"In\u00edcio","item":"https:\/\/blogdofarnesio.com.br\/"},{"@type":"ListItem","position":2,"name":"EMBATE ENTRE A DEC\u00caNCIA E A MALANDRAGEM"}]},{"@type":"WebSite","@id":"https:\/\/blogdofarnesio.com.br\/#website","url":"https:\/\/blogdofarnesio.com.br\/","name":"Blog do Farn\u00e9sio","description":"Quer Saber Pol\u00edtica?","publisher":{"@id":"https:\/\/blogdofarnesio.com.br\/#organization"},"potentialAction":[{"@type":"SearchAction","target":{"@type":"EntryPoint","urlTemplate":"https:\/\/blogdofarnesio.com.br\/?s={search_term_string}"},"query-input":{"@type":"PropertyValueSpecification","valueRequired":true,"valueName":"search_term_string"}}],"inLanguage":"pt-BR"},{"@type":"Organization","@id":"https:\/\/blogdofarnesio.com.br\/#organization","name":"Blog do Farn\u00e9sio","url":"https:\/\/blogdofarnesio.com.br\/","logo":{"@type":"ImageObject","inLanguage":"pt-BR","@id":"https:\/\/blogdofarnesio.com.br\/#\/schema\/logo\/image\/","url":"https:\/\/blogdofarnesio.com.br\/wp-content\/uploads\/2026\/03\/cropped-logo_new-1.png","contentUrl":"https:\/\/blogdofarnesio.com.br\/wp-content\/uploads\/2026\/03\/cropped-logo_new-1.png","width":881,"height":685,"caption":"Blog do Farn\u00e9sio"},"image":{"@id":"https:\/\/blogdofarnesio.com.br\/#\/schema\/logo\/image\/"},"sameAs":["https:\/\/www.facebook.com\/BlogQuerSaberPolitica\/"]},{"@type":"Person","@id":"https:\/\/blogdofarnesio.com.br\/#\/schema\/person\/301c4acf522bccbfdb45af95b5b906a1","name":"Farn\u00e9sio","image":{"@type":"ImageObject","inLanguage":"pt-BR","@id":"https:\/\/secure.gravatar.com\/avatar\/df0c9a14567c056f8ad6876ba5bbd1e3e2c48023eb6807342fc4663adf549f38?s=96&d=mm&r=g","url":"https:\/\/secure.gravatar.com\/avatar\/df0c9a14567c056f8ad6876ba5bbd1e3e2c48023eb6807342fc4663adf549f38?s=96&d=mm&r=g","contentUrl":"https:\/\/secure.gravatar.com\/avatar\/df0c9a14567c056f8ad6876ba5bbd1e3e2c48023eb6807342fc4663adf549f38?s=96&d=mm&r=g","caption":"Farn\u00e9sio"},"sameAs":["https:\/\/quersaberpolitica.com.br"],"url":"https:\/\/blogdofarnesio.com.br\/?author=1"}]}},"_links":{"self":[{"href":"https:\/\/blogdofarnesio.com.br\/index.php?rest_route=\/wp\/v2\/posts\/169842","targetHints":{"allow":["GET"]}}],"collection":[{"href":"https:\/\/blogdofarnesio.com.br\/index.php?rest_route=\/wp\/v2\/posts"}],"about":[{"href":"https:\/\/blogdofarnesio.com.br\/index.php?rest_route=\/wp\/v2\/types\/post"}],"author":[{"embeddable":true,"href":"https:\/\/blogdofarnesio.com.br\/index.php?rest_route=\/wp\/v2\/users\/1"}],"replies":[{"embeddable":true,"href":"https:\/\/blogdofarnesio.com.br\/index.php?rest_route=%2Fwp%2Fv2%2Fcomments&post=169842"}],"version-history":[{"count":0,"href":"https:\/\/blogdofarnesio.com.br\/index.php?rest_route=\/wp\/v2\/posts\/169842\/revisions"}],"wp:featuredmedia":[{"embeddable":true,"href":"https:\/\/blogdofarnesio.com.br\/index.php?rest_route=\/wp\/v2\/media\/155212"}],"wp:attachment":[{"href":"https:\/\/blogdofarnesio.com.br\/index.php?rest_route=%2Fwp%2Fv2%2Fmedia&parent=169842"}],"wp:term":[{"taxonomy":"category","embeddable":true,"href":"https:\/\/blogdofarnesio.com.br\/index.php?rest_route=%2Fwp%2Fv2%2Fcategories&post=169842"},{"taxonomy":"post_tag","embeddable":true,"href":"https:\/\/blogdofarnesio.com.br\/index.php?rest_route=%2Fwp%2Fv2%2Ftags&post=169842"}],"curies":[{"name":"wp","href":"https:\/\/api.w.org\/{rel}","templated":true}]}}