{"id":168507,"date":"2017-06-06T17:00:59","date_gmt":"2017-06-06T20:00:59","guid":{"rendered":"http:\/\/quersaberpolitica.com.br\/2016\/?p=168507"},"modified":"2017-06-06T16:53:10","modified_gmt":"2017-06-06T19:53:10","slug":"muita-alegria-no-72o-bimtz-pelo-retorno-dos-militares-da-missao-de-paz-no-haiti","status":"publish","type":"post","link":"https:\/\/blogdofarnesio.com.br\/?p=168507","title":{"rendered":"MUITA ALEGRIA NO 72\u00ba BIMTZ, PELO RETORNO DOS MILITARES DA MISS\u00c3O DE PAZ NO HAITI"},"content":{"rendered":"<h1><\/h1>\n<div class=\"mc-column content-text active-extra-styles active-capital-letter\" data-block-type=\"unstyled\" data-block-weight=\"50\">\n<p class=\"content-text__container theme-color-primary-first-letter\" data-track-category=\"Link no Texto\" data-track-links=\"\">Comandantes da Pol\u00edcia Militar (PM), autoridades da pol\u00edcia local, familiares, amigos e convidados participaram, nesta ter\u00e7a-feira (6), em Petrolina, no Sert\u00e3o de Pernambuco, de uma solenidade para homenagear os 25 militares que participaram da Miss\u00e3o das Na\u00e7\u00f5es Unidas para Estabiliza\u00e7\u00e3o do Haiti (Minustah), e retornaram \u00e0 cidade nesta segunda-feira (5).<\/p>\n<\/div>\n<div class=\"mc-column content-text active-extra-styles\" data-block-type=\"unstyled\" data-block-weight=\"40\">\n<p class=\"content-text__container\" data-track-category=\"Link no Texto\" data-track-links=\"\">O evento foi realizado no 72\u00ba Batalh\u00e3o da Infantaria Motorizado (72 \u00ba BIMTZ), na Zona Leste do munic\u00edpio e, na ocasi\u00e3o, foram condecorados um oficinal tenente, quatro sargentos, sete cabos e treze soldados, que participaram da miss\u00e3o durante seis meses.<\/p>\n<\/div>\n<div class=\"mc-column content-text active-extra-styles\" data-block-type=\"raw\" data-block-weight=\"3\">\n<div class=\"content-intertitle\">\n<p><strong>Miss\u00e3o de Paz \u2013\u00a0<\/strong>A Miss\u00e3o das Na\u00e7\u00f5es Unidas para Estabiliza\u00e7\u00e3o do Haiti (Minustah) foi criada em 2004, pela Organiza\u00e7\u00e3o das Na\u00e7\u00f5es Unidas (ONU), com o objetivo de devolver a paz e a estabilidade ao Haiti ap\u00f3s per\u00edodo de conflitos no pa\u00eds, incluindo o ex\u00edlio do presidente do pa\u00eds, Jean Bertrand Aristide. Comandada pelo ex\u00e9rcito brasileiro, a miss\u00e3o de paz deve ser encerrada at\u00e9 outubro deste ano e substituida por uma a\u00e7\u00e3o menor.<\/p>\n<\/div>\n<\/div>\n","protected":false},"excerpt":{"rendered":"<p>Comandantes da Pol\u00edcia Militar (PM), autoridades da pol\u00edcia local, familiares, amigos e convidados participaram, nesta ter\u00e7a-feira (6), em Petrolina, no Sert\u00e3o de Pernambuco, de uma solenidade para homenagear os 25 militares que participaram da Miss\u00e3o das Na\u00e7\u00f5es Unidas para Estabiliza\u00e7\u00e3o do Haiti (Minustah), e retornaram \u00e0 cidade nesta segunda-feira (5). O evento foi realizado no 72\u00ba Batalh\u00e3o da Infantaria Motorizado (72 \u00ba BIMTZ), na Zona Leste do munic\u00edpio e, na ocasi\u00e3o, foram condecorados um oficinal tenente, quatro sargentos, sete cabos e treze soldados, que participaram da miss\u00e3o durante seis meses. Miss\u00e3o de Paz \u2013\u00a0A Miss\u00e3o das Na\u00e7\u00f5es Unidas para Estabiliza\u00e7\u00e3o do Haiti (Minustah) foi criada em 2004, pela Organiza\u00e7\u00e3o das Na\u00e7\u00f5es Unidas (ONU), com o objetivo de devolver a paz&hellip; <\/p>\n","protected":false},"author":1,"featured_media":168508,"comment_status":"open","ping_status":"open","sticky":false,"template":"","format":"standard","meta":{"_acf_changed":false,"footnotes":""},"categories":[12,5],"tags":[],"class_list":["post-168507","post","type-post","status-publish","format-standard","has-post-thumbnail","hentry","category-confraternizacoes","category-seguranca"],"acf":[],"yoast_head":"<!-- This site is optimized with the Yoast SEO plugin v27.4 - https:\/\/yoast.com\/product\/yoast-seo-wordpress\/ -->\n<title>MUITA ALEGRIA NO 72\u00ba BIMTZ, PELO RETORNO DOS MILITARES DA MISS\u00c3O DE PAZ NO HAITI - Blog do Farn\u00e9sio<\/title>\n<meta name=\"robots\" content=\"index, follow, max-snippet:-1, max-image-preview:large, max-video-preview:-1\" \/>\n<link rel=\"canonical\" href=\"https:\/\/blogdofarnesio.com.br\/?p=168507\" \/>\n<meta property=\"og:locale\" content=\"pt_BR\" \/>\n<meta property=\"og:type\" content=\"article\" \/>\n<meta property=\"og:title\" content=\"MUITA ALEGRIA NO 72\u00ba BIMTZ, PELO RETORNO DOS MILITARES DA MISS\u00c3O DE PAZ NO HAITI - Blog do Farn\u00e9sio\" \/>\n<meta property=\"og:description\" content=\"Comandantes da Pol\u00edcia Militar (PM), autoridades da pol\u00edcia local, familiares, amigos e convidados participaram, nesta ter\u00e7a-feira (6), em Petrolina, no Sert\u00e3o de Pernambuco, de uma solenidade para homenagear os 25 militares que participaram da Miss\u00e3o das Na\u00e7\u00f5es Unidas para Estabiliza\u00e7\u00e3o do Haiti (Minustah), e retornaram \u00e0 cidade nesta segunda-feira (5). O evento foi realizado no 72\u00ba Batalh\u00e3o da Infantaria Motorizado (72 \u00ba BIMTZ), na Zona Leste do munic\u00edpio e, na ocasi\u00e3o, foram condecorados um oficinal tenente, quatro sargentos, sete cabos e treze soldados, que participaram da miss\u00e3o durante seis meses. Miss\u00e3o de Paz \u2013\u00a0A Miss\u00e3o das Na\u00e7\u00f5es Unidas para Estabiliza\u00e7\u00e3o do Haiti (Minustah) foi criada em 2004, pela Organiza\u00e7\u00e3o das Na\u00e7\u00f5es Unidas (ONU), com o objetivo de devolver a paz&hellip;\" \/>\n<meta property=\"og:url\" content=\"https:\/\/blogdofarnesio.com.br\/?p=168507\" \/>\n<meta property=\"og:site_name\" content=\"Blog do Farn\u00e9sio\" \/>\n<meta property=\"article:publisher\" content=\"https:\/\/www.facebook.com\/BlogQuerSaberPolitica\/\" \/>\n<meta property=\"article:published_time\" content=\"2017-06-06T20:00:59+00:00\" \/>\n<meta property=\"og:image\" content=\"https:\/\/blogdofarnesio.com.br\/wp-content\/uploads\/2017\/06\/blogqspMilitares-de-Petrolina-recebem-homenagem-ap\u00f3s-participa\u00e7\u00e3o-em-miss\u00e3o-de-paz-no-Haiti.jpg\" \/>\n\t<meta property=\"og:image:width\" content=\"640\" \/>\n\t<meta property=\"og:image:height\" content=\"360\" \/>\n\t<meta property=\"og:image:type\" content=\"image\/jpeg\" \/>\n<meta name=\"author\" content=\"Farn\u00e9sio\" \/>\n<meta name=\"twitter:card\" content=\"summary_large_image\" \/>\n<meta name=\"twitter:label1\" content=\"Escrito por\" \/>\n\t<meta name=\"twitter:data1\" content=\"Farn\u00e9sio\" \/>\n\t<meta name=\"twitter:label2\" content=\"Est. tempo de leitura\" \/>\n\t<meta name=\"twitter:data2\" content=\"1 minuto\" \/>\n<script type=\"application\/ld+json\" class=\"yoast-schema-graph\">{\"@context\":\"https:\\\/\\\/schema.org\",\"@graph\":[{\"@type\":\"Article\",\"@id\":\"https:\\\/\\\/blogdofarnesio.com.br\\\/?p=168507#article\",\"isPartOf\":{\"@id\":\"https:\\\/\\\/blogdofarnesio.com.br\\\/?p=168507\"},\"author\":{\"name\":\"Farn\u00e9sio\",\"@id\":\"https:\\\/\\\/blogdofarnesio.com.br\\\/#\\\/schema\\\/person\\\/301c4acf522bccbfdb45af95b5b906a1\"},\"headline\":\"MUITA ALEGRIA NO 72\u00ba BIMTZ, PELO RETORNO DOS MILITARES DA MISS\u00c3O DE PAZ NO HAITI\",\"datePublished\":\"2017-06-06T20:00:59+00:00\",\"mainEntityOfPage\":{\"@id\":\"https:\\\/\\\/blogdofarnesio.com.br\\\/?p=168507\"},\"wordCount\":194,\"commentCount\":0,\"publisher\":{\"@id\":\"https:\\\/\\\/blogdofarnesio.com.br\\\/#organization\"},\"image\":{\"@id\":\"https:\\\/\\\/blogdofarnesio.com.br\\\/?p=168507#primaryimage\"},\"thumbnailUrl\":\"https:\\\/\\\/blogdofarnesio.com.br\\\/wp-content\\\/uploads\\\/2017\\\/06\\\/blogqspMilitares-de-Petrolina-recebem-homenagem-ap\u00f3s-participa\u00e7\u00e3o-em-miss\u00e3o-de-paz-no-Haiti.jpg\",\"articleSection\":[\"Confraterniza\u00e7\u00f5es\",\"Seguran\u00e7a\"],\"inLanguage\":\"pt-BR\",\"potentialAction\":[{\"@type\":\"CommentAction\",\"name\":\"Comment\",\"target\":[\"https:\\\/\\\/blogdofarnesio.com.br\\\/?p=168507#respond\"]}]},{\"@type\":\"WebPage\",\"@id\":\"https:\\\/\\\/blogdofarnesio.com.br\\\/?p=168507\",\"url\":\"https:\\\/\\\/blogdofarnesio.com.br\\\/?p=168507\",\"name\":\"MUITA ALEGRIA NO 72\u00ba BIMTZ, PELO RETORNO DOS MILITARES DA MISS\u00c3O DE PAZ NO HAITI - Blog do Farn\u00e9sio\",\"isPartOf\":{\"@id\":\"https:\\\/\\\/blogdofarnesio.com.br\\\/#website\"},\"primaryImageOfPage\":{\"@id\":\"https:\\\/\\\/blogdofarnesio.com.br\\\/?p=168507#primaryimage\"},\"image\":{\"@id\":\"https:\\\/\\\/blogdofarnesio.com.br\\\/?p=168507#primaryimage\"},\"thumbnailUrl\":\"https:\\\/\\\/blogdofarnesio.com.br\\\/wp-content\\\/uploads\\\/2017\\\/06\\\/blogqspMilitares-de-Petrolina-recebem-homenagem-ap\u00f3s-participa\u00e7\u00e3o-em-miss\u00e3o-de-paz-no-Haiti.jpg\",\"datePublished\":\"2017-06-06T20:00:59+00:00\",\"breadcrumb\":{\"@id\":\"https:\\\/\\\/blogdofarnesio.com.br\\\/?p=168507#breadcrumb\"},\"inLanguage\":\"pt-BR\",\"potentialAction\":[{\"@type\":\"ReadAction\",\"target\":[\"https:\\\/\\\/blogdofarnesio.com.br\\\/?p=168507\"]}]},{\"@type\":\"ImageObject\",\"inLanguage\":\"pt-BR\",\"@id\":\"https:\\\/\\\/blogdofarnesio.com.br\\\/?p=168507#primaryimage\",\"url\":\"https:\\\/\\\/blogdofarnesio.com.br\\\/wp-content\\\/uploads\\\/2017\\\/06\\\/blogqspMilitares-de-Petrolina-recebem-homenagem-ap\u00f3s-participa\u00e7\u00e3o-em-miss\u00e3o-de-paz-no-Haiti.jpg\",\"contentUrl\":\"https:\\\/\\\/blogdofarnesio.com.br\\\/wp-content\\\/uploads\\\/2017\\\/06\\\/blogqspMilitares-de-Petrolina-recebem-homenagem-ap\u00f3s-participa\u00e7\u00e3o-em-miss\u00e3o-de-paz-no-Haiti.jpg\",\"width\":640,\"height\":360,\"caption\":\"Ilustra\u00e7\u00e3o\"},{\"@type\":\"BreadcrumbList\",\"@id\":\"https:\\\/\\\/blogdofarnesio.com.br\\\/?p=168507#breadcrumb\",\"itemListElement\":[{\"@type\":\"ListItem\",\"position\":1,\"name\":\"In\u00edcio\",\"item\":\"https:\\\/\\\/blogdofarnesio.com.br\\\/\"},{\"@type\":\"ListItem\",\"position\":2,\"name\":\"MUITA ALEGRIA NO 72\u00ba BIMTZ, PELO RETORNO DOS MILITARES DA MISS\u00c3O DE PAZ NO HAITI\"}]},{\"@type\":\"WebSite\",\"@id\":\"https:\\\/\\\/blogdofarnesio.com.br\\\/#website\",\"url\":\"https:\\\/\\\/blogdofarnesio.com.br\\\/\",\"name\":\"Blog do Farn\u00e9sio\",\"description\":\"Quer Saber Pol\u00edtica?\",\"publisher\":{\"@id\":\"https:\\\/\\\/blogdofarnesio.com.br\\\/#organization\"},\"potentialAction\":[{\"@type\":\"SearchAction\",\"target\":{\"@type\":\"EntryPoint\",\"urlTemplate\":\"https:\\\/\\\/blogdofarnesio.com.br\\\/?s={search_term_string}\"},\"query-input\":{\"@type\":\"PropertyValueSpecification\",\"valueRequired\":true,\"valueName\":\"search_term_string\"}}],\"inLanguage\":\"pt-BR\"},{\"@type\":\"Organization\",\"@id\":\"https:\\\/\\\/blogdofarnesio.com.br\\\/#organization\",\"name\":\"Blog do Farn\u00e9sio\",\"url\":\"https:\\\/\\\/blogdofarnesio.com.br\\\/\",\"logo\":{\"@type\":\"ImageObject\",\"inLanguage\":\"pt-BR\",\"@id\":\"https:\\\/\\\/blogdofarnesio.com.br\\\/#\\\/schema\\\/logo\\\/image\\\/\",\"url\":\"https:\\\/\\\/blogdofarnesio.com.br\\\/wp-content\\\/uploads\\\/2026\\\/03\\\/cropped-logo_new-1.png\",\"contentUrl\":\"https:\\\/\\\/blogdofarnesio.com.br\\\/wp-content\\\/uploads\\\/2026\\\/03\\\/cropped-logo_new-1.png\",\"width\":881,\"height\":685,\"caption\":\"Blog do Farn\u00e9sio\"},\"image\":{\"@id\":\"https:\\\/\\\/blogdofarnesio.com.br\\\/#\\\/schema\\\/logo\\\/image\\\/\"},\"sameAs\":[\"https:\\\/\\\/www.facebook.com\\\/BlogQuerSaberPolitica\\\/\"]},{\"@type\":\"Person\",\"@id\":\"https:\\\/\\\/blogdofarnesio.com.br\\\/#\\\/schema\\\/person\\\/301c4acf522bccbfdb45af95b5b906a1\",\"name\":\"Farn\u00e9sio\",\"image\":{\"@type\":\"ImageObject\",\"inLanguage\":\"pt-BR\",\"@id\":\"https:\\\/\\\/secure.gravatar.com\\\/avatar\\\/df0c9a14567c056f8ad6876ba5bbd1e3e2c48023eb6807342fc4663adf549f38?s=96&d=mm&r=g\",\"url\":\"https:\\\/\\\/secure.gravatar.com\\\/avatar\\\/df0c9a14567c056f8ad6876ba5bbd1e3e2c48023eb6807342fc4663adf549f38?s=96&d=mm&r=g\",\"contentUrl\":\"https:\\\/\\\/secure.gravatar.com\\\/avatar\\\/df0c9a14567c056f8ad6876ba5bbd1e3e2c48023eb6807342fc4663adf549f38?s=96&d=mm&r=g\",\"caption\":\"Farn\u00e9sio\"},\"sameAs\":[\"https:\\\/\\\/quersaberpolitica.com.br\"],\"url\":\"https:\\\/\\\/blogdofarnesio.com.br\\\/?author=1\"}]}<\/script>\n<!-- \/ Yoast SEO plugin. -->","yoast_head_json":{"title":"MUITA ALEGRIA NO 72\u00ba BIMTZ, PELO RETORNO DOS MILITARES DA MISS\u00c3O DE PAZ NO HAITI - Blog do Farn\u00e9sio","robots":{"index":"index","follow":"follow","max-snippet":"max-snippet:-1","max-image-preview":"max-image-preview:large","max-video-preview":"max-video-preview:-1"},"canonical":"https:\/\/blogdofarnesio.com.br\/?p=168507","og_locale":"pt_BR","og_type":"article","og_title":"MUITA ALEGRIA NO 72\u00ba BIMTZ, PELO RETORNO DOS MILITARES DA MISS\u00c3O DE PAZ NO HAITI - Blog do Farn\u00e9sio","og_description":"Comandantes da Pol\u00edcia Militar (PM), autoridades da pol\u00edcia local, familiares, amigos e convidados participaram, nesta ter\u00e7a-feira (6), em Petrolina, no Sert\u00e3o de Pernambuco, de uma solenidade para homenagear os 25 militares que participaram da Miss\u00e3o das Na\u00e7\u00f5es Unidas para Estabiliza\u00e7\u00e3o do Haiti (Minustah), e retornaram \u00e0 cidade nesta segunda-feira (5). O evento foi realizado no 72\u00ba Batalh\u00e3o da Infantaria Motorizado (72 \u00ba BIMTZ), na Zona Leste do munic\u00edpio e, na ocasi\u00e3o, foram condecorados um oficinal tenente, quatro sargentos, sete cabos e treze soldados, que participaram da miss\u00e3o durante seis meses. Miss\u00e3o de Paz \u2013\u00a0A Miss\u00e3o das Na\u00e7\u00f5es Unidas para Estabiliza\u00e7\u00e3o do Haiti (Minustah) foi criada em 2004, pela Organiza\u00e7\u00e3o das Na\u00e7\u00f5es Unidas (ONU), com o objetivo de devolver a paz&hellip;","og_url":"https:\/\/blogdofarnesio.com.br\/?p=168507","og_site_name":"Blog do Farn\u00e9sio","article_publisher":"https:\/\/www.facebook.com\/BlogQuerSaberPolitica\/","article_published_time":"2017-06-06T20:00:59+00:00","og_image":[{"width":640,"height":360,"url":"https:\/\/blogdofarnesio.com.br\/wp-content\/uploads\/2017\/06\/blogqspMilitares-de-Petrolina-recebem-homenagem-ap\u00f3s-participa\u00e7\u00e3o-em-miss\u00e3o-de-paz-no-Haiti.jpg","type":"image\/jpeg"}],"author":"Farn\u00e9sio","twitter_card":"summary_large_image","twitter_misc":{"Escrito por":"Farn\u00e9sio","Est. tempo de leitura":"1 minuto"},"schema":{"@context":"https:\/\/schema.org","@graph":[{"@type":"Article","@id":"https:\/\/blogdofarnesio.com.br\/?p=168507#article","isPartOf":{"@id":"https:\/\/blogdofarnesio.com.br\/?p=168507"},"author":{"name":"Farn\u00e9sio","@id":"https:\/\/blogdofarnesio.com.br\/#\/schema\/person\/301c4acf522bccbfdb45af95b5b906a1"},"headline":"MUITA ALEGRIA NO 72\u00ba BIMTZ, PELO RETORNO DOS MILITARES DA MISS\u00c3O DE PAZ NO HAITI","datePublished":"2017-06-06T20:00:59+00:00","mainEntityOfPage":{"@id":"https:\/\/blogdofarnesio.com.br\/?p=168507"},"wordCount":194,"commentCount":0,"publisher":{"@id":"https:\/\/blogdofarnesio.com.br\/#organization"},"image":{"@id":"https:\/\/blogdofarnesio.com.br\/?p=168507#primaryimage"},"thumbnailUrl":"https:\/\/blogdofarnesio.com.br\/wp-content\/uploads\/2017\/06\/blogqspMilitares-de-Petrolina-recebem-homenagem-ap\u00f3s-participa\u00e7\u00e3o-em-miss\u00e3o-de-paz-no-Haiti.jpg","articleSection":["Confraterniza\u00e7\u00f5es","Seguran\u00e7a"],"inLanguage":"pt-BR","potentialAction":[{"@type":"CommentAction","name":"Comment","target":["https:\/\/blogdofarnesio.com.br\/?p=168507#respond"]}]},{"@type":"WebPage","@id":"https:\/\/blogdofarnesio.com.br\/?p=168507","url":"https:\/\/blogdofarnesio.com.br\/?p=168507","name":"MUITA ALEGRIA NO 72\u00ba BIMTZ, PELO RETORNO DOS MILITARES DA MISS\u00c3O DE PAZ NO HAITI - Blog do Farn\u00e9sio","isPartOf":{"@id":"https:\/\/blogdofarnesio.com.br\/#website"},"primaryImageOfPage":{"@id":"https:\/\/blogdofarnesio.com.br\/?p=168507#primaryimage"},"image":{"@id":"https:\/\/blogdofarnesio.com.br\/?p=168507#primaryimage"},"thumbnailUrl":"https:\/\/blogdofarnesio.com.br\/wp-content\/uploads\/2017\/06\/blogqspMilitares-de-Petrolina-recebem-homenagem-ap\u00f3s-participa\u00e7\u00e3o-em-miss\u00e3o-de-paz-no-Haiti.jpg","datePublished":"2017-06-06T20:00:59+00:00","breadcrumb":{"@id":"https:\/\/blogdofarnesio.com.br\/?p=168507#breadcrumb"},"inLanguage":"pt-BR","potentialAction":[{"@type":"ReadAction","target":["https:\/\/blogdofarnesio.com.br\/?p=168507"]}]},{"@type":"ImageObject","inLanguage":"pt-BR","@id":"https:\/\/blogdofarnesio.com.br\/?p=168507#primaryimage","url":"https:\/\/blogdofarnesio.com.br\/wp-content\/uploads\/2017\/06\/blogqspMilitares-de-Petrolina-recebem-homenagem-ap\u00f3s-participa\u00e7\u00e3o-em-miss\u00e3o-de-paz-no-Haiti.jpg","contentUrl":"https:\/\/blogdofarnesio.com.br\/wp-content\/uploads\/2017\/06\/blogqspMilitares-de-Petrolina-recebem-homenagem-ap\u00f3s-participa\u00e7\u00e3o-em-miss\u00e3o-de-paz-no-Haiti.jpg","width":640,"height":360,"caption":"Ilustra\u00e7\u00e3o"},{"@type":"BreadcrumbList","@id":"https:\/\/blogdofarnesio.com.br\/?p=168507#breadcrumb","itemListElement":[{"@type":"ListItem","position":1,"name":"In\u00edcio","item":"https:\/\/blogdofarnesio.com.br\/"},{"@type":"ListItem","position":2,"name":"MUITA ALEGRIA NO 72\u00ba BIMTZ, PELO RETORNO DOS MILITARES DA MISS\u00c3O DE PAZ NO HAITI"}]},{"@type":"WebSite","@id":"https:\/\/blogdofarnesio.com.br\/#website","url":"https:\/\/blogdofarnesio.com.br\/","name":"Blog do Farn\u00e9sio","description":"Quer Saber Pol\u00edtica?","publisher":{"@id":"https:\/\/blogdofarnesio.com.br\/#organization"},"potentialAction":[{"@type":"SearchAction","target":{"@type":"EntryPoint","urlTemplate":"https:\/\/blogdofarnesio.com.br\/?s={search_term_string}"},"query-input":{"@type":"PropertyValueSpecification","valueRequired":true,"valueName":"search_term_string"}}],"inLanguage":"pt-BR"},{"@type":"Organization","@id":"https:\/\/blogdofarnesio.com.br\/#organization","name":"Blog do Farn\u00e9sio","url":"https:\/\/blogdofarnesio.com.br\/","logo":{"@type":"ImageObject","inLanguage":"pt-BR","@id":"https:\/\/blogdofarnesio.com.br\/#\/schema\/logo\/image\/","url":"https:\/\/blogdofarnesio.com.br\/wp-content\/uploads\/2026\/03\/cropped-logo_new-1.png","contentUrl":"https:\/\/blogdofarnesio.com.br\/wp-content\/uploads\/2026\/03\/cropped-logo_new-1.png","width":881,"height":685,"caption":"Blog do Farn\u00e9sio"},"image":{"@id":"https:\/\/blogdofarnesio.com.br\/#\/schema\/logo\/image\/"},"sameAs":["https:\/\/www.facebook.com\/BlogQuerSaberPolitica\/"]},{"@type":"Person","@id":"https:\/\/blogdofarnesio.com.br\/#\/schema\/person\/301c4acf522bccbfdb45af95b5b906a1","name":"Farn\u00e9sio","image":{"@type":"ImageObject","inLanguage":"pt-BR","@id":"https:\/\/secure.gravatar.com\/avatar\/df0c9a14567c056f8ad6876ba5bbd1e3e2c48023eb6807342fc4663adf549f38?s=96&d=mm&r=g","url":"https:\/\/secure.gravatar.com\/avatar\/df0c9a14567c056f8ad6876ba5bbd1e3e2c48023eb6807342fc4663adf549f38?s=96&d=mm&r=g","contentUrl":"https:\/\/secure.gravatar.com\/avatar\/df0c9a14567c056f8ad6876ba5bbd1e3e2c48023eb6807342fc4663adf549f38?s=96&d=mm&r=g","caption":"Farn\u00e9sio"},"sameAs":["https:\/\/quersaberpolitica.com.br"],"url":"https:\/\/blogdofarnesio.com.br\/?author=1"}]}},"_links":{"self":[{"href":"https:\/\/blogdofarnesio.com.br\/index.php?rest_route=\/wp\/v2\/posts\/168507","targetHints":{"allow":["GET"]}}],"collection":[{"href":"https:\/\/blogdofarnesio.com.br\/index.php?rest_route=\/wp\/v2\/posts"}],"about":[{"href":"https:\/\/blogdofarnesio.com.br\/index.php?rest_route=\/wp\/v2\/types\/post"}],"author":[{"embeddable":true,"href":"https:\/\/blogdofarnesio.com.br\/index.php?rest_route=\/wp\/v2\/users\/1"}],"replies":[{"embeddable":true,"href":"https:\/\/blogdofarnesio.com.br\/index.php?rest_route=%2Fwp%2Fv2%2Fcomments&post=168507"}],"version-history":[{"count":0,"href":"https:\/\/blogdofarnesio.com.br\/index.php?rest_route=\/wp\/v2\/posts\/168507\/revisions"}],"wp:featuredmedia":[{"embeddable":true,"href":"https:\/\/blogdofarnesio.com.br\/index.php?rest_route=\/wp\/v2\/media\/168508"}],"wp:attachment":[{"href":"https:\/\/blogdofarnesio.com.br\/index.php?rest_route=%2Fwp%2Fv2%2Fmedia&parent=168507"}],"wp:term":[{"taxonomy":"category","embeddable":true,"href":"https:\/\/blogdofarnesio.com.br\/index.php?rest_route=%2Fwp%2Fv2%2Fcategories&post=168507"},{"taxonomy":"post_tag","embeddable":true,"href":"https:\/\/blogdofarnesio.com.br\/index.php?rest_route=%2Fwp%2Fv2%2Ftags&post=168507"}],"curies":[{"name":"wp","href":"https:\/\/api.w.org\/{rel}","templated":true}]}}