{"id":168482,"date":"2017-06-06T15:32:53","date_gmt":"2017-06-06T18:32:53","guid":{"rendered":"http:\/\/quersaberpolitica.com.br\/2016\/?p=168482"},"modified":"2017-06-06T15:32:53","modified_gmt":"2017-06-06T18:32:53","slug":"caixa-antecipa-saque-do-fgts-para-nascidos-em-setembro-outubro-e-novembro","status":"publish","type":"post","link":"https:\/\/blogdofarnesio.com.br\/?p=168482","title":{"rendered":"CAIXA ANTECIPA SAQUE DO FGTS PARA NASCIDOS EM SETEMBRO, OUTUBRO E NOVEMBRO"},"content":{"rendered":"<div class=\"box-title\">\n<h2>CONFIRA A DATAS PARA O SAQUE<\/h2>\n<p>por <strong>Idiana Tomazelli<\/strong> | Estad\u00e3o Conte\u00fado<\/p>\n<\/div>\n<div class=\"box-body\">\n<div class=\"text-descricao\">\n<p>A Caixa Econ\u00f4mica Federal antecipou novamente o calend\u00e1rio de saques de contas inativas do Fundo de Garantia por Tempo de Servi\u00e7o (FGTS). Para os benefici\u00e1rios nascidos em setembro, outubro e novembro, a data para in\u00edcio dos saques, prevista em 16 de junho, foi remarcada para o pr\u00f3ximo s\u00e1bado, dia 10 de junho. A medida foi anunciada nesta ter\u00e7a-feira (6)\u00a0pelo presidente da Caixa, Gilberto Occhi, em coletiva na sede do banco em Bras\u00edlia.<\/p>\n<p>Com a nova fase de pagamentos, a expectativa \u00e9 j\u00e1 superar os R$ 30 bilh\u00f5es liberados das contas inativas, informou o presidente. Segundo Occhi, a proje\u00e7\u00e3o inicial de pagamentos entre R$ 30 bilh\u00f5es e R$ 35 bilh\u00f5es ser\u00e1 facilmente superada ao final do programa. &#8220;A perspectiva de pagamentos se aproxima dos R$ 40 bilh\u00f5es&#8221;, disse.\u00a0Para operacionalizar os saques, 2.015 ag\u00eancias da Caixa abrir\u00e3o das 9 horas \u00e0s 15 horas neste s\u00e1bado, e outras 69 ag\u00eancias ter\u00e3o a sala de autoatendimento dispon\u00edvel aos benefici\u00e1rios.<\/p>\n<p>J\u00e1 nos dias 12, 13 e 14 de junho, as ag\u00eancias abrir\u00e3o duas horas mais cedo do que o habitual para atender os benefici\u00e1rios.\u00a0A antecipa\u00e7\u00e3o, segundo Occhi, se deve \u00e0 proximidade da data prevista inicialmente ao feriado de Corpus Christi.\u00a0Entre 10 de mar\u00e7o e 2 de junho, a Caixa registrou o pagamento de R$ 27,6 bilh\u00f5es relativos \u00e0s contas inativas do FGTS, 95,2% do total inicialmente previsto no per\u00edodo (R$ 29,1 bilh\u00f5es).<\/p>\n<p>Foram beneficiados 16,3 milh\u00f5es de trabalhadores, 81% do total, segundo a Caixa.\u00a0O saque das contas inativas do FGTS para benefici\u00e1rios nascidos em dezembro est\u00e1 prevista para 14 de julho. At\u00e9 l\u00e1, trabalhadores nascidos nos outros meses tamb\u00e9m poder\u00e3o solicitar o pagamento.<\/p>\n<\/div>\n<\/div>\n","protected":false},"excerpt":{"rendered":"<p>CONFIRA A DATAS PARA O SAQUE por Idiana Tomazelli | Estad\u00e3o Conte\u00fado A Caixa Econ\u00f4mica Federal antecipou novamente o calend\u00e1rio de saques de contas inativas do Fundo de Garantia por Tempo de Servi\u00e7o (FGTS). Para os benefici\u00e1rios nascidos em setembro, outubro e novembro, a data para in\u00edcio dos saques, prevista em 16 de junho, foi remarcada para o pr\u00f3ximo s\u00e1bado, dia 10 de junho. A medida foi anunciada nesta ter\u00e7a-feira (6)\u00a0pelo presidente da Caixa, Gilberto Occhi, em coletiva na sede do banco em Bras\u00edlia. Com a nova fase de pagamentos, a expectativa \u00e9 j\u00e1 superar os R$ 30 bilh\u00f5es liberados das contas inativas, informou o presidente. Segundo Occhi, a proje\u00e7\u00e3o inicial de pagamentos entre R$ 30 bilh\u00f5es e R$ 35&hellip; <\/p>\n","protected":false},"author":1,"featured_media":162674,"comment_status":"open","ping_status":"open","sticky":false,"template":"","format":"standard","meta":{"_acf_changed":false,"footnotes":""},"categories":[20],"tags":[],"class_list":["post-168482","post","type-post","status-publish","format-standard","has-post-thumbnail","hentry","category-economia"],"acf":[],"yoast_head":"<!-- This site is optimized with the Yoast SEO plugin v27.4 - https:\/\/yoast.com\/product\/yoast-seo-wordpress\/ -->\n<title>CAIXA ANTECIPA SAQUE DO FGTS PARA NASCIDOS EM SETEMBRO, OUTUBRO E NOVEMBRO - Blog do Farn\u00e9sio<\/title>\n<meta name=\"robots\" content=\"index, follow, max-snippet:-1, max-image-preview:large, max-video-preview:-1\" \/>\n<link rel=\"canonical\" href=\"https:\/\/blogdofarnesio.com.br\/?p=168482\" \/>\n<meta property=\"og:locale\" content=\"pt_BR\" \/>\n<meta property=\"og:type\" content=\"article\" \/>\n<meta property=\"og:title\" content=\"CAIXA ANTECIPA SAQUE DO FGTS PARA NASCIDOS EM SETEMBRO, OUTUBRO E NOVEMBRO - Blog do Farn\u00e9sio\" \/>\n<meta property=\"og:description\" content=\"CONFIRA A DATAS PARA O SAQUE por Idiana Tomazelli | Estad\u00e3o Conte\u00fado A Caixa Econ\u00f4mica Federal antecipou novamente o calend\u00e1rio de saques de contas inativas do Fundo de Garantia por Tempo de Servi\u00e7o (FGTS). Para os benefici\u00e1rios nascidos em setembro, outubro e novembro, a data para in\u00edcio dos saques, prevista em 16 de junho, foi remarcada para o pr\u00f3ximo s\u00e1bado, dia 10 de junho. A medida foi anunciada nesta ter\u00e7a-feira (6)\u00a0pelo presidente da Caixa, Gilberto Occhi, em coletiva na sede do banco em Bras\u00edlia. Com a nova fase de pagamentos, a expectativa \u00e9 j\u00e1 superar os R$ 30 bilh\u00f5es liberados das contas inativas, informou o presidente. Segundo Occhi, a proje\u00e7\u00e3o inicial de pagamentos entre R$ 30 bilh\u00f5es e R$ 35&hellip;\" \/>\n<meta property=\"og:url\" content=\"https:\/\/blogdofarnesio.com.br\/?p=168482\" \/>\n<meta property=\"og:site_name\" content=\"Blog do Farn\u00e9sio\" \/>\n<meta property=\"article:publisher\" content=\"https:\/\/www.facebook.com\/BlogQuerSaberPolitica\/\" \/>\n<meta property=\"article:published_time\" content=\"2017-06-06T18:32:53+00:00\" \/>\n<meta property=\"og:image\" content=\"https:\/\/blogdofarnesio.com.br\/wp-content\/uploads\/2017\/04\/BlogqspFGTS-saque-fila-Caixa-Helvio-Romero-Estadao1-e1491087652547.jpg\" \/>\n\t<meta property=\"og:image:width\" content=\"600\" \/>\n\t<meta property=\"og:image:height\" content=\"400\" \/>\n\t<meta property=\"og:image:type\" content=\"image\/jpeg\" \/>\n<meta name=\"author\" content=\"Farn\u00e9sio\" \/>\n<meta name=\"twitter:card\" content=\"summary_large_image\" \/>\n<meta name=\"twitter:label1\" content=\"Escrito por\" \/>\n\t<meta name=\"twitter:data1\" content=\"Farn\u00e9sio\" \/>\n\t<meta name=\"twitter:label2\" content=\"Est. tempo de leitura\" \/>\n\t<meta name=\"twitter:data2\" content=\"1 minuto\" \/>\n<script type=\"application\/ld+json\" class=\"yoast-schema-graph\">{\"@context\":\"https:\\\/\\\/schema.org\",\"@graph\":[{\"@type\":\"Article\",\"@id\":\"https:\\\/\\\/blogdofarnesio.com.br\\\/?p=168482#article\",\"isPartOf\":{\"@id\":\"https:\\\/\\\/blogdofarnesio.com.br\\\/?p=168482\"},\"author\":{\"name\":\"Farn\u00e9sio\",\"@id\":\"https:\\\/\\\/blogdofarnesio.com.br\\\/#\\\/schema\\\/person\\\/301c4acf522bccbfdb45af95b5b906a1\"},\"headline\":\"CAIXA ANTECIPA SAQUE DO FGTS PARA NASCIDOS EM SETEMBRO, OUTUBRO E NOVEMBRO\",\"datePublished\":\"2017-06-06T18:32:53+00:00\",\"mainEntityOfPage\":{\"@id\":\"https:\\\/\\\/blogdofarnesio.com.br\\\/?p=168482\"},\"wordCount\":307,\"commentCount\":0,\"publisher\":{\"@id\":\"https:\\\/\\\/blogdofarnesio.com.br\\\/#organization\"},\"image\":{\"@id\":\"https:\\\/\\\/blogdofarnesio.com.br\\\/?p=168482#primaryimage\"},\"thumbnailUrl\":\"https:\\\/\\\/blogdofarnesio.com.br\\\/wp-content\\\/uploads\\\/2017\\\/04\\\/BlogqspFGTS-saque-fila-Caixa-Helvio-Romero-Estadao1-e1491087652547.jpg\",\"articleSection\":[\"Economia\"],\"inLanguage\":\"pt-BR\",\"potentialAction\":[{\"@type\":\"CommentAction\",\"name\":\"Comment\",\"target\":[\"https:\\\/\\\/blogdofarnesio.com.br\\\/?p=168482#respond\"]}]},{\"@type\":\"WebPage\",\"@id\":\"https:\\\/\\\/blogdofarnesio.com.br\\\/?p=168482\",\"url\":\"https:\\\/\\\/blogdofarnesio.com.br\\\/?p=168482\",\"name\":\"CAIXA ANTECIPA SAQUE DO FGTS PARA NASCIDOS EM SETEMBRO, OUTUBRO E NOVEMBRO - Blog do Farn\u00e9sio\",\"isPartOf\":{\"@id\":\"https:\\\/\\\/blogdofarnesio.com.br\\\/#website\"},\"primaryImageOfPage\":{\"@id\":\"https:\\\/\\\/blogdofarnesio.com.br\\\/?p=168482#primaryimage\"},\"image\":{\"@id\":\"https:\\\/\\\/blogdofarnesio.com.br\\\/?p=168482#primaryimage\"},\"thumbnailUrl\":\"https:\\\/\\\/blogdofarnesio.com.br\\\/wp-content\\\/uploads\\\/2017\\\/04\\\/BlogqspFGTS-saque-fila-Caixa-Helvio-Romero-Estadao1-e1491087652547.jpg\",\"datePublished\":\"2017-06-06T18:32:53+00:00\",\"breadcrumb\":{\"@id\":\"https:\\\/\\\/blogdofarnesio.com.br\\\/?p=168482#breadcrumb\"},\"inLanguage\":\"pt-BR\",\"potentialAction\":[{\"@type\":\"ReadAction\",\"target\":[\"https:\\\/\\\/blogdofarnesio.com.br\\\/?p=168482\"]}]},{\"@type\":\"ImageObject\",\"inLanguage\":\"pt-BR\",\"@id\":\"https:\\\/\\\/blogdofarnesio.com.br\\\/?p=168482#primaryimage\",\"url\":\"https:\\\/\\\/blogdofarnesio.com.br\\\/wp-content\\\/uploads\\\/2017\\\/04\\\/BlogqspFGTS-saque-fila-Caixa-Helvio-Romero-Estadao1-e1491087652547.jpg\",\"contentUrl\":\"https:\\\/\\\/blogdofarnesio.com.br\\\/wp-content\\\/uploads\\\/2017\\\/04\\\/BlogqspFGTS-saque-fila-Caixa-Helvio-Romero-Estadao1-e1491087652547.jpg\",\"width\":600,\"height\":400,\"caption\":\"HR S\u00c3O PAULO\\\/SP 10\\\/03\\\/2017 FGTA CONTAS INATIVAS ECONOMIA - Movimento na ag\u00eancia da CEF no Largo da Conc\u00f3rdia, no Br\u00e1s, para saque das contas inativasd do FGTS. FOTO: H\u00c9LVIO ROMERO\\\/ESTAD\u00c3O\"},{\"@type\":\"BreadcrumbList\",\"@id\":\"https:\\\/\\\/blogdofarnesio.com.br\\\/?p=168482#breadcrumb\",\"itemListElement\":[{\"@type\":\"ListItem\",\"position\":1,\"name\":\"In\u00edcio\",\"item\":\"https:\\\/\\\/blogdofarnesio.com.br\\\/\"},{\"@type\":\"ListItem\",\"position\":2,\"name\":\"CAIXA ANTECIPA SAQUE DO FGTS PARA NASCIDOS EM SETEMBRO, OUTUBRO E NOVEMBRO\"}]},{\"@type\":\"WebSite\",\"@id\":\"https:\\\/\\\/blogdofarnesio.com.br\\\/#website\",\"url\":\"https:\\\/\\\/blogdofarnesio.com.br\\\/\",\"name\":\"Blog do Farn\u00e9sio\",\"description\":\"Quer Saber Pol\u00edtica?\",\"publisher\":{\"@id\":\"https:\\\/\\\/blogdofarnesio.com.br\\\/#organization\"},\"potentialAction\":[{\"@type\":\"SearchAction\",\"target\":{\"@type\":\"EntryPoint\",\"urlTemplate\":\"https:\\\/\\\/blogdofarnesio.com.br\\\/?s={search_term_string}\"},\"query-input\":{\"@type\":\"PropertyValueSpecification\",\"valueRequired\":true,\"valueName\":\"search_term_string\"}}],\"inLanguage\":\"pt-BR\"},{\"@type\":\"Organization\",\"@id\":\"https:\\\/\\\/blogdofarnesio.com.br\\\/#organization\",\"name\":\"Blog do Farn\u00e9sio\",\"url\":\"https:\\\/\\\/blogdofarnesio.com.br\\\/\",\"logo\":{\"@type\":\"ImageObject\",\"inLanguage\":\"pt-BR\",\"@id\":\"https:\\\/\\\/blogdofarnesio.com.br\\\/#\\\/schema\\\/logo\\\/image\\\/\",\"url\":\"https:\\\/\\\/blogdofarnesio.com.br\\\/wp-content\\\/uploads\\\/2026\\\/03\\\/cropped-logo_new-1.png\",\"contentUrl\":\"https:\\\/\\\/blogdofarnesio.com.br\\\/wp-content\\\/uploads\\\/2026\\\/03\\\/cropped-logo_new-1.png\",\"width\":881,\"height\":685,\"caption\":\"Blog do Farn\u00e9sio\"},\"image\":{\"@id\":\"https:\\\/\\\/blogdofarnesio.com.br\\\/#\\\/schema\\\/logo\\\/image\\\/\"},\"sameAs\":[\"https:\\\/\\\/www.facebook.com\\\/BlogQuerSaberPolitica\\\/\"]},{\"@type\":\"Person\",\"@id\":\"https:\\\/\\\/blogdofarnesio.com.br\\\/#\\\/schema\\\/person\\\/301c4acf522bccbfdb45af95b5b906a1\",\"name\":\"Farn\u00e9sio\",\"image\":{\"@type\":\"ImageObject\",\"inLanguage\":\"pt-BR\",\"@id\":\"https:\\\/\\\/secure.gravatar.com\\\/avatar\\\/df0c9a14567c056f8ad6876ba5bbd1e3e2c48023eb6807342fc4663adf549f38?s=96&d=mm&r=g\",\"url\":\"https:\\\/\\\/secure.gravatar.com\\\/avatar\\\/df0c9a14567c056f8ad6876ba5bbd1e3e2c48023eb6807342fc4663adf549f38?s=96&d=mm&r=g\",\"contentUrl\":\"https:\\\/\\\/secure.gravatar.com\\\/avatar\\\/df0c9a14567c056f8ad6876ba5bbd1e3e2c48023eb6807342fc4663adf549f38?s=96&d=mm&r=g\",\"caption\":\"Farn\u00e9sio\"},\"sameAs\":[\"https:\\\/\\\/quersaberpolitica.com.br\"],\"url\":\"https:\\\/\\\/blogdofarnesio.com.br\\\/?author=1\"}]}<\/script>\n<!-- \/ Yoast SEO plugin. -->","yoast_head_json":{"title":"CAIXA ANTECIPA SAQUE DO FGTS PARA NASCIDOS EM SETEMBRO, OUTUBRO E NOVEMBRO - Blog do Farn\u00e9sio","robots":{"index":"index","follow":"follow","max-snippet":"max-snippet:-1","max-image-preview":"max-image-preview:large","max-video-preview":"max-video-preview:-1"},"canonical":"https:\/\/blogdofarnesio.com.br\/?p=168482","og_locale":"pt_BR","og_type":"article","og_title":"CAIXA ANTECIPA SAQUE DO FGTS PARA NASCIDOS EM SETEMBRO, OUTUBRO E NOVEMBRO - Blog do Farn\u00e9sio","og_description":"CONFIRA A DATAS PARA O SAQUE por Idiana Tomazelli | Estad\u00e3o Conte\u00fado A Caixa Econ\u00f4mica Federal antecipou novamente o calend\u00e1rio de saques de contas inativas do Fundo de Garantia por Tempo de Servi\u00e7o (FGTS). Para os benefici\u00e1rios nascidos em setembro, outubro e novembro, a data para in\u00edcio dos saques, prevista em 16 de junho, foi remarcada para o pr\u00f3ximo s\u00e1bado, dia 10 de junho. A medida foi anunciada nesta ter\u00e7a-feira (6)\u00a0pelo presidente da Caixa, Gilberto Occhi, em coletiva na sede do banco em Bras\u00edlia. Com a nova fase de pagamentos, a expectativa \u00e9 j\u00e1 superar os R$ 30 bilh\u00f5es liberados das contas inativas, informou o presidente. Segundo Occhi, a proje\u00e7\u00e3o inicial de pagamentos entre R$ 30 bilh\u00f5es e R$ 35&hellip;","og_url":"https:\/\/blogdofarnesio.com.br\/?p=168482","og_site_name":"Blog do Farn\u00e9sio","article_publisher":"https:\/\/www.facebook.com\/BlogQuerSaberPolitica\/","article_published_time":"2017-06-06T18:32:53+00:00","og_image":[{"width":600,"height":400,"url":"https:\/\/blogdofarnesio.com.br\/wp-content\/uploads\/2017\/04\/BlogqspFGTS-saque-fila-Caixa-Helvio-Romero-Estadao1-e1491087652547.jpg","type":"image\/jpeg"}],"author":"Farn\u00e9sio","twitter_card":"summary_large_image","twitter_misc":{"Escrito por":"Farn\u00e9sio","Est. tempo de leitura":"1 minuto"},"schema":{"@context":"https:\/\/schema.org","@graph":[{"@type":"Article","@id":"https:\/\/blogdofarnesio.com.br\/?p=168482#article","isPartOf":{"@id":"https:\/\/blogdofarnesio.com.br\/?p=168482"},"author":{"name":"Farn\u00e9sio","@id":"https:\/\/blogdofarnesio.com.br\/#\/schema\/person\/301c4acf522bccbfdb45af95b5b906a1"},"headline":"CAIXA ANTECIPA SAQUE DO FGTS PARA NASCIDOS EM SETEMBRO, OUTUBRO E NOVEMBRO","datePublished":"2017-06-06T18:32:53+00:00","mainEntityOfPage":{"@id":"https:\/\/blogdofarnesio.com.br\/?p=168482"},"wordCount":307,"commentCount":0,"publisher":{"@id":"https:\/\/blogdofarnesio.com.br\/#organization"},"image":{"@id":"https:\/\/blogdofarnesio.com.br\/?p=168482#primaryimage"},"thumbnailUrl":"https:\/\/blogdofarnesio.com.br\/wp-content\/uploads\/2017\/04\/BlogqspFGTS-saque-fila-Caixa-Helvio-Romero-Estadao1-e1491087652547.jpg","articleSection":["Economia"],"inLanguage":"pt-BR","potentialAction":[{"@type":"CommentAction","name":"Comment","target":["https:\/\/blogdofarnesio.com.br\/?p=168482#respond"]}]},{"@type":"WebPage","@id":"https:\/\/blogdofarnesio.com.br\/?p=168482","url":"https:\/\/blogdofarnesio.com.br\/?p=168482","name":"CAIXA ANTECIPA SAQUE DO FGTS PARA NASCIDOS EM SETEMBRO, OUTUBRO E NOVEMBRO - Blog do Farn\u00e9sio","isPartOf":{"@id":"https:\/\/blogdofarnesio.com.br\/#website"},"primaryImageOfPage":{"@id":"https:\/\/blogdofarnesio.com.br\/?p=168482#primaryimage"},"image":{"@id":"https:\/\/blogdofarnesio.com.br\/?p=168482#primaryimage"},"thumbnailUrl":"https:\/\/blogdofarnesio.com.br\/wp-content\/uploads\/2017\/04\/BlogqspFGTS-saque-fila-Caixa-Helvio-Romero-Estadao1-e1491087652547.jpg","datePublished":"2017-06-06T18:32:53+00:00","breadcrumb":{"@id":"https:\/\/blogdofarnesio.com.br\/?p=168482#breadcrumb"},"inLanguage":"pt-BR","potentialAction":[{"@type":"ReadAction","target":["https:\/\/blogdofarnesio.com.br\/?p=168482"]}]},{"@type":"ImageObject","inLanguage":"pt-BR","@id":"https:\/\/blogdofarnesio.com.br\/?p=168482#primaryimage","url":"https:\/\/blogdofarnesio.com.br\/wp-content\/uploads\/2017\/04\/BlogqspFGTS-saque-fila-Caixa-Helvio-Romero-Estadao1-e1491087652547.jpg","contentUrl":"https:\/\/blogdofarnesio.com.br\/wp-content\/uploads\/2017\/04\/BlogqspFGTS-saque-fila-Caixa-Helvio-Romero-Estadao1-e1491087652547.jpg","width":600,"height":400,"caption":"HR S\u00c3O PAULO\/SP 10\/03\/2017 FGTA CONTAS INATIVAS ECONOMIA - Movimento na ag\u00eancia da CEF no Largo da Conc\u00f3rdia, no Br\u00e1s, para saque das contas inativasd do FGTS. FOTO: H\u00c9LVIO ROMERO\/ESTAD\u00c3O"},{"@type":"BreadcrumbList","@id":"https:\/\/blogdofarnesio.com.br\/?p=168482#breadcrumb","itemListElement":[{"@type":"ListItem","position":1,"name":"In\u00edcio","item":"https:\/\/blogdofarnesio.com.br\/"},{"@type":"ListItem","position":2,"name":"CAIXA ANTECIPA SAQUE DO FGTS PARA NASCIDOS EM SETEMBRO, OUTUBRO E NOVEMBRO"}]},{"@type":"WebSite","@id":"https:\/\/blogdofarnesio.com.br\/#website","url":"https:\/\/blogdofarnesio.com.br\/","name":"Blog do Farn\u00e9sio","description":"Quer Saber Pol\u00edtica?","publisher":{"@id":"https:\/\/blogdofarnesio.com.br\/#organization"},"potentialAction":[{"@type":"SearchAction","target":{"@type":"EntryPoint","urlTemplate":"https:\/\/blogdofarnesio.com.br\/?s={search_term_string}"},"query-input":{"@type":"PropertyValueSpecification","valueRequired":true,"valueName":"search_term_string"}}],"inLanguage":"pt-BR"},{"@type":"Organization","@id":"https:\/\/blogdofarnesio.com.br\/#organization","name":"Blog do Farn\u00e9sio","url":"https:\/\/blogdofarnesio.com.br\/","logo":{"@type":"ImageObject","inLanguage":"pt-BR","@id":"https:\/\/blogdofarnesio.com.br\/#\/schema\/logo\/image\/","url":"https:\/\/blogdofarnesio.com.br\/wp-content\/uploads\/2026\/03\/cropped-logo_new-1.png","contentUrl":"https:\/\/blogdofarnesio.com.br\/wp-content\/uploads\/2026\/03\/cropped-logo_new-1.png","width":881,"height":685,"caption":"Blog do Farn\u00e9sio"},"image":{"@id":"https:\/\/blogdofarnesio.com.br\/#\/schema\/logo\/image\/"},"sameAs":["https:\/\/www.facebook.com\/BlogQuerSaberPolitica\/"]},{"@type":"Person","@id":"https:\/\/blogdofarnesio.com.br\/#\/schema\/person\/301c4acf522bccbfdb45af95b5b906a1","name":"Farn\u00e9sio","image":{"@type":"ImageObject","inLanguage":"pt-BR","@id":"https:\/\/secure.gravatar.com\/avatar\/df0c9a14567c056f8ad6876ba5bbd1e3e2c48023eb6807342fc4663adf549f38?s=96&d=mm&r=g","url":"https:\/\/secure.gravatar.com\/avatar\/df0c9a14567c056f8ad6876ba5bbd1e3e2c48023eb6807342fc4663adf549f38?s=96&d=mm&r=g","contentUrl":"https:\/\/secure.gravatar.com\/avatar\/df0c9a14567c056f8ad6876ba5bbd1e3e2c48023eb6807342fc4663adf549f38?s=96&d=mm&r=g","caption":"Farn\u00e9sio"},"sameAs":["https:\/\/quersaberpolitica.com.br"],"url":"https:\/\/blogdofarnesio.com.br\/?author=1"}]}},"_links":{"self":[{"href":"https:\/\/blogdofarnesio.com.br\/index.php?rest_route=\/wp\/v2\/posts\/168482","targetHints":{"allow":["GET"]}}],"collection":[{"href":"https:\/\/blogdofarnesio.com.br\/index.php?rest_route=\/wp\/v2\/posts"}],"about":[{"href":"https:\/\/blogdofarnesio.com.br\/index.php?rest_route=\/wp\/v2\/types\/post"}],"author":[{"embeddable":true,"href":"https:\/\/blogdofarnesio.com.br\/index.php?rest_route=\/wp\/v2\/users\/1"}],"replies":[{"embeddable":true,"href":"https:\/\/blogdofarnesio.com.br\/index.php?rest_route=%2Fwp%2Fv2%2Fcomments&post=168482"}],"version-history":[{"count":0,"href":"https:\/\/blogdofarnesio.com.br\/index.php?rest_route=\/wp\/v2\/posts\/168482\/revisions"}],"wp:featuredmedia":[{"embeddable":true,"href":"https:\/\/blogdofarnesio.com.br\/index.php?rest_route=\/wp\/v2\/media\/162674"}],"wp:attachment":[{"href":"https:\/\/blogdofarnesio.com.br\/index.php?rest_route=%2Fwp%2Fv2%2Fmedia&parent=168482"}],"wp:term":[{"taxonomy":"category","embeddable":true,"href":"https:\/\/blogdofarnesio.com.br\/index.php?rest_route=%2Fwp%2Fv2%2Fcategories&post=168482"},{"taxonomy":"post_tag","embeddable":true,"href":"https:\/\/blogdofarnesio.com.br\/index.php?rest_route=%2Fwp%2Fv2%2Ftags&post=168482"}],"curies":[{"name":"wp","href":"https:\/\/api.w.org\/{rel}","templated":true}]}}