{"id":168473,"date":"2017-06-06T12:30:52","date_gmt":"2017-06-06T15:30:52","guid":{"rendered":"http:\/\/quersaberpolitica.com.br\/2016\/?p=168473"},"modified":"2017-06-06T10:03:26","modified_gmt":"2017-06-06T13:03:26","slug":"van-da-cantora-marcia-fellipe-capota-na-estrada-apos-colidir-em-animal","status":"publish","type":"post","link":"https:\/\/blogdofarnesio.com.br\/?p=168473","title":{"rendered":"VAN DA CANTORA M\u00c1RCIA FELLIPE CAPOTA NA ESTRADA AP\u00d3S COLIDIR EM ANIMAL"},"content":{"rendered":"<p>&nbsp;<\/p>\n<div class=\"legenda-foto\" style=\"text-align: justify;\">Na madrugada do \u00faltimo domingo (4), uma das tr\u00eas vans que transportavam a equipe da cantora M\u00e1rcia Fellipe sofreu um acidente. O carro bateu em um animal na pista, perdeu o controle e capotou. O ve\u00edculo saia da cidade de Santa B\u00e1rbara, no interior da Bahia, com destino \u00e0 Salvador.<\/div>\n<div id=\"noticia_corpodanoticia\" class=\"t13 manipularFonte\">\n<p style=\"text-align: justify;\">O carro levava parte da produ\u00e7\u00e3o da bande e do bal\u00e9. Algumas pessoas tiveram ferimentos leves, mas foram rapidamente atendidas.<\/p>\n<p style=\"text-align: justify;\">Em nota publicada no Instagram, a cantora &#8211; que esta semana faz dois shows em Pernambuco, no S\u00e3o Jo\u00e3o da Capit\u00e1 e no S\u00e3o Jo\u00e3o Carvalheira, no s\u00e1bado (9) &#8211; foi &#8220;confortar a todos os familiares, amigos e f\u00e3s da banda, est\u00e1 tudo bem!&#8221;<\/p>\n<h2>VEJA NOTA:<\/h2>\n<p><iframe loading=\"lazy\" id=\"instagram-embed-0\" class=\"instagram-media instagram-media-rendered\" src=\"https:\/\/www.instagram.com\/p\/BU76Rauglu8\/embed\/captioned\/?cr=1&amp;v=7#%7B%22ci%22%3A0%2C%22os%22%3A20636.000000000004%7D\" width=\"300\" height=\"746\" frameborder=\"0\" scrolling=\"no\" data-instgrm-payload-id=\"instagram-media-payload-0\" data-mce-fragment=\"1\"><\/iframe><\/div>\n<div class=\"t13 manipularFonte\">NE 10<\/div>\n","protected":false},"excerpt":{"rendered":"<p>&nbsp; Na madrugada do \u00faltimo domingo (4), uma das tr\u00eas vans que transportavam a equipe da cantora M\u00e1rcia Fellipe sofreu um acidente. O carro bateu em um animal na pista, perdeu o controle e capotou. O ve\u00edculo saia da cidade de Santa B\u00e1rbara, no interior da Bahia, com destino \u00e0 Salvador. O carro levava parte da produ\u00e7\u00e3o da bande e do bal\u00e9. Algumas pessoas tiveram ferimentos leves, mas foram rapidamente atendidas. Em nota publicada no Instagram, a cantora &#8211; que esta semana faz dois shows em Pernambuco, no S\u00e3o Jo\u00e3o da Capit\u00e1 e no S\u00e3o Jo\u00e3o Carvalheira, no s\u00e1bado (9) &#8211; foi &#8220;confortar a todos os familiares, amigos e f\u00e3s da banda, est\u00e1 tudo bem!&#8221; VEJA NOTA: NE 10<\/p>\n","protected":false},"author":1,"featured_media":168474,"comment_status":"open","ping_status":"open","sticky":false,"template":"","format":"standard","meta":{"_acf_changed":false,"footnotes":""},"categories":[44],"tags":[],"class_list":["post-168473","post","type-post","status-publish","format-standard","has-post-thumbnail","hentry","category-administracao"],"acf":[],"yoast_head":"<!-- This site is optimized with the Yoast SEO plugin v27.4 - https:\/\/yoast.com\/product\/yoast-seo-wordpress\/ -->\n<title>VAN DA CANTORA M\u00c1RCIA FELLIPE CAPOTA NA ESTRADA AP\u00d3S COLIDIR EM ANIMAL - Blog do Farn\u00e9sio<\/title>\n<meta name=\"robots\" content=\"index, follow, max-snippet:-1, max-image-preview:large, max-video-preview:-1\" \/>\n<link rel=\"canonical\" href=\"https:\/\/blogdofarnesio.com.br\/?p=168473\" \/>\n<meta property=\"og:locale\" content=\"pt_BR\" \/>\n<meta property=\"og:type\" content=\"article\" \/>\n<meta property=\"og:title\" content=\"VAN DA CANTORA M\u00c1RCIA FELLIPE CAPOTA NA ESTRADA AP\u00d3S COLIDIR EM ANIMAL - Blog do Farn\u00e9sio\" \/>\n<meta property=\"og:description\" content=\"&nbsp; Na madrugada do \u00faltimo domingo (4), uma das tr\u00eas vans que transportavam a equipe da cantora M\u00e1rcia Fellipe sofreu um acidente. O carro bateu em um animal na pista, perdeu o controle e capotou. O ve\u00edculo saia da cidade de Santa B\u00e1rbara, no interior da Bahia, com destino \u00e0 Salvador. O carro levava parte da produ\u00e7\u00e3o da bande e do bal\u00e9. Algumas pessoas tiveram ferimentos leves, mas foram rapidamente atendidas. Em nota publicada no Instagram, a cantora &#8211; que esta semana faz dois shows em Pernambuco, no S\u00e3o Jo\u00e3o da Capit\u00e1 e no S\u00e3o Jo\u00e3o Carvalheira, no s\u00e1bado (9) &#8211; foi &#8220;confortar a todos os familiares, amigos e f\u00e3s da banda, est\u00e1 tudo bem!&#8221; VEJA NOTA: NE 10\" \/>\n<meta property=\"og:url\" content=\"https:\/\/blogdofarnesio.com.br\/?p=168473\" \/>\n<meta property=\"og:site_name\" content=\"Blog do Farn\u00e9sio\" \/>\n<meta property=\"article:publisher\" content=\"https:\/\/www.facebook.com\/BlogQuerSaberPolitica\/\" \/>\n<meta property=\"article:published_time\" content=\"2017-06-06T15:30:52+00:00\" \/>\n<meta property=\"og:image\" content=\"https:\/\/blogdofarnesio.com.br\/wp-content\/uploads\/2017\/06\/blogqsp-marciafilipe.jpg\" \/>\n\t<meta property=\"og:image:width\" content=\"470\" \/>\n\t<meta property=\"og:image:height\" content=\"230\" \/>\n\t<meta property=\"og:image:type\" content=\"image\/jpeg\" \/>\n<meta name=\"author\" content=\"Farn\u00e9sio\" \/>\n<meta name=\"twitter:card\" content=\"summary_large_image\" \/>\n<meta name=\"twitter:label1\" content=\"Escrito por\" \/>\n\t<meta name=\"twitter:data1\" content=\"Farn\u00e9sio\" \/>\n\t<meta name=\"twitter:label2\" content=\"Est. tempo de leitura\" \/>\n\t<meta name=\"twitter:data2\" content=\"1 minuto\" \/>\n<script type=\"application\/ld+json\" class=\"yoast-schema-graph\">{\"@context\":\"https:\\\/\\\/schema.org\",\"@graph\":[{\"@type\":\"Article\",\"@id\":\"https:\\\/\\\/blogdofarnesio.com.br\\\/?p=168473#article\",\"isPartOf\":{\"@id\":\"https:\\\/\\\/blogdofarnesio.com.br\\\/?p=168473\"},\"author\":{\"name\":\"Farn\u00e9sio\",\"@id\":\"https:\\\/\\\/blogdofarnesio.com.br\\\/#\\\/schema\\\/person\\\/301c4acf522bccbfdb45af95b5b906a1\"},\"headline\":\"VAN DA CANTORA M\u00c1RCIA FELLIPE CAPOTA NA ESTRADA AP\u00d3S COLIDIR EM ANIMAL\",\"datePublished\":\"2017-06-06T15:30:52+00:00\",\"mainEntityOfPage\":{\"@id\":\"https:\\\/\\\/blogdofarnesio.com.br\\\/?p=168473\"},\"wordCount\":140,\"commentCount\":0,\"publisher\":{\"@id\":\"https:\\\/\\\/blogdofarnesio.com.br\\\/#organization\"},\"image\":{\"@id\":\"https:\\\/\\\/blogdofarnesio.com.br\\\/?p=168473#primaryimage\"},\"thumbnailUrl\":\"https:\\\/\\\/blogdofarnesio.com.br\\\/wp-content\\\/uploads\\\/2017\\\/06\\\/blogqsp-marciafilipe.jpg\",\"articleSection\":[\"Administra\u00e7\u00e3o\"],\"inLanguage\":\"pt-BR\",\"potentialAction\":[{\"@type\":\"CommentAction\",\"name\":\"Comment\",\"target\":[\"https:\\\/\\\/blogdofarnesio.com.br\\\/?p=168473#respond\"]}]},{\"@type\":\"WebPage\",\"@id\":\"https:\\\/\\\/blogdofarnesio.com.br\\\/?p=168473\",\"url\":\"https:\\\/\\\/blogdofarnesio.com.br\\\/?p=168473\",\"name\":\"VAN DA CANTORA M\u00c1RCIA FELLIPE CAPOTA NA ESTRADA AP\u00d3S COLIDIR EM ANIMAL - Blog do Farn\u00e9sio\",\"isPartOf\":{\"@id\":\"https:\\\/\\\/blogdofarnesio.com.br\\\/#website\"},\"primaryImageOfPage\":{\"@id\":\"https:\\\/\\\/blogdofarnesio.com.br\\\/?p=168473#primaryimage\"},\"image\":{\"@id\":\"https:\\\/\\\/blogdofarnesio.com.br\\\/?p=168473#primaryimage\"},\"thumbnailUrl\":\"https:\\\/\\\/blogdofarnesio.com.br\\\/wp-content\\\/uploads\\\/2017\\\/06\\\/blogqsp-marciafilipe.jpg\",\"datePublished\":\"2017-06-06T15:30:52+00:00\",\"breadcrumb\":{\"@id\":\"https:\\\/\\\/blogdofarnesio.com.br\\\/?p=168473#breadcrumb\"},\"inLanguage\":\"pt-BR\",\"potentialAction\":[{\"@type\":\"ReadAction\",\"target\":[\"https:\\\/\\\/blogdofarnesio.com.br\\\/?p=168473\"]}]},{\"@type\":\"ImageObject\",\"inLanguage\":\"pt-BR\",\"@id\":\"https:\\\/\\\/blogdofarnesio.com.br\\\/?p=168473#primaryimage\",\"url\":\"https:\\\/\\\/blogdofarnesio.com.br\\\/wp-content\\\/uploads\\\/2017\\\/06\\\/blogqsp-marciafilipe.jpg\",\"contentUrl\":\"https:\\\/\\\/blogdofarnesio.com.br\\\/wp-content\\\/uploads\\\/2017\\\/06\\\/blogqsp-marciafilipe.jpg\",\"width\":470,\"height\":230},{\"@type\":\"BreadcrumbList\",\"@id\":\"https:\\\/\\\/blogdofarnesio.com.br\\\/?p=168473#breadcrumb\",\"itemListElement\":[{\"@type\":\"ListItem\",\"position\":1,\"name\":\"In\u00edcio\",\"item\":\"https:\\\/\\\/blogdofarnesio.com.br\\\/\"},{\"@type\":\"ListItem\",\"position\":2,\"name\":\"VAN DA CANTORA M\u00c1RCIA FELLIPE CAPOTA NA ESTRADA AP\u00d3S COLIDIR EM ANIMAL\"}]},{\"@type\":\"WebSite\",\"@id\":\"https:\\\/\\\/blogdofarnesio.com.br\\\/#website\",\"url\":\"https:\\\/\\\/blogdofarnesio.com.br\\\/\",\"name\":\"Blog do Farn\u00e9sio\",\"description\":\"Quer Saber Pol\u00edtica?\",\"publisher\":{\"@id\":\"https:\\\/\\\/blogdofarnesio.com.br\\\/#organization\"},\"potentialAction\":[{\"@type\":\"SearchAction\",\"target\":{\"@type\":\"EntryPoint\",\"urlTemplate\":\"https:\\\/\\\/blogdofarnesio.com.br\\\/?s={search_term_string}\"},\"query-input\":{\"@type\":\"PropertyValueSpecification\",\"valueRequired\":true,\"valueName\":\"search_term_string\"}}],\"inLanguage\":\"pt-BR\"},{\"@type\":\"Organization\",\"@id\":\"https:\\\/\\\/blogdofarnesio.com.br\\\/#organization\",\"name\":\"Blog do Farn\u00e9sio\",\"url\":\"https:\\\/\\\/blogdofarnesio.com.br\\\/\",\"logo\":{\"@type\":\"ImageObject\",\"inLanguage\":\"pt-BR\",\"@id\":\"https:\\\/\\\/blogdofarnesio.com.br\\\/#\\\/schema\\\/logo\\\/image\\\/\",\"url\":\"https:\\\/\\\/blogdofarnesio.com.br\\\/wp-content\\\/uploads\\\/2026\\\/03\\\/cropped-logo_new-1.png\",\"contentUrl\":\"https:\\\/\\\/blogdofarnesio.com.br\\\/wp-content\\\/uploads\\\/2026\\\/03\\\/cropped-logo_new-1.png\",\"width\":881,\"height\":685,\"caption\":\"Blog do Farn\u00e9sio\"},\"image\":{\"@id\":\"https:\\\/\\\/blogdofarnesio.com.br\\\/#\\\/schema\\\/logo\\\/image\\\/\"},\"sameAs\":[\"https:\\\/\\\/www.facebook.com\\\/BlogQuerSaberPolitica\\\/\"]},{\"@type\":\"Person\",\"@id\":\"https:\\\/\\\/blogdofarnesio.com.br\\\/#\\\/schema\\\/person\\\/301c4acf522bccbfdb45af95b5b906a1\",\"name\":\"Farn\u00e9sio\",\"image\":{\"@type\":\"ImageObject\",\"inLanguage\":\"pt-BR\",\"@id\":\"https:\\\/\\\/secure.gravatar.com\\\/avatar\\\/df0c9a14567c056f8ad6876ba5bbd1e3e2c48023eb6807342fc4663adf549f38?s=96&d=mm&r=g\",\"url\":\"https:\\\/\\\/secure.gravatar.com\\\/avatar\\\/df0c9a14567c056f8ad6876ba5bbd1e3e2c48023eb6807342fc4663adf549f38?s=96&d=mm&r=g\",\"contentUrl\":\"https:\\\/\\\/secure.gravatar.com\\\/avatar\\\/df0c9a14567c056f8ad6876ba5bbd1e3e2c48023eb6807342fc4663adf549f38?s=96&d=mm&r=g\",\"caption\":\"Farn\u00e9sio\"},\"sameAs\":[\"https:\\\/\\\/quersaberpolitica.com.br\"],\"url\":\"https:\\\/\\\/blogdofarnesio.com.br\\\/?author=1\"}]}<\/script>\n<!-- \/ Yoast SEO plugin. -->","yoast_head_json":{"title":"VAN DA CANTORA M\u00c1RCIA FELLIPE CAPOTA NA ESTRADA AP\u00d3S COLIDIR EM ANIMAL - Blog do Farn\u00e9sio","robots":{"index":"index","follow":"follow","max-snippet":"max-snippet:-1","max-image-preview":"max-image-preview:large","max-video-preview":"max-video-preview:-1"},"canonical":"https:\/\/blogdofarnesio.com.br\/?p=168473","og_locale":"pt_BR","og_type":"article","og_title":"VAN DA CANTORA M\u00c1RCIA FELLIPE CAPOTA NA ESTRADA AP\u00d3S COLIDIR EM ANIMAL - Blog do Farn\u00e9sio","og_description":"&nbsp; Na madrugada do \u00faltimo domingo (4), uma das tr\u00eas vans que transportavam a equipe da cantora M\u00e1rcia Fellipe sofreu um acidente. O carro bateu em um animal na pista, perdeu o controle e capotou. O ve\u00edculo saia da cidade de Santa B\u00e1rbara, no interior da Bahia, com destino \u00e0 Salvador. O carro levava parte da produ\u00e7\u00e3o da bande e do bal\u00e9. Algumas pessoas tiveram ferimentos leves, mas foram rapidamente atendidas. Em nota publicada no Instagram, a cantora &#8211; que esta semana faz dois shows em Pernambuco, no S\u00e3o Jo\u00e3o da Capit\u00e1 e no S\u00e3o Jo\u00e3o Carvalheira, no s\u00e1bado (9) &#8211; foi &#8220;confortar a todos os familiares, amigos e f\u00e3s da banda, est\u00e1 tudo bem!&#8221; VEJA NOTA: NE 10","og_url":"https:\/\/blogdofarnesio.com.br\/?p=168473","og_site_name":"Blog do Farn\u00e9sio","article_publisher":"https:\/\/www.facebook.com\/BlogQuerSaberPolitica\/","article_published_time":"2017-06-06T15:30:52+00:00","og_image":[{"width":470,"height":230,"url":"https:\/\/blogdofarnesio.com.br\/wp-content\/uploads\/2017\/06\/blogqsp-marciafilipe.jpg","type":"image\/jpeg"}],"author":"Farn\u00e9sio","twitter_card":"summary_large_image","twitter_misc":{"Escrito por":"Farn\u00e9sio","Est. tempo de leitura":"1 minuto"},"schema":{"@context":"https:\/\/schema.org","@graph":[{"@type":"Article","@id":"https:\/\/blogdofarnesio.com.br\/?p=168473#article","isPartOf":{"@id":"https:\/\/blogdofarnesio.com.br\/?p=168473"},"author":{"name":"Farn\u00e9sio","@id":"https:\/\/blogdofarnesio.com.br\/#\/schema\/person\/301c4acf522bccbfdb45af95b5b906a1"},"headline":"VAN DA CANTORA M\u00c1RCIA FELLIPE CAPOTA NA ESTRADA AP\u00d3S COLIDIR EM ANIMAL","datePublished":"2017-06-06T15:30:52+00:00","mainEntityOfPage":{"@id":"https:\/\/blogdofarnesio.com.br\/?p=168473"},"wordCount":140,"commentCount":0,"publisher":{"@id":"https:\/\/blogdofarnesio.com.br\/#organization"},"image":{"@id":"https:\/\/blogdofarnesio.com.br\/?p=168473#primaryimage"},"thumbnailUrl":"https:\/\/blogdofarnesio.com.br\/wp-content\/uploads\/2017\/06\/blogqsp-marciafilipe.jpg","articleSection":["Administra\u00e7\u00e3o"],"inLanguage":"pt-BR","potentialAction":[{"@type":"CommentAction","name":"Comment","target":["https:\/\/blogdofarnesio.com.br\/?p=168473#respond"]}]},{"@type":"WebPage","@id":"https:\/\/blogdofarnesio.com.br\/?p=168473","url":"https:\/\/blogdofarnesio.com.br\/?p=168473","name":"VAN DA CANTORA M\u00c1RCIA FELLIPE CAPOTA NA ESTRADA AP\u00d3S COLIDIR EM ANIMAL - Blog do Farn\u00e9sio","isPartOf":{"@id":"https:\/\/blogdofarnesio.com.br\/#website"},"primaryImageOfPage":{"@id":"https:\/\/blogdofarnesio.com.br\/?p=168473#primaryimage"},"image":{"@id":"https:\/\/blogdofarnesio.com.br\/?p=168473#primaryimage"},"thumbnailUrl":"https:\/\/blogdofarnesio.com.br\/wp-content\/uploads\/2017\/06\/blogqsp-marciafilipe.jpg","datePublished":"2017-06-06T15:30:52+00:00","breadcrumb":{"@id":"https:\/\/blogdofarnesio.com.br\/?p=168473#breadcrumb"},"inLanguage":"pt-BR","potentialAction":[{"@type":"ReadAction","target":["https:\/\/blogdofarnesio.com.br\/?p=168473"]}]},{"@type":"ImageObject","inLanguage":"pt-BR","@id":"https:\/\/blogdofarnesio.com.br\/?p=168473#primaryimage","url":"https:\/\/blogdofarnesio.com.br\/wp-content\/uploads\/2017\/06\/blogqsp-marciafilipe.jpg","contentUrl":"https:\/\/blogdofarnesio.com.br\/wp-content\/uploads\/2017\/06\/blogqsp-marciafilipe.jpg","width":470,"height":230},{"@type":"BreadcrumbList","@id":"https:\/\/blogdofarnesio.com.br\/?p=168473#breadcrumb","itemListElement":[{"@type":"ListItem","position":1,"name":"In\u00edcio","item":"https:\/\/blogdofarnesio.com.br\/"},{"@type":"ListItem","position":2,"name":"VAN DA CANTORA M\u00c1RCIA FELLIPE CAPOTA NA ESTRADA AP\u00d3S COLIDIR EM ANIMAL"}]},{"@type":"WebSite","@id":"https:\/\/blogdofarnesio.com.br\/#website","url":"https:\/\/blogdofarnesio.com.br\/","name":"Blog do Farn\u00e9sio","description":"Quer Saber Pol\u00edtica?","publisher":{"@id":"https:\/\/blogdofarnesio.com.br\/#organization"},"potentialAction":[{"@type":"SearchAction","target":{"@type":"EntryPoint","urlTemplate":"https:\/\/blogdofarnesio.com.br\/?s={search_term_string}"},"query-input":{"@type":"PropertyValueSpecification","valueRequired":true,"valueName":"search_term_string"}}],"inLanguage":"pt-BR"},{"@type":"Organization","@id":"https:\/\/blogdofarnesio.com.br\/#organization","name":"Blog do Farn\u00e9sio","url":"https:\/\/blogdofarnesio.com.br\/","logo":{"@type":"ImageObject","inLanguage":"pt-BR","@id":"https:\/\/blogdofarnesio.com.br\/#\/schema\/logo\/image\/","url":"https:\/\/blogdofarnesio.com.br\/wp-content\/uploads\/2026\/03\/cropped-logo_new-1.png","contentUrl":"https:\/\/blogdofarnesio.com.br\/wp-content\/uploads\/2026\/03\/cropped-logo_new-1.png","width":881,"height":685,"caption":"Blog do Farn\u00e9sio"},"image":{"@id":"https:\/\/blogdofarnesio.com.br\/#\/schema\/logo\/image\/"},"sameAs":["https:\/\/www.facebook.com\/BlogQuerSaberPolitica\/"]},{"@type":"Person","@id":"https:\/\/blogdofarnesio.com.br\/#\/schema\/person\/301c4acf522bccbfdb45af95b5b906a1","name":"Farn\u00e9sio","image":{"@type":"ImageObject","inLanguage":"pt-BR","@id":"https:\/\/secure.gravatar.com\/avatar\/df0c9a14567c056f8ad6876ba5bbd1e3e2c48023eb6807342fc4663adf549f38?s=96&d=mm&r=g","url":"https:\/\/secure.gravatar.com\/avatar\/df0c9a14567c056f8ad6876ba5bbd1e3e2c48023eb6807342fc4663adf549f38?s=96&d=mm&r=g","contentUrl":"https:\/\/secure.gravatar.com\/avatar\/df0c9a14567c056f8ad6876ba5bbd1e3e2c48023eb6807342fc4663adf549f38?s=96&d=mm&r=g","caption":"Farn\u00e9sio"},"sameAs":["https:\/\/quersaberpolitica.com.br"],"url":"https:\/\/blogdofarnesio.com.br\/?author=1"}]}},"_links":{"self":[{"href":"https:\/\/blogdofarnesio.com.br\/index.php?rest_route=\/wp\/v2\/posts\/168473","targetHints":{"allow":["GET"]}}],"collection":[{"href":"https:\/\/blogdofarnesio.com.br\/index.php?rest_route=\/wp\/v2\/posts"}],"about":[{"href":"https:\/\/blogdofarnesio.com.br\/index.php?rest_route=\/wp\/v2\/types\/post"}],"author":[{"embeddable":true,"href":"https:\/\/blogdofarnesio.com.br\/index.php?rest_route=\/wp\/v2\/users\/1"}],"replies":[{"embeddable":true,"href":"https:\/\/blogdofarnesio.com.br\/index.php?rest_route=%2Fwp%2Fv2%2Fcomments&post=168473"}],"version-history":[{"count":0,"href":"https:\/\/blogdofarnesio.com.br\/index.php?rest_route=\/wp\/v2\/posts\/168473\/revisions"}],"wp:featuredmedia":[{"embeddable":true,"href":"https:\/\/blogdofarnesio.com.br\/index.php?rest_route=\/wp\/v2\/media\/168474"}],"wp:attachment":[{"href":"https:\/\/blogdofarnesio.com.br\/index.php?rest_route=%2Fwp%2Fv2%2Fmedia&parent=168473"}],"wp:term":[{"taxonomy":"category","embeddable":true,"href":"https:\/\/blogdofarnesio.com.br\/index.php?rest_route=%2Fwp%2Fv2%2Fcategories&post=168473"},{"taxonomy":"post_tag","embeddable":true,"href":"https:\/\/blogdofarnesio.com.br\/index.php?rest_route=%2Fwp%2Fv2%2Ftags&post=168473"}],"curies":[{"name":"wp","href":"https:\/\/api.w.org\/{rel}","templated":true}]}}