{"id":168384,"date":"2017-06-05T15:40:19","date_gmt":"2017-06-05T18:40:19","guid":{"rendered":"http:\/\/quersaberpolitica.com.br\/2016\/?p=168384"},"modified":"2017-06-05T15:19:34","modified_gmt":"2017-06-05T18:19:34","slug":"prefeitura-de-juazeiro-promove-a-vi-feira-de-caprinos-e-ovinos-do-distrito-de-itamotinga","status":"publish","type":"post","link":"https:\/\/blogdofarnesio.com.br\/?p=168384","title":{"rendered":"PREFEITURA DE JUAZEIRO PROMOVE A VI FEIRA DE CAPRINOS E OVINOS DO DISTRITO DE ITAMOTINGA"},"content":{"rendered":"<p style=\"text-align: justify;\">A Prefeitura de Juazeiro atrav\u00e9s da Ag\u00eancia de Desenvolvimento Econ\u00f4mico, Agricultura e Pecu\u00e1ria em parceria com a Associa\u00e7\u00e3o dos Pequenos Produtores Rurais de Cacimba do Silva e Sert\u00e3ozinho ir\u00e1 realizar de 09 a 11 de junho, na comunidade de Cacimba do Silva a VI Feira de Caprinos e Ovinos do distrito de Itamotinga.<\/p>\n<p style=\"text-align: justify;\">Este ano, a organiza\u00e7\u00e3o da feira aguarda a participa\u00e7\u00e3o de 50 expositores, com aproximadamente 300 animais entre caprinos e ovinos e a estimativa de p\u00fablico \u00e9 de aproximadamente 4.000 pessoas durante os tr\u00eas dias de evento. \u201cO nosso objetivo \u00e9 proporcionar aos caprinovinocultores da regi\u00e3o, especialmente do distrito de Itamotinga, oportunidades de neg\u00f3cios que englobe todo segmento comercial local, melhorando assim, a renda e a qualidade de vida desses trabalhadores\u201d, afirmou o titular da ADEAP, Maraiza Carvalho.<\/p>\n<p style=\"text-align: justify;\">Segundo os organizadores, a feira tem mudado a realidade dos produtores desde a comercializa\u00e7\u00e3o considerada gargalo da cadeia, o melhoramento gen\u00e9tico dos animais, o aumento da alta estima do produtor, at\u00e9 a inser\u00e7\u00e3o dos jovens na atividade.\u00a0\u00a0\u201cO distrito tem sua economia voltada para agricultura de subsist\u00eancia e a cria\u00e7\u00e3o de animal, e destaca a caprinovinocultura como seu grande sustent\u00e1culo. Acredito que a feira tem proporcionado avan\u00e7os para os produtores da regi\u00e3o; que a partir do evento buscaram se aperfei\u00e7oar cada vez mais\u201d, observou diretor de pecu\u00e1ria da ADEAP e coordenador do evento, Jos\u00e9 Wilson Chaves (Chaveco).<\/p>\n<p style=\"text-align: justify;\">O evento inclui na sua programa\u00e7\u00e3o palestras, oficinas, ordenha higi\u00eanica, torneio leiteiro, exposi\u00e7\u00f5es, comercializa\u00e7\u00e3o de produtos da culin\u00e1ria local\u00a0e servi\u00e7os voltados ao setor. Vale destacar que a feira tamb\u00e9m conta com o apoio do Banco do Nordeste, Governo Federal, ADAB, Sebrae, UNIVASF, IRPAA, STRJ, COOAFJUR, UNEB, Policia Militar, R\u00e1dio Juazeiro Cesol e Constesf.<\/p>\n<p style=\"text-align: justify;\"><strong><u>Confira a Programa\u00e7\u00e3o:<\/u><\/strong><\/p>\n<p style=\"text-align: justify;\"><strong>09\/06\/2017 \u2013 Sexta-feira<\/strong><\/p>\n<p style=\"text-align: justify;\">16h \u2013 Abertura do parque para a chegada dos animais;<\/p>\n<p style=\"text-align: justify;\">18h \u2013 Abertura do evento;<\/p>\n<p style=\"text-align: justify;\">19h \u2013 Apresenta\u00e7\u00e3o cultural;<\/p>\n<p style=\"text-align: justify;\">20h \u2013 Coquetel;<\/p>\n<p style=\"text-align: justify;\">20h \u2013 Inscri\u00e7\u00e3o das cabras que ir\u00e3o participar do Torneio Leiteiro, em seguida esgotamento dos \u00faberes;<\/p>\n<p style=\"text-align: justify;\">20h \u00e0s 22h &#8211; Som Mec\u00e2nico.<\/p>\n<p style=\"text-align: justify;\"><strong>\u00a0<\/strong><\/p>\n<p style=\"text-align: justify;\"><strong>10\/06\/2017 \u2013 S\u00e1bado<\/strong><\/p>\n<p style=\"text-align: justify;\">07h \u2013 Abertura do parque para recep\u00e7\u00e3o dos animais;<\/p>\n<p style=\"text-align: justify;\">8h \u00e0s 22h \u2013 Exposi\u00e7\u00e3o de animais e de trabalhos tecnol\u00f3gicos.<\/p>\n<p style=\"text-align: justify;\">&#8211; Comercializa\u00e7\u00e3o de artesanatos, de produtos da culin\u00e1ria local e de outros produtos afins;<\/p>\n<p style=\"text-align: justify;\">8h \u2013 1\u00aa Ordenha do Torneio Leiteiro, com palestra sobre ordenha higi\u00eanica;<\/p>\n<p style=\"text-align: justify;\">10h &#8211; Realiza\u00e7\u00e3o do Cadastro Ambiental Rural &#8211; CEFIR (Sindicato dos Trabalhadores Rurais de Juazeiro)<\/p>\n<p style=\"text-align: justify;\">17h \u2013 Ato Solene;<\/p>\n<p style=\"text-align: justify;\">19h \u2013 Apresenta\u00e7\u00e3o cultural \u2019Quadrilha Junina\u2019 (Grupo de Itamotinga);<\/p>\n<p style=\"text-align: justify;\">20h \u00e0s 00h \u2013 Show Musical;<\/p>\n<p style=\"text-align: justify;\">20h \u2013 2\u00aa Ordenha do Torneio Leiteiro;<\/p>\n<p style=\"text-align: justify;\">00h \u2013 Encerramento;<\/p>\n<p style=\"text-align: justify;\"><strong>11\/06\/2017 \u2013 Domingo<\/strong><\/p>\n<p style=\"text-align: justify;\">08 h \u2013 Abertura do Parque para visita\u00e7\u00e3o;<\/p>\n<p style=\"text-align: justify;\">09 h \u2013 3\u00aa Ordenha do Torneio Leiteiro;<\/p>\n<p style=\"text-align: justify;\">10 h \u2013 Desfile de animais (Pista);<\/p>\n<p style=\"text-align: justify;\">11 h \u2013 Entrega das Premia\u00e7\u00f5es;<\/p>\n<p style=\"text-align: justify;\">11h \u00e0s 14 h\u2013 Show Mec\u00e2nico.<\/p>\n<p style=\"text-align: justify;\">Lene Radina\/ ASCOM ADEAP<\/p>\n","protected":false},"excerpt":{"rendered":"<p>A Prefeitura de Juazeiro atrav\u00e9s da Ag\u00eancia de Desenvolvimento Econ\u00f4mico, Agricultura e Pecu\u00e1ria em parceria com a Associa\u00e7\u00e3o dos Pequenos Produtores Rurais de Cacimba do Silva e Sert\u00e3ozinho ir\u00e1 realizar de 09 a 11 de junho, na comunidade de Cacimba do Silva a VI Feira de Caprinos e Ovinos do distrito de Itamotinga. Este ano, a organiza\u00e7\u00e3o da feira aguarda a participa\u00e7\u00e3o de 50 expositores, com aproximadamente 300 animais entre caprinos e ovinos e a estimativa de p\u00fablico \u00e9 de aproximadamente 4.000 pessoas durante os tr\u00eas dias de evento. \u201cO nosso objetivo \u00e9 proporcionar aos caprinovinocultores da regi\u00e3o, especialmente do distrito de Itamotinga, oportunidades de neg\u00f3cios que englobe todo segmento comercial local, melhorando assim, a renda e a qualidade de&hellip; <\/p>\n","protected":false},"author":1,"featured_media":147560,"comment_status":"open","ping_status":"open","sticky":false,"template":"","format":"standard","meta":{"_acf_changed":false,"footnotes":""},"categories":[1],"tags":[],"class_list":["post-168384","post","type-post","status-publish","format-standard","has-post-thumbnail","hentry","category-politica"],"acf":[],"yoast_head":"<!-- This site is optimized with the Yoast SEO plugin v27.4 - https:\/\/yoast.com\/product\/yoast-seo-wordpress\/ -->\n<title>PREFEITURA DE JUAZEIRO PROMOVE A VI FEIRA DE CAPRINOS E OVINOS DO DISTRITO DE ITAMOTINGA - Blog do Farn\u00e9sio<\/title>\n<meta name=\"robots\" content=\"index, follow, max-snippet:-1, max-image-preview:large, max-video-preview:-1\" \/>\n<link rel=\"canonical\" href=\"https:\/\/blogdofarnesio.com.br\/?p=168384\" \/>\n<meta property=\"og:locale\" content=\"pt_BR\" \/>\n<meta property=\"og:type\" content=\"article\" \/>\n<meta property=\"og:title\" content=\"PREFEITURA DE JUAZEIRO PROMOVE A VI FEIRA DE CAPRINOS E OVINOS DO DISTRITO DE ITAMOTINGA - Blog do Farn\u00e9sio\" \/>\n<meta property=\"og:description\" content=\"A Prefeitura de Juazeiro atrav\u00e9s da Ag\u00eancia de Desenvolvimento Econ\u00f4mico, Agricultura e Pecu\u00e1ria em parceria com a Associa\u00e7\u00e3o dos Pequenos Produtores Rurais de Cacimba do Silva e Sert\u00e3ozinho ir\u00e1 realizar de 09 a 11 de junho, na comunidade de Cacimba do Silva a VI Feira de Caprinos e Ovinos do distrito de Itamotinga. Este ano, a organiza\u00e7\u00e3o da feira aguarda a participa\u00e7\u00e3o de 50 expositores, com aproximadamente 300 animais entre caprinos e ovinos e a estimativa de p\u00fablico \u00e9 de aproximadamente 4.000 pessoas durante os tr\u00eas dias de evento. \u201cO nosso objetivo \u00e9 proporcionar aos caprinovinocultores da regi\u00e3o, especialmente do distrito de Itamotinga, oportunidades de neg\u00f3cios que englobe todo segmento comercial local, melhorando assim, a renda e a qualidade de&hellip;\" \/>\n<meta property=\"og:url\" content=\"https:\/\/blogdofarnesio.com.br\/?p=168384\" \/>\n<meta property=\"og:site_name\" content=\"Blog do Farn\u00e9sio\" \/>\n<meta property=\"article:publisher\" content=\"https:\/\/www.facebook.com\/BlogQuerSaberPolitica\/\" \/>\n<meta property=\"article:published_time\" content=\"2017-06-05T18:40:19+00:00\" \/>\n<meta property=\"og:image\" content=\"https:\/\/blogdofarnesio.com.br\/wp-content\/uploads\/2016\/08\/blog-qsp-feira-de-caprinos.jpg\" \/>\n\t<meta property=\"og:image:width\" content=\"448\" \/>\n\t<meta property=\"og:image:height\" content=\"336\" \/>\n\t<meta property=\"og:image:type\" content=\"image\/jpeg\" \/>\n<meta name=\"author\" content=\"Farn\u00e9sio\" \/>\n<meta name=\"twitter:card\" content=\"summary_large_image\" \/>\n<meta name=\"twitter:label1\" content=\"Escrito por\" \/>\n\t<meta name=\"twitter:data1\" content=\"Farn\u00e9sio\" \/>\n\t<meta name=\"twitter:label2\" content=\"Est. tempo de leitura\" \/>\n\t<meta name=\"twitter:data2\" content=\"2 minutos\" \/>\n<script type=\"application\/ld+json\" class=\"yoast-schema-graph\">{\"@context\":\"https:\\\/\\\/schema.org\",\"@graph\":[{\"@type\":\"Article\",\"@id\":\"https:\\\/\\\/blogdofarnesio.com.br\\\/?p=168384#article\",\"isPartOf\":{\"@id\":\"https:\\\/\\\/blogdofarnesio.com.br\\\/?p=168384\"},\"author\":{\"name\":\"Farn\u00e9sio\",\"@id\":\"https:\\\/\\\/blogdofarnesio.com.br\\\/#\\\/schema\\\/person\\\/301c4acf522bccbfdb45af95b5b906a1\"},\"headline\":\"PREFEITURA DE JUAZEIRO PROMOVE A VI FEIRA DE CAPRINOS E OVINOS DO DISTRITO DE ITAMOTINGA\",\"datePublished\":\"2017-06-05T18:40:19+00:00\",\"mainEntityOfPage\":{\"@id\":\"https:\\\/\\\/blogdofarnesio.com.br\\\/?p=168384\"},\"wordCount\":490,\"commentCount\":0,\"publisher\":{\"@id\":\"https:\\\/\\\/blogdofarnesio.com.br\\\/#organization\"},\"image\":{\"@id\":\"https:\\\/\\\/blogdofarnesio.com.br\\\/?p=168384#primaryimage\"},\"thumbnailUrl\":\"https:\\\/\\\/blogdofarnesio.com.br\\\/wp-content\\\/uploads\\\/2016\\\/08\\\/blog-qsp-feira-de-caprinos.jpg\",\"articleSection\":[\"Pol\u00edtica\"],\"inLanguage\":\"pt-BR\",\"potentialAction\":[{\"@type\":\"CommentAction\",\"name\":\"Comment\",\"target\":[\"https:\\\/\\\/blogdofarnesio.com.br\\\/?p=168384#respond\"]}]},{\"@type\":\"WebPage\",\"@id\":\"https:\\\/\\\/blogdofarnesio.com.br\\\/?p=168384\",\"url\":\"https:\\\/\\\/blogdofarnesio.com.br\\\/?p=168384\",\"name\":\"PREFEITURA DE JUAZEIRO PROMOVE A VI FEIRA DE CAPRINOS E OVINOS DO DISTRITO DE ITAMOTINGA - Blog do Farn\u00e9sio\",\"isPartOf\":{\"@id\":\"https:\\\/\\\/blogdofarnesio.com.br\\\/#website\"},\"primaryImageOfPage\":{\"@id\":\"https:\\\/\\\/blogdofarnesio.com.br\\\/?p=168384#primaryimage\"},\"image\":{\"@id\":\"https:\\\/\\\/blogdofarnesio.com.br\\\/?p=168384#primaryimage\"},\"thumbnailUrl\":\"https:\\\/\\\/blogdofarnesio.com.br\\\/wp-content\\\/uploads\\\/2016\\\/08\\\/blog-qsp-feira-de-caprinos.jpg\",\"datePublished\":\"2017-06-05T18:40:19+00:00\",\"breadcrumb\":{\"@id\":\"https:\\\/\\\/blogdofarnesio.com.br\\\/?p=168384#breadcrumb\"},\"inLanguage\":\"pt-BR\",\"potentialAction\":[{\"@type\":\"ReadAction\",\"target\":[\"https:\\\/\\\/blogdofarnesio.com.br\\\/?p=168384\"]}]},{\"@type\":\"ImageObject\",\"inLanguage\":\"pt-BR\",\"@id\":\"https:\\\/\\\/blogdofarnesio.com.br\\\/?p=168384#primaryimage\",\"url\":\"https:\\\/\\\/blogdofarnesio.com.br\\\/wp-content\\\/uploads\\\/2016\\\/08\\\/blog-qsp-feira-de-caprinos.jpg\",\"contentUrl\":\"https:\\\/\\\/blogdofarnesio.com.br\\\/wp-content\\\/uploads\\\/2016\\\/08\\\/blog-qsp-feira-de-caprinos.jpg\",\"width\":448,\"height\":336},{\"@type\":\"BreadcrumbList\",\"@id\":\"https:\\\/\\\/blogdofarnesio.com.br\\\/?p=168384#breadcrumb\",\"itemListElement\":[{\"@type\":\"ListItem\",\"position\":1,\"name\":\"In\u00edcio\",\"item\":\"https:\\\/\\\/blogdofarnesio.com.br\\\/\"},{\"@type\":\"ListItem\",\"position\":2,\"name\":\"PREFEITURA DE JUAZEIRO PROMOVE A VI FEIRA DE CAPRINOS E OVINOS DO DISTRITO DE ITAMOTINGA\"}]},{\"@type\":\"WebSite\",\"@id\":\"https:\\\/\\\/blogdofarnesio.com.br\\\/#website\",\"url\":\"https:\\\/\\\/blogdofarnesio.com.br\\\/\",\"name\":\"Blog do Farn\u00e9sio\",\"description\":\"Quer Saber Pol\u00edtica?\",\"publisher\":{\"@id\":\"https:\\\/\\\/blogdofarnesio.com.br\\\/#organization\"},\"potentialAction\":[{\"@type\":\"SearchAction\",\"target\":{\"@type\":\"EntryPoint\",\"urlTemplate\":\"https:\\\/\\\/blogdofarnesio.com.br\\\/?s={search_term_string}\"},\"query-input\":{\"@type\":\"PropertyValueSpecification\",\"valueRequired\":true,\"valueName\":\"search_term_string\"}}],\"inLanguage\":\"pt-BR\"},{\"@type\":\"Organization\",\"@id\":\"https:\\\/\\\/blogdofarnesio.com.br\\\/#organization\",\"name\":\"Blog do Farn\u00e9sio\",\"url\":\"https:\\\/\\\/blogdofarnesio.com.br\\\/\",\"logo\":{\"@type\":\"ImageObject\",\"inLanguage\":\"pt-BR\",\"@id\":\"https:\\\/\\\/blogdofarnesio.com.br\\\/#\\\/schema\\\/logo\\\/image\\\/\",\"url\":\"https:\\\/\\\/blogdofarnesio.com.br\\\/wp-content\\\/uploads\\\/2026\\\/03\\\/cropped-logo_new-1.png\",\"contentUrl\":\"https:\\\/\\\/blogdofarnesio.com.br\\\/wp-content\\\/uploads\\\/2026\\\/03\\\/cropped-logo_new-1.png\",\"width\":881,\"height\":685,\"caption\":\"Blog do Farn\u00e9sio\"},\"image\":{\"@id\":\"https:\\\/\\\/blogdofarnesio.com.br\\\/#\\\/schema\\\/logo\\\/image\\\/\"},\"sameAs\":[\"https:\\\/\\\/www.facebook.com\\\/BlogQuerSaberPolitica\\\/\"]},{\"@type\":\"Person\",\"@id\":\"https:\\\/\\\/blogdofarnesio.com.br\\\/#\\\/schema\\\/person\\\/301c4acf522bccbfdb45af95b5b906a1\",\"name\":\"Farn\u00e9sio\",\"image\":{\"@type\":\"ImageObject\",\"inLanguage\":\"pt-BR\",\"@id\":\"https:\\\/\\\/secure.gravatar.com\\\/avatar\\\/df0c9a14567c056f8ad6876ba5bbd1e3e2c48023eb6807342fc4663adf549f38?s=96&d=mm&r=g\",\"url\":\"https:\\\/\\\/secure.gravatar.com\\\/avatar\\\/df0c9a14567c056f8ad6876ba5bbd1e3e2c48023eb6807342fc4663adf549f38?s=96&d=mm&r=g\",\"contentUrl\":\"https:\\\/\\\/secure.gravatar.com\\\/avatar\\\/df0c9a14567c056f8ad6876ba5bbd1e3e2c48023eb6807342fc4663adf549f38?s=96&d=mm&r=g\",\"caption\":\"Farn\u00e9sio\"},\"sameAs\":[\"https:\\\/\\\/quersaberpolitica.com.br\"],\"url\":\"https:\\\/\\\/blogdofarnesio.com.br\\\/?author=1\"}]}<\/script>\n<!-- \/ Yoast SEO plugin. -->","yoast_head_json":{"title":"PREFEITURA DE JUAZEIRO PROMOVE A VI FEIRA DE CAPRINOS E OVINOS DO DISTRITO DE ITAMOTINGA - Blog do Farn\u00e9sio","robots":{"index":"index","follow":"follow","max-snippet":"max-snippet:-1","max-image-preview":"max-image-preview:large","max-video-preview":"max-video-preview:-1"},"canonical":"https:\/\/blogdofarnesio.com.br\/?p=168384","og_locale":"pt_BR","og_type":"article","og_title":"PREFEITURA DE JUAZEIRO PROMOVE A VI FEIRA DE CAPRINOS E OVINOS DO DISTRITO DE ITAMOTINGA - Blog do Farn\u00e9sio","og_description":"A Prefeitura de Juazeiro atrav\u00e9s da Ag\u00eancia de Desenvolvimento Econ\u00f4mico, Agricultura e Pecu\u00e1ria em parceria com a Associa\u00e7\u00e3o dos Pequenos Produtores Rurais de Cacimba do Silva e Sert\u00e3ozinho ir\u00e1 realizar de 09 a 11 de junho, na comunidade de Cacimba do Silva a VI Feira de Caprinos e Ovinos do distrito de Itamotinga. Este ano, a organiza\u00e7\u00e3o da feira aguarda a participa\u00e7\u00e3o de 50 expositores, com aproximadamente 300 animais entre caprinos e ovinos e a estimativa de p\u00fablico \u00e9 de aproximadamente 4.000 pessoas durante os tr\u00eas dias de evento. \u201cO nosso objetivo \u00e9 proporcionar aos caprinovinocultores da regi\u00e3o, especialmente do distrito de Itamotinga, oportunidades de neg\u00f3cios que englobe todo segmento comercial local, melhorando assim, a renda e a qualidade de&hellip;","og_url":"https:\/\/blogdofarnesio.com.br\/?p=168384","og_site_name":"Blog do Farn\u00e9sio","article_publisher":"https:\/\/www.facebook.com\/BlogQuerSaberPolitica\/","article_published_time":"2017-06-05T18:40:19+00:00","og_image":[{"width":448,"height":336,"url":"https:\/\/blogdofarnesio.com.br\/wp-content\/uploads\/2016\/08\/blog-qsp-feira-de-caprinos.jpg","type":"image\/jpeg"}],"author":"Farn\u00e9sio","twitter_card":"summary_large_image","twitter_misc":{"Escrito por":"Farn\u00e9sio","Est. tempo de leitura":"2 minutos"},"schema":{"@context":"https:\/\/schema.org","@graph":[{"@type":"Article","@id":"https:\/\/blogdofarnesio.com.br\/?p=168384#article","isPartOf":{"@id":"https:\/\/blogdofarnesio.com.br\/?p=168384"},"author":{"name":"Farn\u00e9sio","@id":"https:\/\/blogdofarnesio.com.br\/#\/schema\/person\/301c4acf522bccbfdb45af95b5b906a1"},"headline":"PREFEITURA DE JUAZEIRO PROMOVE A VI FEIRA DE CAPRINOS E OVINOS DO DISTRITO DE ITAMOTINGA","datePublished":"2017-06-05T18:40:19+00:00","mainEntityOfPage":{"@id":"https:\/\/blogdofarnesio.com.br\/?p=168384"},"wordCount":490,"commentCount":0,"publisher":{"@id":"https:\/\/blogdofarnesio.com.br\/#organization"},"image":{"@id":"https:\/\/blogdofarnesio.com.br\/?p=168384#primaryimage"},"thumbnailUrl":"https:\/\/blogdofarnesio.com.br\/wp-content\/uploads\/2016\/08\/blog-qsp-feira-de-caprinos.jpg","articleSection":["Pol\u00edtica"],"inLanguage":"pt-BR","potentialAction":[{"@type":"CommentAction","name":"Comment","target":["https:\/\/blogdofarnesio.com.br\/?p=168384#respond"]}]},{"@type":"WebPage","@id":"https:\/\/blogdofarnesio.com.br\/?p=168384","url":"https:\/\/blogdofarnesio.com.br\/?p=168384","name":"PREFEITURA DE JUAZEIRO PROMOVE A VI FEIRA DE CAPRINOS E OVINOS DO DISTRITO DE ITAMOTINGA - Blog do Farn\u00e9sio","isPartOf":{"@id":"https:\/\/blogdofarnesio.com.br\/#website"},"primaryImageOfPage":{"@id":"https:\/\/blogdofarnesio.com.br\/?p=168384#primaryimage"},"image":{"@id":"https:\/\/blogdofarnesio.com.br\/?p=168384#primaryimage"},"thumbnailUrl":"https:\/\/blogdofarnesio.com.br\/wp-content\/uploads\/2016\/08\/blog-qsp-feira-de-caprinos.jpg","datePublished":"2017-06-05T18:40:19+00:00","breadcrumb":{"@id":"https:\/\/blogdofarnesio.com.br\/?p=168384#breadcrumb"},"inLanguage":"pt-BR","potentialAction":[{"@type":"ReadAction","target":["https:\/\/blogdofarnesio.com.br\/?p=168384"]}]},{"@type":"ImageObject","inLanguage":"pt-BR","@id":"https:\/\/blogdofarnesio.com.br\/?p=168384#primaryimage","url":"https:\/\/blogdofarnesio.com.br\/wp-content\/uploads\/2016\/08\/blog-qsp-feira-de-caprinos.jpg","contentUrl":"https:\/\/blogdofarnesio.com.br\/wp-content\/uploads\/2016\/08\/blog-qsp-feira-de-caprinos.jpg","width":448,"height":336},{"@type":"BreadcrumbList","@id":"https:\/\/blogdofarnesio.com.br\/?p=168384#breadcrumb","itemListElement":[{"@type":"ListItem","position":1,"name":"In\u00edcio","item":"https:\/\/blogdofarnesio.com.br\/"},{"@type":"ListItem","position":2,"name":"PREFEITURA DE JUAZEIRO PROMOVE A VI FEIRA DE CAPRINOS E OVINOS DO DISTRITO DE ITAMOTINGA"}]},{"@type":"WebSite","@id":"https:\/\/blogdofarnesio.com.br\/#website","url":"https:\/\/blogdofarnesio.com.br\/","name":"Blog do Farn\u00e9sio","description":"Quer Saber Pol\u00edtica?","publisher":{"@id":"https:\/\/blogdofarnesio.com.br\/#organization"},"potentialAction":[{"@type":"SearchAction","target":{"@type":"EntryPoint","urlTemplate":"https:\/\/blogdofarnesio.com.br\/?s={search_term_string}"},"query-input":{"@type":"PropertyValueSpecification","valueRequired":true,"valueName":"search_term_string"}}],"inLanguage":"pt-BR"},{"@type":"Organization","@id":"https:\/\/blogdofarnesio.com.br\/#organization","name":"Blog do Farn\u00e9sio","url":"https:\/\/blogdofarnesio.com.br\/","logo":{"@type":"ImageObject","inLanguage":"pt-BR","@id":"https:\/\/blogdofarnesio.com.br\/#\/schema\/logo\/image\/","url":"https:\/\/blogdofarnesio.com.br\/wp-content\/uploads\/2026\/03\/cropped-logo_new-1.png","contentUrl":"https:\/\/blogdofarnesio.com.br\/wp-content\/uploads\/2026\/03\/cropped-logo_new-1.png","width":881,"height":685,"caption":"Blog do Farn\u00e9sio"},"image":{"@id":"https:\/\/blogdofarnesio.com.br\/#\/schema\/logo\/image\/"},"sameAs":["https:\/\/www.facebook.com\/BlogQuerSaberPolitica\/"]},{"@type":"Person","@id":"https:\/\/blogdofarnesio.com.br\/#\/schema\/person\/301c4acf522bccbfdb45af95b5b906a1","name":"Farn\u00e9sio","image":{"@type":"ImageObject","inLanguage":"pt-BR","@id":"https:\/\/secure.gravatar.com\/avatar\/df0c9a14567c056f8ad6876ba5bbd1e3e2c48023eb6807342fc4663adf549f38?s=96&d=mm&r=g","url":"https:\/\/secure.gravatar.com\/avatar\/df0c9a14567c056f8ad6876ba5bbd1e3e2c48023eb6807342fc4663adf549f38?s=96&d=mm&r=g","contentUrl":"https:\/\/secure.gravatar.com\/avatar\/df0c9a14567c056f8ad6876ba5bbd1e3e2c48023eb6807342fc4663adf549f38?s=96&d=mm&r=g","caption":"Farn\u00e9sio"},"sameAs":["https:\/\/quersaberpolitica.com.br"],"url":"https:\/\/blogdofarnesio.com.br\/?author=1"}]}},"_links":{"self":[{"href":"https:\/\/blogdofarnesio.com.br\/index.php?rest_route=\/wp\/v2\/posts\/168384","targetHints":{"allow":["GET"]}}],"collection":[{"href":"https:\/\/blogdofarnesio.com.br\/index.php?rest_route=\/wp\/v2\/posts"}],"about":[{"href":"https:\/\/blogdofarnesio.com.br\/index.php?rest_route=\/wp\/v2\/types\/post"}],"author":[{"embeddable":true,"href":"https:\/\/blogdofarnesio.com.br\/index.php?rest_route=\/wp\/v2\/users\/1"}],"replies":[{"embeddable":true,"href":"https:\/\/blogdofarnesio.com.br\/index.php?rest_route=%2Fwp%2Fv2%2Fcomments&post=168384"}],"version-history":[{"count":0,"href":"https:\/\/blogdofarnesio.com.br\/index.php?rest_route=\/wp\/v2\/posts\/168384\/revisions"}],"wp:featuredmedia":[{"embeddable":true,"href":"https:\/\/blogdofarnesio.com.br\/index.php?rest_route=\/wp\/v2\/media\/147560"}],"wp:attachment":[{"href":"https:\/\/blogdofarnesio.com.br\/index.php?rest_route=%2Fwp%2Fv2%2Fmedia&parent=168384"}],"wp:term":[{"taxonomy":"category","embeddable":true,"href":"https:\/\/blogdofarnesio.com.br\/index.php?rest_route=%2Fwp%2Fv2%2Fcategories&post=168384"},{"taxonomy":"post_tag","embeddable":true,"href":"https:\/\/blogdofarnesio.com.br\/index.php?rest_route=%2Fwp%2Fv2%2Ftags&post=168384"}],"curies":[{"name":"wp","href":"https:\/\/api.w.org\/{rel}","templated":true}]}}