{"id":168362,"date":"2017-06-05T14:20:02","date_gmt":"2017-06-05T17:20:02","guid":{"rendered":"http:\/\/quersaberpolitica.com.br\/2016\/?p=168362"},"modified":"2017-06-05T10:39:26","modified_gmt":"2017-06-05T13:39:26","slug":"agencia-do-empreendedor-age-de-petrolina-passa-a-funcionar-em-novo-endereco","status":"publish","type":"post","link":"https:\/\/blogdofarnesio.com.br\/2017\/06\/agencia-do-empreendedor-age-de-petrolina-passa-a-funcionar-em-novo-endereco\/","title":{"rendered":"AG\u00caNCIA DO EMPREENDEDOR (AGE) DE PETROLINA PASSA A FUNCIONAR EM NOVO ENDERE\u00c7O"},"content":{"rendered":"<p style=\"text-align: justify;\">Com uma nova e ampla estrutura, a Ag\u00eancia do Empreendedor (AGE) de Petrolina estar\u00e1 atendendo em um novo endere\u00e7o a partir desta quarta-feira (7).<\/p>\n<p style=\"text-align: justify;\">As pessoas que est\u00e3o em busca de empreender ou ampliar o pr\u00f3prio neg\u00f3cio, agora ser\u00e3o atendidas na Rua Castro Alves, N\u00b0 55, Centro, atr\u00e1s do Banco do Brasil, pr\u00f3ximo \u00e0 Delegacia da Mulher.<\/p>\n<p style=\"text-align: justify;\">Para o diretor-presidente da AGE, Sebasti\u00e3o Amorim, a nova estrutura proporcionar\u00e1 mais conforto, comodidade e agilidade nos atendimentos, al\u00e9m de estar situado no centro da cidade, pr\u00f3ximo a bancos e lojas. \u201c<em>Com o novo ambiente, os empreendedores contar\u00e3o com uma estrutura completa de atendimento, al\u00e9m de estacionamento privativo<\/em>\u201d, destacou Sebasti\u00e3o.<\/p>\n<p style=\"text-align: justify;\">A Ag\u00eancia do Empreendedor em Petrolina funciona de segunda a sexta-feira, das 7h \u00e0s 13h. A inaugura\u00e7\u00e3o oficial do novo espa\u00e7o est\u00e1 previsto para o dia 13 de junho.<\/p>\n<p style=\"text-align: justify;\"><strong>Lilian Telles<\/strong><\/p>\n","protected":false},"excerpt":{"rendered":"<p>Com uma nova e ampla estrutura, a Ag\u00eancia do Empreendedor (AGE) de Petrolina estar\u00e1 atendendo em um novo endere\u00e7o a partir desta quarta-feira (7). As pessoas que est\u00e3o em busca de empreender ou ampliar o pr\u00f3prio neg\u00f3cio, agora ser\u00e3o atendidas na Rua Castro Alves, N\u00b0 55, Centro, atr\u00e1s do Banco do Brasil, pr\u00f3ximo \u00e0 Delegacia da Mulher. Para o diretor-presidente da AGE, Sebasti\u00e3o Amorim, a nova estrutura proporcionar\u00e1 mais conforto, comodidade e agilidade nos atendimentos, al\u00e9m de estar situado no centro da cidade, pr\u00f3ximo a bancos e lojas. \u201cCom o novo ambiente, os empreendedores contar\u00e3o com uma estrutura completa de atendimento, al\u00e9m de estacionamento privativo\u201d, destacou Sebasti\u00e3o. A Ag\u00eancia do Empreendedor em Petrolina funciona de segunda a sexta-feira, das 7h&hellip; <\/p>\n","protected":false},"author":1,"featured_media":168363,"comment_status":"open","ping_status":"open","sticky":false,"template":"","format":"standard","meta":{"_acf_changed":false,"footnotes":""},"categories":[44,20],"tags":[],"class_list":["post-168362","post","type-post","status-publish","format-standard","has-post-thumbnail","hentry","category-administracao","category-economia"],"acf":[],"yoast_head":"<!-- This site is optimized with the Yoast SEO plugin v27.5 - https:\/\/yoast.com\/product\/yoast-seo-wordpress\/ -->\n<title>AG\u00caNCIA DO EMPREENDEDOR (AGE) DE PETROLINA PASSA A FUNCIONAR EM NOVO ENDERE\u00c7O - Blog do Farn\u00e9sio<\/title>\n<meta name=\"robots\" content=\"index, follow, max-snippet:-1, max-image-preview:large, max-video-preview:-1\" \/>\n<link rel=\"canonical\" href=\"https:\/\/blogdofarnesio.com.br\/2017\/06\/agencia-do-empreendedor-age-de-petrolina-passa-a-funcionar-em-novo-endereco\/\" \/>\n<meta property=\"og:locale\" content=\"pt_BR\" \/>\n<meta property=\"og:type\" content=\"article\" \/>\n<meta property=\"og:title\" content=\"AG\u00caNCIA DO EMPREENDEDOR (AGE) DE PETROLINA PASSA A FUNCIONAR EM NOVO ENDERE\u00c7O - Blog do Farn\u00e9sio\" \/>\n<meta property=\"og:description\" content=\"Com uma nova e ampla estrutura, a Ag\u00eancia do Empreendedor (AGE) de Petrolina estar\u00e1 atendendo em um novo endere\u00e7o a partir desta quarta-feira (7). As pessoas que est\u00e3o em busca de empreender ou ampliar o pr\u00f3prio neg\u00f3cio, agora ser\u00e3o atendidas na Rua Castro Alves, N\u00b0 55, Centro, atr\u00e1s do Banco do Brasil, pr\u00f3ximo \u00e0 Delegacia da Mulher. Para o diretor-presidente da AGE, Sebasti\u00e3o Amorim, a nova estrutura proporcionar\u00e1 mais conforto, comodidade e agilidade nos atendimentos, al\u00e9m de estar situado no centro da cidade, pr\u00f3ximo a bancos e lojas. \u201cCom o novo ambiente, os empreendedores contar\u00e3o com uma estrutura completa de atendimento, al\u00e9m de estacionamento privativo\u201d, destacou Sebasti\u00e3o. A Ag\u00eancia do Empreendedor em Petrolina funciona de segunda a sexta-feira, das 7h&hellip;\" \/>\n<meta property=\"og:url\" content=\"https:\/\/blogdofarnesio.com.br\/2017\/06\/agencia-do-empreendedor-age-de-petrolina-passa-a-funcionar-em-novo-endereco\/\" \/>\n<meta property=\"og:site_name\" content=\"Blog do Farn\u00e9sio\" \/>\n<meta property=\"article:publisher\" content=\"https:\/\/www.facebook.com\/BlogQuerSaberPolitica\/\" \/>\n<meta property=\"article:published_time\" content=\"2017-06-05T17:20:02+00:00\" \/>\n<meta property=\"og:image\" content=\"https:\/\/blogdofarnesio.com.br\/wp-content\/uploads\/2017\/06\/blogqsp-Novo-endere\u00e7o-AGE-Petrolina.jpg\" \/>\n\t<meta property=\"og:image:width\" content=\"640\" \/>\n\t<meta property=\"og:image:height\" content=\"360\" \/>\n\t<meta property=\"og:image:type\" content=\"image\/jpeg\" \/>\n<meta name=\"author\" content=\"Farn\u00e9sio\" \/>\n<meta name=\"twitter:card\" content=\"summary_large_image\" \/>\n<meta name=\"twitter:label1\" content=\"Escrito por\" \/>\n\t<meta name=\"twitter:data1\" content=\"Farn\u00e9sio\" \/>\n\t<meta name=\"twitter:label2\" content=\"Est. tempo de leitura\" \/>\n\t<meta name=\"twitter:data2\" content=\"1 minuto\" \/>\n<script type=\"application\/ld+json\" class=\"yoast-schema-graph\">{\"@context\":\"https:\\\/\\\/schema.org\",\"@graph\":[{\"@type\":\"Article\",\"@id\":\"https:\\\/\\\/blogdofarnesio.com.br\\\/2017\\\/06\\\/agencia-do-empreendedor-age-de-petrolina-passa-a-funcionar-em-novo-endereco\\\/#article\",\"isPartOf\":{\"@id\":\"https:\\\/\\\/blogdofarnesio.com.br\\\/2017\\\/06\\\/agencia-do-empreendedor-age-de-petrolina-passa-a-funcionar-em-novo-endereco\\\/\"},\"author\":{\"name\":\"Farn\u00e9sio\",\"@id\":\"https:\\\/\\\/blogdofarnesio.com.br\\\/#\\\/schema\\\/person\\\/301c4acf522bccbfdb45af95b5b906a1\"},\"headline\":\"AG\u00caNCIA DO EMPREENDEDOR (AGE) DE PETROLINA PASSA A FUNCIONAR EM NOVO ENDERE\u00c7O\",\"datePublished\":\"2017-06-05T17:20:02+00:00\",\"mainEntityOfPage\":{\"@id\":\"https:\\\/\\\/blogdofarnesio.com.br\\\/2017\\\/06\\\/agencia-do-empreendedor-age-de-petrolina-passa-a-funcionar-em-novo-endereco\\\/\"},\"wordCount\":165,\"commentCount\":0,\"publisher\":{\"@id\":\"https:\\\/\\\/blogdofarnesio.com.br\\\/#organization\"},\"image\":{\"@id\":\"https:\\\/\\\/blogdofarnesio.com.br\\\/2017\\\/06\\\/agencia-do-empreendedor-age-de-petrolina-passa-a-funcionar-em-novo-endereco\\\/#primaryimage\"},\"thumbnailUrl\":\"https:\\\/\\\/blogdofarnesio.com.br\\\/wp-content\\\/uploads\\\/2017\\\/06\\\/blogqsp-Novo-endere\u00e7o-AGE-Petrolina.jpg\",\"articleSection\":[\"Administra\u00e7\u00e3o\",\"Economia\"],\"inLanguage\":\"pt-BR\",\"potentialAction\":[{\"@type\":\"CommentAction\",\"name\":\"Comment\",\"target\":[\"https:\\\/\\\/blogdofarnesio.com.br\\\/2017\\\/06\\\/agencia-do-empreendedor-age-de-petrolina-passa-a-funcionar-em-novo-endereco\\\/#respond\"]}]},{\"@type\":\"WebPage\",\"@id\":\"https:\\\/\\\/blogdofarnesio.com.br\\\/2017\\\/06\\\/agencia-do-empreendedor-age-de-petrolina-passa-a-funcionar-em-novo-endereco\\\/\",\"url\":\"https:\\\/\\\/blogdofarnesio.com.br\\\/2017\\\/06\\\/agencia-do-empreendedor-age-de-petrolina-passa-a-funcionar-em-novo-endereco\\\/\",\"name\":\"AG\u00caNCIA DO EMPREENDEDOR (AGE) DE PETROLINA PASSA A FUNCIONAR EM NOVO ENDERE\u00c7O - Blog do Farn\u00e9sio\",\"isPartOf\":{\"@id\":\"https:\\\/\\\/blogdofarnesio.com.br\\\/#website\"},\"primaryImageOfPage\":{\"@id\":\"https:\\\/\\\/blogdofarnesio.com.br\\\/2017\\\/06\\\/agencia-do-empreendedor-age-de-petrolina-passa-a-funcionar-em-novo-endereco\\\/#primaryimage\"},\"image\":{\"@id\":\"https:\\\/\\\/blogdofarnesio.com.br\\\/2017\\\/06\\\/agencia-do-empreendedor-age-de-petrolina-passa-a-funcionar-em-novo-endereco\\\/#primaryimage\"},\"thumbnailUrl\":\"https:\\\/\\\/blogdofarnesio.com.br\\\/wp-content\\\/uploads\\\/2017\\\/06\\\/blogqsp-Novo-endere\u00e7o-AGE-Petrolina.jpg\",\"datePublished\":\"2017-06-05T17:20:02+00:00\",\"breadcrumb\":{\"@id\":\"https:\\\/\\\/blogdofarnesio.com.br\\\/2017\\\/06\\\/agencia-do-empreendedor-age-de-petrolina-passa-a-funcionar-em-novo-endereco\\\/#breadcrumb\"},\"inLanguage\":\"pt-BR\",\"potentialAction\":[{\"@type\":\"ReadAction\",\"target\":[\"https:\\\/\\\/blogdofarnesio.com.br\\\/2017\\\/06\\\/agencia-do-empreendedor-age-de-petrolina-passa-a-funcionar-em-novo-endereco\\\/\"]}]},{\"@type\":\"ImageObject\",\"inLanguage\":\"pt-BR\",\"@id\":\"https:\\\/\\\/blogdofarnesio.com.br\\\/2017\\\/06\\\/agencia-do-empreendedor-age-de-petrolina-passa-a-funcionar-em-novo-endereco\\\/#primaryimage\",\"url\":\"https:\\\/\\\/blogdofarnesio.com.br\\\/wp-content\\\/uploads\\\/2017\\\/06\\\/blogqsp-Novo-endere\u00e7o-AGE-Petrolina.jpg\",\"contentUrl\":\"https:\\\/\\\/blogdofarnesio.com.br\\\/wp-content\\\/uploads\\\/2017\\\/06\\\/blogqsp-Novo-endere\u00e7o-AGE-Petrolina.jpg\",\"width\":640,\"height\":360},{\"@type\":\"BreadcrumbList\",\"@id\":\"https:\\\/\\\/blogdofarnesio.com.br\\\/2017\\\/06\\\/agencia-do-empreendedor-age-de-petrolina-passa-a-funcionar-em-novo-endereco\\\/#breadcrumb\",\"itemListElement\":[{\"@type\":\"ListItem\",\"position\":1,\"name\":\"In\u00edcio\",\"item\":\"https:\\\/\\\/blogdofarnesio.com.br\\\/\"},{\"@type\":\"ListItem\",\"position\":2,\"name\":\"AG\u00caNCIA DO EMPREENDEDOR (AGE) DE PETROLINA PASSA A FUNCIONAR EM NOVO ENDERE\u00c7O\"}]},{\"@type\":\"WebSite\",\"@id\":\"https:\\\/\\\/blogdofarnesio.com.br\\\/#website\",\"url\":\"https:\\\/\\\/blogdofarnesio.com.br\\\/\",\"name\":\"Blog do Farn\u00e9sio\",\"description\":\"Quer Saber Pol\u00edtica?\",\"publisher\":{\"@id\":\"https:\\\/\\\/blogdofarnesio.com.br\\\/#organization\"},\"potentialAction\":[{\"@type\":\"SearchAction\",\"target\":{\"@type\":\"EntryPoint\",\"urlTemplate\":\"https:\\\/\\\/blogdofarnesio.com.br\\\/?s={search_term_string}\"},\"query-input\":{\"@type\":\"PropertyValueSpecification\",\"valueRequired\":true,\"valueName\":\"search_term_string\"}}],\"inLanguage\":\"pt-BR\"},{\"@type\":\"Organization\",\"@id\":\"https:\\\/\\\/blogdofarnesio.com.br\\\/#organization\",\"name\":\"Blog do Farn\u00e9sio\",\"url\":\"https:\\\/\\\/blogdofarnesio.com.br\\\/\",\"logo\":{\"@type\":\"ImageObject\",\"inLanguage\":\"pt-BR\",\"@id\":\"https:\\\/\\\/blogdofarnesio.com.br\\\/#\\\/schema\\\/logo\\\/image\\\/\",\"url\":\"https:\\\/\\\/blogdofarnesio.com.br\\\/wp-content\\\/uploads\\\/2026\\\/03\\\/cropped-logo_new-1.png\",\"contentUrl\":\"https:\\\/\\\/blogdofarnesio.com.br\\\/wp-content\\\/uploads\\\/2026\\\/03\\\/cropped-logo_new-1.png\",\"width\":881,\"height\":685,\"caption\":\"Blog do Farn\u00e9sio\"},\"image\":{\"@id\":\"https:\\\/\\\/blogdofarnesio.com.br\\\/#\\\/schema\\\/logo\\\/image\\\/\"},\"sameAs\":[\"https:\\\/\\\/www.facebook.com\\\/BlogQuerSaberPolitica\\\/\"]},{\"@type\":\"Person\",\"@id\":\"https:\\\/\\\/blogdofarnesio.com.br\\\/#\\\/schema\\\/person\\\/301c4acf522bccbfdb45af95b5b906a1\",\"name\":\"Farn\u00e9sio\",\"image\":{\"@type\":\"ImageObject\",\"inLanguage\":\"pt-BR\",\"@id\":\"https:\\\/\\\/secure.gravatar.com\\\/avatar\\\/df0c9a14567c056f8ad6876ba5bbd1e3e2c48023eb6807342fc4663adf549f38?s=96&d=mm&r=g\",\"url\":\"https:\\\/\\\/secure.gravatar.com\\\/avatar\\\/df0c9a14567c056f8ad6876ba5bbd1e3e2c48023eb6807342fc4663adf549f38?s=96&d=mm&r=g\",\"contentUrl\":\"https:\\\/\\\/secure.gravatar.com\\\/avatar\\\/df0c9a14567c056f8ad6876ba5bbd1e3e2c48023eb6807342fc4663adf549f38?s=96&d=mm&r=g\",\"caption\":\"Farn\u00e9sio\"},\"sameAs\":[\"https:\\\/\\\/quersaberpolitica.com.br\"],\"url\":\"https:\\\/\\\/blogdofarnesio.com.br\\\/author\\\/farnesio\\\/\"}]}<\/script>\n<!-- \/ Yoast SEO plugin. -->","yoast_head_json":{"title":"AG\u00caNCIA DO EMPREENDEDOR (AGE) DE PETROLINA PASSA A FUNCIONAR EM NOVO ENDERE\u00c7O - Blog do Farn\u00e9sio","robots":{"index":"index","follow":"follow","max-snippet":"max-snippet:-1","max-image-preview":"max-image-preview:large","max-video-preview":"max-video-preview:-1"},"canonical":"https:\/\/blogdofarnesio.com.br\/2017\/06\/agencia-do-empreendedor-age-de-petrolina-passa-a-funcionar-em-novo-endereco\/","og_locale":"pt_BR","og_type":"article","og_title":"AG\u00caNCIA DO EMPREENDEDOR (AGE) DE PETROLINA PASSA A FUNCIONAR EM NOVO ENDERE\u00c7O - Blog do Farn\u00e9sio","og_description":"Com uma nova e ampla estrutura, a Ag\u00eancia do Empreendedor (AGE) de Petrolina estar\u00e1 atendendo em um novo endere\u00e7o a partir desta quarta-feira (7). As pessoas que est\u00e3o em busca de empreender ou ampliar o pr\u00f3prio neg\u00f3cio, agora ser\u00e3o atendidas na Rua Castro Alves, N\u00b0 55, Centro, atr\u00e1s do Banco do Brasil, pr\u00f3ximo \u00e0 Delegacia da Mulher. Para o diretor-presidente da AGE, Sebasti\u00e3o Amorim, a nova estrutura proporcionar\u00e1 mais conforto, comodidade e agilidade nos atendimentos, al\u00e9m de estar situado no centro da cidade, pr\u00f3ximo a bancos e lojas. \u201cCom o novo ambiente, os empreendedores contar\u00e3o com uma estrutura completa de atendimento, al\u00e9m de estacionamento privativo\u201d, destacou Sebasti\u00e3o. A Ag\u00eancia do Empreendedor em Petrolina funciona de segunda a sexta-feira, das 7h&hellip;","og_url":"https:\/\/blogdofarnesio.com.br\/2017\/06\/agencia-do-empreendedor-age-de-petrolina-passa-a-funcionar-em-novo-endereco\/","og_site_name":"Blog do Farn\u00e9sio","article_publisher":"https:\/\/www.facebook.com\/BlogQuerSaberPolitica\/","article_published_time":"2017-06-05T17:20:02+00:00","og_image":[{"width":640,"height":360,"url":"https:\/\/blogdofarnesio.com.br\/wp-content\/uploads\/2017\/06\/blogqsp-Novo-endere\u00e7o-AGE-Petrolina.jpg","type":"image\/jpeg"}],"author":"Farn\u00e9sio","twitter_card":"summary_large_image","twitter_misc":{"Escrito por":"Farn\u00e9sio","Est. tempo de leitura":"1 minuto"},"schema":{"@context":"https:\/\/schema.org","@graph":[{"@type":"Article","@id":"https:\/\/blogdofarnesio.com.br\/2017\/06\/agencia-do-empreendedor-age-de-petrolina-passa-a-funcionar-em-novo-endereco\/#article","isPartOf":{"@id":"https:\/\/blogdofarnesio.com.br\/2017\/06\/agencia-do-empreendedor-age-de-petrolina-passa-a-funcionar-em-novo-endereco\/"},"author":{"name":"Farn\u00e9sio","@id":"https:\/\/blogdofarnesio.com.br\/#\/schema\/person\/301c4acf522bccbfdb45af95b5b906a1"},"headline":"AG\u00caNCIA DO EMPREENDEDOR (AGE) DE PETROLINA PASSA A FUNCIONAR EM NOVO ENDERE\u00c7O","datePublished":"2017-06-05T17:20:02+00:00","mainEntityOfPage":{"@id":"https:\/\/blogdofarnesio.com.br\/2017\/06\/agencia-do-empreendedor-age-de-petrolina-passa-a-funcionar-em-novo-endereco\/"},"wordCount":165,"commentCount":0,"publisher":{"@id":"https:\/\/blogdofarnesio.com.br\/#organization"},"image":{"@id":"https:\/\/blogdofarnesio.com.br\/2017\/06\/agencia-do-empreendedor-age-de-petrolina-passa-a-funcionar-em-novo-endereco\/#primaryimage"},"thumbnailUrl":"https:\/\/blogdofarnesio.com.br\/wp-content\/uploads\/2017\/06\/blogqsp-Novo-endere\u00e7o-AGE-Petrolina.jpg","articleSection":["Administra\u00e7\u00e3o","Economia"],"inLanguage":"pt-BR","potentialAction":[{"@type":"CommentAction","name":"Comment","target":["https:\/\/blogdofarnesio.com.br\/2017\/06\/agencia-do-empreendedor-age-de-petrolina-passa-a-funcionar-em-novo-endereco\/#respond"]}]},{"@type":"WebPage","@id":"https:\/\/blogdofarnesio.com.br\/2017\/06\/agencia-do-empreendedor-age-de-petrolina-passa-a-funcionar-em-novo-endereco\/","url":"https:\/\/blogdofarnesio.com.br\/2017\/06\/agencia-do-empreendedor-age-de-petrolina-passa-a-funcionar-em-novo-endereco\/","name":"AG\u00caNCIA DO EMPREENDEDOR (AGE) DE PETROLINA PASSA A FUNCIONAR EM NOVO ENDERE\u00c7O - Blog do Farn\u00e9sio","isPartOf":{"@id":"https:\/\/blogdofarnesio.com.br\/#website"},"primaryImageOfPage":{"@id":"https:\/\/blogdofarnesio.com.br\/2017\/06\/agencia-do-empreendedor-age-de-petrolina-passa-a-funcionar-em-novo-endereco\/#primaryimage"},"image":{"@id":"https:\/\/blogdofarnesio.com.br\/2017\/06\/agencia-do-empreendedor-age-de-petrolina-passa-a-funcionar-em-novo-endereco\/#primaryimage"},"thumbnailUrl":"https:\/\/blogdofarnesio.com.br\/wp-content\/uploads\/2017\/06\/blogqsp-Novo-endere\u00e7o-AGE-Petrolina.jpg","datePublished":"2017-06-05T17:20:02+00:00","breadcrumb":{"@id":"https:\/\/blogdofarnesio.com.br\/2017\/06\/agencia-do-empreendedor-age-de-petrolina-passa-a-funcionar-em-novo-endereco\/#breadcrumb"},"inLanguage":"pt-BR","potentialAction":[{"@type":"ReadAction","target":["https:\/\/blogdofarnesio.com.br\/2017\/06\/agencia-do-empreendedor-age-de-petrolina-passa-a-funcionar-em-novo-endereco\/"]}]},{"@type":"ImageObject","inLanguage":"pt-BR","@id":"https:\/\/blogdofarnesio.com.br\/2017\/06\/agencia-do-empreendedor-age-de-petrolina-passa-a-funcionar-em-novo-endereco\/#primaryimage","url":"https:\/\/blogdofarnesio.com.br\/wp-content\/uploads\/2017\/06\/blogqsp-Novo-endere\u00e7o-AGE-Petrolina.jpg","contentUrl":"https:\/\/blogdofarnesio.com.br\/wp-content\/uploads\/2017\/06\/blogqsp-Novo-endere\u00e7o-AGE-Petrolina.jpg","width":640,"height":360},{"@type":"BreadcrumbList","@id":"https:\/\/blogdofarnesio.com.br\/2017\/06\/agencia-do-empreendedor-age-de-petrolina-passa-a-funcionar-em-novo-endereco\/#breadcrumb","itemListElement":[{"@type":"ListItem","position":1,"name":"In\u00edcio","item":"https:\/\/blogdofarnesio.com.br\/"},{"@type":"ListItem","position":2,"name":"AG\u00caNCIA DO EMPREENDEDOR (AGE) DE PETROLINA PASSA A FUNCIONAR EM NOVO ENDERE\u00c7O"}]},{"@type":"WebSite","@id":"https:\/\/blogdofarnesio.com.br\/#website","url":"https:\/\/blogdofarnesio.com.br\/","name":"Blog do Farn\u00e9sio","description":"Quer Saber Pol\u00edtica?","publisher":{"@id":"https:\/\/blogdofarnesio.com.br\/#organization"},"potentialAction":[{"@type":"SearchAction","target":{"@type":"EntryPoint","urlTemplate":"https:\/\/blogdofarnesio.com.br\/?s={search_term_string}"},"query-input":{"@type":"PropertyValueSpecification","valueRequired":true,"valueName":"search_term_string"}}],"inLanguage":"pt-BR"},{"@type":"Organization","@id":"https:\/\/blogdofarnesio.com.br\/#organization","name":"Blog do Farn\u00e9sio","url":"https:\/\/blogdofarnesio.com.br\/","logo":{"@type":"ImageObject","inLanguage":"pt-BR","@id":"https:\/\/blogdofarnesio.com.br\/#\/schema\/logo\/image\/","url":"https:\/\/blogdofarnesio.com.br\/wp-content\/uploads\/2026\/03\/cropped-logo_new-1.png","contentUrl":"https:\/\/blogdofarnesio.com.br\/wp-content\/uploads\/2026\/03\/cropped-logo_new-1.png","width":881,"height":685,"caption":"Blog do Farn\u00e9sio"},"image":{"@id":"https:\/\/blogdofarnesio.com.br\/#\/schema\/logo\/image\/"},"sameAs":["https:\/\/www.facebook.com\/BlogQuerSaberPolitica\/"]},{"@type":"Person","@id":"https:\/\/blogdofarnesio.com.br\/#\/schema\/person\/301c4acf522bccbfdb45af95b5b906a1","name":"Farn\u00e9sio","image":{"@type":"ImageObject","inLanguage":"pt-BR","@id":"https:\/\/secure.gravatar.com\/avatar\/df0c9a14567c056f8ad6876ba5bbd1e3e2c48023eb6807342fc4663adf549f38?s=96&d=mm&r=g","url":"https:\/\/secure.gravatar.com\/avatar\/df0c9a14567c056f8ad6876ba5bbd1e3e2c48023eb6807342fc4663adf549f38?s=96&d=mm&r=g","contentUrl":"https:\/\/secure.gravatar.com\/avatar\/df0c9a14567c056f8ad6876ba5bbd1e3e2c48023eb6807342fc4663adf549f38?s=96&d=mm&r=g","caption":"Farn\u00e9sio"},"sameAs":["https:\/\/quersaberpolitica.com.br"],"url":"https:\/\/blogdofarnesio.com.br\/author\/farnesio\/"}]}},"_links":{"self":[{"href":"https:\/\/blogdofarnesio.com.br\/wp-json\/wp\/v2\/posts\/168362","targetHints":{"allow":["GET"]}}],"collection":[{"href":"https:\/\/blogdofarnesio.com.br\/wp-json\/wp\/v2\/posts"}],"about":[{"href":"https:\/\/blogdofarnesio.com.br\/wp-json\/wp\/v2\/types\/post"}],"author":[{"embeddable":true,"href":"https:\/\/blogdofarnesio.com.br\/wp-json\/wp\/v2\/users\/1"}],"replies":[{"embeddable":true,"href":"https:\/\/blogdofarnesio.com.br\/wp-json\/wp\/v2\/comments?post=168362"}],"version-history":[{"count":0,"href":"https:\/\/blogdofarnesio.com.br\/wp-json\/wp\/v2\/posts\/168362\/revisions"}],"wp:featuredmedia":[{"embeddable":true,"href":"https:\/\/blogdofarnesio.com.br\/wp-json\/wp\/v2\/media\/168363"}],"wp:attachment":[{"href":"https:\/\/blogdofarnesio.com.br\/wp-json\/wp\/v2\/media?parent=168362"}],"wp:term":[{"taxonomy":"category","embeddable":true,"href":"https:\/\/blogdofarnesio.com.br\/wp-json\/wp\/v2\/categories?post=168362"},{"taxonomy":"post_tag","embeddable":true,"href":"https:\/\/blogdofarnesio.com.br\/wp-json\/wp\/v2\/tags?post=168362"}],"curies":[{"name":"wp","href":"https:\/\/api.w.org\/{rel}","templated":true}]}}