{"id":168211,"date":"2017-06-02T17:33:36","date_gmt":"2017-06-02T20:33:36","guid":{"rendered":"http:\/\/quersaberpolitica.com.br\/2016\/?p=168211"},"modified":"2017-06-02T17:25:37","modified_gmt":"2017-06-02T20:25:37","slug":"chuvas-em-pernambuco-menina-salva-livros-da-enchente-e-comove-o-brasil","status":"publish","type":"post","link":"https:\/\/blogdofarnesio.com.br\/?p=168211","title":{"rendered":"CHUVAS EM PERNAMBUCO: MENINA SALVA LIVROS DA ENCHENTE E COMOVE O BRASIL"},"content":{"rendered":"<h2 class=\"blog-post-title\"><\/h2>\n<p class=\"blog-post-meta\">\n<p>A foto de uma menina de 8 anos sendo resgatada de uma enchente no interior de Pernambuco em uma jangada e agarrada a uma mochila est\u00e1 comovendo as redes sociais. Quando a enchente invadiu a casa da crian\u00e7a, identificada apenas como Riv\u00e2nia, a av\u00f3 recomendou que ela salvasse das \u00e1guas o mais importante.<\/p>\n<p>A menina correu e colocou todos os seus livros dentro de uma mochila colorida, deixando para tr\u00e1s brinquedos e roupas. Ajoelhada na jangada, Riv\u00e2nia aparece nas fotos abra\u00e7ada com a mochila. De acordo com testemunhas, a crian\u00e7a ficou assim at\u00e9 que todos estivessem salvos: ela e os livros.<\/p>\n<p>Criada pelos av\u00f3s Maria Iv\u00e2nia e Eraldo Lu\u00eds, Riv\u00e2nia mora no distrito de V\u00e1rzea do Una, no munic\u00edpio de S\u00e3o Jos\u00e9 da Coroa Grande, Zona da Mata Sul de Pernambuco. \u00c0s margens do Rio Una, essa \u00e9 uma das das 24 cidades do estado em situa\u00e7\u00e3o de emerg\u00eancia devido \u00e0s chuvas que est\u00e3o caindo sobre o Nordeste.<\/p>\n<p>Segundo informa\u00e7\u00f5es da Prefeitura de S\u00e3o Jos\u00e9 da Coroa Grande, a fam\u00edlia j\u00e1 voltou para a sua resid\u00eancia, mas est\u00e1 em situa\u00e7\u00e3o prec\u00e1ria. Eles moram no im\u00f3vel h\u00e1 tr\u00eas anos e essa teria sido a primeira vez em que foram atingidos por uma enchente. Agora, passado o susto, eles pensam em deixar o local.<\/p>\n<p><strong>Nas redes sociais, v\u00e1rias pessoas elogiam a atitude da menina e ainda falam em ajuda:<\/strong><\/p>\n<p>\u201cA melhor de todas as imagens. Que Deus possa iluminar os caminhos dessa crian\u00e7a, colocando-lhe a f\u00e9 o amor e a sabedoria. Ela j\u00e1 \u00e9 uma guerreira.\u201d<\/p>\n<p>\u201cAs crian\u00e7as s\u00e3o o futuro desse Brasil! Que Deus te aben\u00e7oe, e proteja todos os que est\u00e3o precisando de ajuda nesse momento t\u00e3o dif\u00edcil.\u201d<\/p>\n<p>\u201cE as\u00a0l\u00e1grimas n\u00e3o param de cair. Aqui em Barra de Sirinha\u00e9m n\u00e3o teve enchentes mas eu sinto a dor dos meus coleguinhas das cidades vizinhas. O cen\u00e1rio de guerra \u00e9 desolador.\u201d<\/p>\n<p>\u201cEssa merece um livro em sua homenagem, intitulado &#8220;A menina que salvava livros&#8221;<\/p>\n<p>As chuvas em Pernambuco atingiram mais de 40 mil pessoas, sendo 39.725 desalojados e 3.560 desabrigados. Cinco pessoas morreram. Conforme balan\u00e7o da Defesa Civil, 24 munic\u00edpios do estado est\u00e3o em estado de emerg\u00eancia.<\/p>\n<p><strong>Blogdomagno<\/strong><\/p>\n","protected":false},"excerpt":{"rendered":"<p>A foto de uma menina de 8 anos sendo resgatada de uma enchente no interior de Pernambuco em uma jangada e agarrada a uma mochila est\u00e1 comovendo as redes sociais. Quando a enchente invadiu a casa da crian\u00e7a, identificada apenas como Riv\u00e2nia, a av\u00f3 recomendou que ela salvasse das \u00e1guas o mais importante. A menina correu e colocou todos os seus livros dentro de uma mochila colorida, deixando para tr\u00e1s brinquedos e roupas. Ajoelhada na jangada, Riv\u00e2nia aparece nas fotos abra\u00e7ada com a mochila. De acordo com testemunhas, a crian\u00e7a ficou assim at\u00e9 que todos estivessem salvos: ela e os livros. Criada pelos av\u00f3s Maria Iv\u00e2nia e Eraldo Lu\u00eds, Riv\u00e2nia mora no distrito de V\u00e1rzea do Una, no munic\u00edpio de&hellip; <\/p>\n","protected":false},"author":1,"featured_media":168212,"comment_status":"open","ping_status":"open","sticky":false,"template":"","format":"standard","meta":{"_acf_changed":false,"footnotes":""},"categories":[18],"tags":[],"class_list":["post-168211","post","type-post","status-publish","format-standard","has-post-thumbnail","hentry","category-chuvas"],"acf":[],"yoast_head":"<!-- This site is optimized with the Yoast SEO plugin v27.4 - https:\/\/yoast.com\/product\/yoast-seo-wordpress\/ -->\n<title>CHUVAS EM PERNAMBUCO: MENINA SALVA LIVROS DA ENCHENTE E COMOVE O BRASIL - Blog do Farn\u00e9sio<\/title>\n<meta name=\"robots\" content=\"index, follow, max-snippet:-1, max-image-preview:large, max-video-preview:-1\" \/>\n<link rel=\"canonical\" href=\"https:\/\/blogdofarnesio.com.br\/?p=168211\" \/>\n<meta property=\"og:locale\" content=\"pt_BR\" \/>\n<meta property=\"og:type\" content=\"article\" \/>\n<meta property=\"og:title\" content=\"CHUVAS EM PERNAMBUCO: MENINA SALVA LIVROS DA ENCHENTE E COMOVE O BRASIL - Blog do Farn\u00e9sio\" \/>\n<meta property=\"og:description\" content=\"A foto de uma menina de 8 anos sendo resgatada de uma enchente no interior de Pernambuco em uma jangada e agarrada a uma mochila est\u00e1 comovendo as redes sociais. Quando a enchente invadiu a casa da crian\u00e7a, identificada apenas como Riv\u00e2nia, a av\u00f3 recomendou que ela salvasse das \u00e1guas o mais importante. A menina correu e colocou todos os seus livros dentro de uma mochila colorida, deixando para tr\u00e1s brinquedos e roupas. Ajoelhada na jangada, Riv\u00e2nia aparece nas fotos abra\u00e7ada com a mochila. De acordo com testemunhas, a crian\u00e7a ficou assim at\u00e9 que todos estivessem salvos: ela e os livros. Criada pelos av\u00f3s Maria Iv\u00e2nia e Eraldo Lu\u00eds, Riv\u00e2nia mora no distrito de V\u00e1rzea do Una, no munic\u00edpio de&hellip;\" \/>\n<meta property=\"og:url\" content=\"https:\/\/blogdofarnesio.com.br\/?p=168211\" \/>\n<meta property=\"og:site_name\" content=\"Blog do Farn\u00e9sio\" \/>\n<meta property=\"article:publisher\" content=\"https:\/\/www.facebook.com\/BlogQuerSaberPolitica\/\" \/>\n<meta property=\"article:published_time\" content=\"2017-06-02T20:33:36+00:00\" \/>\n<meta property=\"og:image\" content=\"https:\/\/blogdofarnesio.com.br\/wp-content\/uploads\/2017\/06\/blogqspchuvapemeninados-livros.jpg\" \/>\n\t<meta property=\"og:image:width\" content=\"448\" \/>\n\t<meta property=\"og:image:height\" content=\"673\" \/>\n\t<meta property=\"og:image:type\" content=\"image\/jpeg\" \/>\n<meta name=\"author\" content=\"Farn\u00e9sio\" \/>\n<meta name=\"twitter:card\" content=\"summary_large_image\" \/>\n<meta name=\"twitter:label1\" content=\"Escrito por\" \/>\n\t<meta name=\"twitter:data1\" content=\"Farn\u00e9sio\" \/>\n\t<meta name=\"twitter:label2\" content=\"Est. tempo de leitura\" \/>\n\t<meta name=\"twitter:data2\" content=\"2 minutos\" \/>\n<script type=\"application\/ld+json\" class=\"yoast-schema-graph\">{\"@context\":\"https:\\\/\\\/schema.org\",\"@graph\":[{\"@type\":\"Article\",\"@id\":\"https:\\\/\\\/blogdofarnesio.com.br\\\/?p=168211#article\",\"isPartOf\":{\"@id\":\"https:\\\/\\\/blogdofarnesio.com.br\\\/?p=168211\"},\"author\":{\"name\":\"Farn\u00e9sio\",\"@id\":\"https:\\\/\\\/blogdofarnesio.com.br\\\/#\\\/schema\\\/person\\\/301c4acf522bccbfdb45af95b5b906a1\"},\"headline\":\"CHUVAS EM PERNAMBUCO: MENINA SALVA LIVROS DA ENCHENTE E COMOVE O BRASIL\",\"datePublished\":\"2017-06-02T20:33:36+00:00\",\"mainEntityOfPage\":{\"@id\":\"https:\\\/\\\/blogdofarnesio.com.br\\\/?p=168211\"},\"wordCount\":401,\"commentCount\":0,\"publisher\":{\"@id\":\"https:\\\/\\\/blogdofarnesio.com.br\\\/#organization\"},\"image\":{\"@id\":\"https:\\\/\\\/blogdofarnesio.com.br\\\/?p=168211#primaryimage\"},\"thumbnailUrl\":\"https:\\\/\\\/blogdofarnesio.com.br\\\/wp-content\\\/uploads\\\/2017\\\/06\\\/blogqspchuvapemeninados-livros.jpg\",\"articleSection\":[\"Chuvas\"],\"inLanguage\":\"pt-BR\",\"potentialAction\":[{\"@type\":\"CommentAction\",\"name\":\"Comment\",\"target\":[\"https:\\\/\\\/blogdofarnesio.com.br\\\/?p=168211#respond\"]}]},{\"@type\":\"WebPage\",\"@id\":\"https:\\\/\\\/blogdofarnesio.com.br\\\/?p=168211\",\"url\":\"https:\\\/\\\/blogdofarnesio.com.br\\\/?p=168211\",\"name\":\"CHUVAS EM PERNAMBUCO: MENINA SALVA LIVROS DA ENCHENTE E COMOVE O BRASIL - Blog do Farn\u00e9sio\",\"isPartOf\":{\"@id\":\"https:\\\/\\\/blogdofarnesio.com.br\\\/#website\"},\"primaryImageOfPage\":{\"@id\":\"https:\\\/\\\/blogdofarnesio.com.br\\\/?p=168211#primaryimage\"},\"image\":{\"@id\":\"https:\\\/\\\/blogdofarnesio.com.br\\\/?p=168211#primaryimage\"},\"thumbnailUrl\":\"https:\\\/\\\/blogdofarnesio.com.br\\\/wp-content\\\/uploads\\\/2017\\\/06\\\/blogqspchuvapemeninados-livros.jpg\",\"datePublished\":\"2017-06-02T20:33:36+00:00\",\"breadcrumb\":{\"@id\":\"https:\\\/\\\/blogdofarnesio.com.br\\\/?p=168211#breadcrumb\"},\"inLanguage\":\"pt-BR\",\"potentialAction\":[{\"@type\":\"ReadAction\",\"target\":[\"https:\\\/\\\/blogdofarnesio.com.br\\\/?p=168211\"]}]},{\"@type\":\"ImageObject\",\"inLanguage\":\"pt-BR\",\"@id\":\"https:\\\/\\\/blogdofarnesio.com.br\\\/?p=168211#primaryimage\",\"url\":\"https:\\\/\\\/blogdofarnesio.com.br\\\/wp-content\\\/uploads\\\/2017\\\/06\\\/blogqspchuvapemeninados-livros.jpg\",\"contentUrl\":\"https:\\\/\\\/blogdofarnesio.com.br\\\/wp-content\\\/uploads\\\/2017\\\/06\\\/blogqspchuvapemeninados-livros.jpg\",\"width\":448,\"height\":673},{\"@type\":\"BreadcrumbList\",\"@id\":\"https:\\\/\\\/blogdofarnesio.com.br\\\/?p=168211#breadcrumb\",\"itemListElement\":[{\"@type\":\"ListItem\",\"position\":1,\"name\":\"In\u00edcio\",\"item\":\"https:\\\/\\\/blogdofarnesio.com.br\\\/\"},{\"@type\":\"ListItem\",\"position\":2,\"name\":\"CHUVAS EM PERNAMBUCO: MENINA SALVA LIVROS DA ENCHENTE E COMOVE O BRASIL\"}]},{\"@type\":\"WebSite\",\"@id\":\"https:\\\/\\\/blogdofarnesio.com.br\\\/#website\",\"url\":\"https:\\\/\\\/blogdofarnesio.com.br\\\/\",\"name\":\"Blog do Farn\u00e9sio\",\"description\":\"Quer Saber Pol\u00edtica?\",\"publisher\":{\"@id\":\"https:\\\/\\\/blogdofarnesio.com.br\\\/#organization\"},\"potentialAction\":[{\"@type\":\"SearchAction\",\"target\":{\"@type\":\"EntryPoint\",\"urlTemplate\":\"https:\\\/\\\/blogdofarnesio.com.br\\\/?s={search_term_string}\"},\"query-input\":{\"@type\":\"PropertyValueSpecification\",\"valueRequired\":true,\"valueName\":\"search_term_string\"}}],\"inLanguage\":\"pt-BR\"},{\"@type\":\"Organization\",\"@id\":\"https:\\\/\\\/blogdofarnesio.com.br\\\/#organization\",\"name\":\"Blog do Farn\u00e9sio\",\"url\":\"https:\\\/\\\/blogdofarnesio.com.br\\\/\",\"logo\":{\"@type\":\"ImageObject\",\"inLanguage\":\"pt-BR\",\"@id\":\"https:\\\/\\\/blogdofarnesio.com.br\\\/#\\\/schema\\\/logo\\\/image\\\/\",\"url\":\"https:\\\/\\\/blogdofarnesio.com.br\\\/wp-content\\\/uploads\\\/2026\\\/03\\\/cropped-logo_new-1.png\",\"contentUrl\":\"https:\\\/\\\/blogdofarnesio.com.br\\\/wp-content\\\/uploads\\\/2026\\\/03\\\/cropped-logo_new-1.png\",\"width\":881,\"height\":685,\"caption\":\"Blog do Farn\u00e9sio\"},\"image\":{\"@id\":\"https:\\\/\\\/blogdofarnesio.com.br\\\/#\\\/schema\\\/logo\\\/image\\\/\"},\"sameAs\":[\"https:\\\/\\\/www.facebook.com\\\/BlogQuerSaberPolitica\\\/\"]},{\"@type\":\"Person\",\"@id\":\"https:\\\/\\\/blogdofarnesio.com.br\\\/#\\\/schema\\\/person\\\/301c4acf522bccbfdb45af95b5b906a1\",\"name\":\"Farn\u00e9sio\",\"image\":{\"@type\":\"ImageObject\",\"inLanguage\":\"pt-BR\",\"@id\":\"https:\\\/\\\/secure.gravatar.com\\\/avatar\\\/df0c9a14567c056f8ad6876ba5bbd1e3e2c48023eb6807342fc4663adf549f38?s=96&d=mm&r=g\",\"url\":\"https:\\\/\\\/secure.gravatar.com\\\/avatar\\\/df0c9a14567c056f8ad6876ba5bbd1e3e2c48023eb6807342fc4663adf549f38?s=96&d=mm&r=g\",\"contentUrl\":\"https:\\\/\\\/secure.gravatar.com\\\/avatar\\\/df0c9a14567c056f8ad6876ba5bbd1e3e2c48023eb6807342fc4663adf549f38?s=96&d=mm&r=g\",\"caption\":\"Farn\u00e9sio\"},\"sameAs\":[\"https:\\\/\\\/quersaberpolitica.com.br\"],\"url\":\"https:\\\/\\\/blogdofarnesio.com.br\\\/?author=1\"}]}<\/script>\n<!-- \/ Yoast SEO plugin. -->","yoast_head_json":{"title":"CHUVAS EM PERNAMBUCO: MENINA SALVA LIVROS DA ENCHENTE E COMOVE O BRASIL - Blog do Farn\u00e9sio","robots":{"index":"index","follow":"follow","max-snippet":"max-snippet:-1","max-image-preview":"max-image-preview:large","max-video-preview":"max-video-preview:-1"},"canonical":"https:\/\/blogdofarnesio.com.br\/?p=168211","og_locale":"pt_BR","og_type":"article","og_title":"CHUVAS EM PERNAMBUCO: MENINA SALVA LIVROS DA ENCHENTE E COMOVE O BRASIL - Blog do Farn\u00e9sio","og_description":"A foto de uma menina de 8 anos sendo resgatada de uma enchente no interior de Pernambuco em uma jangada e agarrada a uma mochila est\u00e1 comovendo as redes sociais. Quando a enchente invadiu a casa da crian\u00e7a, identificada apenas como Riv\u00e2nia, a av\u00f3 recomendou que ela salvasse das \u00e1guas o mais importante. A menina correu e colocou todos os seus livros dentro de uma mochila colorida, deixando para tr\u00e1s brinquedos e roupas. Ajoelhada na jangada, Riv\u00e2nia aparece nas fotos abra\u00e7ada com a mochila. De acordo com testemunhas, a crian\u00e7a ficou assim at\u00e9 que todos estivessem salvos: ela e os livros. Criada pelos av\u00f3s Maria Iv\u00e2nia e Eraldo Lu\u00eds, Riv\u00e2nia mora no distrito de V\u00e1rzea do Una, no munic\u00edpio de&hellip;","og_url":"https:\/\/blogdofarnesio.com.br\/?p=168211","og_site_name":"Blog do Farn\u00e9sio","article_publisher":"https:\/\/www.facebook.com\/BlogQuerSaberPolitica\/","article_published_time":"2017-06-02T20:33:36+00:00","og_image":[{"width":448,"height":673,"url":"https:\/\/blogdofarnesio.com.br\/wp-content\/uploads\/2017\/06\/blogqspchuvapemeninados-livros.jpg","type":"image\/jpeg"}],"author":"Farn\u00e9sio","twitter_card":"summary_large_image","twitter_misc":{"Escrito por":"Farn\u00e9sio","Est. tempo de leitura":"2 minutos"},"schema":{"@context":"https:\/\/schema.org","@graph":[{"@type":"Article","@id":"https:\/\/blogdofarnesio.com.br\/?p=168211#article","isPartOf":{"@id":"https:\/\/blogdofarnesio.com.br\/?p=168211"},"author":{"name":"Farn\u00e9sio","@id":"https:\/\/blogdofarnesio.com.br\/#\/schema\/person\/301c4acf522bccbfdb45af95b5b906a1"},"headline":"CHUVAS EM PERNAMBUCO: MENINA SALVA LIVROS DA ENCHENTE E COMOVE O BRASIL","datePublished":"2017-06-02T20:33:36+00:00","mainEntityOfPage":{"@id":"https:\/\/blogdofarnesio.com.br\/?p=168211"},"wordCount":401,"commentCount":0,"publisher":{"@id":"https:\/\/blogdofarnesio.com.br\/#organization"},"image":{"@id":"https:\/\/blogdofarnesio.com.br\/?p=168211#primaryimage"},"thumbnailUrl":"https:\/\/blogdofarnesio.com.br\/wp-content\/uploads\/2017\/06\/blogqspchuvapemeninados-livros.jpg","articleSection":["Chuvas"],"inLanguage":"pt-BR","potentialAction":[{"@type":"CommentAction","name":"Comment","target":["https:\/\/blogdofarnesio.com.br\/?p=168211#respond"]}]},{"@type":"WebPage","@id":"https:\/\/blogdofarnesio.com.br\/?p=168211","url":"https:\/\/blogdofarnesio.com.br\/?p=168211","name":"CHUVAS EM PERNAMBUCO: MENINA SALVA LIVROS DA ENCHENTE E COMOVE O BRASIL - Blog do Farn\u00e9sio","isPartOf":{"@id":"https:\/\/blogdofarnesio.com.br\/#website"},"primaryImageOfPage":{"@id":"https:\/\/blogdofarnesio.com.br\/?p=168211#primaryimage"},"image":{"@id":"https:\/\/blogdofarnesio.com.br\/?p=168211#primaryimage"},"thumbnailUrl":"https:\/\/blogdofarnesio.com.br\/wp-content\/uploads\/2017\/06\/blogqspchuvapemeninados-livros.jpg","datePublished":"2017-06-02T20:33:36+00:00","breadcrumb":{"@id":"https:\/\/blogdofarnesio.com.br\/?p=168211#breadcrumb"},"inLanguage":"pt-BR","potentialAction":[{"@type":"ReadAction","target":["https:\/\/blogdofarnesio.com.br\/?p=168211"]}]},{"@type":"ImageObject","inLanguage":"pt-BR","@id":"https:\/\/blogdofarnesio.com.br\/?p=168211#primaryimage","url":"https:\/\/blogdofarnesio.com.br\/wp-content\/uploads\/2017\/06\/blogqspchuvapemeninados-livros.jpg","contentUrl":"https:\/\/blogdofarnesio.com.br\/wp-content\/uploads\/2017\/06\/blogqspchuvapemeninados-livros.jpg","width":448,"height":673},{"@type":"BreadcrumbList","@id":"https:\/\/blogdofarnesio.com.br\/?p=168211#breadcrumb","itemListElement":[{"@type":"ListItem","position":1,"name":"In\u00edcio","item":"https:\/\/blogdofarnesio.com.br\/"},{"@type":"ListItem","position":2,"name":"CHUVAS EM PERNAMBUCO: MENINA SALVA LIVROS DA ENCHENTE E COMOVE O BRASIL"}]},{"@type":"WebSite","@id":"https:\/\/blogdofarnesio.com.br\/#website","url":"https:\/\/blogdofarnesio.com.br\/","name":"Blog do Farn\u00e9sio","description":"Quer Saber Pol\u00edtica?","publisher":{"@id":"https:\/\/blogdofarnesio.com.br\/#organization"},"potentialAction":[{"@type":"SearchAction","target":{"@type":"EntryPoint","urlTemplate":"https:\/\/blogdofarnesio.com.br\/?s={search_term_string}"},"query-input":{"@type":"PropertyValueSpecification","valueRequired":true,"valueName":"search_term_string"}}],"inLanguage":"pt-BR"},{"@type":"Organization","@id":"https:\/\/blogdofarnesio.com.br\/#organization","name":"Blog do Farn\u00e9sio","url":"https:\/\/blogdofarnesio.com.br\/","logo":{"@type":"ImageObject","inLanguage":"pt-BR","@id":"https:\/\/blogdofarnesio.com.br\/#\/schema\/logo\/image\/","url":"https:\/\/blogdofarnesio.com.br\/wp-content\/uploads\/2026\/03\/cropped-logo_new-1.png","contentUrl":"https:\/\/blogdofarnesio.com.br\/wp-content\/uploads\/2026\/03\/cropped-logo_new-1.png","width":881,"height":685,"caption":"Blog do Farn\u00e9sio"},"image":{"@id":"https:\/\/blogdofarnesio.com.br\/#\/schema\/logo\/image\/"},"sameAs":["https:\/\/www.facebook.com\/BlogQuerSaberPolitica\/"]},{"@type":"Person","@id":"https:\/\/blogdofarnesio.com.br\/#\/schema\/person\/301c4acf522bccbfdb45af95b5b906a1","name":"Farn\u00e9sio","image":{"@type":"ImageObject","inLanguage":"pt-BR","@id":"https:\/\/secure.gravatar.com\/avatar\/df0c9a14567c056f8ad6876ba5bbd1e3e2c48023eb6807342fc4663adf549f38?s=96&d=mm&r=g","url":"https:\/\/secure.gravatar.com\/avatar\/df0c9a14567c056f8ad6876ba5bbd1e3e2c48023eb6807342fc4663adf549f38?s=96&d=mm&r=g","contentUrl":"https:\/\/secure.gravatar.com\/avatar\/df0c9a14567c056f8ad6876ba5bbd1e3e2c48023eb6807342fc4663adf549f38?s=96&d=mm&r=g","caption":"Farn\u00e9sio"},"sameAs":["https:\/\/quersaberpolitica.com.br"],"url":"https:\/\/blogdofarnesio.com.br\/?author=1"}]}},"_links":{"self":[{"href":"https:\/\/blogdofarnesio.com.br\/index.php?rest_route=\/wp\/v2\/posts\/168211","targetHints":{"allow":["GET"]}}],"collection":[{"href":"https:\/\/blogdofarnesio.com.br\/index.php?rest_route=\/wp\/v2\/posts"}],"about":[{"href":"https:\/\/blogdofarnesio.com.br\/index.php?rest_route=\/wp\/v2\/types\/post"}],"author":[{"embeddable":true,"href":"https:\/\/blogdofarnesio.com.br\/index.php?rest_route=\/wp\/v2\/users\/1"}],"replies":[{"embeddable":true,"href":"https:\/\/blogdofarnesio.com.br\/index.php?rest_route=%2Fwp%2Fv2%2Fcomments&post=168211"}],"version-history":[{"count":0,"href":"https:\/\/blogdofarnesio.com.br\/index.php?rest_route=\/wp\/v2\/posts\/168211\/revisions"}],"wp:featuredmedia":[{"embeddable":true,"href":"https:\/\/blogdofarnesio.com.br\/index.php?rest_route=\/wp\/v2\/media\/168212"}],"wp:attachment":[{"href":"https:\/\/blogdofarnesio.com.br\/index.php?rest_route=%2Fwp%2Fv2%2Fmedia&parent=168211"}],"wp:term":[{"taxonomy":"category","embeddable":true,"href":"https:\/\/blogdofarnesio.com.br\/index.php?rest_route=%2Fwp%2Fv2%2Fcategories&post=168211"},{"taxonomy":"post_tag","embeddable":true,"href":"https:\/\/blogdofarnesio.com.br\/index.php?rest_route=%2Fwp%2Fv2%2Ftags&post=168211"}],"curies":[{"name":"wp","href":"https:\/\/api.w.org\/{rel}","templated":true}]}}