{"id":168207,"date":"2017-06-02T17:04:49","date_gmt":"2017-06-02T20:04:49","guid":{"rendered":"http:\/\/quersaberpolitica.com.br\/2016\/?p=168207"},"modified":"2017-06-02T16:42:22","modified_gmt":"2017-06-02T19:42:22","slug":"pt-agora-culpa-politica-economica-de-dilma-pelo-impeachment","status":"publish","type":"post","link":"https:\/\/blogdofarnesio.com.br\/?p=168207","title":{"rendered":"PT AGORA CULPA POL\u00cdTICA ECON\u00d4MICA DE DILMA PELO IMPEACHMENT"},"content":{"rendered":"<div class=\"font_b font_tt\"><\/div>\n<div class=\"row font_a b_not_shr\"><\/div>\n<div class=\"row change_font\">\n<div class=\"col-md-12 popup-gallery\"><strong>E O GOLPE?!<\/strong><\/div>\n<div class=\"col-md-12 font_a popup-gallery\">\n<div class=\"pull-right hidden-xs\">\n<div class=\"hidden-xs text-right b_publ_tit\"><\/div>\n<p><ins class=\"adsbygoogle\" data-ad-client=\"ca-pub-5020794665231275\" data-ad-slot=\"7222246347\" data-adsbygoogle-status=\"done\"><ins id=\"aswift_0_expand\"><ins id=\"aswift_0_anchor\"><\/ins><\/ins><\/ins><\/div>\n<p>Em projeto de resolu\u00e7\u00e3o no qual faz um balan\u00e7o dos 13 anos de governos petistas, o PT minimiza as den\u00fancias de corrup\u00e7\u00e3o contra o partido e alguns de seus integrantes e culpa a pol\u00edtica econ\u00f4mica adotada no in\u00edcio do segundo mandato de Dilma Rousseff pela crise pol\u00edtica que levou ao impeachment da ent\u00e3o presidente.<\/p>\n<p>Segundo o texto, que servir\u00e1 de base para as conclus\u00f5es do 6.\u00ba Congresso Nacional do PT, as medidas de austeridade adotadas por Dilma no in\u00edcio de 2015 criaram a sensa\u00e7\u00e3o de um &#8220;estelionato eleitoral&#8221; em compara\u00e7\u00e3o com o discurso de campanha do ano anterior, quando a petista prometeu n\u00e3o mexer em direitos trabalhistas &#8220;nem que a vaca tussa&#8221;.<\/p>\n<p>&#8220;O ajuste fiscal, al\u00e9m de intensificar a tend\u00eancia recessiva, gerou confus\u00e3o e des\u00e2nimo na base social petista: entre trabalhadores, juventude e intelectualidade progressista disseminou-se a sensa\u00e7\u00e3o, estimulada pelos monop\u00f3lios de comunica\u00e7\u00e3o, de estelionato eleitoral&#8221;, diz o texto ainda sujeito a emendas e altera\u00e7\u00f5es at\u00e9 s\u00e1bado, 3, quando termina o encontro.<\/p>\n<p>De acordo com o documento, &#8220;a pol\u00edtica econ\u00f4mica adotada no in\u00edcio do segundo mandato de Dilma para al\u00e9m dos efeitos econ\u00f4micos sociais e econ\u00f4micos que produziu teve como principal efeito pol\u00edtico desorientar parte de nossa base social e eleitoral&#8221;.<\/p>\n<p>Segundo o partido, isso fez com que a popularidade de Dilma despencasse, encorajando as &#8220;for\u00e7as conservadoras&#8221; a tomarem as ruas e fazendo com que parte da base do governo no Congresso Nacional se deslocasse rumo ao afastamento de Dilma.<\/p>\n<p>O texto do balan\u00e7o, praticamente, ignora as den\u00fancias de corrup\u00e7\u00e3o na Petrobras reveladas pela Opera\u00e7\u00e3o Lava Jato e resume o tema \u00e0 conclus\u00e3o de que \u00e9 &#8220;indispens\u00e1vel superar a adapta\u00e7\u00e3o do partido ao modus vivendi da pol\u00edtica tradicional do Brasil&#8221;.<\/p>\n<p>O balan\u00e7o petista cita a Lava Jato apenas quando questiona o &#8220;republicanismo&#8221; com o qual os governos do partido trataram as nomea\u00e7\u00f5es para o Supremo Tribunal Federal, Procuradoria-Geral da Rep\u00fablica e Pol\u00edcia Federal. De acordo com o documento, alguns setores do PT avaliam que, sem esse &#8220;republicanismo&#8221;, a Lava Jato e a a\u00e7\u00e3o penal 470, que julgou o mensal\u00e3o, n\u00e3o teriam prosperado e instalado uma &#8220;justi\u00e7a de exce\u00e7\u00e3o&#8221; contra o PT.<\/p>\n<p><strong>Constituinte<\/strong><br \/>\nAtingido pela Lava Jato, o PT vai defender em seu 6.\u00ba Congresso a reforma do Judici\u00e1rio e a convoca\u00e7\u00e3o de uma Assembleia Nacional Constituinte para revogar o que o partido chama de &#8220;medidas antipopulares&#8221; do presidente Michel Temer e criar condi\u00e7\u00f5es para uma &#8220;reforma geral das institui\u00e7\u00f5es&#8221;. Um dos cinco projetos de resolu\u00e7\u00e3o apresentados pelas correntes do partido diz que setores do Minist\u00e9rio P\u00fablico, das pol\u00edcias e do Judici\u00e1rio formaram um &#8220;poder bonapartista&#8221;, em sintonia com &#8220;oligop\u00f3lios da comunica\u00e7\u00e3o&#8221;, afrontando o estado de direito.<\/p>\n<p>&#8220;A viol\u00eancia do Estado, levada a efeito por setores do Minist\u00e9rio P\u00fablico, do Judici\u00e1rio e das pol\u00edcias, particularmente no que se refere \u00e0 Opera\u00e7\u00e3o Lava Jato, materializa-se nas pris\u00f5es por mera suspeita, nas condu\u00e7\u00f5es coercitivas sem base legal, nos vazamentos criminosos de dados e na exposi\u00e7\u00e3o da intimidade dos investigados&#8221;, diz um dos trechos do documento.<\/p>\n<p>O texto servir\u00e1 de base para definir as diretrizes do novo programa do PT, \u00e0s v\u00e9speras do ano eleitoral de 2018. Ao mencionar a &#8220;Rep\u00fablica de Curitiba&#8221;, os petistas dizem que o ex-presidente Luiz In\u00e1cio Lula da Silva e sua fam\u00edlia sofrem &#8220;brutal e inigual\u00e1vel persegui\u00e7\u00e3o&#8221; e que h\u00e1 um &#8220;regime de exce\u00e7\u00e3o&#8221; em curso no Pa\u00eds.<\/p>\n<p>As resolu\u00e7\u00f5es ser\u00e3o votadas no pr\u00f3ximo s\u00e1bado, 3. Em um dos documentos, o PT prop\u00f5e um plano nacional de emerg\u00eancia para sair da crise. Uma das propostas prev\u00ea uma pol\u00edtica de uso criterioso e gradual de 25% das reservas cambiais em um Fundo Nacional de Desenvolvimento e Emprego destinado a investimento para obras de infraestrutura e gera\u00e7\u00e3o de emprego.<\/p><\/div>\n<\/div>\n","protected":false},"excerpt":{"rendered":"<p>E O GOLPE?! Em projeto de resolu\u00e7\u00e3o no qual faz um balan\u00e7o dos 13 anos de governos petistas, o PT minimiza as den\u00fancias de corrup\u00e7\u00e3o contra o partido e alguns de seus integrantes e culpa a pol\u00edtica econ\u00f4mica adotada no in\u00edcio do segundo mandato de Dilma Rousseff pela crise pol\u00edtica que levou ao impeachment da ent\u00e3o presidente. Segundo o texto, que servir\u00e1 de base para as conclus\u00f5es do 6.\u00ba Congresso Nacional do PT, as medidas de austeridade adotadas por Dilma no in\u00edcio de 2015 criaram a sensa\u00e7\u00e3o de um &#8220;estelionato eleitoral&#8221; em compara\u00e7\u00e3o com o discurso de campanha do ano anterior, quando a petista prometeu n\u00e3o mexer em direitos trabalhistas &#8220;nem que a vaca tussa&#8221;. &#8220;O ajuste fiscal, al\u00e9m de&hellip; <\/p>\n","protected":false},"author":1,"featured_media":168209,"comment_status":"open","ping_status":"open","sticky":false,"template":"","format":"standard","meta":{"_acf_changed":false,"footnotes":""},"categories":[1],"tags":[],"class_list":["post-168207","post","type-post","status-publish","format-standard","has-post-thumbnail","hentry","category-politica"],"acf":[],"yoast_head":"<!-- This site is optimized with the Yoast SEO plugin v27.4 - https:\/\/yoast.com\/product\/yoast-seo-wordpress\/ -->\n<title>PT AGORA CULPA POL\u00cdTICA ECON\u00d4MICA DE DILMA PELO IMPEACHMENT - Blog do Farn\u00e9sio<\/title>\n<meta name=\"robots\" content=\"index, follow, max-snippet:-1, max-image-preview:large, max-video-preview:-1\" \/>\n<link rel=\"canonical\" href=\"https:\/\/blogdofarnesio.com.br\/?p=168207\" \/>\n<meta property=\"og:locale\" content=\"pt_BR\" \/>\n<meta property=\"og:type\" content=\"article\" \/>\n<meta property=\"og:title\" content=\"PT AGORA CULPA POL\u00cdTICA ECON\u00d4MICA DE DILMA PELO IMPEACHMENT - Blog do Farn\u00e9sio\" \/>\n<meta property=\"og:description\" content=\"E O GOLPE?! Em projeto de resolu\u00e7\u00e3o no qual faz um balan\u00e7o dos 13 anos de governos petistas, o PT minimiza as den\u00fancias de corrup\u00e7\u00e3o contra o partido e alguns de seus integrantes e culpa a pol\u00edtica econ\u00f4mica adotada no in\u00edcio do segundo mandato de Dilma Rousseff pela crise pol\u00edtica que levou ao impeachment da ent\u00e3o presidente. Segundo o texto, que servir\u00e1 de base para as conclus\u00f5es do 6.\u00ba Congresso Nacional do PT, as medidas de austeridade adotadas por Dilma no in\u00edcio de 2015 criaram a sensa\u00e7\u00e3o de um &#8220;estelionato eleitoral&#8221; em compara\u00e7\u00e3o com o discurso de campanha do ano anterior, quando a petista prometeu n\u00e3o mexer em direitos trabalhistas &#8220;nem que a vaca tussa&#8221;. &#8220;O ajuste fiscal, al\u00e9m de&hellip;\" \/>\n<meta property=\"og:url\" content=\"https:\/\/blogdofarnesio.com.br\/?p=168207\" \/>\n<meta property=\"og:site_name\" content=\"Blog do Farn\u00e9sio\" \/>\n<meta property=\"article:publisher\" content=\"https:\/\/www.facebook.com\/BlogQuerSaberPolitica\/\" \/>\n<meta property=\"article:published_time\" content=\"2017-06-02T20:04:49+00:00\" \/>\n<meta property=\"og:image\" content=\"https:\/\/blogdofarnesio.com.br\/wp-content\/uploads\/2017\/06\/blogqsprui-falcao-congresso-do-pt-by-lula-marques-e1496432476381.jpg\" \/>\n\t<meta property=\"og:image:width\" content=\"640\" \/>\n\t<meta property=\"og:image:height\" content=\"371\" \/>\n\t<meta property=\"og:image:type\" content=\"image\/jpeg\" \/>\n<meta name=\"author\" content=\"Farn\u00e9sio\" \/>\n<meta name=\"twitter:card\" content=\"summary_large_image\" \/>\n<meta name=\"twitter:label1\" content=\"Escrito por\" \/>\n\t<meta name=\"twitter:data1\" content=\"Farn\u00e9sio\" \/>\n\t<meta name=\"twitter:label2\" content=\"Est. tempo de leitura\" \/>\n\t<meta name=\"twitter:data2\" content=\"3 minutos\" \/>\n<script type=\"application\/ld+json\" class=\"yoast-schema-graph\">{\"@context\":\"https:\\\/\\\/schema.org\",\"@graph\":[{\"@type\":\"Article\",\"@id\":\"https:\\\/\\\/blogdofarnesio.com.br\\\/?p=168207#article\",\"isPartOf\":{\"@id\":\"https:\\\/\\\/blogdofarnesio.com.br\\\/?p=168207\"},\"author\":{\"name\":\"Farn\u00e9sio\",\"@id\":\"https:\\\/\\\/blogdofarnesio.com.br\\\/#\\\/schema\\\/person\\\/301c4acf522bccbfdb45af95b5b906a1\"},\"headline\":\"PT AGORA CULPA POL\u00cdTICA ECON\u00d4MICA DE DILMA PELO IMPEACHMENT\",\"datePublished\":\"2017-06-02T20:04:49+00:00\",\"mainEntityOfPage\":{\"@id\":\"https:\\\/\\\/blogdofarnesio.com.br\\\/?p=168207\"},\"wordCount\":694,\"commentCount\":0,\"publisher\":{\"@id\":\"https:\\\/\\\/blogdofarnesio.com.br\\\/#organization\"},\"image\":{\"@id\":\"https:\\\/\\\/blogdofarnesio.com.br\\\/?p=168207#primaryimage\"},\"thumbnailUrl\":\"https:\\\/\\\/blogdofarnesio.com.br\\\/wp-content\\\/uploads\\\/2017\\\/06\\\/blogqsprui-falcao-congresso-do-pt-by-lula-marques-e1496432476381.jpg\",\"articleSection\":[\"Pol\u00edtica\"],\"inLanguage\":\"pt-BR\",\"potentialAction\":[{\"@type\":\"CommentAction\",\"name\":\"Comment\",\"target\":[\"https:\\\/\\\/blogdofarnesio.com.br\\\/?p=168207#respond\"]}]},{\"@type\":\"WebPage\",\"@id\":\"https:\\\/\\\/blogdofarnesio.com.br\\\/?p=168207\",\"url\":\"https:\\\/\\\/blogdofarnesio.com.br\\\/?p=168207\",\"name\":\"PT AGORA CULPA POL\u00cdTICA ECON\u00d4MICA DE DILMA PELO IMPEACHMENT - Blog do Farn\u00e9sio\",\"isPartOf\":{\"@id\":\"https:\\\/\\\/blogdofarnesio.com.br\\\/#website\"},\"primaryImageOfPage\":{\"@id\":\"https:\\\/\\\/blogdofarnesio.com.br\\\/?p=168207#primaryimage\"},\"image\":{\"@id\":\"https:\\\/\\\/blogdofarnesio.com.br\\\/?p=168207#primaryimage\"},\"thumbnailUrl\":\"https:\\\/\\\/blogdofarnesio.com.br\\\/wp-content\\\/uploads\\\/2017\\\/06\\\/blogqsprui-falcao-congresso-do-pt-by-lula-marques-e1496432476381.jpg\",\"datePublished\":\"2017-06-02T20:04:49+00:00\",\"breadcrumb\":{\"@id\":\"https:\\\/\\\/blogdofarnesio.com.br\\\/?p=168207#breadcrumb\"},\"inLanguage\":\"pt-BR\",\"potentialAction\":[{\"@type\":\"ReadAction\",\"target\":[\"https:\\\/\\\/blogdofarnesio.com.br\\\/?p=168207\"]}]},{\"@type\":\"ImageObject\",\"inLanguage\":\"pt-BR\",\"@id\":\"https:\\\/\\\/blogdofarnesio.com.br\\\/?p=168207#primaryimage\",\"url\":\"https:\\\/\\\/blogdofarnesio.com.br\\\/wp-content\\\/uploads\\\/2017\\\/06\\\/blogqsprui-falcao-congresso-do-pt-by-lula-marques-e1496432476381.jpg\",\"contentUrl\":\"https:\\\/\\\/blogdofarnesio.com.br\\\/wp-content\\\/uploads\\\/2017\\\/06\\\/blogqsprui-falcao-congresso-do-pt-by-lula-marques-e1496432476381.jpg\",\"width\":640,\"height\":371,\"caption\":\"FOTO: LULA MARQUES\"},{\"@type\":\"BreadcrumbList\",\"@id\":\"https:\\\/\\\/blogdofarnesio.com.br\\\/?p=168207#breadcrumb\",\"itemListElement\":[{\"@type\":\"ListItem\",\"position\":1,\"name\":\"In\u00edcio\",\"item\":\"https:\\\/\\\/blogdofarnesio.com.br\\\/\"},{\"@type\":\"ListItem\",\"position\":2,\"name\":\"PT AGORA CULPA POL\u00cdTICA ECON\u00d4MICA DE DILMA PELO IMPEACHMENT\"}]},{\"@type\":\"WebSite\",\"@id\":\"https:\\\/\\\/blogdofarnesio.com.br\\\/#website\",\"url\":\"https:\\\/\\\/blogdofarnesio.com.br\\\/\",\"name\":\"Blog do Farn\u00e9sio\",\"description\":\"Quer Saber Pol\u00edtica?\",\"publisher\":{\"@id\":\"https:\\\/\\\/blogdofarnesio.com.br\\\/#organization\"},\"potentialAction\":[{\"@type\":\"SearchAction\",\"target\":{\"@type\":\"EntryPoint\",\"urlTemplate\":\"https:\\\/\\\/blogdofarnesio.com.br\\\/?s={search_term_string}\"},\"query-input\":{\"@type\":\"PropertyValueSpecification\",\"valueRequired\":true,\"valueName\":\"search_term_string\"}}],\"inLanguage\":\"pt-BR\"},{\"@type\":\"Organization\",\"@id\":\"https:\\\/\\\/blogdofarnesio.com.br\\\/#organization\",\"name\":\"Blog do Farn\u00e9sio\",\"url\":\"https:\\\/\\\/blogdofarnesio.com.br\\\/\",\"logo\":{\"@type\":\"ImageObject\",\"inLanguage\":\"pt-BR\",\"@id\":\"https:\\\/\\\/blogdofarnesio.com.br\\\/#\\\/schema\\\/logo\\\/image\\\/\",\"url\":\"https:\\\/\\\/blogdofarnesio.com.br\\\/wp-content\\\/uploads\\\/2026\\\/03\\\/cropped-logo_new-1.png\",\"contentUrl\":\"https:\\\/\\\/blogdofarnesio.com.br\\\/wp-content\\\/uploads\\\/2026\\\/03\\\/cropped-logo_new-1.png\",\"width\":881,\"height\":685,\"caption\":\"Blog do Farn\u00e9sio\"},\"image\":{\"@id\":\"https:\\\/\\\/blogdofarnesio.com.br\\\/#\\\/schema\\\/logo\\\/image\\\/\"},\"sameAs\":[\"https:\\\/\\\/www.facebook.com\\\/BlogQuerSaberPolitica\\\/\"]},{\"@type\":\"Person\",\"@id\":\"https:\\\/\\\/blogdofarnesio.com.br\\\/#\\\/schema\\\/person\\\/301c4acf522bccbfdb45af95b5b906a1\",\"name\":\"Farn\u00e9sio\",\"image\":{\"@type\":\"ImageObject\",\"inLanguage\":\"pt-BR\",\"@id\":\"https:\\\/\\\/secure.gravatar.com\\\/avatar\\\/df0c9a14567c056f8ad6876ba5bbd1e3e2c48023eb6807342fc4663adf549f38?s=96&d=mm&r=g\",\"url\":\"https:\\\/\\\/secure.gravatar.com\\\/avatar\\\/df0c9a14567c056f8ad6876ba5bbd1e3e2c48023eb6807342fc4663adf549f38?s=96&d=mm&r=g\",\"contentUrl\":\"https:\\\/\\\/secure.gravatar.com\\\/avatar\\\/df0c9a14567c056f8ad6876ba5bbd1e3e2c48023eb6807342fc4663adf549f38?s=96&d=mm&r=g\",\"caption\":\"Farn\u00e9sio\"},\"sameAs\":[\"https:\\\/\\\/quersaberpolitica.com.br\"],\"url\":\"https:\\\/\\\/blogdofarnesio.com.br\\\/?author=1\"}]}<\/script>\n<!-- \/ Yoast SEO plugin. -->","yoast_head_json":{"title":"PT AGORA CULPA POL\u00cdTICA ECON\u00d4MICA DE DILMA PELO IMPEACHMENT - Blog do Farn\u00e9sio","robots":{"index":"index","follow":"follow","max-snippet":"max-snippet:-1","max-image-preview":"max-image-preview:large","max-video-preview":"max-video-preview:-1"},"canonical":"https:\/\/blogdofarnesio.com.br\/?p=168207","og_locale":"pt_BR","og_type":"article","og_title":"PT AGORA CULPA POL\u00cdTICA ECON\u00d4MICA DE DILMA PELO IMPEACHMENT - Blog do Farn\u00e9sio","og_description":"E O GOLPE?! Em projeto de resolu\u00e7\u00e3o no qual faz um balan\u00e7o dos 13 anos de governos petistas, o PT minimiza as den\u00fancias de corrup\u00e7\u00e3o contra o partido e alguns de seus integrantes e culpa a pol\u00edtica econ\u00f4mica adotada no in\u00edcio do segundo mandato de Dilma Rousseff pela crise pol\u00edtica que levou ao impeachment da ent\u00e3o presidente. Segundo o texto, que servir\u00e1 de base para as conclus\u00f5es do 6.\u00ba Congresso Nacional do PT, as medidas de austeridade adotadas por Dilma no in\u00edcio de 2015 criaram a sensa\u00e7\u00e3o de um &#8220;estelionato eleitoral&#8221; em compara\u00e7\u00e3o com o discurso de campanha do ano anterior, quando a petista prometeu n\u00e3o mexer em direitos trabalhistas &#8220;nem que a vaca tussa&#8221;. &#8220;O ajuste fiscal, al\u00e9m de&hellip;","og_url":"https:\/\/blogdofarnesio.com.br\/?p=168207","og_site_name":"Blog do Farn\u00e9sio","article_publisher":"https:\/\/www.facebook.com\/BlogQuerSaberPolitica\/","article_published_time":"2017-06-02T20:04:49+00:00","og_image":[{"width":640,"height":371,"url":"https:\/\/blogdofarnesio.com.br\/wp-content\/uploads\/2017\/06\/blogqsprui-falcao-congresso-do-pt-by-lula-marques-e1496432476381.jpg","type":"image\/jpeg"}],"author":"Farn\u00e9sio","twitter_card":"summary_large_image","twitter_misc":{"Escrito por":"Farn\u00e9sio","Est. tempo de leitura":"3 minutos"},"schema":{"@context":"https:\/\/schema.org","@graph":[{"@type":"Article","@id":"https:\/\/blogdofarnesio.com.br\/?p=168207#article","isPartOf":{"@id":"https:\/\/blogdofarnesio.com.br\/?p=168207"},"author":{"name":"Farn\u00e9sio","@id":"https:\/\/blogdofarnesio.com.br\/#\/schema\/person\/301c4acf522bccbfdb45af95b5b906a1"},"headline":"PT AGORA CULPA POL\u00cdTICA ECON\u00d4MICA DE DILMA PELO IMPEACHMENT","datePublished":"2017-06-02T20:04:49+00:00","mainEntityOfPage":{"@id":"https:\/\/blogdofarnesio.com.br\/?p=168207"},"wordCount":694,"commentCount":0,"publisher":{"@id":"https:\/\/blogdofarnesio.com.br\/#organization"},"image":{"@id":"https:\/\/blogdofarnesio.com.br\/?p=168207#primaryimage"},"thumbnailUrl":"https:\/\/blogdofarnesio.com.br\/wp-content\/uploads\/2017\/06\/blogqsprui-falcao-congresso-do-pt-by-lula-marques-e1496432476381.jpg","articleSection":["Pol\u00edtica"],"inLanguage":"pt-BR","potentialAction":[{"@type":"CommentAction","name":"Comment","target":["https:\/\/blogdofarnesio.com.br\/?p=168207#respond"]}]},{"@type":"WebPage","@id":"https:\/\/blogdofarnesio.com.br\/?p=168207","url":"https:\/\/blogdofarnesio.com.br\/?p=168207","name":"PT AGORA CULPA POL\u00cdTICA ECON\u00d4MICA DE DILMA PELO IMPEACHMENT - Blog do Farn\u00e9sio","isPartOf":{"@id":"https:\/\/blogdofarnesio.com.br\/#website"},"primaryImageOfPage":{"@id":"https:\/\/blogdofarnesio.com.br\/?p=168207#primaryimage"},"image":{"@id":"https:\/\/blogdofarnesio.com.br\/?p=168207#primaryimage"},"thumbnailUrl":"https:\/\/blogdofarnesio.com.br\/wp-content\/uploads\/2017\/06\/blogqsprui-falcao-congresso-do-pt-by-lula-marques-e1496432476381.jpg","datePublished":"2017-06-02T20:04:49+00:00","breadcrumb":{"@id":"https:\/\/blogdofarnesio.com.br\/?p=168207#breadcrumb"},"inLanguage":"pt-BR","potentialAction":[{"@type":"ReadAction","target":["https:\/\/blogdofarnesio.com.br\/?p=168207"]}]},{"@type":"ImageObject","inLanguage":"pt-BR","@id":"https:\/\/blogdofarnesio.com.br\/?p=168207#primaryimage","url":"https:\/\/blogdofarnesio.com.br\/wp-content\/uploads\/2017\/06\/blogqsprui-falcao-congresso-do-pt-by-lula-marques-e1496432476381.jpg","contentUrl":"https:\/\/blogdofarnesio.com.br\/wp-content\/uploads\/2017\/06\/blogqsprui-falcao-congresso-do-pt-by-lula-marques-e1496432476381.jpg","width":640,"height":371,"caption":"FOTO: LULA MARQUES"},{"@type":"BreadcrumbList","@id":"https:\/\/blogdofarnesio.com.br\/?p=168207#breadcrumb","itemListElement":[{"@type":"ListItem","position":1,"name":"In\u00edcio","item":"https:\/\/blogdofarnesio.com.br\/"},{"@type":"ListItem","position":2,"name":"PT AGORA CULPA POL\u00cdTICA ECON\u00d4MICA DE DILMA PELO IMPEACHMENT"}]},{"@type":"WebSite","@id":"https:\/\/blogdofarnesio.com.br\/#website","url":"https:\/\/blogdofarnesio.com.br\/","name":"Blog do Farn\u00e9sio","description":"Quer Saber Pol\u00edtica?","publisher":{"@id":"https:\/\/blogdofarnesio.com.br\/#organization"},"potentialAction":[{"@type":"SearchAction","target":{"@type":"EntryPoint","urlTemplate":"https:\/\/blogdofarnesio.com.br\/?s={search_term_string}"},"query-input":{"@type":"PropertyValueSpecification","valueRequired":true,"valueName":"search_term_string"}}],"inLanguage":"pt-BR"},{"@type":"Organization","@id":"https:\/\/blogdofarnesio.com.br\/#organization","name":"Blog do Farn\u00e9sio","url":"https:\/\/blogdofarnesio.com.br\/","logo":{"@type":"ImageObject","inLanguage":"pt-BR","@id":"https:\/\/blogdofarnesio.com.br\/#\/schema\/logo\/image\/","url":"https:\/\/blogdofarnesio.com.br\/wp-content\/uploads\/2026\/03\/cropped-logo_new-1.png","contentUrl":"https:\/\/blogdofarnesio.com.br\/wp-content\/uploads\/2026\/03\/cropped-logo_new-1.png","width":881,"height":685,"caption":"Blog do Farn\u00e9sio"},"image":{"@id":"https:\/\/blogdofarnesio.com.br\/#\/schema\/logo\/image\/"},"sameAs":["https:\/\/www.facebook.com\/BlogQuerSaberPolitica\/"]},{"@type":"Person","@id":"https:\/\/blogdofarnesio.com.br\/#\/schema\/person\/301c4acf522bccbfdb45af95b5b906a1","name":"Farn\u00e9sio","image":{"@type":"ImageObject","inLanguage":"pt-BR","@id":"https:\/\/secure.gravatar.com\/avatar\/df0c9a14567c056f8ad6876ba5bbd1e3e2c48023eb6807342fc4663adf549f38?s=96&d=mm&r=g","url":"https:\/\/secure.gravatar.com\/avatar\/df0c9a14567c056f8ad6876ba5bbd1e3e2c48023eb6807342fc4663adf549f38?s=96&d=mm&r=g","contentUrl":"https:\/\/secure.gravatar.com\/avatar\/df0c9a14567c056f8ad6876ba5bbd1e3e2c48023eb6807342fc4663adf549f38?s=96&d=mm&r=g","caption":"Farn\u00e9sio"},"sameAs":["https:\/\/quersaberpolitica.com.br"],"url":"https:\/\/blogdofarnesio.com.br\/?author=1"}]}},"_links":{"self":[{"href":"https:\/\/blogdofarnesio.com.br\/index.php?rest_route=\/wp\/v2\/posts\/168207","targetHints":{"allow":["GET"]}}],"collection":[{"href":"https:\/\/blogdofarnesio.com.br\/index.php?rest_route=\/wp\/v2\/posts"}],"about":[{"href":"https:\/\/blogdofarnesio.com.br\/index.php?rest_route=\/wp\/v2\/types\/post"}],"author":[{"embeddable":true,"href":"https:\/\/blogdofarnesio.com.br\/index.php?rest_route=\/wp\/v2\/users\/1"}],"replies":[{"embeddable":true,"href":"https:\/\/blogdofarnesio.com.br\/index.php?rest_route=%2Fwp%2Fv2%2Fcomments&post=168207"}],"version-history":[{"count":0,"href":"https:\/\/blogdofarnesio.com.br\/index.php?rest_route=\/wp\/v2\/posts\/168207\/revisions"}],"wp:featuredmedia":[{"embeddable":true,"href":"https:\/\/blogdofarnesio.com.br\/index.php?rest_route=\/wp\/v2\/media\/168209"}],"wp:attachment":[{"href":"https:\/\/blogdofarnesio.com.br\/index.php?rest_route=%2Fwp%2Fv2%2Fmedia&parent=168207"}],"wp:term":[{"taxonomy":"category","embeddable":true,"href":"https:\/\/blogdofarnesio.com.br\/index.php?rest_route=%2Fwp%2Fv2%2Fcategories&post=168207"},{"taxonomy":"post_tag","embeddable":true,"href":"https:\/\/blogdofarnesio.com.br\/index.php?rest_route=%2Fwp%2Fv2%2Ftags&post=168207"}],"curies":[{"name":"wp","href":"https:\/\/api.w.org\/{rel}","templated":true}]}}