{"id":16819,"date":"2012-08-24T09:01:08","date_gmt":"2012-08-24T09:01:08","guid":{"rendered":"http:\/\/www.quersaberpolitica.com.br?p=16819"},"modified":"-0001-11-30T00:00:00","modified_gmt":"-0001-11-30T03:00:00","slug":"reuniao-esclarece-servidores-municipais-sobre-sistema-de-monitoramento-eletronico-em-petrolina","status":"publish","type":"post","link":"https:\/\/blogdofarnesio.com.br\/?p=16819","title":{"rendered":"Reuni\u00e3o esclarece servidores municipais sobre Sistema de Monitoramento Eletr\u00f4nico em Petrolina"},"content":{"rendered":"<p><p style=\"text-align: justify; \"><span style=\"font-family: arial, helvetica, sans-serif; font-size: medium; \"><a rel=\"lightbox\" href=\"http:\/\/www.quersaberpolitica.com.br\/2016\/wp-content\/uploads\/2012\/12\/blogqsp.monitoramento.jpg\"><img loading=\"lazy\" decoding=\"async\" style=\"float: right; margin: 5px 10px;\" src=\"http:\/\/www.quersaberpolitica.com.br\/2016\/wp-content\/uploads\/2012\/12\/blogqsp.monitoramento.jpg\" alt=\"\" width=\"200\" height=\"150\" \/><\/a>Desde o in&iacute;cio do ano, a Prefeitura Municipal de Petrolina, atrav&eacute;s da Secretaria de Seguran&ccedil;a Cidad&atilde;, est&aacute; implantado um moderno sistema de monitoramento eletr&ocirc;nico nos pr&eacute;dios p&uacute;blicos da cidade. A fim de esclarecer e sanar d&uacute;vidas a respeito do novo monitoramento, a equipe da Secretaria de Seguran&ccedil;a Cidad&atilde; reuniu-se na manh&atilde; de dessa quarta-feira (22), com gestores ligados &agrave; Secretaria de Sa&uacute;de e escolas municipais onde o sistema j&aacute; est&aacute; em funcionamento.<\/span><\/p>\n<p style=\"text-align: justify; \"><span style=\"font-size: medium;\"><span style=\"font-family: arial, helvetica, sans-serif;\">Na ocasi&atilde;o, foram explanadas informa&ccedil;&otilde;es a respeito do funcionamento da central, casos verificados desde o in&iacute;cio do monitoramento e ainda o procedimento detalhado que &eacute; feito quando o alarme &eacute; acionado. O consultor de seguran&ccedil;a, Severino J&uacute;nior, apontou os aspectos t&eacute;cnicos do sistema e esclareceu questionamentos dos gestores.<\/span><\/span><\/p>\n<p style=\"text-align: justify; \"><span style=\"font-size: medium;\"><span style=\"font-family: arial, helvetica, sans-serif;\">O secret&aacute;rio de Seguran&ccedil;a, Cel. Daniel Ferreira, ressaltou que &eacute; importante ouvir os servidores, para que o processo seja efetivado com maior qualidade. &#8220;A troca de experi&ecirc;ncias entre n&oacute;s da central e os servidores que tamb&eacute;m lidam com o sistema &eacute; fundamental para a compreens&atilde;o do sistema, de como ele funciona e sua finalidade que &eacute; acrescentar mais seguran&ccedil;a ao patrim&ocirc;nio p&uacute;blico&#8221;, salientou.<\/span><\/span><\/p>\n<p style=\"text-align: justify; \"><span style=\"font-size: medium;\"><span style=\"font-family: arial, helvetica, sans-serif;\">A inten&ccedil;&atilde;o &eacute; que mais reuni&otilde;es do tipo sejam realizadas com outros servidores onde, em seu ambiente de trabalho, a implanta&ccedil;&atilde;o do sistema j&aacute; foi efetuada pela prefeitura. A Central de Monitoramento Eletr&ocirc;nico (CEME) funciona 24h por dia na sede da Secretaria de Seguran&ccedil;a Cidad&atilde;, localizada no Parque Municipal Josepha Coelho.<\/span><\/span><\/p>\n<div><span style=\"font-size: medium;\"><span style=\"font-family: arial, helvetica, sans-serif;\"><br \/><\/span><\/span><\/div><\/p>\n","protected":false},"excerpt":{"rendered":"<p>Desde o in&iacute;cio do ano, a Prefeitura Municipal de Petrolina, atrav&eacute;s da Secretaria de Seguran&ccedil;a Cidad&atilde;, est&aacute; implantado um moderno sistema de monitoramento eletr&ocirc;nico nos pr&eacute;dios p&uacute;blicos da cidade. A fim de esclarecer e sanar d&uacute;vidas a respeito do novo monitoramento, a equipe da Secretaria de Seguran&ccedil;a Cidad&atilde; reuniu-se na manh&atilde; de dessa quarta-feira (22), com gestores ligados &agrave; Secretaria de Sa&uacute;de e escolas municipais onde o sistema j&aacute; est&aacute; em funcionamento. Na ocasi&atilde;o, foram explanadas informa&ccedil;&otilde;es a respeito do funcionamento da central, casos verificados desde o in&iacute;cio do monitoramento e ainda o procedimento detalhado que &eacute; feito quando o alarme &eacute; acionado. O consultor de seguran&ccedil;a, Severino J&uacute;nior, apontou os aspectos t&eacute;cnicos do sistema e esclareceu questionamentos dos gestores.&hellip; <\/p>\n","protected":false},"author":0,"featured_media":0,"comment_status":"open","ping_status":"open","sticky":false,"template":"","format":"standard","meta":{"_acf_changed":false,"footnotes":""},"categories":[43],"tags":[],"class_list":["post-16819","post","type-post","status-publish","format-standard","hentry","category-sem-categoria"],"acf":[],"yoast_head":"<!-- This site is optimized with the Yoast SEO plugin v27.4 - https:\/\/yoast.com\/product\/yoast-seo-wordpress\/ -->\n<title>Reuni\u00e3o esclarece servidores municipais sobre Sistema de Monitoramento Eletr\u00f4nico em Petrolina  - Blog do Farn\u00e9sio<\/title>\n<meta name=\"robots\" content=\"index, follow, max-snippet:-1, max-image-preview:large, max-video-preview:-1\" \/>\n<link rel=\"canonical\" href=\"https:\/\/blogdofarnesio.com.br\/?p=16819\" \/>\n<meta property=\"og:locale\" content=\"pt_BR\" \/>\n<meta property=\"og:type\" content=\"article\" \/>\n<meta property=\"og:title\" content=\"Reuni\u00e3o esclarece servidores municipais sobre Sistema de Monitoramento Eletr\u00f4nico em Petrolina  - Blog do Farn\u00e9sio\" \/>\n<meta property=\"og:description\" content=\"Desde o in&iacute;cio do ano, a Prefeitura Municipal de Petrolina, atrav&eacute;s da Secretaria de Seguran&ccedil;a Cidad&atilde;, est&aacute; implantado um moderno sistema de monitoramento eletr&ocirc;nico nos pr&eacute;dios p&uacute;blicos da cidade. A fim de esclarecer e sanar d&uacute;vidas a respeito do novo monitoramento, a equipe da Secretaria de Seguran&ccedil;a Cidad&atilde; reuniu-se na manh&atilde; de dessa quarta-feira (22), com gestores ligados &agrave; Secretaria de Sa&uacute;de e escolas municipais onde o sistema j&aacute; est&aacute; em funcionamento. Na ocasi&atilde;o, foram explanadas informa&ccedil;&otilde;es a respeito do funcionamento da central, casos verificados desde o in&iacute;cio do monitoramento e ainda o procedimento detalhado que &eacute; feito quando o alarme &eacute; acionado. O consultor de seguran&ccedil;a, Severino J&uacute;nior, apontou os aspectos t&eacute;cnicos do sistema e esclareceu questionamentos dos gestores.&hellip;\" \/>\n<meta property=\"og:url\" content=\"https:\/\/blogdofarnesio.com.br\/?p=16819\" \/>\n<meta property=\"og:site_name\" content=\"Blog do Farn\u00e9sio\" \/>\n<meta property=\"article:publisher\" content=\"https:\/\/www.facebook.com\/BlogQuerSaberPolitica\/\" \/>\n<meta property=\"article:published_time\" content=\"2012-08-24T09:01:08+00:00\" \/>\n<meta property=\"og:image\" content=\"http:\/\/www.quersaberpolitica.com.br\/2016\/wp-content\/uploads\/2012\/12\/blogqsp.monitoramento.jpg\" \/>\n<meta name=\"twitter:card\" content=\"summary_large_image\" \/>\n<meta name=\"twitter:label1\" content=\"Est. tempo de leitura\" \/>\n\t<meta name=\"twitter:data1\" content=\"2 minutos\" \/>\n<script type=\"application\/ld+json\" class=\"yoast-schema-graph\">{\"@context\":\"https:\\\/\\\/schema.org\",\"@graph\":[{\"@type\":\"Article\",\"@id\":\"https:\\\/\\\/blogdofarnesio.com.br\\\/?p=16819#article\",\"isPartOf\":{\"@id\":\"https:\\\/\\\/blogdofarnesio.com.br\\\/?p=16819\"},\"author\":{\"name\":\"\",\"@id\":\"\"},\"headline\":\"Reuni\u00e3o esclarece servidores municipais sobre Sistema de Monitoramento Eletr\u00f4nico em Petrolina\",\"datePublished\":\"2012-08-24T09:01:08+00:00\",\"mainEntityOfPage\":{\"@id\":\"https:\\\/\\\/blogdofarnesio.com.br\\\/?p=16819\"},\"wordCount\":315,\"commentCount\":0,\"publisher\":{\"@id\":\"https:\\\/\\\/blogdofarnesio.com.br\\\/#organization\"},\"image\":{\"@id\":\"https:\\\/\\\/blogdofarnesio.com.br\\\/?p=16819#primaryimage\"},\"thumbnailUrl\":\"http:\\\/\\\/www.quersaberpolitica.com.br\\\/2016\\\/wp-content\\\/uploads\\\/2012\\\/12\\\/blogqsp.monitoramento.jpg\",\"inLanguage\":\"pt-BR\",\"potentialAction\":[{\"@type\":\"CommentAction\",\"name\":\"Comment\",\"target\":[\"https:\\\/\\\/blogdofarnesio.com.br\\\/?p=16819#respond\"]}]},{\"@type\":\"WebPage\",\"@id\":\"https:\\\/\\\/blogdofarnesio.com.br\\\/?p=16819\",\"url\":\"https:\\\/\\\/blogdofarnesio.com.br\\\/?p=16819\",\"name\":\"Reuni\u00e3o esclarece servidores municipais sobre Sistema de Monitoramento Eletr\u00f4nico em Petrolina - Blog do Farn\u00e9sio\",\"isPartOf\":{\"@id\":\"https:\\\/\\\/blogdofarnesio.com.br\\\/#website\"},\"primaryImageOfPage\":{\"@id\":\"https:\\\/\\\/blogdofarnesio.com.br\\\/?p=16819#primaryimage\"},\"image\":{\"@id\":\"https:\\\/\\\/blogdofarnesio.com.br\\\/?p=16819#primaryimage\"},\"thumbnailUrl\":\"http:\\\/\\\/www.quersaberpolitica.com.br\\\/2016\\\/wp-content\\\/uploads\\\/2012\\\/12\\\/blogqsp.monitoramento.jpg\",\"datePublished\":\"2012-08-24T09:01:08+00:00\",\"breadcrumb\":{\"@id\":\"https:\\\/\\\/blogdofarnesio.com.br\\\/?p=16819#breadcrumb\"},\"inLanguage\":\"pt-BR\",\"potentialAction\":[{\"@type\":\"ReadAction\",\"target\":[\"https:\\\/\\\/blogdofarnesio.com.br\\\/?p=16819\"]}]},{\"@type\":\"ImageObject\",\"inLanguage\":\"pt-BR\",\"@id\":\"https:\\\/\\\/blogdofarnesio.com.br\\\/?p=16819#primaryimage\",\"url\":\"http:\\\/\\\/www.quersaberpolitica.com.br\\\/2016\\\/wp-content\\\/uploads\\\/2012\\\/12\\\/blogqsp.monitoramento.jpg\",\"contentUrl\":\"http:\\\/\\\/www.quersaberpolitica.com.br\\\/2016\\\/wp-content\\\/uploads\\\/2012\\\/12\\\/blogqsp.monitoramento.jpg\"},{\"@type\":\"BreadcrumbList\",\"@id\":\"https:\\\/\\\/blogdofarnesio.com.br\\\/?p=16819#breadcrumb\",\"itemListElement\":[{\"@type\":\"ListItem\",\"position\":1,\"name\":\"In\u00edcio\",\"item\":\"https:\\\/\\\/blogdofarnesio.com.br\\\/\"},{\"@type\":\"ListItem\",\"position\":2,\"name\":\"Reuni\u00e3o esclarece servidores municipais sobre Sistema de Monitoramento Eletr\u00f4nico em Petrolina\"}]},{\"@type\":\"WebSite\",\"@id\":\"https:\\\/\\\/blogdofarnesio.com.br\\\/#website\",\"url\":\"https:\\\/\\\/blogdofarnesio.com.br\\\/\",\"name\":\"Blog do Farn\u00e9sio\",\"description\":\"Quer Saber Pol\u00edtica?\",\"publisher\":{\"@id\":\"https:\\\/\\\/blogdofarnesio.com.br\\\/#organization\"},\"potentialAction\":[{\"@type\":\"SearchAction\",\"target\":{\"@type\":\"EntryPoint\",\"urlTemplate\":\"https:\\\/\\\/blogdofarnesio.com.br\\\/?s={search_term_string}\"},\"query-input\":{\"@type\":\"PropertyValueSpecification\",\"valueRequired\":true,\"valueName\":\"search_term_string\"}}],\"inLanguage\":\"pt-BR\"},{\"@type\":\"Organization\",\"@id\":\"https:\\\/\\\/blogdofarnesio.com.br\\\/#organization\",\"name\":\"Blog do Farn\u00e9sio\",\"url\":\"https:\\\/\\\/blogdofarnesio.com.br\\\/\",\"logo\":{\"@type\":\"ImageObject\",\"inLanguage\":\"pt-BR\",\"@id\":\"https:\\\/\\\/blogdofarnesio.com.br\\\/#\\\/schema\\\/logo\\\/image\\\/\",\"url\":\"https:\\\/\\\/blogdofarnesio.com.br\\\/wp-content\\\/uploads\\\/2026\\\/03\\\/cropped-logo_new-1.png\",\"contentUrl\":\"https:\\\/\\\/blogdofarnesio.com.br\\\/wp-content\\\/uploads\\\/2026\\\/03\\\/cropped-logo_new-1.png\",\"width\":881,\"height\":685,\"caption\":\"Blog do Farn\u00e9sio\"},\"image\":{\"@id\":\"https:\\\/\\\/blogdofarnesio.com.br\\\/#\\\/schema\\\/logo\\\/image\\\/\"},\"sameAs\":[\"https:\\\/\\\/www.facebook.com\\\/BlogQuerSaberPolitica\\\/\"]}]}<\/script>\n<!-- \/ Yoast SEO plugin. -->","yoast_head_json":{"title":"Reuni\u00e3o esclarece servidores municipais sobre Sistema de Monitoramento Eletr\u00f4nico em Petrolina  - Blog do Farn\u00e9sio","robots":{"index":"index","follow":"follow","max-snippet":"max-snippet:-1","max-image-preview":"max-image-preview:large","max-video-preview":"max-video-preview:-1"},"canonical":"https:\/\/blogdofarnesio.com.br\/?p=16819","og_locale":"pt_BR","og_type":"article","og_title":"Reuni\u00e3o esclarece servidores municipais sobre Sistema de Monitoramento Eletr\u00f4nico em Petrolina  - Blog do Farn\u00e9sio","og_description":"Desde o in&iacute;cio do ano, a Prefeitura Municipal de Petrolina, atrav&eacute;s da Secretaria de Seguran&ccedil;a Cidad&atilde;, est&aacute; implantado um moderno sistema de monitoramento eletr&ocirc;nico nos pr&eacute;dios p&uacute;blicos da cidade. A fim de esclarecer e sanar d&uacute;vidas a respeito do novo monitoramento, a equipe da Secretaria de Seguran&ccedil;a Cidad&atilde; reuniu-se na manh&atilde; de dessa quarta-feira (22), com gestores ligados &agrave; Secretaria de Sa&uacute;de e escolas municipais onde o sistema j&aacute; est&aacute; em funcionamento. Na ocasi&atilde;o, foram explanadas informa&ccedil;&otilde;es a respeito do funcionamento da central, casos verificados desde o in&iacute;cio do monitoramento e ainda o procedimento detalhado que &eacute; feito quando o alarme &eacute; acionado. O consultor de seguran&ccedil;a, Severino J&uacute;nior, apontou os aspectos t&eacute;cnicos do sistema e esclareceu questionamentos dos gestores.&hellip;","og_url":"https:\/\/blogdofarnesio.com.br\/?p=16819","og_site_name":"Blog do Farn\u00e9sio","article_publisher":"https:\/\/www.facebook.com\/BlogQuerSaberPolitica\/","article_published_time":"2012-08-24T09:01:08+00:00","og_image":[{"url":"http:\/\/www.quersaberpolitica.com.br\/2016\/wp-content\/uploads\/2012\/12\/blogqsp.monitoramento.jpg","type":"","width":"","height":""}],"twitter_card":"summary_large_image","twitter_misc":{"Est. tempo de leitura":"2 minutos"},"schema":{"@context":"https:\/\/schema.org","@graph":[{"@type":"Article","@id":"https:\/\/blogdofarnesio.com.br\/?p=16819#article","isPartOf":{"@id":"https:\/\/blogdofarnesio.com.br\/?p=16819"},"author":{"name":"","@id":""},"headline":"Reuni\u00e3o esclarece servidores municipais sobre Sistema de Monitoramento Eletr\u00f4nico em Petrolina","datePublished":"2012-08-24T09:01:08+00:00","mainEntityOfPage":{"@id":"https:\/\/blogdofarnesio.com.br\/?p=16819"},"wordCount":315,"commentCount":0,"publisher":{"@id":"https:\/\/blogdofarnesio.com.br\/#organization"},"image":{"@id":"https:\/\/blogdofarnesio.com.br\/?p=16819#primaryimage"},"thumbnailUrl":"http:\/\/www.quersaberpolitica.com.br\/2016\/wp-content\/uploads\/2012\/12\/blogqsp.monitoramento.jpg","inLanguage":"pt-BR","potentialAction":[{"@type":"CommentAction","name":"Comment","target":["https:\/\/blogdofarnesio.com.br\/?p=16819#respond"]}]},{"@type":"WebPage","@id":"https:\/\/blogdofarnesio.com.br\/?p=16819","url":"https:\/\/blogdofarnesio.com.br\/?p=16819","name":"Reuni\u00e3o esclarece servidores municipais sobre Sistema de Monitoramento Eletr\u00f4nico em Petrolina - Blog do Farn\u00e9sio","isPartOf":{"@id":"https:\/\/blogdofarnesio.com.br\/#website"},"primaryImageOfPage":{"@id":"https:\/\/blogdofarnesio.com.br\/?p=16819#primaryimage"},"image":{"@id":"https:\/\/blogdofarnesio.com.br\/?p=16819#primaryimage"},"thumbnailUrl":"http:\/\/www.quersaberpolitica.com.br\/2016\/wp-content\/uploads\/2012\/12\/blogqsp.monitoramento.jpg","datePublished":"2012-08-24T09:01:08+00:00","breadcrumb":{"@id":"https:\/\/blogdofarnesio.com.br\/?p=16819#breadcrumb"},"inLanguage":"pt-BR","potentialAction":[{"@type":"ReadAction","target":["https:\/\/blogdofarnesio.com.br\/?p=16819"]}]},{"@type":"ImageObject","inLanguage":"pt-BR","@id":"https:\/\/blogdofarnesio.com.br\/?p=16819#primaryimage","url":"http:\/\/www.quersaberpolitica.com.br\/2016\/wp-content\/uploads\/2012\/12\/blogqsp.monitoramento.jpg","contentUrl":"http:\/\/www.quersaberpolitica.com.br\/2016\/wp-content\/uploads\/2012\/12\/blogqsp.monitoramento.jpg"},{"@type":"BreadcrumbList","@id":"https:\/\/blogdofarnesio.com.br\/?p=16819#breadcrumb","itemListElement":[{"@type":"ListItem","position":1,"name":"In\u00edcio","item":"https:\/\/blogdofarnesio.com.br\/"},{"@type":"ListItem","position":2,"name":"Reuni\u00e3o esclarece servidores municipais sobre Sistema de Monitoramento Eletr\u00f4nico em Petrolina"}]},{"@type":"WebSite","@id":"https:\/\/blogdofarnesio.com.br\/#website","url":"https:\/\/blogdofarnesio.com.br\/","name":"Blog do Farn\u00e9sio","description":"Quer Saber Pol\u00edtica?","publisher":{"@id":"https:\/\/blogdofarnesio.com.br\/#organization"},"potentialAction":[{"@type":"SearchAction","target":{"@type":"EntryPoint","urlTemplate":"https:\/\/blogdofarnesio.com.br\/?s={search_term_string}"},"query-input":{"@type":"PropertyValueSpecification","valueRequired":true,"valueName":"search_term_string"}}],"inLanguage":"pt-BR"},{"@type":"Organization","@id":"https:\/\/blogdofarnesio.com.br\/#organization","name":"Blog do Farn\u00e9sio","url":"https:\/\/blogdofarnesio.com.br\/","logo":{"@type":"ImageObject","inLanguage":"pt-BR","@id":"https:\/\/blogdofarnesio.com.br\/#\/schema\/logo\/image\/","url":"https:\/\/blogdofarnesio.com.br\/wp-content\/uploads\/2026\/03\/cropped-logo_new-1.png","contentUrl":"https:\/\/blogdofarnesio.com.br\/wp-content\/uploads\/2026\/03\/cropped-logo_new-1.png","width":881,"height":685,"caption":"Blog do Farn\u00e9sio"},"image":{"@id":"https:\/\/blogdofarnesio.com.br\/#\/schema\/logo\/image\/"},"sameAs":["https:\/\/www.facebook.com\/BlogQuerSaberPolitica\/"]}]}},"_links":{"self":[{"href":"https:\/\/blogdofarnesio.com.br\/index.php?rest_route=\/wp\/v2\/posts\/16819","targetHints":{"allow":["GET"]}}],"collection":[{"href":"https:\/\/blogdofarnesio.com.br\/index.php?rest_route=\/wp\/v2\/posts"}],"about":[{"href":"https:\/\/blogdofarnesio.com.br\/index.php?rest_route=\/wp\/v2\/types\/post"}],"replies":[{"embeddable":true,"href":"https:\/\/blogdofarnesio.com.br\/index.php?rest_route=%2Fwp%2Fv2%2Fcomments&post=16819"}],"version-history":[{"count":0,"href":"https:\/\/blogdofarnesio.com.br\/index.php?rest_route=\/wp\/v2\/posts\/16819\/revisions"}],"wp:attachment":[{"href":"https:\/\/blogdofarnesio.com.br\/index.php?rest_route=%2Fwp%2Fv2%2Fmedia&parent=16819"}],"wp:term":[{"taxonomy":"category","embeddable":true,"href":"https:\/\/blogdofarnesio.com.br\/index.php?rest_route=%2Fwp%2Fv2%2Fcategories&post=16819"},{"taxonomy":"post_tag","embeddable":true,"href":"https:\/\/blogdofarnesio.com.br\/index.php?rest_route=%2Fwp%2Fv2%2Ftags&post=16819"}],"curies":[{"name":"wp","href":"https:\/\/api.w.org\/{rel}","templated":true}]}}