{"id":16809,"date":"2012-08-23T15:42:49","date_gmt":"2012-08-23T15:42:49","guid":{"rendered":"http:\/\/www.quersaberpolitica.com.br?p=16809"},"modified":"-0001-11-30T00:00:00","modified_gmt":"-0001-11-30T03:00:00","slug":"sistema-de-informatica-avancado-esta-sendo-implantado-no-hdmimip","status":"publish","type":"post","link":"https:\/\/blogdofarnesio.com.br\/?p=16809","title":{"rendered":"Sistema de Inform\u00e1tica avan\u00e7ado est\u00e1 sendo implantado no HDM\/IMIP"},"content":{"rendered":"<p><div style=\"text-align: justify;\"><a rel=\"lightbox\" href=\"http:\/\/www.quersaberpolitica.com.br\/2016\/wp-content\/uploads\/2012\/12\/blogqsp.informaticaimip.jpg\"><img loading=\"lazy\" decoding=\"async\" style=\"float: left; margin: 5px 10px;\" src=\"http:\/\/www.quersaberpolitica.com.br\/2016\/wp-content\/uploads\/2012\/12\/blogqsp.informaticaimip.jpg\" alt=\"\" width=\"200\" height=\"150\" \/><\/a><span style=\"font-family: arial, helvetica, sans-serif; font-size: medium;\">O Hospital Dom Malan\/Gest&atilde;o IMIP est&aacute; passando por uma grande reforma em seu sistema de inform&aacute;tica. Com uma nova gest&atilde;o de Tecnologia da Informa&ccedil;&atilde;o (TI), comandado pelo engenheiro da computa&ccedil;&atilde;o Allyson Wanderlei, o HDM passar&aacute; a ter um sistema informatizado de gest&atilde;o hospitalar, semelhante ao que &eacute; utilizado pelo IMIP em Recife.<\/span><\/div>\n<div style=\"text-align: justify;\"><span style=\"font-size: medium;\"><span style=\"font-family: arial, helvetica, sans-serif;\">&nbsp;<\/span><\/span><\/div>\n<div style=\"text-align: justify;\"><span style=\"font-size: medium;\"><span style=\"font-family: arial, helvetica, sans-serif;\">Para que esse sistema seja implantado, toda a infraestrutura de T.I do Hospital est&aacute; sendo modificada. &ldquo;No hospital existia uma rede para computadores, por&eacute;m esta rede n&atilde;o estava&nbsp;estruturada de forma adequada. Come&ccedil;amos fazendo um novo cabeamento&nbsp;para a rede de computadores, telefonia e el&eacute;trico. Adquirimos recentemente 111 computadores e seis servidores para as atividades iniciais. Viabilizamos nova sala para o departamento de T.I e no pr&oacute;ximo m&ecirc;s, vamos iniciar a implanta&ccedil;&atilde;o do sistema com os consultores da empresa que administra o mesmo&rdquo;, explicou Allyson.<\/span><\/span><\/div>\n<div style=\"text-align: justify;\"><span style=\"font-size: medium;\"><span style=\"font-family: arial, helvetica, sans-serif;\">&nbsp;<\/span><\/span><\/div>\n<div style=\"text-align: justify;\"><span style=\"font-size: medium;\"><span style=\"font-family: arial, helvetica, sans-serif;\">Ser&atilde;o muitos os benef&iacute;cios para o funcionamento do hospital com a implanta&ccedil;&atilde;o do sistema de inform&aacute;tica, uma vez que o novo sistema vai controlar desde a entrada do paciente no hospital at&eacute; o controle de gastos. Segundo Allyson Wanderley, com o sistema, os gestores podem emitir relat&oacute;rios de indicadores assistenciais e administrativos e com isso ter uma vis&atilde;o geral do funcionamento do hospital em tempo real, algo que atualmente leva tempo e trabalho consider&aacute;veis. &ldquo;O sistema possui v&aacute;rios m&oacute;dulos, entre eles: controle da urg&ecirc;ncia\/emerg&ecirc;ncia, ambulat&oacute;rio, centro cir&uacute;rgico, diagn&oacute;stico, compras, nutri&ccedil;&atilde;o, portaria, lavanderia etc. O sistema abrange todas as &aacute;reas do hospital, tanto assistenciais quanto administrativas&rdquo;, disse.<\/span><\/span><\/div>\n<div style=\"text-align: justify;\"><span style=\"font-size: medium;\"><span style=\"font-family: arial, helvetica, sans-serif;\">&nbsp;<\/span><\/span><\/div>\n<div style=\"text-align: justify;\"><span style=\"font-size: medium;\"><span style=\"font-family: arial, helvetica, sans-serif;\">Atualmente a equipe do setor de Tecnologia da Informa&ccedil;&atilde;o do HDM possui um coordenador e&nbsp;tr&ecirc;s t&eacute;cnicos em inform&aacute;tica.<\/span><\/span><\/div><\/p>\n","protected":false},"excerpt":{"rendered":"<p>O Hospital Dom Malan\/Gest&atilde;o IMIP est&aacute; passando por uma grande reforma em seu sistema de inform&aacute;tica. Com uma nova gest&atilde;o de Tecnologia da Informa&ccedil;&atilde;o (TI), comandado pelo engenheiro da computa&ccedil;&atilde;o Allyson Wanderlei, o HDM passar&aacute; a ter um sistema informatizado de gest&atilde;o hospitalar, semelhante ao que &eacute; utilizado pelo IMIP em Recife. &nbsp; Para que esse sistema seja implantado, toda a infraestrutura de T.I do Hospital est&aacute; sendo modificada. &ldquo;No hospital existia uma rede para computadores, por&eacute;m esta rede n&atilde;o estava&nbsp;estruturada de forma adequada. Come&ccedil;amos fazendo um novo cabeamento&nbsp;para a rede de computadores, telefonia e el&eacute;trico. Adquirimos recentemente 111 computadores e seis servidores para as atividades iniciais. Viabilizamos nova sala para o departamento de T.I e no pr&oacute;ximo m&ecirc;s, vamos&hellip; <\/p>\n","protected":false},"author":0,"featured_media":0,"comment_status":"open","ping_status":"open","sticky":false,"template":"","format":"standard","meta":{"_acf_changed":false,"footnotes":""},"categories":[43],"tags":[],"class_list":["post-16809","post","type-post","status-publish","format-standard","hentry","category-sem-categoria"],"acf":[],"yoast_head":"<!-- This site is optimized with the Yoast SEO plugin v27.4 - https:\/\/yoast.com\/product\/yoast-seo-wordpress\/ -->\n<title>Sistema de Inform\u00e1tica avan\u00e7ado est\u00e1 sendo implantado no HDM\/IMIP  - Blog do Farn\u00e9sio<\/title>\n<meta name=\"robots\" content=\"index, follow, max-snippet:-1, max-image-preview:large, max-video-preview:-1\" \/>\n<link rel=\"canonical\" href=\"https:\/\/blogdofarnesio.com.br\/?p=16809\" \/>\n<meta property=\"og:locale\" content=\"pt_BR\" \/>\n<meta property=\"og:type\" content=\"article\" \/>\n<meta property=\"og:title\" content=\"Sistema de Inform\u00e1tica avan\u00e7ado est\u00e1 sendo implantado no HDM\/IMIP  - Blog do Farn\u00e9sio\" \/>\n<meta property=\"og:description\" content=\"O Hospital Dom Malan\/Gest&atilde;o IMIP est&aacute; passando por uma grande reforma em seu sistema de inform&aacute;tica. Com uma nova gest&atilde;o de Tecnologia da Informa&ccedil;&atilde;o (TI), comandado pelo engenheiro da computa&ccedil;&atilde;o Allyson Wanderlei, o HDM passar&aacute; a ter um sistema informatizado de gest&atilde;o hospitalar, semelhante ao que &eacute; utilizado pelo IMIP em Recife. &nbsp; Para que esse sistema seja implantado, toda a infraestrutura de T.I do Hospital est&aacute; sendo modificada. &ldquo;No hospital existia uma rede para computadores, por&eacute;m esta rede n&atilde;o estava&nbsp;estruturada de forma adequada. Come&ccedil;amos fazendo um novo cabeamento&nbsp;para a rede de computadores, telefonia e el&eacute;trico. Adquirimos recentemente 111 computadores e seis servidores para as atividades iniciais. Viabilizamos nova sala para o departamento de T.I e no pr&oacute;ximo m&ecirc;s, vamos&hellip;\" \/>\n<meta property=\"og:url\" content=\"https:\/\/blogdofarnesio.com.br\/?p=16809\" \/>\n<meta property=\"og:site_name\" content=\"Blog do Farn\u00e9sio\" \/>\n<meta property=\"article:publisher\" content=\"https:\/\/www.facebook.com\/BlogQuerSaberPolitica\/\" \/>\n<meta property=\"article:published_time\" content=\"2012-08-23T15:42:49+00:00\" \/>\n<meta property=\"og:image\" content=\"http:\/\/www.quersaberpolitica.com.br\/2016\/wp-content\/uploads\/2012\/12\/blogqsp.informaticaimip.jpg\" \/>\n<meta name=\"twitter:card\" content=\"summary_large_image\" \/>\n<meta name=\"twitter:label1\" content=\"Est. tempo de leitura\" \/>\n\t<meta name=\"twitter:data1\" content=\"2 minutos\" \/>\n<script type=\"application\/ld+json\" class=\"yoast-schema-graph\">{\"@context\":\"https:\\\/\\\/schema.org\",\"@graph\":[{\"@type\":\"Article\",\"@id\":\"https:\\\/\\\/blogdofarnesio.com.br\\\/?p=16809#article\",\"isPartOf\":{\"@id\":\"https:\\\/\\\/blogdofarnesio.com.br\\\/?p=16809\"},\"author\":{\"name\":\"\",\"@id\":\"\"},\"headline\":\"Sistema de Inform\u00e1tica avan\u00e7ado est\u00e1 sendo implantado no HDM\\\/IMIP\",\"datePublished\":\"2012-08-23T15:42:49+00:00\",\"mainEntityOfPage\":{\"@id\":\"https:\\\/\\\/blogdofarnesio.com.br\\\/?p=16809\"},\"wordCount\":362,\"commentCount\":0,\"publisher\":{\"@id\":\"https:\\\/\\\/blogdofarnesio.com.br\\\/#organization\"},\"image\":{\"@id\":\"https:\\\/\\\/blogdofarnesio.com.br\\\/?p=16809#primaryimage\"},\"thumbnailUrl\":\"http:\\\/\\\/www.quersaberpolitica.com.br\\\/2016\\\/wp-content\\\/uploads\\\/2012\\\/12\\\/blogqsp.informaticaimip.jpg\",\"inLanguage\":\"pt-BR\",\"potentialAction\":[{\"@type\":\"CommentAction\",\"name\":\"Comment\",\"target\":[\"https:\\\/\\\/blogdofarnesio.com.br\\\/?p=16809#respond\"]}]},{\"@type\":\"WebPage\",\"@id\":\"https:\\\/\\\/blogdofarnesio.com.br\\\/?p=16809\",\"url\":\"https:\\\/\\\/blogdofarnesio.com.br\\\/?p=16809\",\"name\":\"Sistema de Inform\u00e1tica avan\u00e7ado est\u00e1 sendo implantado no HDM\\\/IMIP - Blog do Farn\u00e9sio\",\"isPartOf\":{\"@id\":\"https:\\\/\\\/blogdofarnesio.com.br\\\/#website\"},\"primaryImageOfPage\":{\"@id\":\"https:\\\/\\\/blogdofarnesio.com.br\\\/?p=16809#primaryimage\"},\"image\":{\"@id\":\"https:\\\/\\\/blogdofarnesio.com.br\\\/?p=16809#primaryimage\"},\"thumbnailUrl\":\"http:\\\/\\\/www.quersaberpolitica.com.br\\\/2016\\\/wp-content\\\/uploads\\\/2012\\\/12\\\/blogqsp.informaticaimip.jpg\",\"datePublished\":\"2012-08-23T15:42:49+00:00\",\"breadcrumb\":{\"@id\":\"https:\\\/\\\/blogdofarnesio.com.br\\\/?p=16809#breadcrumb\"},\"inLanguage\":\"pt-BR\",\"potentialAction\":[{\"@type\":\"ReadAction\",\"target\":[\"https:\\\/\\\/blogdofarnesio.com.br\\\/?p=16809\"]}]},{\"@type\":\"ImageObject\",\"inLanguage\":\"pt-BR\",\"@id\":\"https:\\\/\\\/blogdofarnesio.com.br\\\/?p=16809#primaryimage\",\"url\":\"http:\\\/\\\/www.quersaberpolitica.com.br\\\/2016\\\/wp-content\\\/uploads\\\/2012\\\/12\\\/blogqsp.informaticaimip.jpg\",\"contentUrl\":\"http:\\\/\\\/www.quersaberpolitica.com.br\\\/2016\\\/wp-content\\\/uploads\\\/2012\\\/12\\\/blogqsp.informaticaimip.jpg\"},{\"@type\":\"BreadcrumbList\",\"@id\":\"https:\\\/\\\/blogdofarnesio.com.br\\\/?p=16809#breadcrumb\",\"itemListElement\":[{\"@type\":\"ListItem\",\"position\":1,\"name\":\"In\u00edcio\",\"item\":\"https:\\\/\\\/blogdofarnesio.com.br\\\/\"},{\"@type\":\"ListItem\",\"position\":2,\"name\":\"Sistema de Inform\u00e1tica avan\u00e7ado est\u00e1 sendo implantado no HDM\\\/IMIP\"}]},{\"@type\":\"WebSite\",\"@id\":\"https:\\\/\\\/blogdofarnesio.com.br\\\/#website\",\"url\":\"https:\\\/\\\/blogdofarnesio.com.br\\\/\",\"name\":\"Blog do Farn\u00e9sio\",\"description\":\"Quer Saber Pol\u00edtica?\",\"publisher\":{\"@id\":\"https:\\\/\\\/blogdofarnesio.com.br\\\/#organization\"},\"potentialAction\":[{\"@type\":\"SearchAction\",\"target\":{\"@type\":\"EntryPoint\",\"urlTemplate\":\"https:\\\/\\\/blogdofarnesio.com.br\\\/?s={search_term_string}\"},\"query-input\":{\"@type\":\"PropertyValueSpecification\",\"valueRequired\":true,\"valueName\":\"search_term_string\"}}],\"inLanguage\":\"pt-BR\"},{\"@type\":\"Organization\",\"@id\":\"https:\\\/\\\/blogdofarnesio.com.br\\\/#organization\",\"name\":\"Blog do Farn\u00e9sio\",\"url\":\"https:\\\/\\\/blogdofarnesio.com.br\\\/\",\"logo\":{\"@type\":\"ImageObject\",\"inLanguage\":\"pt-BR\",\"@id\":\"https:\\\/\\\/blogdofarnesio.com.br\\\/#\\\/schema\\\/logo\\\/image\\\/\",\"url\":\"https:\\\/\\\/blogdofarnesio.com.br\\\/wp-content\\\/uploads\\\/2026\\\/03\\\/cropped-logo_new-1.png\",\"contentUrl\":\"https:\\\/\\\/blogdofarnesio.com.br\\\/wp-content\\\/uploads\\\/2026\\\/03\\\/cropped-logo_new-1.png\",\"width\":881,\"height\":685,\"caption\":\"Blog do Farn\u00e9sio\"},\"image\":{\"@id\":\"https:\\\/\\\/blogdofarnesio.com.br\\\/#\\\/schema\\\/logo\\\/image\\\/\"},\"sameAs\":[\"https:\\\/\\\/www.facebook.com\\\/BlogQuerSaberPolitica\\\/\"]}]}<\/script>\n<!-- \/ Yoast SEO plugin. -->","yoast_head_json":{"title":"Sistema de Inform\u00e1tica avan\u00e7ado est\u00e1 sendo implantado no HDM\/IMIP  - Blog do Farn\u00e9sio","robots":{"index":"index","follow":"follow","max-snippet":"max-snippet:-1","max-image-preview":"max-image-preview:large","max-video-preview":"max-video-preview:-1"},"canonical":"https:\/\/blogdofarnesio.com.br\/?p=16809","og_locale":"pt_BR","og_type":"article","og_title":"Sistema de Inform\u00e1tica avan\u00e7ado est\u00e1 sendo implantado no HDM\/IMIP  - Blog do Farn\u00e9sio","og_description":"O Hospital Dom Malan\/Gest&atilde;o IMIP est&aacute; passando por uma grande reforma em seu sistema de inform&aacute;tica. Com uma nova gest&atilde;o de Tecnologia da Informa&ccedil;&atilde;o (TI), comandado pelo engenheiro da computa&ccedil;&atilde;o Allyson Wanderlei, o HDM passar&aacute; a ter um sistema informatizado de gest&atilde;o hospitalar, semelhante ao que &eacute; utilizado pelo IMIP em Recife. &nbsp; Para que esse sistema seja implantado, toda a infraestrutura de T.I do Hospital est&aacute; sendo modificada. &ldquo;No hospital existia uma rede para computadores, por&eacute;m esta rede n&atilde;o estava&nbsp;estruturada de forma adequada. Come&ccedil;amos fazendo um novo cabeamento&nbsp;para a rede de computadores, telefonia e el&eacute;trico. Adquirimos recentemente 111 computadores e seis servidores para as atividades iniciais. Viabilizamos nova sala para o departamento de T.I e no pr&oacute;ximo m&ecirc;s, vamos&hellip;","og_url":"https:\/\/blogdofarnesio.com.br\/?p=16809","og_site_name":"Blog do Farn\u00e9sio","article_publisher":"https:\/\/www.facebook.com\/BlogQuerSaberPolitica\/","article_published_time":"2012-08-23T15:42:49+00:00","og_image":[{"url":"http:\/\/www.quersaberpolitica.com.br\/2016\/wp-content\/uploads\/2012\/12\/blogqsp.informaticaimip.jpg","type":"","width":"","height":""}],"twitter_card":"summary_large_image","twitter_misc":{"Est. tempo de leitura":"2 minutos"},"schema":{"@context":"https:\/\/schema.org","@graph":[{"@type":"Article","@id":"https:\/\/blogdofarnesio.com.br\/?p=16809#article","isPartOf":{"@id":"https:\/\/blogdofarnesio.com.br\/?p=16809"},"author":{"name":"","@id":""},"headline":"Sistema de Inform\u00e1tica avan\u00e7ado est\u00e1 sendo implantado no HDM\/IMIP","datePublished":"2012-08-23T15:42:49+00:00","mainEntityOfPage":{"@id":"https:\/\/blogdofarnesio.com.br\/?p=16809"},"wordCount":362,"commentCount":0,"publisher":{"@id":"https:\/\/blogdofarnesio.com.br\/#organization"},"image":{"@id":"https:\/\/blogdofarnesio.com.br\/?p=16809#primaryimage"},"thumbnailUrl":"http:\/\/www.quersaberpolitica.com.br\/2016\/wp-content\/uploads\/2012\/12\/blogqsp.informaticaimip.jpg","inLanguage":"pt-BR","potentialAction":[{"@type":"CommentAction","name":"Comment","target":["https:\/\/blogdofarnesio.com.br\/?p=16809#respond"]}]},{"@type":"WebPage","@id":"https:\/\/blogdofarnesio.com.br\/?p=16809","url":"https:\/\/blogdofarnesio.com.br\/?p=16809","name":"Sistema de Inform\u00e1tica avan\u00e7ado est\u00e1 sendo implantado no HDM\/IMIP - Blog do Farn\u00e9sio","isPartOf":{"@id":"https:\/\/blogdofarnesio.com.br\/#website"},"primaryImageOfPage":{"@id":"https:\/\/blogdofarnesio.com.br\/?p=16809#primaryimage"},"image":{"@id":"https:\/\/blogdofarnesio.com.br\/?p=16809#primaryimage"},"thumbnailUrl":"http:\/\/www.quersaberpolitica.com.br\/2016\/wp-content\/uploads\/2012\/12\/blogqsp.informaticaimip.jpg","datePublished":"2012-08-23T15:42:49+00:00","breadcrumb":{"@id":"https:\/\/blogdofarnesio.com.br\/?p=16809#breadcrumb"},"inLanguage":"pt-BR","potentialAction":[{"@type":"ReadAction","target":["https:\/\/blogdofarnesio.com.br\/?p=16809"]}]},{"@type":"ImageObject","inLanguage":"pt-BR","@id":"https:\/\/blogdofarnesio.com.br\/?p=16809#primaryimage","url":"http:\/\/www.quersaberpolitica.com.br\/2016\/wp-content\/uploads\/2012\/12\/blogqsp.informaticaimip.jpg","contentUrl":"http:\/\/www.quersaberpolitica.com.br\/2016\/wp-content\/uploads\/2012\/12\/blogqsp.informaticaimip.jpg"},{"@type":"BreadcrumbList","@id":"https:\/\/blogdofarnesio.com.br\/?p=16809#breadcrumb","itemListElement":[{"@type":"ListItem","position":1,"name":"In\u00edcio","item":"https:\/\/blogdofarnesio.com.br\/"},{"@type":"ListItem","position":2,"name":"Sistema de Inform\u00e1tica avan\u00e7ado est\u00e1 sendo implantado no HDM\/IMIP"}]},{"@type":"WebSite","@id":"https:\/\/blogdofarnesio.com.br\/#website","url":"https:\/\/blogdofarnesio.com.br\/","name":"Blog do Farn\u00e9sio","description":"Quer Saber Pol\u00edtica?","publisher":{"@id":"https:\/\/blogdofarnesio.com.br\/#organization"},"potentialAction":[{"@type":"SearchAction","target":{"@type":"EntryPoint","urlTemplate":"https:\/\/blogdofarnesio.com.br\/?s={search_term_string}"},"query-input":{"@type":"PropertyValueSpecification","valueRequired":true,"valueName":"search_term_string"}}],"inLanguage":"pt-BR"},{"@type":"Organization","@id":"https:\/\/blogdofarnesio.com.br\/#organization","name":"Blog do Farn\u00e9sio","url":"https:\/\/blogdofarnesio.com.br\/","logo":{"@type":"ImageObject","inLanguage":"pt-BR","@id":"https:\/\/blogdofarnesio.com.br\/#\/schema\/logo\/image\/","url":"https:\/\/blogdofarnesio.com.br\/wp-content\/uploads\/2026\/03\/cropped-logo_new-1.png","contentUrl":"https:\/\/blogdofarnesio.com.br\/wp-content\/uploads\/2026\/03\/cropped-logo_new-1.png","width":881,"height":685,"caption":"Blog do Farn\u00e9sio"},"image":{"@id":"https:\/\/blogdofarnesio.com.br\/#\/schema\/logo\/image\/"},"sameAs":["https:\/\/www.facebook.com\/BlogQuerSaberPolitica\/"]}]}},"_links":{"self":[{"href":"https:\/\/blogdofarnesio.com.br\/index.php?rest_route=\/wp\/v2\/posts\/16809","targetHints":{"allow":["GET"]}}],"collection":[{"href":"https:\/\/blogdofarnesio.com.br\/index.php?rest_route=\/wp\/v2\/posts"}],"about":[{"href":"https:\/\/blogdofarnesio.com.br\/index.php?rest_route=\/wp\/v2\/types\/post"}],"replies":[{"embeddable":true,"href":"https:\/\/blogdofarnesio.com.br\/index.php?rest_route=%2Fwp%2Fv2%2Fcomments&post=16809"}],"version-history":[{"count":0,"href":"https:\/\/blogdofarnesio.com.br\/index.php?rest_route=\/wp\/v2\/posts\/16809\/revisions"}],"wp:attachment":[{"href":"https:\/\/blogdofarnesio.com.br\/index.php?rest_route=%2Fwp%2Fv2%2Fmedia&parent=16809"}],"wp:term":[{"taxonomy":"category","embeddable":true,"href":"https:\/\/blogdofarnesio.com.br\/index.php?rest_route=%2Fwp%2Fv2%2Fcategories&post=16809"},{"taxonomy":"post_tag","embeddable":true,"href":"https:\/\/blogdofarnesio.com.br\/index.php?rest_route=%2Fwp%2Fv2%2Ftags&post=16809"}],"curies":[{"name":"wp","href":"https:\/\/api.w.org\/{rel}","templated":true}]}}