{"id":16781,"date":"2012-08-25T10:32:44","date_gmt":"2012-08-25T10:32:44","guid":{"rendered":"http:\/\/www.quersaberpolitica.com.br?p=16781"},"modified":"2012-08-24T14:31:52","modified_gmt":"2012-08-24T14:31:52","slug":"educacao-e-esporte-programa-segundo-tempo-e-oferecido-aos-alunos-da-rede-municipal-em-petrolina","status":"publish","type":"post","link":"https:\/\/blogdofarnesio.com.br\/?p=16781","title":{"rendered":"Educa\u00e7\u00e3o e esporte: Programa Segundo Tempo \u00e9 oferecido aos alunos da rede municipal em Petrolina"},"content":{"rendered":"<p>&nbsp;<\/p>\n<p style=\"text-align: justify;\"><span style=\"font-size: medium;\"><span style=\"font-family: arial, helvetica, sans-serif;\"><a rel=\"lightbox\" href=\"http:\/\/www.quersaberpolitica.com.br\/2016\/wp-content\/uploads\/2012\/12\/blogqsp.segundotempo.jpg\"><img loading=\"lazy\" decoding=\"async\" style=\"float: left; margin: 5px 10px;\" src=\"http:\/\/www.quersaberpolitica.com.br\/2016\/wp-content\/uploads\/2012\/12\/blogqsp.segundotempo.jpg\" alt=\"\" width=\"200\" height=\"143\" \/><\/a>As Secretarias Municipais de Educa&ccedil;&atilde;o e Esportes promoveram nesta quarta-feira (22) o primeiro encontro da equipe do Programa Segundo Tempo que &eacute; um projeto do Governo Federal com a Prefeitura de Petrolina. Coordenadores, gestores e monitores (formados em educa&ccedil;&atilde;o fisica) se reuniram para a apresenta&ccedil;&atilde;o do programa e encaminhamento do plano pedag&oacute;gico.<\/span><\/span><\/p>\n<p style=\"text-align: justify;\"><span style=\"font-size: medium;\"><span style=\"font-family: arial, helvetica, sans-serif;\">Voltado para crian&ccedil;as, adolescentes e jovens expostos a riscos sociais, o projeto tem o objetivo de incentivar &agrave; pr&aacute;tica de esportes como um fator de desenvolvimento da cidadania e de melhoria da qualidade de vida prioritariamente em &aacute;reas de vulnerabilidade social.<\/span><\/span><\/p>\n<p style=\"text-align: justify;\"><span style=\"font-size: medium;\"><span style=\"font-family: arial, helvetica, sans-serif;\">Segundo a coordenadora do programa em Petrolina, Luzimar Amariz, as aulas\/atividades esportivas que devem ser realizadas fora do hor&aacute;rio escolar, buscam aumentar a autoestima, habilidades motoras e condi&ccedil;&otilde;es de sa&uacute;de dos participantes. &#8220;A pr&aacute;tica de atividades esportivas educacionais e a intera&ccedil;&atilde;o entre participantes s&atilde;o formas de garantir a inclus&atilde;o social. Eles ir&atilde;o desenvolver atividades esportivas e complementares, seguindo um modelo que inclui atividades como futebol, basquete, handebol, xadrez, jud&ocirc; e outras modalidades, desenvolvendo muitas habilidades e oferecendo melhor condicionamento ao corpo&#8221;, explicou.<br \/>Em Petrolina ser&atilde;o 37 escolas municipais participantes, incluindo a zona rural. Cada institui&ccedil;&atilde;o pode inscrever 100 crian&ccedil;as de seis a 17 anos. O planejamento para as aulas oferta a cada participante de no m&iacute;nimo tr&ecirc;s modalidades de esporte, com frequ&ecirc;ncia m&iacute;nima de tr&ecirc;s vezes na semana, de duas a quatro horas por dia.<br \/>O prazo final para os documentos serem entregues na Secretaria de Educa&ccedil;&atilde;o do municipio &eacute; at&eacute; o dia 28 deste m&ecirc;s.<\/span><\/span><\/p>\n<div><span style=\"font-size: medium;\"><span style=\"font-family: arial, helvetica, sans-serif;\"><br \/><\/span><\/span><\/div>\n<p>&nbsp;<\/p>\n","protected":false},"excerpt":{"rendered":"<p>&nbsp; As Secretarias Municipais de Educa&ccedil;&atilde;o e Esportes promoveram nesta quarta-feira (22) o primeiro encontro da equipe do Programa Segundo Tempo que &eacute; um projeto do Governo Federal com a Prefeitura de Petrolina. Coordenadores, gestores e monitores (formados em educa&ccedil;&atilde;o fisica) se reuniram para a apresenta&ccedil;&atilde;o do programa e encaminhamento do plano pedag&oacute;gico. Voltado para crian&ccedil;as, adolescentes e jovens expostos a riscos sociais, o projeto tem o objetivo de incentivar &agrave; pr&aacute;tica de esportes como um fator de desenvolvimento da cidadania e de melhoria da qualidade de vida prioritariamente em &aacute;reas de vulnerabilidade social. Segundo a coordenadora do programa em Petrolina, Luzimar Amariz, as aulas\/atividades esportivas que devem ser realizadas fora do hor&aacute;rio escolar, buscam aumentar a autoestima, habilidades motoras&hellip; <\/p>\n","protected":false},"author":0,"featured_media":0,"comment_status":"open","ping_status":"open","sticky":false,"template":"","format":"standard","meta":{"_acf_changed":false,"footnotes":""},"categories":[43],"tags":[],"class_list":["post-16781","post","type-post","status-publish","format-standard","hentry","category-sem-categoria"],"acf":[],"yoast_head":"<!-- This site is optimized with the Yoast SEO plugin v27.4 - https:\/\/yoast.com\/product\/yoast-seo-wordpress\/ -->\n<title>Educa\u00e7\u00e3o e esporte: Programa Segundo Tempo \u00e9 oferecido aos alunos da rede municipal em Petrolina  - Blog do Farn\u00e9sio<\/title>\n<meta name=\"robots\" content=\"index, follow, max-snippet:-1, max-image-preview:large, max-video-preview:-1\" \/>\n<link rel=\"canonical\" href=\"https:\/\/blogdofarnesio.com.br\/?p=16781\" \/>\n<meta property=\"og:locale\" content=\"pt_BR\" \/>\n<meta property=\"og:type\" content=\"article\" \/>\n<meta property=\"og:title\" content=\"Educa\u00e7\u00e3o e esporte: Programa Segundo Tempo \u00e9 oferecido aos alunos da rede municipal em Petrolina  - Blog do Farn\u00e9sio\" \/>\n<meta property=\"og:description\" content=\"&nbsp; As Secretarias Municipais de Educa&ccedil;&atilde;o e Esportes promoveram nesta quarta-feira (22) o primeiro encontro da equipe do Programa Segundo Tempo que &eacute; um projeto do Governo Federal com a Prefeitura de Petrolina. Coordenadores, gestores e monitores (formados em educa&ccedil;&atilde;o fisica) se reuniram para a apresenta&ccedil;&atilde;o do programa e encaminhamento do plano pedag&oacute;gico. Voltado para crian&ccedil;as, adolescentes e jovens expostos a riscos sociais, o projeto tem o objetivo de incentivar &agrave; pr&aacute;tica de esportes como um fator de desenvolvimento da cidadania e de melhoria da qualidade de vida prioritariamente em &aacute;reas de vulnerabilidade social. Segundo a coordenadora do programa em Petrolina, Luzimar Amariz, as aulas\/atividades esportivas que devem ser realizadas fora do hor&aacute;rio escolar, buscam aumentar a autoestima, habilidades motoras&hellip;\" \/>\n<meta property=\"og:url\" content=\"https:\/\/blogdofarnesio.com.br\/?p=16781\" \/>\n<meta property=\"og:site_name\" content=\"Blog do Farn\u00e9sio\" \/>\n<meta property=\"article:publisher\" content=\"https:\/\/www.facebook.com\/BlogQuerSaberPolitica\/\" \/>\n<meta property=\"article:published_time\" content=\"2012-08-25T10:32:44+00:00\" \/>\n<meta property=\"og:image\" content=\"http:\/\/www.quersaberpolitica.com.br\/2016\/wp-content\/uploads\/2012\/12\/blogqsp.segundotempo.jpg\" \/>\n<meta name=\"twitter:card\" content=\"summary_large_image\" \/>\n<meta name=\"twitter:label1\" content=\"Est. tempo de leitura\" \/>\n\t<meta name=\"twitter:data1\" content=\"2 minutos\" \/>\n<script type=\"application\/ld+json\" class=\"yoast-schema-graph\">{\"@context\":\"https:\\\/\\\/schema.org\",\"@graph\":[{\"@type\":\"Article\",\"@id\":\"https:\\\/\\\/blogdofarnesio.com.br\\\/?p=16781#article\",\"isPartOf\":{\"@id\":\"https:\\\/\\\/blogdofarnesio.com.br\\\/?p=16781\"},\"author\":{\"name\":\"\",\"@id\":\"\"},\"headline\":\"Educa\u00e7\u00e3o e esporte: Programa Segundo Tempo \u00e9 oferecido aos alunos da rede municipal em Petrolina\",\"datePublished\":\"2012-08-25T10:32:44+00:00\",\"mainEntityOfPage\":{\"@id\":\"https:\\\/\\\/blogdofarnesio.com.br\\\/?p=16781\"},\"wordCount\":320,\"commentCount\":0,\"publisher\":{\"@id\":\"https:\\\/\\\/blogdofarnesio.com.br\\\/#organization\"},\"image\":{\"@id\":\"https:\\\/\\\/blogdofarnesio.com.br\\\/?p=16781#primaryimage\"},\"thumbnailUrl\":\"http:\\\/\\\/www.quersaberpolitica.com.br\\\/2016\\\/wp-content\\\/uploads\\\/2012\\\/12\\\/blogqsp.segundotempo.jpg\",\"inLanguage\":\"pt-BR\",\"potentialAction\":[{\"@type\":\"CommentAction\",\"name\":\"Comment\",\"target\":[\"https:\\\/\\\/blogdofarnesio.com.br\\\/?p=16781#respond\"]}]},{\"@type\":\"WebPage\",\"@id\":\"https:\\\/\\\/blogdofarnesio.com.br\\\/?p=16781\",\"url\":\"https:\\\/\\\/blogdofarnesio.com.br\\\/?p=16781\",\"name\":\"Educa\u00e7\u00e3o e esporte: Programa Segundo Tempo \u00e9 oferecido aos alunos da rede municipal em Petrolina - Blog do Farn\u00e9sio\",\"isPartOf\":{\"@id\":\"https:\\\/\\\/blogdofarnesio.com.br\\\/#website\"},\"primaryImageOfPage\":{\"@id\":\"https:\\\/\\\/blogdofarnesio.com.br\\\/?p=16781#primaryimage\"},\"image\":{\"@id\":\"https:\\\/\\\/blogdofarnesio.com.br\\\/?p=16781#primaryimage\"},\"thumbnailUrl\":\"http:\\\/\\\/www.quersaberpolitica.com.br\\\/2016\\\/wp-content\\\/uploads\\\/2012\\\/12\\\/blogqsp.segundotempo.jpg\",\"datePublished\":\"2012-08-25T10:32:44+00:00\",\"breadcrumb\":{\"@id\":\"https:\\\/\\\/blogdofarnesio.com.br\\\/?p=16781#breadcrumb\"},\"inLanguage\":\"pt-BR\",\"potentialAction\":[{\"@type\":\"ReadAction\",\"target\":[\"https:\\\/\\\/blogdofarnesio.com.br\\\/?p=16781\"]}]},{\"@type\":\"ImageObject\",\"inLanguage\":\"pt-BR\",\"@id\":\"https:\\\/\\\/blogdofarnesio.com.br\\\/?p=16781#primaryimage\",\"url\":\"http:\\\/\\\/www.quersaberpolitica.com.br\\\/2016\\\/wp-content\\\/uploads\\\/2012\\\/12\\\/blogqsp.segundotempo.jpg\",\"contentUrl\":\"http:\\\/\\\/www.quersaberpolitica.com.br\\\/2016\\\/wp-content\\\/uploads\\\/2012\\\/12\\\/blogqsp.segundotempo.jpg\"},{\"@type\":\"BreadcrumbList\",\"@id\":\"https:\\\/\\\/blogdofarnesio.com.br\\\/?p=16781#breadcrumb\",\"itemListElement\":[{\"@type\":\"ListItem\",\"position\":1,\"name\":\"In\u00edcio\",\"item\":\"https:\\\/\\\/blogdofarnesio.com.br\\\/\"},{\"@type\":\"ListItem\",\"position\":2,\"name\":\"Educa\u00e7\u00e3o e esporte: Programa Segundo Tempo \u00e9 oferecido aos alunos da rede municipal em Petrolina\"}]},{\"@type\":\"WebSite\",\"@id\":\"https:\\\/\\\/blogdofarnesio.com.br\\\/#website\",\"url\":\"https:\\\/\\\/blogdofarnesio.com.br\\\/\",\"name\":\"Blog do Farn\u00e9sio\",\"description\":\"Quer Saber Pol\u00edtica?\",\"publisher\":{\"@id\":\"https:\\\/\\\/blogdofarnesio.com.br\\\/#organization\"},\"potentialAction\":[{\"@type\":\"SearchAction\",\"target\":{\"@type\":\"EntryPoint\",\"urlTemplate\":\"https:\\\/\\\/blogdofarnesio.com.br\\\/?s={search_term_string}\"},\"query-input\":{\"@type\":\"PropertyValueSpecification\",\"valueRequired\":true,\"valueName\":\"search_term_string\"}}],\"inLanguage\":\"pt-BR\"},{\"@type\":\"Organization\",\"@id\":\"https:\\\/\\\/blogdofarnesio.com.br\\\/#organization\",\"name\":\"Blog do Farn\u00e9sio\",\"url\":\"https:\\\/\\\/blogdofarnesio.com.br\\\/\",\"logo\":{\"@type\":\"ImageObject\",\"inLanguage\":\"pt-BR\",\"@id\":\"https:\\\/\\\/blogdofarnesio.com.br\\\/#\\\/schema\\\/logo\\\/image\\\/\",\"url\":\"https:\\\/\\\/blogdofarnesio.com.br\\\/wp-content\\\/uploads\\\/2026\\\/03\\\/cropped-logo_new-1.png\",\"contentUrl\":\"https:\\\/\\\/blogdofarnesio.com.br\\\/wp-content\\\/uploads\\\/2026\\\/03\\\/cropped-logo_new-1.png\",\"width\":881,\"height\":685,\"caption\":\"Blog do Farn\u00e9sio\"},\"image\":{\"@id\":\"https:\\\/\\\/blogdofarnesio.com.br\\\/#\\\/schema\\\/logo\\\/image\\\/\"},\"sameAs\":[\"https:\\\/\\\/www.facebook.com\\\/BlogQuerSaberPolitica\\\/\"]}]}<\/script>\n<!-- \/ Yoast SEO plugin. -->","yoast_head_json":{"title":"Educa\u00e7\u00e3o e esporte: Programa Segundo Tempo \u00e9 oferecido aos alunos da rede municipal em Petrolina  - Blog do Farn\u00e9sio","robots":{"index":"index","follow":"follow","max-snippet":"max-snippet:-1","max-image-preview":"max-image-preview:large","max-video-preview":"max-video-preview:-1"},"canonical":"https:\/\/blogdofarnesio.com.br\/?p=16781","og_locale":"pt_BR","og_type":"article","og_title":"Educa\u00e7\u00e3o e esporte: Programa Segundo Tempo \u00e9 oferecido aos alunos da rede municipal em Petrolina  - Blog do Farn\u00e9sio","og_description":"&nbsp; As Secretarias Municipais de Educa&ccedil;&atilde;o e Esportes promoveram nesta quarta-feira (22) o primeiro encontro da equipe do Programa Segundo Tempo que &eacute; um projeto do Governo Federal com a Prefeitura de Petrolina. Coordenadores, gestores e monitores (formados em educa&ccedil;&atilde;o fisica) se reuniram para a apresenta&ccedil;&atilde;o do programa e encaminhamento do plano pedag&oacute;gico. Voltado para crian&ccedil;as, adolescentes e jovens expostos a riscos sociais, o projeto tem o objetivo de incentivar &agrave; pr&aacute;tica de esportes como um fator de desenvolvimento da cidadania e de melhoria da qualidade de vida prioritariamente em &aacute;reas de vulnerabilidade social. Segundo a coordenadora do programa em Petrolina, Luzimar Amariz, as aulas\/atividades esportivas que devem ser realizadas fora do hor&aacute;rio escolar, buscam aumentar a autoestima, habilidades motoras&hellip;","og_url":"https:\/\/blogdofarnesio.com.br\/?p=16781","og_site_name":"Blog do Farn\u00e9sio","article_publisher":"https:\/\/www.facebook.com\/BlogQuerSaberPolitica\/","article_published_time":"2012-08-25T10:32:44+00:00","og_image":[{"url":"http:\/\/www.quersaberpolitica.com.br\/2016\/wp-content\/uploads\/2012\/12\/blogqsp.segundotempo.jpg","type":"","width":"","height":""}],"twitter_card":"summary_large_image","twitter_misc":{"Est. tempo de leitura":"2 minutos"},"schema":{"@context":"https:\/\/schema.org","@graph":[{"@type":"Article","@id":"https:\/\/blogdofarnesio.com.br\/?p=16781#article","isPartOf":{"@id":"https:\/\/blogdofarnesio.com.br\/?p=16781"},"author":{"name":"","@id":""},"headline":"Educa\u00e7\u00e3o e esporte: Programa Segundo Tempo \u00e9 oferecido aos alunos da rede municipal em Petrolina","datePublished":"2012-08-25T10:32:44+00:00","mainEntityOfPage":{"@id":"https:\/\/blogdofarnesio.com.br\/?p=16781"},"wordCount":320,"commentCount":0,"publisher":{"@id":"https:\/\/blogdofarnesio.com.br\/#organization"},"image":{"@id":"https:\/\/blogdofarnesio.com.br\/?p=16781#primaryimage"},"thumbnailUrl":"http:\/\/www.quersaberpolitica.com.br\/2016\/wp-content\/uploads\/2012\/12\/blogqsp.segundotempo.jpg","inLanguage":"pt-BR","potentialAction":[{"@type":"CommentAction","name":"Comment","target":["https:\/\/blogdofarnesio.com.br\/?p=16781#respond"]}]},{"@type":"WebPage","@id":"https:\/\/blogdofarnesio.com.br\/?p=16781","url":"https:\/\/blogdofarnesio.com.br\/?p=16781","name":"Educa\u00e7\u00e3o e esporte: Programa Segundo Tempo \u00e9 oferecido aos alunos da rede municipal em Petrolina - Blog do Farn\u00e9sio","isPartOf":{"@id":"https:\/\/blogdofarnesio.com.br\/#website"},"primaryImageOfPage":{"@id":"https:\/\/blogdofarnesio.com.br\/?p=16781#primaryimage"},"image":{"@id":"https:\/\/blogdofarnesio.com.br\/?p=16781#primaryimage"},"thumbnailUrl":"http:\/\/www.quersaberpolitica.com.br\/2016\/wp-content\/uploads\/2012\/12\/blogqsp.segundotempo.jpg","datePublished":"2012-08-25T10:32:44+00:00","breadcrumb":{"@id":"https:\/\/blogdofarnesio.com.br\/?p=16781#breadcrumb"},"inLanguage":"pt-BR","potentialAction":[{"@type":"ReadAction","target":["https:\/\/blogdofarnesio.com.br\/?p=16781"]}]},{"@type":"ImageObject","inLanguage":"pt-BR","@id":"https:\/\/blogdofarnesio.com.br\/?p=16781#primaryimage","url":"http:\/\/www.quersaberpolitica.com.br\/2016\/wp-content\/uploads\/2012\/12\/blogqsp.segundotempo.jpg","contentUrl":"http:\/\/www.quersaberpolitica.com.br\/2016\/wp-content\/uploads\/2012\/12\/blogqsp.segundotempo.jpg"},{"@type":"BreadcrumbList","@id":"https:\/\/blogdofarnesio.com.br\/?p=16781#breadcrumb","itemListElement":[{"@type":"ListItem","position":1,"name":"In\u00edcio","item":"https:\/\/blogdofarnesio.com.br\/"},{"@type":"ListItem","position":2,"name":"Educa\u00e7\u00e3o e esporte: Programa Segundo Tempo \u00e9 oferecido aos alunos da rede municipal em Petrolina"}]},{"@type":"WebSite","@id":"https:\/\/blogdofarnesio.com.br\/#website","url":"https:\/\/blogdofarnesio.com.br\/","name":"Blog do Farn\u00e9sio","description":"Quer Saber Pol\u00edtica?","publisher":{"@id":"https:\/\/blogdofarnesio.com.br\/#organization"},"potentialAction":[{"@type":"SearchAction","target":{"@type":"EntryPoint","urlTemplate":"https:\/\/blogdofarnesio.com.br\/?s={search_term_string}"},"query-input":{"@type":"PropertyValueSpecification","valueRequired":true,"valueName":"search_term_string"}}],"inLanguage":"pt-BR"},{"@type":"Organization","@id":"https:\/\/blogdofarnesio.com.br\/#organization","name":"Blog do Farn\u00e9sio","url":"https:\/\/blogdofarnesio.com.br\/","logo":{"@type":"ImageObject","inLanguage":"pt-BR","@id":"https:\/\/blogdofarnesio.com.br\/#\/schema\/logo\/image\/","url":"https:\/\/blogdofarnesio.com.br\/wp-content\/uploads\/2026\/03\/cropped-logo_new-1.png","contentUrl":"https:\/\/blogdofarnesio.com.br\/wp-content\/uploads\/2026\/03\/cropped-logo_new-1.png","width":881,"height":685,"caption":"Blog do Farn\u00e9sio"},"image":{"@id":"https:\/\/blogdofarnesio.com.br\/#\/schema\/logo\/image\/"},"sameAs":["https:\/\/www.facebook.com\/BlogQuerSaberPolitica\/"]}]}},"_links":{"self":[{"href":"https:\/\/blogdofarnesio.com.br\/index.php?rest_route=\/wp\/v2\/posts\/16781","targetHints":{"allow":["GET"]}}],"collection":[{"href":"https:\/\/blogdofarnesio.com.br\/index.php?rest_route=\/wp\/v2\/posts"}],"about":[{"href":"https:\/\/blogdofarnesio.com.br\/index.php?rest_route=\/wp\/v2\/types\/post"}],"replies":[{"embeddable":true,"href":"https:\/\/blogdofarnesio.com.br\/index.php?rest_route=%2Fwp%2Fv2%2Fcomments&post=16781"}],"version-history":[{"count":0,"href":"https:\/\/blogdofarnesio.com.br\/index.php?rest_route=\/wp\/v2\/posts\/16781\/revisions"}],"wp:attachment":[{"href":"https:\/\/blogdofarnesio.com.br\/index.php?rest_route=%2Fwp%2Fv2%2Fmedia&parent=16781"}],"wp:term":[{"taxonomy":"category","embeddable":true,"href":"https:\/\/blogdofarnesio.com.br\/index.php?rest_route=%2Fwp%2Fv2%2Fcategories&post=16781"},{"taxonomy":"post_tag","embeddable":true,"href":"https:\/\/blogdofarnesio.com.br\/index.php?rest_route=%2Fwp%2Fv2%2Ftags&post=16781"}],"curies":[{"name":"wp","href":"https:\/\/api.w.org\/{rel}","templated":true}]}}