{"id":167236,"date":"2017-05-24T17:32:37","date_gmt":"2017-05-24T20:32:37","guid":{"rendered":"http:\/\/quersaberpolitica.com.br\/2016\/?p=167236"},"modified":"2017-05-24T17:27:56","modified_gmt":"2017-05-24T20:27:56","slug":"urgente-temer-convoca-exercito-para-conter-manifestacoes-em-brasilia","status":"publish","type":"post","link":"https:\/\/blogdofarnesio.com.br\/?p=167236","title":{"rendered":"URGENTE: TEMER CONVOCA EX\u00c9RCITO PARA CONTER MANIFESTA\u00c7\u00d5ES EM BRAS\u00cdLIA"},"content":{"rendered":"<p><strong>Bras\u00edlia 247<\/strong> \u2013 Investigado pelo Minist\u00e9rio P\u00fablico Federal por corrup\u00e7\u00e3o, organiza\u00e7\u00e3o criminosa e obstru\u00e7\u00e3o judicial, Michel Temer assinou decreto em que coloca tropas federais nas ruas do Distrito Federal por uma semana.<\/p>\n<p>A informa\u00e7\u00e3o foi dada pelo ministro da Defesa, Raul Jungmann, em coletiva de imprensa durante confus\u00e3o em Bras\u00edlia ap\u00f3s repress\u00e3o da Pol\u00edcia Militar contra manifestantes que protestavam contra as reformas do governo, pela sa\u00edda de Temer e por elei\u00e7\u00f5es diretas.<\/p>\n<p>&#8220;O senhor presidente da Rep\u00fablica decretou, por solicita\u00e7\u00e3o do presidente da C\u00e2mara, uma a\u00e7\u00e3o de garantia da lei e da ordem&#8221;, anunciou Jungmann, que disse que Temer n\u00e3o ir\u00e1 aceitar baderna. &#8220;O senhor presidente da Rep\u00fablica faz quest\u00e3o de ressaltar que \u00e9 inaceit\u00e1vel baderna, inaceit\u00e1vel o descontrole e que ele n\u00e3o permitir\u00e1 que atos como esse venham a turbar o processo que se desenvolve de foram democr\u00e1tica e com respeito \u00e0s institui\u00e7\u00f5es&#8221;, afirmou.<\/p>\n<p>&#8220;Atendendo \u00e0 solicita\u00e7\u00e3o do senhor presidente da C\u00e2mara dos Deputados, Rodrigo Maia, mas tamb\u00e9m levando em conta fundamentalmente uma manifesta\u00e7\u00e3o que estava prevista como pac\u00edfica. Ela degringolou \u00e0 viol\u00eancia, vandalismo, desrespeito, agress\u00e3o ao patrim\u00f4nio p\u00fablico e na amea\u00e7a \u00e0s pessoas, muitas delas servidores que se encontram aterrorizados&#8221;, acrescentou o ministro, em seu pronunciamento.<\/p>\n<p>A decis\u00e3o praticamente coloca o Brasil em estado de s\u00edtio, no momento em que mais de 85% dos brasileiros desejam a sa\u00edda de Temer e elei\u00e7\u00f5es diretas para presidente. Bras\u00edlia entrou em chamas com os protestos contra as reformas de um governo ileg\u00edtimo, que chegou ao poder por meio de um golpe parlamentar.<\/p>\n<div class=\"cs_img \">\n<p><a class=\"photoViewer\" title=\"\" href=\"http:\/\/www.brasil247.com\/images\/cms-image-000546558.jpg\"><img decoding=\"async\" src=\"http:\/\/www.brasil247.com\/get_img?ImageWidth=603&amp;ImageHeight=1124&amp;ImageId=546558\" border=\"0\" \/><\/a><\/p>\n<\/div>\n","protected":false},"excerpt":{"rendered":"<p>Bras\u00edlia 247 \u2013 Investigado pelo Minist\u00e9rio P\u00fablico Federal por corrup\u00e7\u00e3o, organiza\u00e7\u00e3o criminosa e obstru\u00e7\u00e3o judicial, Michel Temer assinou decreto em que coloca tropas federais nas ruas do Distrito Federal por uma semana. A informa\u00e7\u00e3o foi dada pelo ministro da Defesa, Raul Jungmann, em coletiva de imprensa durante confus\u00e3o em Bras\u00edlia ap\u00f3s repress\u00e3o da Pol\u00edcia Militar contra manifestantes que protestavam contra as reformas do governo, pela sa\u00edda de Temer e por elei\u00e7\u00f5es diretas. &#8220;O senhor presidente da Rep\u00fablica decretou, por solicita\u00e7\u00e3o do presidente da C\u00e2mara, uma a\u00e7\u00e3o de garantia da lei e da ordem&#8221;, anunciou Jungmann, que disse que Temer n\u00e3o ir\u00e1 aceitar baderna. &#8220;O senhor presidente da Rep\u00fablica faz quest\u00e3o de ressaltar que \u00e9 inaceit\u00e1vel baderna, inaceit\u00e1vel o descontrole e&hellip; <\/p>\n","protected":false},"author":1,"featured_media":167237,"comment_status":"open","ping_status":"open","sticky":false,"template":"","format":"standard","meta":{"_acf_changed":false,"footnotes":""},"categories":[1],"tags":[],"class_list":["post-167236","post","type-post","status-publish","format-standard","has-post-thumbnail","hentry","category-politica"],"acf":[],"yoast_head":"<!-- This site is optimized with the Yoast SEO plugin v27.4 - https:\/\/yoast.com\/product\/yoast-seo-wordpress\/ -->\n<title>URGENTE: TEMER CONVOCA EX\u00c9RCITO PARA CONTER MANIFESTA\u00c7\u00d5ES EM BRAS\u00cdLIA - Blog do Farn\u00e9sio<\/title>\n<meta name=\"robots\" content=\"index, follow, max-snippet:-1, max-image-preview:large, max-video-preview:-1\" \/>\n<link rel=\"canonical\" href=\"https:\/\/blogdofarnesio.com.br\/?p=167236\" \/>\n<meta property=\"og:locale\" content=\"pt_BR\" \/>\n<meta property=\"og:type\" content=\"article\" \/>\n<meta property=\"og:title\" content=\"URGENTE: TEMER CONVOCA EX\u00c9RCITO PARA CONTER MANIFESTA\u00c7\u00d5ES EM BRAS\u00cdLIA - Blog do Farn\u00e9sio\" \/>\n<meta property=\"og:description\" content=\"Bras\u00edlia 247 \u2013 Investigado pelo Minist\u00e9rio P\u00fablico Federal por corrup\u00e7\u00e3o, organiza\u00e7\u00e3o criminosa e obstru\u00e7\u00e3o judicial, Michel Temer assinou decreto em que coloca tropas federais nas ruas do Distrito Federal por uma semana. A informa\u00e7\u00e3o foi dada pelo ministro da Defesa, Raul Jungmann, em coletiva de imprensa durante confus\u00e3o em Bras\u00edlia ap\u00f3s repress\u00e3o da Pol\u00edcia Militar contra manifestantes que protestavam contra as reformas do governo, pela sa\u00edda de Temer e por elei\u00e7\u00f5es diretas. &#8220;O senhor presidente da Rep\u00fablica decretou, por solicita\u00e7\u00e3o do presidente da C\u00e2mara, uma a\u00e7\u00e3o de garantia da lei e da ordem&#8221;, anunciou Jungmann, que disse que Temer n\u00e3o ir\u00e1 aceitar baderna. &#8220;O senhor presidente da Rep\u00fablica faz quest\u00e3o de ressaltar que \u00e9 inaceit\u00e1vel baderna, inaceit\u00e1vel o descontrole e&hellip;\" \/>\n<meta property=\"og:url\" content=\"https:\/\/blogdofarnesio.com.br\/?p=167236\" \/>\n<meta property=\"og:site_name\" content=\"Blog do Farn\u00e9sio\" \/>\n<meta property=\"article:publisher\" content=\"https:\/\/www.facebook.com\/BlogQuerSaberPolitica\/\" \/>\n<meta property=\"article:published_time\" content=\"2017-05-24T20:32:37+00:00\" \/>\n<meta property=\"og:image\" content=\"https:\/\/blogdofarnesio.com.br\/wp-content\/uploads\/2017\/05\/blogqsptemerexercitobrasilia-24-05-17-br247-e1495657651498.jpg\" \/>\n\t<meta property=\"og:image:width\" content=\"600\" \/>\n\t<meta property=\"og:image:height\" content=\"214\" \/>\n\t<meta property=\"og:image:type\" content=\"image\/jpeg\" \/>\n<meta name=\"author\" content=\"Farn\u00e9sio\" \/>\n<meta name=\"twitter:card\" content=\"summary_large_image\" \/>\n<meta name=\"twitter:label1\" content=\"Escrito por\" \/>\n\t<meta name=\"twitter:data1\" content=\"Farn\u00e9sio\" \/>\n\t<meta name=\"twitter:label2\" content=\"Est. tempo de leitura\" \/>\n\t<meta name=\"twitter:data2\" content=\"1 minuto\" \/>\n<script type=\"application\/ld+json\" class=\"yoast-schema-graph\">{\"@context\":\"https:\\\/\\\/schema.org\",\"@graph\":[{\"@type\":\"Article\",\"@id\":\"https:\\\/\\\/blogdofarnesio.com.br\\\/?p=167236#article\",\"isPartOf\":{\"@id\":\"https:\\\/\\\/blogdofarnesio.com.br\\\/?p=167236\"},\"author\":{\"name\":\"Farn\u00e9sio\",\"@id\":\"https:\\\/\\\/blogdofarnesio.com.br\\\/#\\\/schema\\\/person\\\/301c4acf522bccbfdb45af95b5b906a1\"},\"headline\":\"URGENTE: TEMER CONVOCA EX\u00c9RCITO PARA CONTER MANIFESTA\u00c7\u00d5ES EM BRAS\u00cdLIA\",\"datePublished\":\"2017-05-24T20:32:37+00:00\",\"mainEntityOfPage\":{\"@id\":\"https:\\\/\\\/blogdofarnesio.com.br\\\/?p=167236\"},\"wordCount\":299,\"commentCount\":0,\"publisher\":{\"@id\":\"https:\\\/\\\/blogdofarnesio.com.br\\\/#organization\"},\"image\":{\"@id\":\"https:\\\/\\\/blogdofarnesio.com.br\\\/?p=167236#primaryimage\"},\"thumbnailUrl\":\"https:\\\/\\\/blogdofarnesio.com.br\\\/wp-content\\\/uploads\\\/2017\\\/05\\\/blogqsptemerexercitobrasilia-24-05-17-br247-e1495657651498.jpg\",\"articleSection\":[\"Pol\u00edtica\"],\"inLanguage\":\"pt-BR\",\"potentialAction\":[{\"@type\":\"CommentAction\",\"name\":\"Comment\",\"target\":[\"https:\\\/\\\/blogdofarnesio.com.br\\\/?p=167236#respond\"]}]},{\"@type\":\"WebPage\",\"@id\":\"https:\\\/\\\/blogdofarnesio.com.br\\\/?p=167236\",\"url\":\"https:\\\/\\\/blogdofarnesio.com.br\\\/?p=167236\",\"name\":\"URGENTE: TEMER CONVOCA EX\u00c9RCITO PARA CONTER MANIFESTA\u00c7\u00d5ES EM BRAS\u00cdLIA - Blog do Farn\u00e9sio\",\"isPartOf\":{\"@id\":\"https:\\\/\\\/blogdofarnesio.com.br\\\/#website\"},\"primaryImageOfPage\":{\"@id\":\"https:\\\/\\\/blogdofarnesio.com.br\\\/?p=167236#primaryimage\"},\"image\":{\"@id\":\"https:\\\/\\\/blogdofarnesio.com.br\\\/?p=167236#primaryimage\"},\"thumbnailUrl\":\"https:\\\/\\\/blogdofarnesio.com.br\\\/wp-content\\\/uploads\\\/2017\\\/05\\\/blogqsptemerexercitobrasilia-24-05-17-br247-e1495657651498.jpg\",\"datePublished\":\"2017-05-24T20:32:37+00:00\",\"breadcrumb\":{\"@id\":\"https:\\\/\\\/blogdofarnesio.com.br\\\/?p=167236#breadcrumb\"},\"inLanguage\":\"pt-BR\",\"potentialAction\":[{\"@type\":\"ReadAction\",\"target\":[\"https:\\\/\\\/blogdofarnesio.com.br\\\/?p=167236\"]}]},{\"@type\":\"ImageObject\",\"inLanguage\":\"pt-BR\",\"@id\":\"https:\\\/\\\/blogdofarnesio.com.br\\\/?p=167236#primaryimage\",\"url\":\"https:\\\/\\\/blogdofarnesio.com.br\\\/wp-content\\\/uploads\\\/2017\\\/05\\\/blogqsptemerexercitobrasilia-24-05-17-br247-e1495657651498.jpg\",\"contentUrl\":\"https:\\\/\\\/blogdofarnesio.com.br\\\/wp-content\\\/uploads\\\/2017\\\/05\\\/blogqsptemerexercitobrasilia-24-05-17-br247-e1495657651498.jpg\",\"width\":600,\"height\":214},{\"@type\":\"BreadcrumbList\",\"@id\":\"https:\\\/\\\/blogdofarnesio.com.br\\\/?p=167236#breadcrumb\",\"itemListElement\":[{\"@type\":\"ListItem\",\"position\":1,\"name\":\"In\u00edcio\",\"item\":\"https:\\\/\\\/blogdofarnesio.com.br\\\/\"},{\"@type\":\"ListItem\",\"position\":2,\"name\":\"URGENTE: TEMER CONVOCA EX\u00c9RCITO PARA CONTER MANIFESTA\u00c7\u00d5ES EM BRAS\u00cdLIA\"}]},{\"@type\":\"WebSite\",\"@id\":\"https:\\\/\\\/blogdofarnesio.com.br\\\/#website\",\"url\":\"https:\\\/\\\/blogdofarnesio.com.br\\\/\",\"name\":\"Blog do Farn\u00e9sio\",\"description\":\"Quer Saber Pol\u00edtica?\",\"publisher\":{\"@id\":\"https:\\\/\\\/blogdofarnesio.com.br\\\/#organization\"},\"potentialAction\":[{\"@type\":\"SearchAction\",\"target\":{\"@type\":\"EntryPoint\",\"urlTemplate\":\"https:\\\/\\\/blogdofarnesio.com.br\\\/?s={search_term_string}\"},\"query-input\":{\"@type\":\"PropertyValueSpecification\",\"valueRequired\":true,\"valueName\":\"search_term_string\"}}],\"inLanguage\":\"pt-BR\"},{\"@type\":\"Organization\",\"@id\":\"https:\\\/\\\/blogdofarnesio.com.br\\\/#organization\",\"name\":\"Blog do Farn\u00e9sio\",\"url\":\"https:\\\/\\\/blogdofarnesio.com.br\\\/\",\"logo\":{\"@type\":\"ImageObject\",\"inLanguage\":\"pt-BR\",\"@id\":\"https:\\\/\\\/blogdofarnesio.com.br\\\/#\\\/schema\\\/logo\\\/image\\\/\",\"url\":\"https:\\\/\\\/blogdofarnesio.com.br\\\/wp-content\\\/uploads\\\/2026\\\/03\\\/cropped-logo_new-1.png\",\"contentUrl\":\"https:\\\/\\\/blogdofarnesio.com.br\\\/wp-content\\\/uploads\\\/2026\\\/03\\\/cropped-logo_new-1.png\",\"width\":881,\"height\":685,\"caption\":\"Blog do Farn\u00e9sio\"},\"image\":{\"@id\":\"https:\\\/\\\/blogdofarnesio.com.br\\\/#\\\/schema\\\/logo\\\/image\\\/\"},\"sameAs\":[\"https:\\\/\\\/www.facebook.com\\\/BlogQuerSaberPolitica\\\/\"]},{\"@type\":\"Person\",\"@id\":\"https:\\\/\\\/blogdofarnesio.com.br\\\/#\\\/schema\\\/person\\\/301c4acf522bccbfdb45af95b5b906a1\",\"name\":\"Farn\u00e9sio\",\"image\":{\"@type\":\"ImageObject\",\"inLanguage\":\"pt-BR\",\"@id\":\"https:\\\/\\\/secure.gravatar.com\\\/avatar\\\/df0c9a14567c056f8ad6876ba5bbd1e3e2c48023eb6807342fc4663adf549f38?s=96&d=mm&r=g\",\"url\":\"https:\\\/\\\/secure.gravatar.com\\\/avatar\\\/df0c9a14567c056f8ad6876ba5bbd1e3e2c48023eb6807342fc4663adf549f38?s=96&d=mm&r=g\",\"contentUrl\":\"https:\\\/\\\/secure.gravatar.com\\\/avatar\\\/df0c9a14567c056f8ad6876ba5bbd1e3e2c48023eb6807342fc4663adf549f38?s=96&d=mm&r=g\",\"caption\":\"Farn\u00e9sio\"},\"sameAs\":[\"https:\\\/\\\/quersaberpolitica.com.br\"],\"url\":\"https:\\\/\\\/blogdofarnesio.com.br\\\/?author=1\"}]}<\/script>\n<!-- \/ Yoast SEO plugin. -->","yoast_head_json":{"title":"URGENTE: TEMER CONVOCA EX\u00c9RCITO PARA CONTER MANIFESTA\u00c7\u00d5ES EM BRAS\u00cdLIA - Blog do Farn\u00e9sio","robots":{"index":"index","follow":"follow","max-snippet":"max-snippet:-1","max-image-preview":"max-image-preview:large","max-video-preview":"max-video-preview:-1"},"canonical":"https:\/\/blogdofarnesio.com.br\/?p=167236","og_locale":"pt_BR","og_type":"article","og_title":"URGENTE: TEMER CONVOCA EX\u00c9RCITO PARA CONTER MANIFESTA\u00c7\u00d5ES EM BRAS\u00cdLIA - Blog do Farn\u00e9sio","og_description":"Bras\u00edlia 247 \u2013 Investigado pelo Minist\u00e9rio P\u00fablico Federal por corrup\u00e7\u00e3o, organiza\u00e7\u00e3o criminosa e obstru\u00e7\u00e3o judicial, Michel Temer assinou decreto em que coloca tropas federais nas ruas do Distrito Federal por uma semana. A informa\u00e7\u00e3o foi dada pelo ministro da Defesa, Raul Jungmann, em coletiva de imprensa durante confus\u00e3o em Bras\u00edlia ap\u00f3s repress\u00e3o da Pol\u00edcia Militar contra manifestantes que protestavam contra as reformas do governo, pela sa\u00edda de Temer e por elei\u00e7\u00f5es diretas. &#8220;O senhor presidente da Rep\u00fablica decretou, por solicita\u00e7\u00e3o do presidente da C\u00e2mara, uma a\u00e7\u00e3o de garantia da lei e da ordem&#8221;, anunciou Jungmann, que disse que Temer n\u00e3o ir\u00e1 aceitar baderna. &#8220;O senhor presidente da Rep\u00fablica faz quest\u00e3o de ressaltar que \u00e9 inaceit\u00e1vel baderna, inaceit\u00e1vel o descontrole e&hellip;","og_url":"https:\/\/blogdofarnesio.com.br\/?p=167236","og_site_name":"Blog do Farn\u00e9sio","article_publisher":"https:\/\/www.facebook.com\/BlogQuerSaberPolitica\/","article_published_time":"2017-05-24T20:32:37+00:00","og_image":[{"width":600,"height":214,"url":"https:\/\/blogdofarnesio.com.br\/wp-content\/uploads\/2017\/05\/blogqsptemerexercitobrasilia-24-05-17-br247-e1495657651498.jpg","type":"image\/jpeg"}],"author":"Farn\u00e9sio","twitter_card":"summary_large_image","twitter_misc":{"Escrito por":"Farn\u00e9sio","Est. tempo de leitura":"1 minuto"},"schema":{"@context":"https:\/\/schema.org","@graph":[{"@type":"Article","@id":"https:\/\/blogdofarnesio.com.br\/?p=167236#article","isPartOf":{"@id":"https:\/\/blogdofarnesio.com.br\/?p=167236"},"author":{"name":"Farn\u00e9sio","@id":"https:\/\/blogdofarnesio.com.br\/#\/schema\/person\/301c4acf522bccbfdb45af95b5b906a1"},"headline":"URGENTE: TEMER CONVOCA EX\u00c9RCITO PARA CONTER MANIFESTA\u00c7\u00d5ES EM BRAS\u00cdLIA","datePublished":"2017-05-24T20:32:37+00:00","mainEntityOfPage":{"@id":"https:\/\/blogdofarnesio.com.br\/?p=167236"},"wordCount":299,"commentCount":0,"publisher":{"@id":"https:\/\/blogdofarnesio.com.br\/#organization"},"image":{"@id":"https:\/\/blogdofarnesio.com.br\/?p=167236#primaryimage"},"thumbnailUrl":"https:\/\/blogdofarnesio.com.br\/wp-content\/uploads\/2017\/05\/blogqsptemerexercitobrasilia-24-05-17-br247-e1495657651498.jpg","articleSection":["Pol\u00edtica"],"inLanguage":"pt-BR","potentialAction":[{"@type":"CommentAction","name":"Comment","target":["https:\/\/blogdofarnesio.com.br\/?p=167236#respond"]}]},{"@type":"WebPage","@id":"https:\/\/blogdofarnesio.com.br\/?p=167236","url":"https:\/\/blogdofarnesio.com.br\/?p=167236","name":"URGENTE: TEMER CONVOCA EX\u00c9RCITO PARA CONTER MANIFESTA\u00c7\u00d5ES EM BRAS\u00cdLIA - Blog do Farn\u00e9sio","isPartOf":{"@id":"https:\/\/blogdofarnesio.com.br\/#website"},"primaryImageOfPage":{"@id":"https:\/\/blogdofarnesio.com.br\/?p=167236#primaryimage"},"image":{"@id":"https:\/\/blogdofarnesio.com.br\/?p=167236#primaryimage"},"thumbnailUrl":"https:\/\/blogdofarnesio.com.br\/wp-content\/uploads\/2017\/05\/blogqsptemerexercitobrasilia-24-05-17-br247-e1495657651498.jpg","datePublished":"2017-05-24T20:32:37+00:00","breadcrumb":{"@id":"https:\/\/blogdofarnesio.com.br\/?p=167236#breadcrumb"},"inLanguage":"pt-BR","potentialAction":[{"@type":"ReadAction","target":["https:\/\/blogdofarnesio.com.br\/?p=167236"]}]},{"@type":"ImageObject","inLanguage":"pt-BR","@id":"https:\/\/blogdofarnesio.com.br\/?p=167236#primaryimage","url":"https:\/\/blogdofarnesio.com.br\/wp-content\/uploads\/2017\/05\/blogqsptemerexercitobrasilia-24-05-17-br247-e1495657651498.jpg","contentUrl":"https:\/\/blogdofarnesio.com.br\/wp-content\/uploads\/2017\/05\/blogqsptemerexercitobrasilia-24-05-17-br247-e1495657651498.jpg","width":600,"height":214},{"@type":"BreadcrumbList","@id":"https:\/\/blogdofarnesio.com.br\/?p=167236#breadcrumb","itemListElement":[{"@type":"ListItem","position":1,"name":"In\u00edcio","item":"https:\/\/blogdofarnesio.com.br\/"},{"@type":"ListItem","position":2,"name":"URGENTE: TEMER CONVOCA EX\u00c9RCITO PARA CONTER MANIFESTA\u00c7\u00d5ES EM BRAS\u00cdLIA"}]},{"@type":"WebSite","@id":"https:\/\/blogdofarnesio.com.br\/#website","url":"https:\/\/blogdofarnesio.com.br\/","name":"Blog do Farn\u00e9sio","description":"Quer Saber Pol\u00edtica?","publisher":{"@id":"https:\/\/blogdofarnesio.com.br\/#organization"},"potentialAction":[{"@type":"SearchAction","target":{"@type":"EntryPoint","urlTemplate":"https:\/\/blogdofarnesio.com.br\/?s={search_term_string}"},"query-input":{"@type":"PropertyValueSpecification","valueRequired":true,"valueName":"search_term_string"}}],"inLanguage":"pt-BR"},{"@type":"Organization","@id":"https:\/\/blogdofarnesio.com.br\/#organization","name":"Blog do Farn\u00e9sio","url":"https:\/\/blogdofarnesio.com.br\/","logo":{"@type":"ImageObject","inLanguage":"pt-BR","@id":"https:\/\/blogdofarnesio.com.br\/#\/schema\/logo\/image\/","url":"https:\/\/blogdofarnesio.com.br\/wp-content\/uploads\/2026\/03\/cropped-logo_new-1.png","contentUrl":"https:\/\/blogdofarnesio.com.br\/wp-content\/uploads\/2026\/03\/cropped-logo_new-1.png","width":881,"height":685,"caption":"Blog do Farn\u00e9sio"},"image":{"@id":"https:\/\/blogdofarnesio.com.br\/#\/schema\/logo\/image\/"},"sameAs":["https:\/\/www.facebook.com\/BlogQuerSaberPolitica\/"]},{"@type":"Person","@id":"https:\/\/blogdofarnesio.com.br\/#\/schema\/person\/301c4acf522bccbfdb45af95b5b906a1","name":"Farn\u00e9sio","image":{"@type":"ImageObject","inLanguage":"pt-BR","@id":"https:\/\/secure.gravatar.com\/avatar\/df0c9a14567c056f8ad6876ba5bbd1e3e2c48023eb6807342fc4663adf549f38?s=96&d=mm&r=g","url":"https:\/\/secure.gravatar.com\/avatar\/df0c9a14567c056f8ad6876ba5bbd1e3e2c48023eb6807342fc4663adf549f38?s=96&d=mm&r=g","contentUrl":"https:\/\/secure.gravatar.com\/avatar\/df0c9a14567c056f8ad6876ba5bbd1e3e2c48023eb6807342fc4663adf549f38?s=96&d=mm&r=g","caption":"Farn\u00e9sio"},"sameAs":["https:\/\/quersaberpolitica.com.br"],"url":"https:\/\/blogdofarnesio.com.br\/?author=1"}]}},"_links":{"self":[{"href":"https:\/\/blogdofarnesio.com.br\/index.php?rest_route=\/wp\/v2\/posts\/167236","targetHints":{"allow":["GET"]}}],"collection":[{"href":"https:\/\/blogdofarnesio.com.br\/index.php?rest_route=\/wp\/v2\/posts"}],"about":[{"href":"https:\/\/blogdofarnesio.com.br\/index.php?rest_route=\/wp\/v2\/types\/post"}],"author":[{"embeddable":true,"href":"https:\/\/blogdofarnesio.com.br\/index.php?rest_route=\/wp\/v2\/users\/1"}],"replies":[{"embeddable":true,"href":"https:\/\/blogdofarnesio.com.br\/index.php?rest_route=%2Fwp%2Fv2%2Fcomments&post=167236"}],"version-history":[{"count":0,"href":"https:\/\/blogdofarnesio.com.br\/index.php?rest_route=\/wp\/v2\/posts\/167236\/revisions"}],"wp:featuredmedia":[{"embeddable":true,"href":"https:\/\/blogdofarnesio.com.br\/index.php?rest_route=\/wp\/v2\/media\/167237"}],"wp:attachment":[{"href":"https:\/\/blogdofarnesio.com.br\/index.php?rest_route=%2Fwp%2Fv2%2Fmedia&parent=167236"}],"wp:term":[{"taxonomy":"category","embeddable":true,"href":"https:\/\/blogdofarnesio.com.br\/index.php?rest_route=%2Fwp%2Fv2%2Fcategories&post=167236"},{"taxonomy":"post_tag","embeddable":true,"href":"https:\/\/blogdofarnesio.com.br\/index.php?rest_route=%2Fwp%2Fv2%2Ftags&post=167236"}],"curies":[{"name":"wp","href":"https:\/\/api.w.org\/{rel}","templated":true}]}}