{"id":167051,"date":"2017-05-23T13:00:36","date_gmt":"2017-05-23T16:00:36","guid":{"rendered":"http:\/\/quersaberpolitica.com.br\/2016\/?p=167051"},"modified":"2017-05-23T10:32:49","modified_gmt":"2017-05-23T13:32:49","slug":"cnbb-diz-que-bispos-tem-autonomia-para-se-posicionar-politicamente","status":"publish","type":"post","link":"https:\/\/blogdofarnesio.com.br\/?p=167051","title":{"rendered":"CNBB DIZ QUE BISPOS T\u00caM AUTONOMIA PARA SE POSICIONAR POLITICAMENTE"},"content":{"rendered":"<p class=\"titulo-materia\" style=\"text-align: justify;\">Nem progressista, nem conservadora. &#8220;A Confer\u00eancia Nacional dos Bispos do Brasil (CNBB) est\u00e1 no centro, sujeita a pauladas \u00e0 direita e \u00e0 esquerda&#8221;, definiu o arcebispo de Salvador e vice-presidente da entidade, d. Murilo Krieger, ao tra\u00e7ar o perfil do episcopado em 2017. Centro significa para ele bom senso, entendimento e unidade nas horas de crise, quando a Igreja deve tomar uma posi\u00e7\u00e3o clara e orientar os cat\u00f3licos sobre como agir diante dos problemas nacionais. Por exemplo agora, na discuss\u00e3o das reformas da Previd\u00eancia e das leis trabalhistas.<\/p>\n<div id=\"noticia_corpodanoticia\" class=\"t13 manipularFonte\">\n<p style=\"text-align: justify;\">A coincid\u00eancia dos debates e vota\u00e7\u00e3o dessas mat\u00e9rias no Congresso, em abril, com a 55.\u00aa Assembleia-Geral da CNBB em Aparecida levou v\u00e1rios bispos a se pronunciarem sobre a convoca\u00e7\u00e3o da greve geral, incentivando os fi\u00e9is a sair \u00e0s ruas para exigir do governo um indispens\u00e1vel di\u00e1logo. Outros 60 pegaram o microfone do plen\u00e1rio para se manifestar a favor dos protestos do povo contra as reformas consideradas prejudiciais aos direitos dos trabalhadores.<\/p>\n<p style=\"text-align: justify;\">Os bispos que tomaram posi\u00e7\u00f5es pr\u00f3prias, ao orientar seus diocesanos sobre as manifesta\u00e7\u00f5es, foram al\u00e9m das mensagens da CNBB, porque falaram concretamente da greve.<\/p>\n<p style=\"text-align: justify;\">&#8220;No momento atual, n\u00e3o se pode calar diante de tanta dificuldade&#8221;, alerta o arcebispo de Olinda e Recife, d. Ant\u00f4nio Fernando Saburido, citando as reformas da Previd\u00eancia e da CLT, &#8220;que est\u00e3o sendo impostas de cima para baixo sem di\u00e1logo, com pressa, prejudicando sobretudo os pobres&#8221;. Em sua avalia\u00e7\u00e3o, os bispos que, como ele, incentivaram seus diocesanos a sair \u00e0s ruas seguem a orienta\u00e7\u00e3o da CNBB e n\u00e3o devem, por isso, ser considerados de esquerda.<\/p>\n<p style=\"text-align: justify;\">Nomes como o de d. Saburido surgem como l\u00edderes mais avan\u00e7ados em uma CNBB de centro. S\u00e3o esses: d. Jos\u00e9 Belis\u00e1rio da Silva (S\u00e3o Lu\u00eds), d. Manoel Delson Pedreira da Cruz (Para\u00edba), entre outros.<\/p>\n<p>Ne 10<\/p>\n<\/div>\n","protected":false},"excerpt":{"rendered":"<p>Nem progressista, nem conservadora. &#8220;A Confer\u00eancia Nacional dos Bispos do Brasil (CNBB) est\u00e1 no centro, sujeita a pauladas \u00e0 direita e \u00e0 esquerda&#8221;, definiu o arcebispo de Salvador e vice-presidente da entidade, d. Murilo Krieger, ao tra\u00e7ar o perfil do episcopado em 2017. Centro significa para ele bom senso, entendimento e unidade nas horas de crise, quando a Igreja deve tomar uma posi\u00e7\u00e3o clara e orientar os cat\u00f3licos sobre como agir diante dos problemas nacionais. Por exemplo agora, na discuss\u00e3o das reformas da Previd\u00eancia e das leis trabalhistas. A coincid\u00eancia dos debates e vota\u00e7\u00e3o dessas mat\u00e9rias no Congresso, em abril, com a 55.\u00aa Assembleia-Geral da CNBB em Aparecida levou v\u00e1rios bispos a se pronunciarem sobre a convoca\u00e7\u00e3o da greve geral,&hellip; <\/p>\n","protected":false},"author":1,"featured_media":167052,"comment_status":"open","ping_status":"open","sticky":false,"template":"","format":"standard","meta":{"_acf_changed":false,"footnotes":""},"categories":[44],"tags":[],"class_list":["post-167051","post","type-post","status-publish","format-standard","has-post-thumbnail","hentry","category-administracao"],"acf":[],"yoast_head":"<!-- This site is optimized with the Yoast SEO plugin v27.4 - https:\/\/yoast.com\/product\/yoast-seo-wordpress\/ -->\n<title>CNBB DIZ QUE BISPOS T\u00caM AUTONOMIA PARA SE POSICIONAR POLITICAMENTE - Blog do Farn\u00e9sio<\/title>\n<meta name=\"robots\" content=\"index, follow, max-snippet:-1, max-image-preview:large, max-video-preview:-1\" \/>\n<link rel=\"canonical\" href=\"https:\/\/blogdofarnesio.com.br\/?p=167051\" \/>\n<meta property=\"og:locale\" content=\"pt_BR\" \/>\n<meta property=\"og:type\" content=\"article\" \/>\n<meta property=\"og:title\" content=\"CNBB DIZ QUE BISPOS T\u00caM AUTONOMIA PARA SE POSICIONAR POLITICAMENTE - Blog do Farn\u00e9sio\" \/>\n<meta property=\"og:description\" content=\"Nem progressista, nem conservadora. &#8220;A Confer\u00eancia Nacional dos Bispos do Brasil (CNBB) est\u00e1 no centro, sujeita a pauladas \u00e0 direita e \u00e0 esquerda&#8221;, definiu o arcebispo de Salvador e vice-presidente da entidade, d. Murilo Krieger, ao tra\u00e7ar o perfil do episcopado em 2017. Centro significa para ele bom senso, entendimento e unidade nas horas de crise, quando a Igreja deve tomar uma posi\u00e7\u00e3o clara e orientar os cat\u00f3licos sobre como agir diante dos problemas nacionais. Por exemplo agora, na discuss\u00e3o das reformas da Previd\u00eancia e das leis trabalhistas. A coincid\u00eancia dos debates e vota\u00e7\u00e3o dessas mat\u00e9rias no Congresso, em abril, com a 55.\u00aa Assembleia-Geral da CNBB em Aparecida levou v\u00e1rios bispos a se pronunciarem sobre a convoca\u00e7\u00e3o da greve geral,&hellip;\" \/>\n<meta property=\"og:url\" content=\"https:\/\/blogdofarnesio.com.br\/?p=167051\" \/>\n<meta property=\"og:site_name\" content=\"Blog do Farn\u00e9sio\" \/>\n<meta property=\"article:publisher\" content=\"https:\/\/www.facebook.com\/BlogQuerSaberPolitica\/\" \/>\n<meta property=\"article:published_time\" content=\"2017-05-23T16:00:36+00:00\" \/>\n<meta property=\"og:image\" content=\"https:\/\/blogdofarnesio.com.br\/wp-content\/uploads\/2017\/05\/blogqsp-confe-cnbb.jpg\" \/>\n\t<meta property=\"og:image:width\" content=\"470\" \/>\n\t<meta property=\"og:image:height\" content=\"230\" \/>\n\t<meta property=\"og:image:type\" content=\"image\/jpeg\" \/>\n<meta name=\"author\" content=\"Farn\u00e9sio\" \/>\n<meta name=\"twitter:card\" content=\"summary_large_image\" \/>\n<meta name=\"twitter:label1\" content=\"Escrito por\" \/>\n\t<meta name=\"twitter:data1\" content=\"Farn\u00e9sio\" \/>\n\t<meta name=\"twitter:label2\" content=\"Est. tempo de leitura\" \/>\n\t<meta name=\"twitter:data2\" content=\"2 minutos\" \/>\n<script type=\"application\/ld+json\" class=\"yoast-schema-graph\">{\"@context\":\"https:\\\/\\\/schema.org\",\"@graph\":[{\"@type\":\"Article\",\"@id\":\"https:\\\/\\\/blogdofarnesio.com.br\\\/?p=167051#article\",\"isPartOf\":{\"@id\":\"https:\\\/\\\/blogdofarnesio.com.br\\\/?p=167051\"},\"author\":{\"name\":\"Farn\u00e9sio\",\"@id\":\"https:\\\/\\\/blogdofarnesio.com.br\\\/#\\\/schema\\\/person\\\/301c4acf522bccbfdb45af95b5b906a1\"},\"headline\":\"CNBB DIZ QUE BISPOS T\u00caM AUTONOMIA PARA SE POSICIONAR POLITICAMENTE\",\"datePublished\":\"2017-05-23T16:00:36+00:00\",\"mainEntityOfPage\":{\"@id\":\"https:\\\/\\\/blogdofarnesio.com.br\\\/?p=167051\"},\"wordCount\":333,\"commentCount\":0,\"publisher\":{\"@id\":\"https:\\\/\\\/blogdofarnesio.com.br\\\/#organization\"},\"image\":{\"@id\":\"https:\\\/\\\/blogdofarnesio.com.br\\\/?p=167051#primaryimage\"},\"thumbnailUrl\":\"https:\\\/\\\/blogdofarnesio.com.br\\\/wp-content\\\/uploads\\\/2017\\\/05\\\/blogqsp-confe-cnbb.jpg\",\"articleSection\":[\"Administra\u00e7\u00e3o\"],\"inLanguage\":\"pt-BR\",\"potentialAction\":[{\"@type\":\"CommentAction\",\"name\":\"Comment\",\"target\":[\"https:\\\/\\\/blogdofarnesio.com.br\\\/?p=167051#respond\"]}]},{\"@type\":\"WebPage\",\"@id\":\"https:\\\/\\\/blogdofarnesio.com.br\\\/?p=167051\",\"url\":\"https:\\\/\\\/blogdofarnesio.com.br\\\/?p=167051\",\"name\":\"CNBB DIZ QUE BISPOS T\u00caM AUTONOMIA PARA SE POSICIONAR POLITICAMENTE - Blog do Farn\u00e9sio\",\"isPartOf\":{\"@id\":\"https:\\\/\\\/blogdofarnesio.com.br\\\/#website\"},\"primaryImageOfPage\":{\"@id\":\"https:\\\/\\\/blogdofarnesio.com.br\\\/?p=167051#primaryimage\"},\"image\":{\"@id\":\"https:\\\/\\\/blogdofarnesio.com.br\\\/?p=167051#primaryimage\"},\"thumbnailUrl\":\"https:\\\/\\\/blogdofarnesio.com.br\\\/wp-content\\\/uploads\\\/2017\\\/05\\\/blogqsp-confe-cnbb.jpg\",\"datePublished\":\"2017-05-23T16:00:36+00:00\",\"breadcrumb\":{\"@id\":\"https:\\\/\\\/blogdofarnesio.com.br\\\/?p=167051#breadcrumb\"},\"inLanguage\":\"pt-BR\",\"potentialAction\":[{\"@type\":\"ReadAction\",\"target\":[\"https:\\\/\\\/blogdofarnesio.com.br\\\/?p=167051\"]}]},{\"@type\":\"ImageObject\",\"inLanguage\":\"pt-BR\",\"@id\":\"https:\\\/\\\/blogdofarnesio.com.br\\\/?p=167051#primaryimage\",\"url\":\"https:\\\/\\\/blogdofarnesio.com.br\\\/wp-content\\\/uploads\\\/2017\\\/05\\\/blogqsp-confe-cnbb.jpg\",\"contentUrl\":\"https:\\\/\\\/blogdofarnesio.com.br\\\/wp-content\\\/uploads\\\/2017\\\/05\\\/blogqsp-confe-cnbb.jpg\",\"width\":470,\"height\":230},{\"@type\":\"BreadcrumbList\",\"@id\":\"https:\\\/\\\/blogdofarnesio.com.br\\\/?p=167051#breadcrumb\",\"itemListElement\":[{\"@type\":\"ListItem\",\"position\":1,\"name\":\"In\u00edcio\",\"item\":\"https:\\\/\\\/blogdofarnesio.com.br\\\/\"},{\"@type\":\"ListItem\",\"position\":2,\"name\":\"CNBB DIZ QUE BISPOS T\u00caM AUTONOMIA PARA SE POSICIONAR POLITICAMENTE\"}]},{\"@type\":\"WebSite\",\"@id\":\"https:\\\/\\\/blogdofarnesio.com.br\\\/#website\",\"url\":\"https:\\\/\\\/blogdofarnesio.com.br\\\/\",\"name\":\"Blog do Farn\u00e9sio\",\"description\":\"Quer Saber Pol\u00edtica?\",\"publisher\":{\"@id\":\"https:\\\/\\\/blogdofarnesio.com.br\\\/#organization\"},\"potentialAction\":[{\"@type\":\"SearchAction\",\"target\":{\"@type\":\"EntryPoint\",\"urlTemplate\":\"https:\\\/\\\/blogdofarnesio.com.br\\\/?s={search_term_string}\"},\"query-input\":{\"@type\":\"PropertyValueSpecification\",\"valueRequired\":true,\"valueName\":\"search_term_string\"}}],\"inLanguage\":\"pt-BR\"},{\"@type\":\"Organization\",\"@id\":\"https:\\\/\\\/blogdofarnesio.com.br\\\/#organization\",\"name\":\"Blog do Farn\u00e9sio\",\"url\":\"https:\\\/\\\/blogdofarnesio.com.br\\\/\",\"logo\":{\"@type\":\"ImageObject\",\"inLanguage\":\"pt-BR\",\"@id\":\"https:\\\/\\\/blogdofarnesio.com.br\\\/#\\\/schema\\\/logo\\\/image\\\/\",\"url\":\"https:\\\/\\\/blogdofarnesio.com.br\\\/wp-content\\\/uploads\\\/2026\\\/03\\\/cropped-logo_new-1.png\",\"contentUrl\":\"https:\\\/\\\/blogdofarnesio.com.br\\\/wp-content\\\/uploads\\\/2026\\\/03\\\/cropped-logo_new-1.png\",\"width\":881,\"height\":685,\"caption\":\"Blog do Farn\u00e9sio\"},\"image\":{\"@id\":\"https:\\\/\\\/blogdofarnesio.com.br\\\/#\\\/schema\\\/logo\\\/image\\\/\"},\"sameAs\":[\"https:\\\/\\\/www.facebook.com\\\/BlogQuerSaberPolitica\\\/\"]},{\"@type\":\"Person\",\"@id\":\"https:\\\/\\\/blogdofarnesio.com.br\\\/#\\\/schema\\\/person\\\/301c4acf522bccbfdb45af95b5b906a1\",\"name\":\"Farn\u00e9sio\",\"image\":{\"@type\":\"ImageObject\",\"inLanguage\":\"pt-BR\",\"@id\":\"https:\\\/\\\/secure.gravatar.com\\\/avatar\\\/df0c9a14567c056f8ad6876ba5bbd1e3e2c48023eb6807342fc4663adf549f38?s=96&d=mm&r=g\",\"url\":\"https:\\\/\\\/secure.gravatar.com\\\/avatar\\\/df0c9a14567c056f8ad6876ba5bbd1e3e2c48023eb6807342fc4663adf549f38?s=96&d=mm&r=g\",\"contentUrl\":\"https:\\\/\\\/secure.gravatar.com\\\/avatar\\\/df0c9a14567c056f8ad6876ba5bbd1e3e2c48023eb6807342fc4663adf549f38?s=96&d=mm&r=g\",\"caption\":\"Farn\u00e9sio\"},\"sameAs\":[\"https:\\\/\\\/quersaberpolitica.com.br\"],\"url\":\"https:\\\/\\\/blogdofarnesio.com.br\\\/?author=1\"}]}<\/script>\n<!-- \/ Yoast SEO plugin. -->","yoast_head_json":{"title":"CNBB DIZ QUE BISPOS T\u00caM AUTONOMIA PARA SE POSICIONAR POLITICAMENTE - Blog do Farn\u00e9sio","robots":{"index":"index","follow":"follow","max-snippet":"max-snippet:-1","max-image-preview":"max-image-preview:large","max-video-preview":"max-video-preview:-1"},"canonical":"https:\/\/blogdofarnesio.com.br\/?p=167051","og_locale":"pt_BR","og_type":"article","og_title":"CNBB DIZ QUE BISPOS T\u00caM AUTONOMIA PARA SE POSICIONAR POLITICAMENTE - Blog do Farn\u00e9sio","og_description":"Nem progressista, nem conservadora. &#8220;A Confer\u00eancia Nacional dos Bispos do Brasil (CNBB) est\u00e1 no centro, sujeita a pauladas \u00e0 direita e \u00e0 esquerda&#8221;, definiu o arcebispo de Salvador e vice-presidente da entidade, d. Murilo Krieger, ao tra\u00e7ar o perfil do episcopado em 2017. Centro significa para ele bom senso, entendimento e unidade nas horas de crise, quando a Igreja deve tomar uma posi\u00e7\u00e3o clara e orientar os cat\u00f3licos sobre como agir diante dos problemas nacionais. Por exemplo agora, na discuss\u00e3o das reformas da Previd\u00eancia e das leis trabalhistas. A coincid\u00eancia dos debates e vota\u00e7\u00e3o dessas mat\u00e9rias no Congresso, em abril, com a 55.\u00aa Assembleia-Geral da CNBB em Aparecida levou v\u00e1rios bispos a se pronunciarem sobre a convoca\u00e7\u00e3o da greve geral,&hellip;","og_url":"https:\/\/blogdofarnesio.com.br\/?p=167051","og_site_name":"Blog do Farn\u00e9sio","article_publisher":"https:\/\/www.facebook.com\/BlogQuerSaberPolitica\/","article_published_time":"2017-05-23T16:00:36+00:00","og_image":[{"width":470,"height":230,"url":"https:\/\/blogdofarnesio.com.br\/wp-content\/uploads\/2017\/05\/blogqsp-confe-cnbb.jpg","type":"image\/jpeg"}],"author":"Farn\u00e9sio","twitter_card":"summary_large_image","twitter_misc":{"Escrito por":"Farn\u00e9sio","Est. tempo de leitura":"2 minutos"},"schema":{"@context":"https:\/\/schema.org","@graph":[{"@type":"Article","@id":"https:\/\/blogdofarnesio.com.br\/?p=167051#article","isPartOf":{"@id":"https:\/\/blogdofarnesio.com.br\/?p=167051"},"author":{"name":"Farn\u00e9sio","@id":"https:\/\/blogdofarnesio.com.br\/#\/schema\/person\/301c4acf522bccbfdb45af95b5b906a1"},"headline":"CNBB DIZ QUE BISPOS T\u00caM AUTONOMIA PARA SE POSICIONAR POLITICAMENTE","datePublished":"2017-05-23T16:00:36+00:00","mainEntityOfPage":{"@id":"https:\/\/blogdofarnesio.com.br\/?p=167051"},"wordCount":333,"commentCount":0,"publisher":{"@id":"https:\/\/blogdofarnesio.com.br\/#organization"},"image":{"@id":"https:\/\/blogdofarnesio.com.br\/?p=167051#primaryimage"},"thumbnailUrl":"https:\/\/blogdofarnesio.com.br\/wp-content\/uploads\/2017\/05\/blogqsp-confe-cnbb.jpg","articleSection":["Administra\u00e7\u00e3o"],"inLanguage":"pt-BR","potentialAction":[{"@type":"CommentAction","name":"Comment","target":["https:\/\/blogdofarnesio.com.br\/?p=167051#respond"]}]},{"@type":"WebPage","@id":"https:\/\/blogdofarnesio.com.br\/?p=167051","url":"https:\/\/blogdofarnesio.com.br\/?p=167051","name":"CNBB DIZ QUE BISPOS T\u00caM AUTONOMIA PARA SE POSICIONAR POLITICAMENTE - Blog do Farn\u00e9sio","isPartOf":{"@id":"https:\/\/blogdofarnesio.com.br\/#website"},"primaryImageOfPage":{"@id":"https:\/\/blogdofarnesio.com.br\/?p=167051#primaryimage"},"image":{"@id":"https:\/\/blogdofarnesio.com.br\/?p=167051#primaryimage"},"thumbnailUrl":"https:\/\/blogdofarnesio.com.br\/wp-content\/uploads\/2017\/05\/blogqsp-confe-cnbb.jpg","datePublished":"2017-05-23T16:00:36+00:00","breadcrumb":{"@id":"https:\/\/blogdofarnesio.com.br\/?p=167051#breadcrumb"},"inLanguage":"pt-BR","potentialAction":[{"@type":"ReadAction","target":["https:\/\/blogdofarnesio.com.br\/?p=167051"]}]},{"@type":"ImageObject","inLanguage":"pt-BR","@id":"https:\/\/blogdofarnesio.com.br\/?p=167051#primaryimage","url":"https:\/\/blogdofarnesio.com.br\/wp-content\/uploads\/2017\/05\/blogqsp-confe-cnbb.jpg","contentUrl":"https:\/\/blogdofarnesio.com.br\/wp-content\/uploads\/2017\/05\/blogqsp-confe-cnbb.jpg","width":470,"height":230},{"@type":"BreadcrumbList","@id":"https:\/\/blogdofarnesio.com.br\/?p=167051#breadcrumb","itemListElement":[{"@type":"ListItem","position":1,"name":"In\u00edcio","item":"https:\/\/blogdofarnesio.com.br\/"},{"@type":"ListItem","position":2,"name":"CNBB DIZ QUE BISPOS T\u00caM AUTONOMIA PARA SE POSICIONAR POLITICAMENTE"}]},{"@type":"WebSite","@id":"https:\/\/blogdofarnesio.com.br\/#website","url":"https:\/\/blogdofarnesio.com.br\/","name":"Blog do Farn\u00e9sio","description":"Quer Saber Pol\u00edtica?","publisher":{"@id":"https:\/\/blogdofarnesio.com.br\/#organization"},"potentialAction":[{"@type":"SearchAction","target":{"@type":"EntryPoint","urlTemplate":"https:\/\/blogdofarnesio.com.br\/?s={search_term_string}"},"query-input":{"@type":"PropertyValueSpecification","valueRequired":true,"valueName":"search_term_string"}}],"inLanguage":"pt-BR"},{"@type":"Organization","@id":"https:\/\/blogdofarnesio.com.br\/#organization","name":"Blog do Farn\u00e9sio","url":"https:\/\/blogdofarnesio.com.br\/","logo":{"@type":"ImageObject","inLanguage":"pt-BR","@id":"https:\/\/blogdofarnesio.com.br\/#\/schema\/logo\/image\/","url":"https:\/\/blogdofarnesio.com.br\/wp-content\/uploads\/2026\/03\/cropped-logo_new-1.png","contentUrl":"https:\/\/blogdofarnesio.com.br\/wp-content\/uploads\/2026\/03\/cropped-logo_new-1.png","width":881,"height":685,"caption":"Blog do Farn\u00e9sio"},"image":{"@id":"https:\/\/blogdofarnesio.com.br\/#\/schema\/logo\/image\/"},"sameAs":["https:\/\/www.facebook.com\/BlogQuerSaberPolitica\/"]},{"@type":"Person","@id":"https:\/\/blogdofarnesio.com.br\/#\/schema\/person\/301c4acf522bccbfdb45af95b5b906a1","name":"Farn\u00e9sio","image":{"@type":"ImageObject","inLanguage":"pt-BR","@id":"https:\/\/secure.gravatar.com\/avatar\/df0c9a14567c056f8ad6876ba5bbd1e3e2c48023eb6807342fc4663adf549f38?s=96&d=mm&r=g","url":"https:\/\/secure.gravatar.com\/avatar\/df0c9a14567c056f8ad6876ba5bbd1e3e2c48023eb6807342fc4663adf549f38?s=96&d=mm&r=g","contentUrl":"https:\/\/secure.gravatar.com\/avatar\/df0c9a14567c056f8ad6876ba5bbd1e3e2c48023eb6807342fc4663adf549f38?s=96&d=mm&r=g","caption":"Farn\u00e9sio"},"sameAs":["https:\/\/quersaberpolitica.com.br"],"url":"https:\/\/blogdofarnesio.com.br\/?author=1"}]}},"_links":{"self":[{"href":"https:\/\/blogdofarnesio.com.br\/index.php?rest_route=\/wp\/v2\/posts\/167051","targetHints":{"allow":["GET"]}}],"collection":[{"href":"https:\/\/blogdofarnesio.com.br\/index.php?rest_route=\/wp\/v2\/posts"}],"about":[{"href":"https:\/\/blogdofarnesio.com.br\/index.php?rest_route=\/wp\/v2\/types\/post"}],"author":[{"embeddable":true,"href":"https:\/\/blogdofarnesio.com.br\/index.php?rest_route=\/wp\/v2\/users\/1"}],"replies":[{"embeddable":true,"href":"https:\/\/blogdofarnesio.com.br\/index.php?rest_route=%2Fwp%2Fv2%2Fcomments&post=167051"}],"version-history":[{"count":0,"href":"https:\/\/blogdofarnesio.com.br\/index.php?rest_route=\/wp\/v2\/posts\/167051\/revisions"}],"wp:featuredmedia":[{"embeddable":true,"href":"https:\/\/blogdofarnesio.com.br\/index.php?rest_route=\/wp\/v2\/media\/167052"}],"wp:attachment":[{"href":"https:\/\/blogdofarnesio.com.br\/index.php?rest_route=%2Fwp%2Fv2%2Fmedia&parent=167051"}],"wp:term":[{"taxonomy":"category","embeddable":true,"href":"https:\/\/blogdofarnesio.com.br\/index.php?rest_route=%2Fwp%2Fv2%2Fcategories&post=167051"},{"taxonomy":"post_tag","embeddable":true,"href":"https:\/\/blogdofarnesio.com.br\/index.php?rest_route=%2Fwp%2Fv2%2Ftags&post=167051"}],"curies":[{"name":"wp","href":"https:\/\/api.w.org\/{rel}","templated":true}]}}