{"id":16641,"date":"2012-08-17T07:23:31","date_gmt":"2012-08-17T07:23:31","guid":{"rendered":"http:\/\/www.quersaberpolitica.com.br?p=16641"},"modified":"-0001-11-30T00:00:00","modified_gmt":"-0001-11-30T03:00:00","slug":"prefeitura-divulga-cronograma-da-unidade-movel-de-atendimento-medico-para-a-zona-rural-de-petrolina","status":"publish","type":"post","link":"https:\/\/blogdofarnesio.com.br\/?p=16641","title":{"rendered":"Prefeitura divulga cronograma da Unidade M\u00f3vel de Atendimento M\u00e9dico para a zona rural de Petrolina"},"content":{"rendered":"<p><a style=\"font-family: arial, helvetica, sans-serif; font-size: medium; text-align: justify;\" rel=\"lightbox\" href=\"http:\/\/www.quersaberpolitica.com.br\/2016\/wp-content\/uploads\/2012\/12\/blogqspunidademovelsaudepetrolina.jpg\"><img loading=\"lazy\" decoding=\"async\" style=\"float: right; margin: 5px 10px;\" src=\"http:\/\/www.quersaberpolitica.com.br\/2016\/wp-content\/uploads\/2012\/12\/blogqspunidademovelsaudepetrolina.jpg\" alt=\"\" width=\"200\" height=\"150\" \/><\/a><span style=\"font-family: arial, helvetica, sans-serif; font-size: medium; text-align: justify;\">Entre os dias 20 e 25 de agosto, a Unidade M&oacute;vel de Atendimento M&eacute;dico da Secretaria Municipal de Sa&uacute;de de Petrolina visitar&aacute; os Assentamentos Maria Gorette, S&atilde;o Francisco, Rio Pontal, Mansueto de Lavor e as localidades de Porto de Palha e Porto da Ilha. A Unidade chega a esses locais levando uma equipe, composta por um m&eacute;dico e uma t&eacute;cnica de enfermagem, que acolhe o paciente, verifica a press&atilde;o arterial, dispensa medicamentos e solicita os exames necess&aacute;rios. Para se consultar, basta ir ao encontro da equipe. N&atilde;o &eacute; necess&aacute;rio realizar agendamento.<\/span><br style=\"font-family: arial, helvetica, sans-serif; font-size: medium; text-align: justify;\" \/><br style=\"font-family: arial, helvetica, sans-serif; font-size: medium; text-align: justify;\" \/><br style=\"font-family: arial, helvetica, sans-serif; font-size: medium; text-align: justify;\" \/><span style=\"font-family: arial, helvetica, sans-serif; font-size: medium; text-align: justify;\">CRONOGRAMA DA UNIDADE M&Oacute;VEL DE ATENDIMENTO M&Eacute;DICO<\/span><br style=\"font-family: arial, helvetica, sans-serif; font-size: medium; text-align: justify;\" \/><br style=\"font-family: arial, helvetica, sans-serif; font-size: medium; text-align: justify;\" \/><br style=\"font-family: arial, helvetica, sans-serif; font-size: medium; text-align: justify;\" \/><span style=\"font-family: arial, helvetica, sans-serif; font-size: medium; text-align: justify;\">20\/08 &#8211; ASSENTAMETO MARIA GORETTE<\/span><br style=\"font-family: arial, helvetica, sans-serif; font-size: medium; text-align: justify;\" \/><br style=\"font-family: arial, helvetica, sans-serif; font-size: medium; text-align: justify;\" \/><span style=\"font-family: arial, helvetica, sans-serif; font-size: medium; text-align: justify;\">21\/08 &#8211; ASSENTAMENTO S&Atilde;O FRANCISCO<\/span><br style=\"font-family: arial, helvetica, sans-serif; font-size: medium; text-align: justify;\" \/><br style=\"font-family: arial, helvetica, sans-serif; font-size: medium; text-align: justify;\" \/><span style=\"font-family: arial, helvetica, sans-serif; font-size: medium; text-align: justify;\">22\/08 &#8211; ASSENTAMENTO RIO PONTAL<\/span><br style=\"font-family: arial, helvetica, sans-serif; font-size: medium; text-align: justify;\" \/><br style=\"font-family: arial, helvetica, sans-serif; font-size: medium; text-align: justify;\" \/><span style=\"font-family: arial, helvetica, sans-serif; font-size: medium; text-align: justify;\">23\/08 &#8211; ASSENTAMENTO MANSUETO DE LAVOR<\/span><br style=\"font-family: arial, helvetica, sans-serif; font-size: medium; text-align: justify;\" \/><br style=\"font-family: arial, helvetica, sans-serif; font-size: medium; text-align: justify;\" \/><span style=\"font-family: arial, helvetica, sans-serif; font-size: medium; text-align: justify;\">24\/08 &#8211; PORTO DE PALHA<\/span><br style=\"font-family: arial, helvetica, sans-serif; font-size: medium; text-align: justify;\" \/><br style=\"font-family: arial, helvetica, sans-serif; font-size: medium; text-align: justify;\" \/><span style=\"font-family: arial, helvetica, sans-serif; font-size: medium; text-align: justify;\">25\/08 &#8211; PORTO DA ILHA<\/span><\/p>\n","protected":false},"excerpt":{"rendered":"<p>Entre os dias 20 e 25 de agosto, a Unidade M&oacute;vel de Atendimento M&eacute;dico da Secretaria Municipal de Sa&uacute;de de Petrolina visitar&aacute; os Assentamentos Maria Gorette, S&atilde;o Francisco, Rio Pontal, Mansueto de Lavor e as localidades de Porto de Palha e Porto da Ilha. A Unidade chega a esses locais levando uma equipe, composta por um m&eacute;dico e uma t&eacute;cnica de enfermagem, que acolhe o paciente, verifica a press&atilde;o arterial, dispensa medicamentos e solicita os exames necess&aacute;rios. Para se consultar, basta ir ao encontro da equipe. N&atilde;o &eacute; necess&aacute;rio realizar agendamento.CRONOGRAMA DA UNIDADE M&Oacute;VEL DE ATENDIMENTO M&Eacute;DICO20\/08 &#8211; ASSENTAMETO MARIA GORETTE21\/08 &#8211; ASSENTAMENTO S&Atilde;O FRANCISCO22\/08 &#8211; ASSENTAMENTO RIO PONTAL23\/08 &#8211; ASSENTAMENTO MANSUETO DE LAVOR24\/08 &#8211; PORTO DE PALHA25\/08 &#8211; PORTO&hellip; <\/p>\n","protected":false},"author":0,"featured_media":0,"comment_status":"open","ping_status":"open","sticky":false,"template":"","format":"standard","meta":{"_acf_changed":false,"footnotes":""},"categories":[43],"tags":[],"class_list":["post-16641","post","type-post","status-publish","format-standard","hentry","category-sem-categoria"],"acf":[],"yoast_head":"<!-- This site is optimized with the Yoast SEO plugin v27.4 - https:\/\/yoast.com\/product\/yoast-seo-wordpress\/ -->\n<title>Prefeitura divulga cronograma da Unidade M\u00f3vel de Atendimento M\u00e9dico para a zona rural de Petrolina  - Blog do Farn\u00e9sio<\/title>\n<meta name=\"robots\" content=\"index, follow, max-snippet:-1, max-image-preview:large, max-video-preview:-1\" \/>\n<link rel=\"canonical\" href=\"https:\/\/blogdofarnesio.com.br\/?p=16641\" \/>\n<meta property=\"og:locale\" content=\"pt_BR\" \/>\n<meta property=\"og:type\" content=\"article\" \/>\n<meta property=\"og:title\" content=\"Prefeitura divulga cronograma da Unidade M\u00f3vel de Atendimento M\u00e9dico para a zona rural de Petrolina  - Blog do Farn\u00e9sio\" \/>\n<meta property=\"og:description\" content=\"Entre os dias 20 e 25 de agosto, a Unidade M&oacute;vel de Atendimento M&eacute;dico da Secretaria Municipal de Sa&uacute;de de Petrolina visitar&aacute; os Assentamentos Maria Gorette, S&atilde;o Francisco, Rio Pontal, Mansueto de Lavor e as localidades de Porto de Palha e Porto da Ilha. A Unidade chega a esses locais levando uma equipe, composta por um m&eacute;dico e uma t&eacute;cnica de enfermagem, que acolhe o paciente, verifica a press&atilde;o arterial, dispensa medicamentos e solicita os exames necess&aacute;rios. Para se consultar, basta ir ao encontro da equipe. N&atilde;o &eacute; necess&aacute;rio realizar agendamento.CRONOGRAMA DA UNIDADE M&Oacute;VEL DE ATENDIMENTO M&Eacute;DICO20\/08 &#8211; ASSENTAMETO MARIA GORETTE21\/08 &#8211; ASSENTAMENTO S&Atilde;O FRANCISCO22\/08 &#8211; ASSENTAMENTO RIO PONTAL23\/08 &#8211; ASSENTAMENTO MANSUETO DE LAVOR24\/08 &#8211; PORTO DE PALHA25\/08 &#8211; PORTO&hellip;\" \/>\n<meta property=\"og:url\" content=\"https:\/\/blogdofarnesio.com.br\/?p=16641\" \/>\n<meta property=\"og:site_name\" content=\"Blog do Farn\u00e9sio\" \/>\n<meta property=\"article:publisher\" content=\"https:\/\/www.facebook.com\/BlogQuerSaberPolitica\/\" \/>\n<meta property=\"article:published_time\" content=\"2012-08-17T07:23:31+00:00\" \/>\n<meta property=\"og:image\" content=\"http:\/\/www.quersaberpolitica.com.br\/2016\/wp-content\/uploads\/2012\/12\/blogqspunidademovelsaudepetrolina.jpg\" \/>\n<meta name=\"twitter:card\" content=\"summary_large_image\" \/>\n<meta name=\"twitter:label1\" content=\"Est. tempo de leitura\" \/>\n\t<meta name=\"twitter:data1\" content=\"1 minuto\" \/>\n<script type=\"application\/ld+json\" class=\"yoast-schema-graph\">{\"@context\":\"https:\\\/\\\/schema.org\",\"@graph\":[{\"@type\":\"Article\",\"@id\":\"https:\\\/\\\/blogdofarnesio.com.br\\\/?p=16641#article\",\"isPartOf\":{\"@id\":\"https:\\\/\\\/blogdofarnesio.com.br\\\/?p=16641\"},\"author\":{\"name\":\"\",\"@id\":\"\"},\"headline\":\"Prefeitura divulga cronograma da Unidade M\u00f3vel de Atendimento M\u00e9dico para a zona rural de Petrolina\",\"datePublished\":\"2012-08-17T07:23:31+00:00\",\"mainEntityOfPage\":{\"@id\":\"https:\\\/\\\/blogdofarnesio.com.br\\\/?p=16641\"},\"wordCount\":165,\"commentCount\":0,\"publisher\":{\"@id\":\"https:\\\/\\\/blogdofarnesio.com.br\\\/#organization\"},\"image\":{\"@id\":\"https:\\\/\\\/blogdofarnesio.com.br\\\/?p=16641#primaryimage\"},\"thumbnailUrl\":\"http:\\\/\\\/www.quersaberpolitica.com.br\\\/2016\\\/wp-content\\\/uploads\\\/2012\\\/12\\\/blogqspunidademovelsaudepetrolina.jpg\",\"inLanguage\":\"pt-BR\",\"potentialAction\":[{\"@type\":\"CommentAction\",\"name\":\"Comment\",\"target\":[\"https:\\\/\\\/blogdofarnesio.com.br\\\/?p=16641#respond\"]}]},{\"@type\":\"WebPage\",\"@id\":\"https:\\\/\\\/blogdofarnesio.com.br\\\/?p=16641\",\"url\":\"https:\\\/\\\/blogdofarnesio.com.br\\\/?p=16641\",\"name\":\"Prefeitura divulga cronograma da Unidade M\u00f3vel de Atendimento M\u00e9dico para a zona rural de Petrolina - Blog do Farn\u00e9sio\",\"isPartOf\":{\"@id\":\"https:\\\/\\\/blogdofarnesio.com.br\\\/#website\"},\"primaryImageOfPage\":{\"@id\":\"https:\\\/\\\/blogdofarnesio.com.br\\\/?p=16641#primaryimage\"},\"image\":{\"@id\":\"https:\\\/\\\/blogdofarnesio.com.br\\\/?p=16641#primaryimage\"},\"thumbnailUrl\":\"http:\\\/\\\/www.quersaberpolitica.com.br\\\/2016\\\/wp-content\\\/uploads\\\/2012\\\/12\\\/blogqspunidademovelsaudepetrolina.jpg\",\"datePublished\":\"2012-08-17T07:23:31+00:00\",\"breadcrumb\":{\"@id\":\"https:\\\/\\\/blogdofarnesio.com.br\\\/?p=16641#breadcrumb\"},\"inLanguage\":\"pt-BR\",\"potentialAction\":[{\"@type\":\"ReadAction\",\"target\":[\"https:\\\/\\\/blogdofarnesio.com.br\\\/?p=16641\"]}]},{\"@type\":\"ImageObject\",\"inLanguage\":\"pt-BR\",\"@id\":\"https:\\\/\\\/blogdofarnesio.com.br\\\/?p=16641#primaryimage\",\"url\":\"http:\\\/\\\/www.quersaberpolitica.com.br\\\/2016\\\/wp-content\\\/uploads\\\/2012\\\/12\\\/blogqspunidademovelsaudepetrolina.jpg\",\"contentUrl\":\"http:\\\/\\\/www.quersaberpolitica.com.br\\\/2016\\\/wp-content\\\/uploads\\\/2012\\\/12\\\/blogqspunidademovelsaudepetrolina.jpg\"},{\"@type\":\"BreadcrumbList\",\"@id\":\"https:\\\/\\\/blogdofarnesio.com.br\\\/?p=16641#breadcrumb\",\"itemListElement\":[{\"@type\":\"ListItem\",\"position\":1,\"name\":\"In\u00edcio\",\"item\":\"https:\\\/\\\/blogdofarnesio.com.br\\\/\"},{\"@type\":\"ListItem\",\"position\":2,\"name\":\"Prefeitura divulga cronograma da Unidade M\u00f3vel de Atendimento M\u00e9dico para a zona rural de Petrolina\"}]},{\"@type\":\"WebSite\",\"@id\":\"https:\\\/\\\/blogdofarnesio.com.br\\\/#website\",\"url\":\"https:\\\/\\\/blogdofarnesio.com.br\\\/\",\"name\":\"Blog do Farn\u00e9sio\",\"description\":\"Quer Saber Pol\u00edtica?\",\"publisher\":{\"@id\":\"https:\\\/\\\/blogdofarnesio.com.br\\\/#organization\"},\"potentialAction\":[{\"@type\":\"SearchAction\",\"target\":{\"@type\":\"EntryPoint\",\"urlTemplate\":\"https:\\\/\\\/blogdofarnesio.com.br\\\/?s={search_term_string}\"},\"query-input\":{\"@type\":\"PropertyValueSpecification\",\"valueRequired\":true,\"valueName\":\"search_term_string\"}}],\"inLanguage\":\"pt-BR\"},{\"@type\":\"Organization\",\"@id\":\"https:\\\/\\\/blogdofarnesio.com.br\\\/#organization\",\"name\":\"Blog do Farn\u00e9sio\",\"url\":\"https:\\\/\\\/blogdofarnesio.com.br\\\/\",\"logo\":{\"@type\":\"ImageObject\",\"inLanguage\":\"pt-BR\",\"@id\":\"https:\\\/\\\/blogdofarnesio.com.br\\\/#\\\/schema\\\/logo\\\/image\\\/\",\"url\":\"https:\\\/\\\/blogdofarnesio.com.br\\\/wp-content\\\/uploads\\\/2026\\\/03\\\/cropped-logo_new-1.png\",\"contentUrl\":\"https:\\\/\\\/blogdofarnesio.com.br\\\/wp-content\\\/uploads\\\/2026\\\/03\\\/cropped-logo_new-1.png\",\"width\":881,\"height\":685,\"caption\":\"Blog do Farn\u00e9sio\"},\"image\":{\"@id\":\"https:\\\/\\\/blogdofarnesio.com.br\\\/#\\\/schema\\\/logo\\\/image\\\/\"},\"sameAs\":[\"https:\\\/\\\/www.facebook.com\\\/BlogQuerSaberPolitica\\\/\"]}]}<\/script>\n<!-- \/ Yoast SEO plugin. -->","yoast_head_json":{"title":"Prefeitura divulga cronograma da Unidade M\u00f3vel de Atendimento M\u00e9dico para a zona rural de Petrolina  - Blog do Farn\u00e9sio","robots":{"index":"index","follow":"follow","max-snippet":"max-snippet:-1","max-image-preview":"max-image-preview:large","max-video-preview":"max-video-preview:-1"},"canonical":"https:\/\/blogdofarnesio.com.br\/?p=16641","og_locale":"pt_BR","og_type":"article","og_title":"Prefeitura divulga cronograma da Unidade M\u00f3vel de Atendimento M\u00e9dico para a zona rural de Petrolina  - Blog do Farn\u00e9sio","og_description":"Entre os dias 20 e 25 de agosto, a Unidade M&oacute;vel de Atendimento M&eacute;dico da Secretaria Municipal de Sa&uacute;de de Petrolina visitar&aacute; os Assentamentos Maria Gorette, S&atilde;o Francisco, Rio Pontal, Mansueto de Lavor e as localidades de Porto de Palha e Porto da Ilha. A Unidade chega a esses locais levando uma equipe, composta por um m&eacute;dico e uma t&eacute;cnica de enfermagem, que acolhe o paciente, verifica a press&atilde;o arterial, dispensa medicamentos e solicita os exames necess&aacute;rios. Para se consultar, basta ir ao encontro da equipe. N&atilde;o &eacute; necess&aacute;rio realizar agendamento.CRONOGRAMA DA UNIDADE M&Oacute;VEL DE ATENDIMENTO M&Eacute;DICO20\/08 &#8211; ASSENTAMETO MARIA GORETTE21\/08 &#8211; ASSENTAMENTO S&Atilde;O FRANCISCO22\/08 &#8211; ASSENTAMENTO RIO PONTAL23\/08 &#8211; ASSENTAMENTO MANSUETO DE LAVOR24\/08 &#8211; PORTO DE PALHA25\/08 &#8211; PORTO&hellip;","og_url":"https:\/\/blogdofarnesio.com.br\/?p=16641","og_site_name":"Blog do Farn\u00e9sio","article_publisher":"https:\/\/www.facebook.com\/BlogQuerSaberPolitica\/","article_published_time":"2012-08-17T07:23:31+00:00","og_image":[{"url":"http:\/\/www.quersaberpolitica.com.br\/2016\/wp-content\/uploads\/2012\/12\/blogqspunidademovelsaudepetrolina.jpg","type":"","width":"","height":""}],"twitter_card":"summary_large_image","twitter_misc":{"Est. tempo de leitura":"1 minuto"},"schema":{"@context":"https:\/\/schema.org","@graph":[{"@type":"Article","@id":"https:\/\/blogdofarnesio.com.br\/?p=16641#article","isPartOf":{"@id":"https:\/\/blogdofarnesio.com.br\/?p=16641"},"author":{"name":"","@id":""},"headline":"Prefeitura divulga cronograma da Unidade M\u00f3vel de Atendimento M\u00e9dico para a zona rural de Petrolina","datePublished":"2012-08-17T07:23:31+00:00","mainEntityOfPage":{"@id":"https:\/\/blogdofarnesio.com.br\/?p=16641"},"wordCount":165,"commentCount":0,"publisher":{"@id":"https:\/\/blogdofarnesio.com.br\/#organization"},"image":{"@id":"https:\/\/blogdofarnesio.com.br\/?p=16641#primaryimage"},"thumbnailUrl":"http:\/\/www.quersaberpolitica.com.br\/2016\/wp-content\/uploads\/2012\/12\/blogqspunidademovelsaudepetrolina.jpg","inLanguage":"pt-BR","potentialAction":[{"@type":"CommentAction","name":"Comment","target":["https:\/\/blogdofarnesio.com.br\/?p=16641#respond"]}]},{"@type":"WebPage","@id":"https:\/\/blogdofarnesio.com.br\/?p=16641","url":"https:\/\/blogdofarnesio.com.br\/?p=16641","name":"Prefeitura divulga cronograma da Unidade M\u00f3vel de Atendimento M\u00e9dico para a zona rural de Petrolina - Blog do Farn\u00e9sio","isPartOf":{"@id":"https:\/\/blogdofarnesio.com.br\/#website"},"primaryImageOfPage":{"@id":"https:\/\/blogdofarnesio.com.br\/?p=16641#primaryimage"},"image":{"@id":"https:\/\/blogdofarnesio.com.br\/?p=16641#primaryimage"},"thumbnailUrl":"http:\/\/www.quersaberpolitica.com.br\/2016\/wp-content\/uploads\/2012\/12\/blogqspunidademovelsaudepetrolina.jpg","datePublished":"2012-08-17T07:23:31+00:00","breadcrumb":{"@id":"https:\/\/blogdofarnesio.com.br\/?p=16641#breadcrumb"},"inLanguage":"pt-BR","potentialAction":[{"@type":"ReadAction","target":["https:\/\/blogdofarnesio.com.br\/?p=16641"]}]},{"@type":"ImageObject","inLanguage":"pt-BR","@id":"https:\/\/blogdofarnesio.com.br\/?p=16641#primaryimage","url":"http:\/\/www.quersaberpolitica.com.br\/2016\/wp-content\/uploads\/2012\/12\/blogqspunidademovelsaudepetrolina.jpg","contentUrl":"http:\/\/www.quersaberpolitica.com.br\/2016\/wp-content\/uploads\/2012\/12\/blogqspunidademovelsaudepetrolina.jpg"},{"@type":"BreadcrumbList","@id":"https:\/\/blogdofarnesio.com.br\/?p=16641#breadcrumb","itemListElement":[{"@type":"ListItem","position":1,"name":"In\u00edcio","item":"https:\/\/blogdofarnesio.com.br\/"},{"@type":"ListItem","position":2,"name":"Prefeitura divulga cronograma da Unidade M\u00f3vel de Atendimento M\u00e9dico para a zona rural de Petrolina"}]},{"@type":"WebSite","@id":"https:\/\/blogdofarnesio.com.br\/#website","url":"https:\/\/blogdofarnesio.com.br\/","name":"Blog do Farn\u00e9sio","description":"Quer Saber Pol\u00edtica?","publisher":{"@id":"https:\/\/blogdofarnesio.com.br\/#organization"},"potentialAction":[{"@type":"SearchAction","target":{"@type":"EntryPoint","urlTemplate":"https:\/\/blogdofarnesio.com.br\/?s={search_term_string}"},"query-input":{"@type":"PropertyValueSpecification","valueRequired":true,"valueName":"search_term_string"}}],"inLanguage":"pt-BR"},{"@type":"Organization","@id":"https:\/\/blogdofarnesio.com.br\/#organization","name":"Blog do Farn\u00e9sio","url":"https:\/\/blogdofarnesio.com.br\/","logo":{"@type":"ImageObject","inLanguage":"pt-BR","@id":"https:\/\/blogdofarnesio.com.br\/#\/schema\/logo\/image\/","url":"https:\/\/blogdofarnesio.com.br\/wp-content\/uploads\/2026\/03\/cropped-logo_new-1.png","contentUrl":"https:\/\/blogdofarnesio.com.br\/wp-content\/uploads\/2026\/03\/cropped-logo_new-1.png","width":881,"height":685,"caption":"Blog do Farn\u00e9sio"},"image":{"@id":"https:\/\/blogdofarnesio.com.br\/#\/schema\/logo\/image\/"},"sameAs":["https:\/\/www.facebook.com\/BlogQuerSaberPolitica\/"]}]}},"_links":{"self":[{"href":"https:\/\/blogdofarnesio.com.br\/index.php?rest_route=\/wp\/v2\/posts\/16641","targetHints":{"allow":["GET"]}}],"collection":[{"href":"https:\/\/blogdofarnesio.com.br\/index.php?rest_route=\/wp\/v2\/posts"}],"about":[{"href":"https:\/\/blogdofarnesio.com.br\/index.php?rest_route=\/wp\/v2\/types\/post"}],"replies":[{"embeddable":true,"href":"https:\/\/blogdofarnesio.com.br\/index.php?rest_route=%2Fwp%2Fv2%2Fcomments&post=16641"}],"version-history":[{"count":0,"href":"https:\/\/blogdofarnesio.com.br\/index.php?rest_route=\/wp\/v2\/posts\/16641\/revisions"}],"wp:attachment":[{"href":"https:\/\/blogdofarnesio.com.br\/index.php?rest_route=%2Fwp%2Fv2%2Fmedia&parent=16641"}],"wp:term":[{"taxonomy":"category","embeddable":true,"href":"https:\/\/blogdofarnesio.com.br\/index.php?rest_route=%2Fwp%2Fv2%2Fcategories&post=16641"},{"taxonomy":"post_tag","embeddable":true,"href":"https:\/\/blogdofarnesio.com.br\/index.php?rest_route=%2Fwp%2Fv2%2Ftags&post=16641"}],"curies":[{"name":"wp","href":"https:\/\/api.w.org\/{rel}","templated":true}]}}