{"id":16609,"date":"2012-08-16T16:02:24","date_gmt":"2012-08-16T16:02:24","guid":{"rendered":"http:\/\/www.quersaberpolitica.com.br?p=16609"},"modified":"-0001-11-30T00:00:00","modified_gmt":"-0001-11-30T03:00:00","slug":"prefeitura-de-juazeiro-realiza-formacao-para-profissionais-de-nivel-medio-da-upa","status":"publish","type":"post","link":"https:\/\/blogdofarnesio.com.br\/?p=16609","title":{"rendered":"Prefeitura de Juazeiro realiza forma\u00e7\u00e3o para profissionais de n\u00edvel m\u00e9dio da UPA"},"content":{"rendered":"<p><p style=\"text-align: justify;\"><span style=\"font-family: arial, helvetica, sans-serif; font-size: medium;\"><a rel=\"lightbox\" href=\"http:\/\/www.quersaberpolitica.com.br\/2016\/wp-content\/uploads\/2012\/12\/blogqsp.treina_upa.jpg\"><img loading=\"lazy\" decoding=\"async\" style=\"float: left; margin: 5px 10px;\" src=\"http:\/\/www.quersaberpolitica.com.br\/2016\/wp-content\/uploads\/2012\/12\/blogqsp.treina_upa.jpg\" alt=\"\" width=\"200\" height=\"133\" \/><\/a>Come&ccedil;ou nesta quarta-feira (15) e segue at&eacute; o dia 16, a Atualiza&ccedil;&atilde;o dos Trabalhadores de N&iacute;vel M&eacute;dio contratados para atuarem na primeira Unidade de ProntoAtendimento de Juazeiro (UPA\/24horas), prevista para ser inaugurada at&eacute; final deste m&ecirc;s. A abertura da forma&ccedil;&atilde;o aconteceu no Centro de Sa&uacute;de III e reuniu v&aacute;rios profissionais como: porteiros, seguran&ccedil;as, maqueiros, copeiras, cozinheiras, auxiliares de servi&ccedil;os gerais (ASG), recepcionistas, agentes administrativos, t&eacute;cnicos de radiologia e auxiliares de Farm&aacute;cia.<\/span><\/p>\n<p style=\"text-align: justify;\"><span style=\"font-size: medium;\"><span style=\"font-family: arial, helvetica, sans-serif;\">A recepcionista Silvia Moniza Gon&ccedil;alves Bispo falou da import&acirc;ncia do encontro. &#8220;&Eacute; o momento de tirarmos nossas d&uacute;vidas, conhecermos a rede de sa&uacute;de onde vamos trabalhar e saber como ser&aacute; a rotina na recep&ccedil;&atilde;o, para assim atender melhor aos usu&aacute;rios&#8221;. A profissional tamb&eacute;m revelou sua expectativa para o in&iacute;cio do funcionamento da unidade. &#8220;N&atilde;o vejo a hora de come&ccedil;ar a trabalhar. Estou animada e ansiosa, mas me sinto preparada, pois j&aacute; fui recepcionista e secret&aacute;ria em outros locais. Vou me doar de corpo e alma, tratando com respeito a todos aqueles que precisarem de assist&ecirc;ncia na UPA&#8221;.<\/span><\/span><\/p>\n<p style=\"text-align: justify;\"><span style=\"font-size: medium;\"><span style=\"font-family: arial, helvetica, sans-serif;\"><br \/><\/span><\/span><\/p>\n<p style=\"text-align: justify;\"><span style=\"font-size: medium;\"><span style=\"font-family: arial, helvetica, sans-serif;\">Durante o evento a coordenadora da Unidade, Ianni de Almeida, apresentou o fluxograma da Secretaria da Sa&uacute;de e da Rede de Aten&ccedil;&atilde;o do munic&iacute;pio, destacando a miss&atilde;o, estrutura f&iacute;sica e organizacional da UPA. &#8220;Nosso objetivo &eacute; acolher, da melhor forma poss&iacute;vel, os pacientes em todos os setores e treinar a equipe que vai atuar na unidade para que os atendimentos sejam resolutivos e de qualidade&#8221;, frisou. O treinamento foi oferecido pela equipe multiprofissional da UPA.<\/span><\/span><\/p>\n<p style=\"text-align: justify;\"><span style=\"font-size: medium;\"><span style=\"font-family: arial, helvetica, sans-serif;\"><br \/><\/span><\/span><\/p>\n<p style=\"text-align: justify;\"><span style=\"font-size: medium;\"><span style=\"font-family: arial, helvetica, sans-serif;\">A Unidade de ProntoAtendimento est&aacute; localizada &agrave;s margens da BR 407, ao lado do 3&ordm; BPM, no bairro Castelo Branco. Vai funcionar como mais um servi&ccedil;o de refer&ecirc;ncia em urg&ecirc;ncia e emerg&ecirc;ncia, com atendimentos de m&eacute;dia complexidade e cuidados intermedi&aacute;rios, entre a Aten&ccedil;&atilde;o B&aacute;sica (Unidades B&aacute;sicas de Sa&uacute;de) e a Rede Hospitalar. &#8220;Todos ser&atilde;o acolhidos e os casos ser&atilde;o encaminhados conforme avalia&ccedil;&atilde;o da equipe de sa&uacute;de. Os pacientes ser&atilde;o atendidos pela ordem de urg&ecirc;ncia atrav&eacute;s do Protocolo de Manchester (Classifica&ccedil;&atilde;o de Risco), organizando os fluxos e melhorando a assist&ecirc;ncia&#8221;, explicou a coordenadora.<\/span><\/span><\/p>\n<p style=\"text-align: justify;\"><span style=\"font-size: medium;\"><span style=\"font-family: arial, helvetica, sans-serif;\"><br \/><\/span><\/span><\/p>\n<p style=\"text-align: justify;\"><span style=\"font-size: medium;\"><span style=\"font-family: arial, helvetica, sans-serif;\">A Classifica&ccedil;&atilde;o de Risco ser&aacute; por cores: vermelho para os casos mais graves; amarelo para os cr&iacute;ticos sem risco iminente de morte; verde para os casos que podem aguardar at&eacute; 1 hora e azul para os pacientes que podem esperar por um per&iacute;odo de tempo maior. A UPA ter&aacute; capacidade mensal para realizar mais de 10 mil atendimentos.<\/span><\/span><\/p>\n<p style=\"text-align: justify;\"><span style=\"font-size: medium;\"><span style=\"font-family: arial, helvetica, sans-serif;\"><br \/><\/span><\/span><\/p>\n<p style=\"text-align: justify;\"><span style=\"font-size: medium;\"><span style=\"font-family: arial, helvetica, sans-serif;\">A unidade funcionar&aacute; com 4 m&eacute;dicos por plant&atilde;o, sendo tr&ecirc;s emergencistas e um pediatra, al&eacute;m de enfermeiros, nutricionista, farmac&ecirc;utico, auxiliar de farm&aacute;cia, t&eacute;cnicos e demais profissionais de sa&uacute;de que compor&atilde;o a equipe multiprofissional.<\/span><\/span><\/p>\n<p style=\"text-align: justify;\"><span style=\"font-size: medium;\"><span style=\"font-family: arial, helvetica, sans-serif;\"><br \/><\/span><\/span><\/p>\n<p style=\"text-align: justify;\"><span style=\"font-size: medium;\"><span style=\"font-family: arial, helvetica, sans-serif;\"><br \/><\/span><\/span><\/p>\n<p style=\"text-align: justify;\"><span style=\"font-size: medium;\"><span style=\"font-family: arial, helvetica, sans-serif;\"><br \/><\/span><\/span><\/p>\n<p style=\"text-align: justify;\"><span style=\"font-size: medium;\"><span style=\"font-family: arial, helvetica, sans-serif;\">Segue programa&ccedil;&atilde;o da capacita&ccedil;&atilde;o de todas as categorias:<\/span><\/span><\/p>\n<p style=\"text-align: justify;\"><span style=\"font-size: medium;\"><span style=\"font-family: arial, helvetica, sans-serif;\"><br \/><\/span><\/span><\/p>\n<p style=\"text-align: justify;\"><span style=\"font-size: medium;\"><span style=\"font-family: arial, helvetica, sans-serif;\"><br \/><\/span><\/span><\/p>\n<p style=\"text-align: justify;\"><span style=\"font-size: medium;\"><span style=\"font-family: arial, helvetica, sans-serif;\">15\/08- local: Centro de Sa&uacute;de III<\/span><\/span><\/p>\n<p style=\"text-align: justify;\"><span style=\"font-size: medium;\"><span style=\"font-family: arial, helvetica, sans-serif;\"><br \/><\/span><\/span><\/p>\n<p style=\"text-align: justify;\"><span style=\"font-size: medium;\"><span style=\"font-family: arial, helvetica, sans-serif;\">14h &agrave;s 15h30 &#8211; Radiologia (t&eacute;cnicos de radiologia)<\/span><\/span><\/p>\n<p style=\"text-align: justify;\"><span style=\"font-size: medium;\"><span style=\"font-family: arial, helvetica, sans-serif;\">15h45 &agrave;s 17h &#8211; Normas e Rotinas da Equipe de Seguran&ccedil;a (porteiros, seguran&ccedil;as e maqueiros)<\/span><\/span><\/p>\n<p style=\"text-align: justify;\"><span style=\"font-size: medium;\"><span style=\"font-family: arial, helvetica, sans-serif;\"><br \/><\/span><\/span><\/p>\n<p style=\"text-align: justify;\"><span style=\"font-size: medium;\"><span style=\"font-family: arial, helvetica, sans-serif;\">16\/08- Local: Centro de Sa&uacute;de III<\/span><\/span><\/p>\n<p style=\"text-align: justify;\"><span style=\"font-size: medium;\"><span style=\"font-family: arial, helvetica, sans-serif;\"><br \/><\/span><\/span><\/p>\n<p style=\"text-align: justify;\"><span style=\"font-size: medium;\"><span style=\"font-family: arial, helvetica, sans-serif;\">8h30 &agrave;s 10h15 &#8211; Nutri&ccedil;&atilde;o e Diet&eacute;tica (copeiras e cozinheiras)<\/span><\/span><\/p>\n<p style=\"text-align: justify;\"><span style=\"font-size: medium;\"><span style=\"font-family: arial, helvetica, sans-serif;\">10h30 &agrave;s 12h &#8211; Normas e Rotinas na Higieniza&ccedil;&atilde;o Hospitalar (auxiliares de servi&ccedil;os gerais)<\/span><\/span><\/p>\n<p style=\"text-align: justify;\"><span style=\"font-size: medium;\"><span style=\"font-family: arial, helvetica, sans-serif;\">14h &agrave;s 15h30 &#8211; Normas e Rotinas na Recep&ccedil;&atilde;o e Setor Administrativo (recepcionistas e Agentes administrativos)<\/span><\/span><\/p>\n<p style=\"text-align: justify;\"><span style=\"font-size: medium;\"><span style=\"font-family: arial, helvetica, sans-serif;\"><br \/><\/span><\/span><\/p>\n<p style=\"text-align: justify;\"><span style=\"font-size: medium;\"><span style=\"font-family: arial, helvetica, sans-serif;\">16\/08- Local- Audit&oacute;rio da Secretaria da Sa&uacute;de<\/span><\/span><\/p>\n<p style=\"text-align: justify;\"><span style=\"font-size: medium;\"><span style=\"font-family: arial, helvetica, sans-serif;\"><br \/><\/span><\/span><\/p>\n<p style=\"text-align: justify;\"><span style=\"font-size: medium;\"><span style=\"font-family: arial, helvetica, sans-serif;\">14h &agrave;s 15h30 &#8211; Normas e Rotinas de uma Farm&aacute;cia Hospitalar (auxiliares de Farm&aacute;cia)<\/span><\/span><\/p>\n<p style=\"text-align: justify;\"><span style=\"font-size: medium;\"><span style=\"font-family: arial, helvetica, sans-serif;\"><br \/><\/span><\/span><\/p><\/p>\n","protected":false},"excerpt":{"rendered":"<p>Come&ccedil;ou nesta quarta-feira (15) e segue at&eacute; o dia 16, a Atualiza&ccedil;&atilde;o dos Trabalhadores de N&iacute;vel M&eacute;dio contratados para atuarem na primeira Unidade de ProntoAtendimento de Juazeiro (UPA\/24horas), prevista para ser inaugurada at&eacute; final deste m&ecirc;s. A abertura da forma&ccedil;&atilde;o aconteceu no Centro de Sa&uacute;de III e reuniu v&aacute;rios profissionais como: porteiros, seguran&ccedil;as, maqueiros, copeiras, cozinheiras, auxiliares de servi&ccedil;os gerais (ASG), recepcionistas, agentes administrativos, t&eacute;cnicos de radiologia e auxiliares de Farm&aacute;cia. A recepcionista Silvia Moniza Gon&ccedil;alves Bispo falou da import&acirc;ncia do encontro. &#8220;&Eacute; o momento de tirarmos nossas d&uacute;vidas, conhecermos a rede de sa&uacute;de onde vamos trabalhar e saber como ser&aacute; a rotina na recep&ccedil;&atilde;o, para assim atender melhor aos usu&aacute;rios&#8221;. A profissional tamb&eacute;m revelou sua expectativa para o in&iacute;cio&hellip; <\/p>\n","protected":false},"author":0,"featured_media":0,"comment_status":"open","ping_status":"open","sticky":false,"template":"","format":"standard","meta":{"_acf_changed":false,"footnotes":""},"categories":[43],"tags":[],"class_list":["post-16609","post","type-post","status-publish","format-standard","hentry","category-sem-categoria"],"acf":[],"yoast_head":"<!-- This site is optimized with the Yoast SEO plugin v27.4 - https:\/\/yoast.com\/product\/yoast-seo-wordpress\/ -->\n<title>Prefeitura de Juazeiro realiza forma\u00e7\u00e3o para profissionais de n\u00edvel m\u00e9dio da UPA  - Blog do Farn\u00e9sio<\/title>\n<meta name=\"robots\" content=\"index, follow, max-snippet:-1, max-image-preview:large, max-video-preview:-1\" \/>\n<link rel=\"canonical\" href=\"https:\/\/blogdofarnesio.com.br\/?p=16609\" \/>\n<meta property=\"og:locale\" content=\"pt_BR\" \/>\n<meta property=\"og:type\" content=\"article\" \/>\n<meta property=\"og:title\" content=\"Prefeitura de Juazeiro realiza forma\u00e7\u00e3o para profissionais de n\u00edvel m\u00e9dio da UPA  - Blog do Farn\u00e9sio\" \/>\n<meta property=\"og:description\" content=\"Come&ccedil;ou nesta quarta-feira (15) e segue at&eacute; o dia 16, a Atualiza&ccedil;&atilde;o dos Trabalhadores de N&iacute;vel M&eacute;dio contratados para atuarem na primeira Unidade de ProntoAtendimento de Juazeiro (UPA\/24horas), prevista para ser inaugurada at&eacute; final deste m&ecirc;s. A abertura da forma&ccedil;&atilde;o aconteceu no Centro de Sa&uacute;de III e reuniu v&aacute;rios profissionais como: porteiros, seguran&ccedil;as, maqueiros, copeiras, cozinheiras, auxiliares de servi&ccedil;os gerais (ASG), recepcionistas, agentes administrativos, t&eacute;cnicos de radiologia e auxiliares de Farm&aacute;cia. A recepcionista Silvia Moniza Gon&ccedil;alves Bispo falou da import&acirc;ncia do encontro. &#8220;&Eacute; o momento de tirarmos nossas d&uacute;vidas, conhecermos a rede de sa&uacute;de onde vamos trabalhar e saber como ser&aacute; a rotina na recep&ccedil;&atilde;o, para assim atender melhor aos usu&aacute;rios&#8221;. A profissional tamb&eacute;m revelou sua expectativa para o in&iacute;cio&hellip;\" \/>\n<meta property=\"og:url\" content=\"https:\/\/blogdofarnesio.com.br\/?p=16609\" \/>\n<meta property=\"og:site_name\" content=\"Blog do Farn\u00e9sio\" \/>\n<meta property=\"article:publisher\" content=\"https:\/\/www.facebook.com\/BlogQuerSaberPolitica\/\" \/>\n<meta property=\"article:published_time\" content=\"2012-08-16T16:02:24+00:00\" \/>\n<meta property=\"og:image\" content=\"http:\/\/www.quersaberpolitica.com.br\/2016\/wp-content\/uploads\/2012\/12\/blogqsp.treina_upa.jpg\" \/>\n<meta name=\"twitter:card\" content=\"summary_large_image\" \/>\n<meta name=\"twitter:label1\" content=\"Est. tempo de leitura\" \/>\n\t<meta name=\"twitter:data1\" content=\"4 minutos\" \/>\n<script type=\"application\/ld+json\" class=\"yoast-schema-graph\">{\"@context\":\"https:\\\/\\\/schema.org\",\"@graph\":[{\"@type\":\"Article\",\"@id\":\"https:\\\/\\\/blogdofarnesio.com.br\\\/?p=16609#article\",\"isPartOf\":{\"@id\":\"https:\\\/\\\/blogdofarnesio.com.br\\\/?p=16609\"},\"author\":{\"name\":\"\",\"@id\":\"\"},\"headline\":\"Prefeitura de Juazeiro realiza forma\u00e7\u00e3o para profissionais de n\u00edvel m\u00e9dio da UPA\",\"datePublished\":\"2012-08-16T16:02:24+00:00\",\"mainEntityOfPage\":{\"@id\":\"https:\\\/\\\/blogdofarnesio.com.br\\\/?p=16609\"},\"wordCount\":723,\"commentCount\":0,\"publisher\":{\"@id\":\"https:\\\/\\\/blogdofarnesio.com.br\\\/#organization\"},\"image\":{\"@id\":\"https:\\\/\\\/blogdofarnesio.com.br\\\/?p=16609#primaryimage\"},\"thumbnailUrl\":\"http:\\\/\\\/www.quersaberpolitica.com.br\\\/2016\\\/wp-content\\\/uploads\\\/2012\\\/12\\\/blogqsp.treina_upa.jpg\",\"inLanguage\":\"pt-BR\",\"potentialAction\":[{\"@type\":\"CommentAction\",\"name\":\"Comment\",\"target\":[\"https:\\\/\\\/blogdofarnesio.com.br\\\/?p=16609#respond\"]}]},{\"@type\":\"WebPage\",\"@id\":\"https:\\\/\\\/blogdofarnesio.com.br\\\/?p=16609\",\"url\":\"https:\\\/\\\/blogdofarnesio.com.br\\\/?p=16609\",\"name\":\"Prefeitura de Juazeiro realiza forma\u00e7\u00e3o para profissionais de n\u00edvel m\u00e9dio da UPA - Blog do Farn\u00e9sio\",\"isPartOf\":{\"@id\":\"https:\\\/\\\/blogdofarnesio.com.br\\\/#website\"},\"primaryImageOfPage\":{\"@id\":\"https:\\\/\\\/blogdofarnesio.com.br\\\/?p=16609#primaryimage\"},\"image\":{\"@id\":\"https:\\\/\\\/blogdofarnesio.com.br\\\/?p=16609#primaryimage\"},\"thumbnailUrl\":\"http:\\\/\\\/www.quersaberpolitica.com.br\\\/2016\\\/wp-content\\\/uploads\\\/2012\\\/12\\\/blogqsp.treina_upa.jpg\",\"datePublished\":\"2012-08-16T16:02:24+00:00\",\"breadcrumb\":{\"@id\":\"https:\\\/\\\/blogdofarnesio.com.br\\\/?p=16609#breadcrumb\"},\"inLanguage\":\"pt-BR\",\"potentialAction\":[{\"@type\":\"ReadAction\",\"target\":[\"https:\\\/\\\/blogdofarnesio.com.br\\\/?p=16609\"]}]},{\"@type\":\"ImageObject\",\"inLanguage\":\"pt-BR\",\"@id\":\"https:\\\/\\\/blogdofarnesio.com.br\\\/?p=16609#primaryimage\",\"url\":\"http:\\\/\\\/www.quersaberpolitica.com.br\\\/2016\\\/wp-content\\\/uploads\\\/2012\\\/12\\\/blogqsp.treina_upa.jpg\",\"contentUrl\":\"http:\\\/\\\/www.quersaberpolitica.com.br\\\/2016\\\/wp-content\\\/uploads\\\/2012\\\/12\\\/blogqsp.treina_upa.jpg\"},{\"@type\":\"BreadcrumbList\",\"@id\":\"https:\\\/\\\/blogdofarnesio.com.br\\\/?p=16609#breadcrumb\",\"itemListElement\":[{\"@type\":\"ListItem\",\"position\":1,\"name\":\"In\u00edcio\",\"item\":\"https:\\\/\\\/blogdofarnesio.com.br\\\/\"},{\"@type\":\"ListItem\",\"position\":2,\"name\":\"Prefeitura de Juazeiro realiza forma\u00e7\u00e3o para profissionais de n\u00edvel m\u00e9dio da UPA\"}]},{\"@type\":\"WebSite\",\"@id\":\"https:\\\/\\\/blogdofarnesio.com.br\\\/#website\",\"url\":\"https:\\\/\\\/blogdofarnesio.com.br\\\/\",\"name\":\"Blog do Farn\u00e9sio\",\"description\":\"Quer Saber Pol\u00edtica?\",\"publisher\":{\"@id\":\"https:\\\/\\\/blogdofarnesio.com.br\\\/#organization\"},\"potentialAction\":[{\"@type\":\"SearchAction\",\"target\":{\"@type\":\"EntryPoint\",\"urlTemplate\":\"https:\\\/\\\/blogdofarnesio.com.br\\\/?s={search_term_string}\"},\"query-input\":{\"@type\":\"PropertyValueSpecification\",\"valueRequired\":true,\"valueName\":\"search_term_string\"}}],\"inLanguage\":\"pt-BR\"},{\"@type\":\"Organization\",\"@id\":\"https:\\\/\\\/blogdofarnesio.com.br\\\/#organization\",\"name\":\"Blog do Farn\u00e9sio\",\"url\":\"https:\\\/\\\/blogdofarnesio.com.br\\\/\",\"logo\":{\"@type\":\"ImageObject\",\"inLanguage\":\"pt-BR\",\"@id\":\"https:\\\/\\\/blogdofarnesio.com.br\\\/#\\\/schema\\\/logo\\\/image\\\/\",\"url\":\"https:\\\/\\\/blogdofarnesio.com.br\\\/wp-content\\\/uploads\\\/2026\\\/03\\\/cropped-logo_new-1.png\",\"contentUrl\":\"https:\\\/\\\/blogdofarnesio.com.br\\\/wp-content\\\/uploads\\\/2026\\\/03\\\/cropped-logo_new-1.png\",\"width\":881,\"height\":685,\"caption\":\"Blog do Farn\u00e9sio\"},\"image\":{\"@id\":\"https:\\\/\\\/blogdofarnesio.com.br\\\/#\\\/schema\\\/logo\\\/image\\\/\"},\"sameAs\":[\"https:\\\/\\\/www.facebook.com\\\/BlogQuerSaberPolitica\\\/\"]}]}<\/script>\n<!-- \/ Yoast SEO plugin. -->","yoast_head_json":{"title":"Prefeitura de Juazeiro realiza forma\u00e7\u00e3o para profissionais de n\u00edvel m\u00e9dio da UPA  - Blog do Farn\u00e9sio","robots":{"index":"index","follow":"follow","max-snippet":"max-snippet:-1","max-image-preview":"max-image-preview:large","max-video-preview":"max-video-preview:-1"},"canonical":"https:\/\/blogdofarnesio.com.br\/?p=16609","og_locale":"pt_BR","og_type":"article","og_title":"Prefeitura de Juazeiro realiza forma\u00e7\u00e3o para profissionais de n\u00edvel m\u00e9dio da UPA  - Blog do Farn\u00e9sio","og_description":"Come&ccedil;ou nesta quarta-feira (15) e segue at&eacute; o dia 16, a Atualiza&ccedil;&atilde;o dos Trabalhadores de N&iacute;vel M&eacute;dio contratados para atuarem na primeira Unidade de ProntoAtendimento de Juazeiro (UPA\/24horas), prevista para ser inaugurada at&eacute; final deste m&ecirc;s. A abertura da forma&ccedil;&atilde;o aconteceu no Centro de Sa&uacute;de III e reuniu v&aacute;rios profissionais como: porteiros, seguran&ccedil;as, maqueiros, copeiras, cozinheiras, auxiliares de servi&ccedil;os gerais (ASG), recepcionistas, agentes administrativos, t&eacute;cnicos de radiologia e auxiliares de Farm&aacute;cia. A recepcionista Silvia Moniza Gon&ccedil;alves Bispo falou da import&acirc;ncia do encontro. &#8220;&Eacute; o momento de tirarmos nossas d&uacute;vidas, conhecermos a rede de sa&uacute;de onde vamos trabalhar e saber como ser&aacute; a rotina na recep&ccedil;&atilde;o, para assim atender melhor aos usu&aacute;rios&#8221;. A profissional tamb&eacute;m revelou sua expectativa para o in&iacute;cio&hellip;","og_url":"https:\/\/blogdofarnesio.com.br\/?p=16609","og_site_name":"Blog do Farn\u00e9sio","article_publisher":"https:\/\/www.facebook.com\/BlogQuerSaberPolitica\/","article_published_time":"2012-08-16T16:02:24+00:00","og_image":[{"url":"http:\/\/www.quersaberpolitica.com.br\/2016\/wp-content\/uploads\/2012\/12\/blogqsp.treina_upa.jpg","type":"","width":"","height":""}],"twitter_card":"summary_large_image","twitter_misc":{"Est. tempo de leitura":"4 minutos"},"schema":{"@context":"https:\/\/schema.org","@graph":[{"@type":"Article","@id":"https:\/\/blogdofarnesio.com.br\/?p=16609#article","isPartOf":{"@id":"https:\/\/blogdofarnesio.com.br\/?p=16609"},"author":{"name":"","@id":""},"headline":"Prefeitura de Juazeiro realiza forma\u00e7\u00e3o para profissionais de n\u00edvel m\u00e9dio da UPA","datePublished":"2012-08-16T16:02:24+00:00","mainEntityOfPage":{"@id":"https:\/\/blogdofarnesio.com.br\/?p=16609"},"wordCount":723,"commentCount":0,"publisher":{"@id":"https:\/\/blogdofarnesio.com.br\/#organization"},"image":{"@id":"https:\/\/blogdofarnesio.com.br\/?p=16609#primaryimage"},"thumbnailUrl":"http:\/\/www.quersaberpolitica.com.br\/2016\/wp-content\/uploads\/2012\/12\/blogqsp.treina_upa.jpg","inLanguage":"pt-BR","potentialAction":[{"@type":"CommentAction","name":"Comment","target":["https:\/\/blogdofarnesio.com.br\/?p=16609#respond"]}]},{"@type":"WebPage","@id":"https:\/\/blogdofarnesio.com.br\/?p=16609","url":"https:\/\/blogdofarnesio.com.br\/?p=16609","name":"Prefeitura de Juazeiro realiza forma\u00e7\u00e3o para profissionais de n\u00edvel m\u00e9dio da UPA - Blog do Farn\u00e9sio","isPartOf":{"@id":"https:\/\/blogdofarnesio.com.br\/#website"},"primaryImageOfPage":{"@id":"https:\/\/blogdofarnesio.com.br\/?p=16609#primaryimage"},"image":{"@id":"https:\/\/blogdofarnesio.com.br\/?p=16609#primaryimage"},"thumbnailUrl":"http:\/\/www.quersaberpolitica.com.br\/2016\/wp-content\/uploads\/2012\/12\/blogqsp.treina_upa.jpg","datePublished":"2012-08-16T16:02:24+00:00","breadcrumb":{"@id":"https:\/\/blogdofarnesio.com.br\/?p=16609#breadcrumb"},"inLanguage":"pt-BR","potentialAction":[{"@type":"ReadAction","target":["https:\/\/blogdofarnesio.com.br\/?p=16609"]}]},{"@type":"ImageObject","inLanguage":"pt-BR","@id":"https:\/\/blogdofarnesio.com.br\/?p=16609#primaryimage","url":"http:\/\/www.quersaberpolitica.com.br\/2016\/wp-content\/uploads\/2012\/12\/blogqsp.treina_upa.jpg","contentUrl":"http:\/\/www.quersaberpolitica.com.br\/2016\/wp-content\/uploads\/2012\/12\/blogqsp.treina_upa.jpg"},{"@type":"BreadcrumbList","@id":"https:\/\/blogdofarnesio.com.br\/?p=16609#breadcrumb","itemListElement":[{"@type":"ListItem","position":1,"name":"In\u00edcio","item":"https:\/\/blogdofarnesio.com.br\/"},{"@type":"ListItem","position":2,"name":"Prefeitura de Juazeiro realiza forma\u00e7\u00e3o para profissionais de n\u00edvel m\u00e9dio da UPA"}]},{"@type":"WebSite","@id":"https:\/\/blogdofarnesio.com.br\/#website","url":"https:\/\/blogdofarnesio.com.br\/","name":"Blog do Farn\u00e9sio","description":"Quer Saber Pol\u00edtica?","publisher":{"@id":"https:\/\/blogdofarnesio.com.br\/#organization"},"potentialAction":[{"@type":"SearchAction","target":{"@type":"EntryPoint","urlTemplate":"https:\/\/blogdofarnesio.com.br\/?s={search_term_string}"},"query-input":{"@type":"PropertyValueSpecification","valueRequired":true,"valueName":"search_term_string"}}],"inLanguage":"pt-BR"},{"@type":"Organization","@id":"https:\/\/blogdofarnesio.com.br\/#organization","name":"Blog do Farn\u00e9sio","url":"https:\/\/blogdofarnesio.com.br\/","logo":{"@type":"ImageObject","inLanguage":"pt-BR","@id":"https:\/\/blogdofarnesio.com.br\/#\/schema\/logo\/image\/","url":"https:\/\/blogdofarnesio.com.br\/wp-content\/uploads\/2026\/03\/cropped-logo_new-1.png","contentUrl":"https:\/\/blogdofarnesio.com.br\/wp-content\/uploads\/2026\/03\/cropped-logo_new-1.png","width":881,"height":685,"caption":"Blog do Farn\u00e9sio"},"image":{"@id":"https:\/\/blogdofarnesio.com.br\/#\/schema\/logo\/image\/"},"sameAs":["https:\/\/www.facebook.com\/BlogQuerSaberPolitica\/"]}]}},"_links":{"self":[{"href":"https:\/\/blogdofarnesio.com.br\/index.php?rest_route=\/wp\/v2\/posts\/16609","targetHints":{"allow":["GET"]}}],"collection":[{"href":"https:\/\/blogdofarnesio.com.br\/index.php?rest_route=\/wp\/v2\/posts"}],"about":[{"href":"https:\/\/blogdofarnesio.com.br\/index.php?rest_route=\/wp\/v2\/types\/post"}],"replies":[{"embeddable":true,"href":"https:\/\/blogdofarnesio.com.br\/index.php?rest_route=%2Fwp%2Fv2%2Fcomments&post=16609"}],"version-history":[{"count":0,"href":"https:\/\/blogdofarnesio.com.br\/index.php?rest_route=\/wp\/v2\/posts\/16609\/revisions"}],"wp:attachment":[{"href":"https:\/\/blogdofarnesio.com.br\/index.php?rest_route=%2Fwp%2Fv2%2Fmedia&parent=16609"}],"wp:term":[{"taxonomy":"category","embeddable":true,"href":"https:\/\/blogdofarnesio.com.br\/index.php?rest_route=%2Fwp%2Fv2%2Fcategories&post=16609"},{"taxonomy":"post_tag","embeddable":true,"href":"https:\/\/blogdofarnesio.com.br\/index.php?rest_route=%2Fwp%2Fv2%2Ftags&post=16609"}],"curies":[{"name":"wp","href":"https:\/\/api.w.org\/{rel}","templated":true}]}}