{"id":165461,"date":"2017-05-05T16:28:39","date_gmt":"2017-05-05T19:28:39","guid":{"rendered":"http:\/\/quersaberpolitica.com.br\/2016\/?p=165461"},"modified":"2017-05-05T16:28:39","modified_gmt":"2017-05-05T19:28:39","slug":"direto-de-sento-se-159","status":"publish","type":"post","link":"https:\/\/blogdofarnesio.com.br\/?p=165461","title":{"rendered":"DIRETO DE SENTO-S\u00c9"},"content":{"rendered":"<div class=\"td-post-header\">\n<header class=\"td-post-title\">\n<h1 class=\"entry-title\">AGRICULTORES ATINGIDOS PELA BAIXA DO LAGO DE SOBRADINHO PEDEM SOCORRO<\/h1>\n<div class=\"td-module-meta-info\"><\/div>\n<\/header>\n<\/div>\n<div class=\"td-post-content\">\n<p>A produ\u00e7\u00e3o de Uva, mel\u00e3o, milho, mandioca, a cria\u00e7\u00e3o de animais e at\u00e9 o patrim\u00f4nio de dezenas de pequenos agricultores familiares situados \u00e0s margens da Borda do Lago de Sobradinho\u00a0no munic\u00edpio de Sento S\u00e9 est\u00e3o prejudicados em raz\u00e3o das constantes baixas do lago desde 2014.<\/p>\n<p>Por falta de \u00e1gua, centenas de hectares de planta\u00e7\u00f5es foram perdidas e at\u00e9 a cria\u00e7\u00e3o de animais de subsist\u00eancia vendidos \u00e0s pressas para n\u00e3o morrerem de fome e sede. Alguns agricultores perfuraram po\u00e7os e cavaram por conta pr\u00f3pria aguadas para tentar manter as planta\u00e7\u00f5es e mesmo assim foram inevit\u00e1veis os preju\u00edzos.<\/p>\n<p>O produtor rural Jos\u00e9 Vieira da Silva, possui uma propriedade rural denominada \u201cFazenda \u00c1gua Santa\u201d \u2013 distante cerca de 30 quil\u00f4metros da sede do munic\u00edpio de Sento S\u00e9, disse \u00e0 nossa reportagem que os agricultores situados na borda do lago est\u00e3o endividados com o Banco do Nordeste e sem condi\u00e7\u00f5es de renegociar as dividas.<\/p>\n<p>Tudo porque\u00a0precisariam de novo empr\u00e9stimo para desenvolver outras atividades como\u00a0a exemplo da pecu\u00e1ria que poderia ser a sa\u00edda para a crise, mas, por conta de estarem negativados no banco pedem ajuda \u00e0s autoridades locais, regionais, Deputados Estaduais, Federais e organismos ligados ao setor, no sentido de conscientizar a todos para a grave situa\u00e7\u00e3o que est\u00e3o enfrentando.<\/p>\n<p>Segundo Jos\u00e9 Vieira, a sua produ\u00e7\u00e3o de sete hectares e meio de plantio de uva, 10 hectares anuais de cebola, aproximadamente 15 hectares de milho, 5 hectares de hortali\u00e7as, entre outras,\u00a0 foram totalmente prejudicadas, reduzida a zero, por falta de \u00e1gua, disse.<\/p>\n<div id=\"gallery-2\" class=\"gallery galleryid-831 gallery-columns-2 gallery-size-medium\" data-carousel-extra=\"{&quot;blog_id&quot;:1,&quot;permalink&quot;:&quot;http:\\\/\\\/www.sentosenoticias.com.br\\\/2017\\\/05\\\/05\\\/sento-se-agricultores-atingidos-pela-baixa-lago-de-sobradinho-pedem-socorro\\\/&quot;}\">\n<figure class=\"gallery-item\">\n<div class=\"gallery-icon landscape\"><a href=\"https:\/\/i2.wp.com\/www.sentosenoticias.com.br\/wp-content\/uploads\/2017\/05\/20170427_064033.jpg\"><img loading=\"lazy\" decoding=\"async\" class=\"attachment-medium size-medium td-animation-stack-type0-2\" src=\"https:\/\/i2.wp.com\/www.sentosenoticias.com.br\/wp-content\/uploads\/2017\/05\/20170427_064033.jpg?fit=300%2C225\" sizes=\"auto, (max-width: 300px) 100vw, 300px\" srcset=\"https:\/\/i2.wp.com\/www.sentosenoticias.com.br\/wp-content\/uploads\/2017\/05\/20170427_064033.jpg?w=1600 1600w, https:\/\/i2.wp.com\/www.sentosenoticias.com.br\/wp-content\/uploads\/2017\/05\/20170427_064033.jpg?resize=300%2C225 300w, https:\/\/i2.wp.com\/www.sentosenoticias.com.br\/wp-content\/uploads\/2017\/05\/20170427_064033.jpg?resize=768%2C576 768w, https:\/\/i2.wp.com\/www.sentosenoticias.com.br\/wp-content\/uploads\/2017\/05\/20170427_064033.jpg?resize=1024%2C768 1024w, https:\/\/i2.wp.com\/www.sentosenoticias.com.br\/wp-content\/uploads\/2017\/05\/20170427_064033.jpg?resize=80%2C60 80w, https:\/\/i2.wp.com\/www.sentosenoticias.com.br\/wp-content\/uploads\/2017\/05\/20170427_064033.jpg?resize=265%2C198 265w, https:\/\/i2.wp.com\/www.sentosenoticias.com.br\/wp-content\/uploads\/2017\/05\/20170427_064033.jpg?resize=696%2C522 696w, https:\/\/i2.wp.com\/www.sentosenoticias.com.br\/wp-content\/uploads\/2017\/05\/20170427_064033.jpg?resize=1068%2C801 1068w, https:\/\/i2.wp.com\/www.sentosenoticias.com.br\/wp-content\/uploads\/2017\/05\/20170427_064033.jpg?resize=560%2C420 560w, https:\/\/i2.wp.com\/www.sentosenoticias.com.br\/wp-content\/uploads\/2017\/05\/20170427_064033.jpg?w=1280 1280w\" alt=\"\" width=\"300\" height=\"225\" data-attachment-id=\"835\" data-permalink=\"http:\/\/www.sentosenoticias.com.br\/2017\/05\/05\/sento-se-agricultores-atingidos-pela-baixa-lago-de-sobradinho-pedem-socorro\/20170427_064033\/\" data-orig-file=\"https:\/\/i2.wp.com\/www.sentosenoticias.com.br\/wp-content\/uploads\/2017\/05\/20170427_064033.jpg?fit=1600%2C1200\" data-orig-size=\"1600,1200\" data-comments-opened=\"1\" data-image-meta=\"{&quot;aperture&quot;:&quot;0&quot;,&quot;credit&quot;:&quot;&quot;,&quot;camera&quot;:&quot;&quot;,&quot;caption&quot;:&quot;&quot;,&quot;created_timestamp&quot;:&quot;0&quot;,&quot;copyright&quot;:&quot;&quot;,&quot;focal_length&quot;:&quot;0&quot;,&quot;iso&quot;:&quot;0&quot;,&quot;shutter_speed&quot;:&quot;0&quot;,&quot;title&quot;:&quot;&quot;,&quot;orientation&quot;:&quot;0&quot;}\" data-image-title=\"Com a falta da \u00e1gua est\u00e3o assim. Preju\u00edzo total.\" data-image-description=\"\" data-medium-file=\"https:\/\/i2.wp.com\/www.sentosenoticias.com.br\/wp-content\/uploads\/2017\/05\/20170427_064033.jpg?fit=300%2C225\" data-large-file=\"https:\/\/i2.wp.com\/www.sentosenoticias.com.br\/wp-content\/uploads\/2017\/05\/20170427_064033.jpg?fit=640%2C480\" \/><\/a><\/div>\n<\/figure>\n<figure class=\"gallery-item\">\n<div class=\"gallery-icon landscape\"><a href=\"https:\/\/i1.wp.com\/www.sentosenoticias.com.br\/wp-content\/uploads\/2017\/05\/20170304_173817.jpg\"><img loading=\"lazy\" decoding=\"async\" class=\"attachment-medium size-medium td-animation-stack-type0-2\" src=\"https:\/\/i1.wp.com\/www.sentosenoticias.com.br\/wp-content\/uploads\/2017\/05\/20170304_173817.jpg?fit=300%2C225\" sizes=\"auto, (max-width: 300px) 100vw, 300px\" srcset=\"https:\/\/i1.wp.com\/www.sentosenoticias.com.br\/wp-content\/uploads\/2017\/05\/20170304_173817.jpg?w=1600 1600w, https:\/\/i1.wp.com\/www.sentosenoticias.com.br\/wp-content\/uploads\/2017\/05\/20170304_173817.jpg?resize=300%2C225 300w, https:\/\/i1.wp.com\/www.sentosenoticias.com.br\/wp-content\/uploads\/2017\/05\/20170304_173817.jpg?resize=768%2C576 768w, https:\/\/i1.wp.com\/www.sentosenoticias.com.br\/wp-content\/uploads\/2017\/05\/20170304_173817.jpg?resize=1024%2C768 1024w, https:\/\/i1.wp.com\/www.sentosenoticias.com.br\/wp-content\/uploads\/2017\/05\/20170304_173817.jpg?resize=80%2C60 80w, https:\/\/i1.wp.com\/www.sentosenoticias.com.br\/wp-content\/uploads\/2017\/05\/20170304_173817.jpg?resize=265%2C198 265w, https:\/\/i1.wp.com\/www.sentosenoticias.com.br\/wp-content\/uploads\/2017\/05\/20170304_173817.jpg?resize=696%2C522 696w, https:\/\/i1.wp.com\/www.sentosenoticias.com.br\/wp-content\/uploads\/2017\/05\/20170304_173817.jpg?resize=1068%2C801 1068w, https:\/\/i1.wp.com\/www.sentosenoticias.com.br\/wp-content\/uploads\/2017\/05\/20170304_173817.jpg?resize=560%2C420 560w, https:\/\/i1.wp.com\/www.sentosenoticias.com.br\/wp-content\/uploads\/2017\/05\/20170304_173817.jpg?w=1280 1280w\" alt=\"\" width=\"300\" height=\"225\" data-attachment-id=\"834\" data-permalink=\"http:\/\/www.sentosenoticias.com.br\/2017\/05\/05\/sento-se-agricultores-atingidos-pela-baixa-lago-de-sobradinho-pedem-socorro\/20170304_173817\/\" data-orig-file=\"https:\/\/i1.wp.com\/www.sentosenoticias.com.br\/wp-content\/uploads\/2017\/05\/20170304_173817.jpg?fit=1600%2C1200\" data-orig-size=\"1600,1200\" data-comments-opened=\"1\" data-image-meta=\"{&quot;aperture&quot;:&quot;0&quot;,&quot;credit&quot;:&quot;&quot;,&quot;camera&quot;:&quot;&quot;,&quot;caption&quot;:&quot;&quot;,&quot;created_timestamp&quot;:&quot;0&quot;,&quot;copyright&quot;:&quot;&quot;,&quot;focal_length&quot;:&quot;0&quot;,&quot;iso&quot;:&quot;0&quot;,&quot;shutter_speed&quot;:&quot;0&quot;,&quot;title&quot;:&quot;&quot;,&quot;orientation&quot;:&quot;0&quot;}\" data-image-title=\"20170304_173817\" data-image-description=\"\" data-medium-file=\"https:\/\/i1.wp.com\/www.sentosenoticias.com.br\/wp-content\/uploads\/2017\/05\/20170304_173817.jpg?fit=300%2C225\" data-large-file=\"https:\/\/i1.wp.com\/www.sentosenoticias.com.br\/wp-content\/uploads\/2017\/05\/20170304_173817.jpg?fit=640%2C480\" \/><\/a><\/div>\n<\/figure>\n<figure class=\"gallery-item\">\n<div class=\"gallery-icon landscape\"><a href=\"https:\/\/i0.wp.com\/www.sentosenoticias.com.br\/wp-content\/uploads\/2017\/05\/fotos-062.jpg\"><img loading=\"lazy\" decoding=\"async\" class=\"attachment-medium size-medium td-animation-stack-type0-2\" src=\"https:\/\/i0.wp.com\/www.sentosenoticias.com.br\/wp-content\/uploads\/2017\/05\/fotos-062.jpg?fit=300%2C225\" sizes=\"auto, (max-width: 300px) 100vw, 300px\" srcset=\"https:\/\/i0.wp.com\/www.sentosenoticias.com.br\/wp-content\/uploads\/2017\/05\/fotos-062.jpg?w=1600 1600w, https:\/\/i0.wp.com\/www.sentosenoticias.com.br\/wp-content\/uploads\/2017\/05\/fotos-062.jpg?resize=300%2C225 300w, https:\/\/i0.wp.com\/www.sentosenoticias.com.br\/wp-content\/uploads\/2017\/05\/fotos-062.jpg?resize=768%2C576 768w, https:\/\/i0.wp.com\/www.sentosenoticias.com.br\/wp-content\/uploads\/2017\/05\/fotos-062.jpg?resize=1024%2C768 1024w, https:\/\/i0.wp.com\/www.sentosenoticias.com.br\/wp-content\/uploads\/2017\/05\/fotos-062.jpg?resize=80%2C60 80w, https:\/\/i0.wp.com\/www.sentosenoticias.com.br\/wp-content\/uploads\/2017\/05\/fotos-062.jpg?resize=265%2C198 265w, https:\/\/i0.wp.com\/www.sentosenoticias.com.br\/wp-content\/uploads\/2017\/05\/fotos-062.jpg?resize=696%2C522 696w, https:\/\/i0.wp.com\/www.sentosenoticias.com.br\/wp-content\/uploads\/2017\/05\/fotos-062.jpg?resize=1068%2C801 1068w, https:\/\/i0.wp.com\/www.sentosenoticias.com.br\/wp-content\/uploads\/2017\/05\/fotos-062.jpg?resize=560%2C420 560w, https:\/\/i0.wp.com\/www.sentosenoticias.com.br\/wp-content\/uploads\/2017\/05\/fotos-062.jpg?w=1280 1280w\" alt=\"\" width=\"300\" height=\"225\" data-attachment-id=\"833\" data-permalink=\"http:\/\/www.sentosenoticias.com.br\/2017\/05\/05\/sento-se-agricultores-atingidos-pela-baixa-lago-de-sobradinho-pedem-socorro\/fotos-062\/\" data-orig-file=\"https:\/\/i0.wp.com\/www.sentosenoticias.com.br\/wp-content\/uploads\/2017\/05\/fotos-062.jpg?fit=1600%2C1200\" data-orig-size=\"1600,1200\" data-comments-opened=\"1\" data-image-meta=\"{&quot;aperture&quot;:&quot;0&quot;,&quot;credit&quot;:&quot;&quot;,&quot;camera&quot;:&quot;&quot;,&quot;caption&quot;:&quot;&quot;,&quot;created_timestamp&quot;:&quot;0&quot;,&quot;copyright&quot;:&quot;&quot;,&quot;focal_length&quot;:&quot;0&quot;,&quot;iso&quot;:&quot;0&quot;,&quot;shutter_speed&quot;:&quot;0&quot;,&quot;title&quot;:&quot;&quot;,&quot;orientation&quot;:&quot;0&quot;}\" data-image-title=\"fotos 062\" data-image-description=\"\" data-medium-file=\"https:\/\/i0.wp.com\/www.sentosenoticias.com.br\/wp-content\/uploads\/2017\/05\/fotos-062.jpg?fit=300%2C225\" data-large-file=\"https:\/\/i0.wp.com\/www.sentosenoticias.com.br\/wp-content\/uploads\/2017\/05\/fotos-062.jpg?fit=640%2C480\" \/><\/a><\/div>\n<\/figure>\n<figure class=\"gallery-item\">\n<div class=\"gallery-icon landscape\"><a href=\"https:\/\/i0.wp.com\/www.sentosenoticias.com.br\/wp-content\/uploads\/2017\/05\/fotos-008.jpg\"><img loading=\"lazy\" decoding=\"async\" class=\"attachment-medium size-medium td-animation-stack-type0-2\" src=\"https:\/\/i0.wp.com\/www.sentosenoticias.com.br\/wp-content\/uploads\/2017\/05\/fotos-008.jpg?fit=300%2C225\" sizes=\"auto, (max-width: 300px) 100vw, 300px\" srcset=\"https:\/\/i0.wp.com\/www.sentosenoticias.com.br\/wp-content\/uploads\/2017\/05\/fotos-008.jpg?w=1600 1600w, https:\/\/i0.wp.com\/www.sentosenoticias.com.br\/wp-content\/uploads\/2017\/05\/fotos-008.jpg?resize=300%2C225 300w, https:\/\/i0.wp.com\/www.sentosenoticias.com.br\/wp-content\/uploads\/2017\/05\/fotos-008.jpg?resize=768%2C576 768w, https:\/\/i0.wp.com\/www.sentosenoticias.com.br\/wp-content\/uploads\/2017\/05\/fotos-008.jpg?resize=1024%2C768 1024w, https:\/\/i0.wp.com\/www.sentosenoticias.com.br\/wp-content\/uploads\/2017\/05\/fotos-008.jpg?resize=80%2C60 80w, https:\/\/i0.wp.com\/www.sentosenoticias.com.br\/wp-content\/uploads\/2017\/05\/fotos-008.jpg?resize=265%2C198 265w, https:\/\/i0.wp.com\/www.sentosenoticias.com.br\/wp-content\/uploads\/2017\/05\/fotos-008.jpg?resize=696%2C522 696w, https:\/\/i0.wp.com\/www.sentosenoticias.com.br\/wp-content\/uploads\/2017\/05\/fotos-008.jpg?resize=1068%2C801 1068w, https:\/\/i0.wp.com\/www.sentosenoticias.com.br\/wp-content\/uploads\/2017\/05\/fotos-008.jpg?resize=560%2C420 560w, https:\/\/i0.wp.com\/www.sentosenoticias.com.br\/wp-content\/uploads\/2017\/05\/fotos-008.jpg?w=1280 1280w\" alt=\"\" width=\"300\" height=\"225\" data-attachment-id=\"832\" data-permalink=\"http:\/\/www.sentosenoticias.com.br\/2017\/05\/05\/sento-se-agricultores-atingidos-pela-baixa-lago-de-sobradinho-pedem-socorro\/fotos-008\/\" data-orig-file=\"https:\/\/i0.wp.com\/www.sentosenoticias.com.br\/wp-content\/uploads\/2017\/05\/fotos-008.jpg?fit=1600%2C1200\" data-orig-size=\"1600,1200\" data-comments-opened=\"1\" data-image-meta=\"{&quot;aperture&quot;:&quot;0&quot;,&quot;credit&quot;:&quot;&quot;,&quot;camera&quot;:&quot;&quot;,&quot;caption&quot;:&quot;&quot;,&quot;created_timestamp&quot;:&quot;0&quot;,&quot;copyright&quot;:&quot;&quot;,&quot;focal_length&quot;:&quot;0&quot;,&quot;iso&quot;:&quot;0&quot;,&quot;shutter_speed&quot;:&quot;0&quot;,&quot;title&quot;:&quot;&quot;,&quot;orientation&quot;:&quot;0&quot;}\" data-image-title=\"fotos 008\" data-image-description=\"\" data-medium-file=\"https:\/\/i0.wp.com\/www.sentosenoticias.com.br\/wp-content\/uploads\/2017\/05\/fotos-008.jpg?fit=300%2C225\" data-large-file=\"https:\/\/i0.wp.com\/www.sentosenoticias.com.br\/wp-content\/uploads\/2017\/05\/fotos-008.jpg?fit=640%2C480\" \/><\/a><\/div>\n<\/figure>\n<\/div>\n<p>Vieira relatou tamb\u00e9m a falta de compreens\u00e3o e a indiferen\u00e7a ao problema do pr\u00f3prio banco financiador, que atrav\u00e9s dos seus t\u00e9cnicos que acompanharam o dia a dia, o dilema e o sofrimento dos agricultores, al\u00e9m da falta de cobertura dos preju\u00edzos por parte de um seguro que foi indicado pelo pr\u00f3prio Banco. \u201cPedimos socorro aos produtores e apoio do poder p\u00fablico, do Banco do Nordeste e a quem de direito. Estamos sofrendo desde quando o lago baixou at\u00e9 chegar no chamado \u201cvolume morto\u201d, at\u00e9 o momento\u201d.<\/p>\n<p>Vieira, cobra ainda que sejam planejadas, para o m\u00e9dio e longo prazos, medidas para ajudar a retomada dos plantios e cria\u00e7\u00f5es de animais, bem como que as autoridades\u00a0<span class=\"apple-converted-space\">\u00a0<\/span>viabilizem o perd\u00e3o ou uma anistia da d\u00edvida dos agricultores. N\u00e3o temos condi\u00e7\u00f5es de pagar essa d\u00edvida, tem que perdoar e que outro financiamento seja feito para a retomada das atividades, sugeriu.<\/p>\n<p><em>Fonte: Osiel Amaral \u2013 Fotos: Jos\u00e9 Vieira<\/em><\/p>\n<\/div>\n","protected":false},"excerpt":{"rendered":"<p>AGRICULTORES ATINGIDOS PELA BAIXA DO LAGO DE SOBRADINHO PEDEM SOCORRO A produ\u00e7\u00e3o de Uva, mel\u00e3o, milho, mandioca, a cria\u00e7\u00e3o de animais e at\u00e9 o patrim\u00f4nio de dezenas de pequenos agricultores familiares situados \u00e0s margens da Borda do Lago de Sobradinho\u00a0no munic\u00edpio de Sento S\u00e9 est\u00e3o prejudicados em raz\u00e3o das constantes baixas do lago desde 2014. Por falta de \u00e1gua, centenas de hectares de planta\u00e7\u00f5es foram perdidas e at\u00e9 a cria\u00e7\u00e3o de animais de subsist\u00eancia vendidos \u00e0s pressas para n\u00e3o morrerem de fome e sede. Alguns agricultores perfuraram po\u00e7os e cavaram por conta pr\u00f3pria aguadas para tentar manter as planta\u00e7\u00f5es e mesmo assim foram inevit\u00e1veis os preju\u00edzos. O produtor rural Jos\u00e9 Vieira da Silva, possui uma propriedade rural denominada \u201cFazenda \u00c1gua&hellip; <\/p>\n","protected":false},"author":1,"featured_media":165462,"comment_status":"open","ping_status":"open","sticky":false,"template":"","format":"standard","meta":{"_acf_changed":false,"footnotes":""},"categories":[55,27,13],"tags":[],"class_list":["post-165461","post","type-post","status-publish","format-standard","has-post-thumbnail","hentry","category-agropecuaria","category-cidades","category-fruticultura"],"acf":[],"yoast_head":"<!-- This site is optimized with the Yoast SEO plugin v27.4 - https:\/\/yoast.com\/product\/yoast-seo-wordpress\/ -->\n<title>DIRETO DE SENTO-S\u00c9 - Blog do Farn\u00e9sio<\/title>\n<meta name=\"robots\" content=\"index, follow, max-snippet:-1, max-image-preview:large, max-video-preview:-1\" \/>\n<link rel=\"canonical\" href=\"https:\/\/blogdofarnesio.com.br\/?p=165461\" \/>\n<meta property=\"og:locale\" content=\"pt_BR\" \/>\n<meta property=\"og:type\" content=\"article\" \/>\n<meta property=\"og:title\" content=\"DIRETO DE SENTO-S\u00c9 - Blog do Farn\u00e9sio\" \/>\n<meta property=\"og:description\" content=\"AGRICULTORES ATINGIDOS PELA BAIXA DO LAGO DE SOBRADINHO PEDEM SOCORRO A produ\u00e7\u00e3o de Uva, mel\u00e3o, milho, mandioca, a cria\u00e7\u00e3o de animais e at\u00e9 o patrim\u00f4nio de dezenas de pequenos agricultores familiares situados \u00e0s margens da Borda do Lago de Sobradinho\u00a0no munic\u00edpio de Sento S\u00e9 est\u00e3o prejudicados em raz\u00e3o das constantes baixas do lago desde 2014. Por falta de \u00e1gua, centenas de hectares de planta\u00e7\u00f5es foram perdidas e at\u00e9 a cria\u00e7\u00e3o de animais de subsist\u00eancia vendidos \u00e0s pressas para n\u00e3o morrerem de fome e sede. Alguns agricultores perfuraram po\u00e7os e cavaram por conta pr\u00f3pria aguadas para tentar manter as planta\u00e7\u00f5es e mesmo assim foram inevit\u00e1veis os preju\u00edzos. O produtor rural Jos\u00e9 Vieira da Silva, possui uma propriedade rural denominada \u201cFazenda \u00c1gua&hellip;\" \/>\n<meta property=\"og:url\" content=\"https:\/\/blogdofarnesio.com.br\/?p=165461\" \/>\n<meta property=\"og:site_name\" content=\"Blog do Farn\u00e9sio\" \/>\n<meta property=\"article:publisher\" content=\"https:\/\/www.facebook.com\/BlogQuerSaberPolitica\/\" \/>\n<meta property=\"article:published_time\" content=\"2017-05-05T19:28:39+00:00\" \/>\n<meta property=\"og:image\" content=\"https:\/\/blogdofarnesio.com.br\/wp-content\/uploads\/2017\/05\/blogqspuvaparreiral.jpg\" \/>\n\t<meta property=\"og:image:width\" content=\"696\" \/>\n\t<meta property=\"og:image:height\" content=\"522\" \/>\n\t<meta property=\"og:image:type\" content=\"image\/jpeg\" \/>\n<meta name=\"author\" content=\"Farn\u00e9sio\" \/>\n<meta name=\"twitter:card\" content=\"summary_large_image\" \/>\n<meta name=\"twitter:label1\" content=\"Escrito por\" \/>\n\t<meta name=\"twitter:data1\" content=\"Farn\u00e9sio\" \/>\n\t<meta name=\"twitter:label2\" content=\"Est. tempo de leitura\" \/>\n\t<meta name=\"twitter:data2\" content=\"2 minutos\" \/>\n<script type=\"application\/ld+json\" class=\"yoast-schema-graph\">{\"@context\":\"https:\\\/\\\/schema.org\",\"@graph\":[{\"@type\":\"Article\",\"@id\":\"https:\\\/\\\/blogdofarnesio.com.br\\\/?p=165461#article\",\"isPartOf\":{\"@id\":\"https:\\\/\\\/blogdofarnesio.com.br\\\/?p=165461\"},\"author\":{\"name\":\"Farn\u00e9sio\",\"@id\":\"https:\\\/\\\/blogdofarnesio.com.br\\\/#\\\/schema\\\/person\\\/301c4acf522bccbfdb45af95b5b906a1\"},\"headline\":\"DIRETO DE SENTO-S\u00c9\",\"datePublished\":\"2017-05-05T19:28:39+00:00\",\"mainEntityOfPage\":{\"@id\":\"https:\\\/\\\/blogdofarnesio.com.br\\\/?p=165461\"},\"wordCount\":453,\"commentCount\":0,\"publisher\":{\"@id\":\"https:\\\/\\\/blogdofarnesio.com.br\\\/#organization\"},\"image\":{\"@id\":\"https:\\\/\\\/blogdofarnesio.com.br\\\/?p=165461#primaryimage\"},\"thumbnailUrl\":\"https:\\\/\\\/blogdofarnesio.com.br\\\/wp-content\\\/uploads\\\/2017\\\/05\\\/blogqspuvaparreiral.jpg\",\"articleSection\":[\"Agropecu\u00e1ria\",\"Cidades\",\"Fruticultura\"],\"inLanguage\":\"pt-BR\",\"potentialAction\":[{\"@type\":\"CommentAction\",\"name\":\"Comment\",\"target\":[\"https:\\\/\\\/blogdofarnesio.com.br\\\/?p=165461#respond\"]}]},{\"@type\":\"WebPage\",\"@id\":\"https:\\\/\\\/blogdofarnesio.com.br\\\/?p=165461\",\"url\":\"https:\\\/\\\/blogdofarnesio.com.br\\\/?p=165461\",\"name\":\"DIRETO DE SENTO-S\u00c9 - Blog do Farn\u00e9sio\",\"isPartOf\":{\"@id\":\"https:\\\/\\\/blogdofarnesio.com.br\\\/#website\"},\"primaryImageOfPage\":{\"@id\":\"https:\\\/\\\/blogdofarnesio.com.br\\\/?p=165461#primaryimage\"},\"image\":{\"@id\":\"https:\\\/\\\/blogdofarnesio.com.br\\\/?p=165461#primaryimage\"},\"thumbnailUrl\":\"https:\\\/\\\/blogdofarnesio.com.br\\\/wp-content\\\/uploads\\\/2017\\\/05\\\/blogqspuvaparreiral.jpg\",\"datePublished\":\"2017-05-05T19:28:39+00:00\",\"breadcrumb\":{\"@id\":\"https:\\\/\\\/blogdofarnesio.com.br\\\/?p=165461#breadcrumb\"},\"inLanguage\":\"pt-BR\",\"potentialAction\":[{\"@type\":\"ReadAction\",\"target\":[\"https:\\\/\\\/blogdofarnesio.com.br\\\/?p=165461\"]}]},{\"@type\":\"ImageObject\",\"inLanguage\":\"pt-BR\",\"@id\":\"https:\\\/\\\/blogdofarnesio.com.br\\\/?p=165461#primaryimage\",\"url\":\"https:\\\/\\\/blogdofarnesio.com.br\\\/wp-content\\\/uploads\\\/2017\\\/05\\\/blogqspuvaparreiral.jpg\",\"contentUrl\":\"https:\\\/\\\/blogdofarnesio.com.br\\\/wp-content\\\/uploads\\\/2017\\\/05\\\/blogqspuvaparreiral.jpg\",\"width\":696,\"height\":522},{\"@type\":\"BreadcrumbList\",\"@id\":\"https:\\\/\\\/blogdofarnesio.com.br\\\/?p=165461#breadcrumb\",\"itemListElement\":[{\"@type\":\"ListItem\",\"position\":1,\"name\":\"In\u00edcio\",\"item\":\"https:\\\/\\\/blogdofarnesio.com.br\\\/\"},{\"@type\":\"ListItem\",\"position\":2,\"name\":\"DIRETO DE SENTO-S\u00c9\"}]},{\"@type\":\"WebSite\",\"@id\":\"https:\\\/\\\/blogdofarnesio.com.br\\\/#website\",\"url\":\"https:\\\/\\\/blogdofarnesio.com.br\\\/\",\"name\":\"Blog do Farn\u00e9sio\",\"description\":\"Quer Saber Pol\u00edtica?\",\"publisher\":{\"@id\":\"https:\\\/\\\/blogdofarnesio.com.br\\\/#organization\"},\"potentialAction\":[{\"@type\":\"SearchAction\",\"target\":{\"@type\":\"EntryPoint\",\"urlTemplate\":\"https:\\\/\\\/blogdofarnesio.com.br\\\/?s={search_term_string}\"},\"query-input\":{\"@type\":\"PropertyValueSpecification\",\"valueRequired\":true,\"valueName\":\"search_term_string\"}}],\"inLanguage\":\"pt-BR\"},{\"@type\":\"Organization\",\"@id\":\"https:\\\/\\\/blogdofarnesio.com.br\\\/#organization\",\"name\":\"Blog do Farn\u00e9sio\",\"url\":\"https:\\\/\\\/blogdofarnesio.com.br\\\/\",\"logo\":{\"@type\":\"ImageObject\",\"inLanguage\":\"pt-BR\",\"@id\":\"https:\\\/\\\/blogdofarnesio.com.br\\\/#\\\/schema\\\/logo\\\/image\\\/\",\"url\":\"https:\\\/\\\/blogdofarnesio.com.br\\\/wp-content\\\/uploads\\\/2026\\\/03\\\/cropped-logo_new-1.png\",\"contentUrl\":\"https:\\\/\\\/blogdofarnesio.com.br\\\/wp-content\\\/uploads\\\/2026\\\/03\\\/cropped-logo_new-1.png\",\"width\":881,\"height\":685,\"caption\":\"Blog do Farn\u00e9sio\"},\"image\":{\"@id\":\"https:\\\/\\\/blogdofarnesio.com.br\\\/#\\\/schema\\\/logo\\\/image\\\/\"},\"sameAs\":[\"https:\\\/\\\/www.facebook.com\\\/BlogQuerSaberPolitica\\\/\"]},{\"@type\":\"Person\",\"@id\":\"https:\\\/\\\/blogdofarnesio.com.br\\\/#\\\/schema\\\/person\\\/301c4acf522bccbfdb45af95b5b906a1\",\"name\":\"Farn\u00e9sio\",\"image\":{\"@type\":\"ImageObject\",\"inLanguage\":\"pt-BR\",\"@id\":\"https:\\\/\\\/secure.gravatar.com\\\/avatar\\\/df0c9a14567c056f8ad6876ba5bbd1e3e2c48023eb6807342fc4663adf549f38?s=96&d=mm&r=g\",\"url\":\"https:\\\/\\\/secure.gravatar.com\\\/avatar\\\/df0c9a14567c056f8ad6876ba5bbd1e3e2c48023eb6807342fc4663adf549f38?s=96&d=mm&r=g\",\"contentUrl\":\"https:\\\/\\\/secure.gravatar.com\\\/avatar\\\/df0c9a14567c056f8ad6876ba5bbd1e3e2c48023eb6807342fc4663adf549f38?s=96&d=mm&r=g\",\"caption\":\"Farn\u00e9sio\"},\"sameAs\":[\"https:\\\/\\\/quersaberpolitica.com.br\"],\"url\":\"https:\\\/\\\/blogdofarnesio.com.br\\\/?author=1\"}]}<\/script>\n<!-- \/ Yoast SEO plugin. -->","yoast_head_json":{"title":"DIRETO DE SENTO-S\u00c9 - Blog do Farn\u00e9sio","robots":{"index":"index","follow":"follow","max-snippet":"max-snippet:-1","max-image-preview":"max-image-preview:large","max-video-preview":"max-video-preview:-1"},"canonical":"https:\/\/blogdofarnesio.com.br\/?p=165461","og_locale":"pt_BR","og_type":"article","og_title":"DIRETO DE SENTO-S\u00c9 - Blog do Farn\u00e9sio","og_description":"AGRICULTORES ATINGIDOS PELA BAIXA DO LAGO DE SOBRADINHO PEDEM SOCORRO A produ\u00e7\u00e3o de Uva, mel\u00e3o, milho, mandioca, a cria\u00e7\u00e3o de animais e at\u00e9 o patrim\u00f4nio de dezenas de pequenos agricultores familiares situados \u00e0s margens da Borda do Lago de Sobradinho\u00a0no munic\u00edpio de Sento S\u00e9 est\u00e3o prejudicados em raz\u00e3o das constantes baixas do lago desde 2014. Por falta de \u00e1gua, centenas de hectares de planta\u00e7\u00f5es foram perdidas e at\u00e9 a cria\u00e7\u00e3o de animais de subsist\u00eancia vendidos \u00e0s pressas para n\u00e3o morrerem de fome e sede. Alguns agricultores perfuraram po\u00e7os e cavaram por conta pr\u00f3pria aguadas para tentar manter as planta\u00e7\u00f5es e mesmo assim foram inevit\u00e1veis os preju\u00edzos. O produtor rural Jos\u00e9 Vieira da Silva, possui uma propriedade rural denominada \u201cFazenda \u00c1gua&hellip;","og_url":"https:\/\/blogdofarnesio.com.br\/?p=165461","og_site_name":"Blog do Farn\u00e9sio","article_publisher":"https:\/\/www.facebook.com\/BlogQuerSaberPolitica\/","article_published_time":"2017-05-05T19:28:39+00:00","og_image":[{"width":696,"height":522,"url":"https:\/\/blogdofarnesio.com.br\/wp-content\/uploads\/2017\/05\/blogqspuvaparreiral.jpg","type":"image\/jpeg"}],"author":"Farn\u00e9sio","twitter_card":"summary_large_image","twitter_misc":{"Escrito por":"Farn\u00e9sio","Est. tempo de leitura":"2 minutos"},"schema":{"@context":"https:\/\/schema.org","@graph":[{"@type":"Article","@id":"https:\/\/blogdofarnesio.com.br\/?p=165461#article","isPartOf":{"@id":"https:\/\/blogdofarnesio.com.br\/?p=165461"},"author":{"name":"Farn\u00e9sio","@id":"https:\/\/blogdofarnesio.com.br\/#\/schema\/person\/301c4acf522bccbfdb45af95b5b906a1"},"headline":"DIRETO DE SENTO-S\u00c9","datePublished":"2017-05-05T19:28:39+00:00","mainEntityOfPage":{"@id":"https:\/\/blogdofarnesio.com.br\/?p=165461"},"wordCount":453,"commentCount":0,"publisher":{"@id":"https:\/\/blogdofarnesio.com.br\/#organization"},"image":{"@id":"https:\/\/blogdofarnesio.com.br\/?p=165461#primaryimage"},"thumbnailUrl":"https:\/\/blogdofarnesio.com.br\/wp-content\/uploads\/2017\/05\/blogqspuvaparreiral.jpg","articleSection":["Agropecu\u00e1ria","Cidades","Fruticultura"],"inLanguage":"pt-BR","potentialAction":[{"@type":"CommentAction","name":"Comment","target":["https:\/\/blogdofarnesio.com.br\/?p=165461#respond"]}]},{"@type":"WebPage","@id":"https:\/\/blogdofarnesio.com.br\/?p=165461","url":"https:\/\/blogdofarnesio.com.br\/?p=165461","name":"DIRETO DE SENTO-S\u00c9 - Blog do Farn\u00e9sio","isPartOf":{"@id":"https:\/\/blogdofarnesio.com.br\/#website"},"primaryImageOfPage":{"@id":"https:\/\/blogdofarnesio.com.br\/?p=165461#primaryimage"},"image":{"@id":"https:\/\/blogdofarnesio.com.br\/?p=165461#primaryimage"},"thumbnailUrl":"https:\/\/blogdofarnesio.com.br\/wp-content\/uploads\/2017\/05\/blogqspuvaparreiral.jpg","datePublished":"2017-05-05T19:28:39+00:00","breadcrumb":{"@id":"https:\/\/blogdofarnesio.com.br\/?p=165461#breadcrumb"},"inLanguage":"pt-BR","potentialAction":[{"@type":"ReadAction","target":["https:\/\/blogdofarnesio.com.br\/?p=165461"]}]},{"@type":"ImageObject","inLanguage":"pt-BR","@id":"https:\/\/blogdofarnesio.com.br\/?p=165461#primaryimage","url":"https:\/\/blogdofarnesio.com.br\/wp-content\/uploads\/2017\/05\/blogqspuvaparreiral.jpg","contentUrl":"https:\/\/blogdofarnesio.com.br\/wp-content\/uploads\/2017\/05\/blogqspuvaparreiral.jpg","width":696,"height":522},{"@type":"BreadcrumbList","@id":"https:\/\/blogdofarnesio.com.br\/?p=165461#breadcrumb","itemListElement":[{"@type":"ListItem","position":1,"name":"In\u00edcio","item":"https:\/\/blogdofarnesio.com.br\/"},{"@type":"ListItem","position":2,"name":"DIRETO DE SENTO-S\u00c9"}]},{"@type":"WebSite","@id":"https:\/\/blogdofarnesio.com.br\/#website","url":"https:\/\/blogdofarnesio.com.br\/","name":"Blog do Farn\u00e9sio","description":"Quer Saber Pol\u00edtica?","publisher":{"@id":"https:\/\/blogdofarnesio.com.br\/#organization"},"potentialAction":[{"@type":"SearchAction","target":{"@type":"EntryPoint","urlTemplate":"https:\/\/blogdofarnesio.com.br\/?s={search_term_string}"},"query-input":{"@type":"PropertyValueSpecification","valueRequired":true,"valueName":"search_term_string"}}],"inLanguage":"pt-BR"},{"@type":"Organization","@id":"https:\/\/blogdofarnesio.com.br\/#organization","name":"Blog do Farn\u00e9sio","url":"https:\/\/blogdofarnesio.com.br\/","logo":{"@type":"ImageObject","inLanguage":"pt-BR","@id":"https:\/\/blogdofarnesio.com.br\/#\/schema\/logo\/image\/","url":"https:\/\/blogdofarnesio.com.br\/wp-content\/uploads\/2026\/03\/cropped-logo_new-1.png","contentUrl":"https:\/\/blogdofarnesio.com.br\/wp-content\/uploads\/2026\/03\/cropped-logo_new-1.png","width":881,"height":685,"caption":"Blog do Farn\u00e9sio"},"image":{"@id":"https:\/\/blogdofarnesio.com.br\/#\/schema\/logo\/image\/"},"sameAs":["https:\/\/www.facebook.com\/BlogQuerSaberPolitica\/"]},{"@type":"Person","@id":"https:\/\/blogdofarnesio.com.br\/#\/schema\/person\/301c4acf522bccbfdb45af95b5b906a1","name":"Farn\u00e9sio","image":{"@type":"ImageObject","inLanguage":"pt-BR","@id":"https:\/\/secure.gravatar.com\/avatar\/df0c9a14567c056f8ad6876ba5bbd1e3e2c48023eb6807342fc4663adf549f38?s=96&d=mm&r=g","url":"https:\/\/secure.gravatar.com\/avatar\/df0c9a14567c056f8ad6876ba5bbd1e3e2c48023eb6807342fc4663adf549f38?s=96&d=mm&r=g","contentUrl":"https:\/\/secure.gravatar.com\/avatar\/df0c9a14567c056f8ad6876ba5bbd1e3e2c48023eb6807342fc4663adf549f38?s=96&d=mm&r=g","caption":"Farn\u00e9sio"},"sameAs":["https:\/\/quersaberpolitica.com.br"],"url":"https:\/\/blogdofarnesio.com.br\/?author=1"}]}},"_links":{"self":[{"href":"https:\/\/blogdofarnesio.com.br\/index.php?rest_route=\/wp\/v2\/posts\/165461","targetHints":{"allow":["GET"]}}],"collection":[{"href":"https:\/\/blogdofarnesio.com.br\/index.php?rest_route=\/wp\/v2\/posts"}],"about":[{"href":"https:\/\/blogdofarnesio.com.br\/index.php?rest_route=\/wp\/v2\/types\/post"}],"author":[{"embeddable":true,"href":"https:\/\/blogdofarnesio.com.br\/index.php?rest_route=\/wp\/v2\/users\/1"}],"replies":[{"embeddable":true,"href":"https:\/\/blogdofarnesio.com.br\/index.php?rest_route=%2Fwp%2Fv2%2Fcomments&post=165461"}],"version-history":[{"count":0,"href":"https:\/\/blogdofarnesio.com.br\/index.php?rest_route=\/wp\/v2\/posts\/165461\/revisions"}],"wp:featuredmedia":[{"embeddable":true,"href":"https:\/\/blogdofarnesio.com.br\/index.php?rest_route=\/wp\/v2\/media\/165462"}],"wp:attachment":[{"href":"https:\/\/blogdofarnesio.com.br\/index.php?rest_route=%2Fwp%2Fv2%2Fmedia&parent=165461"}],"wp:term":[{"taxonomy":"category","embeddable":true,"href":"https:\/\/blogdofarnesio.com.br\/index.php?rest_route=%2Fwp%2Fv2%2Fcategories&post=165461"},{"taxonomy":"post_tag","embeddable":true,"href":"https:\/\/blogdofarnesio.com.br\/index.php?rest_route=%2Fwp%2Fv2%2Ftags&post=165461"}],"curies":[{"name":"wp","href":"https:\/\/api.w.org\/{rel}","templated":true}]}}