{"id":165265,"date":"2017-05-04T08:04:15","date_gmt":"2017-05-04T11:04:15","guid":{"rendered":"http:\/\/quersaberpolitica.com.br\/2016\/?p=165265"},"modified":"2017-05-03T15:51:19","modified_gmt":"2017-05-03T18:51:19","slug":"novo-embate-nacional-1a-instancia-x-supremo","status":"publish","type":"post","link":"https:\/\/blogdofarnesio.com.br\/2017\/05\/novo-embate-nacional-1a-instancia-x-supremo\/","title":{"rendered":"NOVO EMBATE NACIONAL: 1\u00aa INST\u00c2NCIA  X  SUPREMO"},"content":{"rendered":"<p><strong>Por Merval Pereira<\/strong><\/p>\n<p>Estamos diante de um embate decisivo para o futuro da Opera\u00e7\u00e3o Lava Jato: ju\u00edzes de primeira inst\u00e2ncia contra o Supremo Tribunal Federal. As pris\u00f5es preventivas que at\u00e9 agora vinham funcionando como uma demonstra\u00e7\u00e3o de efici\u00eancia da Justi\u00e7a contra criminosos de colarinho branco, fossem pol\u00edticos ou empres\u00e1rios, passaram, a ser contestadas por uma maioria formada na Segunda Turma do Supremo.<\/p>\n<p>Embora derrotados nas \u00faltimas decis\u00f5es, a mais emblem\u00e1tica a soltura de Jos\u00e9 Dirceu ontem, o relator dos processos, ministro Luiz Edson Fachin e o decano Celso de Mello demonstram com seus votos que n\u00e3o h\u00e1 nada de descabido na manuten\u00e7\u00e3o da pris\u00e3o preventiva de um condenado como Dirceu, seja pela multiplicidade dos crimes de que \u00e9 acusado, como ressaltou Fachin, seja pela gravidade da atividade criminosa que tomou conta do Estado brasileiro, como afirmou Celso de Mello.<\/p>\n<p>Mais uma vez, por\u00e9m, a impetuosidade dos procuradores da Lava Jato em Curitiba criou problemas estrat\u00e9gicos, como naquela ocasi\u00e3o em que Deltan Dallagnol apresentou um Power point que mostrava a centralidade do papel de Lula na organiza\u00e7\u00e3o criminosa, sem haver um processo que o acusasse formalmente de ser o chefe da organiza\u00e7\u00e3o criminosa.<\/p>\n<p>Esse processo est\u00e1 sendo preparado pelo Procurador-Geral da Rep\u00fablica, Rodrigo Janot, e Lula ser\u00e1 acusado formalmente no que \u00e9 conhecido hoje como \u201co quadrilh\u00e3o\u201d. Mas enquanto n\u00e3o chega o momento, as antecipa\u00e7\u00f5es s\u00f3 d\u00e3o muni\u00e7\u00e3o aos que criticam a metodologia da Opera\u00e7\u00e3o Lava Jato.<\/p>\n<p>Como aconteceu ontem com a nova acusa\u00e7\u00e3o contra Jos\u00e9 Dirceu, feita em Curitiba horas antes da reuni\u00e3o da Segunda Turma do Supremo em Bras\u00edlia. O pr\u00f3prio Dallagnol admitiu que a possibilidade de Dirceu ser solto acelerou a divulga\u00e7\u00e3o da nova acusa\u00e7\u00e3o. Ingenuamente, disse que os procuradores queriam dar ao STF novos dados para a decis\u00e3o.<\/p>\n<p>O ministro Gilmar Mendes, cr\u00edtico contumaz das \u201cpris\u00f5es alongadas\u201d da Lava Jato, denunciou uma tentativa \u201cinfantil\u201d de pressionar o Supremo, mas a verdade \u00e9 que j\u00e1 se sabia de antem\u00e3o a posi\u00e7\u00e3o dos tr\u00eas que votaram pela liberta\u00e7\u00e3o de Dirceu: Gilmar Mendes, Ricardo Lewandowski e Dias Toffoli.<\/p>\n<p>Portanto, o gesto dos procuradores de Curitiba foi v\u00e3o, serviu apenas para municiar de argumentos ministros que j\u00e1 tinham posi\u00e7\u00f5es conhecidas. O problema \u00e9 que tamb\u00e9m eles t\u00eam raz\u00f5es jur\u00eddicas v\u00e1lidas para conceder o habeas-corpus, embora a realidade mostre que Dirceu \u00e9 um ativista pol\u00edtico que n\u00e3o deveria ter a chance de articular em liberdade a\u00e7\u00f5es como as que articulou quando do mensal\u00e3o.<\/p>\n<p>Gilmar Mendes citou o julgamento do mensal\u00e3o como exemplar, pois n\u00e3o foi decretada nenhuma pris\u00e3o preventiva e v\u00e1rios pol\u00edticos, inclusive Dirceu, foram condenados e presos. Talvez tenha sido por isso, por\u00e9m, que Dirceu continuou recebendo propinas mesmo depois de condenado.<\/p>\n<p>Veremos agora um desdobramento dessa disputa entre ministros da Segunda Turma do STF e ju\u00edzes, pois caber\u00e1 ao Juiz S\u00e9rgio Moro definir as medidas cautelares para Dirceu permanecer em pris\u00e3o domiciliar. Na \u00faltima sexta-feira, o ministro Gilmar Mendes deferiu pedido de habeas corpus em favor do empres\u00e1rio Eike Batista, revogando sua pris\u00e3o preventiva.<\/p>\n<p>No dia seguinte o juiz federal de plant\u00e3o Gustavo Arruda Macedo imp\u00f4s uma s\u00e9rie de restri\u00e7\u00f5es a ele, como ficar afastado da administra\u00e7\u00e3o de suas empresas, s\u00f3 receber visitas de parentes e advogados, possibilidade de levantar permanentemente o sigilo telef\u00f4nico, e usar tornozeleira eletr\u00f4nica.<\/p>\n<p>O juiz Marcelo Bretas, o respons\u00e1vel natural do caso, acrescentou \u00e0s medidas o pagamento da fian\u00e7a de R$ 52 milh\u00f5es, que devem ser pagos no prazo de cinco dias, sob pena de voltar para a cadeia. Bretas diz que h\u00e1 indica\u00e7\u00f5es de que &#8220;este acusado estaria ocultando valores alcan\u00e7\u00e1veis por sua responsabiliza\u00e7\u00e3o criminal&#8221;. Se n\u00e3o pagar a fian\u00e7a, Eike ter\u00e1 que retornar para a pris\u00e3o.<\/p>\n<p>O recurso da defesa dever\u00e1 ser feito ao Tribunal Regional Federal da Segunda Regi\u00e3o (TRF2), enquanto o TRF 4 poder\u00e1 se pronunciar nos pr\u00f3ximos dias sobre a condena\u00e7\u00e3o em segunda inst\u00e2ncia de Jos\u00e9 Dirceu, o que o levaria novamente para a cadeia. Os Tribunais Regionais t\u00eam mantido, em larga margem, as decis\u00f5es da primeira inst\u00e2ncia da Lava Jato.<\/p>\n<p>O desmonte da Opera\u00e7\u00e3o Lava Jato, que muitos veem refletido na maioria formada na Segunda Turma do STF, pode n\u00e3o se concretizar.<\/p>\n","protected":false},"excerpt":{"rendered":"<p>Por Merval Pereira Estamos diante de um embate decisivo para o futuro da Opera\u00e7\u00e3o Lava Jato: ju\u00edzes de primeira inst\u00e2ncia contra o Supremo Tribunal Federal. As pris\u00f5es preventivas que at\u00e9 agora vinham funcionando como uma demonstra\u00e7\u00e3o de efici\u00eancia da Justi\u00e7a contra criminosos de colarinho branco, fossem pol\u00edticos ou empres\u00e1rios, passaram, a ser contestadas por uma maioria formada na Segunda Turma do Supremo. Embora derrotados nas \u00faltimas decis\u00f5es, a mais emblem\u00e1tica a soltura de Jos\u00e9 Dirceu ontem, o relator dos processos, ministro Luiz Edson Fachin e o decano Celso de Mello demonstram com seus votos que n\u00e3o h\u00e1 nada de descabido na manuten\u00e7\u00e3o da pris\u00e3o preventiva de um condenado como Dirceu, seja pela multiplicidade dos crimes de que \u00e9 acusado, como&hellip; <\/p>\n","protected":false},"author":1,"featured_media":0,"comment_status":"open","ping_status":"open","sticky":false,"template":"","format":"standard","meta":{"_acf_changed":false,"footnotes":""},"categories":[30],"tags":[],"class_list":["post-165265","post","type-post","status-publish","format-standard","hentry","category-artigo"],"acf":[],"yoast_head":"<!-- This site is optimized with the Yoast SEO plugin v27.5 - https:\/\/yoast.com\/product\/yoast-seo-wordpress\/ -->\n<title>NOVO EMBATE NACIONAL: 1\u00aa INST\u00c2NCIA X SUPREMO - Blog do Farn\u00e9sio<\/title>\n<meta name=\"robots\" content=\"index, follow, max-snippet:-1, max-image-preview:large, max-video-preview:-1\" \/>\n<link rel=\"canonical\" href=\"https:\/\/blogdofarnesio.com.br\/2017\/05\/novo-embate-nacional-1a-instancia-x-supremo\/\" \/>\n<meta property=\"og:locale\" content=\"pt_BR\" \/>\n<meta property=\"og:type\" content=\"article\" \/>\n<meta property=\"og:title\" content=\"NOVO EMBATE NACIONAL: 1\u00aa INST\u00c2NCIA X SUPREMO - Blog do Farn\u00e9sio\" \/>\n<meta property=\"og:description\" content=\"Por Merval Pereira Estamos diante de um embate decisivo para o futuro da Opera\u00e7\u00e3o Lava Jato: ju\u00edzes de primeira inst\u00e2ncia contra o Supremo Tribunal Federal. As pris\u00f5es preventivas que at\u00e9 agora vinham funcionando como uma demonstra\u00e7\u00e3o de efici\u00eancia da Justi\u00e7a contra criminosos de colarinho branco, fossem pol\u00edticos ou empres\u00e1rios, passaram, a ser contestadas por uma maioria formada na Segunda Turma do Supremo. Embora derrotados nas \u00faltimas decis\u00f5es, a mais emblem\u00e1tica a soltura de Jos\u00e9 Dirceu ontem, o relator dos processos, ministro Luiz Edson Fachin e o decano Celso de Mello demonstram com seus votos que n\u00e3o h\u00e1 nada de descabido na manuten\u00e7\u00e3o da pris\u00e3o preventiva de um condenado como Dirceu, seja pela multiplicidade dos crimes de que \u00e9 acusado, como&hellip;\" \/>\n<meta property=\"og:url\" content=\"https:\/\/blogdofarnesio.com.br\/2017\/05\/novo-embate-nacional-1a-instancia-x-supremo\/\" \/>\n<meta property=\"og:site_name\" content=\"Blog do Farn\u00e9sio\" \/>\n<meta property=\"article:publisher\" content=\"https:\/\/www.facebook.com\/BlogQuerSaberPolitica\/\" \/>\n<meta property=\"article:published_time\" content=\"2017-05-04T11:04:15+00:00\" \/>\n<meta name=\"author\" content=\"Farn\u00e9sio\" \/>\n<meta name=\"twitter:card\" content=\"summary_large_image\" \/>\n<meta name=\"twitter:label1\" content=\"Escrito por\" \/>\n\t<meta name=\"twitter:data1\" content=\"Farn\u00e9sio\" \/>\n\t<meta name=\"twitter:label2\" content=\"Est. tempo de leitura\" \/>\n\t<meta name=\"twitter:data2\" content=\"4 minutos\" \/>\n<script type=\"application\/ld+json\" class=\"yoast-schema-graph\">{\"@context\":\"https:\\\/\\\/schema.org\",\"@graph\":[{\"@type\":\"Article\",\"@id\":\"https:\\\/\\\/blogdofarnesio.com.br\\\/2017\\\/05\\\/novo-embate-nacional-1a-instancia-x-supremo\\\/#article\",\"isPartOf\":{\"@id\":\"https:\\\/\\\/blogdofarnesio.com.br\\\/2017\\\/05\\\/novo-embate-nacional-1a-instancia-x-supremo\\\/\"},\"author\":{\"name\":\"Farn\u00e9sio\",\"@id\":\"https:\\\/\\\/blogdofarnesio.com.br\\\/#\\\/schema\\\/person\\\/301c4acf522bccbfdb45af95b5b906a1\"},\"headline\":\"NOVO EMBATE NACIONAL: 1\u00aa INST\u00c2NCIA X SUPREMO\",\"datePublished\":\"2017-05-04T11:04:15+00:00\",\"mainEntityOfPage\":{\"@id\":\"https:\\\/\\\/blogdofarnesio.com.br\\\/2017\\\/05\\\/novo-embate-nacional-1a-instancia-x-supremo\\\/\"},\"wordCount\":769,\"commentCount\":0,\"publisher\":{\"@id\":\"https:\\\/\\\/blogdofarnesio.com.br\\\/#organization\"},\"articleSection\":[\"Artigo\"],\"inLanguage\":\"pt-BR\",\"potentialAction\":[{\"@type\":\"CommentAction\",\"name\":\"Comment\",\"target\":[\"https:\\\/\\\/blogdofarnesio.com.br\\\/2017\\\/05\\\/novo-embate-nacional-1a-instancia-x-supremo\\\/#respond\"]}]},{\"@type\":\"WebPage\",\"@id\":\"https:\\\/\\\/blogdofarnesio.com.br\\\/2017\\\/05\\\/novo-embate-nacional-1a-instancia-x-supremo\\\/\",\"url\":\"https:\\\/\\\/blogdofarnesio.com.br\\\/2017\\\/05\\\/novo-embate-nacional-1a-instancia-x-supremo\\\/\",\"name\":\"NOVO EMBATE NACIONAL: 1\u00aa INST\u00c2NCIA X SUPREMO - Blog do Farn\u00e9sio\",\"isPartOf\":{\"@id\":\"https:\\\/\\\/blogdofarnesio.com.br\\\/#website\"},\"datePublished\":\"2017-05-04T11:04:15+00:00\",\"breadcrumb\":{\"@id\":\"https:\\\/\\\/blogdofarnesio.com.br\\\/2017\\\/05\\\/novo-embate-nacional-1a-instancia-x-supremo\\\/#breadcrumb\"},\"inLanguage\":\"pt-BR\",\"potentialAction\":[{\"@type\":\"ReadAction\",\"target\":[\"https:\\\/\\\/blogdofarnesio.com.br\\\/2017\\\/05\\\/novo-embate-nacional-1a-instancia-x-supremo\\\/\"]}]},{\"@type\":\"BreadcrumbList\",\"@id\":\"https:\\\/\\\/blogdofarnesio.com.br\\\/2017\\\/05\\\/novo-embate-nacional-1a-instancia-x-supremo\\\/#breadcrumb\",\"itemListElement\":[{\"@type\":\"ListItem\",\"position\":1,\"name\":\"In\u00edcio\",\"item\":\"https:\\\/\\\/blogdofarnesio.com.br\\\/\"},{\"@type\":\"ListItem\",\"position\":2,\"name\":\"NOVO EMBATE NACIONAL: 1\u00aa INST\u00c2NCIA X SUPREMO\"}]},{\"@type\":\"WebSite\",\"@id\":\"https:\\\/\\\/blogdofarnesio.com.br\\\/#website\",\"url\":\"https:\\\/\\\/blogdofarnesio.com.br\\\/\",\"name\":\"Blog do Farn\u00e9sio\",\"description\":\"Quer Saber Pol\u00edtica?\",\"publisher\":{\"@id\":\"https:\\\/\\\/blogdofarnesio.com.br\\\/#organization\"},\"potentialAction\":[{\"@type\":\"SearchAction\",\"target\":{\"@type\":\"EntryPoint\",\"urlTemplate\":\"https:\\\/\\\/blogdofarnesio.com.br\\\/?s={search_term_string}\"},\"query-input\":{\"@type\":\"PropertyValueSpecification\",\"valueRequired\":true,\"valueName\":\"search_term_string\"}}],\"inLanguage\":\"pt-BR\"},{\"@type\":\"Organization\",\"@id\":\"https:\\\/\\\/blogdofarnesio.com.br\\\/#organization\",\"name\":\"Blog do Farn\u00e9sio\",\"url\":\"https:\\\/\\\/blogdofarnesio.com.br\\\/\",\"logo\":{\"@type\":\"ImageObject\",\"inLanguage\":\"pt-BR\",\"@id\":\"https:\\\/\\\/blogdofarnesio.com.br\\\/#\\\/schema\\\/logo\\\/image\\\/\",\"url\":\"https:\\\/\\\/blogdofarnesio.com.br\\\/wp-content\\\/uploads\\\/2026\\\/03\\\/cropped-logo_new-1.png\",\"contentUrl\":\"https:\\\/\\\/blogdofarnesio.com.br\\\/wp-content\\\/uploads\\\/2026\\\/03\\\/cropped-logo_new-1.png\",\"width\":881,\"height\":685,\"caption\":\"Blog do Farn\u00e9sio\"},\"image\":{\"@id\":\"https:\\\/\\\/blogdofarnesio.com.br\\\/#\\\/schema\\\/logo\\\/image\\\/\"},\"sameAs\":[\"https:\\\/\\\/www.facebook.com\\\/BlogQuerSaberPolitica\\\/\"]},{\"@type\":\"Person\",\"@id\":\"https:\\\/\\\/blogdofarnesio.com.br\\\/#\\\/schema\\\/person\\\/301c4acf522bccbfdb45af95b5b906a1\",\"name\":\"Farn\u00e9sio\",\"image\":{\"@type\":\"ImageObject\",\"inLanguage\":\"pt-BR\",\"@id\":\"https:\\\/\\\/secure.gravatar.com\\\/avatar\\\/df0c9a14567c056f8ad6876ba5bbd1e3e2c48023eb6807342fc4663adf549f38?s=96&d=mm&r=g\",\"url\":\"https:\\\/\\\/secure.gravatar.com\\\/avatar\\\/df0c9a14567c056f8ad6876ba5bbd1e3e2c48023eb6807342fc4663adf549f38?s=96&d=mm&r=g\",\"contentUrl\":\"https:\\\/\\\/secure.gravatar.com\\\/avatar\\\/df0c9a14567c056f8ad6876ba5bbd1e3e2c48023eb6807342fc4663adf549f38?s=96&d=mm&r=g\",\"caption\":\"Farn\u00e9sio\"},\"sameAs\":[\"https:\\\/\\\/quersaberpolitica.com.br\"],\"url\":\"https:\\\/\\\/blogdofarnesio.com.br\\\/author\\\/farnesio\\\/\"}]}<\/script>\n<!-- \/ Yoast SEO plugin. -->","yoast_head_json":{"title":"NOVO EMBATE NACIONAL: 1\u00aa INST\u00c2NCIA X SUPREMO - Blog do Farn\u00e9sio","robots":{"index":"index","follow":"follow","max-snippet":"max-snippet:-1","max-image-preview":"max-image-preview:large","max-video-preview":"max-video-preview:-1"},"canonical":"https:\/\/blogdofarnesio.com.br\/2017\/05\/novo-embate-nacional-1a-instancia-x-supremo\/","og_locale":"pt_BR","og_type":"article","og_title":"NOVO EMBATE NACIONAL: 1\u00aa INST\u00c2NCIA X SUPREMO - Blog do Farn\u00e9sio","og_description":"Por Merval Pereira Estamos diante de um embate decisivo para o futuro da Opera\u00e7\u00e3o Lava Jato: ju\u00edzes de primeira inst\u00e2ncia contra o Supremo Tribunal Federal. As pris\u00f5es preventivas que at\u00e9 agora vinham funcionando como uma demonstra\u00e7\u00e3o de efici\u00eancia da Justi\u00e7a contra criminosos de colarinho branco, fossem pol\u00edticos ou empres\u00e1rios, passaram, a ser contestadas por uma maioria formada na Segunda Turma do Supremo. Embora derrotados nas \u00faltimas decis\u00f5es, a mais emblem\u00e1tica a soltura de Jos\u00e9 Dirceu ontem, o relator dos processos, ministro Luiz Edson Fachin e o decano Celso de Mello demonstram com seus votos que n\u00e3o h\u00e1 nada de descabido na manuten\u00e7\u00e3o da pris\u00e3o preventiva de um condenado como Dirceu, seja pela multiplicidade dos crimes de que \u00e9 acusado, como&hellip;","og_url":"https:\/\/blogdofarnesio.com.br\/2017\/05\/novo-embate-nacional-1a-instancia-x-supremo\/","og_site_name":"Blog do Farn\u00e9sio","article_publisher":"https:\/\/www.facebook.com\/BlogQuerSaberPolitica\/","article_published_time":"2017-05-04T11:04:15+00:00","author":"Farn\u00e9sio","twitter_card":"summary_large_image","twitter_misc":{"Escrito por":"Farn\u00e9sio","Est. tempo de leitura":"4 minutos"},"schema":{"@context":"https:\/\/schema.org","@graph":[{"@type":"Article","@id":"https:\/\/blogdofarnesio.com.br\/2017\/05\/novo-embate-nacional-1a-instancia-x-supremo\/#article","isPartOf":{"@id":"https:\/\/blogdofarnesio.com.br\/2017\/05\/novo-embate-nacional-1a-instancia-x-supremo\/"},"author":{"name":"Farn\u00e9sio","@id":"https:\/\/blogdofarnesio.com.br\/#\/schema\/person\/301c4acf522bccbfdb45af95b5b906a1"},"headline":"NOVO EMBATE NACIONAL: 1\u00aa INST\u00c2NCIA X SUPREMO","datePublished":"2017-05-04T11:04:15+00:00","mainEntityOfPage":{"@id":"https:\/\/blogdofarnesio.com.br\/2017\/05\/novo-embate-nacional-1a-instancia-x-supremo\/"},"wordCount":769,"commentCount":0,"publisher":{"@id":"https:\/\/blogdofarnesio.com.br\/#organization"},"articleSection":["Artigo"],"inLanguage":"pt-BR","potentialAction":[{"@type":"CommentAction","name":"Comment","target":["https:\/\/blogdofarnesio.com.br\/2017\/05\/novo-embate-nacional-1a-instancia-x-supremo\/#respond"]}]},{"@type":"WebPage","@id":"https:\/\/blogdofarnesio.com.br\/2017\/05\/novo-embate-nacional-1a-instancia-x-supremo\/","url":"https:\/\/blogdofarnesio.com.br\/2017\/05\/novo-embate-nacional-1a-instancia-x-supremo\/","name":"NOVO EMBATE NACIONAL: 1\u00aa INST\u00c2NCIA X SUPREMO - Blog do Farn\u00e9sio","isPartOf":{"@id":"https:\/\/blogdofarnesio.com.br\/#website"},"datePublished":"2017-05-04T11:04:15+00:00","breadcrumb":{"@id":"https:\/\/blogdofarnesio.com.br\/2017\/05\/novo-embate-nacional-1a-instancia-x-supremo\/#breadcrumb"},"inLanguage":"pt-BR","potentialAction":[{"@type":"ReadAction","target":["https:\/\/blogdofarnesio.com.br\/2017\/05\/novo-embate-nacional-1a-instancia-x-supremo\/"]}]},{"@type":"BreadcrumbList","@id":"https:\/\/blogdofarnesio.com.br\/2017\/05\/novo-embate-nacional-1a-instancia-x-supremo\/#breadcrumb","itemListElement":[{"@type":"ListItem","position":1,"name":"In\u00edcio","item":"https:\/\/blogdofarnesio.com.br\/"},{"@type":"ListItem","position":2,"name":"NOVO EMBATE NACIONAL: 1\u00aa INST\u00c2NCIA X SUPREMO"}]},{"@type":"WebSite","@id":"https:\/\/blogdofarnesio.com.br\/#website","url":"https:\/\/blogdofarnesio.com.br\/","name":"Blog do Farn\u00e9sio","description":"Quer Saber Pol\u00edtica?","publisher":{"@id":"https:\/\/blogdofarnesio.com.br\/#organization"},"potentialAction":[{"@type":"SearchAction","target":{"@type":"EntryPoint","urlTemplate":"https:\/\/blogdofarnesio.com.br\/?s={search_term_string}"},"query-input":{"@type":"PropertyValueSpecification","valueRequired":true,"valueName":"search_term_string"}}],"inLanguage":"pt-BR"},{"@type":"Organization","@id":"https:\/\/blogdofarnesio.com.br\/#organization","name":"Blog do Farn\u00e9sio","url":"https:\/\/blogdofarnesio.com.br\/","logo":{"@type":"ImageObject","inLanguage":"pt-BR","@id":"https:\/\/blogdofarnesio.com.br\/#\/schema\/logo\/image\/","url":"https:\/\/blogdofarnesio.com.br\/wp-content\/uploads\/2026\/03\/cropped-logo_new-1.png","contentUrl":"https:\/\/blogdofarnesio.com.br\/wp-content\/uploads\/2026\/03\/cropped-logo_new-1.png","width":881,"height":685,"caption":"Blog do Farn\u00e9sio"},"image":{"@id":"https:\/\/blogdofarnesio.com.br\/#\/schema\/logo\/image\/"},"sameAs":["https:\/\/www.facebook.com\/BlogQuerSaberPolitica\/"]},{"@type":"Person","@id":"https:\/\/blogdofarnesio.com.br\/#\/schema\/person\/301c4acf522bccbfdb45af95b5b906a1","name":"Farn\u00e9sio","image":{"@type":"ImageObject","inLanguage":"pt-BR","@id":"https:\/\/secure.gravatar.com\/avatar\/df0c9a14567c056f8ad6876ba5bbd1e3e2c48023eb6807342fc4663adf549f38?s=96&d=mm&r=g","url":"https:\/\/secure.gravatar.com\/avatar\/df0c9a14567c056f8ad6876ba5bbd1e3e2c48023eb6807342fc4663adf549f38?s=96&d=mm&r=g","contentUrl":"https:\/\/secure.gravatar.com\/avatar\/df0c9a14567c056f8ad6876ba5bbd1e3e2c48023eb6807342fc4663adf549f38?s=96&d=mm&r=g","caption":"Farn\u00e9sio"},"sameAs":["https:\/\/quersaberpolitica.com.br"],"url":"https:\/\/blogdofarnesio.com.br\/author\/farnesio\/"}]}},"_links":{"self":[{"href":"https:\/\/blogdofarnesio.com.br\/wp-json\/wp\/v2\/posts\/165265","targetHints":{"allow":["GET"]}}],"collection":[{"href":"https:\/\/blogdofarnesio.com.br\/wp-json\/wp\/v2\/posts"}],"about":[{"href":"https:\/\/blogdofarnesio.com.br\/wp-json\/wp\/v2\/types\/post"}],"author":[{"embeddable":true,"href":"https:\/\/blogdofarnesio.com.br\/wp-json\/wp\/v2\/users\/1"}],"replies":[{"embeddable":true,"href":"https:\/\/blogdofarnesio.com.br\/wp-json\/wp\/v2\/comments?post=165265"}],"version-history":[{"count":0,"href":"https:\/\/blogdofarnesio.com.br\/wp-json\/wp\/v2\/posts\/165265\/revisions"}],"wp:attachment":[{"href":"https:\/\/blogdofarnesio.com.br\/wp-json\/wp\/v2\/media?parent=165265"}],"wp:term":[{"taxonomy":"category","embeddable":true,"href":"https:\/\/blogdofarnesio.com.br\/wp-json\/wp\/v2\/categories?post=165265"},{"taxonomy":"post_tag","embeddable":true,"href":"https:\/\/blogdofarnesio.com.br\/wp-json\/wp\/v2\/tags?post=165265"}],"curies":[{"name":"wp","href":"https:\/\/api.w.org\/{rel}","templated":true}]}}