{"id":164919,"date":"2017-04-29T09:31:53","date_gmt":"2017-04-29T12:31:53","guid":{"rendered":"http:\/\/quersaberpolitica.com.br\/2016\/?p=164919"},"modified":"2017-04-29T09:00:15","modified_gmt":"2017-04-29T12:00:15","slug":"na-lista-dos-politicos-que-arrombaram-com-a-petrobras-daniel-almeida-da-explicacao-furada-sobre-sua-riqueza","status":"publish","type":"post","link":"https:\/\/blogdofarnesio.com.br\/?p=164919","title":{"rendered":"NA LISTA DOS POL\u00cdTICOS QUE ARROMBARAM COM A PETROBRAS DANIEL ALMEIDA D\u00c1 EXPLICA\u00c7\u00c3O FURADA SOBRE SUA &#8220;RIQUEZA&#8221;"},"content":{"rendered":"<p>Com inqu\u00e9rito aberto por determina\u00e7\u00e3o do ministro Edson Fachin\u00a0(<a href=\"http:\/\/admin.bahianoticias.com.br\/noticia\/205863-daniel-almeida-teria-recebido-r-400-mil-como-auxilio-afirmam-delatores-da-odebrecht.html\" target=\"_blank\" rel=\"noopener noreferrer\">veja mais<\/a>), no Supremo Tribunal Federal (STF), o deputado federal Daniel Almeida (PCdoB) alega que seu patrim\u00f4nio \u00e9 equivalente ao de tr\u00eas d\u00e9cadas atr\u00e1s. Durante o protesto da tarde desta sexta-feira (28) contra reformas propostas pelo governo Michel Temer, ele garantiu que tem &#8220;absoluta tranquilidade&#8221; para abrir seu sigilo banc\u00e1rio. &#8220;Eu tenho quase 30 anos de mandato parlamentar. O meu patrim\u00f4nio de hoje \u00e9 equivalente o patrim\u00f4nio de quando eu fui candidato pela primeira vez, em 1988&#8221;, disse o parlamentar em entrevista ao Bahia Not\u00edcias. No entanto, um levantamento publicado pelo jornal O Globo este m\u00eas vai de encontro com a fala do deputado. A publica\u00e7\u00e3o aponta que o patrim\u00f4nio de Daniel passou de R$ 267 mil em 2006 para R$ 829 mil em 2014, um aumento de 210%. Ao Bahia Not\u00edcias, o deputado baiano avaliou que as dela\u00e7\u00f5es da Odebrecht v\u00e3o provocar um grande impacto na pol\u00edtica brasileira. &#8220;Espero que a pol\u00edtica n\u00e3o pretenda anular os partidos pol\u00edticos, o parlamento, porque isso \u00e9 anular a democracia e ir para um processo de ditadura&#8221;, explicou.<\/p>\n","protected":false},"excerpt":{"rendered":"<p>Com inqu\u00e9rito aberto por determina\u00e7\u00e3o do ministro Edson Fachin\u00a0(veja mais), no Supremo Tribunal Federal (STF), o deputado federal Daniel Almeida (PCdoB) alega que seu patrim\u00f4nio \u00e9 equivalente ao de tr\u00eas d\u00e9cadas atr\u00e1s. Durante o protesto da tarde desta sexta-feira (28) contra reformas propostas pelo governo Michel Temer, ele garantiu que tem &#8220;absoluta tranquilidade&#8221; para abrir seu sigilo banc\u00e1rio. &#8220;Eu tenho quase 30 anos de mandato parlamentar. O meu patrim\u00f4nio de hoje \u00e9 equivalente o patrim\u00f4nio de quando eu fui candidato pela primeira vez, em 1988&#8221;, disse o parlamentar em entrevista ao Bahia Not\u00edcias. No entanto, um levantamento publicado pelo jornal O Globo este m\u00eas vai de encontro com a fala do deputado. A publica\u00e7\u00e3o aponta que o patrim\u00f4nio de Daniel&hellip; <\/p>\n","protected":false},"author":1,"featured_media":98367,"comment_status":"open","ping_status":"open","sticky":false,"template":"","format":"standard","meta":{"_acf_changed":false,"footnotes":""},"categories":[1],"tags":[],"class_list":["post-164919","post","type-post","status-publish","format-standard","has-post-thumbnail","hentry","category-politica"],"acf":[],"yoast_head":"<!-- This site is optimized with the Yoast SEO plugin v27.4 - https:\/\/yoast.com\/product\/yoast-seo-wordpress\/ -->\n<title>NA LISTA DOS POL\u00cdTICOS QUE ARROMBARAM COM A PETROBRAS DANIEL ALMEIDA D\u00c1 EXPLICA\u00c7\u00c3O FURADA SOBRE SUA &quot;RIQUEZA&quot; - Blog do Farn\u00e9sio<\/title>\n<meta name=\"robots\" content=\"index, follow, max-snippet:-1, max-image-preview:large, max-video-preview:-1\" \/>\n<link rel=\"canonical\" href=\"https:\/\/blogdofarnesio.com.br\/?p=164919\" \/>\n<meta property=\"og:locale\" content=\"pt_BR\" \/>\n<meta property=\"og:type\" content=\"article\" \/>\n<meta property=\"og:title\" content=\"NA LISTA DOS POL\u00cdTICOS QUE ARROMBARAM COM A PETROBRAS DANIEL ALMEIDA D\u00c1 EXPLICA\u00c7\u00c3O FURADA SOBRE SUA &quot;RIQUEZA&quot; - Blog do Farn\u00e9sio\" \/>\n<meta property=\"og:description\" content=\"Com inqu\u00e9rito aberto por determina\u00e7\u00e3o do ministro Edson Fachin\u00a0(veja mais), no Supremo Tribunal Federal (STF), o deputado federal Daniel Almeida (PCdoB) alega que seu patrim\u00f4nio \u00e9 equivalente ao de tr\u00eas d\u00e9cadas atr\u00e1s. Durante o protesto da tarde desta sexta-feira (28) contra reformas propostas pelo governo Michel Temer, ele garantiu que tem &#8220;absoluta tranquilidade&#8221; para abrir seu sigilo banc\u00e1rio. &#8220;Eu tenho quase 30 anos de mandato parlamentar. O meu patrim\u00f4nio de hoje \u00e9 equivalente o patrim\u00f4nio de quando eu fui candidato pela primeira vez, em 1988&#8221;, disse o parlamentar em entrevista ao Bahia Not\u00edcias. No entanto, um levantamento publicado pelo jornal O Globo este m\u00eas vai de encontro com a fala do deputado. A publica\u00e7\u00e3o aponta que o patrim\u00f4nio de Daniel&hellip;\" \/>\n<meta property=\"og:url\" content=\"https:\/\/blogdofarnesio.com.br\/?p=164919\" \/>\n<meta property=\"og:site_name\" content=\"Blog do Farn\u00e9sio\" \/>\n<meta property=\"article:publisher\" content=\"https:\/\/www.facebook.com\/BlogQuerSaberPolitica\/\" \/>\n<meta property=\"article:published_time\" content=\"2017-04-29T12:31:53+00:00\" \/>\n<meta property=\"og:image\" content=\"https:\/\/blogdofarnesio.com.br\/wp-content\/uploads\/2014\/09\/blogqspdanielalmeida-Foto-Farn\u00e9sio-Silva1.jpg\" \/>\n\t<meta property=\"og:image:width\" content=\"448\" \/>\n\t<meta property=\"og:image:height\" content=\"235\" \/>\n\t<meta property=\"og:image:type\" content=\"image\/jpeg\" \/>\n<meta name=\"author\" content=\"Farn\u00e9sio\" \/>\n<meta name=\"twitter:card\" content=\"summary_large_image\" \/>\n<meta name=\"twitter:label1\" content=\"Escrito por\" \/>\n\t<meta name=\"twitter:data1\" content=\"Farn\u00e9sio\" \/>\n\t<meta name=\"twitter:label2\" content=\"Est. tempo de leitura\" \/>\n\t<meta name=\"twitter:data2\" content=\"1 minuto\" \/>\n<script type=\"application\/ld+json\" class=\"yoast-schema-graph\">{\"@context\":\"https:\\\/\\\/schema.org\",\"@graph\":[{\"@type\":\"Article\",\"@id\":\"https:\\\/\\\/blogdofarnesio.com.br\\\/?p=164919#article\",\"isPartOf\":{\"@id\":\"https:\\\/\\\/blogdofarnesio.com.br\\\/?p=164919\"},\"author\":{\"name\":\"Farn\u00e9sio\",\"@id\":\"https:\\\/\\\/blogdofarnesio.com.br\\\/#\\\/schema\\\/person\\\/301c4acf522bccbfdb45af95b5b906a1\"},\"headline\":\"NA LISTA DOS POL\u00cdTICOS QUE ARROMBARAM COM A PETROBRAS DANIEL ALMEIDA D\u00c1 EXPLICA\u00c7\u00c3O FURADA SOBRE SUA &#8220;RIQUEZA&#8221;\",\"datePublished\":\"2017-04-29T12:31:53+00:00\",\"mainEntityOfPage\":{\"@id\":\"https:\\\/\\\/blogdofarnesio.com.br\\\/?p=164919\"},\"wordCount\":212,\"commentCount\":0,\"publisher\":{\"@id\":\"https:\\\/\\\/blogdofarnesio.com.br\\\/#organization\"},\"image\":{\"@id\":\"https:\\\/\\\/blogdofarnesio.com.br\\\/?p=164919#primaryimage\"},\"thumbnailUrl\":\"https:\\\/\\\/blogdofarnesio.com.br\\\/wp-content\\\/uploads\\\/2014\\\/09\\\/blogqspdanielalmeida-Foto-Farn\u00e9sio-Silva1.jpg\",\"articleSection\":[\"Pol\u00edtica\"],\"inLanguage\":\"pt-BR\",\"potentialAction\":[{\"@type\":\"CommentAction\",\"name\":\"Comment\",\"target\":[\"https:\\\/\\\/blogdofarnesio.com.br\\\/?p=164919#respond\"]}]},{\"@type\":\"WebPage\",\"@id\":\"https:\\\/\\\/blogdofarnesio.com.br\\\/?p=164919\",\"url\":\"https:\\\/\\\/blogdofarnesio.com.br\\\/?p=164919\",\"name\":\"NA LISTA DOS POL\u00cdTICOS QUE ARROMBARAM COM A PETROBRAS DANIEL ALMEIDA D\u00c1 EXPLICA\u00c7\u00c3O FURADA SOBRE SUA \\\"RIQUEZA\\\" - Blog do Farn\u00e9sio\",\"isPartOf\":{\"@id\":\"https:\\\/\\\/blogdofarnesio.com.br\\\/#website\"},\"primaryImageOfPage\":{\"@id\":\"https:\\\/\\\/blogdofarnesio.com.br\\\/?p=164919#primaryimage\"},\"image\":{\"@id\":\"https:\\\/\\\/blogdofarnesio.com.br\\\/?p=164919#primaryimage\"},\"thumbnailUrl\":\"https:\\\/\\\/blogdofarnesio.com.br\\\/wp-content\\\/uploads\\\/2014\\\/09\\\/blogqspdanielalmeida-Foto-Farn\u00e9sio-Silva1.jpg\",\"datePublished\":\"2017-04-29T12:31:53+00:00\",\"breadcrumb\":{\"@id\":\"https:\\\/\\\/blogdofarnesio.com.br\\\/?p=164919#breadcrumb\"},\"inLanguage\":\"pt-BR\",\"potentialAction\":[{\"@type\":\"ReadAction\",\"target\":[\"https:\\\/\\\/blogdofarnesio.com.br\\\/?p=164919\"]}]},{\"@type\":\"ImageObject\",\"inLanguage\":\"pt-BR\",\"@id\":\"https:\\\/\\\/blogdofarnesio.com.br\\\/?p=164919#primaryimage\",\"url\":\"https:\\\/\\\/blogdofarnesio.com.br\\\/wp-content\\\/uploads\\\/2014\\\/09\\\/blogqspdanielalmeida-Foto-Farn\u00e9sio-Silva1.jpg\",\"contentUrl\":\"https:\\\/\\\/blogdofarnesio.com.br\\\/wp-content\\\/uploads\\\/2014\\\/09\\\/blogqspdanielalmeida-Foto-Farn\u00e9sio-Silva1.jpg\",\"width\":448,\"height\":235,\"caption\":\"Deputado Daniel Almeida PCdoB Foto Farn\u00e9sio Silva\"},{\"@type\":\"BreadcrumbList\",\"@id\":\"https:\\\/\\\/blogdofarnesio.com.br\\\/?p=164919#breadcrumb\",\"itemListElement\":[{\"@type\":\"ListItem\",\"position\":1,\"name\":\"In\u00edcio\",\"item\":\"https:\\\/\\\/blogdofarnesio.com.br\\\/\"},{\"@type\":\"ListItem\",\"position\":2,\"name\":\"NA LISTA DOS POL\u00cdTICOS QUE ARROMBARAM COM A PETROBRAS DANIEL ALMEIDA D\u00c1 EXPLICA\u00c7\u00c3O FURADA SOBRE SUA &#8220;RIQUEZA&#8221;\"}]},{\"@type\":\"WebSite\",\"@id\":\"https:\\\/\\\/blogdofarnesio.com.br\\\/#website\",\"url\":\"https:\\\/\\\/blogdofarnesio.com.br\\\/\",\"name\":\"Blog do Farn\u00e9sio\",\"description\":\"Quer Saber Pol\u00edtica?\",\"publisher\":{\"@id\":\"https:\\\/\\\/blogdofarnesio.com.br\\\/#organization\"},\"potentialAction\":[{\"@type\":\"SearchAction\",\"target\":{\"@type\":\"EntryPoint\",\"urlTemplate\":\"https:\\\/\\\/blogdofarnesio.com.br\\\/?s={search_term_string}\"},\"query-input\":{\"@type\":\"PropertyValueSpecification\",\"valueRequired\":true,\"valueName\":\"search_term_string\"}}],\"inLanguage\":\"pt-BR\"},{\"@type\":\"Organization\",\"@id\":\"https:\\\/\\\/blogdofarnesio.com.br\\\/#organization\",\"name\":\"Blog do Farn\u00e9sio\",\"url\":\"https:\\\/\\\/blogdofarnesio.com.br\\\/\",\"logo\":{\"@type\":\"ImageObject\",\"inLanguage\":\"pt-BR\",\"@id\":\"https:\\\/\\\/blogdofarnesio.com.br\\\/#\\\/schema\\\/logo\\\/image\\\/\",\"url\":\"https:\\\/\\\/blogdofarnesio.com.br\\\/wp-content\\\/uploads\\\/2026\\\/03\\\/cropped-logo_new-1.png\",\"contentUrl\":\"https:\\\/\\\/blogdofarnesio.com.br\\\/wp-content\\\/uploads\\\/2026\\\/03\\\/cropped-logo_new-1.png\",\"width\":881,\"height\":685,\"caption\":\"Blog do Farn\u00e9sio\"},\"image\":{\"@id\":\"https:\\\/\\\/blogdofarnesio.com.br\\\/#\\\/schema\\\/logo\\\/image\\\/\"},\"sameAs\":[\"https:\\\/\\\/www.facebook.com\\\/BlogQuerSaberPolitica\\\/\"]},{\"@type\":\"Person\",\"@id\":\"https:\\\/\\\/blogdofarnesio.com.br\\\/#\\\/schema\\\/person\\\/301c4acf522bccbfdb45af95b5b906a1\",\"name\":\"Farn\u00e9sio\",\"image\":{\"@type\":\"ImageObject\",\"inLanguage\":\"pt-BR\",\"@id\":\"https:\\\/\\\/secure.gravatar.com\\\/avatar\\\/df0c9a14567c056f8ad6876ba5bbd1e3e2c48023eb6807342fc4663adf549f38?s=96&d=mm&r=g\",\"url\":\"https:\\\/\\\/secure.gravatar.com\\\/avatar\\\/df0c9a14567c056f8ad6876ba5bbd1e3e2c48023eb6807342fc4663adf549f38?s=96&d=mm&r=g\",\"contentUrl\":\"https:\\\/\\\/secure.gravatar.com\\\/avatar\\\/df0c9a14567c056f8ad6876ba5bbd1e3e2c48023eb6807342fc4663adf549f38?s=96&d=mm&r=g\",\"caption\":\"Farn\u00e9sio\"},\"sameAs\":[\"https:\\\/\\\/quersaberpolitica.com.br\"],\"url\":\"https:\\\/\\\/blogdofarnesio.com.br\\\/?author=1\"}]}<\/script>\n<!-- \/ Yoast SEO plugin. -->","yoast_head_json":{"title":"NA LISTA DOS POL\u00cdTICOS QUE ARROMBARAM COM A PETROBRAS DANIEL ALMEIDA D\u00c1 EXPLICA\u00c7\u00c3O FURADA SOBRE SUA \"RIQUEZA\" - Blog do Farn\u00e9sio","robots":{"index":"index","follow":"follow","max-snippet":"max-snippet:-1","max-image-preview":"max-image-preview:large","max-video-preview":"max-video-preview:-1"},"canonical":"https:\/\/blogdofarnesio.com.br\/?p=164919","og_locale":"pt_BR","og_type":"article","og_title":"NA LISTA DOS POL\u00cdTICOS QUE ARROMBARAM COM A PETROBRAS DANIEL ALMEIDA D\u00c1 EXPLICA\u00c7\u00c3O FURADA SOBRE SUA \"RIQUEZA\" - Blog do Farn\u00e9sio","og_description":"Com inqu\u00e9rito aberto por determina\u00e7\u00e3o do ministro Edson Fachin\u00a0(veja mais), no Supremo Tribunal Federal (STF), o deputado federal Daniel Almeida (PCdoB) alega que seu patrim\u00f4nio \u00e9 equivalente ao de tr\u00eas d\u00e9cadas atr\u00e1s. Durante o protesto da tarde desta sexta-feira (28) contra reformas propostas pelo governo Michel Temer, ele garantiu que tem &#8220;absoluta tranquilidade&#8221; para abrir seu sigilo banc\u00e1rio. &#8220;Eu tenho quase 30 anos de mandato parlamentar. O meu patrim\u00f4nio de hoje \u00e9 equivalente o patrim\u00f4nio de quando eu fui candidato pela primeira vez, em 1988&#8221;, disse o parlamentar em entrevista ao Bahia Not\u00edcias. No entanto, um levantamento publicado pelo jornal O Globo este m\u00eas vai de encontro com a fala do deputado. A publica\u00e7\u00e3o aponta que o patrim\u00f4nio de Daniel&hellip;","og_url":"https:\/\/blogdofarnesio.com.br\/?p=164919","og_site_name":"Blog do Farn\u00e9sio","article_publisher":"https:\/\/www.facebook.com\/BlogQuerSaberPolitica\/","article_published_time":"2017-04-29T12:31:53+00:00","og_image":[{"width":448,"height":235,"url":"https:\/\/blogdofarnesio.com.br\/wp-content\/uploads\/2014\/09\/blogqspdanielalmeida-Foto-Farn\u00e9sio-Silva1.jpg","type":"image\/jpeg"}],"author":"Farn\u00e9sio","twitter_card":"summary_large_image","twitter_misc":{"Escrito por":"Farn\u00e9sio","Est. tempo de leitura":"1 minuto"},"schema":{"@context":"https:\/\/schema.org","@graph":[{"@type":"Article","@id":"https:\/\/blogdofarnesio.com.br\/?p=164919#article","isPartOf":{"@id":"https:\/\/blogdofarnesio.com.br\/?p=164919"},"author":{"name":"Farn\u00e9sio","@id":"https:\/\/blogdofarnesio.com.br\/#\/schema\/person\/301c4acf522bccbfdb45af95b5b906a1"},"headline":"NA LISTA DOS POL\u00cdTICOS QUE ARROMBARAM COM A PETROBRAS DANIEL ALMEIDA D\u00c1 EXPLICA\u00c7\u00c3O FURADA SOBRE SUA &#8220;RIQUEZA&#8221;","datePublished":"2017-04-29T12:31:53+00:00","mainEntityOfPage":{"@id":"https:\/\/blogdofarnesio.com.br\/?p=164919"},"wordCount":212,"commentCount":0,"publisher":{"@id":"https:\/\/blogdofarnesio.com.br\/#organization"},"image":{"@id":"https:\/\/blogdofarnesio.com.br\/?p=164919#primaryimage"},"thumbnailUrl":"https:\/\/blogdofarnesio.com.br\/wp-content\/uploads\/2014\/09\/blogqspdanielalmeida-Foto-Farn\u00e9sio-Silva1.jpg","articleSection":["Pol\u00edtica"],"inLanguage":"pt-BR","potentialAction":[{"@type":"CommentAction","name":"Comment","target":["https:\/\/blogdofarnesio.com.br\/?p=164919#respond"]}]},{"@type":"WebPage","@id":"https:\/\/blogdofarnesio.com.br\/?p=164919","url":"https:\/\/blogdofarnesio.com.br\/?p=164919","name":"NA LISTA DOS POL\u00cdTICOS QUE ARROMBARAM COM A PETROBRAS DANIEL ALMEIDA D\u00c1 EXPLICA\u00c7\u00c3O FURADA SOBRE SUA \"RIQUEZA\" - Blog do Farn\u00e9sio","isPartOf":{"@id":"https:\/\/blogdofarnesio.com.br\/#website"},"primaryImageOfPage":{"@id":"https:\/\/blogdofarnesio.com.br\/?p=164919#primaryimage"},"image":{"@id":"https:\/\/blogdofarnesio.com.br\/?p=164919#primaryimage"},"thumbnailUrl":"https:\/\/blogdofarnesio.com.br\/wp-content\/uploads\/2014\/09\/blogqspdanielalmeida-Foto-Farn\u00e9sio-Silva1.jpg","datePublished":"2017-04-29T12:31:53+00:00","breadcrumb":{"@id":"https:\/\/blogdofarnesio.com.br\/?p=164919#breadcrumb"},"inLanguage":"pt-BR","potentialAction":[{"@type":"ReadAction","target":["https:\/\/blogdofarnesio.com.br\/?p=164919"]}]},{"@type":"ImageObject","inLanguage":"pt-BR","@id":"https:\/\/blogdofarnesio.com.br\/?p=164919#primaryimage","url":"https:\/\/blogdofarnesio.com.br\/wp-content\/uploads\/2014\/09\/blogqspdanielalmeida-Foto-Farn\u00e9sio-Silva1.jpg","contentUrl":"https:\/\/blogdofarnesio.com.br\/wp-content\/uploads\/2014\/09\/blogqspdanielalmeida-Foto-Farn\u00e9sio-Silva1.jpg","width":448,"height":235,"caption":"Deputado Daniel Almeida PCdoB Foto Farn\u00e9sio Silva"},{"@type":"BreadcrumbList","@id":"https:\/\/blogdofarnesio.com.br\/?p=164919#breadcrumb","itemListElement":[{"@type":"ListItem","position":1,"name":"In\u00edcio","item":"https:\/\/blogdofarnesio.com.br\/"},{"@type":"ListItem","position":2,"name":"NA LISTA DOS POL\u00cdTICOS QUE ARROMBARAM COM A PETROBRAS DANIEL ALMEIDA D\u00c1 EXPLICA\u00c7\u00c3O FURADA SOBRE SUA &#8220;RIQUEZA&#8221;"}]},{"@type":"WebSite","@id":"https:\/\/blogdofarnesio.com.br\/#website","url":"https:\/\/blogdofarnesio.com.br\/","name":"Blog do Farn\u00e9sio","description":"Quer Saber Pol\u00edtica?","publisher":{"@id":"https:\/\/blogdofarnesio.com.br\/#organization"},"potentialAction":[{"@type":"SearchAction","target":{"@type":"EntryPoint","urlTemplate":"https:\/\/blogdofarnesio.com.br\/?s={search_term_string}"},"query-input":{"@type":"PropertyValueSpecification","valueRequired":true,"valueName":"search_term_string"}}],"inLanguage":"pt-BR"},{"@type":"Organization","@id":"https:\/\/blogdofarnesio.com.br\/#organization","name":"Blog do Farn\u00e9sio","url":"https:\/\/blogdofarnesio.com.br\/","logo":{"@type":"ImageObject","inLanguage":"pt-BR","@id":"https:\/\/blogdofarnesio.com.br\/#\/schema\/logo\/image\/","url":"https:\/\/blogdofarnesio.com.br\/wp-content\/uploads\/2026\/03\/cropped-logo_new-1.png","contentUrl":"https:\/\/blogdofarnesio.com.br\/wp-content\/uploads\/2026\/03\/cropped-logo_new-1.png","width":881,"height":685,"caption":"Blog do Farn\u00e9sio"},"image":{"@id":"https:\/\/blogdofarnesio.com.br\/#\/schema\/logo\/image\/"},"sameAs":["https:\/\/www.facebook.com\/BlogQuerSaberPolitica\/"]},{"@type":"Person","@id":"https:\/\/blogdofarnesio.com.br\/#\/schema\/person\/301c4acf522bccbfdb45af95b5b906a1","name":"Farn\u00e9sio","image":{"@type":"ImageObject","inLanguage":"pt-BR","@id":"https:\/\/secure.gravatar.com\/avatar\/df0c9a14567c056f8ad6876ba5bbd1e3e2c48023eb6807342fc4663adf549f38?s=96&d=mm&r=g","url":"https:\/\/secure.gravatar.com\/avatar\/df0c9a14567c056f8ad6876ba5bbd1e3e2c48023eb6807342fc4663adf549f38?s=96&d=mm&r=g","contentUrl":"https:\/\/secure.gravatar.com\/avatar\/df0c9a14567c056f8ad6876ba5bbd1e3e2c48023eb6807342fc4663adf549f38?s=96&d=mm&r=g","caption":"Farn\u00e9sio"},"sameAs":["https:\/\/quersaberpolitica.com.br"],"url":"https:\/\/blogdofarnesio.com.br\/?author=1"}]}},"_links":{"self":[{"href":"https:\/\/blogdofarnesio.com.br\/index.php?rest_route=\/wp\/v2\/posts\/164919","targetHints":{"allow":["GET"]}}],"collection":[{"href":"https:\/\/blogdofarnesio.com.br\/index.php?rest_route=\/wp\/v2\/posts"}],"about":[{"href":"https:\/\/blogdofarnesio.com.br\/index.php?rest_route=\/wp\/v2\/types\/post"}],"author":[{"embeddable":true,"href":"https:\/\/blogdofarnesio.com.br\/index.php?rest_route=\/wp\/v2\/users\/1"}],"replies":[{"embeddable":true,"href":"https:\/\/blogdofarnesio.com.br\/index.php?rest_route=%2Fwp%2Fv2%2Fcomments&post=164919"}],"version-history":[{"count":0,"href":"https:\/\/blogdofarnesio.com.br\/index.php?rest_route=\/wp\/v2\/posts\/164919\/revisions"}],"wp:featuredmedia":[{"embeddable":true,"href":"https:\/\/blogdofarnesio.com.br\/index.php?rest_route=\/wp\/v2\/media\/98367"}],"wp:attachment":[{"href":"https:\/\/blogdofarnesio.com.br\/index.php?rest_route=%2Fwp%2Fv2%2Fmedia&parent=164919"}],"wp:term":[{"taxonomy":"category","embeddable":true,"href":"https:\/\/blogdofarnesio.com.br\/index.php?rest_route=%2Fwp%2Fv2%2Fcategories&post=164919"},{"taxonomy":"post_tag","embeddable":true,"href":"https:\/\/blogdofarnesio.com.br\/index.php?rest_route=%2Fwp%2Fv2%2Ftags&post=164919"}],"curies":[{"name":"wp","href":"https:\/\/api.w.org\/{rel}","templated":true}]}}