{"id":164846,"date":"2017-04-28T15:00:16","date_gmt":"2017-04-28T18:00:16","guid":{"rendered":"http:\/\/quersaberpolitica.com.br\/2016\/?p=164846"},"modified":"2017-04-28T16:35:48","modified_gmt":"2017-04-28T19:35:48","slug":"ammpla-agora-conta-com-etilometro-para-reforcar-a-fiscalizacao","status":"publish","type":"post","link":"https:\/\/blogdofarnesio.com.br\/?p=164846","title":{"rendered":"AMMPLA AGORA CONTA COM ETIL\u00d4METRO PARA REFOR\u00c7AR A FISCALIZA\u00c7\u00c3O"},"content":{"rendered":"<p style=\"text-align: justify;\">A Autarquia Municipal de Mobilidade de Petrolina (Ammpla) ganhou, nesta quinta-feira (27), mais um refor\u00e7o para combater a mistura de \u00e1lcool com dire\u00e7\u00e3o.\u00a0 A partir de agora, o \u00f3rg\u00e3o conta com o aux\u00edlio de um\u00a0etil\u00f4metro &#8211; equipamento que mede com precis\u00e3o a quantidade de \u00e1lcool no sangue &#8211; para flagrar motoristas dirigindo embriagados. A ced\u00eancia do equipamento foi feita\u00a0pela Pol\u00edcia Rodovi\u00e1ria Federal (PRF).\u00a0O ato aconteceu na sede da PRF e contou com a presen\u00e7a dos agentes de tr\u00e2nsito que aproveitaram a ocasi\u00e3o para aprender a manusear o equipamento.<\/p>\n<p style=\"text-align: justify;\">O etil\u00f4metro foi repassado \u00e0s m\u00e3os do coordenador de Educa\u00e7\u00e3o e Tr\u00e2nsito, agente Franklin Alves, pelo chefe do N\u00facleo de Policiamento de fiscaliza\u00e7\u00e3o da PRF, Ara\u00fajo Feitosa.\u00a0 O uso e opera\u00e7\u00e3o do equipamento ser\u00e1 definido pela Ammpla.<\/p>\n<p style=\"text-align: justify;\">Segundo o diretor da Ammpla, Geraldo Mirando, os etil\u00f4metros s\u00e3o equipamentos essenciais para a\u00e7\u00f5es de fiscaliza\u00e7\u00e3o com intuito de coibir a mistura de consumo de bebida alco\u00f3lica e dire\u00e7\u00e3o e certamente facilitar\u00e1 a atua\u00e7\u00e3o dos agentes. \u00a0\u201c<em>Nas abordagens teremos mais condi\u00e7\u00f5es de autuar e consequentemente vamos conseguir agilizar o nosso trabalho, al\u00e9m de refor\u00e7ar a seguran\u00e7a no tr\u00e2nsito<\/em>\u201d, comenta.<\/p>\n<p style=\"text-align: justify;\">O motorista que for flagrado dirigindo sob efeito de \u00e1lcool e, dependendo do resultado no etil\u00f4metro, pode ser preso. A multa para condutores nessa situa\u00e7\u00e3o \u00e9 de R$ 2.934,70. Em caso de reincid\u00eancia, o valor \u00e9 dobrado. Al\u00e9m disso, \u00e9 instaurado pelo Detran um processo para suspens\u00e3o do direito de dirigir. Nos casos de reincid\u00eancias, o condutor pode ter seu direito de dirigir cassado.<\/p>\n<p style=\"text-align: justify;\">Texto: Aline Benevides<\/p>\n","protected":false},"excerpt":{"rendered":"<p>A Autarquia Municipal de Mobilidade de Petrolina (Ammpla) ganhou, nesta quinta-feira (27), mais um refor\u00e7o para combater a mistura de \u00e1lcool com dire\u00e7\u00e3o.\u00a0 A partir de agora, o \u00f3rg\u00e3o conta com o aux\u00edlio de um\u00a0etil\u00f4metro &#8211; equipamento que mede com precis\u00e3o a quantidade de \u00e1lcool no sangue &#8211; para flagrar motoristas dirigindo embriagados. A ced\u00eancia do equipamento foi feita\u00a0pela Pol\u00edcia Rodovi\u00e1ria Federal (PRF).\u00a0O ato aconteceu na sede da PRF e contou com a presen\u00e7a dos agentes de tr\u00e2nsito que aproveitaram a ocasi\u00e3o para aprender a manusear o equipamento. O etil\u00f4metro foi repassado \u00e0s m\u00e3os do coordenador de Educa\u00e7\u00e3o e Tr\u00e2nsito, agente Franklin Alves, pelo chefe do N\u00facleo de Policiamento de fiscaliza\u00e7\u00e3o da PRF, Ara\u00fajo Feitosa.\u00a0 O uso e opera\u00e7\u00e3o do&hellip; <\/p>\n","protected":false},"author":1,"featured_media":164847,"comment_status":"open","ping_status":"open","sticky":false,"template":"","format":"standard","meta":{"_acf_changed":false,"footnotes":""},"categories":[44],"tags":[],"class_list":["post-164846","post","type-post","status-publish","format-standard","has-post-thumbnail","hentry","category-administracao"],"acf":[],"yoast_head":"<!-- This site is optimized with the Yoast SEO plugin v27.4 - https:\/\/yoast.com\/product\/yoast-seo-wordpress\/ -->\n<title>AMMPLA AGORA CONTA COM ETIL\u00d4METRO PARA REFOR\u00c7AR A FISCALIZA\u00c7\u00c3O - Blog do Farn\u00e9sio<\/title>\n<meta name=\"robots\" content=\"index, follow, max-snippet:-1, max-image-preview:large, max-video-preview:-1\" \/>\n<link rel=\"canonical\" href=\"https:\/\/blogdofarnesio.com.br\/?p=164846\" \/>\n<meta property=\"og:locale\" content=\"pt_BR\" \/>\n<meta property=\"og:type\" content=\"article\" \/>\n<meta property=\"og:title\" content=\"AMMPLA AGORA CONTA COM ETIL\u00d4METRO PARA REFOR\u00c7AR A FISCALIZA\u00c7\u00c3O - Blog do Farn\u00e9sio\" \/>\n<meta property=\"og:description\" content=\"A Autarquia Municipal de Mobilidade de Petrolina (Ammpla) ganhou, nesta quinta-feira (27), mais um refor\u00e7o para combater a mistura de \u00e1lcool com dire\u00e7\u00e3o.\u00a0 A partir de agora, o \u00f3rg\u00e3o conta com o aux\u00edlio de um\u00a0etil\u00f4metro &#8211; equipamento que mede com precis\u00e3o a quantidade de \u00e1lcool no sangue &#8211; para flagrar motoristas dirigindo embriagados. A ced\u00eancia do equipamento foi feita\u00a0pela Pol\u00edcia Rodovi\u00e1ria Federal (PRF).\u00a0O ato aconteceu na sede da PRF e contou com a presen\u00e7a dos agentes de tr\u00e2nsito que aproveitaram a ocasi\u00e3o para aprender a manusear o equipamento. O etil\u00f4metro foi repassado \u00e0s m\u00e3os do coordenador de Educa\u00e7\u00e3o e Tr\u00e2nsito, agente Franklin Alves, pelo chefe do N\u00facleo de Policiamento de fiscaliza\u00e7\u00e3o da PRF, Ara\u00fajo Feitosa.\u00a0 O uso e opera\u00e7\u00e3o do&hellip;\" \/>\n<meta property=\"og:url\" content=\"https:\/\/blogdofarnesio.com.br\/?p=164846\" \/>\n<meta property=\"og:site_name\" content=\"Blog do Farn\u00e9sio\" \/>\n<meta property=\"article:publisher\" content=\"https:\/\/www.facebook.com\/BlogQuerSaberPolitica\/\" \/>\n<meta property=\"article:published_time\" content=\"2017-04-28T18:00:16+00:00\" \/>\n<meta property=\"article:modified_time\" content=\"2017-04-28T19:35:48+00:00\" \/>\n<meta property=\"og:image\" content=\"https:\/\/blogdofarnesio.com.br\/wp-content\/uploads\/2017\/04\/blogqsp-PRF-AMMPLA.jpeg\" \/>\n\t<meta property=\"og:image:width\" content=\"640\" \/>\n\t<meta property=\"og:image:height\" content=\"360\" \/>\n\t<meta property=\"og:image:type\" content=\"image\/jpeg\" \/>\n<meta name=\"author\" content=\"Farn\u00e9sio\" \/>\n<meta name=\"twitter:card\" content=\"summary_large_image\" \/>\n<meta name=\"twitter:label1\" content=\"Escrito por\" \/>\n\t<meta name=\"twitter:data1\" content=\"Farn\u00e9sio\" \/>\n\t<meta name=\"twitter:label2\" content=\"Est. tempo de leitura\" \/>\n\t<meta name=\"twitter:data2\" content=\"1 minuto\" \/>\n<script type=\"application\/ld+json\" class=\"yoast-schema-graph\">{\"@context\":\"https:\\\/\\\/schema.org\",\"@graph\":[{\"@type\":\"Article\",\"@id\":\"https:\\\/\\\/blogdofarnesio.com.br\\\/?p=164846#article\",\"isPartOf\":{\"@id\":\"https:\\\/\\\/blogdofarnesio.com.br\\\/?p=164846\"},\"author\":{\"name\":\"Farn\u00e9sio\",\"@id\":\"https:\\\/\\\/blogdofarnesio.com.br\\\/#\\\/schema\\\/person\\\/301c4acf522bccbfdb45af95b5b906a1\"},\"headline\":\"AMMPLA AGORA CONTA COM ETIL\u00d4METRO PARA REFOR\u00c7AR A FISCALIZA\u00c7\u00c3O\",\"datePublished\":\"2017-04-28T18:00:16+00:00\",\"dateModified\":\"2017-04-28T19:35:48+00:00\",\"mainEntityOfPage\":{\"@id\":\"https:\\\/\\\/blogdofarnesio.com.br\\\/?p=164846\"},\"wordCount\":299,\"commentCount\":0,\"publisher\":{\"@id\":\"https:\\\/\\\/blogdofarnesio.com.br\\\/#organization\"},\"image\":{\"@id\":\"https:\\\/\\\/blogdofarnesio.com.br\\\/?p=164846#primaryimage\"},\"thumbnailUrl\":\"https:\\\/\\\/blogdofarnesio.com.br\\\/wp-content\\\/uploads\\\/2017\\\/04\\\/blogqsp-PRF-AMMPLA.jpeg\",\"articleSection\":[\"Administra\u00e7\u00e3o\"],\"inLanguage\":\"pt-BR\",\"potentialAction\":[{\"@type\":\"CommentAction\",\"name\":\"Comment\",\"target\":[\"https:\\\/\\\/blogdofarnesio.com.br\\\/?p=164846#respond\"]}]},{\"@type\":\"WebPage\",\"@id\":\"https:\\\/\\\/blogdofarnesio.com.br\\\/?p=164846\",\"url\":\"https:\\\/\\\/blogdofarnesio.com.br\\\/?p=164846\",\"name\":\"AMMPLA AGORA CONTA COM ETIL\u00d4METRO PARA REFOR\u00c7AR A FISCALIZA\u00c7\u00c3O - Blog do Farn\u00e9sio\",\"isPartOf\":{\"@id\":\"https:\\\/\\\/blogdofarnesio.com.br\\\/#website\"},\"primaryImageOfPage\":{\"@id\":\"https:\\\/\\\/blogdofarnesio.com.br\\\/?p=164846#primaryimage\"},\"image\":{\"@id\":\"https:\\\/\\\/blogdofarnesio.com.br\\\/?p=164846#primaryimage\"},\"thumbnailUrl\":\"https:\\\/\\\/blogdofarnesio.com.br\\\/wp-content\\\/uploads\\\/2017\\\/04\\\/blogqsp-PRF-AMMPLA.jpeg\",\"datePublished\":\"2017-04-28T18:00:16+00:00\",\"dateModified\":\"2017-04-28T19:35:48+00:00\",\"breadcrumb\":{\"@id\":\"https:\\\/\\\/blogdofarnesio.com.br\\\/?p=164846#breadcrumb\"},\"inLanguage\":\"pt-BR\",\"potentialAction\":[{\"@type\":\"ReadAction\",\"target\":[\"https:\\\/\\\/blogdofarnesio.com.br\\\/?p=164846\"]}]},{\"@type\":\"ImageObject\",\"inLanguage\":\"pt-BR\",\"@id\":\"https:\\\/\\\/blogdofarnesio.com.br\\\/?p=164846#primaryimage\",\"url\":\"https:\\\/\\\/blogdofarnesio.com.br\\\/wp-content\\\/uploads\\\/2017\\\/04\\\/blogqsp-PRF-AMMPLA.jpeg\",\"contentUrl\":\"https:\\\/\\\/blogdofarnesio.com.br\\\/wp-content\\\/uploads\\\/2017\\\/04\\\/blogqsp-PRF-AMMPLA.jpeg\",\"width\":640,\"height\":360},{\"@type\":\"BreadcrumbList\",\"@id\":\"https:\\\/\\\/blogdofarnesio.com.br\\\/?p=164846#breadcrumb\",\"itemListElement\":[{\"@type\":\"ListItem\",\"position\":1,\"name\":\"In\u00edcio\",\"item\":\"https:\\\/\\\/blogdofarnesio.com.br\\\/\"},{\"@type\":\"ListItem\",\"position\":2,\"name\":\"AMMPLA AGORA CONTA COM ETIL\u00d4METRO PARA REFOR\u00c7AR A FISCALIZA\u00c7\u00c3O\"}]},{\"@type\":\"WebSite\",\"@id\":\"https:\\\/\\\/blogdofarnesio.com.br\\\/#website\",\"url\":\"https:\\\/\\\/blogdofarnesio.com.br\\\/\",\"name\":\"Blog do Farn\u00e9sio\",\"description\":\"Quer Saber Pol\u00edtica?\",\"publisher\":{\"@id\":\"https:\\\/\\\/blogdofarnesio.com.br\\\/#organization\"},\"potentialAction\":[{\"@type\":\"SearchAction\",\"target\":{\"@type\":\"EntryPoint\",\"urlTemplate\":\"https:\\\/\\\/blogdofarnesio.com.br\\\/?s={search_term_string}\"},\"query-input\":{\"@type\":\"PropertyValueSpecification\",\"valueRequired\":true,\"valueName\":\"search_term_string\"}}],\"inLanguage\":\"pt-BR\"},{\"@type\":\"Organization\",\"@id\":\"https:\\\/\\\/blogdofarnesio.com.br\\\/#organization\",\"name\":\"Blog do Farn\u00e9sio\",\"url\":\"https:\\\/\\\/blogdofarnesio.com.br\\\/\",\"logo\":{\"@type\":\"ImageObject\",\"inLanguage\":\"pt-BR\",\"@id\":\"https:\\\/\\\/blogdofarnesio.com.br\\\/#\\\/schema\\\/logo\\\/image\\\/\",\"url\":\"https:\\\/\\\/blogdofarnesio.com.br\\\/wp-content\\\/uploads\\\/2026\\\/03\\\/cropped-logo_new-1.png\",\"contentUrl\":\"https:\\\/\\\/blogdofarnesio.com.br\\\/wp-content\\\/uploads\\\/2026\\\/03\\\/cropped-logo_new-1.png\",\"width\":881,\"height\":685,\"caption\":\"Blog do Farn\u00e9sio\"},\"image\":{\"@id\":\"https:\\\/\\\/blogdofarnesio.com.br\\\/#\\\/schema\\\/logo\\\/image\\\/\"},\"sameAs\":[\"https:\\\/\\\/www.facebook.com\\\/BlogQuerSaberPolitica\\\/\"]},{\"@type\":\"Person\",\"@id\":\"https:\\\/\\\/blogdofarnesio.com.br\\\/#\\\/schema\\\/person\\\/301c4acf522bccbfdb45af95b5b906a1\",\"name\":\"Farn\u00e9sio\",\"image\":{\"@type\":\"ImageObject\",\"inLanguage\":\"pt-BR\",\"@id\":\"https:\\\/\\\/secure.gravatar.com\\\/avatar\\\/df0c9a14567c056f8ad6876ba5bbd1e3e2c48023eb6807342fc4663adf549f38?s=96&d=mm&r=g\",\"url\":\"https:\\\/\\\/secure.gravatar.com\\\/avatar\\\/df0c9a14567c056f8ad6876ba5bbd1e3e2c48023eb6807342fc4663adf549f38?s=96&d=mm&r=g\",\"contentUrl\":\"https:\\\/\\\/secure.gravatar.com\\\/avatar\\\/df0c9a14567c056f8ad6876ba5bbd1e3e2c48023eb6807342fc4663adf549f38?s=96&d=mm&r=g\",\"caption\":\"Farn\u00e9sio\"},\"sameAs\":[\"https:\\\/\\\/quersaberpolitica.com.br\"],\"url\":\"https:\\\/\\\/blogdofarnesio.com.br\\\/?author=1\"}]}<\/script>\n<!-- \/ Yoast SEO plugin. -->","yoast_head_json":{"title":"AMMPLA AGORA CONTA COM ETIL\u00d4METRO PARA REFOR\u00c7AR A FISCALIZA\u00c7\u00c3O - Blog do Farn\u00e9sio","robots":{"index":"index","follow":"follow","max-snippet":"max-snippet:-1","max-image-preview":"max-image-preview:large","max-video-preview":"max-video-preview:-1"},"canonical":"https:\/\/blogdofarnesio.com.br\/?p=164846","og_locale":"pt_BR","og_type":"article","og_title":"AMMPLA AGORA CONTA COM ETIL\u00d4METRO PARA REFOR\u00c7AR A FISCALIZA\u00c7\u00c3O - Blog do Farn\u00e9sio","og_description":"A Autarquia Municipal de Mobilidade de Petrolina (Ammpla) ganhou, nesta quinta-feira (27), mais um refor\u00e7o para combater a mistura de \u00e1lcool com dire\u00e7\u00e3o.\u00a0 A partir de agora, o \u00f3rg\u00e3o conta com o aux\u00edlio de um\u00a0etil\u00f4metro &#8211; equipamento que mede com precis\u00e3o a quantidade de \u00e1lcool no sangue &#8211; para flagrar motoristas dirigindo embriagados. A ced\u00eancia do equipamento foi feita\u00a0pela Pol\u00edcia Rodovi\u00e1ria Federal (PRF).\u00a0O ato aconteceu na sede da PRF e contou com a presen\u00e7a dos agentes de tr\u00e2nsito que aproveitaram a ocasi\u00e3o para aprender a manusear o equipamento. O etil\u00f4metro foi repassado \u00e0s m\u00e3os do coordenador de Educa\u00e7\u00e3o e Tr\u00e2nsito, agente Franklin Alves, pelo chefe do N\u00facleo de Policiamento de fiscaliza\u00e7\u00e3o da PRF, Ara\u00fajo Feitosa.\u00a0 O uso e opera\u00e7\u00e3o do&hellip;","og_url":"https:\/\/blogdofarnesio.com.br\/?p=164846","og_site_name":"Blog do Farn\u00e9sio","article_publisher":"https:\/\/www.facebook.com\/BlogQuerSaberPolitica\/","article_published_time":"2017-04-28T18:00:16+00:00","article_modified_time":"2017-04-28T19:35:48+00:00","og_image":[{"width":640,"height":360,"url":"https:\/\/blogdofarnesio.com.br\/wp-content\/uploads\/2017\/04\/blogqsp-PRF-AMMPLA.jpeg","type":"image\/jpeg"}],"author":"Farn\u00e9sio","twitter_card":"summary_large_image","twitter_misc":{"Escrito por":"Farn\u00e9sio","Est. tempo de leitura":"1 minuto"},"schema":{"@context":"https:\/\/schema.org","@graph":[{"@type":"Article","@id":"https:\/\/blogdofarnesio.com.br\/?p=164846#article","isPartOf":{"@id":"https:\/\/blogdofarnesio.com.br\/?p=164846"},"author":{"name":"Farn\u00e9sio","@id":"https:\/\/blogdofarnesio.com.br\/#\/schema\/person\/301c4acf522bccbfdb45af95b5b906a1"},"headline":"AMMPLA AGORA CONTA COM ETIL\u00d4METRO PARA REFOR\u00c7AR A FISCALIZA\u00c7\u00c3O","datePublished":"2017-04-28T18:00:16+00:00","dateModified":"2017-04-28T19:35:48+00:00","mainEntityOfPage":{"@id":"https:\/\/blogdofarnesio.com.br\/?p=164846"},"wordCount":299,"commentCount":0,"publisher":{"@id":"https:\/\/blogdofarnesio.com.br\/#organization"},"image":{"@id":"https:\/\/blogdofarnesio.com.br\/?p=164846#primaryimage"},"thumbnailUrl":"https:\/\/blogdofarnesio.com.br\/wp-content\/uploads\/2017\/04\/blogqsp-PRF-AMMPLA.jpeg","articleSection":["Administra\u00e7\u00e3o"],"inLanguage":"pt-BR","potentialAction":[{"@type":"CommentAction","name":"Comment","target":["https:\/\/blogdofarnesio.com.br\/?p=164846#respond"]}]},{"@type":"WebPage","@id":"https:\/\/blogdofarnesio.com.br\/?p=164846","url":"https:\/\/blogdofarnesio.com.br\/?p=164846","name":"AMMPLA AGORA CONTA COM ETIL\u00d4METRO PARA REFOR\u00c7AR A FISCALIZA\u00c7\u00c3O - Blog do Farn\u00e9sio","isPartOf":{"@id":"https:\/\/blogdofarnesio.com.br\/#website"},"primaryImageOfPage":{"@id":"https:\/\/blogdofarnesio.com.br\/?p=164846#primaryimage"},"image":{"@id":"https:\/\/blogdofarnesio.com.br\/?p=164846#primaryimage"},"thumbnailUrl":"https:\/\/blogdofarnesio.com.br\/wp-content\/uploads\/2017\/04\/blogqsp-PRF-AMMPLA.jpeg","datePublished":"2017-04-28T18:00:16+00:00","dateModified":"2017-04-28T19:35:48+00:00","breadcrumb":{"@id":"https:\/\/blogdofarnesio.com.br\/?p=164846#breadcrumb"},"inLanguage":"pt-BR","potentialAction":[{"@type":"ReadAction","target":["https:\/\/blogdofarnesio.com.br\/?p=164846"]}]},{"@type":"ImageObject","inLanguage":"pt-BR","@id":"https:\/\/blogdofarnesio.com.br\/?p=164846#primaryimage","url":"https:\/\/blogdofarnesio.com.br\/wp-content\/uploads\/2017\/04\/blogqsp-PRF-AMMPLA.jpeg","contentUrl":"https:\/\/blogdofarnesio.com.br\/wp-content\/uploads\/2017\/04\/blogqsp-PRF-AMMPLA.jpeg","width":640,"height":360},{"@type":"BreadcrumbList","@id":"https:\/\/blogdofarnesio.com.br\/?p=164846#breadcrumb","itemListElement":[{"@type":"ListItem","position":1,"name":"In\u00edcio","item":"https:\/\/blogdofarnesio.com.br\/"},{"@type":"ListItem","position":2,"name":"AMMPLA AGORA CONTA COM ETIL\u00d4METRO PARA REFOR\u00c7AR A FISCALIZA\u00c7\u00c3O"}]},{"@type":"WebSite","@id":"https:\/\/blogdofarnesio.com.br\/#website","url":"https:\/\/blogdofarnesio.com.br\/","name":"Blog do Farn\u00e9sio","description":"Quer Saber Pol\u00edtica?","publisher":{"@id":"https:\/\/blogdofarnesio.com.br\/#organization"},"potentialAction":[{"@type":"SearchAction","target":{"@type":"EntryPoint","urlTemplate":"https:\/\/blogdofarnesio.com.br\/?s={search_term_string}"},"query-input":{"@type":"PropertyValueSpecification","valueRequired":true,"valueName":"search_term_string"}}],"inLanguage":"pt-BR"},{"@type":"Organization","@id":"https:\/\/blogdofarnesio.com.br\/#organization","name":"Blog do Farn\u00e9sio","url":"https:\/\/blogdofarnesio.com.br\/","logo":{"@type":"ImageObject","inLanguage":"pt-BR","@id":"https:\/\/blogdofarnesio.com.br\/#\/schema\/logo\/image\/","url":"https:\/\/blogdofarnesio.com.br\/wp-content\/uploads\/2026\/03\/cropped-logo_new-1.png","contentUrl":"https:\/\/blogdofarnesio.com.br\/wp-content\/uploads\/2026\/03\/cropped-logo_new-1.png","width":881,"height":685,"caption":"Blog do Farn\u00e9sio"},"image":{"@id":"https:\/\/blogdofarnesio.com.br\/#\/schema\/logo\/image\/"},"sameAs":["https:\/\/www.facebook.com\/BlogQuerSaberPolitica\/"]},{"@type":"Person","@id":"https:\/\/blogdofarnesio.com.br\/#\/schema\/person\/301c4acf522bccbfdb45af95b5b906a1","name":"Farn\u00e9sio","image":{"@type":"ImageObject","inLanguage":"pt-BR","@id":"https:\/\/secure.gravatar.com\/avatar\/df0c9a14567c056f8ad6876ba5bbd1e3e2c48023eb6807342fc4663adf549f38?s=96&d=mm&r=g","url":"https:\/\/secure.gravatar.com\/avatar\/df0c9a14567c056f8ad6876ba5bbd1e3e2c48023eb6807342fc4663adf549f38?s=96&d=mm&r=g","contentUrl":"https:\/\/secure.gravatar.com\/avatar\/df0c9a14567c056f8ad6876ba5bbd1e3e2c48023eb6807342fc4663adf549f38?s=96&d=mm&r=g","caption":"Farn\u00e9sio"},"sameAs":["https:\/\/quersaberpolitica.com.br"],"url":"https:\/\/blogdofarnesio.com.br\/?author=1"}]}},"_links":{"self":[{"href":"https:\/\/blogdofarnesio.com.br\/index.php?rest_route=\/wp\/v2\/posts\/164846","targetHints":{"allow":["GET"]}}],"collection":[{"href":"https:\/\/blogdofarnesio.com.br\/index.php?rest_route=\/wp\/v2\/posts"}],"about":[{"href":"https:\/\/blogdofarnesio.com.br\/index.php?rest_route=\/wp\/v2\/types\/post"}],"author":[{"embeddable":true,"href":"https:\/\/blogdofarnesio.com.br\/index.php?rest_route=\/wp\/v2\/users\/1"}],"replies":[{"embeddable":true,"href":"https:\/\/blogdofarnesio.com.br\/index.php?rest_route=%2Fwp%2Fv2%2Fcomments&post=164846"}],"version-history":[{"count":0,"href":"https:\/\/blogdofarnesio.com.br\/index.php?rest_route=\/wp\/v2\/posts\/164846\/revisions"}],"wp:featuredmedia":[{"embeddable":true,"href":"https:\/\/blogdofarnesio.com.br\/index.php?rest_route=\/wp\/v2\/media\/164847"}],"wp:attachment":[{"href":"https:\/\/blogdofarnesio.com.br\/index.php?rest_route=%2Fwp%2Fv2%2Fmedia&parent=164846"}],"wp:term":[{"taxonomy":"category","embeddable":true,"href":"https:\/\/blogdofarnesio.com.br\/index.php?rest_route=%2Fwp%2Fv2%2Fcategories&post=164846"},{"taxonomy":"post_tag","embeddable":true,"href":"https:\/\/blogdofarnesio.com.br\/index.php?rest_route=%2Fwp%2Fv2%2Ftags&post=164846"}],"curies":[{"name":"wp","href":"https:\/\/api.w.org\/{rel}","templated":true}]}}