{"id":164633,"date":"2017-04-28T15:30:33","date_gmt":"2017-04-28T18:30:33","guid":{"rendered":"http:\/\/quersaberpolitica.com.br\/2016\/?p=164633"},"modified":"2017-04-28T10:40:50","modified_gmt":"2017-04-28T13:40:50","slug":"terceira-feira-de-caprinos-e-ovinos-do-distrito-de-juremal-acontece-neste-final-de-semana","status":"publish","type":"post","link":"https:\/\/blogdofarnesio.com.br\/?p=164633","title":{"rendered":"TERCEIRA FEIRA DE CAPRINOS E OVINOS DO DISTRITO DE JUREMAL ACONTECE NESTE FINAL DE SEMANA"},"content":{"rendered":"<p style=\"text-align: justify;\">Cerca de 400 animais (caprinos e ovinos) ser\u00e3o expostos e comercializados na terceira Feira de Caprinos e Ovinos do distrito de Juremal que acontece de 28 a 30 de abril, \u00e0s margens da BR\u00a0407, 40 km de Juazeiro. A comunidade que \u00e9 detentora de grandes rebanhos de caprinos e ovinos tem sua economia voltada para a agricultura de subsist\u00eancia, cria\u00e7\u00e3o de animais, a comercializa\u00e7\u00e3o de esterco para os projetos irrigados de fruticultura e a fabrica\u00e7\u00e3o do doce de leite.<\/p>\n<p style=\"text-align: justify;\">O evento \u00e9 uma realiza\u00e7\u00e3o da Prefeitura Municipal, atrav\u00e9s da Ag\u00eancia de Desenvolvimento Econ\u00f4mico, Agricultura e Pecu\u00e1ria (ADEAP) e da Associa\u00e7\u00e3o de Desenvolvimento Econ\u00f4mico e Social de Juremal (ADESJUL), e pretende divulgar os produtos da cadeia e conquistar novos mercados. &#8220;A caprinovinocultura \u00e9 uma atividade que contribui muito com a economia de Juremal, cujos produtos possuem uma grande demanda de compra e venda. A feira visa buscar a organiza\u00e7\u00e3o e a capacita\u00e7\u00e3o dos criadores do distrito e da regi\u00e3o&#8221;, observou Jos\u00e9 Wilson Chaves (Chaveco), diretor de pecu\u00e1ria da ADEAP e coordenador do evento.<\/p>\n<p style=\"text-align: justify;\">Exposi\u00e7\u00f5es, torneios, palestras, concursos, apresenta\u00e7\u00f5es culturais e premia\u00e7\u00f5es fazem da III Feira de Juremal um sucesso, fortalecendo a cadeia produtiva de toda regi\u00e3o.\u00a0 De acordo com a secret\u00e1ria de Desenvolvimento Econ\u00f4mico, Agricultura e Pecu\u00e1ria, Mara\u00edza Carvalho, as feiras t\u00eam contribu\u00eddo de maneira positiva com a caprinovinocultura de Juazeiro. &#8220;Desde a comercializa\u00e7\u00e3o, aumento da autoestima do produtor, melhoramento gen\u00e9tico, inser\u00e7\u00e3o dos jovens na atividade, como tamb\u00e9m, evidenciando o potencial econ\u00f4mico dos referidos distritos&#8221;, destacou.<\/p>\n<p style=\"text-align: justify;\">Devido ao alto potencial caprino e ovino, Juremal \u00e9 um dos respons\u00e1veis pelo abastecimento de carne para diversos munic\u00edpios baianos, bem como para munic\u00edpios de outros estados do pa\u00eds. \u00a0&#8220;O nosso objetivo \u00e9 tornar os produtores da cadeia mais competitivos, inseri-los num contexto comercial mais amplo e capaz de atingir outros mercados de consumo, aumentar a produ\u00e7\u00e3o, a produtividade, a renda familiar e qualidade de vida&#8221;, observou a secret\u00e1ria.<\/p>\n<p style=\"text-align: justify;\"><strong><u>Confira a Programa\u00e7\u00e3o:<\/u><\/strong><\/p>\n<p style=\"text-align: justify;\"><strong>28\/04\/2017 \u2013 Sexta-feira<\/strong><\/p>\n<p style=\"text-align: justify;\">16h \u2013 Abertura do parque para a chegada dos animais;<\/p>\n<p style=\"text-align: justify;\">18h \u2013 Abertura do evento;<\/p>\n<p style=\"text-align: justify;\">19h \u2013 Apresenta\u00e7\u00e3o cultural;<\/p>\n<p style=\"text-align: justify;\">20h \u2013 Coquetel;<\/p>\n<p style=\"text-align: justify;\">20h \u2013 Inscri\u00e7\u00e3o das cabras que ir\u00e3o participar do Torneio Leiteiro, em seguida esgotamento dos \u00faberes;<\/p>\n<p style=\"text-align: justify;\">20h \u00e0s 22h &#8211; Som Mec\u00e2nico.<\/p>\n<p style=\"text-align: justify;\"><strong>29\/04\/2017 \u2013 S\u00e1bado<\/strong><\/p>\n<p style=\"text-align: justify;\">07h \u2013 Abertura do parque para recep\u00e7\u00e3o dos animais;<\/p>\n<p style=\"text-align: justify;\">08 \u00e0s 22h \u2013 Exposi\u00e7\u00e3o de animais, de trabalhos tecnol\u00f3gicos.<\/p>\n<p style=\"text-align: justify;\">Comercializa\u00e7\u00e3o de artesanatos, de produtos da culin\u00e1ria local e de outros produtos afins;<\/p>\n<p style=\"text-align: justify;\">08h \u2013 1\u00aa Ordenha do Torneio Leiteiro, com palestra sobre ordenha higi\u00eanica;<\/p>\n<p style=\"text-align: justify;\">10h- Palestra sobre &#8216;Previd\u00eancia Social e Cr\u00e9dito Agr\u00edcola&#8217; (Sindicato dos Trabalhadores Rurais de Juazeiro)<\/p>\n<p style=\"text-align: justify;\">17 h \u2013 Ato Solene;<\/p>\n<p style=\"text-align: justify;\">17h 30 min. \u2013 Apresenta\u00e7\u00e3o cultural &#8216;Bumba meu Bode&#8217; (Grupo Acalanto de Juremal)<\/p>\n<p style=\"text-align: justify;\">18 h \u00e0s 00 h \u2013 Show Musical (Esquema 2)<\/p>\n<p style=\"text-align: justify;\">20 h \u2013 2\u00aa Ordenha do Torneio Leiteiro;<\/p>\n<p style=\"text-align: justify;\">00 h \u2013 Encerramento;<\/p>\n<p style=\"text-align: justify;\"><strong>30\/04\/2017 \u2013 Domingo<\/strong><\/p>\n<p style=\"text-align: justify;\">08 h \u2013 Abertura do Parque para visita\u00e7\u00e3o;<\/p>\n<p style=\"text-align: justify;\">09 h \u2013 3\u00aa Ordenha do Torneio Leiteiro;<\/p>\n<p style=\"text-align: justify;\">09 h 30 \u2013 Oficina sobre silagem (Processo de conserva\u00e7\u00e3o de forragem);<\/p>\n<p style=\"text-align: justify;\">11 h \u2013 Entrega das Premia\u00e7\u00f5es;<\/p>\n<p style=\"text-align: justify;\">11 \u00e0s 20 \u2013 Show Musical (Edinho e Banda)<\/p>\n<p><em>Por Lene Radina\/SEAPA<\/em><\/p>\n","protected":false},"excerpt":{"rendered":"<p>Cerca de 400 animais (caprinos e ovinos) ser\u00e3o expostos e comercializados na terceira Feira de Caprinos e Ovinos do distrito de Juremal que acontece de 28 a 30 de abril, \u00e0s margens da BR\u00a0407, 40 km de Juazeiro. A comunidade que \u00e9 detentora de grandes rebanhos de caprinos e ovinos tem sua economia voltada para a agricultura de subsist\u00eancia, cria\u00e7\u00e3o de animais, a comercializa\u00e7\u00e3o de esterco para os projetos irrigados de fruticultura e a fabrica\u00e7\u00e3o do doce de leite. O evento \u00e9 uma realiza\u00e7\u00e3o da Prefeitura Municipal, atrav\u00e9s da Ag\u00eancia de Desenvolvimento Econ\u00f4mico, Agricultura e Pecu\u00e1ria (ADEAP) e da Associa\u00e7\u00e3o de Desenvolvimento Econ\u00f4mico e Social de Juremal (ADESJUL), e pretende divulgar os produtos da cadeia e conquistar novos mercados. &#8220;A&hellip; <\/p>\n","protected":false},"author":1,"featured_media":147560,"comment_status":"open","ping_status":"open","sticky":false,"template":"","format":"standard","meta":{"_acf_changed":false,"footnotes":""},"categories":[44],"tags":[],"class_list":["post-164633","post","type-post","status-publish","format-standard","has-post-thumbnail","hentry","category-administracao"],"acf":[],"yoast_head":"<!-- This site is optimized with the Yoast SEO plugin v27.4 - https:\/\/yoast.com\/product\/yoast-seo-wordpress\/ -->\n<title>TERCEIRA FEIRA DE CAPRINOS E OVINOS DO DISTRITO DE JUREMAL ACONTECE NESTE FINAL DE SEMANA - Blog do Farn\u00e9sio<\/title>\n<meta name=\"robots\" content=\"index, follow, max-snippet:-1, max-image-preview:large, max-video-preview:-1\" \/>\n<link rel=\"canonical\" href=\"https:\/\/blogdofarnesio.com.br\/?p=164633\" \/>\n<meta property=\"og:locale\" content=\"pt_BR\" \/>\n<meta property=\"og:type\" content=\"article\" \/>\n<meta property=\"og:title\" content=\"TERCEIRA FEIRA DE CAPRINOS E OVINOS DO DISTRITO DE JUREMAL ACONTECE NESTE FINAL DE SEMANA - Blog do Farn\u00e9sio\" \/>\n<meta property=\"og:description\" content=\"Cerca de 400 animais (caprinos e ovinos) ser\u00e3o expostos e comercializados na terceira Feira de Caprinos e Ovinos do distrito de Juremal que acontece de 28 a 30 de abril, \u00e0s margens da BR\u00a0407, 40 km de Juazeiro. A comunidade que \u00e9 detentora de grandes rebanhos de caprinos e ovinos tem sua economia voltada para a agricultura de subsist\u00eancia, cria\u00e7\u00e3o de animais, a comercializa\u00e7\u00e3o de esterco para os projetos irrigados de fruticultura e a fabrica\u00e7\u00e3o do doce de leite. O evento \u00e9 uma realiza\u00e7\u00e3o da Prefeitura Municipal, atrav\u00e9s da Ag\u00eancia de Desenvolvimento Econ\u00f4mico, Agricultura e Pecu\u00e1ria (ADEAP) e da Associa\u00e7\u00e3o de Desenvolvimento Econ\u00f4mico e Social de Juremal (ADESJUL), e pretende divulgar os produtos da cadeia e conquistar novos mercados. &#8220;A&hellip;\" \/>\n<meta property=\"og:url\" content=\"https:\/\/blogdofarnesio.com.br\/?p=164633\" \/>\n<meta property=\"og:site_name\" content=\"Blog do Farn\u00e9sio\" \/>\n<meta property=\"article:publisher\" content=\"https:\/\/www.facebook.com\/BlogQuerSaberPolitica\/\" \/>\n<meta property=\"article:published_time\" content=\"2017-04-28T18:30:33+00:00\" \/>\n<meta property=\"og:image\" content=\"https:\/\/blogdofarnesio.com.br\/wp-content\/uploads\/2016\/08\/blog-qsp-feira-de-caprinos.jpg\" \/>\n\t<meta property=\"og:image:width\" content=\"448\" \/>\n\t<meta property=\"og:image:height\" content=\"336\" \/>\n\t<meta property=\"og:image:type\" content=\"image\/jpeg\" \/>\n<meta name=\"author\" content=\"Farn\u00e9sio\" \/>\n<meta name=\"twitter:card\" content=\"summary_large_image\" \/>\n<meta name=\"twitter:label1\" content=\"Escrito por\" \/>\n\t<meta name=\"twitter:data1\" content=\"Farn\u00e9sio\" \/>\n\t<meta name=\"twitter:label2\" content=\"Est. tempo de leitura\" \/>\n\t<meta name=\"twitter:data2\" content=\"3 minutos\" \/>\n<script type=\"application\/ld+json\" class=\"yoast-schema-graph\">{\"@context\":\"https:\\\/\\\/schema.org\",\"@graph\":[{\"@type\":\"Article\",\"@id\":\"https:\\\/\\\/blogdofarnesio.com.br\\\/?p=164633#article\",\"isPartOf\":{\"@id\":\"https:\\\/\\\/blogdofarnesio.com.br\\\/?p=164633\"},\"author\":{\"name\":\"Farn\u00e9sio\",\"@id\":\"https:\\\/\\\/blogdofarnesio.com.br\\\/#\\\/schema\\\/person\\\/301c4acf522bccbfdb45af95b5b906a1\"},\"headline\":\"TERCEIRA FEIRA DE CAPRINOS E OVINOS DO DISTRITO DE JUREMAL ACONTECE NESTE FINAL DE SEMANA\",\"datePublished\":\"2017-04-28T18:30:33+00:00\",\"mainEntityOfPage\":{\"@id\":\"https:\\\/\\\/blogdofarnesio.com.br\\\/?p=164633\"},\"wordCount\":535,\"commentCount\":0,\"publisher\":{\"@id\":\"https:\\\/\\\/blogdofarnesio.com.br\\\/#organization\"},\"image\":{\"@id\":\"https:\\\/\\\/blogdofarnesio.com.br\\\/?p=164633#primaryimage\"},\"thumbnailUrl\":\"https:\\\/\\\/blogdofarnesio.com.br\\\/wp-content\\\/uploads\\\/2016\\\/08\\\/blog-qsp-feira-de-caprinos.jpg\",\"articleSection\":[\"Administra\u00e7\u00e3o\"],\"inLanguage\":\"pt-BR\",\"potentialAction\":[{\"@type\":\"CommentAction\",\"name\":\"Comment\",\"target\":[\"https:\\\/\\\/blogdofarnesio.com.br\\\/?p=164633#respond\"]}]},{\"@type\":\"WebPage\",\"@id\":\"https:\\\/\\\/blogdofarnesio.com.br\\\/?p=164633\",\"url\":\"https:\\\/\\\/blogdofarnesio.com.br\\\/?p=164633\",\"name\":\"TERCEIRA FEIRA DE CAPRINOS E OVINOS DO DISTRITO DE JUREMAL ACONTECE NESTE FINAL DE SEMANA - Blog do Farn\u00e9sio\",\"isPartOf\":{\"@id\":\"https:\\\/\\\/blogdofarnesio.com.br\\\/#website\"},\"primaryImageOfPage\":{\"@id\":\"https:\\\/\\\/blogdofarnesio.com.br\\\/?p=164633#primaryimage\"},\"image\":{\"@id\":\"https:\\\/\\\/blogdofarnesio.com.br\\\/?p=164633#primaryimage\"},\"thumbnailUrl\":\"https:\\\/\\\/blogdofarnesio.com.br\\\/wp-content\\\/uploads\\\/2016\\\/08\\\/blog-qsp-feira-de-caprinos.jpg\",\"datePublished\":\"2017-04-28T18:30:33+00:00\",\"breadcrumb\":{\"@id\":\"https:\\\/\\\/blogdofarnesio.com.br\\\/?p=164633#breadcrumb\"},\"inLanguage\":\"pt-BR\",\"potentialAction\":[{\"@type\":\"ReadAction\",\"target\":[\"https:\\\/\\\/blogdofarnesio.com.br\\\/?p=164633\"]}]},{\"@type\":\"ImageObject\",\"inLanguage\":\"pt-BR\",\"@id\":\"https:\\\/\\\/blogdofarnesio.com.br\\\/?p=164633#primaryimage\",\"url\":\"https:\\\/\\\/blogdofarnesio.com.br\\\/wp-content\\\/uploads\\\/2016\\\/08\\\/blog-qsp-feira-de-caprinos.jpg\",\"contentUrl\":\"https:\\\/\\\/blogdofarnesio.com.br\\\/wp-content\\\/uploads\\\/2016\\\/08\\\/blog-qsp-feira-de-caprinos.jpg\",\"width\":448,\"height\":336},{\"@type\":\"BreadcrumbList\",\"@id\":\"https:\\\/\\\/blogdofarnesio.com.br\\\/?p=164633#breadcrumb\",\"itemListElement\":[{\"@type\":\"ListItem\",\"position\":1,\"name\":\"In\u00edcio\",\"item\":\"https:\\\/\\\/blogdofarnesio.com.br\\\/\"},{\"@type\":\"ListItem\",\"position\":2,\"name\":\"TERCEIRA FEIRA DE CAPRINOS E OVINOS DO DISTRITO DE JUREMAL ACONTECE NESTE FINAL DE SEMANA\"}]},{\"@type\":\"WebSite\",\"@id\":\"https:\\\/\\\/blogdofarnesio.com.br\\\/#website\",\"url\":\"https:\\\/\\\/blogdofarnesio.com.br\\\/\",\"name\":\"Blog do Farn\u00e9sio\",\"description\":\"Quer Saber Pol\u00edtica?\",\"publisher\":{\"@id\":\"https:\\\/\\\/blogdofarnesio.com.br\\\/#organization\"},\"potentialAction\":[{\"@type\":\"SearchAction\",\"target\":{\"@type\":\"EntryPoint\",\"urlTemplate\":\"https:\\\/\\\/blogdofarnesio.com.br\\\/?s={search_term_string}\"},\"query-input\":{\"@type\":\"PropertyValueSpecification\",\"valueRequired\":true,\"valueName\":\"search_term_string\"}}],\"inLanguage\":\"pt-BR\"},{\"@type\":\"Organization\",\"@id\":\"https:\\\/\\\/blogdofarnesio.com.br\\\/#organization\",\"name\":\"Blog do Farn\u00e9sio\",\"url\":\"https:\\\/\\\/blogdofarnesio.com.br\\\/\",\"logo\":{\"@type\":\"ImageObject\",\"inLanguage\":\"pt-BR\",\"@id\":\"https:\\\/\\\/blogdofarnesio.com.br\\\/#\\\/schema\\\/logo\\\/image\\\/\",\"url\":\"https:\\\/\\\/blogdofarnesio.com.br\\\/wp-content\\\/uploads\\\/2026\\\/03\\\/cropped-logo_new-1.png\",\"contentUrl\":\"https:\\\/\\\/blogdofarnesio.com.br\\\/wp-content\\\/uploads\\\/2026\\\/03\\\/cropped-logo_new-1.png\",\"width\":881,\"height\":685,\"caption\":\"Blog do Farn\u00e9sio\"},\"image\":{\"@id\":\"https:\\\/\\\/blogdofarnesio.com.br\\\/#\\\/schema\\\/logo\\\/image\\\/\"},\"sameAs\":[\"https:\\\/\\\/www.facebook.com\\\/BlogQuerSaberPolitica\\\/\"]},{\"@type\":\"Person\",\"@id\":\"https:\\\/\\\/blogdofarnesio.com.br\\\/#\\\/schema\\\/person\\\/301c4acf522bccbfdb45af95b5b906a1\",\"name\":\"Farn\u00e9sio\",\"image\":{\"@type\":\"ImageObject\",\"inLanguage\":\"pt-BR\",\"@id\":\"https:\\\/\\\/secure.gravatar.com\\\/avatar\\\/df0c9a14567c056f8ad6876ba5bbd1e3e2c48023eb6807342fc4663adf549f38?s=96&d=mm&r=g\",\"url\":\"https:\\\/\\\/secure.gravatar.com\\\/avatar\\\/df0c9a14567c056f8ad6876ba5bbd1e3e2c48023eb6807342fc4663adf549f38?s=96&d=mm&r=g\",\"contentUrl\":\"https:\\\/\\\/secure.gravatar.com\\\/avatar\\\/df0c9a14567c056f8ad6876ba5bbd1e3e2c48023eb6807342fc4663adf549f38?s=96&d=mm&r=g\",\"caption\":\"Farn\u00e9sio\"},\"sameAs\":[\"https:\\\/\\\/quersaberpolitica.com.br\"],\"url\":\"https:\\\/\\\/blogdofarnesio.com.br\\\/?author=1\"}]}<\/script>\n<!-- \/ Yoast SEO plugin. -->","yoast_head_json":{"title":"TERCEIRA FEIRA DE CAPRINOS E OVINOS DO DISTRITO DE JUREMAL ACONTECE NESTE FINAL DE SEMANA - Blog do Farn\u00e9sio","robots":{"index":"index","follow":"follow","max-snippet":"max-snippet:-1","max-image-preview":"max-image-preview:large","max-video-preview":"max-video-preview:-1"},"canonical":"https:\/\/blogdofarnesio.com.br\/?p=164633","og_locale":"pt_BR","og_type":"article","og_title":"TERCEIRA FEIRA DE CAPRINOS E OVINOS DO DISTRITO DE JUREMAL ACONTECE NESTE FINAL DE SEMANA - Blog do Farn\u00e9sio","og_description":"Cerca de 400 animais (caprinos e ovinos) ser\u00e3o expostos e comercializados na terceira Feira de Caprinos e Ovinos do distrito de Juremal que acontece de 28 a 30 de abril, \u00e0s margens da BR\u00a0407, 40 km de Juazeiro. A comunidade que \u00e9 detentora de grandes rebanhos de caprinos e ovinos tem sua economia voltada para a agricultura de subsist\u00eancia, cria\u00e7\u00e3o de animais, a comercializa\u00e7\u00e3o de esterco para os projetos irrigados de fruticultura e a fabrica\u00e7\u00e3o do doce de leite. O evento \u00e9 uma realiza\u00e7\u00e3o da Prefeitura Municipal, atrav\u00e9s da Ag\u00eancia de Desenvolvimento Econ\u00f4mico, Agricultura e Pecu\u00e1ria (ADEAP) e da Associa\u00e7\u00e3o de Desenvolvimento Econ\u00f4mico e Social de Juremal (ADESJUL), e pretende divulgar os produtos da cadeia e conquistar novos mercados. &#8220;A&hellip;","og_url":"https:\/\/blogdofarnesio.com.br\/?p=164633","og_site_name":"Blog do Farn\u00e9sio","article_publisher":"https:\/\/www.facebook.com\/BlogQuerSaberPolitica\/","article_published_time":"2017-04-28T18:30:33+00:00","og_image":[{"width":448,"height":336,"url":"https:\/\/blogdofarnesio.com.br\/wp-content\/uploads\/2016\/08\/blog-qsp-feira-de-caprinos.jpg","type":"image\/jpeg"}],"author":"Farn\u00e9sio","twitter_card":"summary_large_image","twitter_misc":{"Escrito por":"Farn\u00e9sio","Est. tempo de leitura":"3 minutos"},"schema":{"@context":"https:\/\/schema.org","@graph":[{"@type":"Article","@id":"https:\/\/blogdofarnesio.com.br\/?p=164633#article","isPartOf":{"@id":"https:\/\/blogdofarnesio.com.br\/?p=164633"},"author":{"name":"Farn\u00e9sio","@id":"https:\/\/blogdofarnesio.com.br\/#\/schema\/person\/301c4acf522bccbfdb45af95b5b906a1"},"headline":"TERCEIRA FEIRA DE CAPRINOS E OVINOS DO DISTRITO DE JUREMAL ACONTECE NESTE FINAL DE SEMANA","datePublished":"2017-04-28T18:30:33+00:00","mainEntityOfPage":{"@id":"https:\/\/blogdofarnesio.com.br\/?p=164633"},"wordCount":535,"commentCount":0,"publisher":{"@id":"https:\/\/blogdofarnesio.com.br\/#organization"},"image":{"@id":"https:\/\/blogdofarnesio.com.br\/?p=164633#primaryimage"},"thumbnailUrl":"https:\/\/blogdofarnesio.com.br\/wp-content\/uploads\/2016\/08\/blog-qsp-feira-de-caprinos.jpg","articleSection":["Administra\u00e7\u00e3o"],"inLanguage":"pt-BR","potentialAction":[{"@type":"CommentAction","name":"Comment","target":["https:\/\/blogdofarnesio.com.br\/?p=164633#respond"]}]},{"@type":"WebPage","@id":"https:\/\/blogdofarnesio.com.br\/?p=164633","url":"https:\/\/blogdofarnesio.com.br\/?p=164633","name":"TERCEIRA FEIRA DE CAPRINOS E OVINOS DO DISTRITO DE JUREMAL ACONTECE NESTE FINAL DE SEMANA - Blog do Farn\u00e9sio","isPartOf":{"@id":"https:\/\/blogdofarnesio.com.br\/#website"},"primaryImageOfPage":{"@id":"https:\/\/blogdofarnesio.com.br\/?p=164633#primaryimage"},"image":{"@id":"https:\/\/blogdofarnesio.com.br\/?p=164633#primaryimage"},"thumbnailUrl":"https:\/\/blogdofarnesio.com.br\/wp-content\/uploads\/2016\/08\/blog-qsp-feira-de-caprinos.jpg","datePublished":"2017-04-28T18:30:33+00:00","breadcrumb":{"@id":"https:\/\/blogdofarnesio.com.br\/?p=164633#breadcrumb"},"inLanguage":"pt-BR","potentialAction":[{"@type":"ReadAction","target":["https:\/\/blogdofarnesio.com.br\/?p=164633"]}]},{"@type":"ImageObject","inLanguage":"pt-BR","@id":"https:\/\/blogdofarnesio.com.br\/?p=164633#primaryimage","url":"https:\/\/blogdofarnesio.com.br\/wp-content\/uploads\/2016\/08\/blog-qsp-feira-de-caprinos.jpg","contentUrl":"https:\/\/blogdofarnesio.com.br\/wp-content\/uploads\/2016\/08\/blog-qsp-feira-de-caprinos.jpg","width":448,"height":336},{"@type":"BreadcrumbList","@id":"https:\/\/blogdofarnesio.com.br\/?p=164633#breadcrumb","itemListElement":[{"@type":"ListItem","position":1,"name":"In\u00edcio","item":"https:\/\/blogdofarnesio.com.br\/"},{"@type":"ListItem","position":2,"name":"TERCEIRA FEIRA DE CAPRINOS E OVINOS DO DISTRITO DE JUREMAL ACONTECE NESTE FINAL DE SEMANA"}]},{"@type":"WebSite","@id":"https:\/\/blogdofarnesio.com.br\/#website","url":"https:\/\/blogdofarnesio.com.br\/","name":"Blog do Farn\u00e9sio","description":"Quer Saber Pol\u00edtica?","publisher":{"@id":"https:\/\/blogdofarnesio.com.br\/#organization"},"potentialAction":[{"@type":"SearchAction","target":{"@type":"EntryPoint","urlTemplate":"https:\/\/blogdofarnesio.com.br\/?s={search_term_string}"},"query-input":{"@type":"PropertyValueSpecification","valueRequired":true,"valueName":"search_term_string"}}],"inLanguage":"pt-BR"},{"@type":"Organization","@id":"https:\/\/blogdofarnesio.com.br\/#organization","name":"Blog do Farn\u00e9sio","url":"https:\/\/blogdofarnesio.com.br\/","logo":{"@type":"ImageObject","inLanguage":"pt-BR","@id":"https:\/\/blogdofarnesio.com.br\/#\/schema\/logo\/image\/","url":"https:\/\/blogdofarnesio.com.br\/wp-content\/uploads\/2026\/03\/cropped-logo_new-1.png","contentUrl":"https:\/\/blogdofarnesio.com.br\/wp-content\/uploads\/2026\/03\/cropped-logo_new-1.png","width":881,"height":685,"caption":"Blog do Farn\u00e9sio"},"image":{"@id":"https:\/\/blogdofarnesio.com.br\/#\/schema\/logo\/image\/"},"sameAs":["https:\/\/www.facebook.com\/BlogQuerSaberPolitica\/"]},{"@type":"Person","@id":"https:\/\/blogdofarnesio.com.br\/#\/schema\/person\/301c4acf522bccbfdb45af95b5b906a1","name":"Farn\u00e9sio","image":{"@type":"ImageObject","inLanguage":"pt-BR","@id":"https:\/\/secure.gravatar.com\/avatar\/df0c9a14567c056f8ad6876ba5bbd1e3e2c48023eb6807342fc4663adf549f38?s=96&d=mm&r=g","url":"https:\/\/secure.gravatar.com\/avatar\/df0c9a14567c056f8ad6876ba5bbd1e3e2c48023eb6807342fc4663adf549f38?s=96&d=mm&r=g","contentUrl":"https:\/\/secure.gravatar.com\/avatar\/df0c9a14567c056f8ad6876ba5bbd1e3e2c48023eb6807342fc4663adf549f38?s=96&d=mm&r=g","caption":"Farn\u00e9sio"},"sameAs":["https:\/\/quersaberpolitica.com.br"],"url":"https:\/\/blogdofarnesio.com.br\/?author=1"}]}},"_links":{"self":[{"href":"https:\/\/blogdofarnesio.com.br\/index.php?rest_route=\/wp\/v2\/posts\/164633","targetHints":{"allow":["GET"]}}],"collection":[{"href":"https:\/\/blogdofarnesio.com.br\/index.php?rest_route=\/wp\/v2\/posts"}],"about":[{"href":"https:\/\/blogdofarnesio.com.br\/index.php?rest_route=\/wp\/v2\/types\/post"}],"author":[{"embeddable":true,"href":"https:\/\/blogdofarnesio.com.br\/index.php?rest_route=\/wp\/v2\/users\/1"}],"replies":[{"embeddable":true,"href":"https:\/\/blogdofarnesio.com.br\/index.php?rest_route=%2Fwp%2Fv2%2Fcomments&post=164633"}],"version-history":[{"count":0,"href":"https:\/\/blogdofarnesio.com.br\/index.php?rest_route=\/wp\/v2\/posts\/164633\/revisions"}],"wp:featuredmedia":[{"embeddable":true,"href":"https:\/\/blogdofarnesio.com.br\/index.php?rest_route=\/wp\/v2\/media\/147560"}],"wp:attachment":[{"href":"https:\/\/blogdofarnesio.com.br\/index.php?rest_route=%2Fwp%2Fv2%2Fmedia&parent=164633"}],"wp:term":[{"taxonomy":"category","embeddable":true,"href":"https:\/\/blogdofarnesio.com.br\/index.php?rest_route=%2Fwp%2Fv2%2Fcategories&post=164633"},{"taxonomy":"post_tag","embeddable":true,"href":"https:\/\/blogdofarnesio.com.br\/index.php?rest_route=%2Fwp%2Fv2%2Ftags&post=164633"}],"curies":[{"name":"wp","href":"https:\/\/api.w.org\/{rel}","templated":true}]}}