{"id":164576,"date":"2017-04-26T08:03:45","date_gmt":"2017-04-26T11:03:45","guid":{"rendered":"http:\/\/quersaberpolitica.com.br\/2016\/?p=164576"},"modified":"2017-04-25T18:39:39","modified_gmt":"2017-04-25T21:39:39","slug":"cnbb-pede-mobilizacao-contra-reformas-e-pode-apoiar-greve-geral","status":"publish","type":"post","link":"https:\/\/blogdofarnesio.com.br\/?p=164576","title":{"rendered":"CNBB PEDE MOBILIZA\u00c7\u00c3O CONTRA REFORMAS E PODE APOIAR GREVE GERAL"},"content":{"rendered":"<p><strong>247 &#8211;<\/strong> O secret\u00e1rio-geral da Confer\u00eancia Nacional dos Bispos do Brasil (CNBB), dom Leonardo Steiner, afirmou nesta quarta-feira 25, em entrevista <a href=\"http:\/\/www.cnbb.org.br\/index.php?option=com_content&amp;view=article&amp;id=20657:consideramos-fundamental-que-se-escute-a-populacao-afirma-dom-leonardo-steiner-sobre-greve-geral&amp;catid=114:noticias&amp;Itemid=106\" target=\"_blank\" rel=\"noopener noreferrer\">publicada no site da CNBB<\/a>, que &#8220;reformas de tamanha import\u00e2ncia n\u00e3o podem ser conduzidas sem esse amplo debate&#8221;, como as propostas do governo Temer para mudar as regras da Previd\u00eancia e trabalhista.<\/p>\n<p>&#8220;Certamente o conte\u00fado das manifesta\u00e7\u00f5es se dar\u00e1 no sentido de defesa dos direitos dos trabalhadores do campo e da cidade, de modo muito particular dos mais pobres&#8221;, diz Steiner. &#8220;Consideramos fundamental que se escute a popula\u00e7\u00e3o em suas manifesta\u00e7\u00f5es coletivas&#8221;, acrescentou, lembrando ainda que &#8220;o movimento sinaliza que a sociedade quer o di\u00e1logo, quer participar, quer dar sua contribui\u00e7\u00e3o&#8221;.<\/p>\n<p>A confer\u00eancia est\u00e1 reunida em Aparecida (SP) para sua assembleia geral, da qual pode gerar um posicionamento mais assertivo contra as reformas e a greve geral do dia 28 nesta semana. Confira a entrevista:<\/p>\n<p><strong>Qual \u00e9 a posi\u00e7\u00e3o da CNBB sobre a anunciada greve geral do dia 28 de abril?<\/strong><\/p>\n<p>A partir de amanh\u00e3, quarta-feira, 26 de abril, os bispos estar\u00e3o reunidos em assembleia geral, em Aparecida (SP). A assembleia \u00e9 a inst\u00e2ncia suprema da Confer\u00eancia e dela pode sair novo posicionamento. Posso agora, reafirmar o que o Conselho Permanente da CNBB j\u00e1 declarou em Nota: &#8220;Convocamos os crist\u00e3os e pessoas de boa vontade, particularmente nossas comunidades, a se mobilizarem ao redor da atual Reforma da Previd\u00eancia, a fim de buscar o melhor para o nosso povo, principalmente os mais fragilizados&#8221;.<\/p>\n<p>Nesse sentido, consideramos fundamental que se escute a popula\u00e7\u00e3o em suas manifesta\u00e7\u00f5es coletivas. Claro que nosso olhar se d\u00e1 na perspectiva da evangeliza\u00e7\u00e3o e nossa posi\u00e7\u00e3o brota das exig\u00eancias do Evangelho. E isso significa reafirmar a busca do di\u00e1logo, da paz e do entendimento. Na afirma\u00e7\u00e3o dos bispos est\u00e1 a orienta\u00e7\u00e3o de que esses momentos sejam marcados pelo respeito \u00e0 vida, ao patrim\u00f4nio p\u00fablico e privado, fortalecendo a democracia.<\/p>\n<p><strong>Qual o impacto de uma greve geral neste momento?<\/strong><\/p>\n<p>Certamente o conte\u00fado das manifesta\u00e7\u00f5es se dar\u00e1 no sentido de defesa dos direitos dos trabalhadores do campo e da cidade, de modo muito particular dos mais pobres. O movimento sinaliza que a sociedade quer o di\u00e1logo, quer participar, quer dar sua contribui\u00e7\u00e3o. Reformas de tamanha import\u00e2ncia n\u00e3o podem ser conduzidas sem esse amplo debate.<\/p>\n<p>O Congresso Nacional e o Poder Executivo, infelizmente, t\u00eam se mostrado pouco sens\u00edvel ao que a sociedade tem manifestado em rela\u00e7\u00e3o \u00e0s reformas. Os brasileiros e brasileiras desejam o bem do Brasil e para construir uma na\u00e7\u00e3o justa e fraterna querem participar das discuss\u00f5es e encaminhamentos.<\/p>\n<p><strong>\u00c9 oportuno apresentar propostas de reformas na atual conjuntura?<\/strong><\/p>\n<p>O Brasil vive um momento particular de sua hist\u00f3ria, uma crise \u00e9tica. H\u00e1 situa\u00e7\u00f5es de enorme complexidade nos quais est\u00e3o envolvidos personagens do cen\u00e1rio pol\u00edtico, sem falar da crise econ\u00f4mica que atinge a todos. Como encaminhar mudan\u00e7as sem o respaldo da sociedade? Propostas de reformas que tocam na Constitui\u00e7\u00e3o Federal, no sistema previdenci\u00e1rio, na CLT merecem estudo, pesquisa e aprofundamento. Sem di\u00e1logo n\u00e3o \u00e9 poss\u00edvel criar um clima favor\u00e1vel que vise o bem do povo brasileiro.<\/p>\n","protected":false},"excerpt":{"rendered":"<p>247 &#8211; O secret\u00e1rio-geral da Confer\u00eancia Nacional dos Bispos do Brasil (CNBB), dom Leonardo Steiner, afirmou nesta quarta-feira 25, em entrevista publicada no site da CNBB, que &#8220;reformas de tamanha import\u00e2ncia n\u00e3o podem ser conduzidas sem esse amplo debate&#8221;, como as propostas do governo Temer para mudar as regras da Previd\u00eancia e trabalhista. &#8220;Certamente o conte\u00fado das manifesta\u00e7\u00f5es se dar\u00e1 no sentido de defesa dos direitos dos trabalhadores do campo e da cidade, de modo muito particular dos mais pobres&#8221;, diz Steiner. &#8220;Consideramos fundamental que se escute a popula\u00e7\u00e3o em suas manifesta\u00e7\u00f5es coletivas&#8221;, acrescentou, lembrando ainda que &#8220;o movimento sinaliza que a sociedade quer o di\u00e1logo, quer participar, quer dar sua contribui\u00e7\u00e3o&#8221;. A confer\u00eancia est\u00e1 reunida em Aparecida (SP) para&hellip; <\/p>\n","protected":false},"author":1,"featured_media":0,"comment_status":"open","ping_status":"open","sticky":false,"template":"","format":"standard","meta":{"_acf_changed":false,"footnotes":""},"categories":[1],"tags":[],"class_list":["post-164576","post","type-post","status-publish","format-standard","hentry","category-politica"],"acf":[],"yoast_head":"<!-- This site is optimized with the Yoast SEO plugin v27.4 - https:\/\/yoast.com\/product\/yoast-seo-wordpress\/ -->\n<title>CNBB PEDE MOBILIZA\u00c7\u00c3O CONTRA REFORMAS E PODE APOIAR GREVE GERAL - Blog do Farn\u00e9sio<\/title>\n<meta name=\"robots\" content=\"index, follow, max-snippet:-1, max-image-preview:large, max-video-preview:-1\" \/>\n<link rel=\"canonical\" href=\"https:\/\/blogdofarnesio.com.br\/?p=164576\" \/>\n<meta property=\"og:locale\" content=\"pt_BR\" \/>\n<meta property=\"og:type\" content=\"article\" \/>\n<meta property=\"og:title\" content=\"CNBB PEDE MOBILIZA\u00c7\u00c3O CONTRA REFORMAS E PODE APOIAR GREVE GERAL - Blog do Farn\u00e9sio\" \/>\n<meta property=\"og:description\" content=\"247 &#8211; O secret\u00e1rio-geral da Confer\u00eancia Nacional dos Bispos do Brasil (CNBB), dom Leonardo Steiner, afirmou nesta quarta-feira 25, em entrevista publicada no site da CNBB, que &#8220;reformas de tamanha import\u00e2ncia n\u00e3o podem ser conduzidas sem esse amplo debate&#8221;, como as propostas do governo Temer para mudar as regras da Previd\u00eancia e trabalhista. &#8220;Certamente o conte\u00fado das manifesta\u00e7\u00f5es se dar\u00e1 no sentido de defesa dos direitos dos trabalhadores do campo e da cidade, de modo muito particular dos mais pobres&#8221;, diz Steiner. &#8220;Consideramos fundamental que se escute a popula\u00e7\u00e3o em suas manifesta\u00e7\u00f5es coletivas&#8221;, acrescentou, lembrando ainda que &#8220;o movimento sinaliza que a sociedade quer o di\u00e1logo, quer participar, quer dar sua contribui\u00e7\u00e3o&#8221;. A confer\u00eancia est\u00e1 reunida em Aparecida (SP) para&hellip;\" \/>\n<meta property=\"og:url\" content=\"https:\/\/blogdofarnesio.com.br\/?p=164576\" \/>\n<meta property=\"og:site_name\" content=\"Blog do Farn\u00e9sio\" \/>\n<meta property=\"article:publisher\" content=\"https:\/\/www.facebook.com\/BlogQuerSaberPolitica\/\" \/>\n<meta property=\"article:published_time\" content=\"2017-04-26T11:03:45+00:00\" \/>\n<meta name=\"author\" content=\"Farn\u00e9sio\" \/>\n<meta name=\"twitter:card\" content=\"summary_large_image\" \/>\n<meta name=\"twitter:label1\" content=\"Escrito por\" \/>\n\t<meta name=\"twitter:data1\" content=\"Farn\u00e9sio\" \/>\n\t<meta name=\"twitter:label2\" content=\"Est. tempo de leitura\" \/>\n\t<meta name=\"twitter:data2\" content=\"3 minutos\" \/>\n<script type=\"application\/ld+json\" class=\"yoast-schema-graph\">{\"@context\":\"https:\\\/\\\/schema.org\",\"@graph\":[{\"@type\":\"Article\",\"@id\":\"https:\\\/\\\/blogdofarnesio.com.br\\\/?p=164576#article\",\"isPartOf\":{\"@id\":\"https:\\\/\\\/blogdofarnesio.com.br\\\/?p=164576\"},\"author\":{\"name\":\"Farn\u00e9sio\",\"@id\":\"https:\\\/\\\/blogdofarnesio.com.br\\\/#\\\/schema\\\/person\\\/301c4acf522bccbfdb45af95b5b906a1\"},\"headline\":\"CNBB PEDE MOBILIZA\u00c7\u00c3O CONTRA REFORMAS E PODE APOIAR GREVE GERAL\",\"datePublished\":\"2017-04-26T11:03:45+00:00\",\"mainEntityOfPage\":{\"@id\":\"https:\\\/\\\/blogdofarnesio.com.br\\\/?p=164576\"},\"wordCount\":559,\"commentCount\":0,\"publisher\":{\"@id\":\"https:\\\/\\\/blogdofarnesio.com.br\\\/#organization\"},\"articleSection\":[\"Pol\u00edtica\"],\"inLanguage\":\"pt-BR\",\"potentialAction\":[{\"@type\":\"CommentAction\",\"name\":\"Comment\",\"target\":[\"https:\\\/\\\/blogdofarnesio.com.br\\\/?p=164576#respond\"]}]},{\"@type\":\"WebPage\",\"@id\":\"https:\\\/\\\/blogdofarnesio.com.br\\\/?p=164576\",\"url\":\"https:\\\/\\\/blogdofarnesio.com.br\\\/?p=164576\",\"name\":\"CNBB PEDE MOBILIZA\u00c7\u00c3O CONTRA REFORMAS E PODE APOIAR GREVE GERAL - Blog do Farn\u00e9sio\",\"isPartOf\":{\"@id\":\"https:\\\/\\\/blogdofarnesio.com.br\\\/#website\"},\"datePublished\":\"2017-04-26T11:03:45+00:00\",\"breadcrumb\":{\"@id\":\"https:\\\/\\\/blogdofarnesio.com.br\\\/?p=164576#breadcrumb\"},\"inLanguage\":\"pt-BR\",\"potentialAction\":[{\"@type\":\"ReadAction\",\"target\":[\"https:\\\/\\\/blogdofarnesio.com.br\\\/?p=164576\"]}]},{\"@type\":\"BreadcrumbList\",\"@id\":\"https:\\\/\\\/blogdofarnesio.com.br\\\/?p=164576#breadcrumb\",\"itemListElement\":[{\"@type\":\"ListItem\",\"position\":1,\"name\":\"In\u00edcio\",\"item\":\"https:\\\/\\\/blogdofarnesio.com.br\\\/\"},{\"@type\":\"ListItem\",\"position\":2,\"name\":\"CNBB PEDE MOBILIZA\u00c7\u00c3O CONTRA REFORMAS E PODE APOIAR GREVE GERAL\"}]},{\"@type\":\"WebSite\",\"@id\":\"https:\\\/\\\/blogdofarnesio.com.br\\\/#website\",\"url\":\"https:\\\/\\\/blogdofarnesio.com.br\\\/\",\"name\":\"Blog do Farn\u00e9sio\",\"description\":\"Quer Saber Pol\u00edtica?\",\"publisher\":{\"@id\":\"https:\\\/\\\/blogdofarnesio.com.br\\\/#organization\"},\"potentialAction\":[{\"@type\":\"SearchAction\",\"target\":{\"@type\":\"EntryPoint\",\"urlTemplate\":\"https:\\\/\\\/blogdofarnesio.com.br\\\/?s={search_term_string}\"},\"query-input\":{\"@type\":\"PropertyValueSpecification\",\"valueRequired\":true,\"valueName\":\"search_term_string\"}}],\"inLanguage\":\"pt-BR\"},{\"@type\":\"Organization\",\"@id\":\"https:\\\/\\\/blogdofarnesio.com.br\\\/#organization\",\"name\":\"Blog do Farn\u00e9sio\",\"url\":\"https:\\\/\\\/blogdofarnesio.com.br\\\/\",\"logo\":{\"@type\":\"ImageObject\",\"inLanguage\":\"pt-BR\",\"@id\":\"https:\\\/\\\/blogdofarnesio.com.br\\\/#\\\/schema\\\/logo\\\/image\\\/\",\"url\":\"https:\\\/\\\/blogdofarnesio.com.br\\\/wp-content\\\/uploads\\\/2026\\\/03\\\/cropped-logo_new-1.png\",\"contentUrl\":\"https:\\\/\\\/blogdofarnesio.com.br\\\/wp-content\\\/uploads\\\/2026\\\/03\\\/cropped-logo_new-1.png\",\"width\":881,\"height\":685,\"caption\":\"Blog do Farn\u00e9sio\"},\"image\":{\"@id\":\"https:\\\/\\\/blogdofarnesio.com.br\\\/#\\\/schema\\\/logo\\\/image\\\/\"},\"sameAs\":[\"https:\\\/\\\/www.facebook.com\\\/BlogQuerSaberPolitica\\\/\"]},{\"@type\":\"Person\",\"@id\":\"https:\\\/\\\/blogdofarnesio.com.br\\\/#\\\/schema\\\/person\\\/301c4acf522bccbfdb45af95b5b906a1\",\"name\":\"Farn\u00e9sio\",\"image\":{\"@type\":\"ImageObject\",\"inLanguage\":\"pt-BR\",\"@id\":\"https:\\\/\\\/secure.gravatar.com\\\/avatar\\\/df0c9a14567c056f8ad6876ba5bbd1e3e2c48023eb6807342fc4663adf549f38?s=96&d=mm&r=g\",\"url\":\"https:\\\/\\\/secure.gravatar.com\\\/avatar\\\/df0c9a14567c056f8ad6876ba5bbd1e3e2c48023eb6807342fc4663adf549f38?s=96&d=mm&r=g\",\"contentUrl\":\"https:\\\/\\\/secure.gravatar.com\\\/avatar\\\/df0c9a14567c056f8ad6876ba5bbd1e3e2c48023eb6807342fc4663adf549f38?s=96&d=mm&r=g\",\"caption\":\"Farn\u00e9sio\"},\"sameAs\":[\"https:\\\/\\\/quersaberpolitica.com.br\"],\"url\":\"https:\\\/\\\/blogdofarnesio.com.br\\\/?author=1\"}]}<\/script>\n<!-- \/ Yoast SEO plugin. -->","yoast_head_json":{"title":"CNBB PEDE MOBILIZA\u00c7\u00c3O CONTRA REFORMAS E PODE APOIAR GREVE GERAL - Blog do Farn\u00e9sio","robots":{"index":"index","follow":"follow","max-snippet":"max-snippet:-1","max-image-preview":"max-image-preview:large","max-video-preview":"max-video-preview:-1"},"canonical":"https:\/\/blogdofarnesio.com.br\/?p=164576","og_locale":"pt_BR","og_type":"article","og_title":"CNBB PEDE MOBILIZA\u00c7\u00c3O CONTRA REFORMAS E PODE APOIAR GREVE GERAL - Blog do Farn\u00e9sio","og_description":"247 &#8211; O secret\u00e1rio-geral da Confer\u00eancia Nacional dos Bispos do Brasil (CNBB), dom Leonardo Steiner, afirmou nesta quarta-feira 25, em entrevista publicada no site da CNBB, que &#8220;reformas de tamanha import\u00e2ncia n\u00e3o podem ser conduzidas sem esse amplo debate&#8221;, como as propostas do governo Temer para mudar as regras da Previd\u00eancia e trabalhista. &#8220;Certamente o conte\u00fado das manifesta\u00e7\u00f5es se dar\u00e1 no sentido de defesa dos direitos dos trabalhadores do campo e da cidade, de modo muito particular dos mais pobres&#8221;, diz Steiner. &#8220;Consideramos fundamental que se escute a popula\u00e7\u00e3o em suas manifesta\u00e7\u00f5es coletivas&#8221;, acrescentou, lembrando ainda que &#8220;o movimento sinaliza que a sociedade quer o di\u00e1logo, quer participar, quer dar sua contribui\u00e7\u00e3o&#8221;. A confer\u00eancia est\u00e1 reunida em Aparecida (SP) para&hellip;","og_url":"https:\/\/blogdofarnesio.com.br\/?p=164576","og_site_name":"Blog do Farn\u00e9sio","article_publisher":"https:\/\/www.facebook.com\/BlogQuerSaberPolitica\/","article_published_time":"2017-04-26T11:03:45+00:00","author":"Farn\u00e9sio","twitter_card":"summary_large_image","twitter_misc":{"Escrito por":"Farn\u00e9sio","Est. tempo de leitura":"3 minutos"},"schema":{"@context":"https:\/\/schema.org","@graph":[{"@type":"Article","@id":"https:\/\/blogdofarnesio.com.br\/?p=164576#article","isPartOf":{"@id":"https:\/\/blogdofarnesio.com.br\/?p=164576"},"author":{"name":"Farn\u00e9sio","@id":"https:\/\/blogdofarnesio.com.br\/#\/schema\/person\/301c4acf522bccbfdb45af95b5b906a1"},"headline":"CNBB PEDE MOBILIZA\u00c7\u00c3O CONTRA REFORMAS E PODE APOIAR GREVE GERAL","datePublished":"2017-04-26T11:03:45+00:00","mainEntityOfPage":{"@id":"https:\/\/blogdofarnesio.com.br\/?p=164576"},"wordCount":559,"commentCount":0,"publisher":{"@id":"https:\/\/blogdofarnesio.com.br\/#organization"},"articleSection":["Pol\u00edtica"],"inLanguage":"pt-BR","potentialAction":[{"@type":"CommentAction","name":"Comment","target":["https:\/\/blogdofarnesio.com.br\/?p=164576#respond"]}]},{"@type":"WebPage","@id":"https:\/\/blogdofarnesio.com.br\/?p=164576","url":"https:\/\/blogdofarnesio.com.br\/?p=164576","name":"CNBB PEDE MOBILIZA\u00c7\u00c3O CONTRA REFORMAS E PODE APOIAR GREVE GERAL - Blog do Farn\u00e9sio","isPartOf":{"@id":"https:\/\/blogdofarnesio.com.br\/#website"},"datePublished":"2017-04-26T11:03:45+00:00","breadcrumb":{"@id":"https:\/\/blogdofarnesio.com.br\/?p=164576#breadcrumb"},"inLanguage":"pt-BR","potentialAction":[{"@type":"ReadAction","target":["https:\/\/blogdofarnesio.com.br\/?p=164576"]}]},{"@type":"BreadcrumbList","@id":"https:\/\/blogdofarnesio.com.br\/?p=164576#breadcrumb","itemListElement":[{"@type":"ListItem","position":1,"name":"In\u00edcio","item":"https:\/\/blogdofarnesio.com.br\/"},{"@type":"ListItem","position":2,"name":"CNBB PEDE MOBILIZA\u00c7\u00c3O CONTRA REFORMAS E PODE APOIAR GREVE GERAL"}]},{"@type":"WebSite","@id":"https:\/\/blogdofarnesio.com.br\/#website","url":"https:\/\/blogdofarnesio.com.br\/","name":"Blog do Farn\u00e9sio","description":"Quer Saber Pol\u00edtica?","publisher":{"@id":"https:\/\/blogdofarnesio.com.br\/#organization"},"potentialAction":[{"@type":"SearchAction","target":{"@type":"EntryPoint","urlTemplate":"https:\/\/blogdofarnesio.com.br\/?s={search_term_string}"},"query-input":{"@type":"PropertyValueSpecification","valueRequired":true,"valueName":"search_term_string"}}],"inLanguage":"pt-BR"},{"@type":"Organization","@id":"https:\/\/blogdofarnesio.com.br\/#organization","name":"Blog do Farn\u00e9sio","url":"https:\/\/blogdofarnesio.com.br\/","logo":{"@type":"ImageObject","inLanguage":"pt-BR","@id":"https:\/\/blogdofarnesio.com.br\/#\/schema\/logo\/image\/","url":"https:\/\/blogdofarnesio.com.br\/wp-content\/uploads\/2026\/03\/cropped-logo_new-1.png","contentUrl":"https:\/\/blogdofarnesio.com.br\/wp-content\/uploads\/2026\/03\/cropped-logo_new-1.png","width":881,"height":685,"caption":"Blog do Farn\u00e9sio"},"image":{"@id":"https:\/\/blogdofarnesio.com.br\/#\/schema\/logo\/image\/"},"sameAs":["https:\/\/www.facebook.com\/BlogQuerSaberPolitica\/"]},{"@type":"Person","@id":"https:\/\/blogdofarnesio.com.br\/#\/schema\/person\/301c4acf522bccbfdb45af95b5b906a1","name":"Farn\u00e9sio","image":{"@type":"ImageObject","inLanguage":"pt-BR","@id":"https:\/\/secure.gravatar.com\/avatar\/df0c9a14567c056f8ad6876ba5bbd1e3e2c48023eb6807342fc4663adf549f38?s=96&d=mm&r=g","url":"https:\/\/secure.gravatar.com\/avatar\/df0c9a14567c056f8ad6876ba5bbd1e3e2c48023eb6807342fc4663adf549f38?s=96&d=mm&r=g","contentUrl":"https:\/\/secure.gravatar.com\/avatar\/df0c9a14567c056f8ad6876ba5bbd1e3e2c48023eb6807342fc4663adf549f38?s=96&d=mm&r=g","caption":"Farn\u00e9sio"},"sameAs":["https:\/\/quersaberpolitica.com.br"],"url":"https:\/\/blogdofarnesio.com.br\/?author=1"}]}},"_links":{"self":[{"href":"https:\/\/blogdofarnesio.com.br\/index.php?rest_route=\/wp\/v2\/posts\/164576","targetHints":{"allow":["GET"]}}],"collection":[{"href":"https:\/\/blogdofarnesio.com.br\/index.php?rest_route=\/wp\/v2\/posts"}],"about":[{"href":"https:\/\/blogdofarnesio.com.br\/index.php?rest_route=\/wp\/v2\/types\/post"}],"author":[{"embeddable":true,"href":"https:\/\/blogdofarnesio.com.br\/index.php?rest_route=\/wp\/v2\/users\/1"}],"replies":[{"embeddable":true,"href":"https:\/\/blogdofarnesio.com.br\/index.php?rest_route=%2Fwp%2Fv2%2Fcomments&post=164576"}],"version-history":[{"count":0,"href":"https:\/\/blogdofarnesio.com.br\/index.php?rest_route=\/wp\/v2\/posts\/164576\/revisions"}],"wp:attachment":[{"href":"https:\/\/blogdofarnesio.com.br\/index.php?rest_route=%2Fwp%2Fv2%2Fmedia&parent=164576"}],"wp:term":[{"taxonomy":"category","embeddable":true,"href":"https:\/\/blogdofarnesio.com.br\/index.php?rest_route=%2Fwp%2Fv2%2Fcategories&post=164576"},{"taxonomy":"post_tag","embeddable":true,"href":"https:\/\/blogdofarnesio.com.br\/index.php?rest_route=%2Fwp%2Fv2%2Ftags&post=164576"}],"curies":[{"name":"wp","href":"https:\/\/api.w.org\/{rel}","templated":true}]}}