{"id":16457,"date":"2012-08-10T11:01:22","date_gmt":"2012-08-10T11:01:22","guid":{"rendered":"http:\/\/www.quersaberpolitica.com.br?p=16457"},"modified":"2012-08-10T07:21:49","modified_gmt":"2012-08-10T07:21:49","slug":"produtor-esclarece-denuncias-de-irregularidades-no-sao-joao-de-petrolina","status":"publish","type":"post","link":"https:\/\/blogdofarnesio.com.br\/?p=16457","title":{"rendered":"Produtor esclarece denuncias de irregularidades no S\u00e3o Jo\u00e3o de Petrolina"},"content":{"rendered":"<p>&nbsp;<\/p>\n<p style=\"text-align: justify;\"><span style=\"font-family: arial, helvetica, sans-serif; font-size: medium;\"><a rel=\"lightbox\" href=\"http:\/\/www.quersaberpolitica.com.br\/2016\/wp-content\/uploads\/2012\/12\/blogqsp.marcelo_m.e.jpg\"><img loading=\"lazy\" decoding=\"async\" style=\"float: right; margin: 5px 10px;\" src=\"http:\/\/www.quersaberpolitica.com.br\/2016\/wp-content\/uploads\/2012\/12\/blogqsp.marcelo_m.e.jpg\" alt=\"\" width=\"200\" height=\"150\" \/><\/a>Produtor musical da M.E Produ&ccedil;&otilde;es, empresa respons&aacute;vel pelo maior volume de contrata&ccedil;&otilde;es do S&atilde;o Jo&atilde;o de Petrolina rebate acusa&ccedil;&otilde;es divulgadas em mat&eacute;ria publicada na Folha Pernambuco, de que a Prefeitura de Petrolina teria contratado produtoras sem licita&ccedil;&atilde;o e empresas que n&atilde;o teriam como realizar o evento.<\/span><\/p>\n<p style=\"text-align: justify;\"><span style=\"font-size: medium;\"><span style=\"font-family: arial, helvetica, sans-serif;\">Marcelo Eduardo Nascimento Vieira afirma que as acusa&ccedil;&otilde;es s&atilde;o inverdades j&aacute; que a sua empresa existe h&aacute; 20 anos, tem sede fixa na cidade de Campo Formoso, na Bahia, onde o produtor reside e desde 2008 exerce atividades como aluguel de palcos, coberturas e outras estruturas. Atua tamb&eacute;m, segundo ele, na contrata&ccedil;&atilde;o de bandas e organiza&ccedil;&atilde;o de festas, bem como na realiza&ccedil;&atilde;o de congressos e exposi&ccedil;&otilde;es, de consultoria, grava&ccedil;&atilde;o de som, edi&ccedil;&atilde;o de m&uacute;sicas entre outras atividades secund&aacute;rias. &#8220;Tenho orgulho de ter participado na produ&ccedil;&atilde;o do maior S&atilde;o Jo&atilde;o do Brasil. Minha empresa funciona na minha pr&oacute;pria resid&ecirc;ncia onde moro h&aacute; 33 anos, e nesses anos j&aacute; participei da produ&ccedil;&atilde;o de v&aacute;rias festas de grande e m&eacute;dio portes nos Estados da Bahia e Pernambuco&#8221;.&nbsp;<br \/>Diante da afirma&ccedil;&atilde;o, no conte&uacute;do da mat&eacute;ria, de que os contratos foram firmados sem participar de um processo licitat&oacute;rio, o produtor garante que a contrata&ccedil;&atilde;o das bandas geralmente fica a cargo das empresas vinculadas a elas. &#8220;Quando a gente fala de licita&ccedil;&atilde;o a gente fala de contrata&ccedil;&atilde;o de estrutura, em rela&ccedil;&atilde;o ao processo de bandas &eacute; uma inexigibilidade (a dispensa da licita&ccedil;&atilde;o) que &eacute; feita, da qual as empresas que possuem exclusividade nas contrata&ccedil;&otilde;es das bandas fazem o processo de contrata&ccedil;&atilde;o com a prefeitura, dispensando a licita&ccedil;&atilde;o&#8221;, argumenta.<br \/>Marcelo salienta tamb&eacute;m que tem um capital de R$ 15 mil, mas isso n&atilde;o o impossibilita de fazer grandes investimentos. &#8220;N&atilde;o procede a informa&ccedil;&atilde;o de que a M.E n&atilde;o est&aacute; habilitada a desenvolver essa atividade. Petrolina me deu a oportunidade de mostrar o meu trabalho e o capital n&atilde;o &eacute; pr&eacute;-requisito para a inexbilidade. Ser pequeno n&atilde;o &eacute; defeito. Primeiro a lei diz que o capital social tem que ser de at&eacute; 10% e n&atilde;o de 10% como foi apontada na reportagem do jornal pernambucano&#8221;, critica a informa&ccedil;&atilde;o que segundo ele foi tendenciosa e acrescenta &#8220;todas as empresas que participaram do S&atilde;o Jo&atilde;o do Vale estavam aptas a desenvolverem seu trabalho&#8221;. A empresa M.E fechou contratos em torno de R$ 4,6 milh&otilde;es.<\/span><\/span><\/p>\n<p style=\"text-align: justify;\"><span style=\"font-size: medium;\"><span style=\"font-family: arial, helvetica, sans-serif;\">Grande Rio<\/span><\/span><\/p>\n<div><span style=\"font-size: medium;\"><span style=\"font-family: arial, helvetica, sans-serif;\"><br \/><\/span><\/span><\/div>\n<p>&nbsp;<\/p>\n","protected":false},"excerpt":{"rendered":"<p>&nbsp; Produtor musical da M.E Produ&ccedil;&otilde;es, empresa respons&aacute;vel pelo maior volume de contrata&ccedil;&otilde;es do S&atilde;o Jo&atilde;o de Petrolina rebate acusa&ccedil;&otilde;es divulgadas em mat&eacute;ria publicada na Folha Pernambuco, de que a Prefeitura de Petrolina teria contratado produtoras sem licita&ccedil;&atilde;o e empresas que n&atilde;o teriam como realizar o evento. Marcelo Eduardo Nascimento Vieira afirma que as acusa&ccedil;&otilde;es s&atilde;o inverdades j&aacute; que a sua empresa existe h&aacute; 20 anos, tem sede fixa na cidade de Campo Formoso, na Bahia, onde o produtor reside e desde 2008 exerce atividades como aluguel de palcos, coberturas e outras estruturas. Atua tamb&eacute;m, segundo ele, na contrata&ccedil;&atilde;o de bandas e organiza&ccedil;&atilde;o de festas, bem como na realiza&ccedil;&atilde;o de congressos e exposi&ccedil;&otilde;es, de consultoria, grava&ccedil;&atilde;o de som, edi&ccedil;&atilde;o de&hellip; <\/p>\n","protected":false},"author":0,"featured_media":0,"comment_status":"open","ping_status":"open","sticky":false,"template":"","format":"standard","meta":{"_acf_changed":false,"footnotes":""},"categories":[],"tags":[],"class_list":["post-16457","post","type-post","status-publish","format-standard","hentry"],"acf":[],"yoast_head":"<!-- This site is optimized with the Yoast SEO plugin v27.4 - https:\/\/yoast.com\/product\/yoast-seo-wordpress\/ -->\n<title>Produtor esclarece denuncias de irregularidades no S\u00e3o Jo\u00e3o de Petrolina  - Blog do Farn\u00e9sio<\/title>\n<meta name=\"robots\" content=\"index, follow, max-snippet:-1, max-image-preview:large, max-video-preview:-1\" \/>\n<link rel=\"canonical\" href=\"https:\/\/blogdofarnesio.com.br\/?p=16457\" \/>\n<meta property=\"og:locale\" content=\"pt_BR\" \/>\n<meta property=\"og:type\" content=\"article\" \/>\n<meta property=\"og:title\" content=\"Produtor esclarece denuncias de irregularidades no S\u00e3o Jo\u00e3o de Petrolina  - Blog do Farn\u00e9sio\" \/>\n<meta property=\"og:description\" content=\"&nbsp; Produtor musical da M.E Produ&ccedil;&otilde;es, empresa respons&aacute;vel pelo maior volume de contrata&ccedil;&otilde;es do S&atilde;o Jo&atilde;o de Petrolina rebate acusa&ccedil;&otilde;es divulgadas em mat&eacute;ria publicada na Folha Pernambuco, de que a Prefeitura de Petrolina teria contratado produtoras sem licita&ccedil;&atilde;o e empresas que n&atilde;o teriam como realizar o evento. Marcelo Eduardo Nascimento Vieira afirma que as acusa&ccedil;&otilde;es s&atilde;o inverdades j&aacute; que a sua empresa existe h&aacute; 20 anos, tem sede fixa na cidade de Campo Formoso, na Bahia, onde o produtor reside e desde 2008 exerce atividades como aluguel de palcos, coberturas e outras estruturas. Atua tamb&eacute;m, segundo ele, na contrata&ccedil;&atilde;o de bandas e organiza&ccedil;&atilde;o de festas, bem como na realiza&ccedil;&atilde;o de congressos e exposi&ccedil;&otilde;es, de consultoria, grava&ccedil;&atilde;o de som, edi&ccedil;&atilde;o de&hellip;\" \/>\n<meta property=\"og:url\" content=\"https:\/\/blogdofarnesio.com.br\/?p=16457\" \/>\n<meta property=\"og:site_name\" content=\"Blog do Farn\u00e9sio\" \/>\n<meta property=\"article:publisher\" content=\"https:\/\/www.facebook.com\/BlogQuerSaberPolitica\/\" \/>\n<meta property=\"article:published_time\" content=\"2012-08-10T11:01:22+00:00\" \/>\n<meta property=\"og:image\" content=\"http:\/\/www.quersaberpolitica.com.br\/2016\/wp-content\/uploads\/2012\/12\/blogqsp.marcelo_m.e.jpg\" \/>\n<meta name=\"twitter:card\" content=\"summary_large_image\" \/>\n<meta name=\"twitter:label1\" content=\"Est. tempo de leitura\" \/>\n\t<meta name=\"twitter:data1\" content=\"3 minutos\" \/>\n<script type=\"application\/ld+json\" class=\"yoast-schema-graph\">{\"@context\":\"https:\\\/\\\/schema.org\",\"@graph\":[{\"@type\":\"Article\",\"@id\":\"https:\\\/\\\/blogdofarnesio.com.br\\\/?p=16457#article\",\"isPartOf\":{\"@id\":\"https:\\\/\\\/blogdofarnesio.com.br\\\/?p=16457\"},\"author\":{\"name\":\"\",\"@id\":\"\"},\"headline\":\"Produtor esclarece denuncias de irregularidades no S\u00e3o Jo\u00e3o de Petrolina\",\"datePublished\":\"2012-08-10T11:01:22+00:00\",\"mainEntityOfPage\":{\"@id\":\"https:\\\/\\\/blogdofarnesio.com.br\\\/?p=16457\"},\"wordCount\":529,\"commentCount\":0,\"publisher\":{\"@id\":\"https:\\\/\\\/blogdofarnesio.com.br\\\/#organization\"},\"image\":{\"@id\":\"https:\\\/\\\/blogdofarnesio.com.br\\\/?p=16457#primaryimage\"},\"thumbnailUrl\":\"http:\\\/\\\/www.quersaberpolitica.com.br\\\/2016\\\/wp-content\\\/uploads\\\/2012\\\/12\\\/blogqsp.marcelo_m.e.jpg\",\"inLanguage\":\"pt-BR\",\"potentialAction\":[{\"@type\":\"CommentAction\",\"name\":\"Comment\",\"target\":[\"https:\\\/\\\/blogdofarnesio.com.br\\\/?p=16457#respond\"]}]},{\"@type\":\"WebPage\",\"@id\":\"https:\\\/\\\/blogdofarnesio.com.br\\\/?p=16457\",\"url\":\"https:\\\/\\\/blogdofarnesio.com.br\\\/?p=16457\",\"name\":\"Produtor esclarece denuncias de irregularidades no S\u00e3o Jo\u00e3o de Petrolina - Blog do Farn\u00e9sio\",\"isPartOf\":{\"@id\":\"https:\\\/\\\/blogdofarnesio.com.br\\\/#website\"},\"primaryImageOfPage\":{\"@id\":\"https:\\\/\\\/blogdofarnesio.com.br\\\/?p=16457#primaryimage\"},\"image\":{\"@id\":\"https:\\\/\\\/blogdofarnesio.com.br\\\/?p=16457#primaryimage\"},\"thumbnailUrl\":\"http:\\\/\\\/www.quersaberpolitica.com.br\\\/2016\\\/wp-content\\\/uploads\\\/2012\\\/12\\\/blogqsp.marcelo_m.e.jpg\",\"datePublished\":\"2012-08-10T11:01:22+00:00\",\"breadcrumb\":{\"@id\":\"https:\\\/\\\/blogdofarnesio.com.br\\\/?p=16457#breadcrumb\"},\"inLanguage\":\"pt-BR\",\"potentialAction\":[{\"@type\":\"ReadAction\",\"target\":[\"https:\\\/\\\/blogdofarnesio.com.br\\\/?p=16457\"]}]},{\"@type\":\"ImageObject\",\"inLanguage\":\"pt-BR\",\"@id\":\"https:\\\/\\\/blogdofarnesio.com.br\\\/?p=16457#primaryimage\",\"url\":\"http:\\\/\\\/www.quersaberpolitica.com.br\\\/2016\\\/wp-content\\\/uploads\\\/2012\\\/12\\\/blogqsp.marcelo_m.e.jpg\",\"contentUrl\":\"http:\\\/\\\/www.quersaberpolitica.com.br\\\/2016\\\/wp-content\\\/uploads\\\/2012\\\/12\\\/blogqsp.marcelo_m.e.jpg\"},{\"@type\":\"BreadcrumbList\",\"@id\":\"https:\\\/\\\/blogdofarnesio.com.br\\\/?p=16457#breadcrumb\",\"itemListElement\":[{\"@type\":\"ListItem\",\"position\":1,\"name\":\"In\u00edcio\",\"item\":\"https:\\\/\\\/blogdofarnesio.com.br\\\/\"},{\"@type\":\"ListItem\",\"position\":2,\"name\":\"Produtor esclarece denuncias de irregularidades no S\u00e3o Jo\u00e3o de Petrolina\"}]},{\"@type\":\"WebSite\",\"@id\":\"https:\\\/\\\/blogdofarnesio.com.br\\\/#website\",\"url\":\"https:\\\/\\\/blogdofarnesio.com.br\\\/\",\"name\":\"Blog do Farn\u00e9sio\",\"description\":\"Quer Saber Pol\u00edtica?\",\"publisher\":{\"@id\":\"https:\\\/\\\/blogdofarnesio.com.br\\\/#organization\"},\"potentialAction\":[{\"@type\":\"SearchAction\",\"target\":{\"@type\":\"EntryPoint\",\"urlTemplate\":\"https:\\\/\\\/blogdofarnesio.com.br\\\/?s={search_term_string}\"},\"query-input\":{\"@type\":\"PropertyValueSpecification\",\"valueRequired\":true,\"valueName\":\"search_term_string\"}}],\"inLanguage\":\"pt-BR\"},{\"@type\":\"Organization\",\"@id\":\"https:\\\/\\\/blogdofarnesio.com.br\\\/#organization\",\"name\":\"Blog do Farn\u00e9sio\",\"url\":\"https:\\\/\\\/blogdofarnesio.com.br\\\/\",\"logo\":{\"@type\":\"ImageObject\",\"inLanguage\":\"pt-BR\",\"@id\":\"https:\\\/\\\/blogdofarnesio.com.br\\\/#\\\/schema\\\/logo\\\/image\\\/\",\"url\":\"https:\\\/\\\/blogdofarnesio.com.br\\\/wp-content\\\/uploads\\\/2026\\\/03\\\/cropped-logo_new-1.png\",\"contentUrl\":\"https:\\\/\\\/blogdofarnesio.com.br\\\/wp-content\\\/uploads\\\/2026\\\/03\\\/cropped-logo_new-1.png\",\"width\":881,\"height\":685,\"caption\":\"Blog do Farn\u00e9sio\"},\"image\":{\"@id\":\"https:\\\/\\\/blogdofarnesio.com.br\\\/#\\\/schema\\\/logo\\\/image\\\/\"},\"sameAs\":[\"https:\\\/\\\/www.facebook.com\\\/BlogQuerSaberPolitica\\\/\"]}]}<\/script>\n<!-- \/ Yoast SEO plugin. -->","yoast_head_json":{"title":"Produtor esclarece denuncias de irregularidades no S\u00e3o Jo\u00e3o de Petrolina  - Blog do Farn\u00e9sio","robots":{"index":"index","follow":"follow","max-snippet":"max-snippet:-1","max-image-preview":"max-image-preview:large","max-video-preview":"max-video-preview:-1"},"canonical":"https:\/\/blogdofarnesio.com.br\/?p=16457","og_locale":"pt_BR","og_type":"article","og_title":"Produtor esclarece denuncias de irregularidades no S\u00e3o Jo\u00e3o de Petrolina  - Blog do Farn\u00e9sio","og_description":"&nbsp; Produtor musical da M.E Produ&ccedil;&otilde;es, empresa respons&aacute;vel pelo maior volume de contrata&ccedil;&otilde;es do S&atilde;o Jo&atilde;o de Petrolina rebate acusa&ccedil;&otilde;es divulgadas em mat&eacute;ria publicada na Folha Pernambuco, de que a Prefeitura de Petrolina teria contratado produtoras sem licita&ccedil;&atilde;o e empresas que n&atilde;o teriam como realizar o evento. Marcelo Eduardo Nascimento Vieira afirma que as acusa&ccedil;&otilde;es s&atilde;o inverdades j&aacute; que a sua empresa existe h&aacute; 20 anos, tem sede fixa na cidade de Campo Formoso, na Bahia, onde o produtor reside e desde 2008 exerce atividades como aluguel de palcos, coberturas e outras estruturas. Atua tamb&eacute;m, segundo ele, na contrata&ccedil;&atilde;o de bandas e organiza&ccedil;&atilde;o de festas, bem como na realiza&ccedil;&atilde;o de congressos e exposi&ccedil;&otilde;es, de consultoria, grava&ccedil;&atilde;o de som, edi&ccedil;&atilde;o de&hellip;","og_url":"https:\/\/blogdofarnesio.com.br\/?p=16457","og_site_name":"Blog do Farn\u00e9sio","article_publisher":"https:\/\/www.facebook.com\/BlogQuerSaberPolitica\/","article_published_time":"2012-08-10T11:01:22+00:00","og_image":[{"url":"http:\/\/www.quersaberpolitica.com.br\/2016\/wp-content\/uploads\/2012\/12\/blogqsp.marcelo_m.e.jpg","type":"","width":"","height":""}],"twitter_card":"summary_large_image","twitter_misc":{"Est. tempo de leitura":"3 minutos"},"schema":{"@context":"https:\/\/schema.org","@graph":[{"@type":"Article","@id":"https:\/\/blogdofarnesio.com.br\/?p=16457#article","isPartOf":{"@id":"https:\/\/blogdofarnesio.com.br\/?p=16457"},"author":{"name":"","@id":""},"headline":"Produtor esclarece denuncias de irregularidades no S\u00e3o Jo\u00e3o de Petrolina","datePublished":"2012-08-10T11:01:22+00:00","mainEntityOfPage":{"@id":"https:\/\/blogdofarnesio.com.br\/?p=16457"},"wordCount":529,"commentCount":0,"publisher":{"@id":"https:\/\/blogdofarnesio.com.br\/#organization"},"image":{"@id":"https:\/\/blogdofarnesio.com.br\/?p=16457#primaryimage"},"thumbnailUrl":"http:\/\/www.quersaberpolitica.com.br\/2016\/wp-content\/uploads\/2012\/12\/blogqsp.marcelo_m.e.jpg","inLanguage":"pt-BR","potentialAction":[{"@type":"CommentAction","name":"Comment","target":["https:\/\/blogdofarnesio.com.br\/?p=16457#respond"]}]},{"@type":"WebPage","@id":"https:\/\/blogdofarnesio.com.br\/?p=16457","url":"https:\/\/blogdofarnesio.com.br\/?p=16457","name":"Produtor esclarece denuncias de irregularidades no S\u00e3o Jo\u00e3o de Petrolina - Blog do Farn\u00e9sio","isPartOf":{"@id":"https:\/\/blogdofarnesio.com.br\/#website"},"primaryImageOfPage":{"@id":"https:\/\/blogdofarnesio.com.br\/?p=16457#primaryimage"},"image":{"@id":"https:\/\/blogdofarnesio.com.br\/?p=16457#primaryimage"},"thumbnailUrl":"http:\/\/www.quersaberpolitica.com.br\/2016\/wp-content\/uploads\/2012\/12\/blogqsp.marcelo_m.e.jpg","datePublished":"2012-08-10T11:01:22+00:00","breadcrumb":{"@id":"https:\/\/blogdofarnesio.com.br\/?p=16457#breadcrumb"},"inLanguage":"pt-BR","potentialAction":[{"@type":"ReadAction","target":["https:\/\/blogdofarnesio.com.br\/?p=16457"]}]},{"@type":"ImageObject","inLanguage":"pt-BR","@id":"https:\/\/blogdofarnesio.com.br\/?p=16457#primaryimage","url":"http:\/\/www.quersaberpolitica.com.br\/2016\/wp-content\/uploads\/2012\/12\/blogqsp.marcelo_m.e.jpg","contentUrl":"http:\/\/www.quersaberpolitica.com.br\/2016\/wp-content\/uploads\/2012\/12\/blogqsp.marcelo_m.e.jpg"},{"@type":"BreadcrumbList","@id":"https:\/\/blogdofarnesio.com.br\/?p=16457#breadcrumb","itemListElement":[{"@type":"ListItem","position":1,"name":"In\u00edcio","item":"https:\/\/blogdofarnesio.com.br\/"},{"@type":"ListItem","position":2,"name":"Produtor esclarece denuncias de irregularidades no S\u00e3o Jo\u00e3o de Petrolina"}]},{"@type":"WebSite","@id":"https:\/\/blogdofarnesio.com.br\/#website","url":"https:\/\/blogdofarnesio.com.br\/","name":"Blog do Farn\u00e9sio","description":"Quer Saber Pol\u00edtica?","publisher":{"@id":"https:\/\/blogdofarnesio.com.br\/#organization"},"potentialAction":[{"@type":"SearchAction","target":{"@type":"EntryPoint","urlTemplate":"https:\/\/blogdofarnesio.com.br\/?s={search_term_string}"},"query-input":{"@type":"PropertyValueSpecification","valueRequired":true,"valueName":"search_term_string"}}],"inLanguage":"pt-BR"},{"@type":"Organization","@id":"https:\/\/blogdofarnesio.com.br\/#organization","name":"Blog do Farn\u00e9sio","url":"https:\/\/blogdofarnesio.com.br\/","logo":{"@type":"ImageObject","inLanguage":"pt-BR","@id":"https:\/\/blogdofarnesio.com.br\/#\/schema\/logo\/image\/","url":"https:\/\/blogdofarnesio.com.br\/wp-content\/uploads\/2026\/03\/cropped-logo_new-1.png","contentUrl":"https:\/\/blogdofarnesio.com.br\/wp-content\/uploads\/2026\/03\/cropped-logo_new-1.png","width":881,"height":685,"caption":"Blog do Farn\u00e9sio"},"image":{"@id":"https:\/\/blogdofarnesio.com.br\/#\/schema\/logo\/image\/"},"sameAs":["https:\/\/www.facebook.com\/BlogQuerSaberPolitica\/"]}]}},"_links":{"self":[{"href":"https:\/\/blogdofarnesio.com.br\/index.php?rest_route=\/wp\/v2\/posts\/16457","targetHints":{"allow":["GET"]}}],"collection":[{"href":"https:\/\/blogdofarnesio.com.br\/index.php?rest_route=\/wp\/v2\/posts"}],"about":[{"href":"https:\/\/blogdofarnesio.com.br\/index.php?rest_route=\/wp\/v2\/types\/post"}],"replies":[{"embeddable":true,"href":"https:\/\/blogdofarnesio.com.br\/index.php?rest_route=%2Fwp%2Fv2%2Fcomments&post=16457"}],"version-history":[{"count":0,"href":"https:\/\/blogdofarnesio.com.br\/index.php?rest_route=\/wp\/v2\/posts\/16457\/revisions"}],"wp:attachment":[{"href":"https:\/\/blogdofarnesio.com.br\/index.php?rest_route=%2Fwp%2Fv2%2Fmedia&parent=16457"}],"wp:term":[{"taxonomy":"category","embeddable":true,"href":"https:\/\/blogdofarnesio.com.br\/index.php?rest_route=%2Fwp%2Fv2%2Fcategories&post=16457"},{"taxonomy":"post_tag","embeddable":true,"href":"https:\/\/blogdofarnesio.com.br\/index.php?rest_route=%2Fwp%2Fv2%2Ftags&post=16457"}],"curies":[{"name":"wp","href":"https:\/\/api.w.org\/{rel}","templated":true}]}}