{"id":16429,"date":"2012-08-09T08:30:16","date_gmt":"2012-08-09T08:30:16","guid":{"rendered":"http:\/\/www.quersaberpolitica.com.br?p=16429"},"modified":"2012-08-09T07:17:17","modified_gmt":"2012-08-09T07:17:17","slug":"denuncia-sao-joao-de-petrolina-foi-promovido-por-empresas-fantasmas","status":"publish","type":"post","link":"https:\/\/blogdofarnesio.com.br\/?p=16429","title":{"rendered":"Denuncia: S\u00e3o Jo\u00e3o de Petrolina foi promovido por empresas fantasmas"},"content":{"rendered":"<p>&nbsp;<\/p>\n<p style=\"text-align: justify;\"><span style=\"font-size: medium;\"><span style=\"font-family: arial, helvetica, sans-serif;\"><a rel=\"lightbox\" href=\"http:\/\/www.quersaberpolitica.com.br\/2016\/wp-content\/uploads\/2012\/12\/blogqspfestajunina.jpg\"><img loading=\"lazy\" decoding=\"async\" style=\"float: left; margin: 5px 10px;\" src=\"http:\/\/www.quersaberpolitica.com.br\/2016\/wp-content\/uploads\/2012\/12\/blogqspfestajunina.jpg\" alt=\"\" width=\"200\" height=\"146\" \/><\/a>A Prefeitura de Petrolina entrou no grupo das inadimplentes. Os artistas locais contratados para se apresentarem no S&atilde;o Jo&atilde;o do Vale, que aconteceu entre os dias 15 e 30 de junho, ainda n&atilde;o receberam o cach&ecirc;. &#8220;A produ&ccedil;&atilde;o de Andreia Vit&oacute;ria investiu mais de R$ 6 mil para produzir os shows e contratar os m&uacute;sicos. Um dinheiro que conseguimos emprestado para que ela pudesse se apresentar. Agora n&atilde;o temos como pagar&#8221;, contou uma fonte que preferiu n&atilde;o se identificar. As irregularidades n&atilde;o param por a&iacute;. A gest&atilde;o municipal diz ter investido R$ 8,3 milh&otilde;es para a realiza&ccedil;&atilde;o do evento. Segundo dados publicados no Diario Oficial do munic&iacute;pio do dia 15 de junho e no Portal da Transpar&ecirc;ncia, o valor &eacute; referente a contratos firmados com tr&ecirc;s microempresas, sendo duas baianas.<\/span><\/span><\/p>\n<p style=\"text-align: justify;\"><span style=\"font-size: medium;\"><span style=\"font-family: arial, helvetica, sans-serif;\">O problema &eacute; que os contratos foram firmados sem abertura do processo licitat&oacute;rio e diziam respeito apenas ao agenciamento de artistas, sem detalhar as despesas para a montagem de toda a infraesrtutura necess&aacute;ria &agrave; realiza&ccedil;&atilde;o do evento. Al&eacute;m disso, as empresas contratadas tem capital inferior a R$ 30 mil e nenhuma delas est&aacute; habilitada a realizar a atividade, j&aacute; que o servi&ccedil;o n&atilde;o consta no contrato social. A baiana TH Produ&ccedil;&otilde;es, de Thiago Nascimento Vieira, por exemplo, tem um capital de R$ 15 mil e foi contemplada com R$ 2,2 milh&otilde;es para agenciar artistas durante o S&atilde;o Jo&atilde;o do Vale, embora o contrato social n&atilde;o tenha o agenciamento como uma das suas atividades, segundo informa&ccedil;&otilde;es da Junta Comercial da Bahia. No documento consta que ela se dedica ao com&eacute;rcio varejista de equipamentos de inform&aacute;tica e aluguel de m&oacute;veis.<\/span><\/span><\/p>\n<p style=\"text-align: justify;\"><span style=\"font-size: medium;\"><span style=\"font-family: arial, helvetica, sans-serif;\">A outra baiana, ME Produ&ccedil;&otilde;es, de Marcelo Eduardo Nascimento Vieira, com endere&ccedil;o em Campo Formoso, por exemplo, n&atilde;o exerce a atividade para a qual foi contratada pela Prefeitura de Petrolina, de acordo com dados dispon&iacute;veis no site da Receita Federal. Mesmo assim, a empresa levou R$ 4,6 milh&otilde;es. E olhe que a empresa tem um capital de apenas R$ 15 mil.<\/span><\/span><\/p>\n<p style=\"text-align: justify;\"><span style=\"font-size: medium;\"><span style=\"font-family: arial, helvetica, sans-serif;\">Outro problema: na cidade de Campo Formoso, os vizinhos dos locais onde as empresas est&atilde;o registradas afirmam desconhecer as atividades desempenhadas por elas na localidade.<\/span><\/span><\/p>\n<p style=\"text-align: justify;\"><span style=\"font-size: medium;\"><span style=\"font-family: arial, helvetica, sans-serif;\">Morador da mesma rua onde funcionaria a ME Produ&ccedil;&otilde;es, Icaro Silva, disse nunca ter percebido movimenta&ccedil;&atilde;o de funcion&aacute;rios da empresa. &#8220;A&iacute; &eacute; s&oacute; resid&ecirc;ncia mesmo. Nunca houve nenhum movimento. Eu j&aacute; ouvi falar nessa empresa, mas n&atilde;o sei quem &eacute; a pessoa&#8221;, afirmou.<\/span><\/span><\/p>\n<p style=\"text-align: justify;\"><span style=\"font-size: medium;\"><span style=\"font-family: arial, helvetica, sans-serif;\">A terceira empresa envolvida no caso &eacute; a l&iacute;der Entretenimento, com sede em Petrolina. O neg&oacute;cio, que possui capital de R$ 30 mil, foi aberto em novembro de 2011, ou seja, possui menos de um ano de funcionamento, e, mesmo assim, recebeu R$ 1,4 milh&atilde;o para agenciar os artistas, embora essa atividade tamb&eacute;m n&atilde;o conste no contrato social, segundo informa&ccedil;&otilde;es da Junta Comercial de Pernambuco (Jucepe).<\/span><\/span><\/p>\n<p style=\"text-align: justify;\"><span style=\"font-size: medium;\"><span style=\"font-family: arial, helvetica, sans-serif;\">O artigo 31 da Lei 8.666\/93 exige que, para se contratada, a empresa apresente boa situa&ccedil;&atilde;o financeira, tenha capacidade de arcar com o &ocirc;nus do evento e cumpra com as exig&ecirc;ncias do contrato. A resolu&ccedil;&atilde;o exige ainda que o capital da empresa seja, no m&iacute;nimo, 10% do valor a ser contratado. Sendo assim, observando os valores do capital das tr&ecirc;s empresas, elas n&atilde;o poderiam contratar com o poder p&uacute;blico valores superiores a R$ 150 mil. Isso sem falar que nenhuma das tr&ecirc;s possui hist&oacute;rico de realiza&ccedil;&atilde;o de grandes shows.<\/span><\/span><\/p>\n<p style=\"text-align: justify;\"><span style=\"font-size: medium;\"><span style=\"font-family: arial, helvetica, sans-serif;\">A confus&atilde;o sobrou at&eacute; para o secret&aacute;rio de Desenvolvimento Econ&ocirc;mico e Eventos, Lu&iacute;s Cl&aacute;udio Dias, que foi afastado da pasta, tendo sido impedido, inclusive, de entrar na sala que antes era sua, na sede da Prefeitura, apesar de sua exonera&ccedil;&atilde;o ainda n&atilde;o ter sido publicada no Di&aacute;rio Oficial. Informa&ccedil;&otilde;es extra-oficiais d&atilde;o conta de que o afastamento teve a ver tamb&eacute;m com o fato de Lu&iacute;s Cl&aacute;udio ser primo do vice-prefeito da cidade, Domingos S&aacute;vio, que rompeu rela&ccedil;&otilde;es pol&iacute;ticas com o ent&atilde;o prefeito de Petrolina, J&uacute;lio L&oacute;ssio.<\/span><\/span><\/p>\n<p style=\"text-align: justify;\"><span style=\"font-size: medium;\"><span style=\"font-family: arial, helvetica, sans-serif;\">Mat&eacute;ria publicada na Folha de PE<\/span><\/span><\/p>\n<div><span style=\"font-size: medium;\"><span style=\"font-family: arial, helvetica, sans-serif;\"><br \/><\/span><\/span><\/div>\n<p>&nbsp;<\/p>\n","protected":false},"excerpt":{"rendered":"<p>&nbsp; A Prefeitura de Petrolina entrou no grupo das inadimplentes. Os artistas locais contratados para se apresentarem no S&atilde;o Jo&atilde;o do Vale, que aconteceu entre os dias 15 e 30 de junho, ainda n&atilde;o receberam o cach&ecirc;. &#8220;A produ&ccedil;&atilde;o de Andreia Vit&oacute;ria investiu mais de R$ 6 mil para produzir os shows e contratar os m&uacute;sicos. Um dinheiro que conseguimos emprestado para que ela pudesse se apresentar. Agora n&atilde;o temos como pagar&#8221;, contou uma fonte que preferiu n&atilde;o se identificar. As irregularidades n&atilde;o param por a&iacute;. A gest&atilde;o municipal diz ter investido R$ 8,3 milh&otilde;es para a realiza&ccedil;&atilde;o do evento. Segundo dados publicados no Diario Oficial do munic&iacute;pio do dia 15 de junho e no Portal da Transpar&ecirc;ncia, o valor&hellip; <\/p>\n","protected":false},"author":0,"featured_media":0,"comment_status":"open","ping_status":"open","sticky":false,"template":"","format":"standard","meta":{"_acf_changed":false,"footnotes":""},"categories":[23],"tags":[],"class_list":["post-16429","post","type-post","status-publish","format-standard","hentry","category-justica"],"acf":[],"yoast_head":"<!-- This site is optimized with the Yoast SEO plugin v27.4 - https:\/\/yoast.com\/product\/yoast-seo-wordpress\/ -->\n<title>Denuncia: S\u00e3o Jo\u00e3o de Petrolina foi promovido por empresas fantasmas - Blog do Farn\u00e9sio<\/title>\n<meta name=\"robots\" content=\"index, follow, max-snippet:-1, max-image-preview:large, max-video-preview:-1\" \/>\n<link rel=\"canonical\" href=\"https:\/\/blogdofarnesio.com.br\/?p=16429\" \/>\n<meta property=\"og:locale\" content=\"pt_BR\" \/>\n<meta property=\"og:type\" content=\"article\" \/>\n<meta property=\"og:title\" content=\"Denuncia: S\u00e3o Jo\u00e3o de Petrolina foi promovido por empresas fantasmas - Blog do Farn\u00e9sio\" \/>\n<meta property=\"og:description\" content=\"&nbsp; A Prefeitura de Petrolina entrou no grupo das inadimplentes. Os artistas locais contratados para se apresentarem no S&atilde;o Jo&atilde;o do Vale, que aconteceu entre os dias 15 e 30 de junho, ainda n&atilde;o receberam o cach&ecirc;. &#8220;A produ&ccedil;&atilde;o de Andreia Vit&oacute;ria investiu mais de R$ 6 mil para produzir os shows e contratar os m&uacute;sicos. Um dinheiro que conseguimos emprestado para que ela pudesse se apresentar. Agora n&atilde;o temos como pagar&#8221;, contou uma fonte que preferiu n&atilde;o se identificar. As irregularidades n&atilde;o param por a&iacute;. A gest&atilde;o municipal diz ter investido R$ 8,3 milh&otilde;es para a realiza&ccedil;&atilde;o do evento. Segundo dados publicados no Diario Oficial do munic&iacute;pio do dia 15 de junho e no Portal da Transpar&ecirc;ncia, o valor&hellip;\" \/>\n<meta property=\"og:url\" content=\"https:\/\/blogdofarnesio.com.br\/?p=16429\" \/>\n<meta property=\"og:site_name\" content=\"Blog do Farn\u00e9sio\" \/>\n<meta property=\"article:publisher\" content=\"https:\/\/www.facebook.com\/BlogQuerSaberPolitica\/\" \/>\n<meta property=\"article:published_time\" content=\"2012-08-09T08:30:16+00:00\" \/>\n<meta property=\"og:image\" content=\"http:\/\/www.quersaberpolitica.com.br\/2016\/wp-content\/uploads\/2012\/12\/blogqspfestajunina.jpg\" \/>\n<meta name=\"twitter:card\" content=\"summary_large_image\" \/>\n<meta name=\"twitter:label1\" content=\"Est. tempo de leitura\" \/>\n\t<meta name=\"twitter:data1\" content=\"4 minutos\" \/>\n<script type=\"application\/ld+json\" class=\"yoast-schema-graph\">{\"@context\":\"https:\\\/\\\/schema.org\",\"@graph\":[{\"@type\":\"Article\",\"@id\":\"https:\\\/\\\/blogdofarnesio.com.br\\\/?p=16429#article\",\"isPartOf\":{\"@id\":\"https:\\\/\\\/blogdofarnesio.com.br\\\/?p=16429\"},\"author\":{\"name\":\"\",\"@id\":\"\"},\"headline\":\"Denuncia: S\u00e3o Jo\u00e3o de Petrolina foi promovido por empresas fantasmas\",\"datePublished\":\"2012-08-09T08:30:16+00:00\",\"mainEntityOfPage\":{\"@id\":\"https:\\\/\\\/blogdofarnesio.com.br\\\/?p=16429\"},\"wordCount\":819,\"commentCount\":0,\"publisher\":{\"@id\":\"https:\\\/\\\/blogdofarnesio.com.br\\\/#organization\"},\"image\":{\"@id\":\"https:\\\/\\\/blogdofarnesio.com.br\\\/?p=16429#primaryimage\"},\"thumbnailUrl\":\"http:\\\/\\\/www.quersaberpolitica.com.br\\\/2016\\\/wp-content\\\/uploads\\\/2012\\\/12\\\/blogqspfestajunina.jpg\",\"articleSection\":[\"Justi\u00e7a\"],\"inLanguage\":\"pt-BR\",\"potentialAction\":[{\"@type\":\"CommentAction\",\"name\":\"Comment\",\"target\":[\"https:\\\/\\\/blogdofarnesio.com.br\\\/?p=16429#respond\"]}]},{\"@type\":\"WebPage\",\"@id\":\"https:\\\/\\\/blogdofarnesio.com.br\\\/?p=16429\",\"url\":\"https:\\\/\\\/blogdofarnesio.com.br\\\/?p=16429\",\"name\":\"Denuncia: S\u00e3o Jo\u00e3o de Petrolina foi promovido por empresas fantasmas - Blog do Farn\u00e9sio\",\"isPartOf\":{\"@id\":\"https:\\\/\\\/blogdofarnesio.com.br\\\/#website\"},\"primaryImageOfPage\":{\"@id\":\"https:\\\/\\\/blogdofarnesio.com.br\\\/?p=16429#primaryimage\"},\"image\":{\"@id\":\"https:\\\/\\\/blogdofarnesio.com.br\\\/?p=16429#primaryimage\"},\"thumbnailUrl\":\"http:\\\/\\\/www.quersaberpolitica.com.br\\\/2016\\\/wp-content\\\/uploads\\\/2012\\\/12\\\/blogqspfestajunina.jpg\",\"datePublished\":\"2012-08-09T08:30:16+00:00\",\"breadcrumb\":{\"@id\":\"https:\\\/\\\/blogdofarnesio.com.br\\\/?p=16429#breadcrumb\"},\"inLanguage\":\"pt-BR\",\"potentialAction\":[{\"@type\":\"ReadAction\",\"target\":[\"https:\\\/\\\/blogdofarnesio.com.br\\\/?p=16429\"]}]},{\"@type\":\"ImageObject\",\"inLanguage\":\"pt-BR\",\"@id\":\"https:\\\/\\\/blogdofarnesio.com.br\\\/?p=16429#primaryimage\",\"url\":\"http:\\\/\\\/www.quersaberpolitica.com.br\\\/2016\\\/wp-content\\\/uploads\\\/2012\\\/12\\\/blogqspfestajunina.jpg\",\"contentUrl\":\"http:\\\/\\\/www.quersaberpolitica.com.br\\\/2016\\\/wp-content\\\/uploads\\\/2012\\\/12\\\/blogqspfestajunina.jpg\"},{\"@type\":\"BreadcrumbList\",\"@id\":\"https:\\\/\\\/blogdofarnesio.com.br\\\/?p=16429#breadcrumb\",\"itemListElement\":[{\"@type\":\"ListItem\",\"position\":1,\"name\":\"In\u00edcio\",\"item\":\"https:\\\/\\\/blogdofarnesio.com.br\\\/\"},{\"@type\":\"ListItem\",\"position\":2,\"name\":\"Denuncia: S\u00e3o Jo\u00e3o de Petrolina foi promovido por empresas fantasmas\"}]},{\"@type\":\"WebSite\",\"@id\":\"https:\\\/\\\/blogdofarnesio.com.br\\\/#website\",\"url\":\"https:\\\/\\\/blogdofarnesio.com.br\\\/\",\"name\":\"Blog do Farn\u00e9sio\",\"description\":\"Quer Saber Pol\u00edtica?\",\"publisher\":{\"@id\":\"https:\\\/\\\/blogdofarnesio.com.br\\\/#organization\"},\"potentialAction\":[{\"@type\":\"SearchAction\",\"target\":{\"@type\":\"EntryPoint\",\"urlTemplate\":\"https:\\\/\\\/blogdofarnesio.com.br\\\/?s={search_term_string}\"},\"query-input\":{\"@type\":\"PropertyValueSpecification\",\"valueRequired\":true,\"valueName\":\"search_term_string\"}}],\"inLanguage\":\"pt-BR\"},{\"@type\":\"Organization\",\"@id\":\"https:\\\/\\\/blogdofarnesio.com.br\\\/#organization\",\"name\":\"Blog do Farn\u00e9sio\",\"url\":\"https:\\\/\\\/blogdofarnesio.com.br\\\/\",\"logo\":{\"@type\":\"ImageObject\",\"inLanguage\":\"pt-BR\",\"@id\":\"https:\\\/\\\/blogdofarnesio.com.br\\\/#\\\/schema\\\/logo\\\/image\\\/\",\"url\":\"https:\\\/\\\/blogdofarnesio.com.br\\\/wp-content\\\/uploads\\\/2026\\\/03\\\/cropped-logo_new-1.png\",\"contentUrl\":\"https:\\\/\\\/blogdofarnesio.com.br\\\/wp-content\\\/uploads\\\/2026\\\/03\\\/cropped-logo_new-1.png\",\"width\":881,\"height\":685,\"caption\":\"Blog do Farn\u00e9sio\"},\"image\":{\"@id\":\"https:\\\/\\\/blogdofarnesio.com.br\\\/#\\\/schema\\\/logo\\\/image\\\/\"},\"sameAs\":[\"https:\\\/\\\/www.facebook.com\\\/BlogQuerSaberPolitica\\\/\"]}]}<\/script>\n<!-- \/ Yoast SEO plugin. -->","yoast_head_json":{"title":"Denuncia: S\u00e3o Jo\u00e3o de Petrolina foi promovido por empresas fantasmas - Blog do Farn\u00e9sio","robots":{"index":"index","follow":"follow","max-snippet":"max-snippet:-1","max-image-preview":"max-image-preview:large","max-video-preview":"max-video-preview:-1"},"canonical":"https:\/\/blogdofarnesio.com.br\/?p=16429","og_locale":"pt_BR","og_type":"article","og_title":"Denuncia: S\u00e3o Jo\u00e3o de Petrolina foi promovido por empresas fantasmas - Blog do Farn\u00e9sio","og_description":"&nbsp; A Prefeitura de Petrolina entrou no grupo das inadimplentes. Os artistas locais contratados para se apresentarem no S&atilde;o Jo&atilde;o do Vale, que aconteceu entre os dias 15 e 30 de junho, ainda n&atilde;o receberam o cach&ecirc;. &#8220;A produ&ccedil;&atilde;o de Andreia Vit&oacute;ria investiu mais de R$ 6 mil para produzir os shows e contratar os m&uacute;sicos. Um dinheiro que conseguimos emprestado para que ela pudesse se apresentar. Agora n&atilde;o temos como pagar&#8221;, contou uma fonte que preferiu n&atilde;o se identificar. As irregularidades n&atilde;o param por a&iacute;. A gest&atilde;o municipal diz ter investido R$ 8,3 milh&otilde;es para a realiza&ccedil;&atilde;o do evento. Segundo dados publicados no Diario Oficial do munic&iacute;pio do dia 15 de junho e no Portal da Transpar&ecirc;ncia, o valor&hellip;","og_url":"https:\/\/blogdofarnesio.com.br\/?p=16429","og_site_name":"Blog do Farn\u00e9sio","article_publisher":"https:\/\/www.facebook.com\/BlogQuerSaberPolitica\/","article_published_time":"2012-08-09T08:30:16+00:00","og_image":[{"url":"http:\/\/www.quersaberpolitica.com.br\/2016\/wp-content\/uploads\/2012\/12\/blogqspfestajunina.jpg","type":"","width":"","height":""}],"twitter_card":"summary_large_image","twitter_misc":{"Est. tempo de leitura":"4 minutos"},"schema":{"@context":"https:\/\/schema.org","@graph":[{"@type":"Article","@id":"https:\/\/blogdofarnesio.com.br\/?p=16429#article","isPartOf":{"@id":"https:\/\/blogdofarnesio.com.br\/?p=16429"},"author":{"name":"","@id":""},"headline":"Denuncia: S\u00e3o Jo\u00e3o de Petrolina foi promovido por empresas fantasmas","datePublished":"2012-08-09T08:30:16+00:00","mainEntityOfPage":{"@id":"https:\/\/blogdofarnesio.com.br\/?p=16429"},"wordCount":819,"commentCount":0,"publisher":{"@id":"https:\/\/blogdofarnesio.com.br\/#organization"},"image":{"@id":"https:\/\/blogdofarnesio.com.br\/?p=16429#primaryimage"},"thumbnailUrl":"http:\/\/www.quersaberpolitica.com.br\/2016\/wp-content\/uploads\/2012\/12\/blogqspfestajunina.jpg","articleSection":["Justi\u00e7a"],"inLanguage":"pt-BR","potentialAction":[{"@type":"CommentAction","name":"Comment","target":["https:\/\/blogdofarnesio.com.br\/?p=16429#respond"]}]},{"@type":"WebPage","@id":"https:\/\/blogdofarnesio.com.br\/?p=16429","url":"https:\/\/blogdofarnesio.com.br\/?p=16429","name":"Denuncia: S\u00e3o Jo\u00e3o de Petrolina foi promovido por empresas fantasmas - Blog do Farn\u00e9sio","isPartOf":{"@id":"https:\/\/blogdofarnesio.com.br\/#website"},"primaryImageOfPage":{"@id":"https:\/\/blogdofarnesio.com.br\/?p=16429#primaryimage"},"image":{"@id":"https:\/\/blogdofarnesio.com.br\/?p=16429#primaryimage"},"thumbnailUrl":"http:\/\/www.quersaberpolitica.com.br\/2016\/wp-content\/uploads\/2012\/12\/blogqspfestajunina.jpg","datePublished":"2012-08-09T08:30:16+00:00","breadcrumb":{"@id":"https:\/\/blogdofarnesio.com.br\/?p=16429#breadcrumb"},"inLanguage":"pt-BR","potentialAction":[{"@type":"ReadAction","target":["https:\/\/blogdofarnesio.com.br\/?p=16429"]}]},{"@type":"ImageObject","inLanguage":"pt-BR","@id":"https:\/\/blogdofarnesio.com.br\/?p=16429#primaryimage","url":"http:\/\/www.quersaberpolitica.com.br\/2016\/wp-content\/uploads\/2012\/12\/blogqspfestajunina.jpg","contentUrl":"http:\/\/www.quersaberpolitica.com.br\/2016\/wp-content\/uploads\/2012\/12\/blogqspfestajunina.jpg"},{"@type":"BreadcrumbList","@id":"https:\/\/blogdofarnesio.com.br\/?p=16429#breadcrumb","itemListElement":[{"@type":"ListItem","position":1,"name":"In\u00edcio","item":"https:\/\/blogdofarnesio.com.br\/"},{"@type":"ListItem","position":2,"name":"Denuncia: S\u00e3o Jo\u00e3o de Petrolina foi promovido por empresas fantasmas"}]},{"@type":"WebSite","@id":"https:\/\/blogdofarnesio.com.br\/#website","url":"https:\/\/blogdofarnesio.com.br\/","name":"Blog do Farn\u00e9sio","description":"Quer Saber Pol\u00edtica?","publisher":{"@id":"https:\/\/blogdofarnesio.com.br\/#organization"},"potentialAction":[{"@type":"SearchAction","target":{"@type":"EntryPoint","urlTemplate":"https:\/\/blogdofarnesio.com.br\/?s={search_term_string}"},"query-input":{"@type":"PropertyValueSpecification","valueRequired":true,"valueName":"search_term_string"}}],"inLanguage":"pt-BR"},{"@type":"Organization","@id":"https:\/\/blogdofarnesio.com.br\/#organization","name":"Blog do Farn\u00e9sio","url":"https:\/\/blogdofarnesio.com.br\/","logo":{"@type":"ImageObject","inLanguage":"pt-BR","@id":"https:\/\/blogdofarnesio.com.br\/#\/schema\/logo\/image\/","url":"https:\/\/blogdofarnesio.com.br\/wp-content\/uploads\/2026\/03\/cropped-logo_new-1.png","contentUrl":"https:\/\/blogdofarnesio.com.br\/wp-content\/uploads\/2026\/03\/cropped-logo_new-1.png","width":881,"height":685,"caption":"Blog do Farn\u00e9sio"},"image":{"@id":"https:\/\/blogdofarnesio.com.br\/#\/schema\/logo\/image\/"},"sameAs":["https:\/\/www.facebook.com\/BlogQuerSaberPolitica\/"]}]}},"_links":{"self":[{"href":"https:\/\/blogdofarnesio.com.br\/index.php?rest_route=\/wp\/v2\/posts\/16429","targetHints":{"allow":["GET"]}}],"collection":[{"href":"https:\/\/blogdofarnesio.com.br\/index.php?rest_route=\/wp\/v2\/posts"}],"about":[{"href":"https:\/\/blogdofarnesio.com.br\/index.php?rest_route=\/wp\/v2\/types\/post"}],"replies":[{"embeddable":true,"href":"https:\/\/blogdofarnesio.com.br\/index.php?rest_route=%2Fwp%2Fv2%2Fcomments&post=16429"}],"version-history":[{"count":0,"href":"https:\/\/blogdofarnesio.com.br\/index.php?rest_route=\/wp\/v2\/posts\/16429\/revisions"}],"wp:attachment":[{"href":"https:\/\/blogdofarnesio.com.br\/index.php?rest_route=%2Fwp%2Fv2%2Fmedia&parent=16429"}],"wp:term":[{"taxonomy":"category","embeddable":true,"href":"https:\/\/blogdofarnesio.com.br\/index.php?rest_route=%2Fwp%2Fv2%2Fcategories&post=16429"},{"taxonomy":"post_tag","embeddable":true,"href":"https:\/\/blogdofarnesio.com.br\/index.php?rest_route=%2Fwp%2Fv2%2Ftags&post=16429"}],"curies":[{"name":"wp","href":"https:\/\/api.w.org\/{rel}","templated":true}]}}