{"id":16422,"date":"2012-08-09T14:17:22","date_gmt":"2012-08-09T14:17:22","guid":{"rendered":"http:\/\/www.quersaberpolitica.com.br?p=16422"},"modified":"-0001-11-30T00:00:00","modified_gmt":"-0001-11-30T03:00:00","slug":"educacao-alunos-da-terceira-idade-retornam-as-salas-de-aula","status":"publish","type":"post","link":"https:\/\/blogdofarnesio.com.br\/2012\/08\/educacao-alunos-da-terceira-idade-retornam-as-salas-de-aula\/","title":{"rendered":"Educa\u00e7\u00e3o: Alunos da terceira idade retornam \u00e0s salas de aula"},"content":{"rendered":"<p>&nbsp;<\/p>\n<p style=\"text-align: justify;\"><a rel=\"lightbox\" href=\"http:\/\/www.quersaberpolitica.com.br\/2016\/wp-content\/uploads\/2012\/12\/blogqsp.ferroigeprev.jpg\"><img loading=\"lazy\" decoding=\"async\" style=\"float: left; margin: 5px 10px;\" src=\"http:\/\/www.quersaberpolitica.com.br\/2016\/wp-content\/uploads\/2012\/12\/blogqsp.ferroigeprev.jpg\" alt=\"\" width=\"200\" height=\"143\" \/><br \/><\/a><span style=\"font-family: arial, helvetica, sans-serif; font-size: medium;\">Os olhos atentos e o sorriso largo denunciam o entusiasmo com o primeiro dia de aula. Mas n&atilde;o &eacute; qualquer aula rotineira. As duas turmas com aproximadamente 80 alunos tem diferenciais. S&atilde;o estudantes que carregam conhecimentos da vida nos cabelos grisalhos e experi&ecirc;ncias incr&iacute;veis nos rostos marcados com as linhas do tempo. &Eacute; a aula inaugural da Faculdade Aberta a Terceira dade (FATI), que aconteceu na manh&atilde; de hoje (08) na biblioteca da Facape e tem parceria com o Instituto de Gest&atilde;o Previd&ecirc;nci&aacute;ria (IGEPREV).<\/span><\/p>\n<p style=\"text-align: justify;\"><span style=\"font-size: medium;\"><span style=\"font-family: arial, helvetica, sans-serif;\">Os participantes, que tem idade m&iacute;nima de 50 anos, aprendem No&ccedil;&otilde;es de Inform&aacute;tica e No&ccedil;&otilde;es de Direito e Turismo. A grande maioria afirma est&aacute; entediada com a rotina em casa e querer novas experi&ecirc;ncias, como &eacute; o caso de dona Eliza Bezerra de 79 anos. &#8220;Eu acredito que temos de viver intensamente at&eacute; o nosso &uacute;ltimo dia de vida. Eu j&aacute; me casei cinco vezes e, como estou vi&uacute;va, j&aacute; procuro mais um marido. N&atilde;o tenho fam&iacute;lia aqui e preciso de contato com pessoas e sei que vou encontrar no curso. Precisamos de novas experi&ecirc;ncias e sair da rotina de casa. Nunca cansei de estudar e acredito que todos n&oacute;s da melhor idade temos de pensar assim&#8221;, enalteceu a aposentada. Dona Eliza, atualmente, est&aacute; escrevendo um livro que conta a hist&oacute;ria de sua vida e vai usar os novos conhecimentos adquiridos com o curso para terminar sua publica&ccedil;&atilde;o. &#8220;Eu escrevo sobre a hist&oacute;ria de uma mulher que tem muitas li&ccedil;&otilde;es de vida para passar. Com as no&ccedil;&otilde;es de inform&aacute;tica que vou adquirir no curso vou poder escrever meu livro sem pedir ajuda de outras pessoas&#8221;, explicou.<br \/>Outro caso curiosos &eacute; o de dona Lusinete Cavalcanti de 61 anos. A aposentada j&aacute; tem n&iacute;vel superior completo e mesmo assim, alega que conhecimento nunca &eacute; o bastante. &#8220;Entrei no curso por curiosidade e vontade de aprender cada vez mais. Nessa idade a gente se sente uma eterna adolescente e procuramos sempre novas experi&ecirc;ncias. Isso faz bem pra gente e nos d&aacute; mais vontade de viver. Com o curso posso at&eacute; mesmo orientar outras pessoas e passar para elas o que aprendo aqui&#8221;, enalteceu. A jornalista e colunista de 79 anos, Inah Torres, acredita que o curso oferece a oportunidade de inclus&atilde;o social para as pessoas de melhor idade. &#8221; Muitos acreditam que depois dos 60 o que temos de fazer &eacute; apenas ficar em casa esperando a morte chegar, enquanto ainda temos muito o que viver&#8221;, esclareceu Inah.<\/span><\/span><\/p>\n<p style=\"text-align: justify;\"><span style=\"font-size: medium;\"><span style=\"font-family: arial, helvetica, sans-serif;\">Para Emmanuel Ferro, diretor presidente do IGEPREV, o FATI &eacute; um trabalho de colabora&ccedil;&atilde;o social. &#8220;Estamos investindo na terceira idade, que ali&aacute;s &eacute; a melhor idade, porque acreditamos que sempre h&aacute; muito o que se aprender&#8221;, ressalta. O diretor acad&ecirc;mico da Facape, Ant&ocirc;nio Habib, acredita que envelhecer representa desenvolver-se e colocar em pr&aacute;tica tudo o que se aprendeu. &#8220;Os alunos da FATI podem desenvolver suas habilidades que muitas vezes se perdem por falta de oportunidades. Estudar e conhecer novas pessoas &eacute; muita importante em qualquer idade. Queremos que eles coloquem em pr&aacute;tica tudo o que aprenderem&#8221;, esclareceu.<br \/>A coordenadora do projeto, a professora Tereza Cristina, explicou que atrav&eacute;s da educa&ccedil;&atilde;o, os alunos da FATI est&atilde;o exercendo seus direitos de cidadania. &#8220;A partir de agora nossos idosos n&atilde;o ficar&atilde;o restritos e limitados &agrave;s suas atividades rotin&aacute;rias. N&atilde;o vamos parar nessa turma, temos professores capacitados e com muita experi&ecirc;ncia, pois pretendemos ver nossos alunos exercendo sua cidadania&#8221;, explicou Tereza.<br \/>A aula inaugural contou com uma palestra do professor Alessandro Britto que tem como tema &#8220;Profissionais que d&atilde;o show &#8211; uma maneira criativa e humorada de estimular pessoas e manter equipes motivadas. As aulas acontecer&atilde;o as ter&ccedil;as e quinta-feiras &agrave;s 9h com turmas de Turismo e Direito respectivamente.<\/span><\/span><\/p>\n<p style=\"text-align: justify;\"><span style=\"font-size: medium;\"><span style=\"font-family: arial, helvetica, sans-serif;\"><br \/><\/span><\/span><\/p>\n<p>&nbsp;<\/p>\n","protected":false},"excerpt":{"rendered":"<p>&nbsp; Os olhos atentos e o sorriso largo denunciam o entusiasmo com o primeiro dia de aula. Mas n&atilde;o &eacute; qualquer aula rotineira. As duas turmas com aproximadamente 80 alunos tem diferenciais. S&atilde;o estudantes que carregam conhecimentos da vida nos cabelos grisalhos e experi&ecirc;ncias incr&iacute;veis nos rostos marcados com as linhas do tempo. &Eacute; a aula inaugural da Faculdade Aberta a Terceira dade (FATI), que aconteceu na manh&atilde; de hoje (08) na biblioteca da Facape e tem parceria com o Instituto de Gest&atilde;o Previd&ecirc;nci&aacute;ria (IGEPREV). Os participantes, que tem idade m&iacute;nima de 50 anos, aprendem No&ccedil;&otilde;es de Inform&aacute;tica e No&ccedil;&otilde;es de Direito e Turismo. A grande maioria afirma est&aacute; entediada com a rotina em casa e querer novas experi&ecirc;ncias, como&hellip; <\/p>\n","protected":false},"author":0,"featured_media":0,"comment_status":"open","ping_status":"open","sticky":false,"template":"","format":"standard","meta":{"_acf_changed":false,"footnotes":""},"categories":[43],"tags":[],"class_list":["post-16422","post","type-post","status-publish","format-standard","hentry","category-sem-categoria"],"acf":[],"yoast_head":"<!-- This site is optimized with the Yoast SEO plugin v27.5 - https:\/\/yoast.com\/product\/yoast-seo-wordpress\/ -->\n<title>Educa\u00e7\u00e3o: Alunos da terceira idade retornam \u00e0s salas de aula  - Blog do Farn\u00e9sio<\/title>\n<meta name=\"robots\" content=\"index, follow, max-snippet:-1, max-image-preview:large, max-video-preview:-1\" \/>\n<link rel=\"canonical\" href=\"https:\/\/blogdofarnesio.com.br\/2012\/08\/educacao-alunos-da-terceira-idade-retornam-as-salas-de-aula\/\" \/>\n<meta property=\"og:locale\" content=\"pt_BR\" \/>\n<meta property=\"og:type\" content=\"article\" \/>\n<meta property=\"og:title\" content=\"Educa\u00e7\u00e3o: Alunos da terceira idade retornam \u00e0s salas de aula  - Blog do Farn\u00e9sio\" \/>\n<meta property=\"og:description\" content=\"&nbsp; Os olhos atentos e o sorriso largo denunciam o entusiasmo com o primeiro dia de aula. Mas n&atilde;o &eacute; qualquer aula rotineira. As duas turmas com aproximadamente 80 alunos tem diferenciais. S&atilde;o estudantes que carregam conhecimentos da vida nos cabelos grisalhos e experi&ecirc;ncias incr&iacute;veis nos rostos marcados com as linhas do tempo. &Eacute; a aula inaugural da Faculdade Aberta a Terceira dade (FATI), que aconteceu na manh&atilde; de hoje (08) na biblioteca da Facape e tem parceria com o Instituto de Gest&atilde;o Previd&ecirc;nci&aacute;ria (IGEPREV). Os participantes, que tem idade m&iacute;nima de 50 anos, aprendem No&ccedil;&otilde;es de Inform&aacute;tica e No&ccedil;&otilde;es de Direito e Turismo. A grande maioria afirma est&aacute; entediada com a rotina em casa e querer novas experi&ecirc;ncias, como&hellip;\" \/>\n<meta property=\"og:url\" content=\"https:\/\/blogdofarnesio.com.br\/2012\/08\/educacao-alunos-da-terceira-idade-retornam-as-salas-de-aula\/\" \/>\n<meta property=\"og:site_name\" content=\"Blog do Farn\u00e9sio\" \/>\n<meta property=\"article:publisher\" content=\"https:\/\/www.facebook.com\/BlogQuerSaberPolitica\/\" \/>\n<meta property=\"article:published_time\" content=\"2012-08-09T14:17:22+00:00\" \/>\n<meta property=\"og:image\" content=\"http:\/\/www.quersaberpolitica.com.br\/2016\/wp-content\/uploads\/2012\/12\/blogqsp.ferroigeprev.jpg\" \/>\n<meta name=\"twitter:card\" content=\"summary_large_image\" \/>\n<meta name=\"twitter:label1\" content=\"Est. tempo de leitura\" \/>\n\t<meta name=\"twitter:data1\" content=\"4 minutos\" \/>\n<script type=\"application\/ld+json\" class=\"yoast-schema-graph\">{\"@context\":\"https:\\\/\\\/schema.org\",\"@graph\":[{\"@type\":\"Article\",\"@id\":\"https:\\\/\\\/blogdofarnesio.com.br\\\/2012\\\/08\\\/educacao-alunos-da-terceira-idade-retornam-as-salas-de-aula\\\/#article\",\"isPartOf\":{\"@id\":\"https:\\\/\\\/blogdofarnesio.com.br\\\/2012\\\/08\\\/educacao-alunos-da-terceira-idade-retornam-as-salas-de-aula\\\/\"},\"author\":{\"name\":\"\",\"@id\":\"\"},\"headline\":\"Educa\u00e7\u00e3o: Alunos da terceira idade retornam \u00e0s salas de aula\",\"datePublished\":\"2012-08-09T14:17:22+00:00\",\"mainEntityOfPage\":{\"@id\":\"https:\\\/\\\/blogdofarnesio.com.br\\\/2012\\\/08\\\/educacao-alunos-da-terceira-idade-retornam-as-salas-de-aula\\\/\"},\"wordCount\":726,\"commentCount\":0,\"publisher\":{\"@id\":\"https:\\\/\\\/blogdofarnesio.com.br\\\/#organization\"},\"image\":{\"@id\":\"https:\\\/\\\/blogdofarnesio.com.br\\\/2012\\\/08\\\/educacao-alunos-da-terceira-idade-retornam-as-salas-de-aula\\\/#primaryimage\"},\"thumbnailUrl\":\"http:\\\/\\\/www.quersaberpolitica.com.br\\\/2016\\\/wp-content\\\/uploads\\\/2012\\\/12\\\/blogqsp.ferroigeprev.jpg\",\"inLanguage\":\"pt-BR\",\"potentialAction\":[{\"@type\":\"CommentAction\",\"name\":\"Comment\",\"target\":[\"https:\\\/\\\/blogdofarnesio.com.br\\\/2012\\\/08\\\/educacao-alunos-da-terceira-idade-retornam-as-salas-de-aula\\\/#respond\"]}]},{\"@type\":\"WebPage\",\"@id\":\"https:\\\/\\\/blogdofarnesio.com.br\\\/2012\\\/08\\\/educacao-alunos-da-terceira-idade-retornam-as-salas-de-aula\\\/\",\"url\":\"https:\\\/\\\/blogdofarnesio.com.br\\\/2012\\\/08\\\/educacao-alunos-da-terceira-idade-retornam-as-salas-de-aula\\\/\",\"name\":\"Educa\u00e7\u00e3o: Alunos da terceira idade retornam \u00e0s salas de aula - Blog do Farn\u00e9sio\",\"isPartOf\":{\"@id\":\"https:\\\/\\\/blogdofarnesio.com.br\\\/#website\"},\"primaryImageOfPage\":{\"@id\":\"https:\\\/\\\/blogdofarnesio.com.br\\\/2012\\\/08\\\/educacao-alunos-da-terceira-idade-retornam-as-salas-de-aula\\\/#primaryimage\"},\"image\":{\"@id\":\"https:\\\/\\\/blogdofarnesio.com.br\\\/2012\\\/08\\\/educacao-alunos-da-terceira-idade-retornam-as-salas-de-aula\\\/#primaryimage\"},\"thumbnailUrl\":\"http:\\\/\\\/www.quersaberpolitica.com.br\\\/2016\\\/wp-content\\\/uploads\\\/2012\\\/12\\\/blogqsp.ferroigeprev.jpg\",\"datePublished\":\"2012-08-09T14:17:22+00:00\",\"breadcrumb\":{\"@id\":\"https:\\\/\\\/blogdofarnesio.com.br\\\/2012\\\/08\\\/educacao-alunos-da-terceira-idade-retornam-as-salas-de-aula\\\/#breadcrumb\"},\"inLanguage\":\"pt-BR\",\"potentialAction\":[{\"@type\":\"ReadAction\",\"target\":[\"https:\\\/\\\/blogdofarnesio.com.br\\\/2012\\\/08\\\/educacao-alunos-da-terceira-idade-retornam-as-salas-de-aula\\\/\"]}]},{\"@type\":\"ImageObject\",\"inLanguage\":\"pt-BR\",\"@id\":\"https:\\\/\\\/blogdofarnesio.com.br\\\/2012\\\/08\\\/educacao-alunos-da-terceira-idade-retornam-as-salas-de-aula\\\/#primaryimage\",\"url\":\"http:\\\/\\\/www.quersaberpolitica.com.br\\\/2016\\\/wp-content\\\/uploads\\\/2012\\\/12\\\/blogqsp.ferroigeprev.jpg\",\"contentUrl\":\"http:\\\/\\\/www.quersaberpolitica.com.br\\\/2016\\\/wp-content\\\/uploads\\\/2012\\\/12\\\/blogqsp.ferroigeprev.jpg\"},{\"@type\":\"BreadcrumbList\",\"@id\":\"https:\\\/\\\/blogdofarnesio.com.br\\\/2012\\\/08\\\/educacao-alunos-da-terceira-idade-retornam-as-salas-de-aula\\\/#breadcrumb\",\"itemListElement\":[{\"@type\":\"ListItem\",\"position\":1,\"name\":\"In\u00edcio\",\"item\":\"https:\\\/\\\/blogdofarnesio.com.br\\\/\"},{\"@type\":\"ListItem\",\"position\":2,\"name\":\"Educa\u00e7\u00e3o: Alunos da terceira idade retornam \u00e0s salas de aula\"}]},{\"@type\":\"WebSite\",\"@id\":\"https:\\\/\\\/blogdofarnesio.com.br\\\/#website\",\"url\":\"https:\\\/\\\/blogdofarnesio.com.br\\\/\",\"name\":\"Blog do Farn\u00e9sio\",\"description\":\"Quer Saber Pol\u00edtica?\",\"publisher\":{\"@id\":\"https:\\\/\\\/blogdofarnesio.com.br\\\/#organization\"},\"potentialAction\":[{\"@type\":\"SearchAction\",\"target\":{\"@type\":\"EntryPoint\",\"urlTemplate\":\"https:\\\/\\\/blogdofarnesio.com.br\\\/?s={search_term_string}\"},\"query-input\":{\"@type\":\"PropertyValueSpecification\",\"valueRequired\":true,\"valueName\":\"search_term_string\"}}],\"inLanguage\":\"pt-BR\"},{\"@type\":\"Organization\",\"@id\":\"https:\\\/\\\/blogdofarnesio.com.br\\\/#organization\",\"name\":\"Blog do Farn\u00e9sio\",\"url\":\"https:\\\/\\\/blogdofarnesio.com.br\\\/\",\"logo\":{\"@type\":\"ImageObject\",\"inLanguage\":\"pt-BR\",\"@id\":\"https:\\\/\\\/blogdofarnesio.com.br\\\/#\\\/schema\\\/logo\\\/image\\\/\",\"url\":\"https:\\\/\\\/blogdofarnesio.com.br\\\/wp-content\\\/uploads\\\/2026\\\/03\\\/cropped-logo_new-1.png\",\"contentUrl\":\"https:\\\/\\\/blogdofarnesio.com.br\\\/wp-content\\\/uploads\\\/2026\\\/03\\\/cropped-logo_new-1.png\",\"width\":881,\"height\":685,\"caption\":\"Blog do Farn\u00e9sio\"},\"image\":{\"@id\":\"https:\\\/\\\/blogdofarnesio.com.br\\\/#\\\/schema\\\/logo\\\/image\\\/\"},\"sameAs\":[\"https:\\\/\\\/www.facebook.com\\\/BlogQuerSaberPolitica\\\/\"]}]}<\/script>\n<!-- \/ Yoast SEO plugin. -->","yoast_head_json":{"title":"Educa\u00e7\u00e3o: Alunos da terceira idade retornam \u00e0s salas de aula  - Blog do Farn\u00e9sio","robots":{"index":"index","follow":"follow","max-snippet":"max-snippet:-1","max-image-preview":"max-image-preview:large","max-video-preview":"max-video-preview:-1"},"canonical":"https:\/\/blogdofarnesio.com.br\/2012\/08\/educacao-alunos-da-terceira-idade-retornam-as-salas-de-aula\/","og_locale":"pt_BR","og_type":"article","og_title":"Educa\u00e7\u00e3o: Alunos da terceira idade retornam \u00e0s salas de aula  - Blog do Farn\u00e9sio","og_description":"&nbsp; Os olhos atentos e o sorriso largo denunciam o entusiasmo com o primeiro dia de aula. Mas n&atilde;o &eacute; qualquer aula rotineira. As duas turmas com aproximadamente 80 alunos tem diferenciais. S&atilde;o estudantes que carregam conhecimentos da vida nos cabelos grisalhos e experi&ecirc;ncias incr&iacute;veis nos rostos marcados com as linhas do tempo. &Eacute; a aula inaugural da Faculdade Aberta a Terceira dade (FATI), que aconteceu na manh&atilde; de hoje (08) na biblioteca da Facape e tem parceria com o Instituto de Gest&atilde;o Previd&ecirc;nci&aacute;ria (IGEPREV). Os participantes, que tem idade m&iacute;nima de 50 anos, aprendem No&ccedil;&otilde;es de Inform&aacute;tica e No&ccedil;&otilde;es de Direito e Turismo. A grande maioria afirma est&aacute; entediada com a rotina em casa e querer novas experi&ecirc;ncias, como&hellip;","og_url":"https:\/\/blogdofarnesio.com.br\/2012\/08\/educacao-alunos-da-terceira-idade-retornam-as-salas-de-aula\/","og_site_name":"Blog do Farn\u00e9sio","article_publisher":"https:\/\/www.facebook.com\/BlogQuerSaberPolitica\/","article_published_time":"2012-08-09T14:17:22+00:00","og_image":[{"url":"http:\/\/www.quersaberpolitica.com.br\/2016\/wp-content\/uploads\/2012\/12\/blogqsp.ferroigeprev.jpg","type":"","width":"","height":""}],"twitter_card":"summary_large_image","twitter_misc":{"Est. tempo de leitura":"4 minutos"},"schema":{"@context":"https:\/\/schema.org","@graph":[{"@type":"Article","@id":"https:\/\/blogdofarnesio.com.br\/2012\/08\/educacao-alunos-da-terceira-idade-retornam-as-salas-de-aula\/#article","isPartOf":{"@id":"https:\/\/blogdofarnesio.com.br\/2012\/08\/educacao-alunos-da-terceira-idade-retornam-as-salas-de-aula\/"},"author":{"name":"","@id":""},"headline":"Educa\u00e7\u00e3o: Alunos da terceira idade retornam \u00e0s salas de aula","datePublished":"2012-08-09T14:17:22+00:00","mainEntityOfPage":{"@id":"https:\/\/blogdofarnesio.com.br\/2012\/08\/educacao-alunos-da-terceira-idade-retornam-as-salas-de-aula\/"},"wordCount":726,"commentCount":0,"publisher":{"@id":"https:\/\/blogdofarnesio.com.br\/#organization"},"image":{"@id":"https:\/\/blogdofarnesio.com.br\/2012\/08\/educacao-alunos-da-terceira-idade-retornam-as-salas-de-aula\/#primaryimage"},"thumbnailUrl":"http:\/\/www.quersaberpolitica.com.br\/2016\/wp-content\/uploads\/2012\/12\/blogqsp.ferroigeprev.jpg","inLanguage":"pt-BR","potentialAction":[{"@type":"CommentAction","name":"Comment","target":["https:\/\/blogdofarnesio.com.br\/2012\/08\/educacao-alunos-da-terceira-idade-retornam-as-salas-de-aula\/#respond"]}]},{"@type":"WebPage","@id":"https:\/\/blogdofarnesio.com.br\/2012\/08\/educacao-alunos-da-terceira-idade-retornam-as-salas-de-aula\/","url":"https:\/\/blogdofarnesio.com.br\/2012\/08\/educacao-alunos-da-terceira-idade-retornam-as-salas-de-aula\/","name":"Educa\u00e7\u00e3o: Alunos da terceira idade retornam \u00e0s salas de aula - Blog do Farn\u00e9sio","isPartOf":{"@id":"https:\/\/blogdofarnesio.com.br\/#website"},"primaryImageOfPage":{"@id":"https:\/\/blogdofarnesio.com.br\/2012\/08\/educacao-alunos-da-terceira-idade-retornam-as-salas-de-aula\/#primaryimage"},"image":{"@id":"https:\/\/blogdofarnesio.com.br\/2012\/08\/educacao-alunos-da-terceira-idade-retornam-as-salas-de-aula\/#primaryimage"},"thumbnailUrl":"http:\/\/www.quersaberpolitica.com.br\/2016\/wp-content\/uploads\/2012\/12\/blogqsp.ferroigeprev.jpg","datePublished":"2012-08-09T14:17:22+00:00","breadcrumb":{"@id":"https:\/\/blogdofarnesio.com.br\/2012\/08\/educacao-alunos-da-terceira-idade-retornam-as-salas-de-aula\/#breadcrumb"},"inLanguage":"pt-BR","potentialAction":[{"@type":"ReadAction","target":["https:\/\/blogdofarnesio.com.br\/2012\/08\/educacao-alunos-da-terceira-idade-retornam-as-salas-de-aula\/"]}]},{"@type":"ImageObject","inLanguage":"pt-BR","@id":"https:\/\/blogdofarnesio.com.br\/2012\/08\/educacao-alunos-da-terceira-idade-retornam-as-salas-de-aula\/#primaryimage","url":"http:\/\/www.quersaberpolitica.com.br\/2016\/wp-content\/uploads\/2012\/12\/blogqsp.ferroigeprev.jpg","contentUrl":"http:\/\/www.quersaberpolitica.com.br\/2016\/wp-content\/uploads\/2012\/12\/blogqsp.ferroigeprev.jpg"},{"@type":"BreadcrumbList","@id":"https:\/\/blogdofarnesio.com.br\/2012\/08\/educacao-alunos-da-terceira-idade-retornam-as-salas-de-aula\/#breadcrumb","itemListElement":[{"@type":"ListItem","position":1,"name":"In\u00edcio","item":"https:\/\/blogdofarnesio.com.br\/"},{"@type":"ListItem","position":2,"name":"Educa\u00e7\u00e3o: Alunos da terceira idade retornam \u00e0s salas de aula"}]},{"@type":"WebSite","@id":"https:\/\/blogdofarnesio.com.br\/#website","url":"https:\/\/blogdofarnesio.com.br\/","name":"Blog do Farn\u00e9sio","description":"Quer Saber Pol\u00edtica?","publisher":{"@id":"https:\/\/blogdofarnesio.com.br\/#organization"},"potentialAction":[{"@type":"SearchAction","target":{"@type":"EntryPoint","urlTemplate":"https:\/\/blogdofarnesio.com.br\/?s={search_term_string}"},"query-input":{"@type":"PropertyValueSpecification","valueRequired":true,"valueName":"search_term_string"}}],"inLanguage":"pt-BR"},{"@type":"Organization","@id":"https:\/\/blogdofarnesio.com.br\/#organization","name":"Blog do Farn\u00e9sio","url":"https:\/\/blogdofarnesio.com.br\/","logo":{"@type":"ImageObject","inLanguage":"pt-BR","@id":"https:\/\/blogdofarnesio.com.br\/#\/schema\/logo\/image\/","url":"https:\/\/blogdofarnesio.com.br\/wp-content\/uploads\/2026\/03\/cropped-logo_new-1.png","contentUrl":"https:\/\/blogdofarnesio.com.br\/wp-content\/uploads\/2026\/03\/cropped-logo_new-1.png","width":881,"height":685,"caption":"Blog do Farn\u00e9sio"},"image":{"@id":"https:\/\/blogdofarnesio.com.br\/#\/schema\/logo\/image\/"},"sameAs":["https:\/\/www.facebook.com\/BlogQuerSaberPolitica\/"]}]}},"_links":{"self":[{"href":"https:\/\/blogdofarnesio.com.br\/wp-json\/wp\/v2\/posts\/16422","targetHints":{"allow":["GET"]}}],"collection":[{"href":"https:\/\/blogdofarnesio.com.br\/wp-json\/wp\/v2\/posts"}],"about":[{"href":"https:\/\/blogdofarnesio.com.br\/wp-json\/wp\/v2\/types\/post"}],"replies":[{"embeddable":true,"href":"https:\/\/blogdofarnesio.com.br\/wp-json\/wp\/v2\/comments?post=16422"}],"version-history":[{"count":0,"href":"https:\/\/blogdofarnesio.com.br\/wp-json\/wp\/v2\/posts\/16422\/revisions"}],"wp:attachment":[{"href":"https:\/\/blogdofarnesio.com.br\/wp-json\/wp\/v2\/media?parent=16422"}],"wp:term":[{"taxonomy":"category","embeddable":true,"href":"https:\/\/blogdofarnesio.com.br\/wp-json\/wp\/v2\/categories?post=16422"},{"taxonomy":"post_tag","embeddable":true,"href":"https:\/\/blogdofarnesio.com.br\/wp-json\/wp\/v2\/tags?post=16422"}],"curies":[{"name":"wp","href":"https:\/\/api.w.org\/{rel}","templated":true}]}}