{"id":164002,"date":"2017-04-19T13:00:25","date_gmt":"2017-04-19T16:00:25","guid":{"rendered":"http:\/\/quersaberpolitica.com.br\/2016\/?p=164002"},"modified":"2017-04-19T10:37:49","modified_gmt":"2017-04-19T13:37:49","slug":"senador-fernando-bezerra-defende-reforma-administrativa-para-racionalizar-carreiras","status":"publish","type":"post","link":"https:\/\/blogdofarnesio.com.br\/?p=164002","title":{"rendered":"SENADOR FERNANDO BEZERRA DEFENDE REFORMA ADMINISTRATIVA PARA \u201cRACIONALIZAR\u201d CARREIRAS"},"content":{"rendered":"<p style=\"text-align: justify;\">A comiss\u00e3o mista do Congresso Nacional que analisa a Medida Provis\u00f3ria 765\/2016 (CMMPV 765) realizou ontem (18), duas audi\u00eancias p\u00fablicas para o aprimoramento do texto da MP, que reorganiza cargos e carreiras do Executivo federal. Durante o debate do per\u00edodo da tarde \u2013 com a participa\u00e7\u00e3o do ministro do Planejamento, Dyogo Oliveira \u2013 o senador Fernando Bezerra Coelho (PSB-PE), relator da mat\u00e9ria, contextualizou a discuss\u00e3o da MP 765 com o momento fiscal do pa\u00eds: \u201cDe grande dificuldade econ\u00f4mica\u201d. E defendeu que o governo apresente, ao Congresso, uma proposta de Reforma Administrativa para a racionaliza\u00e7\u00e3o das carreiras.<\/p>\n<p style=\"text-align: justify;\">\u201c\u00c9 imposs\u00edvel atender aos interesses de mais de 270 carreiras\u201d, avaliou Fernando Bezerra, cuja previs\u00e3o \u00e9 apresentar o relat\u00f3rio para vota\u00e7\u00e3o no colegiado at\u00e9 quarta-feira da pr\u00f3xima semana (26). Ao observar que ele esteve permanentemente aberto ao di\u00e1logo tanto com as diferentes representa\u00e7\u00f5es dos servidores abrangidos pela medida provis\u00f3ria como tamb\u00e9m com o governo, o senador adiantou: \u201cO objetivo \u00e9 chegarmos a um texto final que esteja dentro das possibilidades or\u00e7ament\u00e1rias e que resulte no aumento da efici\u00eancia dos servi\u00e7os prestados \u00e0 popula\u00e7\u00e3o\u201d.<\/p>\n<p style=\"text-align: justify;\">A Medida Provis\u00f3ria 765 estabelece regras para ajustes na remunera\u00e7\u00e3o de 11 carreiras do Executivo. Entre elas, de auditores fiscais da Receita Federal e do Trabalho; peritos m\u00e9dicos previdenci\u00e1rios; carreiras de Infraestrutura; diplomatas, oficiais e assistentes de chancelaria do Minist\u00e9rio das Rela\u00e7\u00f5es Exteriores; e policiais civis dos ex-territ\u00f3rios (Acre, Amap\u00e1, Rond\u00f4nia e Roraima). Editada pelo governo no final do ano passado, a medida pretende valorizar categorias que receberam reajustes abaixo da infla\u00e7\u00e3o, nos \u00faltimos seis anos.<\/p>\n<p style=\"text-align: justify;\">\u201cH\u00e1 casos de carreiras \u2013 como a dos auditores fiscais \u2013 que v\u00eam sofrendo extrema desvaloriza\u00e7\u00e3o ao longo dos anos\u201d, afirmou Fernando Bezerra. \u201cSitua\u00e7\u00f5es como estas precisam ser corrigidas, da forma adequada, para evitarmos, inclusive, o aumento de crimes relacionados \u00e0 arrecada\u00e7\u00e3o tribut\u00e1ria, como a sonega\u00e7\u00e3o fiscal e o descaminho\u201d, completou o relator.<\/p>\n<p style=\"text-align: justify;\">PRUD\u00caNCIA \u2013 Na audi\u00eancia p\u00fablica realizada nesta manh\u00e3, a CMMPV 765 ouviu as considera\u00e7\u00f5es de 13 entidades representativas, como os sindicatos nacionais dos Auditores Fiscais da Receita Federal do Brasil e dos Servidores do Minist\u00e9rio do Itamaraty, da Uni\u00e3o Nacional dos Auditores do SUS e da Associa\u00e7\u00e3o dos Fiscais de Tributos do Ex-Territ\u00f3rio Federal de Roraima. \u00c0 tarde, o ministro Dyogo Oliveira apresentou dados que mostraram as atuais despesas do governo federal com o pagamento de servidores ativos e aposentados.<\/p>\n<p style=\"text-align: justify;\">\u201cHoje, h\u00e1 uma divis\u00e3o equivocada do gasto p\u00fablico, que n\u00e3o reflete as necessidades da popula\u00e7\u00e3o\u201d, afirmou. Conforme destacou o ministro, o pa\u00eds vive um processo de forte ajuste da economia. \u201cPortanto, \u00e9 preciso ter prud\u00eancia\u201d, enfatizou o ministro.<\/p>\n<p style=\"text-align: justify;\">Segundo Oliveira, as despesas com pagamento de servidores ativos e inativos chega a R$ 258 bilh\u00f5es anuais. Enquanto isso, os gastos com Educa\u00e7\u00e3o, Sa\u00fade e o Programa de Acelera\u00e7\u00e3o do Crescimento (PAC) somam, por ano, R$ 35 bi, R$ 100 bi e R$ 42 bi, respectivamente. \u201cA proposta do governo ao editar a MP 765 foi incentivar os servidores abrangidos pela medida a terem maior dedica\u00e7\u00e3o e cumprirem metas institucionais para, com isso, podermos melhorar a efici\u00eancia dos \u00f3rg\u00e3os p\u00fablicos e a qualidade dos servi\u00e7os oferecidos \u00e0 sociedade\u201d, acrescentou o ministro.<\/p>\n<p style=\"text-align: justify;\">O deputado Leonardo Quint\u00e3o (PMDB-MG) compareceu \u00e0 audi\u00eancia p\u00fablica com o ministro do Planejamento. O parlamentar elogiou o relator Fernando Bezerra e tamb\u00e9m Dyogo Oliveira. \u201cPela transpar\u00eancia e abertura ao di\u00e1logo\u201d, disse.<\/p>\n<p style=\"text-align: justify;\">A CMMPV 765 \u00e9 presidida pelo deputado Hiran Gon\u00e7alves (PP-RR). O relator \u00e9 o senador Fernando Bezerra Coelho e o relator-revisor \u00e9 o deputado Covatti Filho (PP-RS). Depois de aprovado pelo colegiado, o texto substitutivo ser\u00e1 submetido \u00e0 vota\u00e7\u00e3o no Plen\u00e1rio da C\u00e2mara e, em seguida, no Plen\u00e1rio do Senado.<\/p>\n","protected":false},"excerpt":{"rendered":"<p>A comiss\u00e3o mista do Congresso Nacional que analisa a Medida Provis\u00f3ria 765\/2016 (CMMPV 765) realizou ontem (18), duas audi\u00eancias p\u00fablicas para o aprimoramento do texto da MP, que reorganiza cargos e carreiras do Executivo federal. Durante o debate do per\u00edodo da tarde \u2013 com a participa\u00e7\u00e3o do ministro do Planejamento, Dyogo Oliveira \u2013 o senador Fernando Bezerra Coelho (PSB-PE), relator da mat\u00e9ria, contextualizou a discuss\u00e3o da MP 765 com o momento fiscal do pa\u00eds: \u201cDe grande dificuldade econ\u00f4mica\u201d. E defendeu que o governo apresente, ao Congresso, uma proposta de Reforma Administrativa para a racionaliza\u00e7\u00e3o das carreiras. \u201c\u00c9 imposs\u00edvel atender aos interesses de mais de 270 carreiras\u201d, avaliou Fernando Bezerra, cuja previs\u00e3o \u00e9 apresentar o relat\u00f3rio para vota\u00e7\u00e3o no colegiado at\u00e9&hellip; <\/p>\n","protected":false},"author":1,"featured_media":154866,"comment_status":"open","ping_status":"open","sticky":false,"template":"","format":"standard","meta":{"_acf_changed":false,"footnotes":""},"categories":[1],"tags":[],"class_list":["post-164002","post","type-post","status-publish","format-standard","has-post-thumbnail","hentry","category-politica"],"acf":[],"yoast_head":"<!-- This site is optimized with the Yoast SEO plugin v27.4 - https:\/\/yoast.com\/product\/yoast-seo-wordpress\/ -->\n<title>SENADOR FERNANDO BEZERRA DEFENDE REFORMA ADMINISTRATIVA PARA \u201cRACIONALIZAR\u201d CARREIRAS - Blog do Farn\u00e9sio<\/title>\n<meta name=\"robots\" content=\"index, follow, max-snippet:-1, max-image-preview:large, max-video-preview:-1\" \/>\n<link rel=\"canonical\" href=\"https:\/\/blogdofarnesio.com.br\/?p=164002\" \/>\n<meta property=\"og:locale\" content=\"pt_BR\" \/>\n<meta property=\"og:type\" content=\"article\" \/>\n<meta property=\"og:title\" content=\"SENADOR FERNANDO BEZERRA DEFENDE REFORMA ADMINISTRATIVA PARA \u201cRACIONALIZAR\u201d CARREIRAS - Blog do Farn\u00e9sio\" \/>\n<meta property=\"og:description\" content=\"A comiss\u00e3o mista do Congresso Nacional que analisa a Medida Provis\u00f3ria 765\/2016 (CMMPV 765) realizou ontem (18), duas audi\u00eancias p\u00fablicas para o aprimoramento do texto da MP, que reorganiza cargos e carreiras do Executivo federal. Durante o debate do per\u00edodo da tarde \u2013 com a participa\u00e7\u00e3o do ministro do Planejamento, Dyogo Oliveira \u2013 o senador Fernando Bezerra Coelho (PSB-PE), relator da mat\u00e9ria, contextualizou a discuss\u00e3o da MP 765 com o momento fiscal do pa\u00eds: \u201cDe grande dificuldade econ\u00f4mica\u201d. E defendeu que o governo apresente, ao Congresso, uma proposta de Reforma Administrativa para a racionaliza\u00e7\u00e3o das carreiras. \u201c\u00c9 imposs\u00edvel atender aos interesses de mais de 270 carreiras\u201d, avaliou Fernando Bezerra, cuja previs\u00e3o \u00e9 apresentar o relat\u00f3rio para vota\u00e7\u00e3o no colegiado at\u00e9&hellip;\" \/>\n<meta property=\"og:url\" content=\"https:\/\/blogdofarnesio.com.br\/?p=164002\" \/>\n<meta property=\"og:site_name\" content=\"Blog do Farn\u00e9sio\" \/>\n<meta property=\"article:publisher\" content=\"https:\/\/www.facebook.com\/BlogQuerSaberPolitica\/\" \/>\n<meta property=\"article:published_time\" content=\"2017-04-19T16:00:25+00:00\" \/>\n<meta property=\"og:image\" content=\"https:\/\/blogdofarnesio.com.br\/wp-content\/uploads\/2017\/01\/FBC-Fernando-Bezerra-Coelho-Foto-Agencia-senado-e1487812466348.jpg\" \/>\n\t<meta property=\"og:image:width\" content=\"550\" \/>\n\t<meta property=\"og:image:height\" content=\"301\" \/>\n\t<meta property=\"og:image:type\" content=\"image\/jpeg\" \/>\n<meta name=\"author\" content=\"Farn\u00e9sio\" \/>\n<meta name=\"twitter:card\" content=\"summary_large_image\" \/>\n<meta name=\"twitter:label1\" content=\"Escrito por\" \/>\n\t<meta name=\"twitter:data1\" content=\"Farn\u00e9sio\" \/>\n\t<meta name=\"twitter:label2\" content=\"Est. tempo de leitura\" \/>\n\t<meta name=\"twitter:data2\" content=\"3 minutos\" \/>\n<script type=\"application\/ld+json\" class=\"yoast-schema-graph\">{\"@context\":\"https:\\\/\\\/schema.org\",\"@graph\":[{\"@type\":\"Article\",\"@id\":\"https:\\\/\\\/blogdofarnesio.com.br\\\/?p=164002#article\",\"isPartOf\":{\"@id\":\"https:\\\/\\\/blogdofarnesio.com.br\\\/?p=164002\"},\"author\":{\"name\":\"Farn\u00e9sio\",\"@id\":\"https:\\\/\\\/blogdofarnesio.com.br\\\/#\\\/schema\\\/person\\\/301c4acf522bccbfdb45af95b5b906a1\"},\"headline\":\"SENADOR FERNANDO BEZERRA DEFENDE REFORMA ADMINISTRATIVA PARA \u201cRACIONALIZAR\u201d CARREIRAS\",\"datePublished\":\"2017-04-19T16:00:25+00:00\",\"mainEntityOfPage\":{\"@id\":\"https:\\\/\\\/blogdofarnesio.com.br\\\/?p=164002\"},\"wordCount\":648,\"commentCount\":0,\"publisher\":{\"@id\":\"https:\\\/\\\/blogdofarnesio.com.br\\\/#organization\"},\"image\":{\"@id\":\"https:\\\/\\\/blogdofarnesio.com.br\\\/?p=164002#primaryimage\"},\"thumbnailUrl\":\"https:\\\/\\\/blogdofarnesio.com.br\\\/wp-content\\\/uploads\\\/2017\\\/01\\\/FBC-Fernando-Bezerra-Coelho-Foto-Agencia-senado-e1487812466348.jpg\",\"articleSection\":[\"Pol\u00edtica\"],\"inLanguage\":\"pt-BR\",\"potentialAction\":[{\"@type\":\"CommentAction\",\"name\":\"Comment\",\"target\":[\"https:\\\/\\\/blogdofarnesio.com.br\\\/?p=164002#respond\"]}]},{\"@type\":\"WebPage\",\"@id\":\"https:\\\/\\\/blogdofarnesio.com.br\\\/?p=164002\",\"url\":\"https:\\\/\\\/blogdofarnesio.com.br\\\/?p=164002\",\"name\":\"SENADOR FERNANDO BEZERRA DEFENDE REFORMA ADMINISTRATIVA PARA \u201cRACIONALIZAR\u201d CARREIRAS - Blog do Farn\u00e9sio\",\"isPartOf\":{\"@id\":\"https:\\\/\\\/blogdofarnesio.com.br\\\/#website\"},\"primaryImageOfPage\":{\"@id\":\"https:\\\/\\\/blogdofarnesio.com.br\\\/?p=164002#primaryimage\"},\"image\":{\"@id\":\"https:\\\/\\\/blogdofarnesio.com.br\\\/?p=164002#primaryimage\"},\"thumbnailUrl\":\"https:\\\/\\\/blogdofarnesio.com.br\\\/wp-content\\\/uploads\\\/2017\\\/01\\\/FBC-Fernando-Bezerra-Coelho-Foto-Agencia-senado-e1487812466348.jpg\",\"datePublished\":\"2017-04-19T16:00:25+00:00\",\"breadcrumb\":{\"@id\":\"https:\\\/\\\/blogdofarnesio.com.br\\\/?p=164002#breadcrumb\"},\"inLanguage\":\"pt-BR\",\"potentialAction\":[{\"@type\":\"ReadAction\",\"target\":[\"https:\\\/\\\/blogdofarnesio.com.br\\\/?p=164002\"]}]},{\"@type\":\"ImageObject\",\"inLanguage\":\"pt-BR\",\"@id\":\"https:\\\/\\\/blogdofarnesio.com.br\\\/?p=164002#primaryimage\",\"url\":\"https:\\\/\\\/blogdofarnesio.com.br\\\/wp-content\\\/uploads\\\/2017\\\/01\\\/FBC-Fernando-Bezerra-Coelho-Foto-Agencia-senado-e1487812466348.jpg\",\"contentUrl\":\"https:\\\/\\\/blogdofarnesio.com.br\\\/wp-content\\\/uploads\\\/2017\\\/01\\\/FBC-Fernando-Bezerra-Coelho-Foto-Agencia-senado-e1487812466348.jpg\",\"width\":550,\"height\":301},{\"@type\":\"BreadcrumbList\",\"@id\":\"https:\\\/\\\/blogdofarnesio.com.br\\\/?p=164002#breadcrumb\",\"itemListElement\":[{\"@type\":\"ListItem\",\"position\":1,\"name\":\"In\u00edcio\",\"item\":\"https:\\\/\\\/blogdofarnesio.com.br\\\/\"},{\"@type\":\"ListItem\",\"position\":2,\"name\":\"SENADOR FERNANDO BEZERRA DEFENDE REFORMA ADMINISTRATIVA PARA \u201cRACIONALIZAR\u201d CARREIRAS\"}]},{\"@type\":\"WebSite\",\"@id\":\"https:\\\/\\\/blogdofarnesio.com.br\\\/#website\",\"url\":\"https:\\\/\\\/blogdofarnesio.com.br\\\/\",\"name\":\"Blog do Farn\u00e9sio\",\"description\":\"Quer Saber Pol\u00edtica?\",\"publisher\":{\"@id\":\"https:\\\/\\\/blogdofarnesio.com.br\\\/#organization\"},\"potentialAction\":[{\"@type\":\"SearchAction\",\"target\":{\"@type\":\"EntryPoint\",\"urlTemplate\":\"https:\\\/\\\/blogdofarnesio.com.br\\\/?s={search_term_string}\"},\"query-input\":{\"@type\":\"PropertyValueSpecification\",\"valueRequired\":true,\"valueName\":\"search_term_string\"}}],\"inLanguage\":\"pt-BR\"},{\"@type\":\"Organization\",\"@id\":\"https:\\\/\\\/blogdofarnesio.com.br\\\/#organization\",\"name\":\"Blog do Farn\u00e9sio\",\"url\":\"https:\\\/\\\/blogdofarnesio.com.br\\\/\",\"logo\":{\"@type\":\"ImageObject\",\"inLanguage\":\"pt-BR\",\"@id\":\"https:\\\/\\\/blogdofarnesio.com.br\\\/#\\\/schema\\\/logo\\\/image\\\/\",\"url\":\"https:\\\/\\\/blogdofarnesio.com.br\\\/wp-content\\\/uploads\\\/2026\\\/03\\\/cropped-logo_new-1.png\",\"contentUrl\":\"https:\\\/\\\/blogdofarnesio.com.br\\\/wp-content\\\/uploads\\\/2026\\\/03\\\/cropped-logo_new-1.png\",\"width\":881,\"height\":685,\"caption\":\"Blog do Farn\u00e9sio\"},\"image\":{\"@id\":\"https:\\\/\\\/blogdofarnesio.com.br\\\/#\\\/schema\\\/logo\\\/image\\\/\"},\"sameAs\":[\"https:\\\/\\\/www.facebook.com\\\/BlogQuerSaberPolitica\\\/\"]},{\"@type\":\"Person\",\"@id\":\"https:\\\/\\\/blogdofarnesio.com.br\\\/#\\\/schema\\\/person\\\/301c4acf522bccbfdb45af95b5b906a1\",\"name\":\"Farn\u00e9sio\",\"image\":{\"@type\":\"ImageObject\",\"inLanguage\":\"pt-BR\",\"@id\":\"https:\\\/\\\/secure.gravatar.com\\\/avatar\\\/df0c9a14567c056f8ad6876ba5bbd1e3e2c48023eb6807342fc4663adf549f38?s=96&d=mm&r=g\",\"url\":\"https:\\\/\\\/secure.gravatar.com\\\/avatar\\\/df0c9a14567c056f8ad6876ba5bbd1e3e2c48023eb6807342fc4663adf549f38?s=96&d=mm&r=g\",\"contentUrl\":\"https:\\\/\\\/secure.gravatar.com\\\/avatar\\\/df0c9a14567c056f8ad6876ba5bbd1e3e2c48023eb6807342fc4663adf549f38?s=96&d=mm&r=g\",\"caption\":\"Farn\u00e9sio\"},\"sameAs\":[\"https:\\\/\\\/quersaberpolitica.com.br\"],\"url\":\"https:\\\/\\\/blogdofarnesio.com.br\\\/?author=1\"}]}<\/script>\n<!-- \/ Yoast SEO plugin. -->","yoast_head_json":{"title":"SENADOR FERNANDO BEZERRA DEFENDE REFORMA ADMINISTRATIVA PARA \u201cRACIONALIZAR\u201d CARREIRAS - Blog do Farn\u00e9sio","robots":{"index":"index","follow":"follow","max-snippet":"max-snippet:-1","max-image-preview":"max-image-preview:large","max-video-preview":"max-video-preview:-1"},"canonical":"https:\/\/blogdofarnesio.com.br\/?p=164002","og_locale":"pt_BR","og_type":"article","og_title":"SENADOR FERNANDO BEZERRA DEFENDE REFORMA ADMINISTRATIVA PARA \u201cRACIONALIZAR\u201d CARREIRAS - Blog do Farn\u00e9sio","og_description":"A comiss\u00e3o mista do Congresso Nacional que analisa a Medida Provis\u00f3ria 765\/2016 (CMMPV 765) realizou ontem (18), duas audi\u00eancias p\u00fablicas para o aprimoramento do texto da MP, que reorganiza cargos e carreiras do Executivo federal. Durante o debate do per\u00edodo da tarde \u2013 com a participa\u00e7\u00e3o do ministro do Planejamento, Dyogo Oliveira \u2013 o senador Fernando Bezerra Coelho (PSB-PE), relator da mat\u00e9ria, contextualizou a discuss\u00e3o da MP 765 com o momento fiscal do pa\u00eds: \u201cDe grande dificuldade econ\u00f4mica\u201d. E defendeu que o governo apresente, ao Congresso, uma proposta de Reforma Administrativa para a racionaliza\u00e7\u00e3o das carreiras. \u201c\u00c9 imposs\u00edvel atender aos interesses de mais de 270 carreiras\u201d, avaliou Fernando Bezerra, cuja previs\u00e3o \u00e9 apresentar o relat\u00f3rio para vota\u00e7\u00e3o no colegiado at\u00e9&hellip;","og_url":"https:\/\/blogdofarnesio.com.br\/?p=164002","og_site_name":"Blog do Farn\u00e9sio","article_publisher":"https:\/\/www.facebook.com\/BlogQuerSaberPolitica\/","article_published_time":"2017-04-19T16:00:25+00:00","og_image":[{"width":550,"height":301,"url":"https:\/\/blogdofarnesio.com.br\/wp-content\/uploads\/2017\/01\/FBC-Fernando-Bezerra-Coelho-Foto-Agencia-senado-e1487812466348.jpg","type":"image\/jpeg"}],"author":"Farn\u00e9sio","twitter_card":"summary_large_image","twitter_misc":{"Escrito por":"Farn\u00e9sio","Est. tempo de leitura":"3 minutos"},"schema":{"@context":"https:\/\/schema.org","@graph":[{"@type":"Article","@id":"https:\/\/blogdofarnesio.com.br\/?p=164002#article","isPartOf":{"@id":"https:\/\/blogdofarnesio.com.br\/?p=164002"},"author":{"name":"Farn\u00e9sio","@id":"https:\/\/blogdofarnesio.com.br\/#\/schema\/person\/301c4acf522bccbfdb45af95b5b906a1"},"headline":"SENADOR FERNANDO BEZERRA DEFENDE REFORMA ADMINISTRATIVA PARA \u201cRACIONALIZAR\u201d CARREIRAS","datePublished":"2017-04-19T16:00:25+00:00","mainEntityOfPage":{"@id":"https:\/\/blogdofarnesio.com.br\/?p=164002"},"wordCount":648,"commentCount":0,"publisher":{"@id":"https:\/\/blogdofarnesio.com.br\/#organization"},"image":{"@id":"https:\/\/blogdofarnesio.com.br\/?p=164002#primaryimage"},"thumbnailUrl":"https:\/\/blogdofarnesio.com.br\/wp-content\/uploads\/2017\/01\/FBC-Fernando-Bezerra-Coelho-Foto-Agencia-senado-e1487812466348.jpg","articleSection":["Pol\u00edtica"],"inLanguage":"pt-BR","potentialAction":[{"@type":"CommentAction","name":"Comment","target":["https:\/\/blogdofarnesio.com.br\/?p=164002#respond"]}]},{"@type":"WebPage","@id":"https:\/\/blogdofarnesio.com.br\/?p=164002","url":"https:\/\/blogdofarnesio.com.br\/?p=164002","name":"SENADOR FERNANDO BEZERRA DEFENDE REFORMA ADMINISTRATIVA PARA \u201cRACIONALIZAR\u201d CARREIRAS - Blog do Farn\u00e9sio","isPartOf":{"@id":"https:\/\/blogdofarnesio.com.br\/#website"},"primaryImageOfPage":{"@id":"https:\/\/blogdofarnesio.com.br\/?p=164002#primaryimage"},"image":{"@id":"https:\/\/blogdofarnesio.com.br\/?p=164002#primaryimage"},"thumbnailUrl":"https:\/\/blogdofarnesio.com.br\/wp-content\/uploads\/2017\/01\/FBC-Fernando-Bezerra-Coelho-Foto-Agencia-senado-e1487812466348.jpg","datePublished":"2017-04-19T16:00:25+00:00","breadcrumb":{"@id":"https:\/\/blogdofarnesio.com.br\/?p=164002#breadcrumb"},"inLanguage":"pt-BR","potentialAction":[{"@type":"ReadAction","target":["https:\/\/blogdofarnesio.com.br\/?p=164002"]}]},{"@type":"ImageObject","inLanguage":"pt-BR","@id":"https:\/\/blogdofarnesio.com.br\/?p=164002#primaryimage","url":"https:\/\/blogdofarnesio.com.br\/wp-content\/uploads\/2017\/01\/FBC-Fernando-Bezerra-Coelho-Foto-Agencia-senado-e1487812466348.jpg","contentUrl":"https:\/\/blogdofarnesio.com.br\/wp-content\/uploads\/2017\/01\/FBC-Fernando-Bezerra-Coelho-Foto-Agencia-senado-e1487812466348.jpg","width":550,"height":301},{"@type":"BreadcrumbList","@id":"https:\/\/blogdofarnesio.com.br\/?p=164002#breadcrumb","itemListElement":[{"@type":"ListItem","position":1,"name":"In\u00edcio","item":"https:\/\/blogdofarnesio.com.br\/"},{"@type":"ListItem","position":2,"name":"SENADOR FERNANDO BEZERRA DEFENDE REFORMA ADMINISTRATIVA PARA \u201cRACIONALIZAR\u201d CARREIRAS"}]},{"@type":"WebSite","@id":"https:\/\/blogdofarnesio.com.br\/#website","url":"https:\/\/blogdofarnesio.com.br\/","name":"Blog do Farn\u00e9sio","description":"Quer Saber Pol\u00edtica?","publisher":{"@id":"https:\/\/blogdofarnesio.com.br\/#organization"},"potentialAction":[{"@type":"SearchAction","target":{"@type":"EntryPoint","urlTemplate":"https:\/\/blogdofarnesio.com.br\/?s={search_term_string}"},"query-input":{"@type":"PropertyValueSpecification","valueRequired":true,"valueName":"search_term_string"}}],"inLanguage":"pt-BR"},{"@type":"Organization","@id":"https:\/\/blogdofarnesio.com.br\/#organization","name":"Blog do Farn\u00e9sio","url":"https:\/\/blogdofarnesio.com.br\/","logo":{"@type":"ImageObject","inLanguage":"pt-BR","@id":"https:\/\/blogdofarnesio.com.br\/#\/schema\/logo\/image\/","url":"https:\/\/blogdofarnesio.com.br\/wp-content\/uploads\/2026\/03\/cropped-logo_new-1.png","contentUrl":"https:\/\/blogdofarnesio.com.br\/wp-content\/uploads\/2026\/03\/cropped-logo_new-1.png","width":881,"height":685,"caption":"Blog do Farn\u00e9sio"},"image":{"@id":"https:\/\/blogdofarnesio.com.br\/#\/schema\/logo\/image\/"},"sameAs":["https:\/\/www.facebook.com\/BlogQuerSaberPolitica\/"]},{"@type":"Person","@id":"https:\/\/blogdofarnesio.com.br\/#\/schema\/person\/301c4acf522bccbfdb45af95b5b906a1","name":"Farn\u00e9sio","image":{"@type":"ImageObject","inLanguage":"pt-BR","@id":"https:\/\/secure.gravatar.com\/avatar\/df0c9a14567c056f8ad6876ba5bbd1e3e2c48023eb6807342fc4663adf549f38?s=96&d=mm&r=g","url":"https:\/\/secure.gravatar.com\/avatar\/df0c9a14567c056f8ad6876ba5bbd1e3e2c48023eb6807342fc4663adf549f38?s=96&d=mm&r=g","contentUrl":"https:\/\/secure.gravatar.com\/avatar\/df0c9a14567c056f8ad6876ba5bbd1e3e2c48023eb6807342fc4663adf549f38?s=96&d=mm&r=g","caption":"Farn\u00e9sio"},"sameAs":["https:\/\/quersaberpolitica.com.br"],"url":"https:\/\/blogdofarnesio.com.br\/?author=1"}]}},"_links":{"self":[{"href":"https:\/\/blogdofarnesio.com.br\/index.php?rest_route=\/wp\/v2\/posts\/164002","targetHints":{"allow":["GET"]}}],"collection":[{"href":"https:\/\/blogdofarnesio.com.br\/index.php?rest_route=\/wp\/v2\/posts"}],"about":[{"href":"https:\/\/blogdofarnesio.com.br\/index.php?rest_route=\/wp\/v2\/types\/post"}],"author":[{"embeddable":true,"href":"https:\/\/blogdofarnesio.com.br\/index.php?rest_route=\/wp\/v2\/users\/1"}],"replies":[{"embeddable":true,"href":"https:\/\/blogdofarnesio.com.br\/index.php?rest_route=%2Fwp%2Fv2%2Fcomments&post=164002"}],"version-history":[{"count":0,"href":"https:\/\/blogdofarnesio.com.br\/index.php?rest_route=\/wp\/v2\/posts\/164002\/revisions"}],"wp:featuredmedia":[{"embeddable":true,"href":"https:\/\/blogdofarnesio.com.br\/index.php?rest_route=\/wp\/v2\/media\/154866"}],"wp:attachment":[{"href":"https:\/\/blogdofarnesio.com.br\/index.php?rest_route=%2Fwp%2Fv2%2Fmedia&parent=164002"}],"wp:term":[{"taxonomy":"category","embeddable":true,"href":"https:\/\/blogdofarnesio.com.br\/index.php?rest_route=%2Fwp%2Fv2%2Fcategories&post=164002"},{"taxonomy":"post_tag","embeddable":true,"href":"https:\/\/blogdofarnesio.com.br\/index.php?rest_route=%2Fwp%2Fv2%2Ftags&post=164002"}],"curies":[{"name":"wp","href":"https:\/\/api.w.org\/{rel}","templated":true}]}}