{"id":16397,"date":"2012-08-09T09:49:02","date_gmt":"2012-08-09T09:49:02","guid":{"rendered":"http:\/\/www.quersaberpolitica.com.br?p=16397"},"modified":"-0001-11-30T00:00:00","modified_gmt":"-0001-11-30T03:00:00","slug":"curso-para-exatletas-e-profissionais-da-imprensa-reabre-inscricoes-ate-esta-sexta-10","status":"publish","type":"post","link":"https:\/\/blogdofarnesio.com.br\/?p=16397","title":{"rendered":"Curso para ex-atletas e profissionais da imprensa reabre inscri\u00e7\u00f5es at\u00e9 esta sexta (10)"},"content":{"rendered":"<p><a style=\"font-family: arial, helvetica, sans-serif; font-size: medium; text-align: justify;\" rel=\"lightbox\" href=\"http:\/\/www.quersaberpolitica.com.br\/2016\/wp-content\/uploads\/2012\/12\/uneb.gif\"><img loading=\"lazy\" decoding=\"async\" style=\"float: left; margin: 5px 10px;\" src=\"http:\/\/www.quersaberpolitica.com.br\/2016\/wp-content\/uploads\/2012\/12\/uneb.gif\" alt=\"\" width=\"149\" height=\"200\" \/><\/a><span style=\"font-family: arial, helvetica, sans-serif; font-size: medium; text-align: justify;\">A UNEB e a Secretaria estadual para Assuntos da Copa do Mundo da Fifa Brasil 2014 (Secopa) reabriram as inscri&ccedil;&otilde;es para os cursos de extens&atilde;o sobre receptivo e comunica&ccedil;&atilde;o em megaeventos, direcionados para ex-atletas e profissionais n&atilde;o graduados da imprensa baiana, respectivamente.<\/span><br style=\"font-family: arial, helvetica, sans-serif; font-size: medium; text-align: justify;\" \/><br style=\"font-family: arial, helvetica, sans-serif; font-size: medium; text-align: justify;\" \/><span style=\"font-family: arial, helvetica, sans-serif; font-size: medium; text-align: justify;\">A iniciativa integra o projeto Legados sociais para a Copa de 2014 na Bahia, lan&ccedil;ado no fim do ano passado, em cerim&ocirc;nia realizada no Teatro UNEB, no Campus I da universidade, em Salvador. Est&atilde;o sendo ofertadas 50 vagas para ex-atletas e 60 para profissionais da imprensa sem gradua&ccedil;&atilde;o.<\/span><br style=\"font-family: arial, helvetica, sans-serif; font-size: medium; text-align: justify;\" \/><br style=\"font-family: arial, helvetica, sans-serif; font-size: medium; text-align: justify;\" \/><span style=\"font-family: arial, helvetica, sans-serif; font-size: medium; text-align: justify;\">Os interessados em participar dos cursos (gratuitos) devem se inscrever, at&eacute; esta sexta-feira (10), das 8h &agrave;s 12h ou das 14h &agrave;s 18h, na sala do projeto, localizada na sede Pr&oacute;-Reitoria de Extens&atilde;o (Proex) da universidade, no bairro do Imbu&iacute;, na capital. Para efetivar a inscri&ccedil;&atilde;o, ser&aacute; necess&aacute;ria a apresenta&ccedil;&atilde;o dos documentos solicitados pela coordena&ccedil;&atilde;o da iniciativa.<\/span><br style=\"font-family: arial, helvetica, sans-serif; font-size: medium; text-align: justify;\" \/><br style=\"font-family: arial, helvetica, sans-serif; font-size: medium; text-align: justify;\" \/><span style=\"font-family: arial, helvetica, sans-serif; font-size: medium; text-align: justify;\">O curso de receptivo em megaeventos, voltado para os ex-atletas, reserva aulas sobre turismo na Bahia, l&iacute;ngua inglesa e espanhola, hospitalidade, empreendedorismo e ainda prev&ecirc; discuss&otilde;es sobre assuntos espec&iacute;ficos de grandes eventos esportivos.<\/span><br style=\"font-family: arial, helvetica, sans-serif; font-size: medium; text-align: justify;\" \/><br style=\"font-family: arial, helvetica, sans-serif; font-size: medium; text-align: justify;\" \/><span style=\"font-family: arial, helvetica, sans-serif; font-size: medium; text-align: justify;\">J&aacute; para os profissionais da imprensa ser&atilde;o 120 horas-aula de atividades, que v&atilde;o tratar dos mesmos conte&uacute;dos e inclui ainda discuss&otilde;es sobre comunica&ccedil;&atilde;o em megaeventos.<\/span><br style=\"font-family: arial, helvetica, sans-serif; font-size: medium; text-align: justify;\" \/><br style=\"font-family: arial, helvetica, sans-serif; font-size: medium; text-align: justify;\" \/><span style=\"font-family: arial, helvetica, sans-serif; font-size: medium; text-align: justify;\">Salvador vai receber partidas da Copa das Confedera&ccedil;&otilde;es no pr&oacute;ximo ano e j&aacute; tem tamb&eacute;m participa&ccedil;&atilde;o garantida para a Copa do Mundo em 2014. A capital ser&aacute; destino dos turistas que vir&atilde;o ao pa&iacute;s para acompanhar as Olimp&iacute;adas de 2016, sediada no Rio de Janeiro.<\/span><br style=\"font-family: arial, helvetica, sans-serif; font-size: medium; text-align: justify;\" \/><br style=\"font-family: arial, helvetica, sans-serif; font-size: medium; text-align: justify;\" \/><span style=\"font-family: arial, helvetica, sans-serif; font-size: medium; text-align: justify;\">Mais informa&ccedil;&otilde;es: www.uneb.br.<\/span><\/p>\n","protected":false},"excerpt":{"rendered":"<p>A UNEB e a Secretaria estadual para Assuntos da Copa do Mundo da Fifa Brasil 2014 (Secopa) reabriram as inscri&ccedil;&otilde;es para os cursos de extens&atilde;o sobre receptivo e comunica&ccedil;&atilde;o em megaeventos, direcionados para ex-atletas e profissionais n&atilde;o graduados da imprensa baiana, respectivamente.A iniciativa integra o projeto Legados sociais para a Copa de 2014 na Bahia, lan&ccedil;ado no fim do ano passado, em cerim&ocirc;nia realizada no Teatro UNEB, no Campus I da universidade, em Salvador. Est&atilde;o sendo ofertadas 50 vagas para ex-atletas e 60 para profissionais da imprensa sem gradua&ccedil;&atilde;o.Os interessados em participar dos cursos (gratuitos) devem se inscrever, at&eacute; esta sexta-feira (10), das 8h &agrave;s 12h ou das 14h &agrave;s 18h, na sala do projeto, localizada na sede Pr&oacute;-Reitoria de&hellip; <\/p>\n","protected":false},"author":0,"featured_media":0,"comment_status":"open","ping_status":"open","sticky":false,"template":"","format":"standard","meta":{"_acf_changed":false,"footnotes":""},"categories":[43],"tags":[],"class_list":["post-16397","post","type-post","status-publish","format-standard","hentry","category-sem-categoria"],"acf":[],"yoast_head":"<!-- This site is optimized with the Yoast SEO plugin v27.4 - https:\/\/yoast.com\/product\/yoast-seo-wordpress\/ -->\n<title>Curso para ex-atletas e profissionais da imprensa reabre inscri\u00e7\u00f5es at\u00e9 esta sexta (10)  - Blog do Farn\u00e9sio<\/title>\n<meta name=\"robots\" content=\"index, follow, max-snippet:-1, max-image-preview:large, max-video-preview:-1\" \/>\n<link rel=\"canonical\" href=\"https:\/\/blogdofarnesio.com.br\/?p=16397\" \/>\n<meta property=\"og:locale\" content=\"pt_BR\" \/>\n<meta property=\"og:type\" content=\"article\" \/>\n<meta property=\"og:title\" content=\"Curso para ex-atletas e profissionais da imprensa reabre inscri\u00e7\u00f5es at\u00e9 esta sexta (10)  - Blog do Farn\u00e9sio\" \/>\n<meta property=\"og:description\" content=\"A UNEB e a Secretaria estadual para Assuntos da Copa do Mundo da Fifa Brasil 2014 (Secopa) reabriram as inscri&ccedil;&otilde;es para os cursos de extens&atilde;o sobre receptivo e comunica&ccedil;&atilde;o em megaeventos, direcionados para ex-atletas e profissionais n&atilde;o graduados da imprensa baiana, respectivamente.A iniciativa integra o projeto Legados sociais para a Copa de 2014 na Bahia, lan&ccedil;ado no fim do ano passado, em cerim&ocirc;nia realizada no Teatro UNEB, no Campus I da universidade, em Salvador. Est&atilde;o sendo ofertadas 50 vagas para ex-atletas e 60 para profissionais da imprensa sem gradua&ccedil;&atilde;o.Os interessados em participar dos cursos (gratuitos) devem se inscrever, at&eacute; esta sexta-feira (10), das 8h &agrave;s 12h ou das 14h &agrave;s 18h, na sala do projeto, localizada na sede Pr&oacute;-Reitoria de&hellip;\" \/>\n<meta property=\"og:url\" content=\"https:\/\/blogdofarnesio.com.br\/?p=16397\" \/>\n<meta property=\"og:site_name\" content=\"Blog do Farn\u00e9sio\" \/>\n<meta property=\"article:publisher\" content=\"https:\/\/www.facebook.com\/BlogQuerSaberPolitica\/\" \/>\n<meta property=\"article:published_time\" content=\"2012-08-09T09:49:02+00:00\" \/>\n<meta property=\"og:image\" content=\"http:\/\/www.quersaberpolitica.com.br\/2016\/wp-content\/uploads\/2012\/12\/uneb.gif\" \/>\n<meta name=\"twitter:card\" content=\"summary_large_image\" \/>\n<meta name=\"twitter:label1\" content=\"Est. tempo de leitura\" \/>\n\t<meta name=\"twitter:data1\" content=\"2 minutos\" \/>\n<script type=\"application\/ld+json\" class=\"yoast-schema-graph\">{\"@context\":\"https:\\\/\\\/schema.org\",\"@graph\":[{\"@type\":\"Article\",\"@id\":\"https:\\\/\\\/blogdofarnesio.com.br\\\/?p=16397#article\",\"isPartOf\":{\"@id\":\"https:\\\/\\\/blogdofarnesio.com.br\\\/?p=16397\"},\"author\":{\"name\":\"\",\"@id\":\"\"},\"headline\":\"Curso para ex-atletas e profissionais da imprensa reabre inscri\u00e7\u00f5es at\u00e9 esta sexta (10)\",\"datePublished\":\"2012-08-09T09:49:02+00:00\",\"mainEntityOfPage\":{\"@id\":\"https:\\\/\\\/blogdofarnesio.com.br\\\/?p=16397\"},\"wordCount\":339,\"commentCount\":0,\"publisher\":{\"@id\":\"https:\\\/\\\/blogdofarnesio.com.br\\\/#organization\"},\"image\":{\"@id\":\"https:\\\/\\\/blogdofarnesio.com.br\\\/?p=16397#primaryimage\"},\"thumbnailUrl\":\"http:\\\/\\\/www.quersaberpolitica.com.br\\\/2016\\\/wp-content\\\/uploads\\\/2012\\\/12\\\/uneb.gif\",\"inLanguage\":\"pt-BR\",\"potentialAction\":[{\"@type\":\"CommentAction\",\"name\":\"Comment\",\"target\":[\"https:\\\/\\\/blogdofarnesio.com.br\\\/?p=16397#respond\"]}]},{\"@type\":\"WebPage\",\"@id\":\"https:\\\/\\\/blogdofarnesio.com.br\\\/?p=16397\",\"url\":\"https:\\\/\\\/blogdofarnesio.com.br\\\/?p=16397\",\"name\":\"Curso para ex-atletas e profissionais da imprensa reabre inscri\u00e7\u00f5es at\u00e9 esta sexta (10) - Blog do Farn\u00e9sio\",\"isPartOf\":{\"@id\":\"https:\\\/\\\/blogdofarnesio.com.br\\\/#website\"},\"primaryImageOfPage\":{\"@id\":\"https:\\\/\\\/blogdofarnesio.com.br\\\/?p=16397#primaryimage\"},\"image\":{\"@id\":\"https:\\\/\\\/blogdofarnesio.com.br\\\/?p=16397#primaryimage\"},\"thumbnailUrl\":\"http:\\\/\\\/www.quersaberpolitica.com.br\\\/2016\\\/wp-content\\\/uploads\\\/2012\\\/12\\\/uneb.gif\",\"datePublished\":\"2012-08-09T09:49:02+00:00\",\"breadcrumb\":{\"@id\":\"https:\\\/\\\/blogdofarnesio.com.br\\\/?p=16397#breadcrumb\"},\"inLanguage\":\"pt-BR\",\"potentialAction\":[{\"@type\":\"ReadAction\",\"target\":[\"https:\\\/\\\/blogdofarnesio.com.br\\\/?p=16397\"]}]},{\"@type\":\"ImageObject\",\"inLanguage\":\"pt-BR\",\"@id\":\"https:\\\/\\\/blogdofarnesio.com.br\\\/?p=16397#primaryimage\",\"url\":\"http:\\\/\\\/www.quersaberpolitica.com.br\\\/2016\\\/wp-content\\\/uploads\\\/2012\\\/12\\\/uneb.gif\",\"contentUrl\":\"http:\\\/\\\/www.quersaberpolitica.com.br\\\/2016\\\/wp-content\\\/uploads\\\/2012\\\/12\\\/uneb.gif\"},{\"@type\":\"BreadcrumbList\",\"@id\":\"https:\\\/\\\/blogdofarnesio.com.br\\\/?p=16397#breadcrumb\",\"itemListElement\":[{\"@type\":\"ListItem\",\"position\":1,\"name\":\"In\u00edcio\",\"item\":\"https:\\\/\\\/blogdofarnesio.com.br\\\/\"},{\"@type\":\"ListItem\",\"position\":2,\"name\":\"Curso para ex-atletas e profissionais da imprensa reabre inscri\u00e7\u00f5es at\u00e9 esta sexta (10)\"}]},{\"@type\":\"WebSite\",\"@id\":\"https:\\\/\\\/blogdofarnesio.com.br\\\/#website\",\"url\":\"https:\\\/\\\/blogdofarnesio.com.br\\\/\",\"name\":\"Blog do Farn\u00e9sio\",\"description\":\"Quer Saber Pol\u00edtica?\",\"publisher\":{\"@id\":\"https:\\\/\\\/blogdofarnesio.com.br\\\/#organization\"},\"potentialAction\":[{\"@type\":\"SearchAction\",\"target\":{\"@type\":\"EntryPoint\",\"urlTemplate\":\"https:\\\/\\\/blogdofarnesio.com.br\\\/?s={search_term_string}\"},\"query-input\":{\"@type\":\"PropertyValueSpecification\",\"valueRequired\":true,\"valueName\":\"search_term_string\"}}],\"inLanguage\":\"pt-BR\"},{\"@type\":\"Organization\",\"@id\":\"https:\\\/\\\/blogdofarnesio.com.br\\\/#organization\",\"name\":\"Blog do Farn\u00e9sio\",\"url\":\"https:\\\/\\\/blogdofarnesio.com.br\\\/\",\"logo\":{\"@type\":\"ImageObject\",\"inLanguage\":\"pt-BR\",\"@id\":\"https:\\\/\\\/blogdofarnesio.com.br\\\/#\\\/schema\\\/logo\\\/image\\\/\",\"url\":\"https:\\\/\\\/blogdofarnesio.com.br\\\/wp-content\\\/uploads\\\/2026\\\/03\\\/cropped-logo_new-1.png\",\"contentUrl\":\"https:\\\/\\\/blogdofarnesio.com.br\\\/wp-content\\\/uploads\\\/2026\\\/03\\\/cropped-logo_new-1.png\",\"width\":881,\"height\":685,\"caption\":\"Blog do Farn\u00e9sio\"},\"image\":{\"@id\":\"https:\\\/\\\/blogdofarnesio.com.br\\\/#\\\/schema\\\/logo\\\/image\\\/\"},\"sameAs\":[\"https:\\\/\\\/www.facebook.com\\\/BlogQuerSaberPolitica\\\/\"]}]}<\/script>\n<!-- \/ Yoast SEO plugin. -->","yoast_head_json":{"title":"Curso para ex-atletas e profissionais da imprensa reabre inscri\u00e7\u00f5es at\u00e9 esta sexta (10)  - Blog do Farn\u00e9sio","robots":{"index":"index","follow":"follow","max-snippet":"max-snippet:-1","max-image-preview":"max-image-preview:large","max-video-preview":"max-video-preview:-1"},"canonical":"https:\/\/blogdofarnesio.com.br\/?p=16397","og_locale":"pt_BR","og_type":"article","og_title":"Curso para ex-atletas e profissionais da imprensa reabre inscri\u00e7\u00f5es at\u00e9 esta sexta (10)  - Blog do Farn\u00e9sio","og_description":"A UNEB e a Secretaria estadual para Assuntos da Copa do Mundo da Fifa Brasil 2014 (Secopa) reabriram as inscri&ccedil;&otilde;es para os cursos de extens&atilde;o sobre receptivo e comunica&ccedil;&atilde;o em megaeventos, direcionados para ex-atletas e profissionais n&atilde;o graduados da imprensa baiana, respectivamente.A iniciativa integra o projeto Legados sociais para a Copa de 2014 na Bahia, lan&ccedil;ado no fim do ano passado, em cerim&ocirc;nia realizada no Teatro UNEB, no Campus I da universidade, em Salvador. Est&atilde;o sendo ofertadas 50 vagas para ex-atletas e 60 para profissionais da imprensa sem gradua&ccedil;&atilde;o.Os interessados em participar dos cursos (gratuitos) devem se inscrever, at&eacute; esta sexta-feira (10), das 8h &agrave;s 12h ou das 14h &agrave;s 18h, na sala do projeto, localizada na sede Pr&oacute;-Reitoria de&hellip;","og_url":"https:\/\/blogdofarnesio.com.br\/?p=16397","og_site_name":"Blog do Farn\u00e9sio","article_publisher":"https:\/\/www.facebook.com\/BlogQuerSaberPolitica\/","article_published_time":"2012-08-09T09:49:02+00:00","og_image":[{"url":"http:\/\/www.quersaberpolitica.com.br\/2016\/wp-content\/uploads\/2012\/12\/uneb.gif","type":"","width":"","height":""}],"twitter_card":"summary_large_image","twitter_misc":{"Est. tempo de leitura":"2 minutos"},"schema":{"@context":"https:\/\/schema.org","@graph":[{"@type":"Article","@id":"https:\/\/blogdofarnesio.com.br\/?p=16397#article","isPartOf":{"@id":"https:\/\/blogdofarnesio.com.br\/?p=16397"},"author":{"name":"","@id":""},"headline":"Curso para ex-atletas e profissionais da imprensa reabre inscri\u00e7\u00f5es at\u00e9 esta sexta (10)","datePublished":"2012-08-09T09:49:02+00:00","mainEntityOfPage":{"@id":"https:\/\/blogdofarnesio.com.br\/?p=16397"},"wordCount":339,"commentCount":0,"publisher":{"@id":"https:\/\/blogdofarnesio.com.br\/#organization"},"image":{"@id":"https:\/\/blogdofarnesio.com.br\/?p=16397#primaryimage"},"thumbnailUrl":"http:\/\/www.quersaberpolitica.com.br\/2016\/wp-content\/uploads\/2012\/12\/uneb.gif","inLanguage":"pt-BR","potentialAction":[{"@type":"CommentAction","name":"Comment","target":["https:\/\/blogdofarnesio.com.br\/?p=16397#respond"]}]},{"@type":"WebPage","@id":"https:\/\/blogdofarnesio.com.br\/?p=16397","url":"https:\/\/blogdofarnesio.com.br\/?p=16397","name":"Curso para ex-atletas e profissionais da imprensa reabre inscri\u00e7\u00f5es at\u00e9 esta sexta (10) - Blog do Farn\u00e9sio","isPartOf":{"@id":"https:\/\/blogdofarnesio.com.br\/#website"},"primaryImageOfPage":{"@id":"https:\/\/blogdofarnesio.com.br\/?p=16397#primaryimage"},"image":{"@id":"https:\/\/blogdofarnesio.com.br\/?p=16397#primaryimage"},"thumbnailUrl":"http:\/\/www.quersaberpolitica.com.br\/2016\/wp-content\/uploads\/2012\/12\/uneb.gif","datePublished":"2012-08-09T09:49:02+00:00","breadcrumb":{"@id":"https:\/\/blogdofarnesio.com.br\/?p=16397#breadcrumb"},"inLanguage":"pt-BR","potentialAction":[{"@type":"ReadAction","target":["https:\/\/blogdofarnesio.com.br\/?p=16397"]}]},{"@type":"ImageObject","inLanguage":"pt-BR","@id":"https:\/\/blogdofarnesio.com.br\/?p=16397#primaryimage","url":"http:\/\/www.quersaberpolitica.com.br\/2016\/wp-content\/uploads\/2012\/12\/uneb.gif","contentUrl":"http:\/\/www.quersaberpolitica.com.br\/2016\/wp-content\/uploads\/2012\/12\/uneb.gif"},{"@type":"BreadcrumbList","@id":"https:\/\/blogdofarnesio.com.br\/?p=16397#breadcrumb","itemListElement":[{"@type":"ListItem","position":1,"name":"In\u00edcio","item":"https:\/\/blogdofarnesio.com.br\/"},{"@type":"ListItem","position":2,"name":"Curso para ex-atletas e profissionais da imprensa reabre inscri\u00e7\u00f5es at\u00e9 esta sexta (10)"}]},{"@type":"WebSite","@id":"https:\/\/blogdofarnesio.com.br\/#website","url":"https:\/\/blogdofarnesio.com.br\/","name":"Blog do Farn\u00e9sio","description":"Quer Saber Pol\u00edtica?","publisher":{"@id":"https:\/\/blogdofarnesio.com.br\/#organization"},"potentialAction":[{"@type":"SearchAction","target":{"@type":"EntryPoint","urlTemplate":"https:\/\/blogdofarnesio.com.br\/?s={search_term_string}"},"query-input":{"@type":"PropertyValueSpecification","valueRequired":true,"valueName":"search_term_string"}}],"inLanguage":"pt-BR"},{"@type":"Organization","@id":"https:\/\/blogdofarnesio.com.br\/#organization","name":"Blog do Farn\u00e9sio","url":"https:\/\/blogdofarnesio.com.br\/","logo":{"@type":"ImageObject","inLanguage":"pt-BR","@id":"https:\/\/blogdofarnesio.com.br\/#\/schema\/logo\/image\/","url":"https:\/\/blogdofarnesio.com.br\/wp-content\/uploads\/2026\/03\/cropped-logo_new-1.png","contentUrl":"https:\/\/blogdofarnesio.com.br\/wp-content\/uploads\/2026\/03\/cropped-logo_new-1.png","width":881,"height":685,"caption":"Blog do Farn\u00e9sio"},"image":{"@id":"https:\/\/blogdofarnesio.com.br\/#\/schema\/logo\/image\/"},"sameAs":["https:\/\/www.facebook.com\/BlogQuerSaberPolitica\/"]}]}},"_links":{"self":[{"href":"https:\/\/blogdofarnesio.com.br\/index.php?rest_route=\/wp\/v2\/posts\/16397","targetHints":{"allow":["GET"]}}],"collection":[{"href":"https:\/\/blogdofarnesio.com.br\/index.php?rest_route=\/wp\/v2\/posts"}],"about":[{"href":"https:\/\/blogdofarnesio.com.br\/index.php?rest_route=\/wp\/v2\/types\/post"}],"replies":[{"embeddable":true,"href":"https:\/\/blogdofarnesio.com.br\/index.php?rest_route=%2Fwp%2Fv2%2Fcomments&post=16397"}],"version-history":[{"count":0,"href":"https:\/\/blogdofarnesio.com.br\/index.php?rest_route=\/wp\/v2\/posts\/16397\/revisions"}],"wp:attachment":[{"href":"https:\/\/blogdofarnesio.com.br\/index.php?rest_route=%2Fwp%2Fv2%2Fmedia&parent=16397"}],"wp:term":[{"taxonomy":"category","embeddable":true,"href":"https:\/\/blogdofarnesio.com.br\/index.php?rest_route=%2Fwp%2Fv2%2Fcategories&post=16397"},{"taxonomy":"post_tag","embeddable":true,"href":"https:\/\/blogdofarnesio.com.br\/index.php?rest_route=%2Fwp%2Fv2%2Ftags&post=16397"}],"curies":[{"name":"wp","href":"https:\/\/api.w.org\/{rel}","templated":true}]}}