{"id":163041,"date":"2017-04-06T11:00:21","date_gmt":"2017-04-06T14:00:21","guid":{"rendered":"http:\/\/quersaberpolitica.com.br\/2016\/?p=163041"},"modified":"2017-04-06T09:52:41","modified_gmt":"2017-04-06T12:52:41","slug":"senadora-lidice-alerta-ministro-para-revitalizacao-do-rio-sao-francisco","status":"publish","type":"post","link":"https:\/\/blogdofarnesio.com.br\/?p=163041","title":{"rendered":"SENADORA L\u00cdDICE ALERTA MINISTRO PARA REVITALIZA\u00c7\u00c3O DO RIO S\u00c3O FRANCISCO"},"content":{"rendered":"<div style=\"text-align: justify;\">A senadora L\u00eddice da Mata (PSB-BA), vice-presidente da Comiss\u00e3o de Desenvolvimento Regional do Senado, chamou a aten\u00e7\u00e3o do ministro da Integra\u00e7\u00e3o Nacional, Helder Barbalho para a revitaliza\u00e7\u00e3o do rio S\u00e3o Francisco. Durante audi\u00eancia realizada ontem (5\/4), e que tinha por objetivo apresentar aos senadores as diretrizes do Minist\u00e9rio para os pr\u00f3ximos dois anos, a parlamentar baiana disse que sem a melhoria da qualidade da \u00e1gua do rio, a transposi\u00e7\u00e3o n\u00e3o cumprir\u00e1 sua fun\u00e7\u00e3o.<\/div>\n<div style=\"text-align: justify;\"><\/div>\n<div style=\"text-align: justify;\">Presidente da Comiss\u00e3o, a senadora F\u00e1tima Bezerra (PT-RN) lembrou que o assunto ser\u00e1 tema de outra audi\u00eancia p\u00fablica da CDR, tamb\u00e9m com a participa\u00e7\u00e3o do ministro, para detalhar o projeto Novo Chico, cujo objetivo \u00e9 revitalizar o rio. O pedido desta nova audi\u00eancia partiu da senadora L\u00eddice a quem o ministro, durante o encontro desta quarta, elogiou a iniciativa e confirmou participar em breve.<\/div>\n<div style=\"text-align: justify;\"><\/div>\n<div style=\"text-align: justify;\">L\u00eddice \u00e9 autora do projeto de lei PLS 86\/2015, aprovado em 2015 em decis\u00e3o terminativa pela Comiss\u00e3o de Meio Ambiente, Defesa do Consumidor e Fiscaliza\u00e7\u00e3o e Controle (CMA) do Senado, e prev\u00ea que o Programa de Revitaliza\u00e7\u00e3o do S\u00e3o Francisco se torne uma pol\u00edtica p\u00fablica mais consistente. Com este projeto, a senadora quer fazer constar em lei princ\u00edpios, objetivos e a\u00e7\u00f5es priorit\u00e1rias para revitalizar a bacia, por meio de a\u00e7\u00f5es coordenadas.<\/div>\n<div style=\"text-align: justify;\"><\/div>\n<div style=\"text-align: justify;\">Ela tamb\u00e9m incluiu, na proposta, a previs\u00e3o de cria\u00e7\u00e3o de \u00f3rg\u00e3os espec\u00edficos para a gest\u00e3o de recursos h\u00eddricos nos governos dos estados e nas prefeituras de munic\u00edpios cortados pelo rio.<\/div>\n<div style=\"text-align: justify;\"><\/div>\n<div style=\"text-align: justify;\">O projeto determina, ainda, que os recursos arrecadados com a cobran\u00e7a pelo uso da \u00e1gua do Velho Chico sejam aplicados, prioritariamente, na recupera\u00e7\u00e3o de \u00e1reas degradadas; e estabelece, ainda, que sejam criadas ou ampliadas unidades de conserva\u00e7\u00e3o em \u00e1reas essenciais para a produ\u00e7\u00e3o de \u00e1gua na bacia hidrogr\u00e1fica. O PLS 86\/2015 encontra-se em an\u00e1lise na C\u00e2mara dos Deputados.<\/div>\n<div style=\"text-align: justify;\"><\/div>\n<div style=\"text-align: justify;\">\u201cN\u00e3o podemos esperar pela boa vontade dos governantes. O S\u00e3o Francisco est\u00e1 em situa\u00e7\u00e3o extremamente grave. H\u00e1 locais onde se pode atravessar o rio a p\u00e9\u201d, frisou L\u00eddice da Mata.<\/div>\n<div><\/div>\n<div><em>Assessoria de Imprensa<\/em><\/div>\n","protected":false},"excerpt":{"rendered":"<p>A senadora L\u00eddice da Mata (PSB-BA), vice-presidente da Comiss\u00e3o de Desenvolvimento Regional do Senado, chamou a aten\u00e7\u00e3o do ministro da Integra\u00e7\u00e3o Nacional, Helder Barbalho para a revitaliza\u00e7\u00e3o do rio S\u00e3o Francisco. Durante audi\u00eancia realizada ontem (5\/4), e que tinha por objetivo apresentar aos senadores as diretrizes do Minist\u00e9rio para os pr\u00f3ximos dois anos, a parlamentar baiana disse que sem a melhoria da qualidade da \u00e1gua do rio, a transposi\u00e7\u00e3o n\u00e3o cumprir\u00e1 sua fun\u00e7\u00e3o. Presidente da Comiss\u00e3o, a senadora F\u00e1tima Bezerra (PT-RN) lembrou que o assunto ser\u00e1 tema de outra audi\u00eancia p\u00fablica da CDR, tamb\u00e9m com a participa\u00e7\u00e3o do ministro, para detalhar o projeto Novo Chico, cujo objetivo \u00e9 revitalizar o rio. O pedido desta nova audi\u00eancia partiu da senadora L\u00eddice&hellip; <\/p>\n","protected":false},"author":1,"featured_media":163042,"comment_status":"open","ping_status":"open","sticky":false,"template":"","format":"standard","meta":{"_acf_changed":false,"footnotes":""},"categories":[1],"tags":[],"class_list":["post-163041","post","type-post","status-publish","format-standard","has-post-thumbnail","hentry","category-politica"],"acf":[],"yoast_head":"<!-- This site is optimized with the Yoast SEO plugin v27.4 - https:\/\/yoast.com\/product\/yoast-seo-wordpress\/ -->\n<title>SENADORA L\u00cdDICE ALERTA MINISTRO PARA REVITALIZA\u00c7\u00c3O DO RIO S\u00c3O FRANCISCO - Blog do Farn\u00e9sio<\/title>\n<meta name=\"robots\" content=\"index, follow, max-snippet:-1, max-image-preview:large, max-video-preview:-1\" \/>\n<link rel=\"canonical\" href=\"https:\/\/blogdofarnesio.com.br\/?p=163041\" \/>\n<meta property=\"og:locale\" content=\"pt_BR\" \/>\n<meta property=\"og:type\" content=\"article\" \/>\n<meta property=\"og:title\" content=\"SENADORA L\u00cdDICE ALERTA MINISTRO PARA REVITALIZA\u00c7\u00c3O DO RIO S\u00c3O FRANCISCO - Blog do Farn\u00e9sio\" \/>\n<meta property=\"og:description\" content=\"A senadora L\u00eddice da Mata (PSB-BA), vice-presidente da Comiss\u00e3o de Desenvolvimento Regional do Senado, chamou a aten\u00e7\u00e3o do ministro da Integra\u00e7\u00e3o Nacional, Helder Barbalho para a revitaliza\u00e7\u00e3o do rio S\u00e3o Francisco. Durante audi\u00eancia realizada ontem (5\/4), e que tinha por objetivo apresentar aos senadores as diretrizes do Minist\u00e9rio para os pr\u00f3ximos dois anos, a parlamentar baiana disse que sem a melhoria da qualidade da \u00e1gua do rio, a transposi\u00e7\u00e3o n\u00e3o cumprir\u00e1 sua fun\u00e7\u00e3o. Presidente da Comiss\u00e3o, a senadora F\u00e1tima Bezerra (PT-RN) lembrou que o assunto ser\u00e1 tema de outra audi\u00eancia p\u00fablica da CDR, tamb\u00e9m com a participa\u00e7\u00e3o do ministro, para detalhar o projeto Novo Chico, cujo objetivo \u00e9 revitalizar o rio. O pedido desta nova audi\u00eancia partiu da senadora L\u00eddice&hellip;\" \/>\n<meta property=\"og:url\" content=\"https:\/\/blogdofarnesio.com.br\/?p=163041\" \/>\n<meta property=\"og:site_name\" content=\"Blog do Farn\u00e9sio\" \/>\n<meta property=\"article:publisher\" content=\"https:\/\/www.facebook.com\/BlogQuerSaberPolitica\/\" \/>\n<meta property=\"article:published_time\" content=\"2017-04-06T14:00:21+00:00\" \/>\n<meta property=\"og:image\" content=\"https:\/\/blogdofarnesio.com.br\/wp-content\/uploads\/2017\/04\/blogqsp-lindice.jpg\" \/>\n\t<meta property=\"og:image:width\" content=\"783\" \/>\n\t<meta property=\"og:image:height\" content=\"531\" \/>\n\t<meta property=\"og:image:type\" content=\"image\/jpeg\" \/>\n<meta name=\"author\" content=\"Farn\u00e9sio\" \/>\n<meta name=\"twitter:card\" content=\"summary_large_image\" \/>\n<meta name=\"twitter:label1\" content=\"Escrito por\" \/>\n\t<meta name=\"twitter:data1\" content=\"Farn\u00e9sio\" \/>\n\t<meta name=\"twitter:label2\" content=\"Est. tempo de leitura\" \/>\n\t<meta name=\"twitter:data2\" content=\"2 minutos\" \/>\n<script type=\"application\/ld+json\" class=\"yoast-schema-graph\">{\"@context\":\"https:\\\/\\\/schema.org\",\"@graph\":[{\"@type\":\"Article\",\"@id\":\"https:\\\/\\\/blogdofarnesio.com.br\\\/?p=163041#article\",\"isPartOf\":{\"@id\":\"https:\\\/\\\/blogdofarnesio.com.br\\\/?p=163041\"},\"author\":{\"name\":\"Farn\u00e9sio\",\"@id\":\"https:\\\/\\\/blogdofarnesio.com.br\\\/#\\\/schema\\\/person\\\/301c4acf522bccbfdb45af95b5b906a1\"},\"headline\":\"SENADORA L\u00cdDICE ALERTA MINISTRO PARA REVITALIZA\u00c7\u00c3O DO RIO S\u00c3O FRANCISCO\",\"datePublished\":\"2017-04-06T14:00:21+00:00\",\"mainEntityOfPage\":{\"@id\":\"https:\\\/\\\/blogdofarnesio.com.br\\\/?p=163041\"},\"wordCount\":387,\"commentCount\":0,\"publisher\":{\"@id\":\"https:\\\/\\\/blogdofarnesio.com.br\\\/#organization\"},\"image\":{\"@id\":\"https:\\\/\\\/blogdofarnesio.com.br\\\/?p=163041#primaryimage\"},\"thumbnailUrl\":\"https:\\\/\\\/blogdofarnesio.com.br\\\/wp-content\\\/uploads\\\/2017\\\/04\\\/blogqsp-lindice.jpg\",\"articleSection\":[\"Pol\u00edtica\"],\"inLanguage\":\"pt-BR\",\"potentialAction\":[{\"@type\":\"CommentAction\",\"name\":\"Comment\",\"target\":[\"https:\\\/\\\/blogdofarnesio.com.br\\\/?p=163041#respond\"]}]},{\"@type\":\"WebPage\",\"@id\":\"https:\\\/\\\/blogdofarnesio.com.br\\\/?p=163041\",\"url\":\"https:\\\/\\\/blogdofarnesio.com.br\\\/?p=163041\",\"name\":\"SENADORA L\u00cdDICE ALERTA MINISTRO PARA REVITALIZA\u00c7\u00c3O DO RIO S\u00c3O FRANCISCO - Blog do Farn\u00e9sio\",\"isPartOf\":{\"@id\":\"https:\\\/\\\/blogdofarnesio.com.br\\\/#website\"},\"primaryImageOfPage\":{\"@id\":\"https:\\\/\\\/blogdofarnesio.com.br\\\/?p=163041#primaryimage\"},\"image\":{\"@id\":\"https:\\\/\\\/blogdofarnesio.com.br\\\/?p=163041#primaryimage\"},\"thumbnailUrl\":\"https:\\\/\\\/blogdofarnesio.com.br\\\/wp-content\\\/uploads\\\/2017\\\/04\\\/blogqsp-lindice.jpg\",\"datePublished\":\"2017-04-06T14:00:21+00:00\",\"breadcrumb\":{\"@id\":\"https:\\\/\\\/blogdofarnesio.com.br\\\/?p=163041#breadcrumb\"},\"inLanguage\":\"pt-BR\",\"potentialAction\":[{\"@type\":\"ReadAction\",\"target\":[\"https:\\\/\\\/blogdofarnesio.com.br\\\/?p=163041\"]}]},{\"@type\":\"ImageObject\",\"inLanguage\":\"pt-BR\",\"@id\":\"https:\\\/\\\/blogdofarnesio.com.br\\\/?p=163041#primaryimage\",\"url\":\"https:\\\/\\\/blogdofarnesio.com.br\\\/wp-content\\\/uploads\\\/2017\\\/04\\\/blogqsp-lindice.jpg\",\"contentUrl\":\"https:\\\/\\\/blogdofarnesio.com.br\\\/wp-content\\\/uploads\\\/2017\\\/04\\\/blogqsp-lindice.jpg\",\"width\":783,\"height\":531},{\"@type\":\"BreadcrumbList\",\"@id\":\"https:\\\/\\\/blogdofarnesio.com.br\\\/?p=163041#breadcrumb\",\"itemListElement\":[{\"@type\":\"ListItem\",\"position\":1,\"name\":\"In\u00edcio\",\"item\":\"https:\\\/\\\/blogdofarnesio.com.br\\\/\"},{\"@type\":\"ListItem\",\"position\":2,\"name\":\"SENADORA L\u00cdDICE ALERTA MINISTRO PARA REVITALIZA\u00c7\u00c3O DO RIO S\u00c3O FRANCISCO\"}]},{\"@type\":\"WebSite\",\"@id\":\"https:\\\/\\\/blogdofarnesio.com.br\\\/#website\",\"url\":\"https:\\\/\\\/blogdofarnesio.com.br\\\/\",\"name\":\"Blog do Farn\u00e9sio\",\"description\":\"Quer Saber Pol\u00edtica?\",\"publisher\":{\"@id\":\"https:\\\/\\\/blogdofarnesio.com.br\\\/#organization\"},\"potentialAction\":[{\"@type\":\"SearchAction\",\"target\":{\"@type\":\"EntryPoint\",\"urlTemplate\":\"https:\\\/\\\/blogdofarnesio.com.br\\\/?s={search_term_string}\"},\"query-input\":{\"@type\":\"PropertyValueSpecification\",\"valueRequired\":true,\"valueName\":\"search_term_string\"}}],\"inLanguage\":\"pt-BR\"},{\"@type\":\"Organization\",\"@id\":\"https:\\\/\\\/blogdofarnesio.com.br\\\/#organization\",\"name\":\"Blog do Farn\u00e9sio\",\"url\":\"https:\\\/\\\/blogdofarnesio.com.br\\\/\",\"logo\":{\"@type\":\"ImageObject\",\"inLanguage\":\"pt-BR\",\"@id\":\"https:\\\/\\\/blogdofarnesio.com.br\\\/#\\\/schema\\\/logo\\\/image\\\/\",\"url\":\"https:\\\/\\\/blogdofarnesio.com.br\\\/wp-content\\\/uploads\\\/2026\\\/03\\\/cropped-logo_new-1.png\",\"contentUrl\":\"https:\\\/\\\/blogdofarnesio.com.br\\\/wp-content\\\/uploads\\\/2026\\\/03\\\/cropped-logo_new-1.png\",\"width\":881,\"height\":685,\"caption\":\"Blog do Farn\u00e9sio\"},\"image\":{\"@id\":\"https:\\\/\\\/blogdofarnesio.com.br\\\/#\\\/schema\\\/logo\\\/image\\\/\"},\"sameAs\":[\"https:\\\/\\\/www.facebook.com\\\/BlogQuerSaberPolitica\\\/\"]},{\"@type\":\"Person\",\"@id\":\"https:\\\/\\\/blogdofarnesio.com.br\\\/#\\\/schema\\\/person\\\/301c4acf522bccbfdb45af95b5b906a1\",\"name\":\"Farn\u00e9sio\",\"image\":{\"@type\":\"ImageObject\",\"inLanguage\":\"pt-BR\",\"@id\":\"https:\\\/\\\/secure.gravatar.com\\\/avatar\\\/df0c9a14567c056f8ad6876ba5bbd1e3e2c48023eb6807342fc4663adf549f38?s=96&d=mm&r=g\",\"url\":\"https:\\\/\\\/secure.gravatar.com\\\/avatar\\\/df0c9a14567c056f8ad6876ba5bbd1e3e2c48023eb6807342fc4663adf549f38?s=96&d=mm&r=g\",\"contentUrl\":\"https:\\\/\\\/secure.gravatar.com\\\/avatar\\\/df0c9a14567c056f8ad6876ba5bbd1e3e2c48023eb6807342fc4663adf549f38?s=96&d=mm&r=g\",\"caption\":\"Farn\u00e9sio\"},\"sameAs\":[\"https:\\\/\\\/quersaberpolitica.com.br\"],\"url\":\"https:\\\/\\\/blogdofarnesio.com.br\\\/?author=1\"}]}<\/script>\n<!-- \/ Yoast SEO plugin. -->","yoast_head_json":{"title":"SENADORA L\u00cdDICE ALERTA MINISTRO PARA REVITALIZA\u00c7\u00c3O DO RIO S\u00c3O FRANCISCO - Blog do Farn\u00e9sio","robots":{"index":"index","follow":"follow","max-snippet":"max-snippet:-1","max-image-preview":"max-image-preview:large","max-video-preview":"max-video-preview:-1"},"canonical":"https:\/\/blogdofarnesio.com.br\/?p=163041","og_locale":"pt_BR","og_type":"article","og_title":"SENADORA L\u00cdDICE ALERTA MINISTRO PARA REVITALIZA\u00c7\u00c3O DO RIO S\u00c3O FRANCISCO - Blog do Farn\u00e9sio","og_description":"A senadora L\u00eddice da Mata (PSB-BA), vice-presidente da Comiss\u00e3o de Desenvolvimento Regional do Senado, chamou a aten\u00e7\u00e3o do ministro da Integra\u00e7\u00e3o Nacional, Helder Barbalho para a revitaliza\u00e7\u00e3o do rio S\u00e3o Francisco. Durante audi\u00eancia realizada ontem (5\/4), e que tinha por objetivo apresentar aos senadores as diretrizes do Minist\u00e9rio para os pr\u00f3ximos dois anos, a parlamentar baiana disse que sem a melhoria da qualidade da \u00e1gua do rio, a transposi\u00e7\u00e3o n\u00e3o cumprir\u00e1 sua fun\u00e7\u00e3o. Presidente da Comiss\u00e3o, a senadora F\u00e1tima Bezerra (PT-RN) lembrou que o assunto ser\u00e1 tema de outra audi\u00eancia p\u00fablica da CDR, tamb\u00e9m com a participa\u00e7\u00e3o do ministro, para detalhar o projeto Novo Chico, cujo objetivo \u00e9 revitalizar o rio. O pedido desta nova audi\u00eancia partiu da senadora L\u00eddice&hellip;","og_url":"https:\/\/blogdofarnesio.com.br\/?p=163041","og_site_name":"Blog do Farn\u00e9sio","article_publisher":"https:\/\/www.facebook.com\/BlogQuerSaberPolitica\/","article_published_time":"2017-04-06T14:00:21+00:00","og_image":[{"width":783,"height":531,"url":"https:\/\/blogdofarnesio.com.br\/wp-content\/uploads\/2017\/04\/blogqsp-lindice.jpg","type":"image\/jpeg"}],"author":"Farn\u00e9sio","twitter_card":"summary_large_image","twitter_misc":{"Escrito por":"Farn\u00e9sio","Est. tempo de leitura":"2 minutos"},"schema":{"@context":"https:\/\/schema.org","@graph":[{"@type":"Article","@id":"https:\/\/blogdofarnesio.com.br\/?p=163041#article","isPartOf":{"@id":"https:\/\/blogdofarnesio.com.br\/?p=163041"},"author":{"name":"Farn\u00e9sio","@id":"https:\/\/blogdofarnesio.com.br\/#\/schema\/person\/301c4acf522bccbfdb45af95b5b906a1"},"headline":"SENADORA L\u00cdDICE ALERTA MINISTRO PARA REVITALIZA\u00c7\u00c3O DO RIO S\u00c3O FRANCISCO","datePublished":"2017-04-06T14:00:21+00:00","mainEntityOfPage":{"@id":"https:\/\/blogdofarnesio.com.br\/?p=163041"},"wordCount":387,"commentCount":0,"publisher":{"@id":"https:\/\/blogdofarnesio.com.br\/#organization"},"image":{"@id":"https:\/\/blogdofarnesio.com.br\/?p=163041#primaryimage"},"thumbnailUrl":"https:\/\/blogdofarnesio.com.br\/wp-content\/uploads\/2017\/04\/blogqsp-lindice.jpg","articleSection":["Pol\u00edtica"],"inLanguage":"pt-BR","potentialAction":[{"@type":"CommentAction","name":"Comment","target":["https:\/\/blogdofarnesio.com.br\/?p=163041#respond"]}]},{"@type":"WebPage","@id":"https:\/\/blogdofarnesio.com.br\/?p=163041","url":"https:\/\/blogdofarnesio.com.br\/?p=163041","name":"SENADORA L\u00cdDICE ALERTA MINISTRO PARA REVITALIZA\u00c7\u00c3O DO RIO S\u00c3O FRANCISCO - Blog do Farn\u00e9sio","isPartOf":{"@id":"https:\/\/blogdofarnesio.com.br\/#website"},"primaryImageOfPage":{"@id":"https:\/\/blogdofarnesio.com.br\/?p=163041#primaryimage"},"image":{"@id":"https:\/\/blogdofarnesio.com.br\/?p=163041#primaryimage"},"thumbnailUrl":"https:\/\/blogdofarnesio.com.br\/wp-content\/uploads\/2017\/04\/blogqsp-lindice.jpg","datePublished":"2017-04-06T14:00:21+00:00","breadcrumb":{"@id":"https:\/\/blogdofarnesio.com.br\/?p=163041#breadcrumb"},"inLanguage":"pt-BR","potentialAction":[{"@type":"ReadAction","target":["https:\/\/blogdofarnesio.com.br\/?p=163041"]}]},{"@type":"ImageObject","inLanguage":"pt-BR","@id":"https:\/\/blogdofarnesio.com.br\/?p=163041#primaryimage","url":"https:\/\/blogdofarnesio.com.br\/wp-content\/uploads\/2017\/04\/blogqsp-lindice.jpg","contentUrl":"https:\/\/blogdofarnesio.com.br\/wp-content\/uploads\/2017\/04\/blogqsp-lindice.jpg","width":783,"height":531},{"@type":"BreadcrumbList","@id":"https:\/\/blogdofarnesio.com.br\/?p=163041#breadcrumb","itemListElement":[{"@type":"ListItem","position":1,"name":"In\u00edcio","item":"https:\/\/blogdofarnesio.com.br\/"},{"@type":"ListItem","position":2,"name":"SENADORA L\u00cdDICE ALERTA MINISTRO PARA REVITALIZA\u00c7\u00c3O DO RIO S\u00c3O FRANCISCO"}]},{"@type":"WebSite","@id":"https:\/\/blogdofarnesio.com.br\/#website","url":"https:\/\/blogdofarnesio.com.br\/","name":"Blog do Farn\u00e9sio","description":"Quer Saber Pol\u00edtica?","publisher":{"@id":"https:\/\/blogdofarnesio.com.br\/#organization"},"potentialAction":[{"@type":"SearchAction","target":{"@type":"EntryPoint","urlTemplate":"https:\/\/blogdofarnesio.com.br\/?s={search_term_string}"},"query-input":{"@type":"PropertyValueSpecification","valueRequired":true,"valueName":"search_term_string"}}],"inLanguage":"pt-BR"},{"@type":"Organization","@id":"https:\/\/blogdofarnesio.com.br\/#organization","name":"Blog do Farn\u00e9sio","url":"https:\/\/blogdofarnesio.com.br\/","logo":{"@type":"ImageObject","inLanguage":"pt-BR","@id":"https:\/\/blogdofarnesio.com.br\/#\/schema\/logo\/image\/","url":"https:\/\/blogdofarnesio.com.br\/wp-content\/uploads\/2026\/03\/cropped-logo_new-1.png","contentUrl":"https:\/\/blogdofarnesio.com.br\/wp-content\/uploads\/2026\/03\/cropped-logo_new-1.png","width":881,"height":685,"caption":"Blog do Farn\u00e9sio"},"image":{"@id":"https:\/\/blogdofarnesio.com.br\/#\/schema\/logo\/image\/"},"sameAs":["https:\/\/www.facebook.com\/BlogQuerSaberPolitica\/"]},{"@type":"Person","@id":"https:\/\/blogdofarnesio.com.br\/#\/schema\/person\/301c4acf522bccbfdb45af95b5b906a1","name":"Farn\u00e9sio","image":{"@type":"ImageObject","inLanguage":"pt-BR","@id":"https:\/\/secure.gravatar.com\/avatar\/df0c9a14567c056f8ad6876ba5bbd1e3e2c48023eb6807342fc4663adf549f38?s=96&d=mm&r=g","url":"https:\/\/secure.gravatar.com\/avatar\/df0c9a14567c056f8ad6876ba5bbd1e3e2c48023eb6807342fc4663adf549f38?s=96&d=mm&r=g","contentUrl":"https:\/\/secure.gravatar.com\/avatar\/df0c9a14567c056f8ad6876ba5bbd1e3e2c48023eb6807342fc4663adf549f38?s=96&d=mm&r=g","caption":"Farn\u00e9sio"},"sameAs":["https:\/\/quersaberpolitica.com.br"],"url":"https:\/\/blogdofarnesio.com.br\/?author=1"}]}},"_links":{"self":[{"href":"https:\/\/blogdofarnesio.com.br\/index.php?rest_route=\/wp\/v2\/posts\/163041","targetHints":{"allow":["GET"]}}],"collection":[{"href":"https:\/\/blogdofarnesio.com.br\/index.php?rest_route=\/wp\/v2\/posts"}],"about":[{"href":"https:\/\/blogdofarnesio.com.br\/index.php?rest_route=\/wp\/v2\/types\/post"}],"author":[{"embeddable":true,"href":"https:\/\/blogdofarnesio.com.br\/index.php?rest_route=\/wp\/v2\/users\/1"}],"replies":[{"embeddable":true,"href":"https:\/\/blogdofarnesio.com.br\/index.php?rest_route=%2Fwp%2Fv2%2Fcomments&post=163041"}],"version-history":[{"count":0,"href":"https:\/\/blogdofarnesio.com.br\/index.php?rest_route=\/wp\/v2\/posts\/163041\/revisions"}],"wp:featuredmedia":[{"embeddable":true,"href":"https:\/\/blogdofarnesio.com.br\/index.php?rest_route=\/wp\/v2\/media\/163042"}],"wp:attachment":[{"href":"https:\/\/blogdofarnesio.com.br\/index.php?rest_route=%2Fwp%2Fv2%2Fmedia&parent=163041"}],"wp:term":[{"taxonomy":"category","embeddable":true,"href":"https:\/\/blogdofarnesio.com.br\/index.php?rest_route=%2Fwp%2Fv2%2Fcategories&post=163041"},{"taxonomy":"post_tag","embeddable":true,"href":"https:\/\/blogdofarnesio.com.br\/index.php?rest_route=%2Fwp%2Fv2%2Ftags&post=163041"}],"curies":[{"name":"wp","href":"https:\/\/api.w.org\/{rel}","templated":true}]}}