{"id":163033,"date":"2017-04-06T08:04:31","date_gmt":"2017-04-06T11:04:31","guid":{"rendered":"http:\/\/quersaberpolitica.com.br\/2016\/?p=163033"},"modified":"2017-04-05T19:40:58","modified_gmt":"2017-04-05T22:40:58","slug":"stf-veta-paralisacao-de-policiais-greve-de-sujeitos-armados-nao-e-greve","status":"publish","type":"post","link":"https:\/\/blogdofarnesio.com.br\/?p=163033","title":{"rendered":"STF VETA PARALISA\u00c7\u00c3O DE POLICIAIS: &#8220;GREVE DE SUJEITOS ARMADOS N\u00c3O \u00c9 GREVE&#8221;"},"content":{"rendered":"<h1><\/h1>\n<p>O plen\u00e1rio do Supremo Tribunal Federal (STF) decidiu nesta quarta-feira (5), por 7 votos a 3, que todos os servidores que atuam diretamente na \u00e1rea de seguran\u00e7a p\u00fablica n\u00e3o podem exercer o direito de greve, sob qualquer forma ou modalidade, por desempenharem atividade essencial \u00e0 manuten\u00e7\u00e3o da ordem p\u00fablica.<\/p>\n<p>Pela tese aprovada, fica vetado o direito de greve de policiais civis, federais, rodovi\u00e1rios federais e integrantes do Corpo de Bombeiros, entre outras carreiras ligadas diretamente \u00e0 seguran\u00e7a p\u00fablica. Essas carreiras, no entanto, mant\u00eam o direito de se associar a sindicatos.<\/p>\n<p>A decis\u00e3o, que teve repercuss\u00e3o geral reconhecida e serve para balizar julgamentos em todas as inst\u00e2ncias, foi tomada no julgamento de um recurso extraordin\u00e1rio do estado de Goi\u00e1s, que questionou a legalidade de uma greve de policiais civis.<\/p>\n<p>No julgamento, prevaleceu o entendimento do ministro Alexandre Moraes, para quem o interesse p\u00fablico na manuten\u00e7\u00e3o da seguran\u00e7a e da paz social deve estar acima do interesse de determinadas categorias de servidores p\u00fablicos. Para Moraes, os policiais civis integram o bra\u00e7o armado do Estado, o que impede que fa\u00e7am greve.<\/p>\n<p>O Estado n\u00e3o faz greve. O Estado em greve \u00e9 um Estado an\u00e1rquico, e a Constitui\u00e7\u00e3o n\u00e3o permite isso.<\/p>\n<p><span id=\"more-106486\"><\/span>A maior parte dos ministros considerou ainda ser impratic\u00e1vel, por quest\u00f5es de sua pr\u00f3pria seguran\u00e7a e pela obriga\u00e7\u00e3o de fazer pris\u00f5es em flagrante mesmo fora de seu hor\u00e1rio de trabalho, que o policial civil deixe de carregar sua arma 24 horas por dia.<\/p>\n<p>\u201cIsso impediria a realiza\u00e7\u00e3o de manifesta\u00e7\u00f5es por movimentos grevistas de policiais civis, uma vez que a Constitui\u00e7\u00e3o veda reuni\u00f5es de pessoas armadas. Greve de sujeitos armados n\u00e3o \u00e9 greve\u201d, afirmou Gilmar Mendes.<\/p>\n<p>Tamb\u00e9m votaram a favor da proibi\u00e7\u00e3o da greve a presidente do STF, ministra C\u00e1rmen L\u00facia, e os ministros Luiz Roberto Barroso, Dias Toffoli, Ricardo Lewandowski, Gilmar Mendes e Luiz Fux, que destacou o que considerou consequ\u00eancias nefastas de greves anteriores de policiais civis e militares, como o aumento do n\u00famero de homic\u00eddios. <em>\u201cO direito n\u00e3o pode viver apartado da realidade\u201d,<\/em> afirmou.<\/p>\n<p>A Advocacia-Geral da Uni\u00e3o (AGU) e a Procuradoria-Geral da Rep\u00fablica (PGR) manifestaram-se pela impossibilidade de greve de policiais civis, contra o Sindicato dos Policiais Civis de Goi\u00e1s (Sindipol-GO).<\/p>\n<p><strong>Relator<\/strong><\/p>\n<p>O relator do caso, ministro Edson Fachin, votou para que fosse garantido o direito de greve dos policiais civis, embora com restri\u00e7\u00f5es.<\/p>\n<p>No confronto entre o interesse p\u00fablico de restringir a paralisa\u00e7\u00e3o de uma atividade essencial e o direito \u00e0 manifesta\u00e7\u00e3o e \u00e0 liberdade de express\u00e3o, deve-se reconhecer o peso maior ao direito de greve.<\/p>\n<p>Para conciliar o direito fundamental \u00e0 greve e o direito fundamental \u00e0 seguran\u00e7a p\u00fablica, Fachin prop\u00f4s como sa\u00edda que paralisa\u00e7\u00f5es de policiais civis fossem autorizadas previamente pelo Judici\u00e1rio, estabelecendo-se um porcentual m\u00ednimo de servidores a serem mantidos em suas fun\u00e7\u00f5es.<\/p>\n<p>Acompanharam o relator os ministros Rosa Weber e Marco Aur\u00e9lio Mello, para quem, com a decis\u00e3o, o STF \u201d afasta-se da Constitui\u00e7\u00e3o cidad\u00e3 de 1988\u2033.<\/p>\n","protected":false},"excerpt":{"rendered":"<p>O plen\u00e1rio do Supremo Tribunal Federal (STF) decidiu nesta quarta-feira (5), por 7 votos a 3, que todos os servidores que atuam diretamente na \u00e1rea de seguran\u00e7a p\u00fablica n\u00e3o podem exercer o direito de greve, sob qualquer forma ou modalidade, por desempenharem atividade essencial \u00e0 manuten\u00e7\u00e3o da ordem p\u00fablica. Pela tese aprovada, fica vetado o direito de greve de policiais civis, federais, rodovi\u00e1rios federais e integrantes do Corpo de Bombeiros, entre outras carreiras ligadas diretamente \u00e0 seguran\u00e7a p\u00fablica. Essas carreiras, no entanto, mant\u00eam o direito de se associar a sindicatos. A decis\u00e3o, que teve repercuss\u00e3o geral reconhecida e serve para balizar julgamentos em todas as inst\u00e2ncias, foi tomada no julgamento de um recurso extraordin\u00e1rio do estado de Goi\u00e1s, que questionou&hellip; <\/p>\n","protected":false},"author":1,"featured_media":152430,"comment_status":"open","ping_status":"open","sticky":false,"template":"","format":"standard","meta":{"_acf_changed":false,"footnotes":""},"categories":[23,5],"tags":[],"class_list":["post-163033","post","type-post","status-publish","format-standard","has-post-thumbnail","hentry","category-justica","category-seguranca"],"acf":[],"yoast_head":"<!-- This site is optimized with the Yoast SEO plugin v27.4 - https:\/\/yoast.com\/product\/yoast-seo-wordpress\/ -->\n<title>STF VETA PARALISA\u00c7\u00c3O DE POLICIAIS: &quot;GREVE DE SUJEITOS ARMADOS N\u00c3O \u00c9 GREVE&quot; - Blog do Farn\u00e9sio<\/title>\n<meta name=\"robots\" content=\"index, follow, max-snippet:-1, max-image-preview:large, max-video-preview:-1\" \/>\n<link rel=\"canonical\" href=\"https:\/\/blogdofarnesio.com.br\/?p=163033\" \/>\n<meta property=\"og:locale\" content=\"pt_BR\" \/>\n<meta property=\"og:type\" content=\"article\" \/>\n<meta property=\"og:title\" content=\"STF VETA PARALISA\u00c7\u00c3O DE POLICIAIS: &quot;GREVE DE SUJEITOS ARMADOS N\u00c3O \u00c9 GREVE&quot; - Blog do Farn\u00e9sio\" \/>\n<meta property=\"og:description\" content=\"O plen\u00e1rio do Supremo Tribunal Federal (STF) decidiu nesta quarta-feira (5), por 7 votos a 3, que todos os servidores que atuam diretamente na \u00e1rea de seguran\u00e7a p\u00fablica n\u00e3o podem exercer o direito de greve, sob qualquer forma ou modalidade, por desempenharem atividade essencial \u00e0 manuten\u00e7\u00e3o da ordem p\u00fablica. Pela tese aprovada, fica vetado o direito de greve de policiais civis, federais, rodovi\u00e1rios federais e integrantes do Corpo de Bombeiros, entre outras carreiras ligadas diretamente \u00e0 seguran\u00e7a p\u00fablica. Essas carreiras, no entanto, mant\u00eam o direito de se associar a sindicatos. A decis\u00e3o, que teve repercuss\u00e3o geral reconhecida e serve para balizar julgamentos em todas as inst\u00e2ncias, foi tomada no julgamento de um recurso extraordin\u00e1rio do estado de Goi\u00e1s, que questionou&hellip;\" \/>\n<meta property=\"og:url\" content=\"https:\/\/blogdofarnesio.com.br\/?p=163033\" \/>\n<meta property=\"og:site_name\" content=\"Blog do Farn\u00e9sio\" \/>\n<meta property=\"article:publisher\" content=\"https:\/\/www.facebook.com\/BlogQuerSaberPolitica\/\" \/>\n<meta property=\"article:published_time\" content=\"2017-04-06T11:04:31+00:00\" \/>\n<meta property=\"og:image\" content=\"https:\/\/blogdofarnesio.com.br\/wp-content\/uploads\/2016\/12\/blogqspgrevecivil0.jpg\" \/>\n\t<meta property=\"og:image:width\" content=\"259\" \/>\n\t<meta property=\"og:image:height\" content=\"195\" \/>\n\t<meta property=\"og:image:type\" content=\"image\/jpeg\" \/>\n<meta name=\"author\" content=\"Farn\u00e9sio\" \/>\n<meta name=\"twitter:card\" content=\"summary_large_image\" \/>\n<meta name=\"twitter:label1\" content=\"Escrito por\" \/>\n\t<meta name=\"twitter:data1\" content=\"Farn\u00e9sio\" \/>\n\t<meta name=\"twitter:label2\" content=\"Est. tempo de leitura\" \/>\n\t<meta name=\"twitter:data2\" content=\"3 minutos\" \/>\n<script type=\"application\/ld+json\" class=\"yoast-schema-graph\">{\"@context\":\"https:\\\/\\\/schema.org\",\"@graph\":[{\"@type\":\"Article\",\"@id\":\"https:\\\/\\\/blogdofarnesio.com.br\\\/?p=163033#article\",\"isPartOf\":{\"@id\":\"https:\\\/\\\/blogdofarnesio.com.br\\\/?p=163033\"},\"author\":{\"name\":\"Farn\u00e9sio\",\"@id\":\"https:\\\/\\\/blogdofarnesio.com.br\\\/#\\\/schema\\\/person\\\/301c4acf522bccbfdb45af95b5b906a1\"},\"headline\":\"STF VETA PARALISA\u00c7\u00c3O DE POLICIAIS: &#8220;GREVE DE SUJEITOS ARMADOS N\u00c3O \u00c9 GREVE&#8221;\",\"datePublished\":\"2017-04-06T11:04:31+00:00\",\"mainEntityOfPage\":{\"@id\":\"https:\\\/\\\/blogdofarnesio.com.br\\\/?p=163033\"},\"wordCount\":545,\"commentCount\":0,\"publisher\":{\"@id\":\"https:\\\/\\\/blogdofarnesio.com.br\\\/#organization\"},\"image\":{\"@id\":\"https:\\\/\\\/blogdofarnesio.com.br\\\/?p=163033#primaryimage\"},\"thumbnailUrl\":\"https:\\\/\\\/blogdofarnesio.com.br\\\/wp-content\\\/uploads\\\/2016\\\/12\\\/blogqspgrevecivil0.jpg\",\"articleSection\":[\"Justi\u00e7a\",\"Seguran\u00e7a\"],\"inLanguage\":\"pt-BR\",\"potentialAction\":[{\"@type\":\"CommentAction\",\"name\":\"Comment\",\"target\":[\"https:\\\/\\\/blogdofarnesio.com.br\\\/?p=163033#respond\"]}]},{\"@type\":\"WebPage\",\"@id\":\"https:\\\/\\\/blogdofarnesio.com.br\\\/?p=163033\",\"url\":\"https:\\\/\\\/blogdofarnesio.com.br\\\/?p=163033\",\"name\":\"STF VETA PARALISA\u00c7\u00c3O DE POLICIAIS: \\\"GREVE DE SUJEITOS ARMADOS N\u00c3O \u00c9 GREVE\\\" - Blog do Farn\u00e9sio\",\"isPartOf\":{\"@id\":\"https:\\\/\\\/blogdofarnesio.com.br\\\/#website\"},\"primaryImageOfPage\":{\"@id\":\"https:\\\/\\\/blogdofarnesio.com.br\\\/?p=163033#primaryimage\"},\"image\":{\"@id\":\"https:\\\/\\\/blogdofarnesio.com.br\\\/?p=163033#primaryimage\"},\"thumbnailUrl\":\"https:\\\/\\\/blogdofarnesio.com.br\\\/wp-content\\\/uploads\\\/2016\\\/12\\\/blogqspgrevecivil0.jpg\",\"datePublished\":\"2017-04-06T11:04:31+00:00\",\"breadcrumb\":{\"@id\":\"https:\\\/\\\/blogdofarnesio.com.br\\\/?p=163033#breadcrumb\"},\"inLanguage\":\"pt-BR\",\"potentialAction\":[{\"@type\":\"ReadAction\",\"target\":[\"https:\\\/\\\/blogdofarnesio.com.br\\\/?p=163033\"]}]},{\"@type\":\"ImageObject\",\"inLanguage\":\"pt-BR\",\"@id\":\"https:\\\/\\\/blogdofarnesio.com.br\\\/?p=163033#primaryimage\",\"url\":\"https:\\\/\\\/blogdofarnesio.com.br\\\/wp-content\\\/uploads\\\/2016\\\/12\\\/blogqspgrevecivil0.jpg\",\"contentUrl\":\"https:\\\/\\\/blogdofarnesio.com.br\\\/wp-content\\\/uploads\\\/2016\\\/12\\\/blogqspgrevecivil0.jpg\",\"width\":259,\"height\":195},{\"@type\":\"BreadcrumbList\",\"@id\":\"https:\\\/\\\/blogdofarnesio.com.br\\\/?p=163033#breadcrumb\",\"itemListElement\":[{\"@type\":\"ListItem\",\"position\":1,\"name\":\"In\u00edcio\",\"item\":\"https:\\\/\\\/blogdofarnesio.com.br\\\/\"},{\"@type\":\"ListItem\",\"position\":2,\"name\":\"STF VETA PARALISA\u00c7\u00c3O DE POLICIAIS: &#8220;GREVE DE SUJEITOS ARMADOS N\u00c3O \u00c9 GREVE&#8221;\"}]},{\"@type\":\"WebSite\",\"@id\":\"https:\\\/\\\/blogdofarnesio.com.br\\\/#website\",\"url\":\"https:\\\/\\\/blogdofarnesio.com.br\\\/\",\"name\":\"Blog do Farn\u00e9sio\",\"description\":\"Quer Saber Pol\u00edtica?\",\"publisher\":{\"@id\":\"https:\\\/\\\/blogdofarnesio.com.br\\\/#organization\"},\"potentialAction\":[{\"@type\":\"SearchAction\",\"target\":{\"@type\":\"EntryPoint\",\"urlTemplate\":\"https:\\\/\\\/blogdofarnesio.com.br\\\/?s={search_term_string}\"},\"query-input\":{\"@type\":\"PropertyValueSpecification\",\"valueRequired\":true,\"valueName\":\"search_term_string\"}}],\"inLanguage\":\"pt-BR\"},{\"@type\":\"Organization\",\"@id\":\"https:\\\/\\\/blogdofarnesio.com.br\\\/#organization\",\"name\":\"Blog do Farn\u00e9sio\",\"url\":\"https:\\\/\\\/blogdofarnesio.com.br\\\/\",\"logo\":{\"@type\":\"ImageObject\",\"inLanguage\":\"pt-BR\",\"@id\":\"https:\\\/\\\/blogdofarnesio.com.br\\\/#\\\/schema\\\/logo\\\/image\\\/\",\"url\":\"https:\\\/\\\/blogdofarnesio.com.br\\\/wp-content\\\/uploads\\\/2026\\\/03\\\/cropped-logo_new-1.png\",\"contentUrl\":\"https:\\\/\\\/blogdofarnesio.com.br\\\/wp-content\\\/uploads\\\/2026\\\/03\\\/cropped-logo_new-1.png\",\"width\":881,\"height\":685,\"caption\":\"Blog do Farn\u00e9sio\"},\"image\":{\"@id\":\"https:\\\/\\\/blogdofarnesio.com.br\\\/#\\\/schema\\\/logo\\\/image\\\/\"},\"sameAs\":[\"https:\\\/\\\/www.facebook.com\\\/BlogQuerSaberPolitica\\\/\"]},{\"@type\":\"Person\",\"@id\":\"https:\\\/\\\/blogdofarnesio.com.br\\\/#\\\/schema\\\/person\\\/301c4acf522bccbfdb45af95b5b906a1\",\"name\":\"Farn\u00e9sio\",\"image\":{\"@type\":\"ImageObject\",\"inLanguage\":\"pt-BR\",\"@id\":\"https:\\\/\\\/secure.gravatar.com\\\/avatar\\\/df0c9a14567c056f8ad6876ba5bbd1e3e2c48023eb6807342fc4663adf549f38?s=96&d=mm&r=g\",\"url\":\"https:\\\/\\\/secure.gravatar.com\\\/avatar\\\/df0c9a14567c056f8ad6876ba5bbd1e3e2c48023eb6807342fc4663adf549f38?s=96&d=mm&r=g\",\"contentUrl\":\"https:\\\/\\\/secure.gravatar.com\\\/avatar\\\/df0c9a14567c056f8ad6876ba5bbd1e3e2c48023eb6807342fc4663adf549f38?s=96&d=mm&r=g\",\"caption\":\"Farn\u00e9sio\"},\"sameAs\":[\"https:\\\/\\\/quersaberpolitica.com.br\"],\"url\":\"https:\\\/\\\/blogdofarnesio.com.br\\\/?author=1\"}]}<\/script>\n<!-- \/ Yoast SEO plugin. -->","yoast_head_json":{"title":"STF VETA PARALISA\u00c7\u00c3O DE POLICIAIS: \"GREVE DE SUJEITOS ARMADOS N\u00c3O \u00c9 GREVE\" - Blog do Farn\u00e9sio","robots":{"index":"index","follow":"follow","max-snippet":"max-snippet:-1","max-image-preview":"max-image-preview:large","max-video-preview":"max-video-preview:-1"},"canonical":"https:\/\/blogdofarnesio.com.br\/?p=163033","og_locale":"pt_BR","og_type":"article","og_title":"STF VETA PARALISA\u00c7\u00c3O DE POLICIAIS: \"GREVE DE SUJEITOS ARMADOS N\u00c3O \u00c9 GREVE\" - Blog do Farn\u00e9sio","og_description":"O plen\u00e1rio do Supremo Tribunal Federal (STF) decidiu nesta quarta-feira (5), por 7 votos a 3, que todos os servidores que atuam diretamente na \u00e1rea de seguran\u00e7a p\u00fablica n\u00e3o podem exercer o direito de greve, sob qualquer forma ou modalidade, por desempenharem atividade essencial \u00e0 manuten\u00e7\u00e3o da ordem p\u00fablica. Pela tese aprovada, fica vetado o direito de greve de policiais civis, federais, rodovi\u00e1rios federais e integrantes do Corpo de Bombeiros, entre outras carreiras ligadas diretamente \u00e0 seguran\u00e7a p\u00fablica. Essas carreiras, no entanto, mant\u00eam o direito de se associar a sindicatos. A decis\u00e3o, que teve repercuss\u00e3o geral reconhecida e serve para balizar julgamentos em todas as inst\u00e2ncias, foi tomada no julgamento de um recurso extraordin\u00e1rio do estado de Goi\u00e1s, que questionou&hellip;","og_url":"https:\/\/blogdofarnesio.com.br\/?p=163033","og_site_name":"Blog do Farn\u00e9sio","article_publisher":"https:\/\/www.facebook.com\/BlogQuerSaberPolitica\/","article_published_time":"2017-04-06T11:04:31+00:00","og_image":[{"width":259,"height":195,"url":"https:\/\/blogdofarnesio.com.br\/wp-content\/uploads\/2016\/12\/blogqspgrevecivil0.jpg","type":"image\/jpeg"}],"author":"Farn\u00e9sio","twitter_card":"summary_large_image","twitter_misc":{"Escrito por":"Farn\u00e9sio","Est. tempo de leitura":"3 minutos"},"schema":{"@context":"https:\/\/schema.org","@graph":[{"@type":"Article","@id":"https:\/\/blogdofarnesio.com.br\/?p=163033#article","isPartOf":{"@id":"https:\/\/blogdofarnesio.com.br\/?p=163033"},"author":{"name":"Farn\u00e9sio","@id":"https:\/\/blogdofarnesio.com.br\/#\/schema\/person\/301c4acf522bccbfdb45af95b5b906a1"},"headline":"STF VETA PARALISA\u00c7\u00c3O DE POLICIAIS: &#8220;GREVE DE SUJEITOS ARMADOS N\u00c3O \u00c9 GREVE&#8221;","datePublished":"2017-04-06T11:04:31+00:00","mainEntityOfPage":{"@id":"https:\/\/blogdofarnesio.com.br\/?p=163033"},"wordCount":545,"commentCount":0,"publisher":{"@id":"https:\/\/blogdofarnesio.com.br\/#organization"},"image":{"@id":"https:\/\/blogdofarnesio.com.br\/?p=163033#primaryimage"},"thumbnailUrl":"https:\/\/blogdofarnesio.com.br\/wp-content\/uploads\/2016\/12\/blogqspgrevecivil0.jpg","articleSection":["Justi\u00e7a","Seguran\u00e7a"],"inLanguage":"pt-BR","potentialAction":[{"@type":"CommentAction","name":"Comment","target":["https:\/\/blogdofarnesio.com.br\/?p=163033#respond"]}]},{"@type":"WebPage","@id":"https:\/\/blogdofarnesio.com.br\/?p=163033","url":"https:\/\/blogdofarnesio.com.br\/?p=163033","name":"STF VETA PARALISA\u00c7\u00c3O DE POLICIAIS: \"GREVE DE SUJEITOS ARMADOS N\u00c3O \u00c9 GREVE\" - Blog do Farn\u00e9sio","isPartOf":{"@id":"https:\/\/blogdofarnesio.com.br\/#website"},"primaryImageOfPage":{"@id":"https:\/\/blogdofarnesio.com.br\/?p=163033#primaryimage"},"image":{"@id":"https:\/\/blogdofarnesio.com.br\/?p=163033#primaryimage"},"thumbnailUrl":"https:\/\/blogdofarnesio.com.br\/wp-content\/uploads\/2016\/12\/blogqspgrevecivil0.jpg","datePublished":"2017-04-06T11:04:31+00:00","breadcrumb":{"@id":"https:\/\/blogdofarnesio.com.br\/?p=163033#breadcrumb"},"inLanguage":"pt-BR","potentialAction":[{"@type":"ReadAction","target":["https:\/\/blogdofarnesio.com.br\/?p=163033"]}]},{"@type":"ImageObject","inLanguage":"pt-BR","@id":"https:\/\/blogdofarnesio.com.br\/?p=163033#primaryimage","url":"https:\/\/blogdofarnesio.com.br\/wp-content\/uploads\/2016\/12\/blogqspgrevecivil0.jpg","contentUrl":"https:\/\/blogdofarnesio.com.br\/wp-content\/uploads\/2016\/12\/blogqspgrevecivil0.jpg","width":259,"height":195},{"@type":"BreadcrumbList","@id":"https:\/\/blogdofarnesio.com.br\/?p=163033#breadcrumb","itemListElement":[{"@type":"ListItem","position":1,"name":"In\u00edcio","item":"https:\/\/blogdofarnesio.com.br\/"},{"@type":"ListItem","position":2,"name":"STF VETA PARALISA\u00c7\u00c3O DE POLICIAIS: &#8220;GREVE DE SUJEITOS ARMADOS N\u00c3O \u00c9 GREVE&#8221;"}]},{"@type":"WebSite","@id":"https:\/\/blogdofarnesio.com.br\/#website","url":"https:\/\/blogdofarnesio.com.br\/","name":"Blog do Farn\u00e9sio","description":"Quer Saber Pol\u00edtica?","publisher":{"@id":"https:\/\/blogdofarnesio.com.br\/#organization"},"potentialAction":[{"@type":"SearchAction","target":{"@type":"EntryPoint","urlTemplate":"https:\/\/blogdofarnesio.com.br\/?s={search_term_string}"},"query-input":{"@type":"PropertyValueSpecification","valueRequired":true,"valueName":"search_term_string"}}],"inLanguage":"pt-BR"},{"@type":"Organization","@id":"https:\/\/blogdofarnesio.com.br\/#organization","name":"Blog do Farn\u00e9sio","url":"https:\/\/blogdofarnesio.com.br\/","logo":{"@type":"ImageObject","inLanguage":"pt-BR","@id":"https:\/\/blogdofarnesio.com.br\/#\/schema\/logo\/image\/","url":"https:\/\/blogdofarnesio.com.br\/wp-content\/uploads\/2026\/03\/cropped-logo_new-1.png","contentUrl":"https:\/\/blogdofarnesio.com.br\/wp-content\/uploads\/2026\/03\/cropped-logo_new-1.png","width":881,"height":685,"caption":"Blog do Farn\u00e9sio"},"image":{"@id":"https:\/\/blogdofarnesio.com.br\/#\/schema\/logo\/image\/"},"sameAs":["https:\/\/www.facebook.com\/BlogQuerSaberPolitica\/"]},{"@type":"Person","@id":"https:\/\/blogdofarnesio.com.br\/#\/schema\/person\/301c4acf522bccbfdb45af95b5b906a1","name":"Farn\u00e9sio","image":{"@type":"ImageObject","inLanguage":"pt-BR","@id":"https:\/\/secure.gravatar.com\/avatar\/df0c9a14567c056f8ad6876ba5bbd1e3e2c48023eb6807342fc4663adf549f38?s=96&d=mm&r=g","url":"https:\/\/secure.gravatar.com\/avatar\/df0c9a14567c056f8ad6876ba5bbd1e3e2c48023eb6807342fc4663adf549f38?s=96&d=mm&r=g","contentUrl":"https:\/\/secure.gravatar.com\/avatar\/df0c9a14567c056f8ad6876ba5bbd1e3e2c48023eb6807342fc4663adf549f38?s=96&d=mm&r=g","caption":"Farn\u00e9sio"},"sameAs":["https:\/\/quersaberpolitica.com.br"],"url":"https:\/\/blogdofarnesio.com.br\/?author=1"}]}},"_links":{"self":[{"href":"https:\/\/blogdofarnesio.com.br\/index.php?rest_route=\/wp\/v2\/posts\/163033","targetHints":{"allow":["GET"]}}],"collection":[{"href":"https:\/\/blogdofarnesio.com.br\/index.php?rest_route=\/wp\/v2\/posts"}],"about":[{"href":"https:\/\/blogdofarnesio.com.br\/index.php?rest_route=\/wp\/v2\/types\/post"}],"author":[{"embeddable":true,"href":"https:\/\/blogdofarnesio.com.br\/index.php?rest_route=\/wp\/v2\/users\/1"}],"replies":[{"embeddable":true,"href":"https:\/\/blogdofarnesio.com.br\/index.php?rest_route=%2Fwp%2Fv2%2Fcomments&post=163033"}],"version-history":[{"count":0,"href":"https:\/\/blogdofarnesio.com.br\/index.php?rest_route=\/wp\/v2\/posts\/163033\/revisions"}],"wp:featuredmedia":[{"embeddable":true,"href":"https:\/\/blogdofarnesio.com.br\/index.php?rest_route=\/wp\/v2\/media\/152430"}],"wp:attachment":[{"href":"https:\/\/blogdofarnesio.com.br\/index.php?rest_route=%2Fwp%2Fv2%2Fmedia&parent=163033"}],"wp:term":[{"taxonomy":"category","embeddable":true,"href":"https:\/\/blogdofarnesio.com.br\/index.php?rest_route=%2Fwp%2Fv2%2Fcategories&post=163033"},{"taxonomy":"post_tag","embeddable":true,"href":"https:\/\/blogdofarnesio.com.br\/index.php?rest_route=%2Fwp%2Fv2%2Ftags&post=163033"}],"curies":[{"name":"wp","href":"https:\/\/api.w.org\/{rel}","templated":true}]}}