{"id":163029,"date":"2017-04-06T07:21:13","date_gmt":"2017-04-06T10:21:13","guid":{"rendered":"http:\/\/quersaberpolitica.com.br\/2016\/?p=163029"},"modified":"2017-04-05T19:32:51","modified_gmt":"2017-04-05T22:32:51","slug":"de-brasilia-para-dormentes","status":"publish","type":"post","link":"https:\/\/blogdofarnesio.com.br\/?p=163029","title":{"rendered":"DE BRAS\u00cdLIA PARA DORMENTES"},"content":{"rendered":"<p><strong>SENADOR FERNANDO BEZERRA ABRE PORTAS PARA O PREFEITO GEOMARCOS EM BRAS\u00cdLIA<\/strong><\/p>\n<p>Atento \u00e0s demandas da popula\u00e7\u00e3o de Dormentes (PE), o senador Fernando Bezerra Coelho (PSB-PE) acompanhou o prefeito do munic\u00edpio, Geomarco Coelho (PSB), em audi\u00eancias com ministros e outras autoridades do governo federal, nesta quarta-feira (5), em Bras\u00edlia. Eles se reuniram com a presidente da Companhia de Desenvolvimento dos Vales do S\u00e3o Francisco e do Parna\u00edba (Codevasf), K\u00eania Marcelino, e com os ministros das Cidades, o tamb\u00e9m pernambucano Bruno Ara\u00fajo, e da Sa\u00fade, Ricardo Barros. Em pauta, o apoio do governo para a execu\u00e7\u00e3o de a\u00e7\u00f5es em Dormentes, como a amplia\u00e7\u00e3o da rede de esgoto e\u00a0mais unidades habitacionais do Programa Minha Casa Minha Vida.<\/p>\n<p>A primeira agenda de trabalho ocorreu no gabinete de Fernando Bezerra, no Senado, com a presidente da Codevasf. \u201cO objetivo \u00e9 ajudar o prefeito a viabilizar projetos em benef\u00edcio \u00e0 popula\u00e7\u00e3o de Dormentes e regi\u00e3o\u201d, destacou o senador. Al\u00e9m de recursos complementares para a melhoria do sistema de esgoto do munic\u00edpio, Geomarco Coelho solicitou, \u00e0 K\u00eania Marcelino, recursos federais para a implementa\u00e7\u00e3o de um abatedouro e centro de beneficiamento na \u00e1rea da caprinocultura. \u201cNossa ideia \u00e9 incluir Dormentes na Rota do Cordeiro, uma forma de tamb\u00e9m agregar mais valor ao produto (caprinos)\u201d, explicou o prefeito. \u201cVamos estudar todas as formas poss\u00edveis de atendermos estas demandas\u201d, afirmou a presidente da Codevasf.<\/p>\n<p>No Minist\u00e9rio das Cidades, Fernando Bezerra e Geomarco Coelho apresentaram a Bruno Ara\u00fajo\u00a0projetos de pavimenta\u00e7\u00e3o asf\u00e1ltica de ruas e avenidas de Dormentes. Tamb\u00e9m solicitaram a amplia\u00e7\u00e3o do Minha Casa Minha Vida a partir da constru\u00e7\u00e3o de mais 200 unidades do programa, chegando-se a 900 resid\u00eancias no munic\u00edpio.<\/p>\n<p>Ainda nesta noite, o senador e o prefeito ser\u00e3o recebidos pelo ministro da Sa\u00fade. Para Ricardo Barros, Fernando Bezerra e Geomarco Coelho v\u00e3o solicitar a cria\u00e7\u00e3o de leitos de retaguarda (para interna\u00e7\u00f5es em casos de m\u00e9dia complexidade) ao Hospital Nossa Senhora da Paz.<\/p>\n<p>Assessoria de Imprensa<\/p>\n","protected":false},"excerpt":{"rendered":"<p>SENADOR FERNANDO BEZERRA ABRE PORTAS PARA O PREFEITO GEOMARCOS EM BRAS\u00cdLIA Atento \u00e0s demandas da popula\u00e7\u00e3o de Dormentes (PE), o senador Fernando Bezerra Coelho (PSB-PE) acompanhou o prefeito do munic\u00edpio, Geomarco Coelho (PSB), em audi\u00eancias com ministros e outras autoridades do governo federal, nesta quarta-feira (5), em Bras\u00edlia. Eles se reuniram com a presidente da Companhia de Desenvolvimento dos Vales do S\u00e3o Francisco e do Parna\u00edba (Codevasf), K\u00eania Marcelino, e com os ministros das Cidades, o tamb\u00e9m pernambucano Bruno Ara\u00fajo, e da Sa\u00fade, Ricardo Barros. Em pauta, o apoio do governo para a execu\u00e7\u00e3o de a\u00e7\u00f5es em Dormentes, como a amplia\u00e7\u00e3o da rede de esgoto e\u00a0mais unidades habitacionais do Programa Minha Casa Minha Vida. A primeira agenda de trabalho ocorreu&hellip; <\/p>\n","protected":false},"author":1,"featured_media":163031,"comment_status":"open","ping_status":"open","sticky":false,"template":"","format":"standard","meta":{"_acf_changed":false,"footnotes":""},"categories":[27],"tags":[],"class_list":["post-163029","post","type-post","status-publish","format-standard","has-post-thumbnail","hentry","category-cidades"],"acf":[],"yoast_head":"<!-- This site is optimized with the Yoast SEO plugin v27.4 - https:\/\/yoast.com\/product\/yoast-seo-wordpress\/ -->\n<title>DE BRAS\u00cdLIA PARA DORMENTES - Blog do Farn\u00e9sio<\/title>\n<meta name=\"robots\" content=\"index, follow, max-snippet:-1, max-image-preview:large, max-video-preview:-1\" \/>\n<link rel=\"canonical\" href=\"https:\/\/blogdofarnesio.com.br\/?p=163029\" \/>\n<meta property=\"og:locale\" content=\"pt_BR\" \/>\n<meta property=\"og:type\" content=\"article\" \/>\n<meta property=\"og:title\" content=\"DE BRAS\u00cdLIA PARA DORMENTES - Blog do Farn\u00e9sio\" \/>\n<meta property=\"og:description\" content=\"SENADOR FERNANDO BEZERRA ABRE PORTAS PARA O PREFEITO GEOMARCOS EM BRAS\u00cdLIA Atento \u00e0s demandas da popula\u00e7\u00e3o de Dormentes (PE), o senador Fernando Bezerra Coelho (PSB-PE) acompanhou o prefeito do munic\u00edpio, Geomarco Coelho (PSB), em audi\u00eancias com ministros e outras autoridades do governo federal, nesta quarta-feira (5), em Bras\u00edlia. Eles se reuniram com a presidente da Companhia de Desenvolvimento dos Vales do S\u00e3o Francisco e do Parna\u00edba (Codevasf), K\u00eania Marcelino, e com os ministros das Cidades, o tamb\u00e9m pernambucano Bruno Ara\u00fajo, e da Sa\u00fade, Ricardo Barros. Em pauta, o apoio do governo para a execu\u00e7\u00e3o de a\u00e7\u00f5es em Dormentes, como a amplia\u00e7\u00e3o da rede de esgoto e\u00a0mais unidades habitacionais do Programa Minha Casa Minha Vida. A primeira agenda de trabalho ocorreu&hellip;\" \/>\n<meta property=\"og:url\" content=\"https:\/\/blogdofarnesio.com.br\/?p=163029\" \/>\n<meta property=\"og:site_name\" content=\"Blog do Farn\u00e9sio\" \/>\n<meta property=\"article:publisher\" content=\"https:\/\/www.facebook.com\/BlogQuerSaberPolitica\/\" \/>\n<meta property=\"article:published_time\" content=\"2017-04-06T10:21:13+00:00\" \/>\n<meta property=\"og:image\" content=\"https:\/\/blogdofarnesio.com.br\/wp-content\/uploads\/2017\/04\/BlogqspfbcgeomarcospresCodevasf_Dormentes.jpg\" \/>\n\t<meta property=\"og:image:width\" content=\"640\" \/>\n\t<meta property=\"og:image:height\" content=\"426\" \/>\n\t<meta property=\"og:image:type\" content=\"image\/jpeg\" \/>\n<meta name=\"author\" content=\"Farn\u00e9sio\" \/>\n<meta name=\"twitter:card\" content=\"summary_large_image\" \/>\n<meta name=\"twitter:label1\" content=\"Escrito por\" \/>\n\t<meta name=\"twitter:data1\" content=\"Farn\u00e9sio\" \/>\n\t<meta name=\"twitter:label2\" content=\"Est. tempo de leitura\" \/>\n\t<meta name=\"twitter:data2\" content=\"2 minutos\" \/>\n<script type=\"application\/ld+json\" class=\"yoast-schema-graph\">{\"@context\":\"https:\\\/\\\/schema.org\",\"@graph\":[{\"@type\":\"Article\",\"@id\":\"https:\\\/\\\/blogdofarnesio.com.br\\\/?p=163029#article\",\"isPartOf\":{\"@id\":\"https:\\\/\\\/blogdofarnesio.com.br\\\/?p=163029\"},\"author\":{\"name\":\"Farn\u00e9sio\",\"@id\":\"https:\\\/\\\/blogdofarnesio.com.br\\\/#\\\/schema\\\/person\\\/301c4acf522bccbfdb45af95b5b906a1\"},\"headline\":\"DE BRAS\u00cdLIA PARA DORMENTES\",\"datePublished\":\"2017-04-06T10:21:13+00:00\",\"mainEntityOfPage\":{\"@id\":\"https:\\\/\\\/blogdofarnesio.com.br\\\/?p=163029\"},\"wordCount\":355,\"commentCount\":0,\"publisher\":{\"@id\":\"https:\\\/\\\/blogdofarnesio.com.br\\\/#organization\"},\"image\":{\"@id\":\"https:\\\/\\\/blogdofarnesio.com.br\\\/?p=163029#primaryimage\"},\"thumbnailUrl\":\"https:\\\/\\\/blogdofarnesio.com.br\\\/wp-content\\\/uploads\\\/2017\\\/04\\\/BlogqspfbcgeomarcospresCodevasf_Dormentes.jpg\",\"articleSection\":[\"Cidades\"],\"inLanguage\":\"pt-BR\",\"potentialAction\":[{\"@type\":\"CommentAction\",\"name\":\"Comment\",\"target\":[\"https:\\\/\\\/blogdofarnesio.com.br\\\/?p=163029#respond\"]}]},{\"@type\":\"WebPage\",\"@id\":\"https:\\\/\\\/blogdofarnesio.com.br\\\/?p=163029\",\"url\":\"https:\\\/\\\/blogdofarnesio.com.br\\\/?p=163029\",\"name\":\"DE BRAS\u00cdLIA PARA DORMENTES - Blog do Farn\u00e9sio\",\"isPartOf\":{\"@id\":\"https:\\\/\\\/blogdofarnesio.com.br\\\/#website\"},\"primaryImageOfPage\":{\"@id\":\"https:\\\/\\\/blogdofarnesio.com.br\\\/?p=163029#primaryimage\"},\"image\":{\"@id\":\"https:\\\/\\\/blogdofarnesio.com.br\\\/?p=163029#primaryimage\"},\"thumbnailUrl\":\"https:\\\/\\\/blogdofarnesio.com.br\\\/wp-content\\\/uploads\\\/2017\\\/04\\\/BlogqspfbcgeomarcospresCodevasf_Dormentes.jpg\",\"datePublished\":\"2017-04-06T10:21:13+00:00\",\"breadcrumb\":{\"@id\":\"https:\\\/\\\/blogdofarnesio.com.br\\\/?p=163029#breadcrumb\"},\"inLanguage\":\"pt-BR\",\"potentialAction\":[{\"@type\":\"ReadAction\",\"target\":[\"https:\\\/\\\/blogdofarnesio.com.br\\\/?p=163029\"]}]},{\"@type\":\"ImageObject\",\"inLanguage\":\"pt-BR\",\"@id\":\"https:\\\/\\\/blogdofarnesio.com.br\\\/?p=163029#primaryimage\",\"url\":\"https:\\\/\\\/blogdofarnesio.com.br\\\/wp-content\\\/uploads\\\/2017\\\/04\\\/BlogqspfbcgeomarcospresCodevasf_Dormentes.jpg\",\"contentUrl\":\"https:\\\/\\\/blogdofarnesio.com.br\\\/wp-content\\\/uploads\\\/2017\\\/04\\\/BlogqspfbcgeomarcospresCodevasf_Dormentes.jpg\",\"width\":640,\"height\":426},{\"@type\":\"BreadcrumbList\",\"@id\":\"https:\\\/\\\/blogdofarnesio.com.br\\\/?p=163029#breadcrumb\",\"itemListElement\":[{\"@type\":\"ListItem\",\"position\":1,\"name\":\"In\u00edcio\",\"item\":\"https:\\\/\\\/blogdofarnesio.com.br\\\/\"},{\"@type\":\"ListItem\",\"position\":2,\"name\":\"DE BRAS\u00cdLIA PARA DORMENTES\"}]},{\"@type\":\"WebSite\",\"@id\":\"https:\\\/\\\/blogdofarnesio.com.br\\\/#website\",\"url\":\"https:\\\/\\\/blogdofarnesio.com.br\\\/\",\"name\":\"Blog do Farn\u00e9sio\",\"description\":\"Quer Saber Pol\u00edtica?\",\"publisher\":{\"@id\":\"https:\\\/\\\/blogdofarnesio.com.br\\\/#organization\"},\"potentialAction\":[{\"@type\":\"SearchAction\",\"target\":{\"@type\":\"EntryPoint\",\"urlTemplate\":\"https:\\\/\\\/blogdofarnesio.com.br\\\/?s={search_term_string}\"},\"query-input\":{\"@type\":\"PropertyValueSpecification\",\"valueRequired\":true,\"valueName\":\"search_term_string\"}}],\"inLanguage\":\"pt-BR\"},{\"@type\":\"Organization\",\"@id\":\"https:\\\/\\\/blogdofarnesio.com.br\\\/#organization\",\"name\":\"Blog do Farn\u00e9sio\",\"url\":\"https:\\\/\\\/blogdofarnesio.com.br\\\/\",\"logo\":{\"@type\":\"ImageObject\",\"inLanguage\":\"pt-BR\",\"@id\":\"https:\\\/\\\/blogdofarnesio.com.br\\\/#\\\/schema\\\/logo\\\/image\\\/\",\"url\":\"https:\\\/\\\/blogdofarnesio.com.br\\\/wp-content\\\/uploads\\\/2026\\\/03\\\/cropped-logo_new-1.png\",\"contentUrl\":\"https:\\\/\\\/blogdofarnesio.com.br\\\/wp-content\\\/uploads\\\/2026\\\/03\\\/cropped-logo_new-1.png\",\"width\":881,\"height\":685,\"caption\":\"Blog do Farn\u00e9sio\"},\"image\":{\"@id\":\"https:\\\/\\\/blogdofarnesio.com.br\\\/#\\\/schema\\\/logo\\\/image\\\/\"},\"sameAs\":[\"https:\\\/\\\/www.facebook.com\\\/BlogQuerSaberPolitica\\\/\"]},{\"@type\":\"Person\",\"@id\":\"https:\\\/\\\/blogdofarnesio.com.br\\\/#\\\/schema\\\/person\\\/301c4acf522bccbfdb45af95b5b906a1\",\"name\":\"Farn\u00e9sio\",\"image\":{\"@type\":\"ImageObject\",\"inLanguage\":\"pt-BR\",\"@id\":\"https:\\\/\\\/secure.gravatar.com\\\/avatar\\\/df0c9a14567c056f8ad6876ba5bbd1e3e2c48023eb6807342fc4663adf549f38?s=96&d=mm&r=g\",\"url\":\"https:\\\/\\\/secure.gravatar.com\\\/avatar\\\/df0c9a14567c056f8ad6876ba5bbd1e3e2c48023eb6807342fc4663adf549f38?s=96&d=mm&r=g\",\"contentUrl\":\"https:\\\/\\\/secure.gravatar.com\\\/avatar\\\/df0c9a14567c056f8ad6876ba5bbd1e3e2c48023eb6807342fc4663adf549f38?s=96&d=mm&r=g\",\"caption\":\"Farn\u00e9sio\"},\"sameAs\":[\"https:\\\/\\\/quersaberpolitica.com.br\"],\"url\":\"https:\\\/\\\/blogdofarnesio.com.br\\\/?author=1\"}]}<\/script>\n<!-- \/ Yoast SEO plugin. -->","yoast_head_json":{"title":"DE BRAS\u00cdLIA PARA DORMENTES - Blog do Farn\u00e9sio","robots":{"index":"index","follow":"follow","max-snippet":"max-snippet:-1","max-image-preview":"max-image-preview:large","max-video-preview":"max-video-preview:-1"},"canonical":"https:\/\/blogdofarnesio.com.br\/?p=163029","og_locale":"pt_BR","og_type":"article","og_title":"DE BRAS\u00cdLIA PARA DORMENTES - Blog do Farn\u00e9sio","og_description":"SENADOR FERNANDO BEZERRA ABRE PORTAS PARA O PREFEITO GEOMARCOS EM BRAS\u00cdLIA Atento \u00e0s demandas da popula\u00e7\u00e3o de Dormentes (PE), o senador Fernando Bezerra Coelho (PSB-PE) acompanhou o prefeito do munic\u00edpio, Geomarco Coelho (PSB), em audi\u00eancias com ministros e outras autoridades do governo federal, nesta quarta-feira (5), em Bras\u00edlia. Eles se reuniram com a presidente da Companhia de Desenvolvimento dos Vales do S\u00e3o Francisco e do Parna\u00edba (Codevasf), K\u00eania Marcelino, e com os ministros das Cidades, o tamb\u00e9m pernambucano Bruno Ara\u00fajo, e da Sa\u00fade, Ricardo Barros. Em pauta, o apoio do governo para a execu\u00e7\u00e3o de a\u00e7\u00f5es em Dormentes, como a amplia\u00e7\u00e3o da rede de esgoto e\u00a0mais unidades habitacionais do Programa Minha Casa Minha Vida. A primeira agenda de trabalho ocorreu&hellip;","og_url":"https:\/\/blogdofarnesio.com.br\/?p=163029","og_site_name":"Blog do Farn\u00e9sio","article_publisher":"https:\/\/www.facebook.com\/BlogQuerSaberPolitica\/","article_published_time":"2017-04-06T10:21:13+00:00","og_image":[{"width":640,"height":426,"url":"https:\/\/blogdofarnesio.com.br\/wp-content\/uploads\/2017\/04\/BlogqspfbcgeomarcospresCodevasf_Dormentes.jpg","type":"image\/jpeg"}],"author":"Farn\u00e9sio","twitter_card":"summary_large_image","twitter_misc":{"Escrito por":"Farn\u00e9sio","Est. tempo de leitura":"2 minutos"},"schema":{"@context":"https:\/\/schema.org","@graph":[{"@type":"Article","@id":"https:\/\/blogdofarnesio.com.br\/?p=163029#article","isPartOf":{"@id":"https:\/\/blogdofarnesio.com.br\/?p=163029"},"author":{"name":"Farn\u00e9sio","@id":"https:\/\/blogdofarnesio.com.br\/#\/schema\/person\/301c4acf522bccbfdb45af95b5b906a1"},"headline":"DE BRAS\u00cdLIA PARA DORMENTES","datePublished":"2017-04-06T10:21:13+00:00","mainEntityOfPage":{"@id":"https:\/\/blogdofarnesio.com.br\/?p=163029"},"wordCount":355,"commentCount":0,"publisher":{"@id":"https:\/\/blogdofarnesio.com.br\/#organization"},"image":{"@id":"https:\/\/blogdofarnesio.com.br\/?p=163029#primaryimage"},"thumbnailUrl":"https:\/\/blogdofarnesio.com.br\/wp-content\/uploads\/2017\/04\/BlogqspfbcgeomarcospresCodevasf_Dormentes.jpg","articleSection":["Cidades"],"inLanguage":"pt-BR","potentialAction":[{"@type":"CommentAction","name":"Comment","target":["https:\/\/blogdofarnesio.com.br\/?p=163029#respond"]}]},{"@type":"WebPage","@id":"https:\/\/blogdofarnesio.com.br\/?p=163029","url":"https:\/\/blogdofarnesio.com.br\/?p=163029","name":"DE BRAS\u00cdLIA PARA DORMENTES - Blog do Farn\u00e9sio","isPartOf":{"@id":"https:\/\/blogdofarnesio.com.br\/#website"},"primaryImageOfPage":{"@id":"https:\/\/blogdofarnesio.com.br\/?p=163029#primaryimage"},"image":{"@id":"https:\/\/blogdofarnesio.com.br\/?p=163029#primaryimage"},"thumbnailUrl":"https:\/\/blogdofarnesio.com.br\/wp-content\/uploads\/2017\/04\/BlogqspfbcgeomarcospresCodevasf_Dormentes.jpg","datePublished":"2017-04-06T10:21:13+00:00","breadcrumb":{"@id":"https:\/\/blogdofarnesio.com.br\/?p=163029#breadcrumb"},"inLanguage":"pt-BR","potentialAction":[{"@type":"ReadAction","target":["https:\/\/blogdofarnesio.com.br\/?p=163029"]}]},{"@type":"ImageObject","inLanguage":"pt-BR","@id":"https:\/\/blogdofarnesio.com.br\/?p=163029#primaryimage","url":"https:\/\/blogdofarnesio.com.br\/wp-content\/uploads\/2017\/04\/BlogqspfbcgeomarcospresCodevasf_Dormentes.jpg","contentUrl":"https:\/\/blogdofarnesio.com.br\/wp-content\/uploads\/2017\/04\/BlogqspfbcgeomarcospresCodevasf_Dormentes.jpg","width":640,"height":426},{"@type":"BreadcrumbList","@id":"https:\/\/blogdofarnesio.com.br\/?p=163029#breadcrumb","itemListElement":[{"@type":"ListItem","position":1,"name":"In\u00edcio","item":"https:\/\/blogdofarnesio.com.br\/"},{"@type":"ListItem","position":2,"name":"DE BRAS\u00cdLIA PARA DORMENTES"}]},{"@type":"WebSite","@id":"https:\/\/blogdofarnesio.com.br\/#website","url":"https:\/\/blogdofarnesio.com.br\/","name":"Blog do Farn\u00e9sio","description":"Quer Saber Pol\u00edtica?","publisher":{"@id":"https:\/\/blogdofarnesio.com.br\/#organization"},"potentialAction":[{"@type":"SearchAction","target":{"@type":"EntryPoint","urlTemplate":"https:\/\/blogdofarnesio.com.br\/?s={search_term_string}"},"query-input":{"@type":"PropertyValueSpecification","valueRequired":true,"valueName":"search_term_string"}}],"inLanguage":"pt-BR"},{"@type":"Organization","@id":"https:\/\/blogdofarnesio.com.br\/#organization","name":"Blog do Farn\u00e9sio","url":"https:\/\/blogdofarnesio.com.br\/","logo":{"@type":"ImageObject","inLanguage":"pt-BR","@id":"https:\/\/blogdofarnesio.com.br\/#\/schema\/logo\/image\/","url":"https:\/\/blogdofarnesio.com.br\/wp-content\/uploads\/2026\/03\/cropped-logo_new-1.png","contentUrl":"https:\/\/blogdofarnesio.com.br\/wp-content\/uploads\/2026\/03\/cropped-logo_new-1.png","width":881,"height":685,"caption":"Blog do Farn\u00e9sio"},"image":{"@id":"https:\/\/blogdofarnesio.com.br\/#\/schema\/logo\/image\/"},"sameAs":["https:\/\/www.facebook.com\/BlogQuerSaberPolitica\/"]},{"@type":"Person","@id":"https:\/\/blogdofarnesio.com.br\/#\/schema\/person\/301c4acf522bccbfdb45af95b5b906a1","name":"Farn\u00e9sio","image":{"@type":"ImageObject","inLanguage":"pt-BR","@id":"https:\/\/secure.gravatar.com\/avatar\/df0c9a14567c056f8ad6876ba5bbd1e3e2c48023eb6807342fc4663adf549f38?s=96&d=mm&r=g","url":"https:\/\/secure.gravatar.com\/avatar\/df0c9a14567c056f8ad6876ba5bbd1e3e2c48023eb6807342fc4663adf549f38?s=96&d=mm&r=g","contentUrl":"https:\/\/secure.gravatar.com\/avatar\/df0c9a14567c056f8ad6876ba5bbd1e3e2c48023eb6807342fc4663adf549f38?s=96&d=mm&r=g","caption":"Farn\u00e9sio"},"sameAs":["https:\/\/quersaberpolitica.com.br"],"url":"https:\/\/blogdofarnesio.com.br\/?author=1"}]}},"_links":{"self":[{"href":"https:\/\/blogdofarnesio.com.br\/index.php?rest_route=\/wp\/v2\/posts\/163029","targetHints":{"allow":["GET"]}}],"collection":[{"href":"https:\/\/blogdofarnesio.com.br\/index.php?rest_route=\/wp\/v2\/posts"}],"about":[{"href":"https:\/\/blogdofarnesio.com.br\/index.php?rest_route=\/wp\/v2\/types\/post"}],"author":[{"embeddable":true,"href":"https:\/\/blogdofarnesio.com.br\/index.php?rest_route=\/wp\/v2\/users\/1"}],"replies":[{"embeddable":true,"href":"https:\/\/blogdofarnesio.com.br\/index.php?rest_route=%2Fwp%2Fv2%2Fcomments&post=163029"}],"version-history":[{"count":0,"href":"https:\/\/blogdofarnesio.com.br\/index.php?rest_route=\/wp\/v2\/posts\/163029\/revisions"}],"wp:featuredmedia":[{"embeddable":true,"href":"https:\/\/blogdofarnesio.com.br\/index.php?rest_route=\/wp\/v2\/media\/163031"}],"wp:attachment":[{"href":"https:\/\/blogdofarnesio.com.br\/index.php?rest_route=%2Fwp%2Fv2%2Fmedia&parent=163029"}],"wp:term":[{"taxonomy":"category","embeddable":true,"href":"https:\/\/blogdofarnesio.com.br\/index.php?rest_route=%2Fwp%2Fv2%2Fcategories&post=163029"},{"taxonomy":"post_tag","embeddable":true,"href":"https:\/\/blogdofarnesio.com.br\/index.php?rest_route=%2Fwp%2Fv2%2Ftags&post=163029"}],"curies":[{"name":"wp","href":"https:\/\/api.w.org\/{rel}","templated":true}]}}