{"id":163013,"date":"2017-04-05T19:00:25","date_gmt":"2017-04-05T22:00:25","guid":{"rendered":"http:\/\/quersaberpolitica.com.br\/2016\/?p=163013"},"modified":"2017-04-05T19:04:58","modified_gmt":"2017-04-05T22:04:58","slug":"agencia-de-desenvolvimento-agricultura-e-pecuaria-convida-presidentes-de-associacoes-rurais-de-juazeiro-para-reuniao","status":"publish","type":"post","link":"https:\/\/blogdofarnesio.com.br\/?p=163013","title":{"rendered":"AG\u00caNCIA DE DESENVOLVIMENTO, AGRICULTURA E PECU\u00c1RIA CONVIDA PRESIDENTES DE ASSOCIA\u00c7\u00d5ES RURAIS DE JUAZEIRO PARA REUNI\u00c3O"},"content":{"rendered":"<p style=\"text-align: justify;\">A Ag\u00eancia de Desenvolvimento, Agricultura e Pecu\u00e1ria (ADEAP) de Juazeiro informa aos presidentes de associa\u00e7\u00f5es rurais do munic\u00edpio que ser\u00e1 realizada no pr\u00f3ximo dia 11 de abril, das 7h \u00e0s 12h, no audit\u00f3rio da SEDUC, localizado na Rua Ant\u00f4nio Pedro reuni\u00e3o para apresenta\u00e7\u00e3o das equipes de trabalho.<\/p>\n<p style=\"text-align: justify;\">A proposta do encontro \u00e9 socializar os projetos em andamento e em fase de constru\u00e7\u00e3o, bem como promover um momento de participa\u00e7\u00e3o coletiva para aprimoramento das metas e objetivos da gest\u00e3o.<\/p>\n<p style=\"text-align: justify;\"><strong>Lene Radina\/PMJ<\/strong><\/p>\n","protected":false},"excerpt":{"rendered":"<p>A Ag\u00eancia de Desenvolvimento, Agricultura e Pecu\u00e1ria (ADEAP) de Juazeiro informa aos presidentes de associa\u00e7\u00f5es rurais do munic\u00edpio que ser\u00e1 realizada no pr\u00f3ximo dia 11 de abril, das 7h \u00e0s 12h, no audit\u00f3rio da SEDUC, localizado na Rua Ant\u00f4nio Pedro reuni\u00e3o para apresenta\u00e7\u00e3o das equipes de trabalho. A proposta do encontro \u00e9 socializar os projetos em andamento e em fase de constru\u00e7\u00e3o, bem como promover um momento de participa\u00e7\u00e3o coletiva para aprimoramento das metas e objetivos da gest\u00e3o. Lene Radina\/PMJ<\/p>\n","protected":false},"author":1,"featured_media":163014,"comment_status":"open","ping_status":"open","sticky":false,"template":"","format":"standard","meta":{"_acf_changed":false,"footnotes":""},"categories":[44],"tags":[],"class_list":["post-163013","post","type-post","status-publish","format-standard","has-post-thumbnail","hentry","category-administracao"],"acf":[],"yoast_head":"<!-- This site is optimized with the Yoast SEO plugin v27.4 - https:\/\/yoast.com\/product\/yoast-seo-wordpress\/ -->\n<title>AG\u00caNCIA DE DESENVOLVIMENTO, AGRICULTURA E PECU\u00c1RIA CONVIDA PRESIDENTES DE ASSOCIA\u00c7\u00d5ES RURAIS DE JUAZEIRO PARA REUNI\u00c3O - Blog do Farn\u00e9sio<\/title>\n<meta name=\"robots\" content=\"index, follow, max-snippet:-1, max-image-preview:large, max-video-preview:-1\" \/>\n<link rel=\"canonical\" href=\"https:\/\/blogdofarnesio.com.br\/?p=163013\" \/>\n<meta property=\"og:locale\" content=\"pt_BR\" \/>\n<meta property=\"og:type\" content=\"article\" \/>\n<meta property=\"og:title\" content=\"AG\u00caNCIA DE DESENVOLVIMENTO, AGRICULTURA E PECU\u00c1RIA CONVIDA PRESIDENTES DE ASSOCIA\u00c7\u00d5ES RURAIS DE JUAZEIRO PARA REUNI\u00c3O - Blog do Farn\u00e9sio\" \/>\n<meta property=\"og:description\" content=\"A Ag\u00eancia de Desenvolvimento, Agricultura e Pecu\u00e1ria (ADEAP) de Juazeiro informa aos presidentes de associa\u00e7\u00f5es rurais do munic\u00edpio que ser\u00e1 realizada no pr\u00f3ximo dia 11 de abril, das 7h \u00e0s 12h, no audit\u00f3rio da SEDUC, localizado na Rua Ant\u00f4nio Pedro reuni\u00e3o para apresenta\u00e7\u00e3o das equipes de trabalho. A proposta do encontro \u00e9 socializar os projetos em andamento e em fase de constru\u00e7\u00e3o, bem como promover um momento de participa\u00e7\u00e3o coletiva para aprimoramento das metas e objetivos da gest\u00e3o. Lene Radina\/PMJ\" \/>\n<meta property=\"og:url\" content=\"https:\/\/blogdofarnesio.com.br\/?p=163013\" \/>\n<meta property=\"og:site_name\" content=\"Blog do Farn\u00e9sio\" \/>\n<meta property=\"article:publisher\" content=\"https:\/\/www.facebook.com\/BlogQuerSaberPolitica\/\" \/>\n<meta property=\"article:published_time\" content=\"2017-04-05T22:00:25+00:00\" \/>\n<meta property=\"article:modified_time\" content=\"2017-04-05T22:04:58+00:00\" \/>\n<meta property=\"og:image\" content=\"https:\/\/blogdofarnesio.com.br\/wp-content\/uploads\/2017\/04\/blogqsp-seduc-e1491415534541.jpg\" \/>\n\t<meta property=\"og:image:width\" content=\"600\" \/>\n\t<meta property=\"og:image:height\" content=\"391\" \/>\n\t<meta property=\"og:image:type\" content=\"image\/jpeg\" \/>\n<meta name=\"author\" content=\"Farn\u00e9sio\" \/>\n<meta name=\"twitter:card\" content=\"summary_large_image\" \/>\n<meta name=\"twitter:label1\" content=\"Escrito por\" \/>\n\t<meta name=\"twitter:data1\" content=\"Farn\u00e9sio\" \/>\n<script type=\"application\/ld+json\" class=\"yoast-schema-graph\">{\"@context\":\"https:\\\/\\\/schema.org\",\"@graph\":[{\"@type\":\"Article\",\"@id\":\"https:\\\/\\\/blogdofarnesio.com.br\\\/?p=163013#article\",\"isPartOf\":{\"@id\":\"https:\\\/\\\/blogdofarnesio.com.br\\\/?p=163013\"},\"author\":{\"name\":\"Farn\u00e9sio\",\"@id\":\"https:\\\/\\\/blogdofarnesio.com.br\\\/#\\\/schema\\\/person\\\/301c4acf522bccbfdb45af95b5b906a1\"},\"headline\":\"AG\u00caNCIA DE DESENVOLVIMENTO, AGRICULTURA E PECU\u00c1RIA CONVIDA PRESIDENTES DE ASSOCIA\u00c7\u00d5ES RURAIS DE JUAZEIRO PARA REUNI\u00c3O\",\"datePublished\":\"2017-04-05T22:00:25+00:00\",\"dateModified\":\"2017-04-05T22:04:58+00:00\",\"mainEntityOfPage\":{\"@id\":\"https:\\\/\\\/blogdofarnesio.com.br\\\/?p=163013\"},\"wordCount\":110,\"commentCount\":0,\"publisher\":{\"@id\":\"https:\\\/\\\/blogdofarnesio.com.br\\\/#organization\"},\"image\":{\"@id\":\"https:\\\/\\\/blogdofarnesio.com.br\\\/?p=163013#primaryimage\"},\"thumbnailUrl\":\"https:\\\/\\\/blogdofarnesio.com.br\\\/wp-content\\\/uploads\\\/2017\\\/04\\\/blogqsp-seduc-e1491415534541.jpg\",\"articleSection\":[\"Administra\u00e7\u00e3o\"],\"inLanguage\":\"pt-BR\",\"potentialAction\":[{\"@type\":\"CommentAction\",\"name\":\"Comment\",\"target\":[\"https:\\\/\\\/blogdofarnesio.com.br\\\/?p=163013#respond\"]}]},{\"@type\":\"WebPage\",\"@id\":\"https:\\\/\\\/blogdofarnesio.com.br\\\/?p=163013\",\"url\":\"https:\\\/\\\/blogdofarnesio.com.br\\\/?p=163013\",\"name\":\"AG\u00caNCIA DE DESENVOLVIMENTO, AGRICULTURA E PECU\u00c1RIA CONVIDA PRESIDENTES DE ASSOCIA\u00c7\u00d5ES RURAIS DE JUAZEIRO PARA REUNI\u00c3O - Blog do Farn\u00e9sio\",\"isPartOf\":{\"@id\":\"https:\\\/\\\/blogdofarnesio.com.br\\\/#website\"},\"primaryImageOfPage\":{\"@id\":\"https:\\\/\\\/blogdofarnesio.com.br\\\/?p=163013#primaryimage\"},\"image\":{\"@id\":\"https:\\\/\\\/blogdofarnesio.com.br\\\/?p=163013#primaryimage\"},\"thumbnailUrl\":\"https:\\\/\\\/blogdofarnesio.com.br\\\/wp-content\\\/uploads\\\/2017\\\/04\\\/blogqsp-seduc-e1491415534541.jpg\",\"datePublished\":\"2017-04-05T22:00:25+00:00\",\"dateModified\":\"2017-04-05T22:04:58+00:00\",\"breadcrumb\":{\"@id\":\"https:\\\/\\\/blogdofarnesio.com.br\\\/?p=163013#breadcrumb\"},\"inLanguage\":\"pt-BR\",\"potentialAction\":[{\"@type\":\"ReadAction\",\"target\":[\"https:\\\/\\\/blogdofarnesio.com.br\\\/?p=163013\"]}]},{\"@type\":\"ImageObject\",\"inLanguage\":\"pt-BR\",\"@id\":\"https:\\\/\\\/blogdofarnesio.com.br\\\/?p=163013#primaryimage\",\"url\":\"https:\\\/\\\/blogdofarnesio.com.br\\\/wp-content\\\/uploads\\\/2017\\\/04\\\/blogqsp-seduc-e1491415534541.jpg\",\"contentUrl\":\"https:\\\/\\\/blogdofarnesio.com.br\\\/wp-content\\\/uploads\\\/2017\\\/04\\\/blogqsp-seduc-e1491415534541.jpg\",\"width\":600,\"height\":391},{\"@type\":\"BreadcrumbList\",\"@id\":\"https:\\\/\\\/blogdofarnesio.com.br\\\/?p=163013#breadcrumb\",\"itemListElement\":[{\"@type\":\"ListItem\",\"position\":1,\"name\":\"In\u00edcio\",\"item\":\"https:\\\/\\\/blogdofarnesio.com.br\\\/\"},{\"@type\":\"ListItem\",\"position\":2,\"name\":\"AG\u00caNCIA DE DESENVOLVIMENTO, AGRICULTURA E PECU\u00c1RIA CONVIDA PRESIDENTES DE ASSOCIA\u00c7\u00d5ES RURAIS DE JUAZEIRO PARA REUNI\u00c3O\"}]},{\"@type\":\"WebSite\",\"@id\":\"https:\\\/\\\/blogdofarnesio.com.br\\\/#website\",\"url\":\"https:\\\/\\\/blogdofarnesio.com.br\\\/\",\"name\":\"Blog do Farn\u00e9sio\",\"description\":\"Quer Saber Pol\u00edtica?\",\"publisher\":{\"@id\":\"https:\\\/\\\/blogdofarnesio.com.br\\\/#organization\"},\"potentialAction\":[{\"@type\":\"SearchAction\",\"target\":{\"@type\":\"EntryPoint\",\"urlTemplate\":\"https:\\\/\\\/blogdofarnesio.com.br\\\/?s={search_term_string}\"},\"query-input\":{\"@type\":\"PropertyValueSpecification\",\"valueRequired\":true,\"valueName\":\"search_term_string\"}}],\"inLanguage\":\"pt-BR\"},{\"@type\":\"Organization\",\"@id\":\"https:\\\/\\\/blogdofarnesio.com.br\\\/#organization\",\"name\":\"Blog do Farn\u00e9sio\",\"url\":\"https:\\\/\\\/blogdofarnesio.com.br\\\/\",\"logo\":{\"@type\":\"ImageObject\",\"inLanguage\":\"pt-BR\",\"@id\":\"https:\\\/\\\/blogdofarnesio.com.br\\\/#\\\/schema\\\/logo\\\/image\\\/\",\"url\":\"https:\\\/\\\/blogdofarnesio.com.br\\\/wp-content\\\/uploads\\\/2026\\\/03\\\/cropped-logo_new-1.png\",\"contentUrl\":\"https:\\\/\\\/blogdofarnesio.com.br\\\/wp-content\\\/uploads\\\/2026\\\/03\\\/cropped-logo_new-1.png\",\"width\":881,\"height\":685,\"caption\":\"Blog do Farn\u00e9sio\"},\"image\":{\"@id\":\"https:\\\/\\\/blogdofarnesio.com.br\\\/#\\\/schema\\\/logo\\\/image\\\/\"},\"sameAs\":[\"https:\\\/\\\/www.facebook.com\\\/BlogQuerSaberPolitica\\\/\"]},{\"@type\":\"Person\",\"@id\":\"https:\\\/\\\/blogdofarnesio.com.br\\\/#\\\/schema\\\/person\\\/301c4acf522bccbfdb45af95b5b906a1\",\"name\":\"Farn\u00e9sio\",\"image\":{\"@type\":\"ImageObject\",\"inLanguage\":\"pt-BR\",\"@id\":\"https:\\\/\\\/secure.gravatar.com\\\/avatar\\\/df0c9a14567c056f8ad6876ba5bbd1e3e2c48023eb6807342fc4663adf549f38?s=96&d=mm&r=g\",\"url\":\"https:\\\/\\\/secure.gravatar.com\\\/avatar\\\/df0c9a14567c056f8ad6876ba5bbd1e3e2c48023eb6807342fc4663adf549f38?s=96&d=mm&r=g\",\"contentUrl\":\"https:\\\/\\\/secure.gravatar.com\\\/avatar\\\/df0c9a14567c056f8ad6876ba5bbd1e3e2c48023eb6807342fc4663adf549f38?s=96&d=mm&r=g\",\"caption\":\"Farn\u00e9sio\"},\"sameAs\":[\"https:\\\/\\\/quersaberpolitica.com.br\"],\"url\":\"https:\\\/\\\/blogdofarnesio.com.br\\\/?author=1\"}]}<\/script>\n<!-- \/ Yoast SEO plugin. -->","yoast_head_json":{"title":"AG\u00caNCIA DE DESENVOLVIMENTO, AGRICULTURA E PECU\u00c1RIA CONVIDA PRESIDENTES DE ASSOCIA\u00c7\u00d5ES RURAIS DE JUAZEIRO PARA REUNI\u00c3O - Blog do Farn\u00e9sio","robots":{"index":"index","follow":"follow","max-snippet":"max-snippet:-1","max-image-preview":"max-image-preview:large","max-video-preview":"max-video-preview:-1"},"canonical":"https:\/\/blogdofarnesio.com.br\/?p=163013","og_locale":"pt_BR","og_type":"article","og_title":"AG\u00caNCIA DE DESENVOLVIMENTO, AGRICULTURA E PECU\u00c1RIA CONVIDA PRESIDENTES DE ASSOCIA\u00c7\u00d5ES RURAIS DE JUAZEIRO PARA REUNI\u00c3O - Blog do Farn\u00e9sio","og_description":"A Ag\u00eancia de Desenvolvimento, Agricultura e Pecu\u00e1ria (ADEAP) de Juazeiro informa aos presidentes de associa\u00e7\u00f5es rurais do munic\u00edpio que ser\u00e1 realizada no pr\u00f3ximo dia 11 de abril, das 7h \u00e0s 12h, no audit\u00f3rio da SEDUC, localizado na Rua Ant\u00f4nio Pedro reuni\u00e3o para apresenta\u00e7\u00e3o das equipes de trabalho. A proposta do encontro \u00e9 socializar os projetos em andamento e em fase de constru\u00e7\u00e3o, bem como promover um momento de participa\u00e7\u00e3o coletiva para aprimoramento das metas e objetivos da gest\u00e3o. Lene Radina\/PMJ","og_url":"https:\/\/blogdofarnesio.com.br\/?p=163013","og_site_name":"Blog do Farn\u00e9sio","article_publisher":"https:\/\/www.facebook.com\/BlogQuerSaberPolitica\/","article_published_time":"2017-04-05T22:00:25+00:00","article_modified_time":"2017-04-05T22:04:58+00:00","og_image":[{"width":600,"height":391,"url":"https:\/\/blogdofarnesio.com.br\/wp-content\/uploads\/2017\/04\/blogqsp-seduc-e1491415534541.jpg","type":"image\/jpeg"}],"author":"Farn\u00e9sio","twitter_card":"summary_large_image","twitter_misc":{"Escrito por":"Farn\u00e9sio"},"schema":{"@context":"https:\/\/schema.org","@graph":[{"@type":"Article","@id":"https:\/\/blogdofarnesio.com.br\/?p=163013#article","isPartOf":{"@id":"https:\/\/blogdofarnesio.com.br\/?p=163013"},"author":{"name":"Farn\u00e9sio","@id":"https:\/\/blogdofarnesio.com.br\/#\/schema\/person\/301c4acf522bccbfdb45af95b5b906a1"},"headline":"AG\u00caNCIA DE DESENVOLVIMENTO, AGRICULTURA E PECU\u00c1RIA CONVIDA PRESIDENTES DE ASSOCIA\u00c7\u00d5ES RURAIS DE JUAZEIRO PARA REUNI\u00c3O","datePublished":"2017-04-05T22:00:25+00:00","dateModified":"2017-04-05T22:04:58+00:00","mainEntityOfPage":{"@id":"https:\/\/blogdofarnesio.com.br\/?p=163013"},"wordCount":110,"commentCount":0,"publisher":{"@id":"https:\/\/blogdofarnesio.com.br\/#organization"},"image":{"@id":"https:\/\/blogdofarnesio.com.br\/?p=163013#primaryimage"},"thumbnailUrl":"https:\/\/blogdofarnesio.com.br\/wp-content\/uploads\/2017\/04\/blogqsp-seduc-e1491415534541.jpg","articleSection":["Administra\u00e7\u00e3o"],"inLanguage":"pt-BR","potentialAction":[{"@type":"CommentAction","name":"Comment","target":["https:\/\/blogdofarnesio.com.br\/?p=163013#respond"]}]},{"@type":"WebPage","@id":"https:\/\/blogdofarnesio.com.br\/?p=163013","url":"https:\/\/blogdofarnesio.com.br\/?p=163013","name":"AG\u00caNCIA DE DESENVOLVIMENTO, AGRICULTURA E PECU\u00c1RIA CONVIDA PRESIDENTES DE ASSOCIA\u00c7\u00d5ES RURAIS DE JUAZEIRO PARA REUNI\u00c3O - Blog do Farn\u00e9sio","isPartOf":{"@id":"https:\/\/blogdofarnesio.com.br\/#website"},"primaryImageOfPage":{"@id":"https:\/\/blogdofarnesio.com.br\/?p=163013#primaryimage"},"image":{"@id":"https:\/\/blogdofarnesio.com.br\/?p=163013#primaryimage"},"thumbnailUrl":"https:\/\/blogdofarnesio.com.br\/wp-content\/uploads\/2017\/04\/blogqsp-seduc-e1491415534541.jpg","datePublished":"2017-04-05T22:00:25+00:00","dateModified":"2017-04-05T22:04:58+00:00","breadcrumb":{"@id":"https:\/\/blogdofarnesio.com.br\/?p=163013#breadcrumb"},"inLanguage":"pt-BR","potentialAction":[{"@type":"ReadAction","target":["https:\/\/blogdofarnesio.com.br\/?p=163013"]}]},{"@type":"ImageObject","inLanguage":"pt-BR","@id":"https:\/\/blogdofarnesio.com.br\/?p=163013#primaryimage","url":"https:\/\/blogdofarnesio.com.br\/wp-content\/uploads\/2017\/04\/blogqsp-seduc-e1491415534541.jpg","contentUrl":"https:\/\/blogdofarnesio.com.br\/wp-content\/uploads\/2017\/04\/blogqsp-seduc-e1491415534541.jpg","width":600,"height":391},{"@type":"BreadcrumbList","@id":"https:\/\/blogdofarnesio.com.br\/?p=163013#breadcrumb","itemListElement":[{"@type":"ListItem","position":1,"name":"In\u00edcio","item":"https:\/\/blogdofarnesio.com.br\/"},{"@type":"ListItem","position":2,"name":"AG\u00caNCIA DE DESENVOLVIMENTO, AGRICULTURA E PECU\u00c1RIA CONVIDA PRESIDENTES DE ASSOCIA\u00c7\u00d5ES RURAIS DE JUAZEIRO PARA REUNI\u00c3O"}]},{"@type":"WebSite","@id":"https:\/\/blogdofarnesio.com.br\/#website","url":"https:\/\/blogdofarnesio.com.br\/","name":"Blog do Farn\u00e9sio","description":"Quer Saber Pol\u00edtica?","publisher":{"@id":"https:\/\/blogdofarnesio.com.br\/#organization"},"potentialAction":[{"@type":"SearchAction","target":{"@type":"EntryPoint","urlTemplate":"https:\/\/blogdofarnesio.com.br\/?s={search_term_string}"},"query-input":{"@type":"PropertyValueSpecification","valueRequired":true,"valueName":"search_term_string"}}],"inLanguage":"pt-BR"},{"@type":"Organization","@id":"https:\/\/blogdofarnesio.com.br\/#organization","name":"Blog do Farn\u00e9sio","url":"https:\/\/blogdofarnesio.com.br\/","logo":{"@type":"ImageObject","inLanguage":"pt-BR","@id":"https:\/\/blogdofarnesio.com.br\/#\/schema\/logo\/image\/","url":"https:\/\/blogdofarnesio.com.br\/wp-content\/uploads\/2026\/03\/cropped-logo_new-1.png","contentUrl":"https:\/\/blogdofarnesio.com.br\/wp-content\/uploads\/2026\/03\/cropped-logo_new-1.png","width":881,"height":685,"caption":"Blog do Farn\u00e9sio"},"image":{"@id":"https:\/\/blogdofarnesio.com.br\/#\/schema\/logo\/image\/"},"sameAs":["https:\/\/www.facebook.com\/BlogQuerSaberPolitica\/"]},{"@type":"Person","@id":"https:\/\/blogdofarnesio.com.br\/#\/schema\/person\/301c4acf522bccbfdb45af95b5b906a1","name":"Farn\u00e9sio","image":{"@type":"ImageObject","inLanguage":"pt-BR","@id":"https:\/\/secure.gravatar.com\/avatar\/df0c9a14567c056f8ad6876ba5bbd1e3e2c48023eb6807342fc4663adf549f38?s=96&d=mm&r=g","url":"https:\/\/secure.gravatar.com\/avatar\/df0c9a14567c056f8ad6876ba5bbd1e3e2c48023eb6807342fc4663adf549f38?s=96&d=mm&r=g","contentUrl":"https:\/\/secure.gravatar.com\/avatar\/df0c9a14567c056f8ad6876ba5bbd1e3e2c48023eb6807342fc4663adf549f38?s=96&d=mm&r=g","caption":"Farn\u00e9sio"},"sameAs":["https:\/\/quersaberpolitica.com.br"],"url":"https:\/\/blogdofarnesio.com.br\/?author=1"}]}},"_links":{"self":[{"href":"https:\/\/blogdofarnesio.com.br\/index.php?rest_route=\/wp\/v2\/posts\/163013","targetHints":{"allow":["GET"]}}],"collection":[{"href":"https:\/\/blogdofarnesio.com.br\/index.php?rest_route=\/wp\/v2\/posts"}],"about":[{"href":"https:\/\/blogdofarnesio.com.br\/index.php?rest_route=\/wp\/v2\/types\/post"}],"author":[{"embeddable":true,"href":"https:\/\/blogdofarnesio.com.br\/index.php?rest_route=\/wp\/v2\/users\/1"}],"replies":[{"embeddable":true,"href":"https:\/\/blogdofarnesio.com.br\/index.php?rest_route=%2Fwp%2Fv2%2Fcomments&post=163013"}],"version-history":[{"count":0,"href":"https:\/\/blogdofarnesio.com.br\/index.php?rest_route=\/wp\/v2\/posts\/163013\/revisions"}],"wp:featuredmedia":[{"embeddable":true,"href":"https:\/\/blogdofarnesio.com.br\/index.php?rest_route=\/wp\/v2\/media\/163014"}],"wp:attachment":[{"href":"https:\/\/blogdofarnesio.com.br\/index.php?rest_route=%2Fwp%2Fv2%2Fmedia&parent=163013"}],"wp:term":[{"taxonomy":"category","embeddable":true,"href":"https:\/\/blogdofarnesio.com.br\/index.php?rest_route=%2Fwp%2Fv2%2Fcategories&post=163013"},{"taxonomy":"post_tag","embeddable":true,"href":"https:\/\/blogdofarnesio.com.br\/index.php?rest_route=%2Fwp%2Fv2%2Ftags&post=163013"}],"curies":[{"name":"wp","href":"https:\/\/api.w.org\/{rel}","templated":true}]}}