{"id":163007,"date":"2017-04-06T07:43:23","date_gmt":"2017-04-06T10:43:23","guid":{"rendered":"http:\/\/quersaberpolitica.com.br\/2016\/?p=163007"},"modified":"2017-04-05T19:35:05","modified_gmt":"2017-04-05T22:35:05","slug":"novos-substitutos-sao-convocados-para-o-residencial-mairi-confira-a-lista","status":"publish","type":"post","link":"https:\/\/blogdofarnesio.com.br\/2017\/04\/novos-substitutos-sao-convocados-para-o-residencial-mairi-confira-a-lista\/","title":{"rendered":"NOVOS SUBSTITUTOS S\u00c3O CONVOCADOS PARA O RESIDENCIAL MAIRI. CONFIRA A LISTA"},"content":{"rendered":"<p style=\"text-align: justify;\">A Prefeitura de Juazeiro, atrav\u00e9s da Secretaria de Desenvolvimento Social, Mulher e Diversidade informa divulga\u00e7\u00e3o de nova lista de substitutos do Residencial Mairi, localizado no Bairro Ant\u00f4nio Conselheiro.<\/p>\n<p style=\"text-align: justify;\">Os contemplados nesta lista devem comparecer ao residencial nesta quinta-feira (06), a partir da 8h, para processo de vistoria dos im\u00f3veis. A assinatura dos contratos ser\u00e1 na sexta-feira (7\/04) no setor de Habita\u00e7\u00e3o, localizado na orla de Juazeiro, tamb\u00e9m a partir das 8h.<\/p>\n<p style=\"text-align: justify;\">Os sorteados do residencial Mairi s\u00e3o especificamente fam\u00edlias que viviam na \u00e1rea da poligonal da obra da Interven\u00e7\u00e3o Urbana, composta por 12 bairros. \u00a0Para serem contempladas no Residencial Mairi, as fam\u00edlias, al\u00e9m de possu\u00edrem cadastros precisavam estar em condi\u00e7\u00e3o de vulnerabilidade, com habita\u00e7\u00e3o de risco, casa cedida, de taipa, \u00e0s margens do canal ou alugada.<\/p>\n<p style=\"text-align: justify;\"><em>Por Fabiana Diniz\/SEDIS<\/em><\/p>\n","protected":false},"excerpt":{"rendered":"<p>A Prefeitura de Juazeiro, atrav\u00e9s da Secretaria de Desenvolvimento Social, Mulher e Diversidade informa divulga\u00e7\u00e3o de nova lista de substitutos do Residencial Mairi, localizado no Bairro Ant\u00f4nio Conselheiro. Os contemplados nesta lista devem comparecer ao residencial nesta quinta-feira (06), a partir da 8h, para processo de vistoria dos im\u00f3veis. A assinatura dos contratos ser\u00e1 na sexta-feira (7\/04) no setor de Habita\u00e7\u00e3o, localizado na orla de Juazeiro, tamb\u00e9m a partir das 8h. Os sorteados do residencial Mairi s\u00e3o especificamente fam\u00edlias que viviam na \u00e1rea da poligonal da obra da Interven\u00e7\u00e3o Urbana, composta por 12 bairros. \u00a0Para serem contempladas no Residencial Mairi, as fam\u00edlias, al\u00e9m de possu\u00edrem cadastros precisavam estar em condi\u00e7\u00e3o de vulnerabilidade, com habita\u00e7\u00e3o de risco, casa cedida, de taipa,&hellip; <\/p>\n","protected":false},"author":1,"featured_media":163008,"comment_status":"open","ping_status":"open","sticky":false,"template":"","format":"standard","meta":{"_acf_changed":false,"footnotes":""},"categories":[],"tags":[],"class_list":["post-163007","post","type-post","status-publish","format-standard","has-post-thumbnail","hentry"],"acf":[],"yoast_head":"<!-- This site is optimized with the Yoast SEO plugin v27.5 - https:\/\/yoast.com\/product\/yoast-seo-wordpress\/ -->\n<title>NOVOS SUBSTITUTOS S\u00c3O CONVOCADOS PARA O RESIDENCIAL MAIRI. CONFIRA A LISTA - Blog do Farn\u00e9sio<\/title>\n<meta name=\"robots\" content=\"index, follow, max-snippet:-1, max-image-preview:large, max-video-preview:-1\" \/>\n<link rel=\"canonical\" href=\"https:\/\/blogdofarnesio.com.br\/2017\/04\/novos-substitutos-sao-convocados-para-o-residencial-mairi-confira-a-lista\/\" \/>\n<meta property=\"og:locale\" content=\"pt_BR\" \/>\n<meta property=\"og:type\" content=\"article\" \/>\n<meta property=\"og:title\" content=\"NOVOS SUBSTITUTOS S\u00c3O CONVOCADOS PARA O RESIDENCIAL MAIRI. CONFIRA A LISTA - Blog do Farn\u00e9sio\" \/>\n<meta property=\"og:description\" content=\"A Prefeitura de Juazeiro, atrav\u00e9s da Secretaria de Desenvolvimento Social, Mulher e Diversidade informa divulga\u00e7\u00e3o de nova lista de substitutos do Residencial Mairi, localizado no Bairro Ant\u00f4nio Conselheiro. Os contemplados nesta lista devem comparecer ao residencial nesta quinta-feira (06), a partir da 8h, para processo de vistoria dos im\u00f3veis. A assinatura dos contratos ser\u00e1 na sexta-feira (7\/04) no setor de Habita\u00e7\u00e3o, localizado na orla de Juazeiro, tamb\u00e9m a partir das 8h. Os sorteados do residencial Mairi s\u00e3o especificamente fam\u00edlias que viviam na \u00e1rea da poligonal da obra da Interven\u00e7\u00e3o Urbana, composta por 12 bairros. \u00a0Para serem contempladas no Residencial Mairi, as fam\u00edlias, al\u00e9m de possu\u00edrem cadastros precisavam estar em condi\u00e7\u00e3o de vulnerabilidade, com habita\u00e7\u00e3o de risco, casa cedida, de taipa,&hellip;\" \/>\n<meta property=\"og:url\" content=\"https:\/\/blogdofarnesio.com.br\/2017\/04\/novos-substitutos-sao-convocados-para-o-residencial-mairi-confira-a-lista\/\" \/>\n<meta property=\"og:site_name\" content=\"Blog do Farn\u00e9sio\" \/>\n<meta property=\"article:publisher\" content=\"https:\/\/www.facebook.com\/BlogQuerSaberPolitica\/\" \/>\n<meta property=\"article:published_time\" content=\"2017-04-06T10:43:23+00:00\" \/>\n<meta property=\"og:image\" content=\"https:\/\/blogdofarnesio.com.br\/wp-content\/uploads\/2017\/04\/blogqsp-convocados-residenciamairi.png\" \/>\n\t<meta property=\"og:image:width\" content=\"531\" \/>\n\t<meta property=\"og:image:height\" content=\"258\" \/>\n\t<meta property=\"og:image:type\" content=\"image\/png\" \/>\n<meta name=\"author\" content=\"Farn\u00e9sio\" \/>\n<meta name=\"twitter:card\" content=\"summary_large_image\" \/>\n<meta name=\"twitter:label1\" content=\"Escrito por\" \/>\n\t<meta name=\"twitter:data1\" content=\"Farn\u00e9sio\" \/>\n\t<meta name=\"twitter:label2\" content=\"Est. tempo de leitura\" \/>\n\t<meta name=\"twitter:data2\" content=\"1 minuto\" \/>\n<script type=\"application\/ld+json\" class=\"yoast-schema-graph\">{\"@context\":\"https:\\\/\\\/schema.org\",\"@graph\":[{\"@type\":\"Article\",\"@id\":\"https:\\\/\\\/blogdofarnesio.com.br\\\/2017\\\/04\\\/novos-substitutos-sao-convocados-para-o-residencial-mairi-confira-a-lista\\\/#article\",\"isPartOf\":{\"@id\":\"https:\\\/\\\/blogdofarnesio.com.br\\\/2017\\\/04\\\/novos-substitutos-sao-convocados-para-o-residencial-mairi-confira-a-lista\\\/\"},\"author\":{\"name\":\"Farn\u00e9sio\",\"@id\":\"https:\\\/\\\/blogdofarnesio.com.br\\\/#\\\/schema\\\/person\\\/301c4acf522bccbfdb45af95b5b906a1\"},\"headline\":\"NOVOS SUBSTITUTOS S\u00c3O CONVOCADOS PARA O RESIDENCIAL MAIRI. CONFIRA A LISTA\",\"datePublished\":\"2017-04-06T10:43:23+00:00\",\"mainEntityOfPage\":{\"@id\":\"https:\\\/\\\/blogdofarnesio.com.br\\\/2017\\\/04\\\/novos-substitutos-sao-convocados-para-o-residencial-mairi-confira-a-lista\\\/\"},\"wordCount\":153,\"commentCount\":0,\"publisher\":{\"@id\":\"https:\\\/\\\/blogdofarnesio.com.br\\\/#organization\"},\"image\":{\"@id\":\"https:\\\/\\\/blogdofarnesio.com.br\\\/2017\\\/04\\\/novos-substitutos-sao-convocados-para-o-residencial-mairi-confira-a-lista\\\/#primaryimage\"},\"thumbnailUrl\":\"https:\\\/\\\/blogdofarnesio.com.br\\\/wp-content\\\/uploads\\\/2017\\\/04\\\/blogqsp-convocados-residenciamairi.png\",\"inLanguage\":\"pt-BR\",\"potentialAction\":[{\"@type\":\"CommentAction\",\"name\":\"Comment\",\"target\":[\"https:\\\/\\\/blogdofarnesio.com.br\\\/2017\\\/04\\\/novos-substitutos-sao-convocados-para-o-residencial-mairi-confira-a-lista\\\/#respond\"]}]},{\"@type\":\"WebPage\",\"@id\":\"https:\\\/\\\/blogdofarnesio.com.br\\\/2017\\\/04\\\/novos-substitutos-sao-convocados-para-o-residencial-mairi-confira-a-lista\\\/\",\"url\":\"https:\\\/\\\/blogdofarnesio.com.br\\\/2017\\\/04\\\/novos-substitutos-sao-convocados-para-o-residencial-mairi-confira-a-lista\\\/\",\"name\":\"NOVOS SUBSTITUTOS S\u00c3O CONVOCADOS PARA O RESIDENCIAL MAIRI. CONFIRA A LISTA - Blog do Farn\u00e9sio\",\"isPartOf\":{\"@id\":\"https:\\\/\\\/blogdofarnesio.com.br\\\/#website\"},\"primaryImageOfPage\":{\"@id\":\"https:\\\/\\\/blogdofarnesio.com.br\\\/2017\\\/04\\\/novos-substitutos-sao-convocados-para-o-residencial-mairi-confira-a-lista\\\/#primaryimage\"},\"image\":{\"@id\":\"https:\\\/\\\/blogdofarnesio.com.br\\\/2017\\\/04\\\/novos-substitutos-sao-convocados-para-o-residencial-mairi-confira-a-lista\\\/#primaryimage\"},\"thumbnailUrl\":\"https:\\\/\\\/blogdofarnesio.com.br\\\/wp-content\\\/uploads\\\/2017\\\/04\\\/blogqsp-convocados-residenciamairi.png\",\"datePublished\":\"2017-04-06T10:43:23+00:00\",\"breadcrumb\":{\"@id\":\"https:\\\/\\\/blogdofarnesio.com.br\\\/2017\\\/04\\\/novos-substitutos-sao-convocados-para-o-residencial-mairi-confira-a-lista\\\/#breadcrumb\"},\"inLanguage\":\"pt-BR\",\"potentialAction\":[{\"@type\":\"ReadAction\",\"target\":[\"https:\\\/\\\/blogdofarnesio.com.br\\\/2017\\\/04\\\/novos-substitutos-sao-convocados-para-o-residencial-mairi-confira-a-lista\\\/\"]}]},{\"@type\":\"ImageObject\",\"inLanguage\":\"pt-BR\",\"@id\":\"https:\\\/\\\/blogdofarnesio.com.br\\\/2017\\\/04\\\/novos-substitutos-sao-convocados-para-o-residencial-mairi-confira-a-lista\\\/#primaryimage\",\"url\":\"https:\\\/\\\/blogdofarnesio.com.br\\\/wp-content\\\/uploads\\\/2017\\\/04\\\/blogqsp-convocados-residenciamairi.png\",\"contentUrl\":\"https:\\\/\\\/blogdofarnesio.com.br\\\/wp-content\\\/uploads\\\/2017\\\/04\\\/blogqsp-convocados-residenciamairi.png\",\"width\":531,\"height\":258},{\"@type\":\"BreadcrumbList\",\"@id\":\"https:\\\/\\\/blogdofarnesio.com.br\\\/2017\\\/04\\\/novos-substitutos-sao-convocados-para-o-residencial-mairi-confira-a-lista\\\/#breadcrumb\",\"itemListElement\":[{\"@type\":\"ListItem\",\"position\":1,\"name\":\"In\u00edcio\",\"item\":\"https:\\\/\\\/blogdofarnesio.com.br\\\/\"},{\"@type\":\"ListItem\",\"position\":2,\"name\":\"NOVOS SUBSTITUTOS S\u00c3O CONVOCADOS PARA O RESIDENCIAL MAIRI. CONFIRA A LISTA\"}]},{\"@type\":\"WebSite\",\"@id\":\"https:\\\/\\\/blogdofarnesio.com.br\\\/#website\",\"url\":\"https:\\\/\\\/blogdofarnesio.com.br\\\/\",\"name\":\"Blog do Farn\u00e9sio\",\"description\":\"Quer Saber Pol\u00edtica?\",\"publisher\":{\"@id\":\"https:\\\/\\\/blogdofarnesio.com.br\\\/#organization\"},\"potentialAction\":[{\"@type\":\"SearchAction\",\"target\":{\"@type\":\"EntryPoint\",\"urlTemplate\":\"https:\\\/\\\/blogdofarnesio.com.br\\\/?s={search_term_string}\"},\"query-input\":{\"@type\":\"PropertyValueSpecification\",\"valueRequired\":true,\"valueName\":\"search_term_string\"}}],\"inLanguage\":\"pt-BR\"},{\"@type\":\"Organization\",\"@id\":\"https:\\\/\\\/blogdofarnesio.com.br\\\/#organization\",\"name\":\"Blog do Farn\u00e9sio\",\"url\":\"https:\\\/\\\/blogdofarnesio.com.br\\\/\",\"logo\":{\"@type\":\"ImageObject\",\"inLanguage\":\"pt-BR\",\"@id\":\"https:\\\/\\\/blogdofarnesio.com.br\\\/#\\\/schema\\\/logo\\\/image\\\/\",\"url\":\"https:\\\/\\\/blogdofarnesio.com.br\\\/wp-content\\\/uploads\\\/2026\\\/03\\\/cropped-logo_new-1.png\",\"contentUrl\":\"https:\\\/\\\/blogdofarnesio.com.br\\\/wp-content\\\/uploads\\\/2026\\\/03\\\/cropped-logo_new-1.png\",\"width\":881,\"height\":685,\"caption\":\"Blog do Farn\u00e9sio\"},\"image\":{\"@id\":\"https:\\\/\\\/blogdofarnesio.com.br\\\/#\\\/schema\\\/logo\\\/image\\\/\"},\"sameAs\":[\"https:\\\/\\\/www.facebook.com\\\/BlogQuerSaberPolitica\\\/\"]},{\"@type\":\"Person\",\"@id\":\"https:\\\/\\\/blogdofarnesio.com.br\\\/#\\\/schema\\\/person\\\/301c4acf522bccbfdb45af95b5b906a1\",\"name\":\"Farn\u00e9sio\",\"image\":{\"@type\":\"ImageObject\",\"inLanguage\":\"pt-BR\",\"@id\":\"https:\\\/\\\/secure.gravatar.com\\\/avatar\\\/df0c9a14567c056f8ad6876ba5bbd1e3e2c48023eb6807342fc4663adf549f38?s=96&d=mm&r=g\",\"url\":\"https:\\\/\\\/secure.gravatar.com\\\/avatar\\\/df0c9a14567c056f8ad6876ba5bbd1e3e2c48023eb6807342fc4663adf549f38?s=96&d=mm&r=g\",\"contentUrl\":\"https:\\\/\\\/secure.gravatar.com\\\/avatar\\\/df0c9a14567c056f8ad6876ba5bbd1e3e2c48023eb6807342fc4663adf549f38?s=96&d=mm&r=g\",\"caption\":\"Farn\u00e9sio\"},\"sameAs\":[\"https:\\\/\\\/quersaberpolitica.com.br\"],\"url\":\"https:\\\/\\\/blogdofarnesio.com.br\\\/author\\\/farnesio\\\/\"}]}<\/script>\n<!-- \/ Yoast SEO plugin. -->","yoast_head_json":{"title":"NOVOS SUBSTITUTOS S\u00c3O CONVOCADOS PARA O RESIDENCIAL MAIRI. CONFIRA A LISTA - Blog do Farn\u00e9sio","robots":{"index":"index","follow":"follow","max-snippet":"max-snippet:-1","max-image-preview":"max-image-preview:large","max-video-preview":"max-video-preview:-1"},"canonical":"https:\/\/blogdofarnesio.com.br\/2017\/04\/novos-substitutos-sao-convocados-para-o-residencial-mairi-confira-a-lista\/","og_locale":"pt_BR","og_type":"article","og_title":"NOVOS SUBSTITUTOS S\u00c3O CONVOCADOS PARA O RESIDENCIAL MAIRI. CONFIRA A LISTA - Blog do Farn\u00e9sio","og_description":"A Prefeitura de Juazeiro, atrav\u00e9s da Secretaria de Desenvolvimento Social, Mulher e Diversidade informa divulga\u00e7\u00e3o de nova lista de substitutos do Residencial Mairi, localizado no Bairro Ant\u00f4nio Conselheiro. Os contemplados nesta lista devem comparecer ao residencial nesta quinta-feira (06), a partir da 8h, para processo de vistoria dos im\u00f3veis. A assinatura dos contratos ser\u00e1 na sexta-feira (7\/04) no setor de Habita\u00e7\u00e3o, localizado na orla de Juazeiro, tamb\u00e9m a partir das 8h. Os sorteados do residencial Mairi s\u00e3o especificamente fam\u00edlias que viviam na \u00e1rea da poligonal da obra da Interven\u00e7\u00e3o Urbana, composta por 12 bairros. \u00a0Para serem contempladas no Residencial Mairi, as fam\u00edlias, al\u00e9m de possu\u00edrem cadastros precisavam estar em condi\u00e7\u00e3o de vulnerabilidade, com habita\u00e7\u00e3o de risco, casa cedida, de taipa,&hellip;","og_url":"https:\/\/blogdofarnesio.com.br\/2017\/04\/novos-substitutos-sao-convocados-para-o-residencial-mairi-confira-a-lista\/","og_site_name":"Blog do Farn\u00e9sio","article_publisher":"https:\/\/www.facebook.com\/BlogQuerSaberPolitica\/","article_published_time":"2017-04-06T10:43:23+00:00","og_image":[{"width":531,"height":258,"url":"https:\/\/blogdofarnesio.com.br\/wp-content\/uploads\/2017\/04\/blogqsp-convocados-residenciamairi.png","type":"image\/png"}],"author":"Farn\u00e9sio","twitter_card":"summary_large_image","twitter_misc":{"Escrito por":"Farn\u00e9sio","Est. tempo de leitura":"1 minuto"},"schema":{"@context":"https:\/\/schema.org","@graph":[{"@type":"Article","@id":"https:\/\/blogdofarnesio.com.br\/2017\/04\/novos-substitutos-sao-convocados-para-o-residencial-mairi-confira-a-lista\/#article","isPartOf":{"@id":"https:\/\/blogdofarnesio.com.br\/2017\/04\/novos-substitutos-sao-convocados-para-o-residencial-mairi-confira-a-lista\/"},"author":{"name":"Farn\u00e9sio","@id":"https:\/\/blogdofarnesio.com.br\/#\/schema\/person\/301c4acf522bccbfdb45af95b5b906a1"},"headline":"NOVOS SUBSTITUTOS S\u00c3O CONVOCADOS PARA O RESIDENCIAL MAIRI. CONFIRA A LISTA","datePublished":"2017-04-06T10:43:23+00:00","mainEntityOfPage":{"@id":"https:\/\/blogdofarnesio.com.br\/2017\/04\/novos-substitutos-sao-convocados-para-o-residencial-mairi-confira-a-lista\/"},"wordCount":153,"commentCount":0,"publisher":{"@id":"https:\/\/blogdofarnesio.com.br\/#organization"},"image":{"@id":"https:\/\/blogdofarnesio.com.br\/2017\/04\/novos-substitutos-sao-convocados-para-o-residencial-mairi-confira-a-lista\/#primaryimage"},"thumbnailUrl":"https:\/\/blogdofarnesio.com.br\/wp-content\/uploads\/2017\/04\/blogqsp-convocados-residenciamairi.png","inLanguage":"pt-BR","potentialAction":[{"@type":"CommentAction","name":"Comment","target":["https:\/\/blogdofarnesio.com.br\/2017\/04\/novos-substitutos-sao-convocados-para-o-residencial-mairi-confira-a-lista\/#respond"]}]},{"@type":"WebPage","@id":"https:\/\/blogdofarnesio.com.br\/2017\/04\/novos-substitutos-sao-convocados-para-o-residencial-mairi-confira-a-lista\/","url":"https:\/\/blogdofarnesio.com.br\/2017\/04\/novos-substitutos-sao-convocados-para-o-residencial-mairi-confira-a-lista\/","name":"NOVOS SUBSTITUTOS S\u00c3O CONVOCADOS PARA O RESIDENCIAL MAIRI. CONFIRA A LISTA - Blog do Farn\u00e9sio","isPartOf":{"@id":"https:\/\/blogdofarnesio.com.br\/#website"},"primaryImageOfPage":{"@id":"https:\/\/blogdofarnesio.com.br\/2017\/04\/novos-substitutos-sao-convocados-para-o-residencial-mairi-confira-a-lista\/#primaryimage"},"image":{"@id":"https:\/\/blogdofarnesio.com.br\/2017\/04\/novos-substitutos-sao-convocados-para-o-residencial-mairi-confira-a-lista\/#primaryimage"},"thumbnailUrl":"https:\/\/blogdofarnesio.com.br\/wp-content\/uploads\/2017\/04\/blogqsp-convocados-residenciamairi.png","datePublished":"2017-04-06T10:43:23+00:00","breadcrumb":{"@id":"https:\/\/blogdofarnesio.com.br\/2017\/04\/novos-substitutos-sao-convocados-para-o-residencial-mairi-confira-a-lista\/#breadcrumb"},"inLanguage":"pt-BR","potentialAction":[{"@type":"ReadAction","target":["https:\/\/blogdofarnesio.com.br\/2017\/04\/novos-substitutos-sao-convocados-para-o-residencial-mairi-confira-a-lista\/"]}]},{"@type":"ImageObject","inLanguage":"pt-BR","@id":"https:\/\/blogdofarnesio.com.br\/2017\/04\/novos-substitutos-sao-convocados-para-o-residencial-mairi-confira-a-lista\/#primaryimage","url":"https:\/\/blogdofarnesio.com.br\/wp-content\/uploads\/2017\/04\/blogqsp-convocados-residenciamairi.png","contentUrl":"https:\/\/blogdofarnesio.com.br\/wp-content\/uploads\/2017\/04\/blogqsp-convocados-residenciamairi.png","width":531,"height":258},{"@type":"BreadcrumbList","@id":"https:\/\/blogdofarnesio.com.br\/2017\/04\/novos-substitutos-sao-convocados-para-o-residencial-mairi-confira-a-lista\/#breadcrumb","itemListElement":[{"@type":"ListItem","position":1,"name":"In\u00edcio","item":"https:\/\/blogdofarnesio.com.br\/"},{"@type":"ListItem","position":2,"name":"NOVOS SUBSTITUTOS S\u00c3O CONVOCADOS PARA O RESIDENCIAL MAIRI. CONFIRA A LISTA"}]},{"@type":"WebSite","@id":"https:\/\/blogdofarnesio.com.br\/#website","url":"https:\/\/blogdofarnesio.com.br\/","name":"Blog do Farn\u00e9sio","description":"Quer Saber Pol\u00edtica?","publisher":{"@id":"https:\/\/blogdofarnesio.com.br\/#organization"},"potentialAction":[{"@type":"SearchAction","target":{"@type":"EntryPoint","urlTemplate":"https:\/\/blogdofarnesio.com.br\/?s={search_term_string}"},"query-input":{"@type":"PropertyValueSpecification","valueRequired":true,"valueName":"search_term_string"}}],"inLanguage":"pt-BR"},{"@type":"Organization","@id":"https:\/\/blogdofarnesio.com.br\/#organization","name":"Blog do Farn\u00e9sio","url":"https:\/\/blogdofarnesio.com.br\/","logo":{"@type":"ImageObject","inLanguage":"pt-BR","@id":"https:\/\/blogdofarnesio.com.br\/#\/schema\/logo\/image\/","url":"https:\/\/blogdofarnesio.com.br\/wp-content\/uploads\/2026\/03\/cropped-logo_new-1.png","contentUrl":"https:\/\/blogdofarnesio.com.br\/wp-content\/uploads\/2026\/03\/cropped-logo_new-1.png","width":881,"height":685,"caption":"Blog do Farn\u00e9sio"},"image":{"@id":"https:\/\/blogdofarnesio.com.br\/#\/schema\/logo\/image\/"},"sameAs":["https:\/\/www.facebook.com\/BlogQuerSaberPolitica\/"]},{"@type":"Person","@id":"https:\/\/blogdofarnesio.com.br\/#\/schema\/person\/301c4acf522bccbfdb45af95b5b906a1","name":"Farn\u00e9sio","image":{"@type":"ImageObject","inLanguage":"pt-BR","@id":"https:\/\/secure.gravatar.com\/avatar\/df0c9a14567c056f8ad6876ba5bbd1e3e2c48023eb6807342fc4663adf549f38?s=96&d=mm&r=g","url":"https:\/\/secure.gravatar.com\/avatar\/df0c9a14567c056f8ad6876ba5bbd1e3e2c48023eb6807342fc4663adf549f38?s=96&d=mm&r=g","contentUrl":"https:\/\/secure.gravatar.com\/avatar\/df0c9a14567c056f8ad6876ba5bbd1e3e2c48023eb6807342fc4663adf549f38?s=96&d=mm&r=g","caption":"Farn\u00e9sio"},"sameAs":["https:\/\/quersaberpolitica.com.br"],"url":"https:\/\/blogdofarnesio.com.br\/author\/farnesio\/"}]}},"_links":{"self":[{"href":"https:\/\/blogdofarnesio.com.br\/wp-json\/wp\/v2\/posts\/163007","targetHints":{"allow":["GET"]}}],"collection":[{"href":"https:\/\/blogdofarnesio.com.br\/wp-json\/wp\/v2\/posts"}],"about":[{"href":"https:\/\/blogdofarnesio.com.br\/wp-json\/wp\/v2\/types\/post"}],"author":[{"embeddable":true,"href":"https:\/\/blogdofarnesio.com.br\/wp-json\/wp\/v2\/users\/1"}],"replies":[{"embeddable":true,"href":"https:\/\/blogdofarnesio.com.br\/wp-json\/wp\/v2\/comments?post=163007"}],"version-history":[{"count":0,"href":"https:\/\/blogdofarnesio.com.br\/wp-json\/wp\/v2\/posts\/163007\/revisions"}],"wp:featuredmedia":[{"embeddable":true,"href":"https:\/\/blogdofarnesio.com.br\/wp-json\/wp\/v2\/media\/163008"}],"wp:attachment":[{"href":"https:\/\/blogdofarnesio.com.br\/wp-json\/wp\/v2\/media?parent=163007"}],"wp:term":[{"taxonomy":"category","embeddable":true,"href":"https:\/\/blogdofarnesio.com.br\/wp-json\/wp\/v2\/categories?post=163007"},{"taxonomy":"post_tag","embeddable":true,"href":"https:\/\/blogdofarnesio.com.br\/wp-json\/wp\/v2\/tags?post=163007"}],"curies":[{"name":"wp","href":"https:\/\/api.w.org\/{rel}","templated":true}]}}