{"id":162761,"date":"2017-04-03T14:30:30","date_gmt":"2017-04-03T17:30:30","guid":{"rendered":"http:\/\/quersaberpolitica.com.br\/2016\/?p=162761"},"modified":"2017-04-03T10:45:59","modified_gmt":"2017-04-03T13:45:59","slug":"segunda-fase-do-recadastramento-dos-servidores-de-petrolina-inicia-nesta-segunda-feira-03","status":"publish","type":"post","link":"https:\/\/blogdofarnesio.com.br\/?p=162761","title":{"rendered":"SEGUNDA FASE DO RECADASTRAMENTO DOS SERVIDORES DE PETROLINA INICIA NESTA SEGUNDA-FEIRA (03)"},"content":{"rendered":"<p style=\"text-align: justify;\" align=\"justify\"><span style=\"font-size: large;\">Come\u00e7ou nesta segunda-feira (03) e segue at\u00e9 o dia 12 de abril, a segunda fase do recadastramento dos servidores municipais efetivos ativos\u00a0 de Petrolina. O servidor dever\u00e1 comparecer no local de lota\u00e7\u00e3o, obedecendo o calend\u00e1rio por ordem alfab\u00e9tica, <span lang=\"pt-BR\">nos hor\u00e1rios compreendidos entre 8h \u00e0s 12h e das 14h \u00e0s 17h, para apresentar<\/span> <span lang=\"pt-BR\">os seguintes documentos: <\/span><span lang=\"pt-BR\">RG; CPF; T\u00edtulo de Eleitor; Certid\u00e3o de Casamento\/Div\u00f3rcio ou Uni\u00e3o Est\u00e1vel; Carteira de Habilita\u00e7\u00e3o (se motorista); Comprovante com o n\u00famero do PIS\/PASEP; Comprovante residencial atualizado; Comprovante de Escolaridade; <\/span><span lang=\"pt-BR\">Carteira de Registro Profissional para cargos vinculados a Conselhos de Categoria Profissional (CREA, COREN, CRC, CRO, OAB, etc), se couber. <\/span>O recadastramento \u00e9 obrigat\u00f3rio.<\/span><\/p>\n<p style=\"text-align: justify;\" align=\"justify\"><span style=\"font-size: large;\"><b>Programa\u00e7\u00e3o<\/b><\/span><\/p>\n<p style=\"text-align: justify;\" align=\"justify\"><span style=\"font-size: large;\">Dia 03\/04 (segunda-feira): Servidores com iniciais de A \u00e0 C<\/span><\/p>\n<p style=\"text-align: justify;\" align=\"justify\"><span style=\"font-size: large;\">Dia 04\/04 (ter\u00e7a-feira): Servidores com iniciais de D e E<\/span><\/p>\n<p style=\"text-align: justify;\" align=\"justify\"><span style=\"font-size: large;\">Dia 05\/04 (quarta-feira): Servidores com iniciais de F \u00e0 I<\/span><\/p>\n<p style=\"text-align: justify;\" align=\"justify\"><span style=\"font-size: large;\">Dia 06\/04 (quinta-feira): Servidores com iniciais de J \u00e0 L<\/span><\/p>\n<p style=\"text-align: justify;\" align=\"justify\"><span style=\"font-size: large;\"><span lang=\"pt-BR\">Dia 07\/04 (sexta-feira): Servidores com iniciais <\/span><span lang=\"pt-BR\">M<\/span><\/span><\/p>\n<p style=\"text-align: justify;\" align=\"justify\"><span style=\"font-size: large;\"><span lang=\"pt-BR\">Dia <\/span><span lang=\"pt-BR\">10<\/span><span lang=\"pt-BR\">\/0<\/span><span lang=\"pt-BR\">4<\/span><span lang=\"pt-BR\"> (segunda-feira): Servidores com iniciais <\/span><span lang=\"pt-BR\">M<\/span><\/span><\/p>\n<p style=\"text-align: justify;\" align=\"justify\"><span style=\"font-size: large;\"><span lang=\"pt-BR\">Dia <\/span><span lang=\"pt-BR\">11<\/span><span lang=\"pt-BR\">\/04 (ter\u00e7a-feira): Servidores com iniciais de <\/span><span lang=\"pt-BR\">N \u00e0 R<\/span><\/span><\/p>\n<p style=\"text-align: justify;\" align=\"justify\"><span style=\"font-size: large;\"><span lang=\"pt-BR\">Dia <\/span><span lang=\"pt-BR\">12<\/span><span lang=\"pt-BR\">\/04 (quarta-feira): Servidores com iniciais de <\/span><span lang=\"pt-BR\">S<\/span><span lang=\"pt-BR\"> \u00e0 <\/span><span lang=\"pt-BR\">Z<\/span><\/span><\/p>\n<p align=\"justify\"><em><span style=\"font-size: large;\"><span lang=\"pt-BR\">Aline Benevides<\/span><\/span><\/em><\/p>\n","protected":false},"excerpt":{"rendered":"<p>Come\u00e7ou nesta segunda-feira (03) e segue at\u00e9 o dia 12 de abril, a segunda fase do recadastramento dos servidores municipais efetivos ativos\u00a0 de Petrolina. O servidor dever\u00e1 comparecer no local de lota\u00e7\u00e3o, obedecendo o calend\u00e1rio por ordem alfab\u00e9tica, nos hor\u00e1rios compreendidos entre 8h \u00e0s 12h e das 14h \u00e0s 17h, para apresentar os seguintes documentos: RG; CPF; T\u00edtulo de Eleitor; Certid\u00e3o de Casamento\/Div\u00f3rcio ou Uni\u00e3o Est\u00e1vel; Carteira de Habilita\u00e7\u00e3o (se motorista); Comprovante com o n\u00famero do PIS\/PASEP; Comprovante residencial atualizado; Comprovante de Escolaridade; Carteira de Registro Profissional para cargos vinculados a Conselhos de Categoria Profissional (CREA, COREN, CRC, CRO, OAB, etc), se couber. O recadastramento \u00e9 obrigat\u00f3rio. Programa\u00e7\u00e3o Dia 03\/04 (segunda-feira): Servidores com iniciais de A \u00e0 C Dia 04\/04&hellip; <\/p>\n","protected":false},"author":1,"featured_media":152264,"comment_status":"open","ping_status":"open","sticky":false,"template":"","format":"standard","meta":{"_acf_changed":false,"footnotes":""},"categories":[44],"tags":[],"class_list":["post-162761","post","type-post","status-publish","format-standard","has-post-thumbnail","hentry","category-administracao"],"acf":[],"yoast_head":"<!-- This site is optimized with the Yoast SEO plugin v27.4 - https:\/\/yoast.com\/product\/yoast-seo-wordpress\/ -->\n<title>SEGUNDA FASE DO RECADASTRAMENTO DOS SERVIDORES DE PETROLINA INICIA NESTA SEGUNDA-FEIRA (03) - Blog do Farn\u00e9sio<\/title>\n<meta name=\"robots\" content=\"index, follow, max-snippet:-1, max-image-preview:large, max-video-preview:-1\" \/>\n<link rel=\"canonical\" href=\"https:\/\/blogdofarnesio.com.br\/?p=162761\" \/>\n<meta property=\"og:locale\" content=\"pt_BR\" \/>\n<meta property=\"og:type\" content=\"article\" \/>\n<meta property=\"og:title\" content=\"SEGUNDA FASE DO RECADASTRAMENTO DOS SERVIDORES DE PETROLINA INICIA NESTA SEGUNDA-FEIRA (03) - Blog do Farn\u00e9sio\" \/>\n<meta property=\"og:description\" content=\"Come\u00e7ou nesta segunda-feira (03) e segue at\u00e9 o dia 12 de abril, a segunda fase do recadastramento dos servidores municipais efetivos ativos\u00a0 de Petrolina. O servidor dever\u00e1 comparecer no local de lota\u00e7\u00e3o, obedecendo o calend\u00e1rio por ordem alfab\u00e9tica, nos hor\u00e1rios compreendidos entre 8h \u00e0s 12h e das 14h \u00e0s 17h, para apresentar os seguintes documentos: RG; CPF; T\u00edtulo de Eleitor; Certid\u00e3o de Casamento\/Div\u00f3rcio ou Uni\u00e3o Est\u00e1vel; Carteira de Habilita\u00e7\u00e3o (se motorista); Comprovante com o n\u00famero do PIS\/PASEP; Comprovante residencial atualizado; Comprovante de Escolaridade; Carteira de Registro Profissional para cargos vinculados a Conselhos de Categoria Profissional (CREA, COREN, CRC, CRO, OAB, etc), se couber. O recadastramento \u00e9 obrigat\u00f3rio. Programa\u00e7\u00e3o Dia 03\/04 (segunda-feira): Servidores com iniciais de A \u00e0 C Dia 04\/04&hellip;\" \/>\n<meta property=\"og:url\" content=\"https:\/\/blogdofarnesio.com.br\/?p=162761\" \/>\n<meta property=\"og:site_name\" content=\"Blog do Farn\u00e9sio\" \/>\n<meta property=\"article:publisher\" content=\"https:\/\/www.facebook.com\/BlogQuerSaberPolitica\/\" \/>\n<meta property=\"article:published_time\" content=\"2017-04-03T17:30:30+00:00\" \/>\n<meta property=\"og:image\" content=\"https:\/\/blogdofarnesio.com.br\/wp-content\/uploads\/2016\/12\/blogqsp-prefeitura-petrolina1.jpg\" \/>\n\t<meta property=\"og:image:width\" content=\"692\" \/>\n\t<meta property=\"og:image:height\" content=\"519\" \/>\n\t<meta property=\"og:image:type\" content=\"image\/jpeg\" \/>\n<meta name=\"author\" content=\"Farn\u00e9sio\" \/>\n<meta name=\"twitter:card\" content=\"summary_large_image\" \/>\n<meta name=\"twitter:label1\" content=\"Escrito por\" \/>\n\t<meta name=\"twitter:data1\" content=\"Farn\u00e9sio\" \/>\n\t<meta name=\"twitter:label2\" content=\"Est. tempo de leitura\" \/>\n\t<meta name=\"twitter:data2\" content=\"1 minuto\" \/>\n<script type=\"application\/ld+json\" class=\"yoast-schema-graph\">{\"@context\":\"https:\\\/\\\/schema.org\",\"@graph\":[{\"@type\":\"Article\",\"@id\":\"https:\\\/\\\/blogdofarnesio.com.br\\\/?p=162761#article\",\"isPartOf\":{\"@id\":\"https:\\\/\\\/blogdofarnesio.com.br\\\/?p=162761\"},\"author\":{\"name\":\"Farn\u00e9sio\",\"@id\":\"https:\\\/\\\/blogdofarnesio.com.br\\\/#\\\/schema\\\/person\\\/301c4acf522bccbfdb45af95b5b906a1\"},\"headline\":\"SEGUNDA FASE DO RECADASTRAMENTO DOS SERVIDORES DE PETROLINA INICIA NESTA SEGUNDA-FEIRA (03)\",\"datePublished\":\"2017-04-03T17:30:30+00:00\",\"mainEntityOfPage\":{\"@id\":\"https:\\\/\\\/blogdofarnesio.com.br\\\/?p=162761\"},\"wordCount\":197,\"commentCount\":0,\"publisher\":{\"@id\":\"https:\\\/\\\/blogdofarnesio.com.br\\\/#organization\"},\"image\":{\"@id\":\"https:\\\/\\\/blogdofarnesio.com.br\\\/?p=162761#primaryimage\"},\"thumbnailUrl\":\"https:\\\/\\\/blogdofarnesio.com.br\\\/wp-content\\\/uploads\\\/2016\\\/12\\\/blogqsp-prefeitura-petrolina1.jpg\",\"articleSection\":[\"Administra\u00e7\u00e3o\"],\"inLanguage\":\"pt-BR\",\"potentialAction\":[{\"@type\":\"CommentAction\",\"name\":\"Comment\",\"target\":[\"https:\\\/\\\/blogdofarnesio.com.br\\\/?p=162761#respond\"]}]},{\"@type\":\"WebPage\",\"@id\":\"https:\\\/\\\/blogdofarnesio.com.br\\\/?p=162761\",\"url\":\"https:\\\/\\\/blogdofarnesio.com.br\\\/?p=162761\",\"name\":\"SEGUNDA FASE DO RECADASTRAMENTO DOS SERVIDORES DE PETROLINA INICIA NESTA SEGUNDA-FEIRA (03) - Blog do Farn\u00e9sio\",\"isPartOf\":{\"@id\":\"https:\\\/\\\/blogdofarnesio.com.br\\\/#website\"},\"primaryImageOfPage\":{\"@id\":\"https:\\\/\\\/blogdofarnesio.com.br\\\/?p=162761#primaryimage\"},\"image\":{\"@id\":\"https:\\\/\\\/blogdofarnesio.com.br\\\/?p=162761#primaryimage\"},\"thumbnailUrl\":\"https:\\\/\\\/blogdofarnesio.com.br\\\/wp-content\\\/uploads\\\/2016\\\/12\\\/blogqsp-prefeitura-petrolina1.jpg\",\"datePublished\":\"2017-04-03T17:30:30+00:00\",\"breadcrumb\":{\"@id\":\"https:\\\/\\\/blogdofarnesio.com.br\\\/?p=162761#breadcrumb\"},\"inLanguage\":\"pt-BR\",\"potentialAction\":[{\"@type\":\"ReadAction\",\"target\":[\"https:\\\/\\\/blogdofarnesio.com.br\\\/?p=162761\"]}]},{\"@type\":\"ImageObject\",\"inLanguage\":\"pt-BR\",\"@id\":\"https:\\\/\\\/blogdofarnesio.com.br\\\/?p=162761#primaryimage\",\"url\":\"https:\\\/\\\/blogdofarnesio.com.br\\\/wp-content\\\/uploads\\\/2016\\\/12\\\/blogqsp-prefeitura-petrolina1.jpg\",\"contentUrl\":\"https:\\\/\\\/blogdofarnesio.com.br\\\/wp-content\\\/uploads\\\/2016\\\/12\\\/blogqsp-prefeitura-petrolina1.jpg\",\"width\":692,\"height\":519,\"caption\":\"Prefeitura de Petrolina-Pe Foto Farn\u00e9sio Silva\"},{\"@type\":\"BreadcrumbList\",\"@id\":\"https:\\\/\\\/blogdofarnesio.com.br\\\/?p=162761#breadcrumb\",\"itemListElement\":[{\"@type\":\"ListItem\",\"position\":1,\"name\":\"In\u00edcio\",\"item\":\"https:\\\/\\\/blogdofarnesio.com.br\\\/\"},{\"@type\":\"ListItem\",\"position\":2,\"name\":\"SEGUNDA FASE DO RECADASTRAMENTO DOS SERVIDORES DE PETROLINA INICIA NESTA SEGUNDA-FEIRA (03)\"}]},{\"@type\":\"WebSite\",\"@id\":\"https:\\\/\\\/blogdofarnesio.com.br\\\/#website\",\"url\":\"https:\\\/\\\/blogdofarnesio.com.br\\\/\",\"name\":\"Blog do Farn\u00e9sio\",\"description\":\"Quer Saber Pol\u00edtica?\",\"publisher\":{\"@id\":\"https:\\\/\\\/blogdofarnesio.com.br\\\/#organization\"},\"potentialAction\":[{\"@type\":\"SearchAction\",\"target\":{\"@type\":\"EntryPoint\",\"urlTemplate\":\"https:\\\/\\\/blogdofarnesio.com.br\\\/?s={search_term_string}\"},\"query-input\":{\"@type\":\"PropertyValueSpecification\",\"valueRequired\":true,\"valueName\":\"search_term_string\"}}],\"inLanguage\":\"pt-BR\"},{\"@type\":\"Organization\",\"@id\":\"https:\\\/\\\/blogdofarnesio.com.br\\\/#organization\",\"name\":\"Blog do Farn\u00e9sio\",\"url\":\"https:\\\/\\\/blogdofarnesio.com.br\\\/\",\"logo\":{\"@type\":\"ImageObject\",\"inLanguage\":\"pt-BR\",\"@id\":\"https:\\\/\\\/blogdofarnesio.com.br\\\/#\\\/schema\\\/logo\\\/image\\\/\",\"url\":\"https:\\\/\\\/blogdofarnesio.com.br\\\/wp-content\\\/uploads\\\/2026\\\/03\\\/cropped-logo_new-1.png\",\"contentUrl\":\"https:\\\/\\\/blogdofarnesio.com.br\\\/wp-content\\\/uploads\\\/2026\\\/03\\\/cropped-logo_new-1.png\",\"width\":881,\"height\":685,\"caption\":\"Blog do Farn\u00e9sio\"},\"image\":{\"@id\":\"https:\\\/\\\/blogdofarnesio.com.br\\\/#\\\/schema\\\/logo\\\/image\\\/\"},\"sameAs\":[\"https:\\\/\\\/www.facebook.com\\\/BlogQuerSaberPolitica\\\/\"]},{\"@type\":\"Person\",\"@id\":\"https:\\\/\\\/blogdofarnesio.com.br\\\/#\\\/schema\\\/person\\\/301c4acf522bccbfdb45af95b5b906a1\",\"name\":\"Farn\u00e9sio\",\"image\":{\"@type\":\"ImageObject\",\"inLanguage\":\"pt-BR\",\"@id\":\"https:\\\/\\\/secure.gravatar.com\\\/avatar\\\/df0c9a14567c056f8ad6876ba5bbd1e3e2c48023eb6807342fc4663adf549f38?s=96&d=mm&r=g\",\"url\":\"https:\\\/\\\/secure.gravatar.com\\\/avatar\\\/df0c9a14567c056f8ad6876ba5bbd1e3e2c48023eb6807342fc4663adf549f38?s=96&d=mm&r=g\",\"contentUrl\":\"https:\\\/\\\/secure.gravatar.com\\\/avatar\\\/df0c9a14567c056f8ad6876ba5bbd1e3e2c48023eb6807342fc4663adf549f38?s=96&d=mm&r=g\",\"caption\":\"Farn\u00e9sio\"},\"sameAs\":[\"https:\\\/\\\/quersaberpolitica.com.br\"],\"url\":\"https:\\\/\\\/blogdofarnesio.com.br\\\/?author=1\"}]}<\/script>\n<!-- \/ Yoast SEO plugin. -->","yoast_head_json":{"title":"SEGUNDA FASE DO RECADASTRAMENTO DOS SERVIDORES DE PETROLINA INICIA NESTA SEGUNDA-FEIRA (03) - Blog do Farn\u00e9sio","robots":{"index":"index","follow":"follow","max-snippet":"max-snippet:-1","max-image-preview":"max-image-preview:large","max-video-preview":"max-video-preview:-1"},"canonical":"https:\/\/blogdofarnesio.com.br\/?p=162761","og_locale":"pt_BR","og_type":"article","og_title":"SEGUNDA FASE DO RECADASTRAMENTO DOS SERVIDORES DE PETROLINA INICIA NESTA SEGUNDA-FEIRA (03) - Blog do Farn\u00e9sio","og_description":"Come\u00e7ou nesta segunda-feira (03) e segue at\u00e9 o dia 12 de abril, a segunda fase do recadastramento dos servidores municipais efetivos ativos\u00a0 de Petrolina. O servidor dever\u00e1 comparecer no local de lota\u00e7\u00e3o, obedecendo o calend\u00e1rio por ordem alfab\u00e9tica, nos hor\u00e1rios compreendidos entre 8h \u00e0s 12h e das 14h \u00e0s 17h, para apresentar os seguintes documentos: RG; CPF; T\u00edtulo de Eleitor; Certid\u00e3o de Casamento\/Div\u00f3rcio ou Uni\u00e3o Est\u00e1vel; Carteira de Habilita\u00e7\u00e3o (se motorista); Comprovante com o n\u00famero do PIS\/PASEP; Comprovante residencial atualizado; Comprovante de Escolaridade; Carteira de Registro Profissional para cargos vinculados a Conselhos de Categoria Profissional (CREA, COREN, CRC, CRO, OAB, etc), se couber. O recadastramento \u00e9 obrigat\u00f3rio. Programa\u00e7\u00e3o Dia 03\/04 (segunda-feira): Servidores com iniciais de A \u00e0 C Dia 04\/04&hellip;","og_url":"https:\/\/blogdofarnesio.com.br\/?p=162761","og_site_name":"Blog do Farn\u00e9sio","article_publisher":"https:\/\/www.facebook.com\/BlogQuerSaberPolitica\/","article_published_time":"2017-04-03T17:30:30+00:00","og_image":[{"width":692,"height":519,"url":"https:\/\/blogdofarnesio.com.br\/wp-content\/uploads\/2016\/12\/blogqsp-prefeitura-petrolina1.jpg","type":"image\/jpeg"}],"author":"Farn\u00e9sio","twitter_card":"summary_large_image","twitter_misc":{"Escrito por":"Farn\u00e9sio","Est. tempo de leitura":"1 minuto"},"schema":{"@context":"https:\/\/schema.org","@graph":[{"@type":"Article","@id":"https:\/\/blogdofarnesio.com.br\/?p=162761#article","isPartOf":{"@id":"https:\/\/blogdofarnesio.com.br\/?p=162761"},"author":{"name":"Farn\u00e9sio","@id":"https:\/\/blogdofarnesio.com.br\/#\/schema\/person\/301c4acf522bccbfdb45af95b5b906a1"},"headline":"SEGUNDA FASE DO RECADASTRAMENTO DOS SERVIDORES DE PETROLINA INICIA NESTA SEGUNDA-FEIRA (03)","datePublished":"2017-04-03T17:30:30+00:00","mainEntityOfPage":{"@id":"https:\/\/blogdofarnesio.com.br\/?p=162761"},"wordCount":197,"commentCount":0,"publisher":{"@id":"https:\/\/blogdofarnesio.com.br\/#organization"},"image":{"@id":"https:\/\/blogdofarnesio.com.br\/?p=162761#primaryimage"},"thumbnailUrl":"https:\/\/blogdofarnesio.com.br\/wp-content\/uploads\/2016\/12\/blogqsp-prefeitura-petrolina1.jpg","articleSection":["Administra\u00e7\u00e3o"],"inLanguage":"pt-BR","potentialAction":[{"@type":"CommentAction","name":"Comment","target":["https:\/\/blogdofarnesio.com.br\/?p=162761#respond"]}]},{"@type":"WebPage","@id":"https:\/\/blogdofarnesio.com.br\/?p=162761","url":"https:\/\/blogdofarnesio.com.br\/?p=162761","name":"SEGUNDA FASE DO RECADASTRAMENTO DOS SERVIDORES DE PETROLINA INICIA NESTA SEGUNDA-FEIRA (03) - Blog do Farn\u00e9sio","isPartOf":{"@id":"https:\/\/blogdofarnesio.com.br\/#website"},"primaryImageOfPage":{"@id":"https:\/\/blogdofarnesio.com.br\/?p=162761#primaryimage"},"image":{"@id":"https:\/\/blogdofarnesio.com.br\/?p=162761#primaryimage"},"thumbnailUrl":"https:\/\/blogdofarnesio.com.br\/wp-content\/uploads\/2016\/12\/blogqsp-prefeitura-petrolina1.jpg","datePublished":"2017-04-03T17:30:30+00:00","breadcrumb":{"@id":"https:\/\/blogdofarnesio.com.br\/?p=162761#breadcrumb"},"inLanguage":"pt-BR","potentialAction":[{"@type":"ReadAction","target":["https:\/\/blogdofarnesio.com.br\/?p=162761"]}]},{"@type":"ImageObject","inLanguage":"pt-BR","@id":"https:\/\/blogdofarnesio.com.br\/?p=162761#primaryimage","url":"https:\/\/blogdofarnesio.com.br\/wp-content\/uploads\/2016\/12\/blogqsp-prefeitura-petrolina1.jpg","contentUrl":"https:\/\/blogdofarnesio.com.br\/wp-content\/uploads\/2016\/12\/blogqsp-prefeitura-petrolina1.jpg","width":692,"height":519,"caption":"Prefeitura de Petrolina-Pe Foto Farn\u00e9sio Silva"},{"@type":"BreadcrumbList","@id":"https:\/\/blogdofarnesio.com.br\/?p=162761#breadcrumb","itemListElement":[{"@type":"ListItem","position":1,"name":"In\u00edcio","item":"https:\/\/blogdofarnesio.com.br\/"},{"@type":"ListItem","position":2,"name":"SEGUNDA FASE DO RECADASTRAMENTO DOS SERVIDORES DE PETROLINA INICIA NESTA SEGUNDA-FEIRA (03)"}]},{"@type":"WebSite","@id":"https:\/\/blogdofarnesio.com.br\/#website","url":"https:\/\/blogdofarnesio.com.br\/","name":"Blog do Farn\u00e9sio","description":"Quer Saber Pol\u00edtica?","publisher":{"@id":"https:\/\/blogdofarnesio.com.br\/#organization"},"potentialAction":[{"@type":"SearchAction","target":{"@type":"EntryPoint","urlTemplate":"https:\/\/blogdofarnesio.com.br\/?s={search_term_string}"},"query-input":{"@type":"PropertyValueSpecification","valueRequired":true,"valueName":"search_term_string"}}],"inLanguage":"pt-BR"},{"@type":"Organization","@id":"https:\/\/blogdofarnesio.com.br\/#organization","name":"Blog do Farn\u00e9sio","url":"https:\/\/blogdofarnesio.com.br\/","logo":{"@type":"ImageObject","inLanguage":"pt-BR","@id":"https:\/\/blogdofarnesio.com.br\/#\/schema\/logo\/image\/","url":"https:\/\/blogdofarnesio.com.br\/wp-content\/uploads\/2026\/03\/cropped-logo_new-1.png","contentUrl":"https:\/\/blogdofarnesio.com.br\/wp-content\/uploads\/2026\/03\/cropped-logo_new-1.png","width":881,"height":685,"caption":"Blog do Farn\u00e9sio"},"image":{"@id":"https:\/\/blogdofarnesio.com.br\/#\/schema\/logo\/image\/"},"sameAs":["https:\/\/www.facebook.com\/BlogQuerSaberPolitica\/"]},{"@type":"Person","@id":"https:\/\/blogdofarnesio.com.br\/#\/schema\/person\/301c4acf522bccbfdb45af95b5b906a1","name":"Farn\u00e9sio","image":{"@type":"ImageObject","inLanguage":"pt-BR","@id":"https:\/\/secure.gravatar.com\/avatar\/df0c9a14567c056f8ad6876ba5bbd1e3e2c48023eb6807342fc4663adf549f38?s=96&d=mm&r=g","url":"https:\/\/secure.gravatar.com\/avatar\/df0c9a14567c056f8ad6876ba5bbd1e3e2c48023eb6807342fc4663adf549f38?s=96&d=mm&r=g","contentUrl":"https:\/\/secure.gravatar.com\/avatar\/df0c9a14567c056f8ad6876ba5bbd1e3e2c48023eb6807342fc4663adf549f38?s=96&d=mm&r=g","caption":"Farn\u00e9sio"},"sameAs":["https:\/\/quersaberpolitica.com.br"],"url":"https:\/\/blogdofarnesio.com.br\/?author=1"}]}},"_links":{"self":[{"href":"https:\/\/blogdofarnesio.com.br\/index.php?rest_route=\/wp\/v2\/posts\/162761","targetHints":{"allow":["GET"]}}],"collection":[{"href":"https:\/\/blogdofarnesio.com.br\/index.php?rest_route=\/wp\/v2\/posts"}],"about":[{"href":"https:\/\/blogdofarnesio.com.br\/index.php?rest_route=\/wp\/v2\/types\/post"}],"author":[{"embeddable":true,"href":"https:\/\/blogdofarnesio.com.br\/index.php?rest_route=\/wp\/v2\/users\/1"}],"replies":[{"embeddable":true,"href":"https:\/\/blogdofarnesio.com.br\/index.php?rest_route=%2Fwp%2Fv2%2Fcomments&post=162761"}],"version-history":[{"count":0,"href":"https:\/\/blogdofarnesio.com.br\/index.php?rest_route=\/wp\/v2\/posts\/162761\/revisions"}],"wp:featuredmedia":[{"embeddable":true,"href":"https:\/\/blogdofarnesio.com.br\/index.php?rest_route=\/wp\/v2\/media\/152264"}],"wp:attachment":[{"href":"https:\/\/blogdofarnesio.com.br\/index.php?rest_route=%2Fwp%2Fv2%2Fmedia&parent=162761"}],"wp:term":[{"taxonomy":"category","embeddable":true,"href":"https:\/\/blogdofarnesio.com.br\/index.php?rest_route=%2Fwp%2Fv2%2Fcategories&post=162761"},{"taxonomy":"post_tag","embeddable":true,"href":"https:\/\/blogdofarnesio.com.br\/index.php?rest_route=%2Fwp%2Fv2%2Ftags&post=162761"}],"curies":[{"name":"wp","href":"https:\/\/api.w.org\/{rel}","templated":true}]}}