{"id":162757,"date":"2017-04-03T13:00:34","date_gmt":"2017-04-03T16:00:34","guid":{"rendered":"http:\/\/quersaberpolitica.com.br\/2016\/?p=162757"},"modified":"2017-04-03T10:40:54","modified_gmt":"2017-04-03T13:40:54","slug":"aecio-neves-e-mentira","status":"publish","type":"post","link":"https:\/\/blogdofarnesio.com.br\/?p=162757","title":{"rendered":"A\u00c9CIO NEVES: &#8220;\u00c9 MENTIRA!&#8221;"},"content":{"rendered":"<p style=\"text-align: justify;\">A revista &#8220;Veja&#8221; desta semana traz na capa uma foto minha com a afirma\u00e7\u00e3o de que um ex-executivo da Odebrecht teria dito que a empresa depositou milh\u00f5es numa conta banc\u00e1ria movimentada por minha irm\u00e3 em Nova York.<\/p>\n<p style=\"text-align: justify;\">\u00c9 mentira.<\/p>\n<p style=\"text-align: justify;\">Ainda na noite de sexta-feira, em contato telef\u00f4nico com meu advogado, o advogado do ex-executivo afirmou que a noticia era falsa, uma vez que, na dela\u00e7\u00e3o de seu cliente, n\u00e3o h\u00e1 men\u00e7\u00e3o ao nome de minha irm\u00e3 nem \u00e0 pretensa conta em Nova York.<\/p>\n<p style=\"text-align: justify;\">Repito o que j\u00e1 disse. Neste momento, mais importante do que identificar o mentiroso -se algum delator ou a fonte da &#8220;Veja&#8221;- \u00e9 provar a mentira. E isso \u00e9 f\u00e1cil. Basta que eu tenha acesso ao nome do banco para que a farsa seja desmascarada.<\/p>\n<p style=\"text-align: justify;\">Cheguei a oferecer toda colabora\u00e7\u00e3o para que a revista pudesse acessar as informa\u00e7\u00f5es junto ao banco, mas fui informado de que n\u00e3o sabiam sequer o nome da institui\u00e7\u00e3o financeira!<\/p>\n<p style=\"text-align: justify;\">A dimens\u00e3o da acusa\u00e7\u00e3o estampada na capa de um dos principais ve\u00edculos de comunica\u00e7\u00e3o do pa\u00eds levantou tr\u00eas quest\u00f5es, exatamente pela facilidade de se comprovar a veracidade ou n\u00e3o da mesma.<\/p>\n<p style=\"text-align: justify;\">Se a acusa\u00e7\u00e3o feita pela &#8220;Veja&#8221; consta realmente da dela\u00e7\u00e3o de algum executivo da Odebrecht, \u00e9 f\u00e1cil que em uma investiga\u00e7\u00e3o preliminar as autoridades possam comprovar sua falsidade, bastando chec\u00e1-la junto ao banco.<\/p>\n<p style=\"text-align: justify;\">\u00c9 justo abrir procedimentos que se arrastam por anos, expor publicamente pessoas quando se sabe, desde o in\u00edcio, que uma acusa\u00e7\u00e3o \u00e9 falsa?<\/p>\n<p style=\"text-align: justify;\">Ainda nessa hip\u00f3tese, do ponto de vista de responsabilidade \u00e9tica, a simples palavra de um delator, quando f\u00e1cil provar sua falsidade, deve ser suficiente para estampar manchetes acusat\u00f3rias?<\/p>\n<p style=\"text-align: justify;\">Por outro lado, se verdadeira a declara\u00e7\u00e3o do advogado do ex-executivo da empresa e tal conte\u00fado n\u00e3o existir na dela\u00e7\u00e3o indicada, o que houve na &#8220;Veja&#8221; n\u00e3o foi um vazamento. Foi uma tentativa de linchamento. Foi um crime que precisa ser investigado e punido.<\/p>\n<p style=\"text-align: justify;\">Protocolei no STF peti\u00e7\u00e3o solicitando abertura de investiga\u00e7\u00e3o sobre esse &#8220;vazamento&#8221; e acesso ao conte\u00fado da dela\u00e7\u00e3o em quest\u00e3o para que eu possa me defender. Usarei para isso todos os meios que estiverem ao meu alcance.<\/p>\n<p style=\"text-align: justify;\">O dano que me foi causado pela revista \u00e9 enorme, e s\u00f3 a apura\u00e7\u00e3o c\u00e9lere da verdade haver\u00e1 de repar\u00e1-lo. Por isso, preciso saber do que exatamente -e por quem- estou efetivamente sendo acusado.<\/p>\n<p style=\"text-align: justify;\">Num momento em que o pa\u00eds, lamentavelmente, confunde justi\u00e7a com condena\u00e7\u00e3o, qualquer acusa\u00e7\u00e3o, por mais leviana, sempre poder\u00e1 soar verdadeira para algu\u00e9m. N\u00e3o \u00e9 justo que a reputa\u00e7\u00e3o de uma pessoa repouse sobre a criminosa irresponsabilidade ou deliberada m\u00e1-f\u00e9 de outra.<\/p>\n<p style=\"text-align: justify;\">Blog do Magno<\/p>\n","protected":false},"excerpt":{"rendered":"<p>A revista &#8220;Veja&#8221; desta semana traz na capa uma foto minha com a afirma\u00e7\u00e3o de que um ex-executivo da Odebrecht teria dito que a empresa depositou milh\u00f5es numa conta banc\u00e1ria movimentada por minha irm\u00e3 em Nova York. \u00c9 mentira. Ainda na noite de sexta-feira, em contato telef\u00f4nico com meu advogado, o advogado do ex-executivo afirmou que a noticia era falsa, uma vez que, na dela\u00e7\u00e3o de seu cliente, n\u00e3o h\u00e1 men\u00e7\u00e3o ao nome de minha irm\u00e3 nem \u00e0 pretensa conta em Nova York. Repito o que j\u00e1 disse. Neste momento, mais importante do que identificar o mentiroso -se algum delator ou a fonte da &#8220;Veja&#8221;- \u00e9 provar a mentira. E isso \u00e9 f\u00e1cil. Basta que eu tenha acesso ao nome&hellip; <\/p>\n","protected":false},"author":1,"featured_media":155532,"comment_status":"open","ping_status":"open","sticky":false,"template":"","format":"standard","meta":{"_acf_changed":false,"footnotes":""},"categories":[1],"tags":[],"class_list":["post-162757","post","type-post","status-publish","format-standard","has-post-thumbnail","hentry","category-politica"],"acf":[],"yoast_head":"<!-- This site is optimized with the Yoast SEO plugin v27.4 - https:\/\/yoast.com\/product\/yoast-seo-wordpress\/ -->\n<title>A\u00c9CIO NEVES: &quot;\u00c9 MENTIRA!&quot; - Blog do Farn\u00e9sio<\/title>\n<meta name=\"robots\" content=\"index, follow, max-snippet:-1, max-image-preview:large, max-video-preview:-1\" \/>\n<link rel=\"canonical\" href=\"https:\/\/blogdofarnesio.com.br\/?p=162757\" \/>\n<meta property=\"og:locale\" content=\"pt_BR\" \/>\n<meta property=\"og:type\" content=\"article\" \/>\n<meta property=\"og:title\" content=\"A\u00c9CIO NEVES: &quot;\u00c9 MENTIRA!&quot; - Blog do Farn\u00e9sio\" \/>\n<meta property=\"og:description\" content=\"A revista &#8220;Veja&#8221; desta semana traz na capa uma foto minha com a afirma\u00e7\u00e3o de que um ex-executivo da Odebrecht teria dito que a empresa depositou milh\u00f5es numa conta banc\u00e1ria movimentada por minha irm\u00e3 em Nova York. \u00c9 mentira. Ainda na noite de sexta-feira, em contato telef\u00f4nico com meu advogado, o advogado do ex-executivo afirmou que a noticia era falsa, uma vez que, na dela\u00e7\u00e3o de seu cliente, n\u00e3o h\u00e1 men\u00e7\u00e3o ao nome de minha irm\u00e3 nem \u00e0 pretensa conta em Nova York. Repito o que j\u00e1 disse. Neste momento, mais importante do que identificar o mentiroso -se algum delator ou a fonte da &#8220;Veja&#8221;- \u00e9 provar a mentira. E isso \u00e9 f\u00e1cil. Basta que eu tenha acesso ao nome&hellip;\" \/>\n<meta property=\"og:url\" content=\"https:\/\/blogdofarnesio.com.br\/?p=162757\" \/>\n<meta property=\"og:site_name\" content=\"Blog do Farn\u00e9sio\" \/>\n<meta property=\"article:publisher\" content=\"https:\/\/www.facebook.com\/BlogQuerSaberPolitica\/\" \/>\n<meta property=\"article:published_time\" content=\"2017-04-03T16:00:34+00:00\" \/>\n<meta property=\"og:image\" content=\"https:\/\/blogdofarnesio.com.br\/wp-content\/uploads\/2017\/01\/blogqspAecio-Neves-e1485888026519.jpg\" \/>\n\t<meta property=\"og:image:width\" content=\"600\" \/>\n\t<meta property=\"og:image:height\" content=\"399\" \/>\n\t<meta property=\"og:image:type\" content=\"image\/jpeg\" \/>\n<meta name=\"author\" content=\"Farn\u00e9sio\" \/>\n<meta name=\"twitter:card\" content=\"summary_large_image\" \/>\n<meta name=\"twitter:label1\" content=\"Escrito por\" \/>\n\t<meta name=\"twitter:data1\" content=\"Farn\u00e9sio\" \/>\n\t<meta name=\"twitter:label2\" content=\"Est. tempo de leitura\" \/>\n\t<meta name=\"twitter:data2\" content=\"2 minutos\" \/>\n<script type=\"application\/ld+json\" class=\"yoast-schema-graph\">{\"@context\":\"https:\\\/\\\/schema.org\",\"@graph\":[{\"@type\":\"Article\",\"@id\":\"https:\\\/\\\/blogdofarnesio.com.br\\\/?p=162757#article\",\"isPartOf\":{\"@id\":\"https:\\\/\\\/blogdofarnesio.com.br\\\/?p=162757\"},\"author\":{\"name\":\"Farn\u00e9sio\",\"@id\":\"https:\\\/\\\/blogdofarnesio.com.br\\\/#\\\/schema\\\/person\\\/301c4acf522bccbfdb45af95b5b906a1\"},\"headline\":\"A\u00c9CIO NEVES: &#8220;\u00c9 MENTIRA!&#8221;\",\"datePublished\":\"2017-04-03T16:00:34+00:00\",\"mainEntityOfPage\":{\"@id\":\"https:\\\/\\\/blogdofarnesio.com.br\\\/?p=162757\"},\"wordCount\":477,\"commentCount\":0,\"publisher\":{\"@id\":\"https:\\\/\\\/blogdofarnesio.com.br\\\/#organization\"},\"image\":{\"@id\":\"https:\\\/\\\/blogdofarnesio.com.br\\\/?p=162757#primaryimage\"},\"thumbnailUrl\":\"https:\\\/\\\/blogdofarnesio.com.br\\\/wp-content\\\/uploads\\\/2017\\\/01\\\/blogqspAecio-Neves-e1485888026519.jpg\",\"articleSection\":[\"Pol\u00edtica\"],\"inLanguage\":\"pt-BR\",\"potentialAction\":[{\"@type\":\"CommentAction\",\"name\":\"Comment\",\"target\":[\"https:\\\/\\\/blogdofarnesio.com.br\\\/?p=162757#respond\"]}]},{\"@type\":\"WebPage\",\"@id\":\"https:\\\/\\\/blogdofarnesio.com.br\\\/?p=162757\",\"url\":\"https:\\\/\\\/blogdofarnesio.com.br\\\/?p=162757\",\"name\":\"A\u00c9CIO NEVES: \\\"\u00c9 MENTIRA!\\\" - Blog do Farn\u00e9sio\",\"isPartOf\":{\"@id\":\"https:\\\/\\\/blogdofarnesio.com.br\\\/#website\"},\"primaryImageOfPage\":{\"@id\":\"https:\\\/\\\/blogdofarnesio.com.br\\\/?p=162757#primaryimage\"},\"image\":{\"@id\":\"https:\\\/\\\/blogdofarnesio.com.br\\\/?p=162757#primaryimage\"},\"thumbnailUrl\":\"https:\\\/\\\/blogdofarnesio.com.br\\\/wp-content\\\/uploads\\\/2017\\\/01\\\/blogqspAecio-Neves-e1485888026519.jpg\",\"datePublished\":\"2017-04-03T16:00:34+00:00\",\"breadcrumb\":{\"@id\":\"https:\\\/\\\/blogdofarnesio.com.br\\\/?p=162757#breadcrumb\"},\"inLanguage\":\"pt-BR\",\"potentialAction\":[{\"@type\":\"ReadAction\",\"target\":[\"https:\\\/\\\/blogdofarnesio.com.br\\\/?p=162757\"]}]},{\"@type\":\"ImageObject\",\"inLanguage\":\"pt-BR\",\"@id\":\"https:\\\/\\\/blogdofarnesio.com.br\\\/?p=162757#primaryimage\",\"url\":\"https:\\\/\\\/blogdofarnesio.com.br\\\/wp-content\\\/uploads\\\/2017\\\/01\\\/blogqspAecio-Neves-e1485888026519.jpg\",\"contentUrl\":\"https:\\\/\\\/blogdofarnesio.com.br\\\/wp-content\\\/uploads\\\/2017\\\/01\\\/blogqspAecio-Neves-e1485888026519.jpg\",\"width\":600,\"height\":399},{\"@type\":\"BreadcrumbList\",\"@id\":\"https:\\\/\\\/blogdofarnesio.com.br\\\/?p=162757#breadcrumb\",\"itemListElement\":[{\"@type\":\"ListItem\",\"position\":1,\"name\":\"In\u00edcio\",\"item\":\"https:\\\/\\\/blogdofarnesio.com.br\\\/\"},{\"@type\":\"ListItem\",\"position\":2,\"name\":\"A\u00c9CIO NEVES: &#8220;\u00c9 MENTIRA!&#8221;\"}]},{\"@type\":\"WebSite\",\"@id\":\"https:\\\/\\\/blogdofarnesio.com.br\\\/#website\",\"url\":\"https:\\\/\\\/blogdofarnesio.com.br\\\/\",\"name\":\"Blog do Farn\u00e9sio\",\"description\":\"Quer Saber Pol\u00edtica?\",\"publisher\":{\"@id\":\"https:\\\/\\\/blogdofarnesio.com.br\\\/#organization\"},\"potentialAction\":[{\"@type\":\"SearchAction\",\"target\":{\"@type\":\"EntryPoint\",\"urlTemplate\":\"https:\\\/\\\/blogdofarnesio.com.br\\\/?s={search_term_string}\"},\"query-input\":{\"@type\":\"PropertyValueSpecification\",\"valueRequired\":true,\"valueName\":\"search_term_string\"}}],\"inLanguage\":\"pt-BR\"},{\"@type\":\"Organization\",\"@id\":\"https:\\\/\\\/blogdofarnesio.com.br\\\/#organization\",\"name\":\"Blog do Farn\u00e9sio\",\"url\":\"https:\\\/\\\/blogdofarnesio.com.br\\\/\",\"logo\":{\"@type\":\"ImageObject\",\"inLanguage\":\"pt-BR\",\"@id\":\"https:\\\/\\\/blogdofarnesio.com.br\\\/#\\\/schema\\\/logo\\\/image\\\/\",\"url\":\"https:\\\/\\\/blogdofarnesio.com.br\\\/wp-content\\\/uploads\\\/2026\\\/03\\\/cropped-logo_new-1.png\",\"contentUrl\":\"https:\\\/\\\/blogdofarnesio.com.br\\\/wp-content\\\/uploads\\\/2026\\\/03\\\/cropped-logo_new-1.png\",\"width\":881,\"height\":685,\"caption\":\"Blog do Farn\u00e9sio\"},\"image\":{\"@id\":\"https:\\\/\\\/blogdofarnesio.com.br\\\/#\\\/schema\\\/logo\\\/image\\\/\"},\"sameAs\":[\"https:\\\/\\\/www.facebook.com\\\/BlogQuerSaberPolitica\\\/\"]},{\"@type\":\"Person\",\"@id\":\"https:\\\/\\\/blogdofarnesio.com.br\\\/#\\\/schema\\\/person\\\/301c4acf522bccbfdb45af95b5b906a1\",\"name\":\"Farn\u00e9sio\",\"image\":{\"@type\":\"ImageObject\",\"inLanguage\":\"pt-BR\",\"@id\":\"https:\\\/\\\/secure.gravatar.com\\\/avatar\\\/df0c9a14567c056f8ad6876ba5bbd1e3e2c48023eb6807342fc4663adf549f38?s=96&d=mm&r=g\",\"url\":\"https:\\\/\\\/secure.gravatar.com\\\/avatar\\\/df0c9a14567c056f8ad6876ba5bbd1e3e2c48023eb6807342fc4663adf549f38?s=96&d=mm&r=g\",\"contentUrl\":\"https:\\\/\\\/secure.gravatar.com\\\/avatar\\\/df0c9a14567c056f8ad6876ba5bbd1e3e2c48023eb6807342fc4663adf549f38?s=96&d=mm&r=g\",\"caption\":\"Farn\u00e9sio\"},\"sameAs\":[\"https:\\\/\\\/quersaberpolitica.com.br\"],\"url\":\"https:\\\/\\\/blogdofarnesio.com.br\\\/?author=1\"}]}<\/script>\n<!-- \/ Yoast SEO plugin. -->","yoast_head_json":{"title":"A\u00c9CIO NEVES: \"\u00c9 MENTIRA!\" - Blog do Farn\u00e9sio","robots":{"index":"index","follow":"follow","max-snippet":"max-snippet:-1","max-image-preview":"max-image-preview:large","max-video-preview":"max-video-preview:-1"},"canonical":"https:\/\/blogdofarnesio.com.br\/?p=162757","og_locale":"pt_BR","og_type":"article","og_title":"A\u00c9CIO NEVES: \"\u00c9 MENTIRA!\" - Blog do Farn\u00e9sio","og_description":"A revista &#8220;Veja&#8221; desta semana traz na capa uma foto minha com a afirma\u00e7\u00e3o de que um ex-executivo da Odebrecht teria dito que a empresa depositou milh\u00f5es numa conta banc\u00e1ria movimentada por minha irm\u00e3 em Nova York. \u00c9 mentira. Ainda na noite de sexta-feira, em contato telef\u00f4nico com meu advogado, o advogado do ex-executivo afirmou que a noticia era falsa, uma vez que, na dela\u00e7\u00e3o de seu cliente, n\u00e3o h\u00e1 men\u00e7\u00e3o ao nome de minha irm\u00e3 nem \u00e0 pretensa conta em Nova York. Repito o que j\u00e1 disse. Neste momento, mais importante do que identificar o mentiroso -se algum delator ou a fonte da &#8220;Veja&#8221;- \u00e9 provar a mentira. E isso \u00e9 f\u00e1cil. Basta que eu tenha acesso ao nome&hellip;","og_url":"https:\/\/blogdofarnesio.com.br\/?p=162757","og_site_name":"Blog do Farn\u00e9sio","article_publisher":"https:\/\/www.facebook.com\/BlogQuerSaberPolitica\/","article_published_time":"2017-04-03T16:00:34+00:00","og_image":[{"width":600,"height":399,"url":"https:\/\/blogdofarnesio.com.br\/wp-content\/uploads\/2017\/01\/blogqspAecio-Neves-e1485888026519.jpg","type":"image\/jpeg"}],"author":"Farn\u00e9sio","twitter_card":"summary_large_image","twitter_misc":{"Escrito por":"Farn\u00e9sio","Est. tempo de leitura":"2 minutos"},"schema":{"@context":"https:\/\/schema.org","@graph":[{"@type":"Article","@id":"https:\/\/blogdofarnesio.com.br\/?p=162757#article","isPartOf":{"@id":"https:\/\/blogdofarnesio.com.br\/?p=162757"},"author":{"name":"Farn\u00e9sio","@id":"https:\/\/blogdofarnesio.com.br\/#\/schema\/person\/301c4acf522bccbfdb45af95b5b906a1"},"headline":"A\u00c9CIO NEVES: &#8220;\u00c9 MENTIRA!&#8221;","datePublished":"2017-04-03T16:00:34+00:00","mainEntityOfPage":{"@id":"https:\/\/blogdofarnesio.com.br\/?p=162757"},"wordCount":477,"commentCount":0,"publisher":{"@id":"https:\/\/blogdofarnesio.com.br\/#organization"},"image":{"@id":"https:\/\/blogdofarnesio.com.br\/?p=162757#primaryimage"},"thumbnailUrl":"https:\/\/blogdofarnesio.com.br\/wp-content\/uploads\/2017\/01\/blogqspAecio-Neves-e1485888026519.jpg","articleSection":["Pol\u00edtica"],"inLanguage":"pt-BR","potentialAction":[{"@type":"CommentAction","name":"Comment","target":["https:\/\/blogdofarnesio.com.br\/?p=162757#respond"]}]},{"@type":"WebPage","@id":"https:\/\/blogdofarnesio.com.br\/?p=162757","url":"https:\/\/blogdofarnesio.com.br\/?p=162757","name":"A\u00c9CIO NEVES: \"\u00c9 MENTIRA!\" - Blog do Farn\u00e9sio","isPartOf":{"@id":"https:\/\/blogdofarnesio.com.br\/#website"},"primaryImageOfPage":{"@id":"https:\/\/blogdofarnesio.com.br\/?p=162757#primaryimage"},"image":{"@id":"https:\/\/blogdofarnesio.com.br\/?p=162757#primaryimage"},"thumbnailUrl":"https:\/\/blogdofarnesio.com.br\/wp-content\/uploads\/2017\/01\/blogqspAecio-Neves-e1485888026519.jpg","datePublished":"2017-04-03T16:00:34+00:00","breadcrumb":{"@id":"https:\/\/blogdofarnesio.com.br\/?p=162757#breadcrumb"},"inLanguage":"pt-BR","potentialAction":[{"@type":"ReadAction","target":["https:\/\/blogdofarnesio.com.br\/?p=162757"]}]},{"@type":"ImageObject","inLanguage":"pt-BR","@id":"https:\/\/blogdofarnesio.com.br\/?p=162757#primaryimage","url":"https:\/\/blogdofarnesio.com.br\/wp-content\/uploads\/2017\/01\/blogqspAecio-Neves-e1485888026519.jpg","contentUrl":"https:\/\/blogdofarnesio.com.br\/wp-content\/uploads\/2017\/01\/blogqspAecio-Neves-e1485888026519.jpg","width":600,"height":399},{"@type":"BreadcrumbList","@id":"https:\/\/blogdofarnesio.com.br\/?p=162757#breadcrumb","itemListElement":[{"@type":"ListItem","position":1,"name":"In\u00edcio","item":"https:\/\/blogdofarnesio.com.br\/"},{"@type":"ListItem","position":2,"name":"A\u00c9CIO NEVES: &#8220;\u00c9 MENTIRA!&#8221;"}]},{"@type":"WebSite","@id":"https:\/\/blogdofarnesio.com.br\/#website","url":"https:\/\/blogdofarnesio.com.br\/","name":"Blog do Farn\u00e9sio","description":"Quer Saber Pol\u00edtica?","publisher":{"@id":"https:\/\/blogdofarnesio.com.br\/#organization"},"potentialAction":[{"@type":"SearchAction","target":{"@type":"EntryPoint","urlTemplate":"https:\/\/blogdofarnesio.com.br\/?s={search_term_string}"},"query-input":{"@type":"PropertyValueSpecification","valueRequired":true,"valueName":"search_term_string"}}],"inLanguage":"pt-BR"},{"@type":"Organization","@id":"https:\/\/blogdofarnesio.com.br\/#organization","name":"Blog do Farn\u00e9sio","url":"https:\/\/blogdofarnesio.com.br\/","logo":{"@type":"ImageObject","inLanguage":"pt-BR","@id":"https:\/\/blogdofarnesio.com.br\/#\/schema\/logo\/image\/","url":"https:\/\/blogdofarnesio.com.br\/wp-content\/uploads\/2026\/03\/cropped-logo_new-1.png","contentUrl":"https:\/\/blogdofarnesio.com.br\/wp-content\/uploads\/2026\/03\/cropped-logo_new-1.png","width":881,"height":685,"caption":"Blog do Farn\u00e9sio"},"image":{"@id":"https:\/\/blogdofarnesio.com.br\/#\/schema\/logo\/image\/"},"sameAs":["https:\/\/www.facebook.com\/BlogQuerSaberPolitica\/"]},{"@type":"Person","@id":"https:\/\/blogdofarnesio.com.br\/#\/schema\/person\/301c4acf522bccbfdb45af95b5b906a1","name":"Farn\u00e9sio","image":{"@type":"ImageObject","inLanguage":"pt-BR","@id":"https:\/\/secure.gravatar.com\/avatar\/df0c9a14567c056f8ad6876ba5bbd1e3e2c48023eb6807342fc4663adf549f38?s=96&d=mm&r=g","url":"https:\/\/secure.gravatar.com\/avatar\/df0c9a14567c056f8ad6876ba5bbd1e3e2c48023eb6807342fc4663adf549f38?s=96&d=mm&r=g","contentUrl":"https:\/\/secure.gravatar.com\/avatar\/df0c9a14567c056f8ad6876ba5bbd1e3e2c48023eb6807342fc4663adf549f38?s=96&d=mm&r=g","caption":"Farn\u00e9sio"},"sameAs":["https:\/\/quersaberpolitica.com.br"],"url":"https:\/\/blogdofarnesio.com.br\/?author=1"}]}},"_links":{"self":[{"href":"https:\/\/blogdofarnesio.com.br\/index.php?rest_route=\/wp\/v2\/posts\/162757","targetHints":{"allow":["GET"]}}],"collection":[{"href":"https:\/\/blogdofarnesio.com.br\/index.php?rest_route=\/wp\/v2\/posts"}],"about":[{"href":"https:\/\/blogdofarnesio.com.br\/index.php?rest_route=\/wp\/v2\/types\/post"}],"author":[{"embeddable":true,"href":"https:\/\/blogdofarnesio.com.br\/index.php?rest_route=\/wp\/v2\/users\/1"}],"replies":[{"embeddable":true,"href":"https:\/\/blogdofarnesio.com.br\/index.php?rest_route=%2Fwp%2Fv2%2Fcomments&post=162757"}],"version-history":[{"count":0,"href":"https:\/\/blogdofarnesio.com.br\/index.php?rest_route=\/wp\/v2\/posts\/162757\/revisions"}],"wp:featuredmedia":[{"embeddable":true,"href":"https:\/\/blogdofarnesio.com.br\/index.php?rest_route=\/wp\/v2\/media\/155532"}],"wp:attachment":[{"href":"https:\/\/blogdofarnesio.com.br\/index.php?rest_route=%2Fwp%2Fv2%2Fmedia&parent=162757"}],"wp:term":[{"taxonomy":"category","embeddable":true,"href":"https:\/\/blogdofarnesio.com.br\/index.php?rest_route=%2Fwp%2Fv2%2Fcategories&post=162757"},{"taxonomy":"post_tag","embeddable":true,"href":"https:\/\/blogdofarnesio.com.br\/index.php?rest_route=%2Fwp%2Fv2%2Ftags&post=162757"}],"curies":[{"name":"wp","href":"https:\/\/api.w.org\/{rel}","templated":true}]}}