{"id":162610,"date":"2017-03-31T16:00:42","date_gmt":"2017-03-31T19:00:42","guid":{"rendered":"http:\/\/quersaberpolitica.com.br\/2016\/?p=162610"},"modified":"2017-03-31T15:52:47","modified_gmt":"2017-03-31T18:52:47","slug":"tragedia-a-caminho-da-escola-ii","status":"publish","type":"post","link":"https:\/\/blogdofarnesio.com.br\/?p=162610","title":{"rendered":"TRAG\u00c9DIA A CAMINHO DA ESCOLA II"},"content":{"rendered":"<h1 class=\"post_title\" style=\"text-align: center;\">V\u00edtimas fatais da colis\u00e3o frontal entre \u00f4nibus escolares s\u00e3o identificadas pela per\u00edcia<\/h1>\n<p><a title=\"Assessoria, 7 Segundos Arapiraca\">\u00a07 Segundos\/Arapiraca<\/a><\/p>\n<div class=\"post_content page_margin_top_section row\">\n<div class=\"content_box\">\n<p>A Per\u00edcia Oficial do Estado de Alagoas emitiu notifica\u00e7\u00e3o para divulgar os nomes das v\u00edtimas fatais do acidente envolvendo dois \u00f4nibus em rodovia alagoana. Confira na \u00edntegra a seguir.<\/p>\n<p><strong>Nota Oficial:<\/strong><\/p>\n<p>A Per\u00edcia Oficial do Estado de Alagoas, por meio da Chefia do Instituto de Medicina Legal de Arapiraca, informa que todos os corpos, v\u00edtimas do tr\u00e1gico acidente entre \u00f3nibus escolares na rodovia AL-110, foram identificados.<\/p>\n<p>V\u00edtimas oriundas do local do acidente<br \/>\n1.\u00a0\u00a0 \u00a0Jonas Everson Nunes da Silva, nascido em 14\/02\/2000, com 17 anos, estudante, solteiro, natural de Penedo e residente na Zona Rural de Junqueiro;<br \/>\n2.\u00a0\u00a0 \u00a0D\u00e9bora Afra Borges Vasconcelos, nascida em 10\/03\/1997, com 20 anos, estudante, solteira, natural de Coruripe e residente em Teot\u00f4nio Vilela;<br \/>\n3.\u00a0\u00a0 \u00a0Joelma da Silva Santos, nascida em 30\/06\/1999, com 17 anos, estudante, solteira, natural e domiciliada em Teot\u00f4nio Vilela;<br \/>\n4.\u00a0\u00a0 \u00a0Ot\u00e1vio Pl\u00e1cido Santiago, nascido em 20\/11\/1949, com 67 anos de idade, casado, motorista, residente em Teot\u00f4nio Vilela; e<br \/>\n5.\u00a0\u00a0 \u00a0Denis Francisco da Silva, de Junqueiro (esperando familiares para a identifica\u00e7\u00e3o e libera\u00e7\u00e3o).<br \/>\nV\u00edtima oriunda da Unidade de Emerg\u00eancia do Agreste &#8211; Arapiraca<\/p>\n<p>Amanda Silva Santos, 21 anos, estudante de Junqueiro.<br \/>\n<strong>Observa\u00e7\u00e3o 1:<\/strong> Os cinco primeiros corpos j\u00e1 foram necropsiados, e quatro deles foram identificados por familiares de primeiro grau e liberados a medida que os tramites burocr\u00e1ticos s\u00e3o finalizados.<\/p>\n<p><strong>Observa\u00e7\u00e3o 2:<\/strong> O corpo da v\u00edtima Amanda ainda ser\u00e1 necropsiado e liberado no in\u00edcio da tarde de hoje.<\/p>\n<\/div>\n<\/div>\n","protected":false},"excerpt":{"rendered":"<p>V\u00edtimas fatais da colis\u00e3o frontal entre \u00f4nibus escolares s\u00e3o identificadas pela per\u00edcia \u00a07 Segundos\/Arapiraca A Per\u00edcia Oficial do Estado de Alagoas emitiu notifica\u00e7\u00e3o para divulgar os nomes das v\u00edtimas fatais do acidente envolvendo dois \u00f4nibus em rodovia alagoana. Confira na \u00edntegra a seguir. Nota Oficial: A Per\u00edcia Oficial do Estado de Alagoas, por meio da Chefia do Instituto de Medicina Legal de Arapiraca, informa que todos os corpos, v\u00edtimas do tr\u00e1gico acidente entre \u00f3nibus escolares na rodovia AL-110, foram identificados. V\u00edtimas oriundas do local do acidente 1.\u00a0\u00a0 \u00a0Jonas Everson Nunes da Silva, nascido em 14\/02\/2000, com 17 anos, estudante, solteiro, natural de Penedo e residente na Zona Rural de Junqueiro; 2.\u00a0\u00a0 \u00a0D\u00e9bora Afra Borges Vasconcelos, nascida em 10\/03\/1997, com 20&hellip; <\/p>\n","protected":false},"author":1,"featured_media":162554,"comment_status":"open","ping_status":"open","sticky":false,"template":"","format":"standard","meta":{"_acf_changed":false,"footnotes":""},"categories":[6,17],"tags":[],"class_list":["post-162610","post","type-post","status-publish","format-standard","has-post-thumbnail","hentry","category-educacao","category-estradas"],"acf":[],"yoast_head":"<!-- This site is optimized with the Yoast SEO plugin v27.4 - https:\/\/yoast.com\/product\/yoast-seo-wordpress\/ -->\n<title>TRAG\u00c9DIA A CAMINHO DA ESCOLA II - Blog do Farn\u00e9sio<\/title>\n<meta name=\"robots\" content=\"index, follow, max-snippet:-1, max-image-preview:large, max-video-preview:-1\" \/>\n<link rel=\"canonical\" href=\"https:\/\/blogdofarnesio.com.br\/?p=162610\" \/>\n<meta property=\"og:locale\" content=\"pt_BR\" \/>\n<meta property=\"og:type\" content=\"article\" \/>\n<meta property=\"og:title\" content=\"TRAG\u00c9DIA A CAMINHO DA ESCOLA II - Blog do Farn\u00e9sio\" \/>\n<meta property=\"og:description\" content=\"V\u00edtimas fatais da colis\u00e3o frontal entre \u00f4nibus escolares s\u00e3o identificadas pela per\u00edcia \u00a07 Segundos\/Arapiraca A Per\u00edcia Oficial do Estado de Alagoas emitiu notifica\u00e7\u00e3o para divulgar os nomes das v\u00edtimas fatais do acidente envolvendo dois \u00f4nibus em rodovia alagoana. Confira na \u00edntegra a seguir. Nota Oficial: A Per\u00edcia Oficial do Estado de Alagoas, por meio da Chefia do Instituto de Medicina Legal de Arapiraca, informa que todos os corpos, v\u00edtimas do tr\u00e1gico acidente entre \u00f3nibus escolares na rodovia AL-110, foram identificados. V\u00edtimas oriundas do local do acidente 1.\u00a0\u00a0 \u00a0Jonas Everson Nunes da Silva, nascido em 14\/02\/2000, com 17 anos, estudante, solteiro, natural de Penedo e residente na Zona Rural de Junqueiro; 2.\u00a0\u00a0 \u00a0D\u00e9bora Afra Borges Vasconcelos, nascida em 10\/03\/1997, com 20&hellip;\" \/>\n<meta property=\"og:url\" content=\"https:\/\/blogdofarnesio.com.br\/?p=162610\" \/>\n<meta property=\"og:site_name\" content=\"Blog do Farn\u00e9sio\" \/>\n<meta property=\"article:publisher\" content=\"https:\/\/www.facebook.com\/BlogQuerSaberPolitica\/\" \/>\n<meta property=\"article:published_time\" content=\"2017-03-31T19:00:42+00:00\" \/>\n<meta property=\"og:image\" content=\"https:\/\/blogdofarnesio.com.br\/wp-content\/uploads\/2017\/03\/blogqspcolisaoonibusescolares.jpeg\" \/>\n\t<meta property=\"og:image:width\" content=\"690\" \/>\n\t<meta property=\"og:image:height\" content=\"450\" \/>\n\t<meta property=\"og:image:type\" content=\"image\/jpeg\" \/>\n<meta name=\"author\" content=\"Farn\u00e9sio\" \/>\n<meta name=\"twitter:card\" content=\"summary_large_image\" \/>\n<meta name=\"twitter:label1\" content=\"Escrito por\" \/>\n\t<meta name=\"twitter:data1\" content=\"Farn\u00e9sio\" \/>\n\t<meta name=\"twitter:label2\" content=\"Est. tempo de leitura\" \/>\n\t<meta name=\"twitter:data2\" content=\"1 minuto\" \/>\n<script type=\"application\/ld+json\" class=\"yoast-schema-graph\">{\"@context\":\"https:\\\/\\\/schema.org\",\"@graph\":[{\"@type\":\"Article\",\"@id\":\"https:\\\/\\\/blogdofarnesio.com.br\\\/?p=162610#article\",\"isPartOf\":{\"@id\":\"https:\\\/\\\/blogdofarnesio.com.br\\\/?p=162610\"},\"author\":{\"name\":\"Farn\u00e9sio\",\"@id\":\"https:\\\/\\\/blogdofarnesio.com.br\\\/#\\\/schema\\\/person\\\/301c4acf522bccbfdb45af95b5b906a1\"},\"headline\":\"TRAG\u00c9DIA A CAMINHO DA ESCOLA II\",\"datePublished\":\"2017-03-31T19:00:42+00:00\",\"mainEntityOfPage\":{\"@id\":\"https:\\\/\\\/blogdofarnesio.com.br\\\/?p=162610\"},\"wordCount\":266,\"commentCount\":0,\"publisher\":{\"@id\":\"https:\\\/\\\/blogdofarnesio.com.br\\\/#organization\"},\"image\":{\"@id\":\"https:\\\/\\\/blogdofarnesio.com.br\\\/?p=162610#primaryimage\"},\"thumbnailUrl\":\"https:\\\/\\\/blogdofarnesio.com.br\\\/wp-content\\\/uploads\\\/2017\\\/03\\\/blogqspcolisaoonibusescolares.jpeg\",\"articleSection\":[\"Educa\u00e7\u00e3o\",\"Estradas\"],\"inLanguage\":\"pt-BR\",\"potentialAction\":[{\"@type\":\"CommentAction\",\"name\":\"Comment\",\"target\":[\"https:\\\/\\\/blogdofarnesio.com.br\\\/?p=162610#respond\"]}]},{\"@type\":\"WebPage\",\"@id\":\"https:\\\/\\\/blogdofarnesio.com.br\\\/?p=162610\",\"url\":\"https:\\\/\\\/blogdofarnesio.com.br\\\/?p=162610\",\"name\":\"TRAG\u00c9DIA A CAMINHO DA ESCOLA II - Blog do Farn\u00e9sio\",\"isPartOf\":{\"@id\":\"https:\\\/\\\/blogdofarnesio.com.br\\\/#website\"},\"primaryImageOfPage\":{\"@id\":\"https:\\\/\\\/blogdofarnesio.com.br\\\/?p=162610#primaryimage\"},\"image\":{\"@id\":\"https:\\\/\\\/blogdofarnesio.com.br\\\/?p=162610#primaryimage\"},\"thumbnailUrl\":\"https:\\\/\\\/blogdofarnesio.com.br\\\/wp-content\\\/uploads\\\/2017\\\/03\\\/blogqspcolisaoonibusescolares.jpeg\",\"datePublished\":\"2017-03-31T19:00:42+00:00\",\"breadcrumb\":{\"@id\":\"https:\\\/\\\/blogdofarnesio.com.br\\\/?p=162610#breadcrumb\"},\"inLanguage\":\"pt-BR\",\"potentialAction\":[{\"@type\":\"ReadAction\",\"target\":[\"https:\\\/\\\/blogdofarnesio.com.br\\\/?p=162610\"]}]},{\"@type\":\"ImageObject\",\"inLanguage\":\"pt-BR\",\"@id\":\"https:\\\/\\\/blogdofarnesio.com.br\\\/?p=162610#primaryimage\",\"url\":\"https:\\\/\\\/blogdofarnesio.com.br\\\/wp-content\\\/uploads\\\/2017\\\/03\\\/blogqspcolisaoonibusescolares.jpeg\",\"contentUrl\":\"https:\\\/\\\/blogdofarnesio.com.br\\\/wp-content\\\/uploads\\\/2017\\\/03\\\/blogqspcolisaoonibusescolares.jpeg\",\"width\":690,\"height\":450},{\"@type\":\"BreadcrumbList\",\"@id\":\"https:\\\/\\\/blogdofarnesio.com.br\\\/?p=162610#breadcrumb\",\"itemListElement\":[{\"@type\":\"ListItem\",\"position\":1,\"name\":\"In\u00edcio\",\"item\":\"https:\\\/\\\/blogdofarnesio.com.br\\\/\"},{\"@type\":\"ListItem\",\"position\":2,\"name\":\"TRAG\u00c9DIA A CAMINHO DA ESCOLA II\"}]},{\"@type\":\"WebSite\",\"@id\":\"https:\\\/\\\/blogdofarnesio.com.br\\\/#website\",\"url\":\"https:\\\/\\\/blogdofarnesio.com.br\\\/\",\"name\":\"Blog do Farn\u00e9sio\",\"description\":\"Quer Saber Pol\u00edtica?\",\"publisher\":{\"@id\":\"https:\\\/\\\/blogdofarnesio.com.br\\\/#organization\"},\"potentialAction\":[{\"@type\":\"SearchAction\",\"target\":{\"@type\":\"EntryPoint\",\"urlTemplate\":\"https:\\\/\\\/blogdofarnesio.com.br\\\/?s={search_term_string}\"},\"query-input\":{\"@type\":\"PropertyValueSpecification\",\"valueRequired\":true,\"valueName\":\"search_term_string\"}}],\"inLanguage\":\"pt-BR\"},{\"@type\":\"Organization\",\"@id\":\"https:\\\/\\\/blogdofarnesio.com.br\\\/#organization\",\"name\":\"Blog do Farn\u00e9sio\",\"url\":\"https:\\\/\\\/blogdofarnesio.com.br\\\/\",\"logo\":{\"@type\":\"ImageObject\",\"inLanguage\":\"pt-BR\",\"@id\":\"https:\\\/\\\/blogdofarnesio.com.br\\\/#\\\/schema\\\/logo\\\/image\\\/\",\"url\":\"https:\\\/\\\/blogdofarnesio.com.br\\\/wp-content\\\/uploads\\\/2026\\\/03\\\/cropped-logo_new-1.png\",\"contentUrl\":\"https:\\\/\\\/blogdofarnesio.com.br\\\/wp-content\\\/uploads\\\/2026\\\/03\\\/cropped-logo_new-1.png\",\"width\":881,\"height\":685,\"caption\":\"Blog do Farn\u00e9sio\"},\"image\":{\"@id\":\"https:\\\/\\\/blogdofarnesio.com.br\\\/#\\\/schema\\\/logo\\\/image\\\/\"},\"sameAs\":[\"https:\\\/\\\/www.facebook.com\\\/BlogQuerSaberPolitica\\\/\"]},{\"@type\":\"Person\",\"@id\":\"https:\\\/\\\/blogdofarnesio.com.br\\\/#\\\/schema\\\/person\\\/301c4acf522bccbfdb45af95b5b906a1\",\"name\":\"Farn\u00e9sio\",\"image\":{\"@type\":\"ImageObject\",\"inLanguage\":\"pt-BR\",\"@id\":\"https:\\\/\\\/secure.gravatar.com\\\/avatar\\\/df0c9a14567c056f8ad6876ba5bbd1e3e2c48023eb6807342fc4663adf549f38?s=96&d=mm&r=g\",\"url\":\"https:\\\/\\\/secure.gravatar.com\\\/avatar\\\/df0c9a14567c056f8ad6876ba5bbd1e3e2c48023eb6807342fc4663adf549f38?s=96&d=mm&r=g\",\"contentUrl\":\"https:\\\/\\\/secure.gravatar.com\\\/avatar\\\/df0c9a14567c056f8ad6876ba5bbd1e3e2c48023eb6807342fc4663adf549f38?s=96&d=mm&r=g\",\"caption\":\"Farn\u00e9sio\"},\"sameAs\":[\"https:\\\/\\\/quersaberpolitica.com.br\"],\"url\":\"https:\\\/\\\/blogdofarnesio.com.br\\\/?author=1\"}]}<\/script>\n<!-- \/ Yoast SEO plugin. -->","yoast_head_json":{"title":"TRAG\u00c9DIA A CAMINHO DA ESCOLA II - Blog do Farn\u00e9sio","robots":{"index":"index","follow":"follow","max-snippet":"max-snippet:-1","max-image-preview":"max-image-preview:large","max-video-preview":"max-video-preview:-1"},"canonical":"https:\/\/blogdofarnesio.com.br\/?p=162610","og_locale":"pt_BR","og_type":"article","og_title":"TRAG\u00c9DIA A CAMINHO DA ESCOLA II - Blog do Farn\u00e9sio","og_description":"V\u00edtimas fatais da colis\u00e3o frontal entre \u00f4nibus escolares s\u00e3o identificadas pela per\u00edcia \u00a07 Segundos\/Arapiraca A Per\u00edcia Oficial do Estado de Alagoas emitiu notifica\u00e7\u00e3o para divulgar os nomes das v\u00edtimas fatais do acidente envolvendo dois \u00f4nibus em rodovia alagoana. Confira na \u00edntegra a seguir. Nota Oficial: A Per\u00edcia Oficial do Estado de Alagoas, por meio da Chefia do Instituto de Medicina Legal de Arapiraca, informa que todos os corpos, v\u00edtimas do tr\u00e1gico acidente entre \u00f3nibus escolares na rodovia AL-110, foram identificados. V\u00edtimas oriundas do local do acidente 1.\u00a0\u00a0 \u00a0Jonas Everson Nunes da Silva, nascido em 14\/02\/2000, com 17 anos, estudante, solteiro, natural de Penedo e residente na Zona Rural de Junqueiro; 2.\u00a0\u00a0 \u00a0D\u00e9bora Afra Borges Vasconcelos, nascida em 10\/03\/1997, com 20&hellip;","og_url":"https:\/\/blogdofarnesio.com.br\/?p=162610","og_site_name":"Blog do Farn\u00e9sio","article_publisher":"https:\/\/www.facebook.com\/BlogQuerSaberPolitica\/","article_published_time":"2017-03-31T19:00:42+00:00","og_image":[{"width":690,"height":450,"url":"https:\/\/blogdofarnesio.com.br\/wp-content\/uploads\/2017\/03\/blogqspcolisaoonibusescolares.jpeg","type":"image\/jpeg"}],"author":"Farn\u00e9sio","twitter_card":"summary_large_image","twitter_misc":{"Escrito por":"Farn\u00e9sio","Est. tempo de leitura":"1 minuto"},"schema":{"@context":"https:\/\/schema.org","@graph":[{"@type":"Article","@id":"https:\/\/blogdofarnesio.com.br\/?p=162610#article","isPartOf":{"@id":"https:\/\/blogdofarnesio.com.br\/?p=162610"},"author":{"name":"Farn\u00e9sio","@id":"https:\/\/blogdofarnesio.com.br\/#\/schema\/person\/301c4acf522bccbfdb45af95b5b906a1"},"headline":"TRAG\u00c9DIA A CAMINHO DA ESCOLA II","datePublished":"2017-03-31T19:00:42+00:00","mainEntityOfPage":{"@id":"https:\/\/blogdofarnesio.com.br\/?p=162610"},"wordCount":266,"commentCount":0,"publisher":{"@id":"https:\/\/blogdofarnesio.com.br\/#organization"},"image":{"@id":"https:\/\/blogdofarnesio.com.br\/?p=162610#primaryimage"},"thumbnailUrl":"https:\/\/blogdofarnesio.com.br\/wp-content\/uploads\/2017\/03\/blogqspcolisaoonibusescolares.jpeg","articleSection":["Educa\u00e7\u00e3o","Estradas"],"inLanguage":"pt-BR","potentialAction":[{"@type":"CommentAction","name":"Comment","target":["https:\/\/blogdofarnesio.com.br\/?p=162610#respond"]}]},{"@type":"WebPage","@id":"https:\/\/blogdofarnesio.com.br\/?p=162610","url":"https:\/\/blogdofarnesio.com.br\/?p=162610","name":"TRAG\u00c9DIA A CAMINHO DA ESCOLA II - Blog do Farn\u00e9sio","isPartOf":{"@id":"https:\/\/blogdofarnesio.com.br\/#website"},"primaryImageOfPage":{"@id":"https:\/\/blogdofarnesio.com.br\/?p=162610#primaryimage"},"image":{"@id":"https:\/\/blogdofarnesio.com.br\/?p=162610#primaryimage"},"thumbnailUrl":"https:\/\/blogdofarnesio.com.br\/wp-content\/uploads\/2017\/03\/blogqspcolisaoonibusescolares.jpeg","datePublished":"2017-03-31T19:00:42+00:00","breadcrumb":{"@id":"https:\/\/blogdofarnesio.com.br\/?p=162610#breadcrumb"},"inLanguage":"pt-BR","potentialAction":[{"@type":"ReadAction","target":["https:\/\/blogdofarnesio.com.br\/?p=162610"]}]},{"@type":"ImageObject","inLanguage":"pt-BR","@id":"https:\/\/blogdofarnesio.com.br\/?p=162610#primaryimage","url":"https:\/\/blogdofarnesio.com.br\/wp-content\/uploads\/2017\/03\/blogqspcolisaoonibusescolares.jpeg","contentUrl":"https:\/\/blogdofarnesio.com.br\/wp-content\/uploads\/2017\/03\/blogqspcolisaoonibusescolares.jpeg","width":690,"height":450},{"@type":"BreadcrumbList","@id":"https:\/\/blogdofarnesio.com.br\/?p=162610#breadcrumb","itemListElement":[{"@type":"ListItem","position":1,"name":"In\u00edcio","item":"https:\/\/blogdofarnesio.com.br\/"},{"@type":"ListItem","position":2,"name":"TRAG\u00c9DIA A CAMINHO DA ESCOLA II"}]},{"@type":"WebSite","@id":"https:\/\/blogdofarnesio.com.br\/#website","url":"https:\/\/blogdofarnesio.com.br\/","name":"Blog do Farn\u00e9sio","description":"Quer Saber Pol\u00edtica?","publisher":{"@id":"https:\/\/blogdofarnesio.com.br\/#organization"},"potentialAction":[{"@type":"SearchAction","target":{"@type":"EntryPoint","urlTemplate":"https:\/\/blogdofarnesio.com.br\/?s={search_term_string}"},"query-input":{"@type":"PropertyValueSpecification","valueRequired":true,"valueName":"search_term_string"}}],"inLanguage":"pt-BR"},{"@type":"Organization","@id":"https:\/\/blogdofarnesio.com.br\/#organization","name":"Blog do Farn\u00e9sio","url":"https:\/\/blogdofarnesio.com.br\/","logo":{"@type":"ImageObject","inLanguage":"pt-BR","@id":"https:\/\/blogdofarnesio.com.br\/#\/schema\/logo\/image\/","url":"https:\/\/blogdofarnesio.com.br\/wp-content\/uploads\/2026\/03\/cropped-logo_new-1.png","contentUrl":"https:\/\/blogdofarnesio.com.br\/wp-content\/uploads\/2026\/03\/cropped-logo_new-1.png","width":881,"height":685,"caption":"Blog do Farn\u00e9sio"},"image":{"@id":"https:\/\/blogdofarnesio.com.br\/#\/schema\/logo\/image\/"},"sameAs":["https:\/\/www.facebook.com\/BlogQuerSaberPolitica\/"]},{"@type":"Person","@id":"https:\/\/blogdofarnesio.com.br\/#\/schema\/person\/301c4acf522bccbfdb45af95b5b906a1","name":"Farn\u00e9sio","image":{"@type":"ImageObject","inLanguage":"pt-BR","@id":"https:\/\/secure.gravatar.com\/avatar\/df0c9a14567c056f8ad6876ba5bbd1e3e2c48023eb6807342fc4663adf549f38?s=96&d=mm&r=g","url":"https:\/\/secure.gravatar.com\/avatar\/df0c9a14567c056f8ad6876ba5bbd1e3e2c48023eb6807342fc4663adf549f38?s=96&d=mm&r=g","contentUrl":"https:\/\/secure.gravatar.com\/avatar\/df0c9a14567c056f8ad6876ba5bbd1e3e2c48023eb6807342fc4663adf549f38?s=96&d=mm&r=g","caption":"Farn\u00e9sio"},"sameAs":["https:\/\/quersaberpolitica.com.br"],"url":"https:\/\/blogdofarnesio.com.br\/?author=1"}]}},"_links":{"self":[{"href":"https:\/\/blogdofarnesio.com.br\/index.php?rest_route=\/wp\/v2\/posts\/162610","targetHints":{"allow":["GET"]}}],"collection":[{"href":"https:\/\/blogdofarnesio.com.br\/index.php?rest_route=\/wp\/v2\/posts"}],"about":[{"href":"https:\/\/blogdofarnesio.com.br\/index.php?rest_route=\/wp\/v2\/types\/post"}],"author":[{"embeddable":true,"href":"https:\/\/blogdofarnesio.com.br\/index.php?rest_route=\/wp\/v2\/users\/1"}],"replies":[{"embeddable":true,"href":"https:\/\/blogdofarnesio.com.br\/index.php?rest_route=%2Fwp%2Fv2%2Fcomments&post=162610"}],"version-history":[{"count":0,"href":"https:\/\/blogdofarnesio.com.br\/index.php?rest_route=\/wp\/v2\/posts\/162610\/revisions"}],"wp:featuredmedia":[{"embeddable":true,"href":"https:\/\/blogdofarnesio.com.br\/index.php?rest_route=\/wp\/v2\/media\/162554"}],"wp:attachment":[{"href":"https:\/\/blogdofarnesio.com.br\/index.php?rest_route=%2Fwp%2Fv2%2Fmedia&parent=162610"}],"wp:term":[{"taxonomy":"category","embeddable":true,"href":"https:\/\/blogdofarnesio.com.br\/index.php?rest_route=%2Fwp%2Fv2%2Fcategories&post=162610"},{"taxonomy":"post_tag","embeddable":true,"href":"https:\/\/blogdofarnesio.com.br\/index.php?rest_route=%2Fwp%2Fv2%2Ftags&post=162610"}],"curies":[{"name":"wp","href":"https:\/\/api.w.org\/{rel}","templated":true}]}}