{"id":162597,"date":"2017-03-31T15:30:46","date_gmt":"2017-03-31T18:30:46","guid":{"rendered":"http:\/\/quersaberpolitica.com.br\/2016\/?p=162597"},"modified":"2017-03-31T11:14:51","modified_gmt":"2017-03-31T14:14:51","slug":"precos-de-remedios-sobem-ate-476","status":"publish","type":"post","link":"https:\/\/blogdofarnesio.com.br\/2017\/03\/precos-de-remedios-sobem-ate-476\/","title":{"rendered":"PRE\u00c7OS DE REM\u00c9DIOS SOBEM AT\u00c9 4,76%"},"content":{"rendered":"<p style=\"text-align: justify;\">O <em>Di\u00e1rio Oficial da Uni\u00e3o<\/em> publica hoje (31) <a href=\"http:\/\/pesquisa.in.gov.br\/imprensa\/jsp\/visualiza\/index.jsp?jornal=1&amp;pagina=9&amp;data=31\/03\/2017\" target=\"_blank\">resolu\u00e7\u00e3o<\/a> do Conselho de Ministros da C\u00e2mara de Regula\u00e7\u00e3o do Mercado de Medicamentos (Cmed) autorizando os \u00edndices do reajuste anual de pre\u00e7os de medicamentos para 2017, que variam de 1,36% a 4,76%. O aumento come\u00e7a a valer a partir desta sexta-feira.<\/p>\n<p style=\"text-align: justify;\">De acordo com a resolu\u00e7\u00e3o, o reajuste m\u00e1ximo permitido \u00e9 o seguinte: n\u00edvel 1: 4,76%; n\u00edvel 2: 3,06; e n\u00edvel 3: 1,36%. O Cmed \u00e9 um \u00f3rg\u00e3o do governo integrado por representantes de v\u00e1rios minist\u00e9rios.<\/p>\n<p style=\"text-align: justify;\">O Sindicato da Ind\u00fastria Farmac\u00eautica\u00a0 (Sindusfarma) informou, por meio de nota, que os \u00edndices de reajuste n\u00e3o rep\u00f5em a infla\u00e7\u00e3o passada, medida pelo \u00cdndice de Pre\u00e7os ao Consumidor Amplo (IPCA) no acumulado de 12 meses, de mar\u00e7o de 2016 a fevereiro deste ano.<\/p>\n<p style=\"text-align: justify;\">\u201cDo ponto de vista da ind\u00fastria farmac\u00eautica, mais uma vez os \u00edndices s\u00e3o insuficientes para repor os custos crescentes do setor nos \u00faltimos anos\u201d, diz a nota.<\/p>\n<p style=\"text-align: justify;\">Segundo o Sindusfarma, o reajuste anual de pre\u00e7os fixado pelo governo poder\u00e1 ser aplicado em cerca de 19 mil medicamentos dispon\u00edveis no mercado varejista brasileiro.<\/p>\n<p style=\"text-align: justify;\">AB<\/p>\n","protected":false},"excerpt":{"rendered":"<p>O Di\u00e1rio Oficial da Uni\u00e3o publica hoje (31) resolu\u00e7\u00e3o do Conselho de Ministros da C\u00e2mara de Regula\u00e7\u00e3o do Mercado de Medicamentos (Cmed) autorizando os \u00edndices do reajuste anual de pre\u00e7os de medicamentos para 2017, que variam de 1,36% a 4,76%. O aumento come\u00e7a a valer a partir desta sexta-feira. De acordo com a resolu\u00e7\u00e3o, o reajuste m\u00e1ximo permitido \u00e9 o seguinte: n\u00edvel 1: 4,76%; n\u00edvel 2: 3,06; e n\u00edvel 3: 1,36%. O Cmed \u00e9 um \u00f3rg\u00e3o do governo integrado por representantes de v\u00e1rios minist\u00e9rios. O Sindicato da Ind\u00fastria Farmac\u00eautica\u00a0 (Sindusfarma) informou, por meio de nota, que os \u00edndices de reajuste n\u00e3o rep\u00f5em a infla\u00e7\u00e3o passada, medida pelo \u00cdndice de Pre\u00e7os ao Consumidor Amplo (IPCA) no acumulado de 12 meses, de&hellip; <\/p>\n","protected":false},"author":1,"featured_media":70031,"comment_status":"open","ping_status":"open","sticky":false,"template":"","format":"standard","meta":{"_acf_changed":false,"footnotes":""},"categories":[4],"tags":[],"class_list":["post-162597","post","type-post","status-publish","format-standard","has-post-thumbnail","hentry","category-saude"],"acf":[],"yoast_head":"<!-- This site is optimized with the Yoast SEO plugin v27.5 - https:\/\/yoast.com\/product\/yoast-seo-wordpress\/ -->\n<title>PRE\u00c7OS DE REM\u00c9DIOS SOBEM AT\u00c9 4,76% - Blog do Farn\u00e9sio<\/title>\n<meta name=\"robots\" content=\"index, follow, max-snippet:-1, max-image-preview:large, max-video-preview:-1\" \/>\n<link rel=\"canonical\" href=\"https:\/\/blogdofarnesio.com.br\/2017\/03\/precos-de-remedios-sobem-ate-476\/\" \/>\n<meta property=\"og:locale\" content=\"pt_BR\" \/>\n<meta property=\"og:type\" content=\"article\" \/>\n<meta property=\"og:title\" content=\"PRE\u00c7OS DE REM\u00c9DIOS SOBEM AT\u00c9 4,76% - Blog do Farn\u00e9sio\" \/>\n<meta property=\"og:description\" content=\"O Di\u00e1rio Oficial da Uni\u00e3o publica hoje (31) resolu\u00e7\u00e3o do Conselho de Ministros da C\u00e2mara de Regula\u00e7\u00e3o do Mercado de Medicamentos (Cmed) autorizando os \u00edndices do reajuste anual de pre\u00e7os de medicamentos para 2017, que variam de 1,36% a 4,76%. O aumento come\u00e7a a valer a partir desta sexta-feira. De acordo com a resolu\u00e7\u00e3o, o reajuste m\u00e1ximo permitido \u00e9 o seguinte: n\u00edvel 1: 4,76%; n\u00edvel 2: 3,06; e n\u00edvel 3: 1,36%. O Cmed \u00e9 um \u00f3rg\u00e3o do governo integrado por representantes de v\u00e1rios minist\u00e9rios. O Sindicato da Ind\u00fastria Farmac\u00eautica\u00a0 (Sindusfarma) informou, por meio de nota, que os \u00edndices de reajuste n\u00e3o rep\u00f5em a infla\u00e7\u00e3o passada, medida pelo \u00cdndice de Pre\u00e7os ao Consumidor Amplo (IPCA) no acumulado de 12 meses, de&hellip;\" \/>\n<meta property=\"og:url\" content=\"https:\/\/blogdofarnesio.com.br\/2017\/03\/precos-de-remedios-sobem-ate-476\/\" \/>\n<meta property=\"og:site_name\" content=\"Blog do Farn\u00e9sio\" \/>\n<meta property=\"article:publisher\" content=\"https:\/\/www.facebook.com\/BlogQuerSaberPolitica\/\" \/>\n<meta property=\"article:published_time\" content=\"2017-03-31T18:30:46+00:00\" \/>\n<meta property=\"og:image\" content=\"https:\/\/blogdofarnesio.com.br\/wp-content\/uploads\/2014\/01\/blogqspremedio.jpg\" \/>\n\t<meta property=\"og:image:width\" content=\"400\" \/>\n\t<meta property=\"og:image:height\" content=\"267\" \/>\n\t<meta property=\"og:image:type\" content=\"image\/jpeg\" \/>\n<meta name=\"author\" content=\"Farn\u00e9sio\" \/>\n<meta name=\"twitter:card\" content=\"summary_large_image\" \/>\n<meta name=\"twitter:label1\" content=\"Escrito por\" \/>\n\t<meta name=\"twitter:data1\" content=\"Farn\u00e9sio\" \/>\n\t<meta name=\"twitter:label2\" content=\"Est. tempo de leitura\" \/>\n\t<meta name=\"twitter:data2\" content=\"1 minuto\" \/>\n<script type=\"application\/ld+json\" class=\"yoast-schema-graph\">{\"@context\":\"https:\\\/\\\/schema.org\",\"@graph\":[{\"@type\":\"Article\",\"@id\":\"https:\\\/\\\/blogdofarnesio.com.br\\\/2017\\\/03\\\/precos-de-remedios-sobem-ate-476\\\/#article\",\"isPartOf\":{\"@id\":\"https:\\\/\\\/blogdofarnesio.com.br\\\/2017\\\/03\\\/precos-de-remedios-sobem-ate-476\\\/\"},\"author\":{\"name\":\"Farn\u00e9sio\",\"@id\":\"https:\\\/\\\/blogdofarnesio.com.br\\\/#\\\/schema\\\/person\\\/301c4acf522bccbfdb45af95b5b906a1\"},\"headline\":\"PRE\u00c7OS DE REM\u00c9DIOS SOBEM AT\u00c9 4,76%\",\"datePublished\":\"2017-03-31T18:30:46+00:00\",\"mainEntityOfPage\":{\"@id\":\"https:\\\/\\\/blogdofarnesio.com.br\\\/2017\\\/03\\\/precos-de-remedios-sobem-ate-476\\\/\"},\"wordCount\":199,\"commentCount\":0,\"publisher\":{\"@id\":\"https:\\\/\\\/blogdofarnesio.com.br\\\/#organization\"},\"image\":{\"@id\":\"https:\\\/\\\/blogdofarnesio.com.br\\\/2017\\\/03\\\/precos-de-remedios-sobem-ate-476\\\/#primaryimage\"},\"thumbnailUrl\":\"https:\\\/\\\/blogdofarnesio.com.br\\\/wp-content\\\/uploads\\\/2014\\\/01\\\/blogqspremedio.jpg\",\"articleSection\":[\"Sa\u00fade\"],\"inLanguage\":\"pt-BR\",\"potentialAction\":[{\"@type\":\"CommentAction\",\"name\":\"Comment\",\"target\":[\"https:\\\/\\\/blogdofarnesio.com.br\\\/2017\\\/03\\\/precos-de-remedios-sobem-ate-476\\\/#respond\"]}]},{\"@type\":\"WebPage\",\"@id\":\"https:\\\/\\\/blogdofarnesio.com.br\\\/2017\\\/03\\\/precos-de-remedios-sobem-ate-476\\\/\",\"url\":\"https:\\\/\\\/blogdofarnesio.com.br\\\/2017\\\/03\\\/precos-de-remedios-sobem-ate-476\\\/\",\"name\":\"PRE\u00c7OS DE REM\u00c9DIOS SOBEM AT\u00c9 4,76% - Blog do Farn\u00e9sio\",\"isPartOf\":{\"@id\":\"https:\\\/\\\/blogdofarnesio.com.br\\\/#website\"},\"primaryImageOfPage\":{\"@id\":\"https:\\\/\\\/blogdofarnesio.com.br\\\/2017\\\/03\\\/precos-de-remedios-sobem-ate-476\\\/#primaryimage\"},\"image\":{\"@id\":\"https:\\\/\\\/blogdofarnesio.com.br\\\/2017\\\/03\\\/precos-de-remedios-sobem-ate-476\\\/#primaryimage\"},\"thumbnailUrl\":\"https:\\\/\\\/blogdofarnesio.com.br\\\/wp-content\\\/uploads\\\/2014\\\/01\\\/blogqspremedio.jpg\",\"datePublished\":\"2017-03-31T18:30:46+00:00\",\"breadcrumb\":{\"@id\":\"https:\\\/\\\/blogdofarnesio.com.br\\\/2017\\\/03\\\/precos-de-remedios-sobem-ate-476\\\/#breadcrumb\"},\"inLanguage\":\"pt-BR\",\"potentialAction\":[{\"@type\":\"ReadAction\",\"target\":[\"https:\\\/\\\/blogdofarnesio.com.br\\\/2017\\\/03\\\/precos-de-remedios-sobem-ate-476\\\/\"]}]},{\"@type\":\"ImageObject\",\"inLanguage\":\"pt-BR\",\"@id\":\"https:\\\/\\\/blogdofarnesio.com.br\\\/2017\\\/03\\\/precos-de-remedios-sobem-ate-476\\\/#primaryimage\",\"url\":\"https:\\\/\\\/blogdofarnesio.com.br\\\/wp-content\\\/uploads\\\/2014\\\/01\\\/blogqspremedio.jpg\",\"contentUrl\":\"https:\\\/\\\/blogdofarnesio.com.br\\\/wp-content\\\/uploads\\\/2014\\\/01\\\/blogqspremedio.jpg\",\"width\":400,\"height\":267,\"caption\":\"Ilustra\u00e7\u00e3o\"},{\"@type\":\"BreadcrumbList\",\"@id\":\"https:\\\/\\\/blogdofarnesio.com.br\\\/2017\\\/03\\\/precos-de-remedios-sobem-ate-476\\\/#breadcrumb\",\"itemListElement\":[{\"@type\":\"ListItem\",\"position\":1,\"name\":\"In\u00edcio\",\"item\":\"https:\\\/\\\/blogdofarnesio.com.br\\\/\"},{\"@type\":\"ListItem\",\"position\":2,\"name\":\"PRE\u00c7OS DE REM\u00c9DIOS SOBEM AT\u00c9 4,76%\"}]},{\"@type\":\"WebSite\",\"@id\":\"https:\\\/\\\/blogdofarnesio.com.br\\\/#website\",\"url\":\"https:\\\/\\\/blogdofarnesio.com.br\\\/\",\"name\":\"Blog do Farn\u00e9sio\",\"description\":\"Quer Saber Pol\u00edtica?\",\"publisher\":{\"@id\":\"https:\\\/\\\/blogdofarnesio.com.br\\\/#organization\"},\"potentialAction\":[{\"@type\":\"SearchAction\",\"target\":{\"@type\":\"EntryPoint\",\"urlTemplate\":\"https:\\\/\\\/blogdofarnesio.com.br\\\/?s={search_term_string}\"},\"query-input\":{\"@type\":\"PropertyValueSpecification\",\"valueRequired\":true,\"valueName\":\"search_term_string\"}}],\"inLanguage\":\"pt-BR\"},{\"@type\":\"Organization\",\"@id\":\"https:\\\/\\\/blogdofarnesio.com.br\\\/#organization\",\"name\":\"Blog do Farn\u00e9sio\",\"url\":\"https:\\\/\\\/blogdofarnesio.com.br\\\/\",\"logo\":{\"@type\":\"ImageObject\",\"inLanguage\":\"pt-BR\",\"@id\":\"https:\\\/\\\/blogdofarnesio.com.br\\\/#\\\/schema\\\/logo\\\/image\\\/\",\"url\":\"https:\\\/\\\/blogdofarnesio.com.br\\\/wp-content\\\/uploads\\\/2026\\\/03\\\/cropped-logo_new-1.png\",\"contentUrl\":\"https:\\\/\\\/blogdofarnesio.com.br\\\/wp-content\\\/uploads\\\/2026\\\/03\\\/cropped-logo_new-1.png\",\"width\":881,\"height\":685,\"caption\":\"Blog do Farn\u00e9sio\"},\"image\":{\"@id\":\"https:\\\/\\\/blogdofarnesio.com.br\\\/#\\\/schema\\\/logo\\\/image\\\/\"},\"sameAs\":[\"https:\\\/\\\/www.facebook.com\\\/BlogQuerSaberPolitica\\\/\"]},{\"@type\":\"Person\",\"@id\":\"https:\\\/\\\/blogdofarnesio.com.br\\\/#\\\/schema\\\/person\\\/301c4acf522bccbfdb45af95b5b906a1\",\"name\":\"Farn\u00e9sio\",\"image\":{\"@type\":\"ImageObject\",\"inLanguage\":\"pt-BR\",\"@id\":\"https:\\\/\\\/secure.gravatar.com\\\/avatar\\\/df0c9a14567c056f8ad6876ba5bbd1e3e2c48023eb6807342fc4663adf549f38?s=96&d=mm&r=g\",\"url\":\"https:\\\/\\\/secure.gravatar.com\\\/avatar\\\/df0c9a14567c056f8ad6876ba5bbd1e3e2c48023eb6807342fc4663adf549f38?s=96&d=mm&r=g\",\"contentUrl\":\"https:\\\/\\\/secure.gravatar.com\\\/avatar\\\/df0c9a14567c056f8ad6876ba5bbd1e3e2c48023eb6807342fc4663adf549f38?s=96&d=mm&r=g\",\"caption\":\"Farn\u00e9sio\"},\"sameAs\":[\"https:\\\/\\\/quersaberpolitica.com.br\"],\"url\":\"https:\\\/\\\/blogdofarnesio.com.br\\\/author\\\/farnesio\\\/\"}]}<\/script>\n<!-- \/ Yoast SEO plugin. -->","yoast_head_json":{"title":"PRE\u00c7OS DE REM\u00c9DIOS SOBEM AT\u00c9 4,76% - Blog do Farn\u00e9sio","robots":{"index":"index","follow":"follow","max-snippet":"max-snippet:-1","max-image-preview":"max-image-preview:large","max-video-preview":"max-video-preview:-1"},"canonical":"https:\/\/blogdofarnesio.com.br\/2017\/03\/precos-de-remedios-sobem-ate-476\/","og_locale":"pt_BR","og_type":"article","og_title":"PRE\u00c7OS DE REM\u00c9DIOS SOBEM AT\u00c9 4,76% - Blog do Farn\u00e9sio","og_description":"O Di\u00e1rio Oficial da Uni\u00e3o publica hoje (31) resolu\u00e7\u00e3o do Conselho de Ministros da C\u00e2mara de Regula\u00e7\u00e3o do Mercado de Medicamentos (Cmed) autorizando os \u00edndices do reajuste anual de pre\u00e7os de medicamentos para 2017, que variam de 1,36% a 4,76%. O aumento come\u00e7a a valer a partir desta sexta-feira. De acordo com a resolu\u00e7\u00e3o, o reajuste m\u00e1ximo permitido \u00e9 o seguinte: n\u00edvel 1: 4,76%; n\u00edvel 2: 3,06; e n\u00edvel 3: 1,36%. O Cmed \u00e9 um \u00f3rg\u00e3o do governo integrado por representantes de v\u00e1rios minist\u00e9rios. O Sindicato da Ind\u00fastria Farmac\u00eautica\u00a0 (Sindusfarma) informou, por meio de nota, que os \u00edndices de reajuste n\u00e3o rep\u00f5em a infla\u00e7\u00e3o passada, medida pelo \u00cdndice de Pre\u00e7os ao Consumidor Amplo (IPCA) no acumulado de 12 meses, de&hellip;","og_url":"https:\/\/blogdofarnesio.com.br\/2017\/03\/precos-de-remedios-sobem-ate-476\/","og_site_name":"Blog do Farn\u00e9sio","article_publisher":"https:\/\/www.facebook.com\/BlogQuerSaberPolitica\/","article_published_time":"2017-03-31T18:30:46+00:00","og_image":[{"width":400,"height":267,"url":"https:\/\/blogdofarnesio.com.br\/wp-content\/uploads\/2014\/01\/blogqspremedio.jpg","type":"image\/jpeg"}],"author":"Farn\u00e9sio","twitter_card":"summary_large_image","twitter_misc":{"Escrito por":"Farn\u00e9sio","Est. tempo de leitura":"1 minuto"},"schema":{"@context":"https:\/\/schema.org","@graph":[{"@type":"Article","@id":"https:\/\/blogdofarnesio.com.br\/2017\/03\/precos-de-remedios-sobem-ate-476\/#article","isPartOf":{"@id":"https:\/\/blogdofarnesio.com.br\/2017\/03\/precos-de-remedios-sobem-ate-476\/"},"author":{"name":"Farn\u00e9sio","@id":"https:\/\/blogdofarnesio.com.br\/#\/schema\/person\/301c4acf522bccbfdb45af95b5b906a1"},"headline":"PRE\u00c7OS DE REM\u00c9DIOS SOBEM AT\u00c9 4,76%","datePublished":"2017-03-31T18:30:46+00:00","mainEntityOfPage":{"@id":"https:\/\/blogdofarnesio.com.br\/2017\/03\/precos-de-remedios-sobem-ate-476\/"},"wordCount":199,"commentCount":0,"publisher":{"@id":"https:\/\/blogdofarnesio.com.br\/#organization"},"image":{"@id":"https:\/\/blogdofarnesio.com.br\/2017\/03\/precos-de-remedios-sobem-ate-476\/#primaryimage"},"thumbnailUrl":"https:\/\/blogdofarnesio.com.br\/wp-content\/uploads\/2014\/01\/blogqspremedio.jpg","articleSection":["Sa\u00fade"],"inLanguage":"pt-BR","potentialAction":[{"@type":"CommentAction","name":"Comment","target":["https:\/\/blogdofarnesio.com.br\/2017\/03\/precos-de-remedios-sobem-ate-476\/#respond"]}]},{"@type":"WebPage","@id":"https:\/\/blogdofarnesio.com.br\/2017\/03\/precos-de-remedios-sobem-ate-476\/","url":"https:\/\/blogdofarnesio.com.br\/2017\/03\/precos-de-remedios-sobem-ate-476\/","name":"PRE\u00c7OS DE REM\u00c9DIOS SOBEM AT\u00c9 4,76% - Blog do Farn\u00e9sio","isPartOf":{"@id":"https:\/\/blogdofarnesio.com.br\/#website"},"primaryImageOfPage":{"@id":"https:\/\/blogdofarnesio.com.br\/2017\/03\/precos-de-remedios-sobem-ate-476\/#primaryimage"},"image":{"@id":"https:\/\/blogdofarnesio.com.br\/2017\/03\/precos-de-remedios-sobem-ate-476\/#primaryimage"},"thumbnailUrl":"https:\/\/blogdofarnesio.com.br\/wp-content\/uploads\/2014\/01\/blogqspremedio.jpg","datePublished":"2017-03-31T18:30:46+00:00","breadcrumb":{"@id":"https:\/\/blogdofarnesio.com.br\/2017\/03\/precos-de-remedios-sobem-ate-476\/#breadcrumb"},"inLanguage":"pt-BR","potentialAction":[{"@type":"ReadAction","target":["https:\/\/blogdofarnesio.com.br\/2017\/03\/precos-de-remedios-sobem-ate-476\/"]}]},{"@type":"ImageObject","inLanguage":"pt-BR","@id":"https:\/\/blogdofarnesio.com.br\/2017\/03\/precos-de-remedios-sobem-ate-476\/#primaryimage","url":"https:\/\/blogdofarnesio.com.br\/wp-content\/uploads\/2014\/01\/blogqspremedio.jpg","contentUrl":"https:\/\/blogdofarnesio.com.br\/wp-content\/uploads\/2014\/01\/blogqspremedio.jpg","width":400,"height":267,"caption":"Ilustra\u00e7\u00e3o"},{"@type":"BreadcrumbList","@id":"https:\/\/blogdofarnesio.com.br\/2017\/03\/precos-de-remedios-sobem-ate-476\/#breadcrumb","itemListElement":[{"@type":"ListItem","position":1,"name":"In\u00edcio","item":"https:\/\/blogdofarnesio.com.br\/"},{"@type":"ListItem","position":2,"name":"PRE\u00c7OS DE REM\u00c9DIOS SOBEM AT\u00c9 4,76%"}]},{"@type":"WebSite","@id":"https:\/\/blogdofarnesio.com.br\/#website","url":"https:\/\/blogdofarnesio.com.br\/","name":"Blog do Farn\u00e9sio","description":"Quer Saber Pol\u00edtica?","publisher":{"@id":"https:\/\/blogdofarnesio.com.br\/#organization"},"potentialAction":[{"@type":"SearchAction","target":{"@type":"EntryPoint","urlTemplate":"https:\/\/blogdofarnesio.com.br\/?s={search_term_string}"},"query-input":{"@type":"PropertyValueSpecification","valueRequired":true,"valueName":"search_term_string"}}],"inLanguage":"pt-BR"},{"@type":"Organization","@id":"https:\/\/blogdofarnesio.com.br\/#organization","name":"Blog do Farn\u00e9sio","url":"https:\/\/blogdofarnesio.com.br\/","logo":{"@type":"ImageObject","inLanguage":"pt-BR","@id":"https:\/\/blogdofarnesio.com.br\/#\/schema\/logo\/image\/","url":"https:\/\/blogdofarnesio.com.br\/wp-content\/uploads\/2026\/03\/cropped-logo_new-1.png","contentUrl":"https:\/\/blogdofarnesio.com.br\/wp-content\/uploads\/2026\/03\/cropped-logo_new-1.png","width":881,"height":685,"caption":"Blog do Farn\u00e9sio"},"image":{"@id":"https:\/\/blogdofarnesio.com.br\/#\/schema\/logo\/image\/"},"sameAs":["https:\/\/www.facebook.com\/BlogQuerSaberPolitica\/"]},{"@type":"Person","@id":"https:\/\/blogdofarnesio.com.br\/#\/schema\/person\/301c4acf522bccbfdb45af95b5b906a1","name":"Farn\u00e9sio","image":{"@type":"ImageObject","inLanguage":"pt-BR","@id":"https:\/\/secure.gravatar.com\/avatar\/df0c9a14567c056f8ad6876ba5bbd1e3e2c48023eb6807342fc4663adf549f38?s=96&d=mm&r=g","url":"https:\/\/secure.gravatar.com\/avatar\/df0c9a14567c056f8ad6876ba5bbd1e3e2c48023eb6807342fc4663adf549f38?s=96&d=mm&r=g","contentUrl":"https:\/\/secure.gravatar.com\/avatar\/df0c9a14567c056f8ad6876ba5bbd1e3e2c48023eb6807342fc4663adf549f38?s=96&d=mm&r=g","caption":"Farn\u00e9sio"},"sameAs":["https:\/\/quersaberpolitica.com.br"],"url":"https:\/\/blogdofarnesio.com.br\/author\/farnesio\/"}]}},"_links":{"self":[{"href":"https:\/\/blogdofarnesio.com.br\/wp-json\/wp\/v2\/posts\/162597","targetHints":{"allow":["GET"]}}],"collection":[{"href":"https:\/\/blogdofarnesio.com.br\/wp-json\/wp\/v2\/posts"}],"about":[{"href":"https:\/\/blogdofarnesio.com.br\/wp-json\/wp\/v2\/types\/post"}],"author":[{"embeddable":true,"href":"https:\/\/blogdofarnesio.com.br\/wp-json\/wp\/v2\/users\/1"}],"replies":[{"embeddable":true,"href":"https:\/\/blogdofarnesio.com.br\/wp-json\/wp\/v2\/comments?post=162597"}],"version-history":[{"count":0,"href":"https:\/\/blogdofarnesio.com.br\/wp-json\/wp\/v2\/posts\/162597\/revisions"}],"wp:featuredmedia":[{"embeddable":true,"href":"https:\/\/blogdofarnesio.com.br\/wp-json\/wp\/v2\/media\/70031"}],"wp:attachment":[{"href":"https:\/\/blogdofarnesio.com.br\/wp-json\/wp\/v2\/media?parent=162597"}],"wp:term":[{"taxonomy":"category","embeddable":true,"href":"https:\/\/blogdofarnesio.com.br\/wp-json\/wp\/v2\/categories?post=162597"},{"taxonomy":"post_tag","embeddable":true,"href":"https:\/\/blogdofarnesio.com.br\/wp-json\/wp\/v2\/tags?post=162597"}],"curies":[{"name":"wp","href":"https:\/\/api.w.org\/{rel}","templated":true}]}}