{"id":162578,"date":"2017-03-31T17:00:36","date_gmt":"2017-03-31T20:00:36","guid":{"rendered":"http:\/\/quersaberpolitica.com.br\/2016\/?p=162578"},"modified":"2017-03-31T15:57:49","modified_gmt":"2017-03-31T18:57:49","slug":"adelson-felix-comemora-conquista-do-luz-para-todos-para-comunidades-do-interior-de-curaca","status":"publish","type":"post","link":"https:\/\/blogdofarnesio.com.br\/2017\/03\/adelson-felix-comemora-conquista-do-luz-para-todos-para-comunidades-do-interior-de-curaca\/","title":{"rendered":"ADELSON FELIX COMEMORA CONQUISTA DO &#8220;LUZ PARA TODOS&#8221;, PARA COMUNIDADES DO INTERIOR DE CURA\u00c7\u00c1"},"content":{"rendered":"<p>Em reuni\u00e3o nesta quinta feira de lideran\u00e7as comunit\u00e1rias de Cura\u00e7\u00e1, a exemplo do ex- vereador Adelson Felix, com a coordena\u00e7\u00e3o do programa luz para todos ficou assegurada a execu\u00e7\u00e3o e implanta\u00e7\u00e3o da energia el\u00e9trica nas seguintes comunidades, Serrania, Cara\u00edba dos Gomes e faz. \u00e1gua Branca.<\/p>\n<p>Pela conquista disse Adelson; &#8220;agradecemos imensamente a Deus, aos presidentes de associa\u00e7\u00f5es que foram a sede do programa na capital baiana reivindicar com nosso, ao Dep Z\u00f3 e a minera\u00e7\u00e3o cara\u00edba&#8221;. Segundo ele, os servi\u00e7os tem a sua previs\u00e3o de in\u00edcio at\u00e9 maio deste ano, Avante meu sert\u00e3o!<\/p>\n","protected":false},"excerpt":{"rendered":"<p>Em reuni\u00e3o nesta quinta feira de lideran\u00e7as comunit\u00e1rias de Cura\u00e7\u00e1, a exemplo do ex- vereador Adelson Felix, com a coordena\u00e7\u00e3o do programa luz para todos ficou assegurada a execu\u00e7\u00e3o e implanta\u00e7\u00e3o da energia el\u00e9trica nas seguintes comunidades, Serrania, Cara\u00edba dos Gomes e faz. \u00e1gua Branca. Pela conquista disse Adelson; &#8220;agradecemos imensamente a Deus, aos presidentes de associa\u00e7\u00f5es que foram a sede do programa na capital baiana reivindicar com nosso, ao Dep Z\u00f3 e a minera\u00e7\u00e3o cara\u00edba&#8221;. Segundo ele, os servi\u00e7os tem a sua previs\u00e3o de in\u00edcio at\u00e9 maio deste ano, Avante meu sert\u00e3o!<\/p>\n","protected":false},"author":1,"featured_media":132909,"comment_status":"open","ping_status":"open","sticky":false,"template":"","format":"standard","meta":{"_acf_changed":false,"footnotes":""},"categories":[27,1],"tags":[],"class_list":["post-162578","post","type-post","status-publish","format-standard","has-post-thumbnail","hentry","category-cidades","category-politica"],"acf":[],"yoast_head":"<!-- This site is optimized with the Yoast SEO plugin v27.5 - https:\/\/yoast.com\/product\/yoast-seo-wordpress\/ -->\n<title>ADELSON FELIX COMEMORA CONQUISTA DO &quot;LUZ PARA TODOS&quot;, PARA COMUNIDADES DO INTERIOR DE CURA\u00c7\u00c1 - Blog do Farn\u00e9sio<\/title>\n<meta name=\"robots\" content=\"index, follow, max-snippet:-1, max-image-preview:large, max-video-preview:-1\" \/>\n<link rel=\"canonical\" href=\"https:\/\/blogdofarnesio.com.br\/2017\/03\/adelson-felix-comemora-conquista-do-luz-para-todos-para-comunidades-do-interior-de-curaca\/\" \/>\n<meta property=\"og:locale\" content=\"pt_BR\" \/>\n<meta property=\"og:type\" content=\"article\" \/>\n<meta property=\"og:title\" content=\"ADELSON FELIX COMEMORA CONQUISTA DO &quot;LUZ PARA TODOS&quot;, PARA COMUNIDADES DO INTERIOR DE CURA\u00c7\u00c1 - Blog do Farn\u00e9sio\" \/>\n<meta property=\"og:description\" content=\"Em reuni\u00e3o nesta quinta feira de lideran\u00e7as comunit\u00e1rias de Cura\u00e7\u00e1, a exemplo do ex- vereador Adelson Felix, com a coordena\u00e7\u00e3o do programa luz para todos ficou assegurada a execu\u00e7\u00e3o e implanta\u00e7\u00e3o da energia el\u00e9trica nas seguintes comunidades, Serrania, Cara\u00edba dos Gomes e faz. \u00e1gua Branca. Pela conquista disse Adelson; &#8220;agradecemos imensamente a Deus, aos presidentes de associa\u00e7\u00f5es que foram a sede do programa na capital baiana reivindicar com nosso, ao Dep Z\u00f3 e a minera\u00e7\u00e3o cara\u00edba&#8221;. Segundo ele, os servi\u00e7os tem a sua previs\u00e3o de in\u00edcio at\u00e9 maio deste ano, Avante meu sert\u00e3o!\" \/>\n<meta property=\"og:url\" content=\"https:\/\/blogdofarnesio.com.br\/2017\/03\/adelson-felix-comemora-conquista-do-luz-para-todos-para-comunidades-do-interior-de-curaca\/\" \/>\n<meta property=\"og:site_name\" content=\"Blog do Farn\u00e9sio\" \/>\n<meta property=\"article:publisher\" content=\"https:\/\/www.facebook.com\/BlogQuerSaberPolitica\/\" \/>\n<meta property=\"article:published_time\" content=\"2017-03-31T20:00:36+00:00\" \/>\n<meta property=\"og:image\" content=\"https:\/\/blogdofarnesio.com.br\/wp-content\/uploads\/2015\/11\/blogqspadelsonfelix-Foto-farn\u00e9sio-Silva.jpg\" \/>\n\t<meta property=\"og:image:width\" content=\"608\" \/>\n\t<meta property=\"og:image:height\" content=\"405\" \/>\n\t<meta property=\"og:image:type\" content=\"image\/jpeg\" \/>\n<meta name=\"author\" content=\"Farn\u00e9sio\" \/>\n<meta name=\"twitter:card\" content=\"summary_large_image\" \/>\n<meta name=\"twitter:label1\" content=\"Escrito por\" \/>\n\t<meta name=\"twitter:data1\" content=\"Farn\u00e9sio\" \/>\n\t<meta name=\"twitter:label2\" content=\"Est. tempo de leitura\" \/>\n\t<meta name=\"twitter:data2\" content=\"1 minuto\" \/>\n<script type=\"application\/ld+json\" class=\"yoast-schema-graph\">{\"@context\":\"https:\\\/\\\/schema.org\",\"@graph\":[{\"@type\":\"Article\",\"@id\":\"https:\\\/\\\/blogdofarnesio.com.br\\\/2017\\\/03\\\/adelson-felix-comemora-conquista-do-luz-para-todos-para-comunidades-do-interior-de-curaca\\\/#article\",\"isPartOf\":{\"@id\":\"https:\\\/\\\/blogdofarnesio.com.br\\\/2017\\\/03\\\/adelson-felix-comemora-conquista-do-luz-para-todos-para-comunidades-do-interior-de-curaca\\\/\"},\"author\":{\"name\":\"Farn\u00e9sio\",\"@id\":\"https:\\\/\\\/blogdofarnesio.com.br\\\/#\\\/schema\\\/person\\\/301c4acf522bccbfdb45af95b5b906a1\"},\"headline\":\"ADELSON FELIX COMEMORA CONQUISTA DO &#8220;LUZ PARA TODOS&#8221;, PARA COMUNIDADES DO INTERIOR DE CURA\u00c7\u00c1\",\"datePublished\":\"2017-03-31T20:00:36+00:00\",\"mainEntityOfPage\":{\"@id\":\"https:\\\/\\\/blogdofarnesio.com.br\\\/2017\\\/03\\\/adelson-felix-comemora-conquista-do-luz-para-todos-para-comunidades-do-interior-de-curaca\\\/\"},\"wordCount\":122,\"commentCount\":0,\"publisher\":{\"@id\":\"https:\\\/\\\/blogdofarnesio.com.br\\\/#organization\"},\"image\":{\"@id\":\"https:\\\/\\\/blogdofarnesio.com.br\\\/2017\\\/03\\\/adelson-felix-comemora-conquista-do-luz-para-todos-para-comunidades-do-interior-de-curaca\\\/#primaryimage\"},\"thumbnailUrl\":\"https:\\\/\\\/blogdofarnesio.com.br\\\/wp-content\\\/uploads\\\/2015\\\/11\\\/blogqspadelsonfelix-Foto-farn\u00e9sio-Silva.jpg\",\"articleSection\":[\"Cidades\",\"Pol\u00edtica\"],\"inLanguage\":\"pt-BR\",\"potentialAction\":[{\"@type\":\"CommentAction\",\"name\":\"Comment\",\"target\":[\"https:\\\/\\\/blogdofarnesio.com.br\\\/2017\\\/03\\\/adelson-felix-comemora-conquista-do-luz-para-todos-para-comunidades-do-interior-de-curaca\\\/#respond\"]}]},{\"@type\":\"WebPage\",\"@id\":\"https:\\\/\\\/blogdofarnesio.com.br\\\/2017\\\/03\\\/adelson-felix-comemora-conquista-do-luz-para-todos-para-comunidades-do-interior-de-curaca\\\/\",\"url\":\"https:\\\/\\\/blogdofarnesio.com.br\\\/2017\\\/03\\\/adelson-felix-comemora-conquista-do-luz-para-todos-para-comunidades-do-interior-de-curaca\\\/\",\"name\":\"ADELSON FELIX COMEMORA CONQUISTA DO \\\"LUZ PARA TODOS\\\", PARA COMUNIDADES DO INTERIOR DE CURA\u00c7\u00c1 - Blog do Farn\u00e9sio\",\"isPartOf\":{\"@id\":\"https:\\\/\\\/blogdofarnesio.com.br\\\/#website\"},\"primaryImageOfPage\":{\"@id\":\"https:\\\/\\\/blogdofarnesio.com.br\\\/2017\\\/03\\\/adelson-felix-comemora-conquista-do-luz-para-todos-para-comunidades-do-interior-de-curaca\\\/#primaryimage\"},\"image\":{\"@id\":\"https:\\\/\\\/blogdofarnesio.com.br\\\/2017\\\/03\\\/adelson-felix-comemora-conquista-do-luz-para-todos-para-comunidades-do-interior-de-curaca\\\/#primaryimage\"},\"thumbnailUrl\":\"https:\\\/\\\/blogdofarnesio.com.br\\\/wp-content\\\/uploads\\\/2015\\\/11\\\/blogqspadelsonfelix-Foto-farn\u00e9sio-Silva.jpg\",\"datePublished\":\"2017-03-31T20:00:36+00:00\",\"breadcrumb\":{\"@id\":\"https:\\\/\\\/blogdofarnesio.com.br\\\/2017\\\/03\\\/adelson-felix-comemora-conquista-do-luz-para-todos-para-comunidades-do-interior-de-curaca\\\/#breadcrumb\"},\"inLanguage\":\"pt-BR\",\"potentialAction\":[{\"@type\":\"ReadAction\",\"target\":[\"https:\\\/\\\/blogdofarnesio.com.br\\\/2017\\\/03\\\/adelson-felix-comemora-conquista-do-luz-para-todos-para-comunidades-do-interior-de-curaca\\\/\"]}]},{\"@type\":\"ImageObject\",\"inLanguage\":\"pt-BR\",\"@id\":\"https:\\\/\\\/blogdofarnesio.com.br\\\/2017\\\/03\\\/adelson-felix-comemora-conquista-do-luz-para-todos-para-comunidades-do-interior-de-curaca\\\/#primaryimage\",\"url\":\"https:\\\/\\\/blogdofarnesio.com.br\\\/wp-content\\\/uploads\\\/2015\\\/11\\\/blogqspadelsonfelix-Foto-farn\u00e9sio-Silva.jpg\",\"contentUrl\":\"https:\\\/\\\/blogdofarnesio.com.br\\\/wp-content\\\/uploads\\\/2015\\\/11\\\/blogqspadelsonfelix-Foto-farn\u00e9sio-Silva.jpg\",\"width\":608,\"height\":405,\"caption\":\"Adelson Felix Foto Farn\u00e9sio Silva\"},{\"@type\":\"BreadcrumbList\",\"@id\":\"https:\\\/\\\/blogdofarnesio.com.br\\\/2017\\\/03\\\/adelson-felix-comemora-conquista-do-luz-para-todos-para-comunidades-do-interior-de-curaca\\\/#breadcrumb\",\"itemListElement\":[{\"@type\":\"ListItem\",\"position\":1,\"name\":\"In\u00edcio\",\"item\":\"https:\\\/\\\/blogdofarnesio.com.br\\\/\"},{\"@type\":\"ListItem\",\"position\":2,\"name\":\"ADELSON FELIX COMEMORA CONQUISTA DO &#8220;LUZ PARA TODOS&#8221;, PARA COMUNIDADES DO INTERIOR DE CURA\u00c7\u00c1\"}]},{\"@type\":\"WebSite\",\"@id\":\"https:\\\/\\\/blogdofarnesio.com.br\\\/#website\",\"url\":\"https:\\\/\\\/blogdofarnesio.com.br\\\/\",\"name\":\"Blog do Farn\u00e9sio\",\"description\":\"Quer Saber Pol\u00edtica?\",\"publisher\":{\"@id\":\"https:\\\/\\\/blogdofarnesio.com.br\\\/#organization\"},\"potentialAction\":[{\"@type\":\"SearchAction\",\"target\":{\"@type\":\"EntryPoint\",\"urlTemplate\":\"https:\\\/\\\/blogdofarnesio.com.br\\\/?s={search_term_string}\"},\"query-input\":{\"@type\":\"PropertyValueSpecification\",\"valueRequired\":true,\"valueName\":\"search_term_string\"}}],\"inLanguage\":\"pt-BR\"},{\"@type\":\"Organization\",\"@id\":\"https:\\\/\\\/blogdofarnesio.com.br\\\/#organization\",\"name\":\"Blog do Farn\u00e9sio\",\"url\":\"https:\\\/\\\/blogdofarnesio.com.br\\\/\",\"logo\":{\"@type\":\"ImageObject\",\"inLanguage\":\"pt-BR\",\"@id\":\"https:\\\/\\\/blogdofarnesio.com.br\\\/#\\\/schema\\\/logo\\\/image\\\/\",\"url\":\"https:\\\/\\\/blogdofarnesio.com.br\\\/wp-content\\\/uploads\\\/2026\\\/03\\\/cropped-logo_new-1.png\",\"contentUrl\":\"https:\\\/\\\/blogdofarnesio.com.br\\\/wp-content\\\/uploads\\\/2026\\\/03\\\/cropped-logo_new-1.png\",\"width\":881,\"height\":685,\"caption\":\"Blog do Farn\u00e9sio\"},\"image\":{\"@id\":\"https:\\\/\\\/blogdofarnesio.com.br\\\/#\\\/schema\\\/logo\\\/image\\\/\"},\"sameAs\":[\"https:\\\/\\\/www.facebook.com\\\/BlogQuerSaberPolitica\\\/\"]},{\"@type\":\"Person\",\"@id\":\"https:\\\/\\\/blogdofarnesio.com.br\\\/#\\\/schema\\\/person\\\/301c4acf522bccbfdb45af95b5b906a1\",\"name\":\"Farn\u00e9sio\",\"image\":{\"@type\":\"ImageObject\",\"inLanguage\":\"pt-BR\",\"@id\":\"https:\\\/\\\/secure.gravatar.com\\\/avatar\\\/df0c9a14567c056f8ad6876ba5bbd1e3e2c48023eb6807342fc4663adf549f38?s=96&d=mm&r=g\",\"url\":\"https:\\\/\\\/secure.gravatar.com\\\/avatar\\\/df0c9a14567c056f8ad6876ba5bbd1e3e2c48023eb6807342fc4663adf549f38?s=96&d=mm&r=g\",\"contentUrl\":\"https:\\\/\\\/secure.gravatar.com\\\/avatar\\\/df0c9a14567c056f8ad6876ba5bbd1e3e2c48023eb6807342fc4663adf549f38?s=96&d=mm&r=g\",\"caption\":\"Farn\u00e9sio\"},\"sameAs\":[\"https:\\\/\\\/quersaberpolitica.com.br\"],\"url\":\"https:\\\/\\\/blogdofarnesio.com.br\\\/author\\\/farnesio\\\/\"}]}<\/script>\n<!-- \/ Yoast SEO plugin. -->","yoast_head_json":{"title":"ADELSON FELIX COMEMORA CONQUISTA DO \"LUZ PARA TODOS\", PARA COMUNIDADES DO INTERIOR DE CURA\u00c7\u00c1 - Blog do Farn\u00e9sio","robots":{"index":"index","follow":"follow","max-snippet":"max-snippet:-1","max-image-preview":"max-image-preview:large","max-video-preview":"max-video-preview:-1"},"canonical":"https:\/\/blogdofarnesio.com.br\/2017\/03\/adelson-felix-comemora-conquista-do-luz-para-todos-para-comunidades-do-interior-de-curaca\/","og_locale":"pt_BR","og_type":"article","og_title":"ADELSON FELIX COMEMORA CONQUISTA DO \"LUZ PARA TODOS\", PARA COMUNIDADES DO INTERIOR DE CURA\u00c7\u00c1 - Blog do Farn\u00e9sio","og_description":"Em reuni\u00e3o nesta quinta feira de lideran\u00e7as comunit\u00e1rias de Cura\u00e7\u00e1, a exemplo do ex- vereador Adelson Felix, com a coordena\u00e7\u00e3o do programa luz para todos ficou assegurada a execu\u00e7\u00e3o e implanta\u00e7\u00e3o da energia el\u00e9trica nas seguintes comunidades, Serrania, Cara\u00edba dos Gomes e faz. \u00e1gua Branca. Pela conquista disse Adelson; &#8220;agradecemos imensamente a Deus, aos presidentes de associa\u00e7\u00f5es que foram a sede do programa na capital baiana reivindicar com nosso, ao Dep Z\u00f3 e a minera\u00e7\u00e3o cara\u00edba&#8221;. Segundo ele, os servi\u00e7os tem a sua previs\u00e3o de in\u00edcio at\u00e9 maio deste ano, Avante meu sert\u00e3o!","og_url":"https:\/\/blogdofarnesio.com.br\/2017\/03\/adelson-felix-comemora-conquista-do-luz-para-todos-para-comunidades-do-interior-de-curaca\/","og_site_name":"Blog do Farn\u00e9sio","article_publisher":"https:\/\/www.facebook.com\/BlogQuerSaberPolitica\/","article_published_time":"2017-03-31T20:00:36+00:00","og_image":[{"width":608,"height":405,"url":"https:\/\/blogdofarnesio.com.br\/wp-content\/uploads\/2015\/11\/blogqspadelsonfelix-Foto-farn\u00e9sio-Silva.jpg","type":"image\/jpeg"}],"author":"Farn\u00e9sio","twitter_card":"summary_large_image","twitter_misc":{"Escrito por":"Farn\u00e9sio","Est. tempo de leitura":"1 minuto"},"schema":{"@context":"https:\/\/schema.org","@graph":[{"@type":"Article","@id":"https:\/\/blogdofarnesio.com.br\/2017\/03\/adelson-felix-comemora-conquista-do-luz-para-todos-para-comunidades-do-interior-de-curaca\/#article","isPartOf":{"@id":"https:\/\/blogdofarnesio.com.br\/2017\/03\/adelson-felix-comemora-conquista-do-luz-para-todos-para-comunidades-do-interior-de-curaca\/"},"author":{"name":"Farn\u00e9sio","@id":"https:\/\/blogdofarnesio.com.br\/#\/schema\/person\/301c4acf522bccbfdb45af95b5b906a1"},"headline":"ADELSON FELIX COMEMORA CONQUISTA DO &#8220;LUZ PARA TODOS&#8221;, PARA COMUNIDADES DO INTERIOR DE CURA\u00c7\u00c1","datePublished":"2017-03-31T20:00:36+00:00","mainEntityOfPage":{"@id":"https:\/\/blogdofarnesio.com.br\/2017\/03\/adelson-felix-comemora-conquista-do-luz-para-todos-para-comunidades-do-interior-de-curaca\/"},"wordCount":122,"commentCount":0,"publisher":{"@id":"https:\/\/blogdofarnesio.com.br\/#organization"},"image":{"@id":"https:\/\/blogdofarnesio.com.br\/2017\/03\/adelson-felix-comemora-conquista-do-luz-para-todos-para-comunidades-do-interior-de-curaca\/#primaryimage"},"thumbnailUrl":"https:\/\/blogdofarnesio.com.br\/wp-content\/uploads\/2015\/11\/blogqspadelsonfelix-Foto-farn\u00e9sio-Silva.jpg","articleSection":["Cidades","Pol\u00edtica"],"inLanguage":"pt-BR","potentialAction":[{"@type":"CommentAction","name":"Comment","target":["https:\/\/blogdofarnesio.com.br\/2017\/03\/adelson-felix-comemora-conquista-do-luz-para-todos-para-comunidades-do-interior-de-curaca\/#respond"]}]},{"@type":"WebPage","@id":"https:\/\/blogdofarnesio.com.br\/2017\/03\/adelson-felix-comemora-conquista-do-luz-para-todos-para-comunidades-do-interior-de-curaca\/","url":"https:\/\/blogdofarnesio.com.br\/2017\/03\/adelson-felix-comemora-conquista-do-luz-para-todos-para-comunidades-do-interior-de-curaca\/","name":"ADELSON FELIX COMEMORA CONQUISTA DO \"LUZ PARA TODOS\", PARA COMUNIDADES DO INTERIOR DE CURA\u00c7\u00c1 - Blog do Farn\u00e9sio","isPartOf":{"@id":"https:\/\/blogdofarnesio.com.br\/#website"},"primaryImageOfPage":{"@id":"https:\/\/blogdofarnesio.com.br\/2017\/03\/adelson-felix-comemora-conquista-do-luz-para-todos-para-comunidades-do-interior-de-curaca\/#primaryimage"},"image":{"@id":"https:\/\/blogdofarnesio.com.br\/2017\/03\/adelson-felix-comemora-conquista-do-luz-para-todos-para-comunidades-do-interior-de-curaca\/#primaryimage"},"thumbnailUrl":"https:\/\/blogdofarnesio.com.br\/wp-content\/uploads\/2015\/11\/blogqspadelsonfelix-Foto-farn\u00e9sio-Silva.jpg","datePublished":"2017-03-31T20:00:36+00:00","breadcrumb":{"@id":"https:\/\/blogdofarnesio.com.br\/2017\/03\/adelson-felix-comemora-conquista-do-luz-para-todos-para-comunidades-do-interior-de-curaca\/#breadcrumb"},"inLanguage":"pt-BR","potentialAction":[{"@type":"ReadAction","target":["https:\/\/blogdofarnesio.com.br\/2017\/03\/adelson-felix-comemora-conquista-do-luz-para-todos-para-comunidades-do-interior-de-curaca\/"]}]},{"@type":"ImageObject","inLanguage":"pt-BR","@id":"https:\/\/blogdofarnesio.com.br\/2017\/03\/adelson-felix-comemora-conquista-do-luz-para-todos-para-comunidades-do-interior-de-curaca\/#primaryimage","url":"https:\/\/blogdofarnesio.com.br\/wp-content\/uploads\/2015\/11\/blogqspadelsonfelix-Foto-farn\u00e9sio-Silva.jpg","contentUrl":"https:\/\/blogdofarnesio.com.br\/wp-content\/uploads\/2015\/11\/blogqspadelsonfelix-Foto-farn\u00e9sio-Silva.jpg","width":608,"height":405,"caption":"Adelson Felix Foto Farn\u00e9sio Silva"},{"@type":"BreadcrumbList","@id":"https:\/\/blogdofarnesio.com.br\/2017\/03\/adelson-felix-comemora-conquista-do-luz-para-todos-para-comunidades-do-interior-de-curaca\/#breadcrumb","itemListElement":[{"@type":"ListItem","position":1,"name":"In\u00edcio","item":"https:\/\/blogdofarnesio.com.br\/"},{"@type":"ListItem","position":2,"name":"ADELSON FELIX COMEMORA CONQUISTA DO &#8220;LUZ PARA TODOS&#8221;, PARA COMUNIDADES DO INTERIOR DE CURA\u00c7\u00c1"}]},{"@type":"WebSite","@id":"https:\/\/blogdofarnesio.com.br\/#website","url":"https:\/\/blogdofarnesio.com.br\/","name":"Blog do Farn\u00e9sio","description":"Quer Saber Pol\u00edtica?","publisher":{"@id":"https:\/\/blogdofarnesio.com.br\/#organization"},"potentialAction":[{"@type":"SearchAction","target":{"@type":"EntryPoint","urlTemplate":"https:\/\/blogdofarnesio.com.br\/?s={search_term_string}"},"query-input":{"@type":"PropertyValueSpecification","valueRequired":true,"valueName":"search_term_string"}}],"inLanguage":"pt-BR"},{"@type":"Organization","@id":"https:\/\/blogdofarnesio.com.br\/#organization","name":"Blog do Farn\u00e9sio","url":"https:\/\/blogdofarnesio.com.br\/","logo":{"@type":"ImageObject","inLanguage":"pt-BR","@id":"https:\/\/blogdofarnesio.com.br\/#\/schema\/logo\/image\/","url":"https:\/\/blogdofarnesio.com.br\/wp-content\/uploads\/2026\/03\/cropped-logo_new-1.png","contentUrl":"https:\/\/blogdofarnesio.com.br\/wp-content\/uploads\/2026\/03\/cropped-logo_new-1.png","width":881,"height":685,"caption":"Blog do Farn\u00e9sio"},"image":{"@id":"https:\/\/blogdofarnesio.com.br\/#\/schema\/logo\/image\/"},"sameAs":["https:\/\/www.facebook.com\/BlogQuerSaberPolitica\/"]},{"@type":"Person","@id":"https:\/\/blogdofarnesio.com.br\/#\/schema\/person\/301c4acf522bccbfdb45af95b5b906a1","name":"Farn\u00e9sio","image":{"@type":"ImageObject","inLanguage":"pt-BR","@id":"https:\/\/secure.gravatar.com\/avatar\/df0c9a14567c056f8ad6876ba5bbd1e3e2c48023eb6807342fc4663adf549f38?s=96&d=mm&r=g","url":"https:\/\/secure.gravatar.com\/avatar\/df0c9a14567c056f8ad6876ba5bbd1e3e2c48023eb6807342fc4663adf549f38?s=96&d=mm&r=g","contentUrl":"https:\/\/secure.gravatar.com\/avatar\/df0c9a14567c056f8ad6876ba5bbd1e3e2c48023eb6807342fc4663adf549f38?s=96&d=mm&r=g","caption":"Farn\u00e9sio"},"sameAs":["https:\/\/quersaberpolitica.com.br"],"url":"https:\/\/blogdofarnesio.com.br\/author\/farnesio\/"}]}},"_links":{"self":[{"href":"https:\/\/blogdofarnesio.com.br\/wp-json\/wp\/v2\/posts\/162578","targetHints":{"allow":["GET"]}}],"collection":[{"href":"https:\/\/blogdofarnesio.com.br\/wp-json\/wp\/v2\/posts"}],"about":[{"href":"https:\/\/blogdofarnesio.com.br\/wp-json\/wp\/v2\/types\/post"}],"author":[{"embeddable":true,"href":"https:\/\/blogdofarnesio.com.br\/wp-json\/wp\/v2\/users\/1"}],"replies":[{"embeddable":true,"href":"https:\/\/blogdofarnesio.com.br\/wp-json\/wp\/v2\/comments?post=162578"}],"version-history":[{"count":0,"href":"https:\/\/blogdofarnesio.com.br\/wp-json\/wp\/v2\/posts\/162578\/revisions"}],"wp:featuredmedia":[{"embeddable":true,"href":"https:\/\/blogdofarnesio.com.br\/wp-json\/wp\/v2\/media\/132909"}],"wp:attachment":[{"href":"https:\/\/blogdofarnesio.com.br\/wp-json\/wp\/v2\/media?parent=162578"}],"wp:term":[{"taxonomy":"category","embeddable":true,"href":"https:\/\/blogdofarnesio.com.br\/wp-json\/wp\/v2\/categories?post=162578"},{"taxonomy":"post_tag","embeddable":true,"href":"https:\/\/blogdofarnesio.com.br\/wp-json\/wp\/v2\/tags?post=162578"}],"curies":[{"name":"wp","href":"https:\/\/api.w.org\/{rel}","templated":true}]}}