{"id":162565,"date":"2017-03-31T15:00:10","date_gmt":"2017-03-31T18:00:10","guid":{"rendered":"http:\/\/quersaberpolitica.com.br\/2016\/?p=162565"},"modified":"2017-03-31T15:04:59","modified_gmt":"2017-03-31T18:04:59","slug":"raimundo-amarildo-52-anos-de-radio","status":"publish","type":"post","link":"https:\/\/blogdofarnesio.com.br\/?p=162565","title":{"rendered":"PARAB\u00c9NS RAIMUNDO AMARILDO, 52 ANOS DE R\u00c1DIO"},"content":{"rendered":"<p style=\"text-align: justify;\">Raimundo Campos Silva conhecido popularmente como \u201c Raimundo Amarildo \u201c em alus\u00e3o ao grande craque AMARILDO do Botafogo Futebol Regatas time do seu cora\u00e7\u00e3o, nascido na cidade de Petrolina- PE, mas, Juazeirense por ado\u00e7\u00e3o tendo recebido t\u00edtulo de cidadania atrav\u00e9s do Vereador Valmir Camp\u00ealo. Amarildo, um defensor aguerrido e apaixonado pelo futebol, treinou diversas equipes sendo campe\u00e3o v\u00e1rias vezes como treinador, inclusive, da Sele\u00e7\u00e3o Municipal e pelas tradi\u00e7\u00f5es locais como o carnaval, ele j\u00e1 apresentou o Programa \u201c Coisas do Carnaval \u201d com os radialistas Geraldo Jos\u00e9 e Geraldo Messias\u201d justamente nasceu a\u00ed neste per\u00edodo, o envolvimento com a cultura popular que lhe deu respaldo para o r\u00e1dio. Dono de um timbre de voz inigual\u00e1vel e de uma linguagem carregada de g\u00edrias futebol\u00edsticas que alegra a galera como: \u201c fera\u201d, \u201ccevada \u201c,\u201d \u00e9 verdade, \u00e9 verdade\u201d, \u201cevidentemente\u201d. Neste dia de hoje, est\u00e1 comemorando, 52 anos de r\u00e1dio, uma pessoa muito simples at\u00e9 na vestimenta bem ao estilo bo\u00eamio, \u00e9 mais um personagem que contribui com sua pr\u00f3pria hist\u00f3ria para homenagear este grande nome da radiofonia Sanfranciscana. .<\/p>\n<p style=\"text-align: justify;\">Conheci Amarildo desenrolando quase uma centena de um emaranhado de fios para fazer a transmiss\u00e3o esportiva no Est\u00e1dio da Associa\u00e7\u00e3o Rural em Petrolina pela Emissora Rural, sua primeira empresa. Foi assim, que foi ganhando intimidade com o microfone e depois garantindo seu espa\u00e7o. J\u00e1 adianto que n\u00e3o guardo datas, mas asseguro que nessa primeira fase ficou uma boa temporada na Emissora Rural. Mas o seu amor por Juazeiro j\u00e1 tinha se instalado e logo, logo estava na R\u00e1dio Juazeiro AM, nesta emissora foi rep\u00f3rter e comentarista, e no Di\u00e1rio da Regi\u00e3o colunista esportivo, onde trabalhou alguns anos e por \u00faltimo R\u00e1dio Cidade onde est\u00e1 h\u00e1 mais de 15 anos apresentando o Programa \u201c Panorama Esportivo \u201c. Como eterno saudosista gosto de relembrar os bate-papos, que t\u00ednhamos, n\u00e3o s\u00f3 as piadas do meio esportivo, mas tamb\u00e9m os amigos que a gente fez ao longo destes anos. Cito mais uma vez minha admira\u00e7\u00e3o por este amigo que dispensa coment\u00e1rios porque mais que um amigo, \u00e9 um irm\u00e3o, e especialmente para manter viva a mem\u00f3ria do nosso futebol, este nome merece ser resguardado na radiofonia como grande comunicador de massa. PARAB\u00c9NS \u201cREI\u201d RAIMUNDO AMARILDO! Pelos 52 anos de r\u00e1dio.<\/p>\n<p style=\"text-align: justify;\">Valtertlino Pimentel ( Pinguim )<\/p>\n","protected":false},"excerpt":{"rendered":"<p>Raimundo Campos Silva conhecido popularmente como \u201c Raimundo Amarildo \u201c em alus\u00e3o ao grande craque AMARILDO do Botafogo Futebol Regatas time do seu cora\u00e7\u00e3o, nascido na cidade de Petrolina- PE, mas, Juazeirense por ado\u00e7\u00e3o tendo recebido t\u00edtulo de cidadania atrav\u00e9s do Vereador Valmir Camp\u00ealo. Amarildo, um defensor aguerrido e apaixonado pelo futebol, treinou diversas equipes sendo campe\u00e3o v\u00e1rias vezes como treinador, inclusive, da Sele\u00e7\u00e3o Municipal e pelas tradi\u00e7\u00f5es locais como o carnaval, ele j\u00e1 apresentou o Programa \u201c Coisas do Carnaval \u201d com os radialistas Geraldo Jos\u00e9 e Geraldo Messias\u201d justamente nasceu a\u00ed neste per\u00edodo, o envolvimento com a cultura popular que lhe deu respaldo para o r\u00e1dio. Dono de um timbre de voz inigual\u00e1vel e de uma linguagem carregada&hellip; <\/p>\n","protected":false},"author":1,"featured_media":162566,"comment_status":"open","ping_status":"open","sticky":false,"template":"","format":"standard","meta":{"_acf_changed":false,"footnotes":""},"categories":[12],"tags":[],"class_list":["post-162565","post","type-post","status-publish","format-standard","has-post-thumbnail","hentry","category-confraternizacoes"],"acf":[],"yoast_head":"<!-- This site is optimized with the Yoast SEO plugin v27.4 - https:\/\/yoast.com\/product\/yoast-seo-wordpress\/ -->\n<title>PARAB\u00c9NS RAIMUNDO AMARILDO, 52 ANOS DE R\u00c1DIO - Blog do Farn\u00e9sio<\/title>\n<meta name=\"robots\" content=\"index, follow, max-snippet:-1, max-image-preview:large, max-video-preview:-1\" \/>\n<link rel=\"canonical\" href=\"https:\/\/blogdofarnesio.com.br\/?p=162565\" \/>\n<meta property=\"og:locale\" content=\"pt_BR\" \/>\n<meta property=\"og:type\" content=\"article\" \/>\n<meta property=\"og:title\" content=\"PARAB\u00c9NS RAIMUNDO AMARILDO, 52 ANOS DE R\u00c1DIO - Blog do Farn\u00e9sio\" \/>\n<meta property=\"og:description\" content=\"Raimundo Campos Silva conhecido popularmente como \u201c Raimundo Amarildo \u201c em alus\u00e3o ao grande craque AMARILDO do Botafogo Futebol Regatas time do seu cora\u00e7\u00e3o, nascido na cidade de Petrolina- PE, mas, Juazeirense por ado\u00e7\u00e3o tendo recebido t\u00edtulo de cidadania atrav\u00e9s do Vereador Valmir Camp\u00ealo. Amarildo, um defensor aguerrido e apaixonado pelo futebol, treinou diversas equipes sendo campe\u00e3o v\u00e1rias vezes como treinador, inclusive, da Sele\u00e7\u00e3o Municipal e pelas tradi\u00e7\u00f5es locais como o carnaval, ele j\u00e1 apresentou o Programa \u201c Coisas do Carnaval \u201d com os radialistas Geraldo Jos\u00e9 e Geraldo Messias\u201d justamente nasceu a\u00ed neste per\u00edodo, o envolvimento com a cultura popular que lhe deu respaldo para o r\u00e1dio. Dono de um timbre de voz inigual\u00e1vel e de uma linguagem carregada&hellip;\" \/>\n<meta property=\"og:url\" content=\"https:\/\/blogdofarnesio.com.br\/?p=162565\" \/>\n<meta property=\"og:site_name\" content=\"Blog do Farn\u00e9sio\" \/>\n<meta property=\"article:publisher\" content=\"https:\/\/www.facebook.com\/BlogQuerSaberPolitica\/\" \/>\n<meta property=\"article:published_time\" content=\"2017-03-31T18:00:10+00:00\" \/>\n<meta property=\"article:modified_time\" content=\"2017-03-31T18:04:59+00:00\" \/>\n<meta property=\"og:image\" content=\"https:\/\/blogdofarnesio.com.br\/wp-content\/uploads\/2017\/03\/blogqsp-Raimundo-Campos-Silva.jpg\" \/>\n\t<meta property=\"og:image:width\" content=\"424\" \/>\n\t<meta property=\"og:image:height\" content=\"368\" \/>\n\t<meta property=\"og:image:type\" content=\"image\/jpeg\" \/>\n<meta name=\"author\" content=\"Farn\u00e9sio\" \/>\n<meta name=\"twitter:card\" content=\"summary_large_image\" \/>\n<meta name=\"twitter:label1\" content=\"Escrito por\" \/>\n\t<meta name=\"twitter:data1\" content=\"Farn\u00e9sio\" \/>\n\t<meta name=\"twitter:label2\" content=\"Est. tempo de leitura\" \/>\n\t<meta name=\"twitter:data2\" content=\"2 minutos\" \/>\n<script type=\"application\/ld+json\" class=\"yoast-schema-graph\">{\"@context\":\"https:\\\/\\\/schema.org\",\"@graph\":[{\"@type\":\"Article\",\"@id\":\"https:\\\/\\\/blogdofarnesio.com.br\\\/?p=162565#article\",\"isPartOf\":{\"@id\":\"https:\\\/\\\/blogdofarnesio.com.br\\\/?p=162565\"},\"author\":{\"name\":\"Farn\u00e9sio\",\"@id\":\"https:\\\/\\\/blogdofarnesio.com.br\\\/#\\\/schema\\\/person\\\/301c4acf522bccbfdb45af95b5b906a1\"},\"headline\":\"PARAB\u00c9NS RAIMUNDO AMARILDO, 52 ANOS DE R\u00c1DIO\",\"datePublished\":\"2017-03-31T18:00:10+00:00\",\"dateModified\":\"2017-03-31T18:04:59+00:00\",\"mainEntityOfPage\":{\"@id\":\"https:\\\/\\\/blogdofarnesio.com.br\\\/?p=162565\"},\"wordCount\":406,\"commentCount\":0,\"publisher\":{\"@id\":\"https:\\\/\\\/blogdofarnesio.com.br\\\/#organization\"},\"image\":{\"@id\":\"https:\\\/\\\/blogdofarnesio.com.br\\\/?p=162565#primaryimage\"},\"thumbnailUrl\":\"https:\\\/\\\/blogdofarnesio.com.br\\\/wp-content\\\/uploads\\\/2017\\\/03\\\/blogqsp-Raimundo-Campos-Silva.jpg\",\"articleSection\":[\"Confraterniza\u00e7\u00f5es\"],\"inLanguage\":\"pt-BR\",\"potentialAction\":[{\"@type\":\"CommentAction\",\"name\":\"Comment\",\"target\":[\"https:\\\/\\\/blogdofarnesio.com.br\\\/?p=162565#respond\"]}]},{\"@type\":\"WebPage\",\"@id\":\"https:\\\/\\\/blogdofarnesio.com.br\\\/?p=162565\",\"url\":\"https:\\\/\\\/blogdofarnesio.com.br\\\/?p=162565\",\"name\":\"PARAB\u00c9NS RAIMUNDO AMARILDO, 52 ANOS DE R\u00c1DIO - Blog do Farn\u00e9sio\",\"isPartOf\":{\"@id\":\"https:\\\/\\\/blogdofarnesio.com.br\\\/#website\"},\"primaryImageOfPage\":{\"@id\":\"https:\\\/\\\/blogdofarnesio.com.br\\\/?p=162565#primaryimage\"},\"image\":{\"@id\":\"https:\\\/\\\/blogdofarnesio.com.br\\\/?p=162565#primaryimage\"},\"thumbnailUrl\":\"https:\\\/\\\/blogdofarnesio.com.br\\\/wp-content\\\/uploads\\\/2017\\\/03\\\/blogqsp-Raimundo-Campos-Silva.jpg\",\"datePublished\":\"2017-03-31T18:00:10+00:00\",\"dateModified\":\"2017-03-31T18:04:59+00:00\",\"breadcrumb\":{\"@id\":\"https:\\\/\\\/blogdofarnesio.com.br\\\/?p=162565#breadcrumb\"},\"inLanguage\":\"pt-BR\",\"potentialAction\":[{\"@type\":\"ReadAction\",\"target\":[\"https:\\\/\\\/blogdofarnesio.com.br\\\/?p=162565\"]}]},{\"@type\":\"ImageObject\",\"inLanguage\":\"pt-BR\",\"@id\":\"https:\\\/\\\/blogdofarnesio.com.br\\\/?p=162565#primaryimage\",\"url\":\"https:\\\/\\\/blogdofarnesio.com.br\\\/wp-content\\\/uploads\\\/2017\\\/03\\\/blogqsp-Raimundo-Campos-Silva.jpg\",\"contentUrl\":\"https:\\\/\\\/blogdofarnesio.com.br\\\/wp-content\\\/uploads\\\/2017\\\/03\\\/blogqsp-Raimundo-Campos-Silva.jpg\",\"width\":424,\"height\":368},{\"@type\":\"BreadcrumbList\",\"@id\":\"https:\\\/\\\/blogdofarnesio.com.br\\\/?p=162565#breadcrumb\",\"itemListElement\":[{\"@type\":\"ListItem\",\"position\":1,\"name\":\"In\u00edcio\",\"item\":\"https:\\\/\\\/blogdofarnesio.com.br\\\/\"},{\"@type\":\"ListItem\",\"position\":2,\"name\":\"PARAB\u00c9NS RAIMUNDO AMARILDO, 52 ANOS DE R\u00c1DIO\"}]},{\"@type\":\"WebSite\",\"@id\":\"https:\\\/\\\/blogdofarnesio.com.br\\\/#website\",\"url\":\"https:\\\/\\\/blogdofarnesio.com.br\\\/\",\"name\":\"Blog do Farn\u00e9sio\",\"description\":\"Quer Saber Pol\u00edtica?\",\"publisher\":{\"@id\":\"https:\\\/\\\/blogdofarnesio.com.br\\\/#organization\"},\"potentialAction\":[{\"@type\":\"SearchAction\",\"target\":{\"@type\":\"EntryPoint\",\"urlTemplate\":\"https:\\\/\\\/blogdofarnesio.com.br\\\/?s={search_term_string}\"},\"query-input\":{\"@type\":\"PropertyValueSpecification\",\"valueRequired\":true,\"valueName\":\"search_term_string\"}}],\"inLanguage\":\"pt-BR\"},{\"@type\":\"Organization\",\"@id\":\"https:\\\/\\\/blogdofarnesio.com.br\\\/#organization\",\"name\":\"Blog do Farn\u00e9sio\",\"url\":\"https:\\\/\\\/blogdofarnesio.com.br\\\/\",\"logo\":{\"@type\":\"ImageObject\",\"inLanguage\":\"pt-BR\",\"@id\":\"https:\\\/\\\/blogdofarnesio.com.br\\\/#\\\/schema\\\/logo\\\/image\\\/\",\"url\":\"https:\\\/\\\/blogdofarnesio.com.br\\\/wp-content\\\/uploads\\\/2026\\\/03\\\/cropped-logo_new-1.png\",\"contentUrl\":\"https:\\\/\\\/blogdofarnesio.com.br\\\/wp-content\\\/uploads\\\/2026\\\/03\\\/cropped-logo_new-1.png\",\"width\":881,\"height\":685,\"caption\":\"Blog do Farn\u00e9sio\"},\"image\":{\"@id\":\"https:\\\/\\\/blogdofarnesio.com.br\\\/#\\\/schema\\\/logo\\\/image\\\/\"},\"sameAs\":[\"https:\\\/\\\/www.facebook.com\\\/BlogQuerSaberPolitica\\\/\"]},{\"@type\":\"Person\",\"@id\":\"https:\\\/\\\/blogdofarnesio.com.br\\\/#\\\/schema\\\/person\\\/301c4acf522bccbfdb45af95b5b906a1\",\"name\":\"Farn\u00e9sio\",\"image\":{\"@type\":\"ImageObject\",\"inLanguage\":\"pt-BR\",\"@id\":\"https:\\\/\\\/secure.gravatar.com\\\/avatar\\\/df0c9a14567c056f8ad6876ba5bbd1e3e2c48023eb6807342fc4663adf549f38?s=96&d=mm&r=g\",\"url\":\"https:\\\/\\\/secure.gravatar.com\\\/avatar\\\/df0c9a14567c056f8ad6876ba5bbd1e3e2c48023eb6807342fc4663adf549f38?s=96&d=mm&r=g\",\"contentUrl\":\"https:\\\/\\\/secure.gravatar.com\\\/avatar\\\/df0c9a14567c056f8ad6876ba5bbd1e3e2c48023eb6807342fc4663adf549f38?s=96&d=mm&r=g\",\"caption\":\"Farn\u00e9sio\"},\"sameAs\":[\"https:\\\/\\\/quersaberpolitica.com.br\"],\"url\":\"https:\\\/\\\/blogdofarnesio.com.br\\\/?author=1\"}]}<\/script>\n<!-- \/ Yoast SEO plugin. -->","yoast_head_json":{"title":"PARAB\u00c9NS RAIMUNDO AMARILDO, 52 ANOS DE R\u00c1DIO - Blog do Farn\u00e9sio","robots":{"index":"index","follow":"follow","max-snippet":"max-snippet:-1","max-image-preview":"max-image-preview:large","max-video-preview":"max-video-preview:-1"},"canonical":"https:\/\/blogdofarnesio.com.br\/?p=162565","og_locale":"pt_BR","og_type":"article","og_title":"PARAB\u00c9NS RAIMUNDO AMARILDO, 52 ANOS DE R\u00c1DIO - Blog do Farn\u00e9sio","og_description":"Raimundo Campos Silva conhecido popularmente como \u201c Raimundo Amarildo \u201c em alus\u00e3o ao grande craque AMARILDO do Botafogo Futebol Regatas time do seu cora\u00e7\u00e3o, nascido na cidade de Petrolina- PE, mas, Juazeirense por ado\u00e7\u00e3o tendo recebido t\u00edtulo de cidadania atrav\u00e9s do Vereador Valmir Camp\u00ealo. Amarildo, um defensor aguerrido e apaixonado pelo futebol, treinou diversas equipes sendo campe\u00e3o v\u00e1rias vezes como treinador, inclusive, da Sele\u00e7\u00e3o Municipal e pelas tradi\u00e7\u00f5es locais como o carnaval, ele j\u00e1 apresentou o Programa \u201c Coisas do Carnaval \u201d com os radialistas Geraldo Jos\u00e9 e Geraldo Messias\u201d justamente nasceu a\u00ed neste per\u00edodo, o envolvimento com a cultura popular que lhe deu respaldo para o r\u00e1dio. Dono de um timbre de voz inigual\u00e1vel e de uma linguagem carregada&hellip;","og_url":"https:\/\/blogdofarnesio.com.br\/?p=162565","og_site_name":"Blog do Farn\u00e9sio","article_publisher":"https:\/\/www.facebook.com\/BlogQuerSaberPolitica\/","article_published_time":"2017-03-31T18:00:10+00:00","article_modified_time":"2017-03-31T18:04:59+00:00","og_image":[{"width":424,"height":368,"url":"https:\/\/blogdofarnesio.com.br\/wp-content\/uploads\/2017\/03\/blogqsp-Raimundo-Campos-Silva.jpg","type":"image\/jpeg"}],"author":"Farn\u00e9sio","twitter_card":"summary_large_image","twitter_misc":{"Escrito por":"Farn\u00e9sio","Est. tempo de leitura":"2 minutos"},"schema":{"@context":"https:\/\/schema.org","@graph":[{"@type":"Article","@id":"https:\/\/blogdofarnesio.com.br\/?p=162565#article","isPartOf":{"@id":"https:\/\/blogdofarnesio.com.br\/?p=162565"},"author":{"name":"Farn\u00e9sio","@id":"https:\/\/blogdofarnesio.com.br\/#\/schema\/person\/301c4acf522bccbfdb45af95b5b906a1"},"headline":"PARAB\u00c9NS RAIMUNDO AMARILDO, 52 ANOS DE R\u00c1DIO","datePublished":"2017-03-31T18:00:10+00:00","dateModified":"2017-03-31T18:04:59+00:00","mainEntityOfPage":{"@id":"https:\/\/blogdofarnesio.com.br\/?p=162565"},"wordCount":406,"commentCount":0,"publisher":{"@id":"https:\/\/blogdofarnesio.com.br\/#organization"},"image":{"@id":"https:\/\/blogdofarnesio.com.br\/?p=162565#primaryimage"},"thumbnailUrl":"https:\/\/blogdofarnesio.com.br\/wp-content\/uploads\/2017\/03\/blogqsp-Raimundo-Campos-Silva.jpg","articleSection":["Confraterniza\u00e7\u00f5es"],"inLanguage":"pt-BR","potentialAction":[{"@type":"CommentAction","name":"Comment","target":["https:\/\/blogdofarnesio.com.br\/?p=162565#respond"]}]},{"@type":"WebPage","@id":"https:\/\/blogdofarnesio.com.br\/?p=162565","url":"https:\/\/blogdofarnesio.com.br\/?p=162565","name":"PARAB\u00c9NS RAIMUNDO AMARILDO, 52 ANOS DE R\u00c1DIO - Blog do Farn\u00e9sio","isPartOf":{"@id":"https:\/\/blogdofarnesio.com.br\/#website"},"primaryImageOfPage":{"@id":"https:\/\/blogdofarnesio.com.br\/?p=162565#primaryimage"},"image":{"@id":"https:\/\/blogdofarnesio.com.br\/?p=162565#primaryimage"},"thumbnailUrl":"https:\/\/blogdofarnesio.com.br\/wp-content\/uploads\/2017\/03\/blogqsp-Raimundo-Campos-Silva.jpg","datePublished":"2017-03-31T18:00:10+00:00","dateModified":"2017-03-31T18:04:59+00:00","breadcrumb":{"@id":"https:\/\/blogdofarnesio.com.br\/?p=162565#breadcrumb"},"inLanguage":"pt-BR","potentialAction":[{"@type":"ReadAction","target":["https:\/\/blogdofarnesio.com.br\/?p=162565"]}]},{"@type":"ImageObject","inLanguage":"pt-BR","@id":"https:\/\/blogdofarnesio.com.br\/?p=162565#primaryimage","url":"https:\/\/blogdofarnesio.com.br\/wp-content\/uploads\/2017\/03\/blogqsp-Raimundo-Campos-Silva.jpg","contentUrl":"https:\/\/blogdofarnesio.com.br\/wp-content\/uploads\/2017\/03\/blogqsp-Raimundo-Campos-Silva.jpg","width":424,"height":368},{"@type":"BreadcrumbList","@id":"https:\/\/blogdofarnesio.com.br\/?p=162565#breadcrumb","itemListElement":[{"@type":"ListItem","position":1,"name":"In\u00edcio","item":"https:\/\/blogdofarnesio.com.br\/"},{"@type":"ListItem","position":2,"name":"PARAB\u00c9NS RAIMUNDO AMARILDO, 52 ANOS DE R\u00c1DIO"}]},{"@type":"WebSite","@id":"https:\/\/blogdofarnesio.com.br\/#website","url":"https:\/\/blogdofarnesio.com.br\/","name":"Blog do Farn\u00e9sio","description":"Quer Saber Pol\u00edtica?","publisher":{"@id":"https:\/\/blogdofarnesio.com.br\/#organization"},"potentialAction":[{"@type":"SearchAction","target":{"@type":"EntryPoint","urlTemplate":"https:\/\/blogdofarnesio.com.br\/?s={search_term_string}"},"query-input":{"@type":"PropertyValueSpecification","valueRequired":true,"valueName":"search_term_string"}}],"inLanguage":"pt-BR"},{"@type":"Organization","@id":"https:\/\/blogdofarnesio.com.br\/#organization","name":"Blog do Farn\u00e9sio","url":"https:\/\/blogdofarnesio.com.br\/","logo":{"@type":"ImageObject","inLanguage":"pt-BR","@id":"https:\/\/blogdofarnesio.com.br\/#\/schema\/logo\/image\/","url":"https:\/\/blogdofarnesio.com.br\/wp-content\/uploads\/2026\/03\/cropped-logo_new-1.png","contentUrl":"https:\/\/blogdofarnesio.com.br\/wp-content\/uploads\/2026\/03\/cropped-logo_new-1.png","width":881,"height":685,"caption":"Blog do Farn\u00e9sio"},"image":{"@id":"https:\/\/blogdofarnesio.com.br\/#\/schema\/logo\/image\/"},"sameAs":["https:\/\/www.facebook.com\/BlogQuerSaberPolitica\/"]},{"@type":"Person","@id":"https:\/\/blogdofarnesio.com.br\/#\/schema\/person\/301c4acf522bccbfdb45af95b5b906a1","name":"Farn\u00e9sio","image":{"@type":"ImageObject","inLanguage":"pt-BR","@id":"https:\/\/secure.gravatar.com\/avatar\/df0c9a14567c056f8ad6876ba5bbd1e3e2c48023eb6807342fc4663adf549f38?s=96&d=mm&r=g","url":"https:\/\/secure.gravatar.com\/avatar\/df0c9a14567c056f8ad6876ba5bbd1e3e2c48023eb6807342fc4663adf549f38?s=96&d=mm&r=g","contentUrl":"https:\/\/secure.gravatar.com\/avatar\/df0c9a14567c056f8ad6876ba5bbd1e3e2c48023eb6807342fc4663adf549f38?s=96&d=mm&r=g","caption":"Farn\u00e9sio"},"sameAs":["https:\/\/quersaberpolitica.com.br"],"url":"https:\/\/blogdofarnesio.com.br\/?author=1"}]}},"_links":{"self":[{"href":"https:\/\/blogdofarnesio.com.br\/index.php?rest_route=\/wp\/v2\/posts\/162565","targetHints":{"allow":["GET"]}}],"collection":[{"href":"https:\/\/blogdofarnesio.com.br\/index.php?rest_route=\/wp\/v2\/posts"}],"about":[{"href":"https:\/\/blogdofarnesio.com.br\/index.php?rest_route=\/wp\/v2\/types\/post"}],"author":[{"embeddable":true,"href":"https:\/\/blogdofarnesio.com.br\/index.php?rest_route=\/wp\/v2\/users\/1"}],"replies":[{"embeddable":true,"href":"https:\/\/blogdofarnesio.com.br\/index.php?rest_route=%2Fwp%2Fv2%2Fcomments&post=162565"}],"version-history":[{"count":0,"href":"https:\/\/blogdofarnesio.com.br\/index.php?rest_route=\/wp\/v2\/posts\/162565\/revisions"}],"wp:featuredmedia":[{"embeddable":true,"href":"https:\/\/blogdofarnesio.com.br\/index.php?rest_route=\/wp\/v2\/media\/162566"}],"wp:attachment":[{"href":"https:\/\/blogdofarnesio.com.br\/index.php?rest_route=%2Fwp%2Fv2%2Fmedia&parent=162565"}],"wp:term":[{"taxonomy":"category","embeddable":true,"href":"https:\/\/blogdofarnesio.com.br\/index.php?rest_route=%2Fwp%2Fv2%2Fcategories&post=162565"},{"taxonomy":"post_tag","embeddable":true,"href":"https:\/\/blogdofarnesio.com.br\/index.php?rest_route=%2Fwp%2Fv2%2Ftags&post=162565"}],"curies":[{"name":"wp","href":"https:\/\/api.w.org\/{rel}","templated":true}]}}