{"id":162551,"date":"2017-03-30T21:19:12","date_gmt":"2017-03-31T00:19:12","guid":{"rendered":"http:\/\/quersaberpolitica.com.br\/2016\/?p=162551"},"modified":"2017-03-30T21:22:11","modified_gmt":"2017-03-31T00:22:11","slug":"tragedia-a-caminho-da-escola","status":"publish","type":"post","link":"https:\/\/blogdofarnesio.com.br\/?p=162551","title":{"rendered":"TRAG\u00c9DIA A CAMINHO DA ESCOLA"},"content":{"rendered":"<h1 class=\"post_title\" style=\"text-align: center;\">Colis\u00e3o entre dois \u00f4nibus escolares deixa mortos e feridos entre cidades do Agreste<\/h1>\n<ul class=\"post_details row\">\n<li class=\"detail author\">Por <a title=\"7 Segundos Arapiraca\">7 Segundos Arapiraca<\/a><\/li>\n<\/ul>\n<div class=\"row page_margin_top_section\">\n<div class=\"horizontal_carousel_container thin page_margin_top gallery_control\"><\/div>\n<div id=\"control-by-post-gallery\" class=\"horizontal_carousel_container big margin_top_10\">\n<div class=\"caroufredsel_wrapper caroufredsel_wrapper_hortizontal_carousel\">\n<ul id=\"post-gallery\" class=\"horizontal_carousel visible-1 autoplay-0 scroll-1 navigation-1 easing-easeInOutQuint duration-750 pr_preloader_1\">\n<li id=\"horizontal_slide_1_1\">H\u00e1 informa\u00e7\u00e3o de que os dois motoristas morreram e muitos estudantes est\u00e3o presos \u00e0s ferragens dos \u00f4nibus<\/li>\n<\/ul>\n<\/div>\n<\/div>\n<\/div>\n<div class=\"post_content page_margin_top_section row\">\n<div class=\"content_box\">\n<p>Uma\u00a0colis\u00e3o frontal entre dois \u00f4nibus escolares foi registrada, no in\u00edcio da noite desta quinta-feira (30), entre as cidades de S\u00e3o Sebasti\u00e3o e Arapiraca, na Rodovia Estadual AL-110, no Agreste de Alagoas. As primeiras informa\u00e7\u00f5es afirmam que o \u00f4nibus escolar de Teot\u00f4nio Vilela estava transportando universit\u00e1rios da cidade e de Junqueiro tamb\u00e9m.<\/p>\n<p>Fotos recebidas pelo <strong>Portal 7 Segundos<\/strong>, s\u00e3o de um choque violento entre os ve\u00edculos, com destrui\u00e7\u00e3o total da dianteira dos dois. No \u00f4nibus de Teot\u00f4nio Vilela morreram o motorista e tr\u00eas universit\u00e1rios. O \u00f4nibus escolar de Teot\u00f4nio Vilela seguia de Arapiraca para Teot\u00f4nio. J\u00e1 o \u00f4nibus de Junqueiro, seguia para Arapiraca.\u00a0Muitos corpos est\u00e3o presos \u00e0s ferragens.<\/p>\n<p><a class=\"prettyPhoto\" title=\"Acidente entre dois \u00f4nibus escolares deixa mortos e feridos no Agreste de Alagoas - Cortesia\" href=\"http:\/\/img.7segundos.com.br\/lF5co5COckbiaJQ0A0KJ5s5Xj1s=\/690x450\/smart\/s3.7segundos.com.br\/uploads\/imagens\/69746-cbba570c_c40d_4916_bbd8_d09a471a3b38_jpg.jpeg\"><img decoding=\"async\" class=\"lazy img aligncenter\" src=\"http:\/\/img.7segundos.com.br\/RfgVB18FwXuZ7KaxkaYZSo_nf90=\/690x450\/smart\/filters:quality(30)\/s3.7segundos.com.br\/uploads\/imagens\/69746-cbba570c_c40d_4916_bbd8_d09a471a3b38_jpg.jpeg\" alt=\"\" data-original=\"http:\/\/img.7segundos.com.br\/lF5co5COckbiaJQ0A0KJ5s5Xj1s=\/690x450\/smart\/s3.7segundos.com.br\/uploads\/imagens\/69746-cbba570c_c40d_4916_bbd8_d09a471a3b38_jpg.jpeg\" \/><\/a>J\u00e1 a Pol\u00edcia Militar\u00a0de S\u00e3o Sebasti\u00e3o informou que\u00a0j\u00e1 foram constatados 7 mortes. Os dois motoristas, um deles identificado como Ot\u00e1vio, que era condutor do \u00f4nibus de Teot\u00f4nio, e mais cinco estudantes. A prioridade\u00a0resgatar os que ainda est\u00e3o com vida, os corpos ainda est\u00e3o presos \u00e0s ferragens. As demais v\u00edtimas fatais ainda n\u00e3o foram identificadas.<\/p>\n<p>A Pol\u00edcia Rodovi\u00e1ria Federal est\u00e1 com equipes no local do acidente, assim como equipes do\u00a0Corpo de Bombeiros e 10 ambul\u00e2ncias do Servi\u00e7o de Atendimento M\u00f3vel de Urg\u00eancia (Samu), dos munic\u00edpios de Teot\u00f4nio Vilela, Junqueiro e S\u00e3o Sebasti\u00e3o, foram acionadas para resgatar as v\u00edtimas e encaminhar os feridos para os hospitais das cidades pr\u00f3ximas.<\/p>\n<p><a class=\"prettyPhoto\" title=\"Acidente entre dois \u00f4nibus escolares deixa mortos e feridos no Agreste de Alagoas - Cortesia\" href=\"http:\/\/img.7segundos.com.br\/euktgGmrdF2_9dVJwFfdJUb3ym4=\/690x450\/smart\/s3.7segundos.com.br\/uploads\/imagens\/69744-7eedfa67_6e5b_4518_b3ea_204f8476d6f2_jpg.jpeg\"><img decoding=\"async\" class=\"lazy img aligncenter\" src=\"http:\/\/img.7segundos.com.br\/rRiA2Y_-b9xuXVU84yKK8f0OHIw=\/690x450\/smart\/filters:quality(30)\/s3.7segundos.com.br\/uploads\/imagens\/69744-7eedfa67_6e5b_4518_b3ea_204f8476d6f2_jpg.jpeg\" alt=\"\" data-original=\"http:\/\/img.7segundos.com.br\/euktgGmrdF2_9dVJwFfdJUb3ym4=\/690x450\/smart\/s3.7segundos.com.br\/uploads\/imagens\/69744-7eedfa67_6e5b_4518_b3ea_204f8476d6f2_jpg.jpeg\" \/><\/a>Equipes da PM de Teot\u00f4nio Vilela, Junqueiro, S\u00e3o Sebasti\u00e3o e do 3\u00ba Batalh\u00e3o tamb\u00e9m est\u00e3o no local. Al\u00e9m do\u00a0secret\u00e1rio de transportes de Teot\u00f4nio Vilela, Jos\u00e9 Claudionor.<\/p>\n<p><strong>Testemunhas<\/strong><\/p>\n<p>O relato de testemunhas que est\u00e3o presenciando o acidente \u00e9 assustador. Segundo informa\u00e7\u00f5es de \u00e1udios que chegam \u00e0 reda\u00e7\u00e3o do <strong>7 Segundos <\/strong>h\u00e1 corpos na pista e presos \u00e0s ferragens dos \u00f4nibus. V\u00e1rias viaturas das equipes de resgatem est\u00e3o trabalhando no socorro \u00e0s v\u00edtimas.<\/p>\n<p>As informa\u00e7\u00f5es que chegam tamb\u00e9m afirmam que nos \u00f4nibus tinham estudantes da Universidade Estadual de Alagoas (Uneal), de Arapiraca. A equipe de reportagem do <strong>7 Segundos <\/strong>est\u00e1 no local do acidente para registrar a trag\u00e9dia.<\/p>\n<p>O relato do rep\u00f3rter J\u00f4natas Pedro \u00e9\u00a0de que os dois motoristas morreram e com o impacto frontal entre os dois \u00f4nibus muits corpos foram arremessados para a pista, na Rodovia Estadual AL-110, sentido S\u00e3o Sebasti\u00e3o-Arapiraca.<\/p>\n<\/div>\n<\/div>\n","protected":false},"excerpt":{"rendered":"<p>Colis\u00e3o entre dois \u00f4nibus escolares deixa mortos e feridos entre cidades do Agreste Por 7 Segundos Arapiraca H\u00e1 informa\u00e7\u00e3o de que os dois motoristas morreram e muitos estudantes est\u00e3o presos \u00e0s ferragens dos \u00f4nibus Uma\u00a0colis\u00e3o frontal entre dois \u00f4nibus escolares foi registrada, no in\u00edcio da noite desta quinta-feira (30), entre as cidades de S\u00e3o Sebasti\u00e3o e Arapiraca, na Rodovia Estadual AL-110, no Agreste de Alagoas. As primeiras informa\u00e7\u00f5es afirmam que o \u00f4nibus escolar de Teot\u00f4nio Vilela estava transportando universit\u00e1rios da cidade e de Junqueiro tamb\u00e9m. Fotos recebidas pelo Portal 7 Segundos, s\u00e3o de um choque violento entre os ve\u00edculos, com destrui\u00e7\u00e3o total da dianteira dos dois. No \u00f4nibus de Teot\u00f4nio Vilela morreram o motorista e tr\u00eas universit\u00e1rios. O \u00f4nibus escolar&hellip; <\/p>\n","protected":false},"author":1,"featured_media":162554,"comment_status":"open","ping_status":"open","sticky":false,"template":"","format":"standard","meta":{"_acf_changed":false,"footnotes":""},"categories":[1],"tags":[],"class_list":["post-162551","post","type-post","status-publish","format-standard","has-post-thumbnail","hentry","category-politica"],"acf":[],"yoast_head":"<!-- This site is optimized with the Yoast SEO plugin v27.4 - https:\/\/yoast.com\/product\/yoast-seo-wordpress\/ -->\n<title>TRAG\u00c9DIA A CAMINHO DA ESCOLA - Blog do Farn\u00e9sio<\/title>\n<meta name=\"robots\" content=\"index, follow, max-snippet:-1, max-image-preview:large, max-video-preview:-1\" \/>\n<link rel=\"canonical\" href=\"https:\/\/blogdofarnesio.com.br\/?p=162551\" \/>\n<meta property=\"og:locale\" content=\"pt_BR\" \/>\n<meta property=\"og:type\" content=\"article\" \/>\n<meta property=\"og:title\" content=\"TRAG\u00c9DIA A CAMINHO DA ESCOLA - Blog do Farn\u00e9sio\" \/>\n<meta property=\"og:description\" content=\"Colis\u00e3o entre dois \u00f4nibus escolares deixa mortos e feridos entre cidades do Agreste Por 7 Segundos Arapiraca H\u00e1 informa\u00e7\u00e3o de que os dois motoristas morreram e muitos estudantes est\u00e3o presos \u00e0s ferragens dos \u00f4nibus Uma\u00a0colis\u00e3o frontal entre dois \u00f4nibus escolares foi registrada, no in\u00edcio da noite desta quinta-feira (30), entre as cidades de S\u00e3o Sebasti\u00e3o e Arapiraca, na Rodovia Estadual AL-110, no Agreste de Alagoas. As primeiras informa\u00e7\u00f5es afirmam que o \u00f4nibus escolar de Teot\u00f4nio Vilela estava transportando universit\u00e1rios da cidade e de Junqueiro tamb\u00e9m. Fotos recebidas pelo Portal 7 Segundos, s\u00e3o de um choque violento entre os ve\u00edculos, com destrui\u00e7\u00e3o total da dianteira dos dois. No \u00f4nibus de Teot\u00f4nio Vilela morreram o motorista e tr\u00eas universit\u00e1rios. O \u00f4nibus escolar&hellip;\" \/>\n<meta property=\"og:url\" content=\"https:\/\/blogdofarnesio.com.br\/?p=162551\" \/>\n<meta property=\"og:site_name\" content=\"Blog do Farn\u00e9sio\" \/>\n<meta property=\"article:publisher\" content=\"https:\/\/www.facebook.com\/BlogQuerSaberPolitica\/\" \/>\n<meta property=\"article:published_time\" content=\"2017-03-31T00:19:12+00:00\" \/>\n<meta property=\"article:modified_time\" content=\"2017-03-31T00:22:11+00:00\" \/>\n<meta property=\"og:image\" content=\"https:\/\/blogdofarnesio.com.br\/wp-content\/uploads\/2017\/03\/blogqspcolisaoonibusescolares.jpeg\" \/>\n\t<meta property=\"og:image:width\" content=\"690\" \/>\n\t<meta property=\"og:image:height\" content=\"450\" \/>\n\t<meta property=\"og:image:type\" content=\"image\/jpeg\" \/>\n<meta name=\"author\" content=\"Farn\u00e9sio\" \/>\n<meta name=\"twitter:card\" content=\"summary_large_image\" \/>\n<meta name=\"twitter:label1\" content=\"Escrito por\" \/>\n\t<meta name=\"twitter:data1\" content=\"Farn\u00e9sio\" \/>\n\t<meta name=\"twitter:label2\" content=\"Est. tempo de leitura\" \/>\n\t<meta name=\"twitter:data2\" content=\"2 minutos\" \/>\n<script type=\"application\/ld+json\" class=\"yoast-schema-graph\">{\"@context\":\"https:\\\/\\\/schema.org\",\"@graph\":[{\"@type\":\"Article\",\"@id\":\"https:\\\/\\\/blogdofarnesio.com.br\\\/?p=162551#article\",\"isPartOf\":{\"@id\":\"https:\\\/\\\/blogdofarnesio.com.br\\\/?p=162551\"},\"author\":{\"name\":\"Farn\u00e9sio\",\"@id\":\"https:\\\/\\\/blogdofarnesio.com.br\\\/#\\\/schema\\\/person\\\/301c4acf522bccbfdb45af95b5b906a1\"},\"headline\":\"TRAG\u00c9DIA A CAMINHO DA ESCOLA\",\"datePublished\":\"2017-03-31T00:19:12+00:00\",\"dateModified\":\"2017-03-31T00:22:11+00:00\",\"mainEntityOfPage\":{\"@id\":\"https:\\\/\\\/blogdofarnesio.com.br\\\/?p=162551\"},\"wordCount\":455,\"commentCount\":0,\"publisher\":{\"@id\":\"https:\\\/\\\/blogdofarnesio.com.br\\\/#organization\"},\"image\":{\"@id\":\"https:\\\/\\\/blogdofarnesio.com.br\\\/?p=162551#primaryimage\"},\"thumbnailUrl\":\"https:\\\/\\\/blogdofarnesio.com.br\\\/wp-content\\\/uploads\\\/2017\\\/03\\\/blogqspcolisaoonibusescolares.jpeg\",\"articleSection\":[\"Pol\u00edtica\"],\"inLanguage\":\"pt-BR\",\"potentialAction\":[{\"@type\":\"CommentAction\",\"name\":\"Comment\",\"target\":[\"https:\\\/\\\/blogdofarnesio.com.br\\\/?p=162551#respond\"]}]},{\"@type\":\"WebPage\",\"@id\":\"https:\\\/\\\/blogdofarnesio.com.br\\\/?p=162551\",\"url\":\"https:\\\/\\\/blogdofarnesio.com.br\\\/?p=162551\",\"name\":\"TRAG\u00c9DIA A CAMINHO DA ESCOLA - Blog do Farn\u00e9sio\",\"isPartOf\":{\"@id\":\"https:\\\/\\\/blogdofarnesio.com.br\\\/#website\"},\"primaryImageOfPage\":{\"@id\":\"https:\\\/\\\/blogdofarnesio.com.br\\\/?p=162551#primaryimage\"},\"image\":{\"@id\":\"https:\\\/\\\/blogdofarnesio.com.br\\\/?p=162551#primaryimage\"},\"thumbnailUrl\":\"https:\\\/\\\/blogdofarnesio.com.br\\\/wp-content\\\/uploads\\\/2017\\\/03\\\/blogqspcolisaoonibusescolares.jpeg\",\"datePublished\":\"2017-03-31T00:19:12+00:00\",\"dateModified\":\"2017-03-31T00:22:11+00:00\",\"breadcrumb\":{\"@id\":\"https:\\\/\\\/blogdofarnesio.com.br\\\/?p=162551#breadcrumb\"},\"inLanguage\":\"pt-BR\",\"potentialAction\":[{\"@type\":\"ReadAction\",\"target\":[\"https:\\\/\\\/blogdofarnesio.com.br\\\/?p=162551\"]}]},{\"@type\":\"ImageObject\",\"inLanguage\":\"pt-BR\",\"@id\":\"https:\\\/\\\/blogdofarnesio.com.br\\\/?p=162551#primaryimage\",\"url\":\"https:\\\/\\\/blogdofarnesio.com.br\\\/wp-content\\\/uploads\\\/2017\\\/03\\\/blogqspcolisaoonibusescolares.jpeg\",\"contentUrl\":\"https:\\\/\\\/blogdofarnesio.com.br\\\/wp-content\\\/uploads\\\/2017\\\/03\\\/blogqspcolisaoonibusescolares.jpeg\",\"width\":690,\"height\":450},{\"@type\":\"BreadcrumbList\",\"@id\":\"https:\\\/\\\/blogdofarnesio.com.br\\\/?p=162551#breadcrumb\",\"itemListElement\":[{\"@type\":\"ListItem\",\"position\":1,\"name\":\"In\u00edcio\",\"item\":\"https:\\\/\\\/blogdofarnesio.com.br\\\/\"},{\"@type\":\"ListItem\",\"position\":2,\"name\":\"TRAG\u00c9DIA A CAMINHO DA ESCOLA\"}]},{\"@type\":\"WebSite\",\"@id\":\"https:\\\/\\\/blogdofarnesio.com.br\\\/#website\",\"url\":\"https:\\\/\\\/blogdofarnesio.com.br\\\/\",\"name\":\"Blog do Farn\u00e9sio\",\"description\":\"Quer Saber Pol\u00edtica?\",\"publisher\":{\"@id\":\"https:\\\/\\\/blogdofarnesio.com.br\\\/#organization\"},\"potentialAction\":[{\"@type\":\"SearchAction\",\"target\":{\"@type\":\"EntryPoint\",\"urlTemplate\":\"https:\\\/\\\/blogdofarnesio.com.br\\\/?s={search_term_string}\"},\"query-input\":{\"@type\":\"PropertyValueSpecification\",\"valueRequired\":true,\"valueName\":\"search_term_string\"}}],\"inLanguage\":\"pt-BR\"},{\"@type\":\"Organization\",\"@id\":\"https:\\\/\\\/blogdofarnesio.com.br\\\/#organization\",\"name\":\"Blog do Farn\u00e9sio\",\"url\":\"https:\\\/\\\/blogdofarnesio.com.br\\\/\",\"logo\":{\"@type\":\"ImageObject\",\"inLanguage\":\"pt-BR\",\"@id\":\"https:\\\/\\\/blogdofarnesio.com.br\\\/#\\\/schema\\\/logo\\\/image\\\/\",\"url\":\"https:\\\/\\\/blogdofarnesio.com.br\\\/wp-content\\\/uploads\\\/2026\\\/03\\\/cropped-logo_new-1.png\",\"contentUrl\":\"https:\\\/\\\/blogdofarnesio.com.br\\\/wp-content\\\/uploads\\\/2026\\\/03\\\/cropped-logo_new-1.png\",\"width\":881,\"height\":685,\"caption\":\"Blog do Farn\u00e9sio\"},\"image\":{\"@id\":\"https:\\\/\\\/blogdofarnesio.com.br\\\/#\\\/schema\\\/logo\\\/image\\\/\"},\"sameAs\":[\"https:\\\/\\\/www.facebook.com\\\/BlogQuerSaberPolitica\\\/\"]},{\"@type\":\"Person\",\"@id\":\"https:\\\/\\\/blogdofarnesio.com.br\\\/#\\\/schema\\\/person\\\/301c4acf522bccbfdb45af95b5b906a1\",\"name\":\"Farn\u00e9sio\",\"image\":{\"@type\":\"ImageObject\",\"inLanguage\":\"pt-BR\",\"@id\":\"https:\\\/\\\/secure.gravatar.com\\\/avatar\\\/df0c9a14567c056f8ad6876ba5bbd1e3e2c48023eb6807342fc4663adf549f38?s=96&d=mm&r=g\",\"url\":\"https:\\\/\\\/secure.gravatar.com\\\/avatar\\\/df0c9a14567c056f8ad6876ba5bbd1e3e2c48023eb6807342fc4663adf549f38?s=96&d=mm&r=g\",\"contentUrl\":\"https:\\\/\\\/secure.gravatar.com\\\/avatar\\\/df0c9a14567c056f8ad6876ba5bbd1e3e2c48023eb6807342fc4663adf549f38?s=96&d=mm&r=g\",\"caption\":\"Farn\u00e9sio\"},\"sameAs\":[\"https:\\\/\\\/quersaberpolitica.com.br\"],\"url\":\"https:\\\/\\\/blogdofarnesio.com.br\\\/?author=1\"}]}<\/script>\n<!-- \/ Yoast SEO plugin. -->","yoast_head_json":{"title":"TRAG\u00c9DIA A CAMINHO DA ESCOLA - Blog do Farn\u00e9sio","robots":{"index":"index","follow":"follow","max-snippet":"max-snippet:-1","max-image-preview":"max-image-preview:large","max-video-preview":"max-video-preview:-1"},"canonical":"https:\/\/blogdofarnesio.com.br\/?p=162551","og_locale":"pt_BR","og_type":"article","og_title":"TRAG\u00c9DIA A CAMINHO DA ESCOLA - Blog do Farn\u00e9sio","og_description":"Colis\u00e3o entre dois \u00f4nibus escolares deixa mortos e feridos entre cidades do Agreste Por 7 Segundos Arapiraca H\u00e1 informa\u00e7\u00e3o de que os dois motoristas morreram e muitos estudantes est\u00e3o presos \u00e0s ferragens dos \u00f4nibus Uma\u00a0colis\u00e3o frontal entre dois \u00f4nibus escolares foi registrada, no in\u00edcio da noite desta quinta-feira (30), entre as cidades de S\u00e3o Sebasti\u00e3o e Arapiraca, na Rodovia Estadual AL-110, no Agreste de Alagoas. As primeiras informa\u00e7\u00f5es afirmam que o \u00f4nibus escolar de Teot\u00f4nio Vilela estava transportando universit\u00e1rios da cidade e de Junqueiro tamb\u00e9m. Fotos recebidas pelo Portal 7 Segundos, s\u00e3o de um choque violento entre os ve\u00edculos, com destrui\u00e7\u00e3o total da dianteira dos dois. No \u00f4nibus de Teot\u00f4nio Vilela morreram o motorista e tr\u00eas universit\u00e1rios. O \u00f4nibus escolar&hellip;","og_url":"https:\/\/blogdofarnesio.com.br\/?p=162551","og_site_name":"Blog do Farn\u00e9sio","article_publisher":"https:\/\/www.facebook.com\/BlogQuerSaberPolitica\/","article_published_time":"2017-03-31T00:19:12+00:00","article_modified_time":"2017-03-31T00:22:11+00:00","og_image":[{"width":690,"height":450,"url":"https:\/\/blogdofarnesio.com.br\/wp-content\/uploads\/2017\/03\/blogqspcolisaoonibusescolares.jpeg","type":"image\/jpeg"}],"author":"Farn\u00e9sio","twitter_card":"summary_large_image","twitter_misc":{"Escrito por":"Farn\u00e9sio","Est. tempo de leitura":"2 minutos"},"schema":{"@context":"https:\/\/schema.org","@graph":[{"@type":"Article","@id":"https:\/\/blogdofarnesio.com.br\/?p=162551#article","isPartOf":{"@id":"https:\/\/blogdofarnesio.com.br\/?p=162551"},"author":{"name":"Farn\u00e9sio","@id":"https:\/\/blogdofarnesio.com.br\/#\/schema\/person\/301c4acf522bccbfdb45af95b5b906a1"},"headline":"TRAG\u00c9DIA A CAMINHO DA ESCOLA","datePublished":"2017-03-31T00:19:12+00:00","dateModified":"2017-03-31T00:22:11+00:00","mainEntityOfPage":{"@id":"https:\/\/blogdofarnesio.com.br\/?p=162551"},"wordCount":455,"commentCount":0,"publisher":{"@id":"https:\/\/blogdofarnesio.com.br\/#organization"},"image":{"@id":"https:\/\/blogdofarnesio.com.br\/?p=162551#primaryimage"},"thumbnailUrl":"https:\/\/blogdofarnesio.com.br\/wp-content\/uploads\/2017\/03\/blogqspcolisaoonibusescolares.jpeg","articleSection":["Pol\u00edtica"],"inLanguage":"pt-BR","potentialAction":[{"@type":"CommentAction","name":"Comment","target":["https:\/\/blogdofarnesio.com.br\/?p=162551#respond"]}]},{"@type":"WebPage","@id":"https:\/\/blogdofarnesio.com.br\/?p=162551","url":"https:\/\/blogdofarnesio.com.br\/?p=162551","name":"TRAG\u00c9DIA A CAMINHO DA ESCOLA - Blog do Farn\u00e9sio","isPartOf":{"@id":"https:\/\/blogdofarnesio.com.br\/#website"},"primaryImageOfPage":{"@id":"https:\/\/blogdofarnesio.com.br\/?p=162551#primaryimage"},"image":{"@id":"https:\/\/blogdofarnesio.com.br\/?p=162551#primaryimage"},"thumbnailUrl":"https:\/\/blogdofarnesio.com.br\/wp-content\/uploads\/2017\/03\/blogqspcolisaoonibusescolares.jpeg","datePublished":"2017-03-31T00:19:12+00:00","dateModified":"2017-03-31T00:22:11+00:00","breadcrumb":{"@id":"https:\/\/blogdofarnesio.com.br\/?p=162551#breadcrumb"},"inLanguage":"pt-BR","potentialAction":[{"@type":"ReadAction","target":["https:\/\/blogdofarnesio.com.br\/?p=162551"]}]},{"@type":"ImageObject","inLanguage":"pt-BR","@id":"https:\/\/blogdofarnesio.com.br\/?p=162551#primaryimage","url":"https:\/\/blogdofarnesio.com.br\/wp-content\/uploads\/2017\/03\/blogqspcolisaoonibusescolares.jpeg","contentUrl":"https:\/\/blogdofarnesio.com.br\/wp-content\/uploads\/2017\/03\/blogqspcolisaoonibusescolares.jpeg","width":690,"height":450},{"@type":"BreadcrumbList","@id":"https:\/\/blogdofarnesio.com.br\/?p=162551#breadcrumb","itemListElement":[{"@type":"ListItem","position":1,"name":"In\u00edcio","item":"https:\/\/blogdofarnesio.com.br\/"},{"@type":"ListItem","position":2,"name":"TRAG\u00c9DIA A CAMINHO DA ESCOLA"}]},{"@type":"WebSite","@id":"https:\/\/blogdofarnesio.com.br\/#website","url":"https:\/\/blogdofarnesio.com.br\/","name":"Blog do Farn\u00e9sio","description":"Quer Saber Pol\u00edtica?","publisher":{"@id":"https:\/\/blogdofarnesio.com.br\/#organization"},"potentialAction":[{"@type":"SearchAction","target":{"@type":"EntryPoint","urlTemplate":"https:\/\/blogdofarnesio.com.br\/?s={search_term_string}"},"query-input":{"@type":"PropertyValueSpecification","valueRequired":true,"valueName":"search_term_string"}}],"inLanguage":"pt-BR"},{"@type":"Organization","@id":"https:\/\/blogdofarnesio.com.br\/#organization","name":"Blog do Farn\u00e9sio","url":"https:\/\/blogdofarnesio.com.br\/","logo":{"@type":"ImageObject","inLanguage":"pt-BR","@id":"https:\/\/blogdofarnesio.com.br\/#\/schema\/logo\/image\/","url":"https:\/\/blogdofarnesio.com.br\/wp-content\/uploads\/2026\/03\/cropped-logo_new-1.png","contentUrl":"https:\/\/blogdofarnesio.com.br\/wp-content\/uploads\/2026\/03\/cropped-logo_new-1.png","width":881,"height":685,"caption":"Blog do Farn\u00e9sio"},"image":{"@id":"https:\/\/blogdofarnesio.com.br\/#\/schema\/logo\/image\/"},"sameAs":["https:\/\/www.facebook.com\/BlogQuerSaberPolitica\/"]},{"@type":"Person","@id":"https:\/\/blogdofarnesio.com.br\/#\/schema\/person\/301c4acf522bccbfdb45af95b5b906a1","name":"Farn\u00e9sio","image":{"@type":"ImageObject","inLanguage":"pt-BR","@id":"https:\/\/secure.gravatar.com\/avatar\/df0c9a14567c056f8ad6876ba5bbd1e3e2c48023eb6807342fc4663adf549f38?s=96&d=mm&r=g","url":"https:\/\/secure.gravatar.com\/avatar\/df0c9a14567c056f8ad6876ba5bbd1e3e2c48023eb6807342fc4663adf549f38?s=96&d=mm&r=g","contentUrl":"https:\/\/secure.gravatar.com\/avatar\/df0c9a14567c056f8ad6876ba5bbd1e3e2c48023eb6807342fc4663adf549f38?s=96&d=mm&r=g","caption":"Farn\u00e9sio"},"sameAs":["https:\/\/quersaberpolitica.com.br"],"url":"https:\/\/blogdofarnesio.com.br\/?author=1"}]}},"_links":{"self":[{"href":"https:\/\/blogdofarnesio.com.br\/index.php?rest_route=\/wp\/v2\/posts\/162551","targetHints":{"allow":["GET"]}}],"collection":[{"href":"https:\/\/blogdofarnesio.com.br\/index.php?rest_route=\/wp\/v2\/posts"}],"about":[{"href":"https:\/\/blogdofarnesio.com.br\/index.php?rest_route=\/wp\/v2\/types\/post"}],"author":[{"embeddable":true,"href":"https:\/\/blogdofarnesio.com.br\/index.php?rest_route=\/wp\/v2\/users\/1"}],"replies":[{"embeddable":true,"href":"https:\/\/blogdofarnesio.com.br\/index.php?rest_route=%2Fwp%2Fv2%2Fcomments&post=162551"}],"version-history":[{"count":0,"href":"https:\/\/blogdofarnesio.com.br\/index.php?rest_route=\/wp\/v2\/posts\/162551\/revisions"}],"wp:featuredmedia":[{"embeddable":true,"href":"https:\/\/blogdofarnesio.com.br\/index.php?rest_route=\/wp\/v2\/media\/162554"}],"wp:attachment":[{"href":"https:\/\/blogdofarnesio.com.br\/index.php?rest_route=%2Fwp%2Fv2%2Fmedia&parent=162551"}],"wp:term":[{"taxonomy":"category","embeddable":true,"href":"https:\/\/blogdofarnesio.com.br\/index.php?rest_route=%2Fwp%2Fv2%2Fcategories&post=162551"},{"taxonomy":"post_tag","embeddable":true,"href":"https:\/\/blogdofarnesio.com.br\/index.php?rest_route=%2Fwp%2Fv2%2Ftags&post=162551"}],"curies":[{"name":"wp","href":"https:\/\/api.w.org\/{rel}","templated":true}]}}