{"id":162536,"date":"2017-03-31T07:00:08","date_gmt":"2017-03-31T10:00:08","guid":{"rendered":"http:\/\/quersaberpolitica.com.br\/2016\/?p=162536"},"modified":"2017-03-30T21:04:34","modified_gmt":"2017-03-31T00:04:34","slug":"a-menina-beatriz-angelica-mota-assassinada-em-petrolina-sera-homenageada-nesta-sexta-feira-31-em-juazeiro-creche-recebe-seu-nome","status":"publish","type":"post","link":"https:\/\/blogdofarnesio.com.br\/2017\/03\/a-menina-beatriz-angelica-mota-assassinada-em-petrolina-sera-homenageada-nesta-sexta-feira-31-em-juazeiro-creche-recebe-seu-nome\/","title":{"rendered":"A MENINA BEATRIZ ANG\u00c9LICA MOTA ASSASSINADA EM PETROLINA SER\u00c1 HOMENAGEADA NESTA SEXTA-FEIRA (31) EM JUAZEIRO: CRECHE RECEBE SEU NOME"},"content":{"rendered":"<p style=\"text-align: justify;\">Dentro da programa\u00e7\u00e3o do &#8216;Toda Sexta tem Obra&#8217;, a Prefeitura de Juazeiro, atrav\u00e9s da Secretaria de Educa\u00e7\u00e3o e Juventude &#8211; SEDUC inaugura nesta sexta-feira (31), \u00e0s 9h, a Escola Municipal de Educa\u00e7\u00e3o Infantil (EMEI), Beatriz Ang\u00e9lica Mota F. da Silva, localizada \u00e0 Rua Agostinho Jos\u00e9, no bairro S\u00e3o Geraldo.<\/p>\n<p style=\"text-align: justify;\">A unidade, onde antes funcionava a Escola Apr\u00edgio Duarte, foi reformada, ampliada e climatizada e vai atender cerca de 200 alunos da Educa\u00e7\u00e3o Infantil, de 2 a 5 anos de idade. Os espa\u00e7os foram adequados para o desenvolvimento integral da crian\u00e7a nos seus primeiros anos de vida, e disp\u00f5em de salas pedag\u00f3gicas, cozinha, refeit\u00f3rio, p\u00e1tio coberto, banheiros, parque infantil, entre outros ambientes adaptados \u00e0s reais necessidades das crian\u00e7as.<\/p>\n<p style=\"text-align: justify;\">A partir das 8h, antes da solenidade, as crian\u00e7as v\u00e3o poder contar com atividades recreativas, cama el\u00e1stica e brincadeiras na \u00e1rea externa da creche. Ser\u00e1 uma bela homenagem a pequena Beatriz, e contar\u00e1 com a participa\u00e7\u00e3o dos pais Sandro Romilton e L\u00facia Mota, e da fam\u00edlia.<\/p>\n<p style=\"text-align: justify;\">Por Emanuelle Lustosa\/SEDUC<\/p>\n","protected":false},"excerpt":{"rendered":"<p>Dentro da programa\u00e7\u00e3o do &#8216;Toda Sexta tem Obra&#8217;, a Prefeitura de Juazeiro, atrav\u00e9s da Secretaria de Educa\u00e7\u00e3o e Juventude &#8211; SEDUC inaugura nesta sexta-feira (31), \u00e0s 9h, a Escola Municipal de Educa\u00e7\u00e3o Infantil (EMEI), Beatriz Ang\u00e9lica Mota F. da Silva, localizada \u00e0 Rua Agostinho Jos\u00e9, no bairro S\u00e3o Geraldo. A unidade, onde antes funcionava a Escola Apr\u00edgio Duarte, foi reformada, ampliada e climatizada e vai atender cerca de 200 alunos da Educa\u00e7\u00e3o Infantil, de 2 a 5 anos de idade. Os espa\u00e7os foram adequados para o desenvolvimento integral da crian\u00e7a nos seus primeiros anos de vida, e disp\u00f5em de salas pedag\u00f3gicas, cozinha, refeit\u00f3rio, p\u00e1tio coberto, banheiros, parque infantil, entre outros ambientes adaptados \u00e0s reais necessidades das crian\u00e7as. A partir das&hellip; <\/p>\n","protected":false},"author":1,"featured_media":152486,"comment_status":"open","ping_status":"open","sticky":false,"template":"","format":"standard","meta":{"_acf_changed":false,"footnotes":""},"categories":[22,44],"tags":[],"class_list":["post-162536","post","type-post","status-publish","format-standard","has-post-thumbnail","hentry","category-acao-social","category-administracao"],"acf":[],"yoast_head":"<!-- This site is optimized with the Yoast SEO plugin v27.5 - https:\/\/yoast.com\/product\/yoast-seo-wordpress\/ -->\n<title>A MENINA BEATRIZ ANG\u00c9LICA MOTA ASSASSINADA EM PETROLINA SER\u00c1 HOMENAGEADA NESTA SEXTA-FEIRA (31) EM JUAZEIRO: CRECHE RECEBE SEU NOME - Blog do Farn\u00e9sio<\/title>\n<meta name=\"robots\" content=\"index, follow, max-snippet:-1, max-image-preview:large, max-video-preview:-1\" \/>\n<link rel=\"canonical\" href=\"https:\/\/blogdofarnesio.com.br\/2017\/03\/a-menina-beatriz-angelica-mota-assassinada-em-petrolina-sera-homenageada-nesta-sexta-feira-31-em-juazeiro-creche-recebe-seu-nome\/\" \/>\n<meta property=\"og:locale\" content=\"pt_BR\" \/>\n<meta property=\"og:type\" content=\"article\" \/>\n<meta property=\"og:title\" content=\"A MENINA BEATRIZ ANG\u00c9LICA MOTA ASSASSINADA EM PETROLINA SER\u00c1 HOMENAGEADA NESTA SEXTA-FEIRA (31) EM JUAZEIRO: CRECHE RECEBE SEU NOME - Blog do Farn\u00e9sio\" \/>\n<meta property=\"og:description\" content=\"Dentro da programa\u00e7\u00e3o do &#8216;Toda Sexta tem Obra&#8217;, a Prefeitura de Juazeiro, atrav\u00e9s da Secretaria de Educa\u00e7\u00e3o e Juventude &#8211; SEDUC inaugura nesta sexta-feira (31), \u00e0s 9h, a Escola Municipal de Educa\u00e7\u00e3o Infantil (EMEI), Beatriz Ang\u00e9lica Mota F. da Silva, localizada \u00e0 Rua Agostinho Jos\u00e9, no bairro S\u00e3o Geraldo. A unidade, onde antes funcionava a Escola Apr\u00edgio Duarte, foi reformada, ampliada e climatizada e vai atender cerca de 200 alunos da Educa\u00e7\u00e3o Infantil, de 2 a 5 anos de idade. Os espa\u00e7os foram adequados para o desenvolvimento integral da crian\u00e7a nos seus primeiros anos de vida, e disp\u00f5em de salas pedag\u00f3gicas, cozinha, refeit\u00f3rio, p\u00e1tio coberto, banheiros, parque infantil, entre outros ambientes adaptados \u00e0s reais necessidades das crian\u00e7as. A partir das&hellip;\" \/>\n<meta property=\"og:url\" content=\"https:\/\/blogdofarnesio.com.br\/2017\/03\/a-menina-beatriz-angelica-mota-assassinada-em-petrolina-sera-homenageada-nesta-sexta-feira-31-em-juazeiro-creche-recebe-seu-nome\/\" \/>\n<meta property=\"og:site_name\" content=\"Blog do Farn\u00e9sio\" \/>\n<meta property=\"article:publisher\" content=\"https:\/\/www.facebook.com\/BlogQuerSaberPolitica\/\" \/>\n<meta property=\"article:published_time\" content=\"2017-03-31T10:00:08+00:00\" \/>\n<meta property=\"og:image\" content=\"https:\/\/blogdofarnesio.com.br\/wp-content\/uploads\/2016\/12\/blogqsp-beatriz.jpg\" \/>\n\t<meta property=\"og:image:width\" content=\"653\" \/>\n\t<meta property=\"og:image:height\" content=\"367\" \/>\n\t<meta property=\"og:image:type\" content=\"image\/jpeg\" \/>\n<meta name=\"author\" content=\"Farn\u00e9sio\" \/>\n<meta name=\"twitter:card\" content=\"summary_large_image\" \/>\n<meta name=\"twitter:label1\" content=\"Escrito por\" \/>\n\t<meta name=\"twitter:data1\" content=\"Farn\u00e9sio\" \/>\n\t<meta name=\"twitter:label2\" content=\"Est. tempo de leitura\" \/>\n\t<meta name=\"twitter:data2\" content=\"1 minuto\" \/>\n<script type=\"application\/ld+json\" class=\"yoast-schema-graph\">{\"@context\":\"https:\\\/\\\/schema.org\",\"@graph\":[{\"@type\":\"Article\",\"@id\":\"https:\\\/\\\/blogdofarnesio.com.br\\\/2017\\\/03\\\/a-menina-beatriz-angelica-mota-assassinada-em-petrolina-sera-homenageada-nesta-sexta-feira-31-em-juazeiro-creche-recebe-seu-nome\\\/#article\",\"isPartOf\":{\"@id\":\"https:\\\/\\\/blogdofarnesio.com.br\\\/2017\\\/03\\\/a-menina-beatriz-angelica-mota-assassinada-em-petrolina-sera-homenageada-nesta-sexta-feira-31-em-juazeiro-creche-recebe-seu-nome\\\/\"},\"author\":{\"name\":\"Farn\u00e9sio\",\"@id\":\"https:\\\/\\\/blogdofarnesio.com.br\\\/#\\\/schema\\\/person\\\/301c4acf522bccbfdb45af95b5b906a1\"},\"headline\":\"A MENINA BEATRIZ ANG\u00c9LICA MOTA ASSASSINADA EM PETROLINA SER\u00c1 HOMENAGEADA NESTA SEXTA-FEIRA (31) EM JUAZEIRO: CRECHE RECEBE SEU NOME\",\"datePublished\":\"2017-03-31T10:00:08+00:00\",\"mainEntityOfPage\":{\"@id\":\"https:\\\/\\\/blogdofarnesio.com.br\\\/2017\\\/03\\\/a-menina-beatriz-angelica-mota-assassinada-em-petrolina-sera-homenageada-nesta-sexta-feira-31-em-juazeiro-creche-recebe-seu-nome\\\/\"},\"wordCount\":202,\"commentCount\":0,\"publisher\":{\"@id\":\"https:\\\/\\\/blogdofarnesio.com.br\\\/#organization\"},\"image\":{\"@id\":\"https:\\\/\\\/blogdofarnesio.com.br\\\/2017\\\/03\\\/a-menina-beatriz-angelica-mota-assassinada-em-petrolina-sera-homenageada-nesta-sexta-feira-31-em-juazeiro-creche-recebe-seu-nome\\\/#primaryimage\"},\"thumbnailUrl\":\"https:\\\/\\\/blogdofarnesio.com.br\\\/wp-content\\\/uploads\\\/2016\\\/12\\\/blogqsp-beatriz.jpg\",\"articleSection\":[\"A\u00e7\u00e3o Social\",\"Administra\u00e7\u00e3o\"],\"inLanguage\":\"pt-BR\",\"potentialAction\":[{\"@type\":\"CommentAction\",\"name\":\"Comment\",\"target\":[\"https:\\\/\\\/blogdofarnesio.com.br\\\/2017\\\/03\\\/a-menina-beatriz-angelica-mota-assassinada-em-petrolina-sera-homenageada-nesta-sexta-feira-31-em-juazeiro-creche-recebe-seu-nome\\\/#respond\"]}]},{\"@type\":\"WebPage\",\"@id\":\"https:\\\/\\\/blogdofarnesio.com.br\\\/2017\\\/03\\\/a-menina-beatriz-angelica-mota-assassinada-em-petrolina-sera-homenageada-nesta-sexta-feira-31-em-juazeiro-creche-recebe-seu-nome\\\/\",\"url\":\"https:\\\/\\\/blogdofarnesio.com.br\\\/2017\\\/03\\\/a-menina-beatriz-angelica-mota-assassinada-em-petrolina-sera-homenageada-nesta-sexta-feira-31-em-juazeiro-creche-recebe-seu-nome\\\/\",\"name\":\"A MENINA BEATRIZ ANG\u00c9LICA MOTA ASSASSINADA EM PETROLINA SER\u00c1 HOMENAGEADA NESTA SEXTA-FEIRA (31) EM JUAZEIRO: CRECHE RECEBE SEU NOME - Blog do Farn\u00e9sio\",\"isPartOf\":{\"@id\":\"https:\\\/\\\/blogdofarnesio.com.br\\\/#website\"},\"primaryImageOfPage\":{\"@id\":\"https:\\\/\\\/blogdofarnesio.com.br\\\/2017\\\/03\\\/a-menina-beatriz-angelica-mota-assassinada-em-petrolina-sera-homenageada-nesta-sexta-feira-31-em-juazeiro-creche-recebe-seu-nome\\\/#primaryimage\"},\"image\":{\"@id\":\"https:\\\/\\\/blogdofarnesio.com.br\\\/2017\\\/03\\\/a-menina-beatriz-angelica-mota-assassinada-em-petrolina-sera-homenageada-nesta-sexta-feira-31-em-juazeiro-creche-recebe-seu-nome\\\/#primaryimage\"},\"thumbnailUrl\":\"https:\\\/\\\/blogdofarnesio.com.br\\\/wp-content\\\/uploads\\\/2016\\\/12\\\/blogqsp-beatriz.jpg\",\"datePublished\":\"2017-03-31T10:00:08+00:00\",\"breadcrumb\":{\"@id\":\"https:\\\/\\\/blogdofarnesio.com.br\\\/2017\\\/03\\\/a-menina-beatriz-angelica-mota-assassinada-em-petrolina-sera-homenageada-nesta-sexta-feira-31-em-juazeiro-creche-recebe-seu-nome\\\/#breadcrumb\"},\"inLanguage\":\"pt-BR\",\"potentialAction\":[{\"@type\":\"ReadAction\",\"target\":[\"https:\\\/\\\/blogdofarnesio.com.br\\\/2017\\\/03\\\/a-menina-beatriz-angelica-mota-assassinada-em-petrolina-sera-homenageada-nesta-sexta-feira-31-em-juazeiro-creche-recebe-seu-nome\\\/\"]}]},{\"@type\":\"ImageObject\",\"inLanguage\":\"pt-BR\",\"@id\":\"https:\\\/\\\/blogdofarnesio.com.br\\\/2017\\\/03\\\/a-menina-beatriz-angelica-mota-assassinada-em-petrolina-sera-homenageada-nesta-sexta-feira-31-em-juazeiro-creche-recebe-seu-nome\\\/#primaryimage\",\"url\":\"https:\\\/\\\/blogdofarnesio.com.br\\\/wp-content\\\/uploads\\\/2016\\\/12\\\/blogqsp-beatriz.jpg\",\"contentUrl\":\"https:\\\/\\\/blogdofarnesio.com.br\\\/wp-content\\\/uploads\\\/2016\\\/12\\\/blogqsp-beatriz.jpg\",\"width\":653,\"height\":367},{\"@type\":\"BreadcrumbList\",\"@id\":\"https:\\\/\\\/blogdofarnesio.com.br\\\/2017\\\/03\\\/a-menina-beatriz-angelica-mota-assassinada-em-petrolina-sera-homenageada-nesta-sexta-feira-31-em-juazeiro-creche-recebe-seu-nome\\\/#breadcrumb\",\"itemListElement\":[{\"@type\":\"ListItem\",\"position\":1,\"name\":\"In\u00edcio\",\"item\":\"https:\\\/\\\/blogdofarnesio.com.br\\\/\"},{\"@type\":\"ListItem\",\"position\":2,\"name\":\"A MENINA BEATRIZ ANG\u00c9LICA MOTA ASSASSINADA EM PETROLINA SER\u00c1 HOMENAGEADA NESTA SEXTA-FEIRA (31) EM JUAZEIRO: CRECHE RECEBE SEU NOME\"}]},{\"@type\":\"WebSite\",\"@id\":\"https:\\\/\\\/blogdofarnesio.com.br\\\/#website\",\"url\":\"https:\\\/\\\/blogdofarnesio.com.br\\\/\",\"name\":\"Blog do Farn\u00e9sio\",\"description\":\"Quer Saber Pol\u00edtica?\",\"publisher\":{\"@id\":\"https:\\\/\\\/blogdofarnesio.com.br\\\/#organization\"},\"potentialAction\":[{\"@type\":\"SearchAction\",\"target\":{\"@type\":\"EntryPoint\",\"urlTemplate\":\"https:\\\/\\\/blogdofarnesio.com.br\\\/?s={search_term_string}\"},\"query-input\":{\"@type\":\"PropertyValueSpecification\",\"valueRequired\":true,\"valueName\":\"search_term_string\"}}],\"inLanguage\":\"pt-BR\"},{\"@type\":\"Organization\",\"@id\":\"https:\\\/\\\/blogdofarnesio.com.br\\\/#organization\",\"name\":\"Blog do Farn\u00e9sio\",\"url\":\"https:\\\/\\\/blogdofarnesio.com.br\\\/\",\"logo\":{\"@type\":\"ImageObject\",\"inLanguage\":\"pt-BR\",\"@id\":\"https:\\\/\\\/blogdofarnesio.com.br\\\/#\\\/schema\\\/logo\\\/image\\\/\",\"url\":\"https:\\\/\\\/blogdofarnesio.com.br\\\/wp-content\\\/uploads\\\/2026\\\/03\\\/cropped-logo_new-1.png\",\"contentUrl\":\"https:\\\/\\\/blogdofarnesio.com.br\\\/wp-content\\\/uploads\\\/2026\\\/03\\\/cropped-logo_new-1.png\",\"width\":881,\"height\":685,\"caption\":\"Blog do Farn\u00e9sio\"},\"image\":{\"@id\":\"https:\\\/\\\/blogdofarnesio.com.br\\\/#\\\/schema\\\/logo\\\/image\\\/\"},\"sameAs\":[\"https:\\\/\\\/www.facebook.com\\\/BlogQuerSaberPolitica\\\/\"]},{\"@type\":\"Person\",\"@id\":\"https:\\\/\\\/blogdofarnesio.com.br\\\/#\\\/schema\\\/person\\\/301c4acf522bccbfdb45af95b5b906a1\",\"name\":\"Farn\u00e9sio\",\"image\":{\"@type\":\"ImageObject\",\"inLanguage\":\"pt-BR\",\"@id\":\"https:\\\/\\\/secure.gravatar.com\\\/avatar\\\/df0c9a14567c056f8ad6876ba5bbd1e3e2c48023eb6807342fc4663adf549f38?s=96&d=mm&r=g\",\"url\":\"https:\\\/\\\/secure.gravatar.com\\\/avatar\\\/df0c9a14567c056f8ad6876ba5bbd1e3e2c48023eb6807342fc4663adf549f38?s=96&d=mm&r=g\",\"contentUrl\":\"https:\\\/\\\/secure.gravatar.com\\\/avatar\\\/df0c9a14567c056f8ad6876ba5bbd1e3e2c48023eb6807342fc4663adf549f38?s=96&d=mm&r=g\",\"caption\":\"Farn\u00e9sio\"},\"sameAs\":[\"https:\\\/\\\/quersaberpolitica.com.br\"],\"url\":\"https:\\\/\\\/blogdofarnesio.com.br\\\/author\\\/farnesio\\\/\"}]}<\/script>\n<!-- \/ Yoast SEO plugin. -->","yoast_head_json":{"title":"A MENINA BEATRIZ ANG\u00c9LICA MOTA ASSASSINADA EM PETROLINA SER\u00c1 HOMENAGEADA NESTA SEXTA-FEIRA (31) EM JUAZEIRO: CRECHE RECEBE SEU NOME - Blog do Farn\u00e9sio","robots":{"index":"index","follow":"follow","max-snippet":"max-snippet:-1","max-image-preview":"max-image-preview:large","max-video-preview":"max-video-preview:-1"},"canonical":"https:\/\/blogdofarnesio.com.br\/2017\/03\/a-menina-beatriz-angelica-mota-assassinada-em-petrolina-sera-homenageada-nesta-sexta-feira-31-em-juazeiro-creche-recebe-seu-nome\/","og_locale":"pt_BR","og_type":"article","og_title":"A MENINA BEATRIZ ANG\u00c9LICA MOTA ASSASSINADA EM PETROLINA SER\u00c1 HOMENAGEADA NESTA SEXTA-FEIRA (31) EM JUAZEIRO: CRECHE RECEBE SEU NOME - Blog do Farn\u00e9sio","og_description":"Dentro da programa\u00e7\u00e3o do &#8216;Toda Sexta tem Obra&#8217;, a Prefeitura de Juazeiro, atrav\u00e9s da Secretaria de Educa\u00e7\u00e3o e Juventude &#8211; SEDUC inaugura nesta sexta-feira (31), \u00e0s 9h, a Escola Municipal de Educa\u00e7\u00e3o Infantil (EMEI), Beatriz Ang\u00e9lica Mota F. da Silva, localizada \u00e0 Rua Agostinho Jos\u00e9, no bairro S\u00e3o Geraldo. A unidade, onde antes funcionava a Escola Apr\u00edgio Duarte, foi reformada, ampliada e climatizada e vai atender cerca de 200 alunos da Educa\u00e7\u00e3o Infantil, de 2 a 5 anos de idade. Os espa\u00e7os foram adequados para o desenvolvimento integral da crian\u00e7a nos seus primeiros anos de vida, e disp\u00f5em de salas pedag\u00f3gicas, cozinha, refeit\u00f3rio, p\u00e1tio coberto, banheiros, parque infantil, entre outros ambientes adaptados \u00e0s reais necessidades das crian\u00e7as. A partir das&hellip;","og_url":"https:\/\/blogdofarnesio.com.br\/2017\/03\/a-menina-beatriz-angelica-mota-assassinada-em-petrolina-sera-homenageada-nesta-sexta-feira-31-em-juazeiro-creche-recebe-seu-nome\/","og_site_name":"Blog do Farn\u00e9sio","article_publisher":"https:\/\/www.facebook.com\/BlogQuerSaberPolitica\/","article_published_time":"2017-03-31T10:00:08+00:00","og_image":[{"width":653,"height":367,"url":"https:\/\/blogdofarnesio.com.br\/wp-content\/uploads\/2016\/12\/blogqsp-beatriz.jpg","type":"image\/jpeg"}],"author":"Farn\u00e9sio","twitter_card":"summary_large_image","twitter_misc":{"Escrito por":"Farn\u00e9sio","Est. tempo de leitura":"1 minuto"},"schema":{"@context":"https:\/\/schema.org","@graph":[{"@type":"Article","@id":"https:\/\/blogdofarnesio.com.br\/2017\/03\/a-menina-beatriz-angelica-mota-assassinada-em-petrolina-sera-homenageada-nesta-sexta-feira-31-em-juazeiro-creche-recebe-seu-nome\/#article","isPartOf":{"@id":"https:\/\/blogdofarnesio.com.br\/2017\/03\/a-menina-beatriz-angelica-mota-assassinada-em-petrolina-sera-homenageada-nesta-sexta-feira-31-em-juazeiro-creche-recebe-seu-nome\/"},"author":{"name":"Farn\u00e9sio","@id":"https:\/\/blogdofarnesio.com.br\/#\/schema\/person\/301c4acf522bccbfdb45af95b5b906a1"},"headline":"A MENINA BEATRIZ ANG\u00c9LICA MOTA ASSASSINADA EM PETROLINA SER\u00c1 HOMENAGEADA NESTA SEXTA-FEIRA (31) EM JUAZEIRO: CRECHE RECEBE SEU NOME","datePublished":"2017-03-31T10:00:08+00:00","mainEntityOfPage":{"@id":"https:\/\/blogdofarnesio.com.br\/2017\/03\/a-menina-beatriz-angelica-mota-assassinada-em-petrolina-sera-homenageada-nesta-sexta-feira-31-em-juazeiro-creche-recebe-seu-nome\/"},"wordCount":202,"commentCount":0,"publisher":{"@id":"https:\/\/blogdofarnesio.com.br\/#organization"},"image":{"@id":"https:\/\/blogdofarnesio.com.br\/2017\/03\/a-menina-beatriz-angelica-mota-assassinada-em-petrolina-sera-homenageada-nesta-sexta-feira-31-em-juazeiro-creche-recebe-seu-nome\/#primaryimage"},"thumbnailUrl":"https:\/\/blogdofarnesio.com.br\/wp-content\/uploads\/2016\/12\/blogqsp-beatriz.jpg","articleSection":["A\u00e7\u00e3o Social","Administra\u00e7\u00e3o"],"inLanguage":"pt-BR","potentialAction":[{"@type":"CommentAction","name":"Comment","target":["https:\/\/blogdofarnesio.com.br\/2017\/03\/a-menina-beatriz-angelica-mota-assassinada-em-petrolina-sera-homenageada-nesta-sexta-feira-31-em-juazeiro-creche-recebe-seu-nome\/#respond"]}]},{"@type":"WebPage","@id":"https:\/\/blogdofarnesio.com.br\/2017\/03\/a-menina-beatriz-angelica-mota-assassinada-em-petrolina-sera-homenageada-nesta-sexta-feira-31-em-juazeiro-creche-recebe-seu-nome\/","url":"https:\/\/blogdofarnesio.com.br\/2017\/03\/a-menina-beatriz-angelica-mota-assassinada-em-petrolina-sera-homenageada-nesta-sexta-feira-31-em-juazeiro-creche-recebe-seu-nome\/","name":"A MENINA BEATRIZ ANG\u00c9LICA MOTA ASSASSINADA EM PETROLINA SER\u00c1 HOMENAGEADA NESTA SEXTA-FEIRA (31) EM JUAZEIRO: CRECHE RECEBE SEU NOME - Blog do Farn\u00e9sio","isPartOf":{"@id":"https:\/\/blogdofarnesio.com.br\/#website"},"primaryImageOfPage":{"@id":"https:\/\/blogdofarnesio.com.br\/2017\/03\/a-menina-beatriz-angelica-mota-assassinada-em-petrolina-sera-homenageada-nesta-sexta-feira-31-em-juazeiro-creche-recebe-seu-nome\/#primaryimage"},"image":{"@id":"https:\/\/blogdofarnesio.com.br\/2017\/03\/a-menina-beatriz-angelica-mota-assassinada-em-petrolina-sera-homenageada-nesta-sexta-feira-31-em-juazeiro-creche-recebe-seu-nome\/#primaryimage"},"thumbnailUrl":"https:\/\/blogdofarnesio.com.br\/wp-content\/uploads\/2016\/12\/blogqsp-beatriz.jpg","datePublished":"2017-03-31T10:00:08+00:00","breadcrumb":{"@id":"https:\/\/blogdofarnesio.com.br\/2017\/03\/a-menina-beatriz-angelica-mota-assassinada-em-petrolina-sera-homenageada-nesta-sexta-feira-31-em-juazeiro-creche-recebe-seu-nome\/#breadcrumb"},"inLanguage":"pt-BR","potentialAction":[{"@type":"ReadAction","target":["https:\/\/blogdofarnesio.com.br\/2017\/03\/a-menina-beatriz-angelica-mota-assassinada-em-petrolina-sera-homenageada-nesta-sexta-feira-31-em-juazeiro-creche-recebe-seu-nome\/"]}]},{"@type":"ImageObject","inLanguage":"pt-BR","@id":"https:\/\/blogdofarnesio.com.br\/2017\/03\/a-menina-beatriz-angelica-mota-assassinada-em-petrolina-sera-homenageada-nesta-sexta-feira-31-em-juazeiro-creche-recebe-seu-nome\/#primaryimage","url":"https:\/\/blogdofarnesio.com.br\/wp-content\/uploads\/2016\/12\/blogqsp-beatriz.jpg","contentUrl":"https:\/\/blogdofarnesio.com.br\/wp-content\/uploads\/2016\/12\/blogqsp-beatriz.jpg","width":653,"height":367},{"@type":"BreadcrumbList","@id":"https:\/\/blogdofarnesio.com.br\/2017\/03\/a-menina-beatriz-angelica-mota-assassinada-em-petrolina-sera-homenageada-nesta-sexta-feira-31-em-juazeiro-creche-recebe-seu-nome\/#breadcrumb","itemListElement":[{"@type":"ListItem","position":1,"name":"In\u00edcio","item":"https:\/\/blogdofarnesio.com.br\/"},{"@type":"ListItem","position":2,"name":"A MENINA BEATRIZ ANG\u00c9LICA MOTA ASSASSINADA EM PETROLINA SER\u00c1 HOMENAGEADA NESTA SEXTA-FEIRA (31) EM JUAZEIRO: CRECHE RECEBE SEU NOME"}]},{"@type":"WebSite","@id":"https:\/\/blogdofarnesio.com.br\/#website","url":"https:\/\/blogdofarnesio.com.br\/","name":"Blog do Farn\u00e9sio","description":"Quer Saber Pol\u00edtica?","publisher":{"@id":"https:\/\/blogdofarnesio.com.br\/#organization"},"potentialAction":[{"@type":"SearchAction","target":{"@type":"EntryPoint","urlTemplate":"https:\/\/blogdofarnesio.com.br\/?s={search_term_string}"},"query-input":{"@type":"PropertyValueSpecification","valueRequired":true,"valueName":"search_term_string"}}],"inLanguage":"pt-BR"},{"@type":"Organization","@id":"https:\/\/blogdofarnesio.com.br\/#organization","name":"Blog do Farn\u00e9sio","url":"https:\/\/blogdofarnesio.com.br\/","logo":{"@type":"ImageObject","inLanguage":"pt-BR","@id":"https:\/\/blogdofarnesio.com.br\/#\/schema\/logo\/image\/","url":"https:\/\/blogdofarnesio.com.br\/wp-content\/uploads\/2026\/03\/cropped-logo_new-1.png","contentUrl":"https:\/\/blogdofarnesio.com.br\/wp-content\/uploads\/2026\/03\/cropped-logo_new-1.png","width":881,"height":685,"caption":"Blog do Farn\u00e9sio"},"image":{"@id":"https:\/\/blogdofarnesio.com.br\/#\/schema\/logo\/image\/"},"sameAs":["https:\/\/www.facebook.com\/BlogQuerSaberPolitica\/"]},{"@type":"Person","@id":"https:\/\/blogdofarnesio.com.br\/#\/schema\/person\/301c4acf522bccbfdb45af95b5b906a1","name":"Farn\u00e9sio","image":{"@type":"ImageObject","inLanguage":"pt-BR","@id":"https:\/\/secure.gravatar.com\/avatar\/df0c9a14567c056f8ad6876ba5bbd1e3e2c48023eb6807342fc4663adf549f38?s=96&d=mm&r=g","url":"https:\/\/secure.gravatar.com\/avatar\/df0c9a14567c056f8ad6876ba5bbd1e3e2c48023eb6807342fc4663adf549f38?s=96&d=mm&r=g","contentUrl":"https:\/\/secure.gravatar.com\/avatar\/df0c9a14567c056f8ad6876ba5bbd1e3e2c48023eb6807342fc4663adf549f38?s=96&d=mm&r=g","caption":"Farn\u00e9sio"},"sameAs":["https:\/\/quersaberpolitica.com.br"],"url":"https:\/\/blogdofarnesio.com.br\/author\/farnesio\/"}]}},"_links":{"self":[{"href":"https:\/\/blogdofarnesio.com.br\/wp-json\/wp\/v2\/posts\/162536","targetHints":{"allow":["GET"]}}],"collection":[{"href":"https:\/\/blogdofarnesio.com.br\/wp-json\/wp\/v2\/posts"}],"about":[{"href":"https:\/\/blogdofarnesio.com.br\/wp-json\/wp\/v2\/types\/post"}],"author":[{"embeddable":true,"href":"https:\/\/blogdofarnesio.com.br\/wp-json\/wp\/v2\/users\/1"}],"replies":[{"embeddable":true,"href":"https:\/\/blogdofarnesio.com.br\/wp-json\/wp\/v2\/comments?post=162536"}],"version-history":[{"count":0,"href":"https:\/\/blogdofarnesio.com.br\/wp-json\/wp\/v2\/posts\/162536\/revisions"}],"wp:featuredmedia":[{"embeddable":true,"href":"https:\/\/blogdofarnesio.com.br\/wp-json\/wp\/v2\/media\/152486"}],"wp:attachment":[{"href":"https:\/\/blogdofarnesio.com.br\/wp-json\/wp\/v2\/media?parent=162536"}],"wp:term":[{"taxonomy":"category","embeddable":true,"href":"https:\/\/blogdofarnesio.com.br\/wp-json\/wp\/v2\/categories?post=162536"},{"taxonomy":"post_tag","embeddable":true,"href":"https:\/\/blogdofarnesio.com.br\/wp-json\/wp\/v2\/tags?post=162536"}],"curies":[{"name":"wp","href":"https:\/\/api.w.org\/{rel}","templated":true}]}}