{"id":162527,"date":"2017-03-31T19:00:58","date_gmt":"2017-03-31T22:00:58","guid":{"rendered":"http:\/\/quersaberpolitica.com.br\/2016\/?p=162527"},"modified":"2017-03-31T18:48:11","modified_gmt":"2017-03-31T21:48:11","slug":"representantes-de-juazeiro-sao-empossados-no-concidadesba","status":"publish","type":"post","link":"https:\/\/blogdofarnesio.com.br\/?p=162527","title":{"rendered":"REPRESENTANTES DE JUAZEIRO S\u00c3O EMPOSSADOS NO CONCIDADES\/BA"},"content":{"rendered":"<p style=\"text-align: justify;\">Tomaram posse para o Conselho Estadual das Cidades (ConCidades), tri\u00eanio 2017-2019, em Salvador nesta quinta-feira (30), os conselheiros representantes de Juazeiro: Jo\u00e3o Pedro Neto (titular) e Maria Jos\u00e9 Soares (suplente), ambos representando o Poder P\u00fablico.<\/p>\n<p style=\"text-align: justify;\">Eleitos na etapa estadual da Confer\u00eancia das Cidades, no final do ano passado, os novos conselheiros al\u00e9m de tomar posse est\u00e3o participando, desde a quarta-feira (29), das reuni\u00f5es das C\u00e2maras T\u00e9cnicas dos segmentos Saneamento B\u00e1sico e Ambiental, Mobilidade, Habita\u00e7\u00e3o e Gest\u00e3o Territorial.<\/p>\n<p style=\"text-align: justify;\">De acordo com o conselheiro Jo\u00e3o Pedro Neto, que participou das discuss\u00f5es da C\u00e2mara T\u00e9cnica de Saneamento B\u00e1sico e Ambiental, foram discutidos temas relevantes que ser\u00e3o tratados este ano, bem como a implementa\u00e7\u00e3o das resolu\u00e7\u00f5es da 6\u00aa Confer\u00eancia das Cidades. \u201cAs decis\u00f5es tomadas em conjunto, poder p\u00fablico e sociedade civil, s\u00e3o muito mais f\u00e1ceis de serem aceitas e implementadas. A participa\u00e7\u00e3o e as decis\u00f5es compartilhadas s\u00e3o importantes para todo processo democr\u00e1tico\u201d, ressalta Jo\u00e3o Pedro Neto.<\/p>\n<p style=\"text-align: justify;\">O ConCidades\/BA &#8211; \u00a0tem o importante papel de formular as diretrizes gerais da pol\u00edtica estadual de desenvolvimento urbano e monitorar a sua execu\u00e7\u00e3o, garantindo a participa\u00e7\u00e3o e controle social. Sua estrutura \u00e9 composta pelo Plen\u00e1rio, Presid\u00eancia, Secretaria Executiva e C\u00e2maras T\u00e9cnicas &#8211; de habita\u00e7\u00e3o; saneamento b\u00e1sico e ambiental, mobilidade urbana, e planejamento e gest\u00e3o territorial urbana.<\/p>\n<p style=\"text-align: justify;\">Institu\u00eddo em 2004 pelo Governo Federal, no \u00e2mbito do Minist\u00e9rio das Cidades, o ConCidades \u00e9 um \u00f3rg\u00e3o colegiado de natureza deliberativa e consultiva, cuja principal finalidade \u00e9 estudar e propor diretrizes para a formula\u00e7\u00e3o e implementa\u00e7\u00e3o da Pol\u00edtica Nacional de Desenvolvimento Urbano \u2013 PNDU.<\/p>\n<p style=\"text-align: justify;\">O Conselho das Cidades da Bahia \u00e9 o espa\u00e7o p\u00fablico da co-gest\u00e3o das pol\u00edticas p\u00fablicas, onde o poder \u00e9 partilhado entre representantes do governo e da sociedade em sua maioria, e todos assumem a tarefa de propor, negociar, decidir, implantar e fiscalizar a realiza\u00e7\u00e3o do interesse p\u00fablico.<\/p>\n<p style=\"text-align: justify;\">A institui\u00e7\u00e3o legal de Conselhos das Cidades \u00e9 o resultado de uma longa luta da sociedade civil organizada brasileira, dos movimentos populares e sociais urbanos e contribui na finalidade maior da Pol\u00edtica P\u00fablica Estadual de Desenvolvimento Urbano na Bahia: fundar um novo Modelo P\u00fablico de Desenvolvimento Urbano que estabele\u00e7a a fun\u00e7\u00e3o social das cidades e da propriedade, bem como assegurar o direito \u00e0 cidade para todas as pessoas.<\/p>\n<p style=\"text-align: justify;\"><strong>Por Gardennia Garibalde\/SEDUR<\/strong><\/p>\n","protected":false},"excerpt":{"rendered":"<p>Tomaram posse para o Conselho Estadual das Cidades (ConCidades), tri\u00eanio 2017-2019, em Salvador nesta quinta-feira (30), os conselheiros representantes de Juazeiro: Jo\u00e3o Pedro Neto (titular) e Maria Jos\u00e9 Soares (suplente), ambos representando o Poder P\u00fablico. Eleitos na etapa estadual da Confer\u00eancia das Cidades, no final do ano passado, os novos conselheiros al\u00e9m de tomar posse est\u00e3o participando, desde a quarta-feira (29), das reuni\u00f5es das C\u00e2maras T\u00e9cnicas dos segmentos Saneamento B\u00e1sico e Ambiental, Mobilidade, Habita\u00e7\u00e3o e Gest\u00e3o Territorial. De acordo com o conselheiro Jo\u00e3o Pedro Neto, que participou das discuss\u00f5es da C\u00e2mara T\u00e9cnica de Saneamento B\u00e1sico e Ambiental, foram discutidos temas relevantes que ser\u00e3o tratados este ano, bem como a implementa\u00e7\u00e3o das resolu\u00e7\u00f5es da 6\u00aa Confer\u00eancia das Cidades. \u201cAs decis\u00f5es tomadas&hellip; <\/p>\n","protected":false},"author":1,"featured_media":162528,"comment_status":"open","ping_status":"open","sticky":false,"template":"","format":"standard","meta":{"_acf_changed":false,"footnotes":""},"categories":[],"tags":[],"class_list":["post-162527","post","type-post","status-publish","format-standard","has-post-thumbnail","hentry"],"acf":[],"yoast_head":"<!-- This site is optimized with the Yoast SEO plugin v27.4 - https:\/\/yoast.com\/product\/yoast-seo-wordpress\/ -->\n<title>REPRESENTANTES DE JUAZEIRO S\u00c3O EMPOSSADOS NO CONCIDADES\/BA - Blog do Farn\u00e9sio<\/title>\n<meta name=\"robots\" content=\"index, follow, max-snippet:-1, max-image-preview:large, max-video-preview:-1\" \/>\n<link rel=\"canonical\" href=\"https:\/\/blogdofarnesio.com.br\/?p=162527\" \/>\n<meta property=\"og:locale\" content=\"pt_BR\" \/>\n<meta property=\"og:type\" content=\"article\" \/>\n<meta property=\"og:title\" content=\"REPRESENTANTES DE JUAZEIRO S\u00c3O EMPOSSADOS NO CONCIDADES\/BA - Blog do Farn\u00e9sio\" \/>\n<meta property=\"og:description\" content=\"Tomaram posse para o Conselho Estadual das Cidades (ConCidades), tri\u00eanio 2017-2019, em Salvador nesta quinta-feira (30), os conselheiros representantes de Juazeiro: Jo\u00e3o Pedro Neto (titular) e Maria Jos\u00e9 Soares (suplente), ambos representando o Poder P\u00fablico. Eleitos na etapa estadual da Confer\u00eancia das Cidades, no final do ano passado, os novos conselheiros al\u00e9m de tomar posse est\u00e3o participando, desde a quarta-feira (29), das reuni\u00f5es das C\u00e2maras T\u00e9cnicas dos segmentos Saneamento B\u00e1sico e Ambiental, Mobilidade, Habita\u00e7\u00e3o e Gest\u00e3o Territorial. De acordo com o conselheiro Jo\u00e3o Pedro Neto, que participou das discuss\u00f5es da C\u00e2mara T\u00e9cnica de Saneamento B\u00e1sico e Ambiental, foram discutidos temas relevantes que ser\u00e3o tratados este ano, bem como a implementa\u00e7\u00e3o das resolu\u00e7\u00f5es da 6\u00aa Confer\u00eancia das Cidades. \u201cAs decis\u00f5es tomadas&hellip;\" \/>\n<meta property=\"og:url\" content=\"https:\/\/blogdofarnesio.com.br\/?p=162527\" \/>\n<meta property=\"og:site_name\" content=\"Blog do Farn\u00e9sio\" \/>\n<meta property=\"article:publisher\" content=\"https:\/\/www.facebook.com\/BlogQuerSaberPolitica\/\" \/>\n<meta property=\"article:published_time\" content=\"2017-03-31T22:00:58+00:00\" \/>\n<meta property=\"og:image\" content=\"https:\/\/blogdofarnesio.com.br\/wp-content\/uploads\/2017\/03\/blogqsp-empossados-no-ConCidades-e1490917119347.jpg\" \/>\n\t<meta property=\"og:image:width\" content=\"600\" \/>\n\t<meta property=\"og:image:height\" content=\"338\" \/>\n\t<meta property=\"og:image:type\" content=\"image\/jpeg\" \/>\n<meta name=\"author\" content=\"Farn\u00e9sio\" \/>\n<meta name=\"twitter:card\" content=\"summary_large_image\" \/>\n<meta name=\"twitter:label1\" content=\"Escrito por\" \/>\n\t<meta name=\"twitter:data1\" content=\"Farn\u00e9sio\" \/>\n\t<meta name=\"twitter:label2\" content=\"Est. tempo de leitura\" \/>\n\t<meta name=\"twitter:data2\" content=\"2 minutos\" \/>\n<script type=\"application\/ld+json\" class=\"yoast-schema-graph\">{\"@context\":\"https:\\\/\\\/schema.org\",\"@graph\":[{\"@type\":\"Article\",\"@id\":\"https:\\\/\\\/blogdofarnesio.com.br\\\/?p=162527#article\",\"isPartOf\":{\"@id\":\"https:\\\/\\\/blogdofarnesio.com.br\\\/?p=162527\"},\"author\":{\"name\":\"Farn\u00e9sio\",\"@id\":\"https:\\\/\\\/blogdofarnesio.com.br\\\/#\\\/schema\\\/person\\\/301c4acf522bccbfdb45af95b5b906a1\"},\"headline\":\"REPRESENTANTES DE JUAZEIRO S\u00c3O EMPOSSADOS NO CONCIDADES\\\/BA\",\"datePublished\":\"2017-03-31T22:00:58+00:00\",\"mainEntityOfPage\":{\"@id\":\"https:\\\/\\\/blogdofarnesio.com.br\\\/?p=162527\"},\"wordCount\":428,\"commentCount\":0,\"publisher\":{\"@id\":\"https:\\\/\\\/blogdofarnesio.com.br\\\/#organization\"},\"image\":{\"@id\":\"https:\\\/\\\/blogdofarnesio.com.br\\\/?p=162527#primaryimage\"},\"thumbnailUrl\":\"https:\\\/\\\/blogdofarnesio.com.br\\\/wp-content\\\/uploads\\\/2017\\\/03\\\/blogqsp-empossados-no-ConCidades-e1490917119347.jpg\",\"inLanguage\":\"pt-BR\",\"potentialAction\":[{\"@type\":\"CommentAction\",\"name\":\"Comment\",\"target\":[\"https:\\\/\\\/blogdofarnesio.com.br\\\/?p=162527#respond\"]}]},{\"@type\":\"WebPage\",\"@id\":\"https:\\\/\\\/blogdofarnesio.com.br\\\/?p=162527\",\"url\":\"https:\\\/\\\/blogdofarnesio.com.br\\\/?p=162527\",\"name\":\"REPRESENTANTES DE JUAZEIRO S\u00c3O EMPOSSADOS NO CONCIDADES\\\/BA - Blog do Farn\u00e9sio\",\"isPartOf\":{\"@id\":\"https:\\\/\\\/blogdofarnesio.com.br\\\/#website\"},\"primaryImageOfPage\":{\"@id\":\"https:\\\/\\\/blogdofarnesio.com.br\\\/?p=162527#primaryimage\"},\"image\":{\"@id\":\"https:\\\/\\\/blogdofarnesio.com.br\\\/?p=162527#primaryimage\"},\"thumbnailUrl\":\"https:\\\/\\\/blogdofarnesio.com.br\\\/wp-content\\\/uploads\\\/2017\\\/03\\\/blogqsp-empossados-no-ConCidades-e1490917119347.jpg\",\"datePublished\":\"2017-03-31T22:00:58+00:00\",\"breadcrumb\":{\"@id\":\"https:\\\/\\\/blogdofarnesio.com.br\\\/?p=162527#breadcrumb\"},\"inLanguage\":\"pt-BR\",\"potentialAction\":[{\"@type\":\"ReadAction\",\"target\":[\"https:\\\/\\\/blogdofarnesio.com.br\\\/?p=162527\"]}]},{\"@type\":\"ImageObject\",\"inLanguage\":\"pt-BR\",\"@id\":\"https:\\\/\\\/blogdofarnesio.com.br\\\/?p=162527#primaryimage\",\"url\":\"https:\\\/\\\/blogdofarnesio.com.br\\\/wp-content\\\/uploads\\\/2017\\\/03\\\/blogqsp-empossados-no-ConCidades-e1490917119347.jpg\",\"contentUrl\":\"https:\\\/\\\/blogdofarnesio.com.br\\\/wp-content\\\/uploads\\\/2017\\\/03\\\/blogqsp-empossados-no-ConCidades-e1490917119347.jpg\",\"width\":600,\"height\":338},{\"@type\":\"BreadcrumbList\",\"@id\":\"https:\\\/\\\/blogdofarnesio.com.br\\\/?p=162527#breadcrumb\",\"itemListElement\":[{\"@type\":\"ListItem\",\"position\":1,\"name\":\"In\u00edcio\",\"item\":\"https:\\\/\\\/blogdofarnesio.com.br\\\/\"},{\"@type\":\"ListItem\",\"position\":2,\"name\":\"REPRESENTANTES DE JUAZEIRO S\u00c3O EMPOSSADOS NO CONCIDADES\\\/BA\"}]},{\"@type\":\"WebSite\",\"@id\":\"https:\\\/\\\/blogdofarnesio.com.br\\\/#website\",\"url\":\"https:\\\/\\\/blogdofarnesio.com.br\\\/\",\"name\":\"Blog do Farn\u00e9sio\",\"description\":\"Quer Saber Pol\u00edtica?\",\"publisher\":{\"@id\":\"https:\\\/\\\/blogdofarnesio.com.br\\\/#organization\"},\"potentialAction\":[{\"@type\":\"SearchAction\",\"target\":{\"@type\":\"EntryPoint\",\"urlTemplate\":\"https:\\\/\\\/blogdofarnesio.com.br\\\/?s={search_term_string}\"},\"query-input\":{\"@type\":\"PropertyValueSpecification\",\"valueRequired\":true,\"valueName\":\"search_term_string\"}}],\"inLanguage\":\"pt-BR\"},{\"@type\":\"Organization\",\"@id\":\"https:\\\/\\\/blogdofarnesio.com.br\\\/#organization\",\"name\":\"Blog do Farn\u00e9sio\",\"url\":\"https:\\\/\\\/blogdofarnesio.com.br\\\/\",\"logo\":{\"@type\":\"ImageObject\",\"inLanguage\":\"pt-BR\",\"@id\":\"https:\\\/\\\/blogdofarnesio.com.br\\\/#\\\/schema\\\/logo\\\/image\\\/\",\"url\":\"https:\\\/\\\/blogdofarnesio.com.br\\\/wp-content\\\/uploads\\\/2026\\\/03\\\/cropped-logo_new-1.png\",\"contentUrl\":\"https:\\\/\\\/blogdofarnesio.com.br\\\/wp-content\\\/uploads\\\/2026\\\/03\\\/cropped-logo_new-1.png\",\"width\":881,\"height\":685,\"caption\":\"Blog do Farn\u00e9sio\"},\"image\":{\"@id\":\"https:\\\/\\\/blogdofarnesio.com.br\\\/#\\\/schema\\\/logo\\\/image\\\/\"},\"sameAs\":[\"https:\\\/\\\/www.facebook.com\\\/BlogQuerSaberPolitica\\\/\"]},{\"@type\":\"Person\",\"@id\":\"https:\\\/\\\/blogdofarnesio.com.br\\\/#\\\/schema\\\/person\\\/301c4acf522bccbfdb45af95b5b906a1\",\"name\":\"Farn\u00e9sio\",\"image\":{\"@type\":\"ImageObject\",\"inLanguage\":\"pt-BR\",\"@id\":\"https:\\\/\\\/secure.gravatar.com\\\/avatar\\\/df0c9a14567c056f8ad6876ba5bbd1e3e2c48023eb6807342fc4663adf549f38?s=96&d=mm&r=g\",\"url\":\"https:\\\/\\\/secure.gravatar.com\\\/avatar\\\/df0c9a14567c056f8ad6876ba5bbd1e3e2c48023eb6807342fc4663adf549f38?s=96&d=mm&r=g\",\"contentUrl\":\"https:\\\/\\\/secure.gravatar.com\\\/avatar\\\/df0c9a14567c056f8ad6876ba5bbd1e3e2c48023eb6807342fc4663adf549f38?s=96&d=mm&r=g\",\"caption\":\"Farn\u00e9sio\"},\"sameAs\":[\"https:\\\/\\\/quersaberpolitica.com.br\"],\"url\":\"https:\\\/\\\/blogdofarnesio.com.br\\\/?author=1\"}]}<\/script>\n<!-- \/ Yoast SEO plugin. -->","yoast_head_json":{"title":"REPRESENTANTES DE JUAZEIRO S\u00c3O EMPOSSADOS NO CONCIDADES\/BA - Blog do Farn\u00e9sio","robots":{"index":"index","follow":"follow","max-snippet":"max-snippet:-1","max-image-preview":"max-image-preview:large","max-video-preview":"max-video-preview:-1"},"canonical":"https:\/\/blogdofarnesio.com.br\/?p=162527","og_locale":"pt_BR","og_type":"article","og_title":"REPRESENTANTES DE JUAZEIRO S\u00c3O EMPOSSADOS NO CONCIDADES\/BA - Blog do Farn\u00e9sio","og_description":"Tomaram posse para o Conselho Estadual das Cidades (ConCidades), tri\u00eanio 2017-2019, em Salvador nesta quinta-feira (30), os conselheiros representantes de Juazeiro: Jo\u00e3o Pedro Neto (titular) e Maria Jos\u00e9 Soares (suplente), ambos representando o Poder P\u00fablico. Eleitos na etapa estadual da Confer\u00eancia das Cidades, no final do ano passado, os novos conselheiros al\u00e9m de tomar posse est\u00e3o participando, desde a quarta-feira (29), das reuni\u00f5es das C\u00e2maras T\u00e9cnicas dos segmentos Saneamento B\u00e1sico e Ambiental, Mobilidade, Habita\u00e7\u00e3o e Gest\u00e3o Territorial. De acordo com o conselheiro Jo\u00e3o Pedro Neto, que participou das discuss\u00f5es da C\u00e2mara T\u00e9cnica de Saneamento B\u00e1sico e Ambiental, foram discutidos temas relevantes que ser\u00e3o tratados este ano, bem como a implementa\u00e7\u00e3o das resolu\u00e7\u00f5es da 6\u00aa Confer\u00eancia das Cidades. \u201cAs decis\u00f5es tomadas&hellip;","og_url":"https:\/\/blogdofarnesio.com.br\/?p=162527","og_site_name":"Blog do Farn\u00e9sio","article_publisher":"https:\/\/www.facebook.com\/BlogQuerSaberPolitica\/","article_published_time":"2017-03-31T22:00:58+00:00","og_image":[{"width":600,"height":338,"url":"https:\/\/blogdofarnesio.com.br\/wp-content\/uploads\/2017\/03\/blogqsp-empossados-no-ConCidades-e1490917119347.jpg","type":"image\/jpeg"}],"author":"Farn\u00e9sio","twitter_card":"summary_large_image","twitter_misc":{"Escrito por":"Farn\u00e9sio","Est. tempo de leitura":"2 minutos"},"schema":{"@context":"https:\/\/schema.org","@graph":[{"@type":"Article","@id":"https:\/\/blogdofarnesio.com.br\/?p=162527#article","isPartOf":{"@id":"https:\/\/blogdofarnesio.com.br\/?p=162527"},"author":{"name":"Farn\u00e9sio","@id":"https:\/\/blogdofarnesio.com.br\/#\/schema\/person\/301c4acf522bccbfdb45af95b5b906a1"},"headline":"REPRESENTANTES DE JUAZEIRO S\u00c3O EMPOSSADOS NO CONCIDADES\/BA","datePublished":"2017-03-31T22:00:58+00:00","mainEntityOfPage":{"@id":"https:\/\/blogdofarnesio.com.br\/?p=162527"},"wordCount":428,"commentCount":0,"publisher":{"@id":"https:\/\/blogdofarnesio.com.br\/#organization"},"image":{"@id":"https:\/\/blogdofarnesio.com.br\/?p=162527#primaryimage"},"thumbnailUrl":"https:\/\/blogdofarnesio.com.br\/wp-content\/uploads\/2017\/03\/blogqsp-empossados-no-ConCidades-e1490917119347.jpg","inLanguage":"pt-BR","potentialAction":[{"@type":"CommentAction","name":"Comment","target":["https:\/\/blogdofarnesio.com.br\/?p=162527#respond"]}]},{"@type":"WebPage","@id":"https:\/\/blogdofarnesio.com.br\/?p=162527","url":"https:\/\/blogdofarnesio.com.br\/?p=162527","name":"REPRESENTANTES DE JUAZEIRO S\u00c3O EMPOSSADOS NO CONCIDADES\/BA - Blog do Farn\u00e9sio","isPartOf":{"@id":"https:\/\/blogdofarnesio.com.br\/#website"},"primaryImageOfPage":{"@id":"https:\/\/blogdofarnesio.com.br\/?p=162527#primaryimage"},"image":{"@id":"https:\/\/blogdofarnesio.com.br\/?p=162527#primaryimage"},"thumbnailUrl":"https:\/\/blogdofarnesio.com.br\/wp-content\/uploads\/2017\/03\/blogqsp-empossados-no-ConCidades-e1490917119347.jpg","datePublished":"2017-03-31T22:00:58+00:00","breadcrumb":{"@id":"https:\/\/blogdofarnesio.com.br\/?p=162527#breadcrumb"},"inLanguage":"pt-BR","potentialAction":[{"@type":"ReadAction","target":["https:\/\/blogdofarnesio.com.br\/?p=162527"]}]},{"@type":"ImageObject","inLanguage":"pt-BR","@id":"https:\/\/blogdofarnesio.com.br\/?p=162527#primaryimage","url":"https:\/\/blogdofarnesio.com.br\/wp-content\/uploads\/2017\/03\/blogqsp-empossados-no-ConCidades-e1490917119347.jpg","contentUrl":"https:\/\/blogdofarnesio.com.br\/wp-content\/uploads\/2017\/03\/blogqsp-empossados-no-ConCidades-e1490917119347.jpg","width":600,"height":338},{"@type":"BreadcrumbList","@id":"https:\/\/blogdofarnesio.com.br\/?p=162527#breadcrumb","itemListElement":[{"@type":"ListItem","position":1,"name":"In\u00edcio","item":"https:\/\/blogdofarnesio.com.br\/"},{"@type":"ListItem","position":2,"name":"REPRESENTANTES DE JUAZEIRO S\u00c3O EMPOSSADOS NO CONCIDADES\/BA"}]},{"@type":"WebSite","@id":"https:\/\/blogdofarnesio.com.br\/#website","url":"https:\/\/blogdofarnesio.com.br\/","name":"Blog do Farn\u00e9sio","description":"Quer Saber Pol\u00edtica?","publisher":{"@id":"https:\/\/blogdofarnesio.com.br\/#organization"},"potentialAction":[{"@type":"SearchAction","target":{"@type":"EntryPoint","urlTemplate":"https:\/\/blogdofarnesio.com.br\/?s={search_term_string}"},"query-input":{"@type":"PropertyValueSpecification","valueRequired":true,"valueName":"search_term_string"}}],"inLanguage":"pt-BR"},{"@type":"Organization","@id":"https:\/\/blogdofarnesio.com.br\/#organization","name":"Blog do Farn\u00e9sio","url":"https:\/\/blogdofarnesio.com.br\/","logo":{"@type":"ImageObject","inLanguage":"pt-BR","@id":"https:\/\/blogdofarnesio.com.br\/#\/schema\/logo\/image\/","url":"https:\/\/blogdofarnesio.com.br\/wp-content\/uploads\/2026\/03\/cropped-logo_new-1.png","contentUrl":"https:\/\/blogdofarnesio.com.br\/wp-content\/uploads\/2026\/03\/cropped-logo_new-1.png","width":881,"height":685,"caption":"Blog do Farn\u00e9sio"},"image":{"@id":"https:\/\/blogdofarnesio.com.br\/#\/schema\/logo\/image\/"},"sameAs":["https:\/\/www.facebook.com\/BlogQuerSaberPolitica\/"]},{"@type":"Person","@id":"https:\/\/blogdofarnesio.com.br\/#\/schema\/person\/301c4acf522bccbfdb45af95b5b906a1","name":"Farn\u00e9sio","image":{"@type":"ImageObject","inLanguage":"pt-BR","@id":"https:\/\/secure.gravatar.com\/avatar\/df0c9a14567c056f8ad6876ba5bbd1e3e2c48023eb6807342fc4663adf549f38?s=96&d=mm&r=g","url":"https:\/\/secure.gravatar.com\/avatar\/df0c9a14567c056f8ad6876ba5bbd1e3e2c48023eb6807342fc4663adf549f38?s=96&d=mm&r=g","contentUrl":"https:\/\/secure.gravatar.com\/avatar\/df0c9a14567c056f8ad6876ba5bbd1e3e2c48023eb6807342fc4663adf549f38?s=96&d=mm&r=g","caption":"Farn\u00e9sio"},"sameAs":["https:\/\/quersaberpolitica.com.br"],"url":"https:\/\/blogdofarnesio.com.br\/?author=1"}]}},"_links":{"self":[{"href":"https:\/\/blogdofarnesio.com.br\/index.php?rest_route=\/wp\/v2\/posts\/162527","targetHints":{"allow":["GET"]}}],"collection":[{"href":"https:\/\/blogdofarnesio.com.br\/index.php?rest_route=\/wp\/v2\/posts"}],"about":[{"href":"https:\/\/blogdofarnesio.com.br\/index.php?rest_route=\/wp\/v2\/types\/post"}],"author":[{"embeddable":true,"href":"https:\/\/blogdofarnesio.com.br\/index.php?rest_route=\/wp\/v2\/users\/1"}],"replies":[{"embeddable":true,"href":"https:\/\/blogdofarnesio.com.br\/index.php?rest_route=%2Fwp%2Fv2%2Fcomments&post=162527"}],"version-history":[{"count":0,"href":"https:\/\/blogdofarnesio.com.br\/index.php?rest_route=\/wp\/v2\/posts\/162527\/revisions"}],"wp:featuredmedia":[{"embeddable":true,"href":"https:\/\/blogdofarnesio.com.br\/index.php?rest_route=\/wp\/v2\/media\/162528"}],"wp:attachment":[{"href":"https:\/\/blogdofarnesio.com.br\/index.php?rest_route=%2Fwp%2Fv2%2Fmedia&parent=162527"}],"wp:term":[{"taxonomy":"category","embeddable":true,"href":"https:\/\/blogdofarnesio.com.br\/index.php?rest_route=%2Fwp%2Fv2%2Fcategories&post=162527"},{"taxonomy":"post_tag","embeddable":true,"href":"https:\/\/blogdofarnesio.com.br\/index.php?rest_route=%2Fwp%2Fv2%2Ftags&post=162527"}],"curies":[{"name":"wp","href":"https:\/\/api.w.org\/{rel}","templated":true}]}}