{"id":162467,"date":"2017-03-30T11:30:29","date_gmt":"2017-03-30T14:30:29","guid":{"rendered":"http:\/\/quersaberpolitica.com.br\/2016\/?p=162467"},"modified":"2017-03-30T10:34:59","modified_gmt":"2017-03-30T13:34:59","slug":"sindsemp-reforca-mobilizacao-dos-policiais-civis-do-pernambuco","status":"publish","type":"post","link":"https:\/\/blogdofarnesio.com.br\/?p=162467","title":{"rendered":"SINDSEMP REFOR\u00c7A MOBILIZA\u00c7\u00c3O DOS POLICIAIS CIVIS DO PERNAMBUCO"},"content":{"rendered":"<p style=\"text-align: justify;\">O Sindicato dos Servidores Municipais de Petrolina, SINDSEMP, atrav\u00e9s do Diretor de Pol\u00edtica Sindical, Edson Santos, esteve na manh\u00e3 da \u00faltima ter\u00e7a-feira (28), refor\u00e7ando o movimento do Sindicato dos Policiais<br \/>\nCivis de Pernambuco, SINPOL. O movimento teve como pautas a Reforma da Previd\u00eancia, a Terceiriza\u00e7\u00e3o e a Reforma Trabalhista, que tamb\u00e9m j\u00e1 est\u00e1 sendo cogitada. A mobiliza\u00e7\u00e3o contou com representantes de outros<br \/>\nsindicatos, movimentos sociais e associa\u00e7\u00f5es de moradores.<\/p>\n<p>O Sindicato dos Servidores municipais de Petrolina, SINDSEMP, \u00e9 um combatente ferrenho ao desmando que est\u00e1 acontecendo no nosso Pa\u00eds, por isso sempre se faz presente nos movimentos e mobiliza\u00e7\u00f5es que acontecem<br \/>\nem Petrolina, e tamb\u00e9m a n\u00edvel Estadual e Nacional.<\/p>\n<p>Segundo o Diretor de Pol\u00edtica Sindical, Edson Santos, a cada dia se faz mais necess\u00e1rio que os trabalhadores e a popula\u00e7\u00e3o brasileira estejam esclarecidos sobre todo esse ataque feito \u00e0 classe trabalhadora. \u201c\u00c9 por \u00a0isso que o Sindicato vai estar sempre com os trabalhadores mobilizados, para enfrentar a luta contra a retirada dos direitos. Por essas reais necessidades \u00e9 que entendemos que precisamos unificar a luta com os \u00a0demais sindicatos, para tornar a batalha mais forte e eficaz por nenhum direito menos\u201d, finalizou o Diretor.<\/p>\n<p style=\"text-align: justify;\">Ascom<\/p>\n","protected":false},"excerpt":{"rendered":"<p>O Sindicato dos Servidores Municipais de Petrolina, SINDSEMP, atrav\u00e9s do Diretor de Pol\u00edtica Sindical, Edson Santos, esteve na manh\u00e3 da \u00faltima ter\u00e7a-feira (28), refor\u00e7ando o movimento do Sindicato dos Policiais Civis de Pernambuco, SINPOL. O movimento teve como pautas a Reforma da Previd\u00eancia, a Terceiriza\u00e7\u00e3o e a Reforma Trabalhista, que tamb\u00e9m j\u00e1 est\u00e1 sendo cogitada. A mobiliza\u00e7\u00e3o contou com representantes de outros sindicatos, movimentos sociais e associa\u00e7\u00f5es de moradores. O Sindicato dos Servidores municipais de Petrolina, SINDSEMP, \u00e9 um combatente ferrenho ao desmando que est\u00e1 acontecendo no nosso Pa\u00eds, por isso sempre se faz presente nos movimentos e mobiliza\u00e7\u00f5es que acontecem em Petrolina, e tamb\u00e9m a n\u00edvel Estadual e Nacional. Segundo o Diretor de Pol\u00edtica Sindical, Edson Santos, a cada&hellip; <\/p>\n","protected":false},"author":1,"featured_media":162470,"comment_status":"open","ping_status":"open","sticky":false,"template":"","format":"standard","meta":{"_acf_changed":false,"footnotes":""},"categories":[44],"tags":[],"class_list":["post-162467","post","type-post","status-publish","format-standard","has-post-thumbnail","hentry","category-administracao"],"acf":[],"yoast_head":"<!-- This site is optimized with the Yoast SEO plugin v27.4 - https:\/\/yoast.com\/product\/yoast-seo-wordpress\/ -->\n<title>SINDSEMP REFOR\u00c7A MOBILIZA\u00c7\u00c3O DOS POLICIAIS CIVIS DO PERNAMBUCO - Blog do Farn\u00e9sio<\/title>\n<meta name=\"robots\" content=\"index, follow, max-snippet:-1, max-image-preview:large, max-video-preview:-1\" \/>\n<link rel=\"canonical\" href=\"https:\/\/blogdofarnesio.com.br\/?p=162467\" \/>\n<meta property=\"og:locale\" content=\"pt_BR\" \/>\n<meta property=\"og:type\" content=\"article\" \/>\n<meta property=\"og:title\" content=\"SINDSEMP REFOR\u00c7A MOBILIZA\u00c7\u00c3O DOS POLICIAIS CIVIS DO PERNAMBUCO - Blog do Farn\u00e9sio\" \/>\n<meta property=\"og:description\" content=\"O Sindicato dos Servidores Municipais de Petrolina, SINDSEMP, atrav\u00e9s do Diretor de Pol\u00edtica Sindical, Edson Santos, esteve na manh\u00e3 da \u00faltima ter\u00e7a-feira (28), refor\u00e7ando o movimento do Sindicato dos Policiais Civis de Pernambuco, SINPOL. O movimento teve como pautas a Reforma da Previd\u00eancia, a Terceiriza\u00e7\u00e3o e a Reforma Trabalhista, que tamb\u00e9m j\u00e1 est\u00e1 sendo cogitada. A mobiliza\u00e7\u00e3o contou com representantes de outros sindicatos, movimentos sociais e associa\u00e7\u00f5es de moradores. O Sindicato dos Servidores municipais de Petrolina, SINDSEMP, \u00e9 um combatente ferrenho ao desmando que est\u00e1 acontecendo no nosso Pa\u00eds, por isso sempre se faz presente nos movimentos e mobiliza\u00e7\u00f5es que acontecem em Petrolina, e tamb\u00e9m a n\u00edvel Estadual e Nacional. Segundo o Diretor de Pol\u00edtica Sindical, Edson Santos, a cada&hellip;\" \/>\n<meta property=\"og:url\" content=\"https:\/\/blogdofarnesio.com.br\/?p=162467\" \/>\n<meta property=\"og:site_name\" content=\"Blog do Farn\u00e9sio\" \/>\n<meta property=\"article:publisher\" content=\"https:\/\/www.facebook.com\/BlogQuerSaberPolitica\/\" \/>\n<meta property=\"article:published_time\" content=\"2017-03-30T14:30:29+00:00\" \/>\n<meta property=\"og:image\" content=\"https:\/\/blogdofarnesio.com.br\/wp-content\/uploads\/2017\/03\/blogqsp-MOBILIZA\u00c7\u00c3O-DOS-POLICIAIS-CIVIS-DE-PETROLINA.jpg\" \/>\n\t<meta property=\"og:image:width\" content=\"640\" \/>\n\t<meta property=\"og:image:height\" content=\"360\" \/>\n\t<meta property=\"og:image:type\" content=\"image\/jpeg\" \/>\n<meta name=\"author\" content=\"Farn\u00e9sio\" \/>\n<meta name=\"twitter:card\" content=\"summary_large_image\" \/>\n<meta name=\"twitter:label1\" content=\"Escrito por\" \/>\n\t<meta name=\"twitter:data1\" content=\"Farn\u00e9sio\" \/>\n\t<meta name=\"twitter:label2\" content=\"Est. tempo de leitura\" \/>\n\t<meta name=\"twitter:data2\" content=\"1 minuto\" \/>\n<script type=\"application\/ld+json\" class=\"yoast-schema-graph\">{\"@context\":\"https:\\\/\\\/schema.org\",\"@graph\":[{\"@type\":\"Article\",\"@id\":\"https:\\\/\\\/blogdofarnesio.com.br\\\/?p=162467#article\",\"isPartOf\":{\"@id\":\"https:\\\/\\\/blogdofarnesio.com.br\\\/?p=162467\"},\"author\":{\"name\":\"Farn\u00e9sio\",\"@id\":\"https:\\\/\\\/blogdofarnesio.com.br\\\/#\\\/schema\\\/person\\\/301c4acf522bccbfdb45af95b5b906a1\"},\"headline\":\"SINDSEMP REFOR\u00c7A MOBILIZA\u00c7\u00c3O DOS POLICIAIS CIVIS DO PERNAMBUCO\",\"datePublished\":\"2017-03-30T14:30:29+00:00\",\"mainEntityOfPage\":{\"@id\":\"https:\\\/\\\/blogdofarnesio.com.br\\\/?p=162467\"},\"wordCount\":217,\"commentCount\":0,\"publisher\":{\"@id\":\"https:\\\/\\\/blogdofarnesio.com.br\\\/#organization\"},\"image\":{\"@id\":\"https:\\\/\\\/blogdofarnesio.com.br\\\/?p=162467#primaryimage\"},\"thumbnailUrl\":\"https:\\\/\\\/blogdofarnesio.com.br\\\/wp-content\\\/uploads\\\/2017\\\/03\\\/blogqsp-MOBILIZA\u00c7\u00c3O-DOS-POLICIAIS-CIVIS-DE-PETROLINA.jpg\",\"articleSection\":[\"Administra\u00e7\u00e3o\"],\"inLanguage\":\"pt-BR\",\"potentialAction\":[{\"@type\":\"CommentAction\",\"name\":\"Comment\",\"target\":[\"https:\\\/\\\/blogdofarnesio.com.br\\\/?p=162467#respond\"]}]},{\"@type\":\"WebPage\",\"@id\":\"https:\\\/\\\/blogdofarnesio.com.br\\\/?p=162467\",\"url\":\"https:\\\/\\\/blogdofarnesio.com.br\\\/?p=162467\",\"name\":\"SINDSEMP REFOR\u00c7A MOBILIZA\u00c7\u00c3O DOS POLICIAIS CIVIS DO PERNAMBUCO - Blog do Farn\u00e9sio\",\"isPartOf\":{\"@id\":\"https:\\\/\\\/blogdofarnesio.com.br\\\/#website\"},\"primaryImageOfPage\":{\"@id\":\"https:\\\/\\\/blogdofarnesio.com.br\\\/?p=162467#primaryimage\"},\"image\":{\"@id\":\"https:\\\/\\\/blogdofarnesio.com.br\\\/?p=162467#primaryimage\"},\"thumbnailUrl\":\"https:\\\/\\\/blogdofarnesio.com.br\\\/wp-content\\\/uploads\\\/2017\\\/03\\\/blogqsp-MOBILIZA\u00c7\u00c3O-DOS-POLICIAIS-CIVIS-DE-PETROLINA.jpg\",\"datePublished\":\"2017-03-30T14:30:29+00:00\",\"breadcrumb\":{\"@id\":\"https:\\\/\\\/blogdofarnesio.com.br\\\/?p=162467#breadcrumb\"},\"inLanguage\":\"pt-BR\",\"potentialAction\":[{\"@type\":\"ReadAction\",\"target\":[\"https:\\\/\\\/blogdofarnesio.com.br\\\/?p=162467\"]}]},{\"@type\":\"ImageObject\",\"inLanguage\":\"pt-BR\",\"@id\":\"https:\\\/\\\/blogdofarnesio.com.br\\\/?p=162467#primaryimage\",\"url\":\"https:\\\/\\\/blogdofarnesio.com.br\\\/wp-content\\\/uploads\\\/2017\\\/03\\\/blogqsp-MOBILIZA\u00c7\u00c3O-DOS-POLICIAIS-CIVIS-DE-PETROLINA.jpg\",\"contentUrl\":\"https:\\\/\\\/blogdofarnesio.com.br\\\/wp-content\\\/uploads\\\/2017\\\/03\\\/blogqsp-MOBILIZA\u00c7\u00c3O-DOS-POLICIAIS-CIVIS-DE-PETROLINA.jpg\",\"width\":640,\"height\":360},{\"@type\":\"BreadcrumbList\",\"@id\":\"https:\\\/\\\/blogdofarnesio.com.br\\\/?p=162467#breadcrumb\",\"itemListElement\":[{\"@type\":\"ListItem\",\"position\":1,\"name\":\"In\u00edcio\",\"item\":\"https:\\\/\\\/blogdofarnesio.com.br\\\/\"},{\"@type\":\"ListItem\",\"position\":2,\"name\":\"SINDSEMP REFOR\u00c7A MOBILIZA\u00c7\u00c3O DOS POLICIAIS CIVIS DO PERNAMBUCO\"}]},{\"@type\":\"WebSite\",\"@id\":\"https:\\\/\\\/blogdofarnesio.com.br\\\/#website\",\"url\":\"https:\\\/\\\/blogdofarnesio.com.br\\\/\",\"name\":\"Blog do Farn\u00e9sio\",\"description\":\"Quer Saber Pol\u00edtica?\",\"publisher\":{\"@id\":\"https:\\\/\\\/blogdofarnesio.com.br\\\/#organization\"},\"potentialAction\":[{\"@type\":\"SearchAction\",\"target\":{\"@type\":\"EntryPoint\",\"urlTemplate\":\"https:\\\/\\\/blogdofarnesio.com.br\\\/?s={search_term_string}\"},\"query-input\":{\"@type\":\"PropertyValueSpecification\",\"valueRequired\":true,\"valueName\":\"search_term_string\"}}],\"inLanguage\":\"pt-BR\"},{\"@type\":\"Organization\",\"@id\":\"https:\\\/\\\/blogdofarnesio.com.br\\\/#organization\",\"name\":\"Blog do Farn\u00e9sio\",\"url\":\"https:\\\/\\\/blogdofarnesio.com.br\\\/\",\"logo\":{\"@type\":\"ImageObject\",\"inLanguage\":\"pt-BR\",\"@id\":\"https:\\\/\\\/blogdofarnesio.com.br\\\/#\\\/schema\\\/logo\\\/image\\\/\",\"url\":\"https:\\\/\\\/blogdofarnesio.com.br\\\/wp-content\\\/uploads\\\/2026\\\/03\\\/cropped-logo_new-1.png\",\"contentUrl\":\"https:\\\/\\\/blogdofarnesio.com.br\\\/wp-content\\\/uploads\\\/2026\\\/03\\\/cropped-logo_new-1.png\",\"width\":881,\"height\":685,\"caption\":\"Blog do Farn\u00e9sio\"},\"image\":{\"@id\":\"https:\\\/\\\/blogdofarnesio.com.br\\\/#\\\/schema\\\/logo\\\/image\\\/\"},\"sameAs\":[\"https:\\\/\\\/www.facebook.com\\\/BlogQuerSaberPolitica\\\/\"]},{\"@type\":\"Person\",\"@id\":\"https:\\\/\\\/blogdofarnesio.com.br\\\/#\\\/schema\\\/person\\\/301c4acf522bccbfdb45af95b5b906a1\",\"name\":\"Farn\u00e9sio\",\"image\":{\"@type\":\"ImageObject\",\"inLanguage\":\"pt-BR\",\"@id\":\"https:\\\/\\\/secure.gravatar.com\\\/avatar\\\/df0c9a14567c056f8ad6876ba5bbd1e3e2c48023eb6807342fc4663adf549f38?s=96&d=mm&r=g\",\"url\":\"https:\\\/\\\/secure.gravatar.com\\\/avatar\\\/df0c9a14567c056f8ad6876ba5bbd1e3e2c48023eb6807342fc4663adf549f38?s=96&d=mm&r=g\",\"contentUrl\":\"https:\\\/\\\/secure.gravatar.com\\\/avatar\\\/df0c9a14567c056f8ad6876ba5bbd1e3e2c48023eb6807342fc4663adf549f38?s=96&d=mm&r=g\",\"caption\":\"Farn\u00e9sio\"},\"sameAs\":[\"https:\\\/\\\/quersaberpolitica.com.br\"],\"url\":\"https:\\\/\\\/blogdofarnesio.com.br\\\/?author=1\"}]}<\/script>\n<!-- \/ Yoast SEO plugin. -->","yoast_head_json":{"title":"SINDSEMP REFOR\u00c7A MOBILIZA\u00c7\u00c3O DOS POLICIAIS CIVIS DO PERNAMBUCO - Blog do Farn\u00e9sio","robots":{"index":"index","follow":"follow","max-snippet":"max-snippet:-1","max-image-preview":"max-image-preview:large","max-video-preview":"max-video-preview:-1"},"canonical":"https:\/\/blogdofarnesio.com.br\/?p=162467","og_locale":"pt_BR","og_type":"article","og_title":"SINDSEMP REFOR\u00c7A MOBILIZA\u00c7\u00c3O DOS POLICIAIS CIVIS DO PERNAMBUCO - Blog do Farn\u00e9sio","og_description":"O Sindicato dos Servidores Municipais de Petrolina, SINDSEMP, atrav\u00e9s do Diretor de Pol\u00edtica Sindical, Edson Santos, esteve na manh\u00e3 da \u00faltima ter\u00e7a-feira (28), refor\u00e7ando o movimento do Sindicato dos Policiais Civis de Pernambuco, SINPOL. O movimento teve como pautas a Reforma da Previd\u00eancia, a Terceiriza\u00e7\u00e3o e a Reforma Trabalhista, que tamb\u00e9m j\u00e1 est\u00e1 sendo cogitada. A mobiliza\u00e7\u00e3o contou com representantes de outros sindicatos, movimentos sociais e associa\u00e7\u00f5es de moradores. O Sindicato dos Servidores municipais de Petrolina, SINDSEMP, \u00e9 um combatente ferrenho ao desmando que est\u00e1 acontecendo no nosso Pa\u00eds, por isso sempre se faz presente nos movimentos e mobiliza\u00e7\u00f5es que acontecem em Petrolina, e tamb\u00e9m a n\u00edvel Estadual e Nacional. Segundo o Diretor de Pol\u00edtica Sindical, Edson Santos, a cada&hellip;","og_url":"https:\/\/blogdofarnesio.com.br\/?p=162467","og_site_name":"Blog do Farn\u00e9sio","article_publisher":"https:\/\/www.facebook.com\/BlogQuerSaberPolitica\/","article_published_time":"2017-03-30T14:30:29+00:00","og_image":[{"width":640,"height":360,"url":"https:\/\/blogdofarnesio.com.br\/wp-content\/uploads\/2017\/03\/blogqsp-MOBILIZA\u00c7\u00c3O-DOS-POLICIAIS-CIVIS-DE-PETROLINA.jpg","type":"image\/jpeg"}],"author":"Farn\u00e9sio","twitter_card":"summary_large_image","twitter_misc":{"Escrito por":"Farn\u00e9sio","Est. tempo de leitura":"1 minuto"},"schema":{"@context":"https:\/\/schema.org","@graph":[{"@type":"Article","@id":"https:\/\/blogdofarnesio.com.br\/?p=162467#article","isPartOf":{"@id":"https:\/\/blogdofarnesio.com.br\/?p=162467"},"author":{"name":"Farn\u00e9sio","@id":"https:\/\/blogdofarnesio.com.br\/#\/schema\/person\/301c4acf522bccbfdb45af95b5b906a1"},"headline":"SINDSEMP REFOR\u00c7A MOBILIZA\u00c7\u00c3O DOS POLICIAIS CIVIS DO PERNAMBUCO","datePublished":"2017-03-30T14:30:29+00:00","mainEntityOfPage":{"@id":"https:\/\/blogdofarnesio.com.br\/?p=162467"},"wordCount":217,"commentCount":0,"publisher":{"@id":"https:\/\/blogdofarnesio.com.br\/#organization"},"image":{"@id":"https:\/\/blogdofarnesio.com.br\/?p=162467#primaryimage"},"thumbnailUrl":"https:\/\/blogdofarnesio.com.br\/wp-content\/uploads\/2017\/03\/blogqsp-MOBILIZA\u00c7\u00c3O-DOS-POLICIAIS-CIVIS-DE-PETROLINA.jpg","articleSection":["Administra\u00e7\u00e3o"],"inLanguage":"pt-BR","potentialAction":[{"@type":"CommentAction","name":"Comment","target":["https:\/\/blogdofarnesio.com.br\/?p=162467#respond"]}]},{"@type":"WebPage","@id":"https:\/\/blogdofarnesio.com.br\/?p=162467","url":"https:\/\/blogdofarnesio.com.br\/?p=162467","name":"SINDSEMP REFOR\u00c7A MOBILIZA\u00c7\u00c3O DOS POLICIAIS CIVIS DO PERNAMBUCO - Blog do Farn\u00e9sio","isPartOf":{"@id":"https:\/\/blogdofarnesio.com.br\/#website"},"primaryImageOfPage":{"@id":"https:\/\/blogdofarnesio.com.br\/?p=162467#primaryimage"},"image":{"@id":"https:\/\/blogdofarnesio.com.br\/?p=162467#primaryimage"},"thumbnailUrl":"https:\/\/blogdofarnesio.com.br\/wp-content\/uploads\/2017\/03\/blogqsp-MOBILIZA\u00c7\u00c3O-DOS-POLICIAIS-CIVIS-DE-PETROLINA.jpg","datePublished":"2017-03-30T14:30:29+00:00","breadcrumb":{"@id":"https:\/\/blogdofarnesio.com.br\/?p=162467#breadcrumb"},"inLanguage":"pt-BR","potentialAction":[{"@type":"ReadAction","target":["https:\/\/blogdofarnesio.com.br\/?p=162467"]}]},{"@type":"ImageObject","inLanguage":"pt-BR","@id":"https:\/\/blogdofarnesio.com.br\/?p=162467#primaryimage","url":"https:\/\/blogdofarnesio.com.br\/wp-content\/uploads\/2017\/03\/blogqsp-MOBILIZA\u00c7\u00c3O-DOS-POLICIAIS-CIVIS-DE-PETROLINA.jpg","contentUrl":"https:\/\/blogdofarnesio.com.br\/wp-content\/uploads\/2017\/03\/blogqsp-MOBILIZA\u00c7\u00c3O-DOS-POLICIAIS-CIVIS-DE-PETROLINA.jpg","width":640,"height":360},{"@type":"BreadcrumbList","@id":"https:\/\/blogdofarnesio.com.br\/?p=162467#breadcrumb","itemListElement":[{"@type":"ListItem","position":1,"name":"In\u00edcio","item":"https:\/\/blogdofarnesio.com.br\/"},{"@type":"ListItem","position":2,"name":"SINDSEMP REFOR\u00c7A MOBILIZA\u00c7\u00c3O DOS POLICIAIS CIVIS DO PERNAMBUCO"}]},{"@type":"WebSite","@id":"https:\/\/blogdofarnesio.com.br\/#website","url":"https:\/\/blogdofarnesio.com.br\/","name":"Blog do Farn\u00e9sio","description":"Quer Saber Pol\u00edtica?","publisher":{"@id":"https:\/\/blogdofarnesio.com.br\/#organization"},"potentialAction":[{"@type":"SearchAction","target":{"@type":"EntryPoint","urlTemplate":"https:\/\/blogdofarnesio.com.br\/?s={search_term_string}"},"query-input":{"@type":"PropertyValueSpecification","valueRequired":true,"valueName":"search_term_string"}}],"inLanguage":"pt-BR"},{"@type":"Organization","@id":"https:\/\/blogdofarnesio.com.br\/#organization","name":"Blog do Farn\u00e9sio","url":"https:\/\/blogdofarnesio.com.br\/","logo":{"@type":"ImageObject","inLanguage":"pt-BR","@id":"https:\/\/blogdofarnesio.com.br\/#\/schema\/logo\/image\/","url":"https:\/\/blogdofarnesio.com.br\/wp-content\/uploads\/2026\/03\/cropped-logo_new-1.png","contentUrl":"https:\/\/blogdofarnesio.com.br\/wp-content\/uploads\/2026\/03\/cropped-logo_new-1.png","width":881,"height":685,"caption":"Blog do Farn\u00e9sio"},"image":{"@id":"https:\/\/blogdofarnesio.com.br\/#\/schema\/logo\/image\/"},"sameAs":["https:\/\/www.facebook.com\/BlogQuerSaberPolitica\/"]},{"@type":"Person","@id":"https:\/\/blogdofarnesio.com.br\/#\/schema\/person\/301c4acf522bccbfdb45af95b5b906a1","name":"Farn\u00e9sio","image":{"@type":"ImageObject","inLanguage":"pt-BR","@id":"https:\/\/secure.gravatar.com\/avatar\/df0c9a14567c056f8ad6876ba5bbd1e3e2c48023eb6807342fc4663adf549f38?s=96&d=mm&r=g","url":"https:\/\/secure.gravatar.com\/avatar\/df0c9a14567c056f8ad6876ba5bbd1e3e2c48023eb6807342fc4663adf549f38?s=96&d=mm&r=g","contentUrl":"https:\/\/secure.gravatar.com\/avatar\/df0c9a14567c056f8ad6876ba5bbd1e3e2c48023eb6807342fc4663adf549f38?s=96&d=mm&r=g","caption":"Farn\u00e9sio"},"sameAs":["https:\/\/quersaberpolitica.com.br"],"url":"https:\/\/blogdofarnesio.com.br\/?author=1"}]}},"_links":{"self":[{"href":"https:\/\/blogdofarnesio.com.br\/index.php?rest_route=\/wp\/v2\/posts\/162467","targetHints":{"allow":["GET"]}}],"collection":[{"href":"https:\/\/blogdofarnesio.com.br\/index.php?rest_route=\/wp\/v2\/posts"}],"about":[{"href":"https:\/\/blogdofarnesio.com.br\/index.php?rest_route=\/wp\/v2\/types\/post"}],"author":[{"embeddable":true,"href":"https:\/\/blogdofarnesio.com.br\/index.php?rest_route=\/wp\/v2\/users\/1"}],"replies":[{"embeddable":true,"href":"https:\/\/blogdofarnesio.com.br\/index.php?rest_route=%2Fwp%2Fv2%2Fcomments&post=162467"}],"version-history":[{"count":0,"href":"https:\/\/blogdofarnesio.com.br\/index.php?rest_route=\/wp\/v2\/posts\/162467\/revisions"}],"wp:featuredmedia":[{"embeddable":true,"href":"https:\/\/blogdofarnesio.com.br\/index.php?rest_route=\/wp\/v2\/media\/162470"}],"wp:attachment":[{"href":"https:\/\/blogdofarnesio.com.br\/index.php?rest_route=%2Fwp%2Fv2%2Fmedia&parent=162467"}],"wp:term":[{"taxonomy":"category","embeddable":true,"href":"https:\/\/blogdofarnesio.com.br\/index.php?rest_route=%2Fwp%2Fv2%2Fcategories&post=162467"},{"taxonomy":"post_tag","embeddable":true,"href":"https:\/\/blogdofarnesio.com.br\/index.php?rest_route=%2Fwp%2Fv2%2Ftags&post=162467"}],"curies":[{"name":"wp","href":"https:\/\/api.w.org\/{rel}","templated":true}]}}